{"id":56947,"date":"2024-08-21T10:03:33","date_gmt":"2024-08-21T08:03:33","guid":{"rendered":"https:\/\/www.musikzeitung.ch\/?p=56947"},"modified":"2024-08-21T11:35:17","modified_gmt":"2024-08-21T09:35:17","slug":"leo-mcfall-verlaengert-vorarlberger-vertrag","status":"publish","type":"post","link":"https:\/\/www.musikzeitung.ch\/it\/news\/2024\/08\/leo-mcfall-verlaengert-vorarlberger-vertrag","title":{"rendered":"Leo McFall prolunga il contratto con il Vorarlberg"},"content":{"rendered":"<p>&nbsp;<\/p>\n<figure id=\"attachment_56955\" aria-describedby=\"caption-attachment-56955\" style=\"width: 1920px\" class=\"wp-caption aligncenter\"><img loading=\"lazy\" decoding=\"async\" class=\"wp-image-56955 size-full\" src=\"https:\/\/www.musikzeitung.ch\/wp-content\/uploads\/2024\/08\/Leo_Mc_Fall_Conducting.jpg\" alt=\"\" width=\"1920\" height=\"1080\" srcset=\"https:\/\/www.musikzeitung.ch\/wp-content\/uploads\/2024\/08\/Leo_Mc_Fall_Conducting.jpg 1400w, https:\/\/www.musikzeitung.ch\/wp-content\/uploads\/2024\/08\/Leo_Mc_Fall_Conducting-300x169.jpg 300w, https:\/\/www.musikzeitung.ch\/wp-content\/uploads\/2024\/08\/Leo_Mc_Fall_Conducting-1024x576.jpg 1024w, https:\/\/www.musikzeitung.ch\/wp-content\/uploads\/2024\/08\/Leo_Mc_Fall_Conducting-768x432.jpg 768w, https:\/\/www.musikzeitung.ch\/wp-content\/uploads\/2024\/08\/Leo_Mc_Fall_Conducting-1536x864.jpg 1536w, https:\/\/www.musikzeitung.ch\/wp-content\/uploads\/2024\/08\/Leo_Mc_Fall_Conducting-18x10.jpg 18w, https:\/\/www.musikzeitung.ch\/wp-content\/uploads\/2024\/08\/Leo_Mc_Fall_Conducting-311x175.jpg 311w, https:\/\/www.musikzeitung.ch\/wp-content\/uploads\/2024\/08\/Leo_Mc_Fall_Conducting-622x350.jpg 622w, https:\/\/www.musikzeitung.ch\/wp-content\/uploads\/2024\/08\/Leo_Mc_Fall_Conducting-1422x800.jpg 1422w, https:\/\/www.musikzeitung.ch\/wp-content\/uploads\/2024\/08\/Leo_Mc_Fall_Conducting-920x518.jpg 920w\" sizes=\"auto, (max-width: 1920px) 100vw, 1920px\" \/><figcaption id=\"caption-attachment-56955\" class=\"wp-caption-text\">Leo McFall. Foto: Ville Hautakangas<\/figcaption><\/figure>\n<p>&nbsp;<\/p>\n<p>Leo McFall \u00e8 direttore principale dell'Orchestra Sinfonica del Vorarlberg dalla stagione 2020\/21. Nella scorsa stagione, ha diretto quattro concerti con la SOV a Feldkirch e Bregenz, nonch\u00e9 lo studio dell'opera al Festival di Bregenz per la prima volta. McFall \u00e8 anche direttore principale dell'Orchestra Sinfonica di Stato di Salonicco ed \u00e8 strettamente legato all'Alma Mahler Chamber Orchestra, un ensemble di membri delle migliori orchestre europee. Da questa stagione \u00e8 direttore musicale generale del Teatro di Stato di Wiesbaden.<\/p>\n<p>L'Orchestra Sinfonica del Vorarlberg \u00e8 stata fondata nel 1984 da un gruppo di musicisti e appassionati di musica della regione tra l'Arlberg e il Reno. I suoi membri sono 120 musicisti professionisti provenienti dal Vorarlberg e dalle regioni limitrofe. Ogni stagione esegue un ciclo di sei concerti a Bregenz e Feldkirch, oltre a una grande produzione operistica al Teatro di Stato del Vorarlberg, concerti e progetti scenici al Festival internazionale di Bregenz in estate, al festival Montforter Zwischent\u00f6ne, altre esibizioni di ospiti e produzioni di CD.<\/p>\n<p>&nbsp;<\/p>","protected":false},"excerpt":{"rendered":"<p>Leo McFall ha prolungato il suo contratto come direttore principale dell'Orchestra Sinfonica del Vorarlberg (SOV) fino al 2030. <\/p>","protected":false},"author":30,"featured_media":56955,"comment_status":"closed","ping_status":"closed","sticky":false,"template":"","format":"standard","meta":{"_acf_changed":false,"_relevanssi_hide_post":"","_relevanssi_hide_content":"","_relevanssi_pin_for_all":"","_relevanssi_pin_keywords":"","_relevanssi_unpin_keywords":"","_relevanssi_related_keywords":"","_relevanssi_related_include_ids":"","_relevanssi_related_exclude_ids":"","_relevanssi_related_no_append":"","_relevanssi_related_not_related":"","_relevanssi_related_posts":"","_relevanssi_noindex_reason":"","pgc_sgb_lightbox_settings":"","footnotes":""},"categories":[27],"tags":[4252,4232],"class_list":["post-56947","post","type-post","status-publish","format-standard","has-post-thumbnail","hentry","category-news","tag-leo-mcfall","tag-symphonieorchester-vorarlberg"],"acf":[],"yoast_head":"<!-- This site is optimized with the Yoast SEO plugin v27.4 - https:\/\/yoast.com\/product\/yoast-seo-wordpress\/ -->\n<title>Leo McFall verl\u00e4ngert Vorarlberger Vertrag - Schweizer Musikzeitung<\/title>\n<meta name=\"description\" content=\"Leo McFall hat seinen Vertrag als Chefdirigent des Symphonieorchesters Vorarlberg (SOV) bis 2030 verl\u00e4ngert.\" \/>\n<meta name=\"robots\" content=\"index, follow, max-snippet:-1, max-image-preview:large, max-video-preview:-1\" \/>\n<link rel=\"canonical\" href=\"https:\/\/www.musikzeitung.ch\/it\/news\/2024\/08\/leo-mcfall-verlaengert-vorarlberger-vertrag\/\" \/>\n<meta property=\"og:locale\" content=\"it_IT\" \/>\n<meta property=\"og:type\" content=\"article\" \/>\n<meta property=\"og:title\" content=\"Leo McFall verl\u00e4ngert Vorarlberger Vertrag - Schweizer Musikzeitung\" \/>\n<meta property=\"og:description\" content=\"Leo McFall hat seinen Vertrag als Chefdirigent des Symphonieorchesters Vorarlberg (SOV) bis 2030 verl\u00e4ngert.\" \/>\n<meta property=\"og:url\" content=\"https:\/\/www.musikzeitung.ch\/it\/news\/2024\/08\/leo-mcfall-verlaengert-vorarlberger-vertrag\/\" \/>\n<meta property=\"og:site_name\" content=\"Schweizer Musikzeitung\" \/>\n<meta property=\"article:publisher\" content=\"https:\/\/www.facebook.com\/SchweizerMusikzeitung\/\" \/>\n<meta property=\"article:author\" content=\"https:\/\/www.facebook.com\/wolfgang.bohler.75\" \/>\n<meta property=\"article:published_time\" content=\"2024-08-21T08:03:33+00:00\" \/>\n<meta property=\"article:modified_time\" content=\"2024-08-21T09:35:17+00:00\" \/>\n<meta property=\"og:image\" content=\"https:\/\/www.musikzeitung.ch\/wp-content\/uploads\/2024\/08\/Leo_Mc_Fall_Conducting.jpg\" \/>\n\t<meta property=\"og:image:width\" content=\"1400\" \/>\n\t<meta property=\"og:image:height\" content=\"788\" \/>\n\t<meta property=\"og:image:type\" content=\"image\/jpeg\" \/>\n<meta name=\"author\" content=\"Wolfgang B\u00f6hler\" \/>\n<meta name=\"twitter:card\" content=\"summary_large_image\" \/>\n<meta name=\"twitter:creator\" content=\"@smusikzeitung\" \/>\n<meta name=\"twitter:site\" content=\"@smusikzeitung\" \/>\n<meta name=\"twitter:label1\" content=\"Scritto da\" \/>\n\t<meta name=\"twitter:data1\" content=\"Wolfgang B\u00f6hler\" \/>\n\t<meta name=\"twitter:label2\" content=\"Tempo di lettura stimato\" \/>\n\t<meta name=\"twitter:data2\" content=\"2 minuti\" \/>\n<script type=\"application\/ld+json\" class=\"yoast-schema-graph\">{\"@context\":\"https:\\\/\\\/schema.org\",\"@graph\":[{\"@type\":\"Article\",\"@id\":\"https:\\\/\\\/www.musikzeitung.ch\\\/news\\\/2024\\\/08\\\/leo-mcfall-verlaengert-vorarlberger-vertrag#article\",\"isPartOf\":{\"@id\":\"https:\\\/\\\/www.musikzeitung.ch\\\/news\\\/2024\\\/08\\\/leo-mcfall-verlaengert-vorarlberger-vertrag\"},\"author\":{\"name\":\"Wolfgang B\u00f6hler\",\"@id\":\"https:\\\/\\\/www.musikzeitung.ch\\\/#\\\/schema\\\/person\\\/0da4fb82d243f1252850a35d0e87cf0c\"},\"headline\":\"Leo McFall verl\u00e4ngert Vorarlberger Vertrag\",\"datePublished\":\"2024-08-21T08:03:33+00:00\",\"dateModified\":\"2024-08-21T09:35:17+00:00\",\"mainEntityOfPage\":{\"@id\":\"https:\\\/\\\/www.musikzeitung.ch\\\/news\\\/2024\\\/08\\\/leo-mcfall-verlaengert-vorarlberger-vertrag\"},\"wordCount\":166,\"publisher\":{\"@id\":\"https:\\\/\\\/www.musikzeitung.ch\\\/#organization\"},\"image\":{\"@id\":\"https:\\\/\\\/www.musikzeitung.ch\\\/news\\\/2024\\\/08\\\/leo-mcfall-verlaengert-vorarlberger-vertrag#primaryimage\"},\"thumbnailUrl\":\"https:\\\/\\\/www.musikzeitung.ch\\\/wp-content\\\/uploads\\\/2024\\\/08\\\/Leo_Mc_Fall_Conducting.jpg\",\"keywords\":[\"Leo McFall\",\"Symphonieorchester Vorarlberg\"],\"articleSection\":[\"News\"],\"inLanguage\":\"it-IT\"},{\"@type\":\"WebPage\",\"@id\":\"https:\\\/\\\/www.musikzeitung.ch\\\/news\\\/2024\\\/08\\\/leo-mcfall-verlaengert-vorarlberger-vertrag\",\"url\":\"https:\\\/\\\/www.musikzeitung.ch\\\/news\\\/2024\\\/08\\\/leo-mcfall-verlaengert-vorarlberger-vertrag\",\"name\":\"Leo McFall verl\u00e4ngert Vorarlberger Vertrag - Schweizer Musikzeitung\",\"isPartOf\":{\"@id\":\"https:\\\/\\\/www.musikzeitung.ch\\\/#website\"},\"primaryImageOfPage\":{\"@id\":\"https:\\\/\\\/www.musikzeitung.ch\\\/news\\\/2024\\\/08\\\/leo-mcfall-verlaengert-vorarlberger-vertrag#primaryimage\"},\"image\":{\"@id\":\"https:\\\/\\\/www.musikzeitung.ch\\\/news\\\/2024\\\/08\\\/leo-mcfall-verlaengert-vorarlberger-vertrag#primaryimage\"},\"thumbnailUrl\":\"https:\\\/\\\/www.musikzeitung.ch\\\/wp-content\\\/uploads\\\/2024\\\/08\\\/Leo_Mc_Fall_Conducting.jpg\",\"datePublished\":\"2024-08-21T08:03:33+00:00\",\"dateModified\":\"2024-08-21T09:35:17+00:00\",\"description\":\"Leo McFall hat seinen Vertrag als Chefdirigent des Symphonieorchesters Vorarlberg (SOV) bis 2030 verl\u00e4ngert.\",\"breadcrumb\":{\"@id\":\"https:\\\/\\\/www.musikzeitung.ch\\\/news\\\/2024\\\/08\\\/leo-mcfall-verlaengert-vorarlberger-vertrag#breadcrumb\"},\"inLanguage\":\"it-IT\",\"potentialAction\":[{\"@type\":\"ReadAction\",\"target\":[\"https:\\\/\\\/www.musikzeitung.ch\\\/news\\\/2024\\\/08\\\/leo-mcfall-verlaengert-vorarlberger-vertrag\"]}]},{\"@type\":\"ImageObject\",\"inLanguage\":\"it-IT\",\"@id\":\"https:\\\/\\\/www.musikzeitung.ch\\\/news\\\/2024\\\/08\\\/leo-mcfall-verlaengert-vorarlberger-vertrag#primaryimage\",\"url\":\"https:\\\/\\\/www.musikzeitung.ch\\\/wp-content\\\/uploads\\\/2024\\\/08\\\/Leo_Mc_Fall_Conducting.jpg\",\"contentUrl\":\"https:\\\/\\\/www.musikzeitung.ch\\\/wp-content\\\/uploads\\\/2024\\\/08\\\/Leo_Mc_Fall_Conducting.jpg\",\"width\":1400,\"height\":788},{\"@type\":\"BreadcrumbList\",\"@id\":\"https:\\\/\\\/www.musikzeitung.ch\\\/news\\\/2024\\\/08\\\/leo-mcfall-verlaengert-vorarlberger-vertrag#breadcrumb\",\"itemListElement\":[{\"@type\":\"ListItem\",\"position\":1,\"name\":\"Home\",\"item\":\"https:\\\/\\\/www.musikzeitung.ch\\\/\"},{\"@type\":\"ListItem\",\"position\":2,\"name\":\"Leo McFall verl\u00e4ngert Vorarlberger Vertrag\"}]},{\"@type\":\"WebSite\",\"@id\":\"https:\\\/\\\/www.musikzeitung.ch\\\/#website\",\"url\":\"https:\\\/\\\/www.musikzeitung.ch\\\/\",\"name\":\"Schweizer Musikzeitung\",\"description\":\"Die f\u00fchrende sparten\u00fcbergreifende Monatszeitung in der Schweiz f\u00fcr musikalische Fragen.\",\"publisher\":{\"@id\":\"https:\\\/\\\/www.musikzeitung.ch\\\/#organization\"},\"potentialAction\":[{\"@type\":\"SearchAction\",\"target\":{\"@type\":\"EntryPoint\",\"urlTemplate\":\"https:\\\/\\\/www.musikzeitung.ch\\\/?s={search_term_string}\"},\"query-input\":{\"@type\":\"PropertyValueSpecification\",\"valueRequired\":true,\"valueName\":\"search_term_string\"}}],\"inLanguage\":\"it-IT\"},{\"@type\":\"Organization\",\"@id\":\"https:\\\/\\\/www.musikzeitung.ch\\\/#organization\",\"name\":\"Schweizer Musikzeitung\",\"url\":\"https:\\\/\\\/www.musikzeitung.ch\\\/\",\"logo\":{\"@type\":\"ImageObject\",\"inLanguage\":\"it-IT\",\"@id\":\"https:\\\/\\\/www.musikzeitung.ch\\\/#\\\/schema\\\/logo\\\/image\\\/\",\"url\":\"https:\\\/\\\/www.musikzeitung.ch\\\/wp-content\\\/uploads\\\/2023\\\/01\\\/SMZ_Schriftzug_Sprache.png\",\"contentUrl\":\"https:\\\/\\\/www.musikzeitung.ch\\\/wp-content\\\/uploads\\\/2023\\\/01\\\/SMZ_Schriftzug_Sprache.png\",\"width\":1400,\"height\":279,\"caption\":\"Schweizer Musikzeitung\"},\"image\":{\"@id\":\"https:\\\/\\\/www.musikzeitung.ch\\\/#\\\/schema\\\/logo\\\/image\\\/\"},\"sameAs\":[\"https:\\\/\\\/www.facebook.com\\\/SchweizerMusikzeitung\\\/\",\"https:\\\/\\\/x.com\\\/smusikzeitung\",\"https:\\\/\\\/www.instagram.com\\\/musikzeitung.ch\\\/\"]},{\"@type\":\"Person\",\"@id\":\"https:\\\/\\\/www.musikzeitung.ch\\\/#\\\/schema\\\/person\\\/0da4fb82d243f1252850a35d0e87cf0c\",\"name\":\"Wolfgang B\u00f6hler\",\"image\":{\"@type\":\"ImageObject\",\"inLanguage\":\"it-IT\",\"@id\":\"https:\\\/\\\/www.musikzeitung.ch\\\/wp-content\\\/uploads\\\/2023\\\/01\\\/boehler_portraet_web-e1674139782246-96x96.jpg\",\"url\":\"https:\\\/\\\/www.musikzeitung.ch\\\/wp-content\\\/uploads\\\/2023\\\/01\\\/boehler_portraet_web-e1674139782246-96x96.jpg\",\"contentUrl\":\"https:\\\/\\\/www.musikzeitung.ch\\\/wp-content\\\/uploads\\\/2023\\\/01\\\/boehler_portraet_web-e1674139782246-96x96.jpg\",\"caption\":\"Wolfgang B\u00f6hler\"},\"sameAs\":[\"http:\\\/\\\/www.manacanto.ch\",\"https:\\\/\\\/www.facebook.com\\\/wolfgang.bohler.75\"],\"url\":\"https:\\\/\\\/www.musikzeitung.ch\\\/it\\\/author\\\/wolfgang-boehler\"}]}<\/script>\n<!-- \/ Yoast SEO plugin. -->","yoast_head_json":{"title":"Leo McFall verl\u00e4ngert Vorarlberger Vertrag - Schweizer Musikzeitung","description":"Leo McFall ha prolungato il suo contratto come direttore principale dell'Orchestra Sinfonica del Vorarlberg (SOV) fino al 2030.","robots":{"index":"index","follow":"follow","max-snippet":"max-snippet:-1","max-image-preview":"max-image-preview:large","max-video-preview":"max-video-preview:-1"},"canonical":"https:\/\/www.musikzeitung.ch\/it\/news\/2024\/08\/leo-mcfall-verlaengert-vorarlberger-vertrag\/","og_locale":"it_IT","og_type":"article","og_title":"Leo McFall verl\u00e4ngert Vorarlberger Vertrag - Schweizer Musikzeitung","og_description":"Leo McFall hat seinen Vertrag als Chefdirigent des Symphonieorchesters Vorarlberg (SOV) bis 2030 verl\u00e4ngert.","og_url":"https:\/\/www.musikzeitung.ch\/it\/news\/2024\/08\/leo-mcfall-verlaengert-vorarlberger-vertrag\/","og_site_name":"Schweizer Musikzeitung","article_publisher":"https:\/\/www.facebook.com\/SchweizerMusikzeitung\/","article_author":"https:\/\/www.facebook.com\/wolfgang.bohler.75","article_published_time":"2024-08-21T08:03:33+00:00","article_modified_time":"2024-08-21T09:35:17+00:00","og_image":[{"width":1400,"height":788,"url":"https:\/\/www.musikzeitung.ch\/wp-content\/uploads\/2024\/08\/Leo_Mc_Fall_Conducting.jpg","type":"image\/jpeg"}],"author":"Wolfgang B\u00f6hler","twitter_card":"summary_large_image","twitter_creator":"@smusikzeitung","twitter_site":"@smusikzeitung","twitter_misc":{"Scritto da":"Wolfgang B\u00f6hler","Tempo di lettura stimato":"2 minuti"},"schema":{"@context":"https:\/\/schema.org","@graph":[{"@type":"Article","@id":"https:\/\/www.musikzeitung.ch\/news\/2024\/08\/leo-mcfall-verlaengert-vorarlberger-vertrag#article","isPartOf":{"@id":"https:\/\/www.musikzeitung.ch\/news\/2024\/08\/leo-mcfall-verlaengert-vorarlberger-vertrag"},"author":{"name":"Wolfgang B\u00f6hler","@id":"https:\/\/www.musikzeitung.ch\/#\/schema\/person\/0da4fb82d243f1252850a35d0e87cf0c"},"headline":"Leo McFall verl\u00e4ngert Vorarlberger Vertrag","datePublished":"2024-08-21T08:03:33+00:00","dateModified":"2024-08-21T09:35:17+00:00","mainEntityOfPage":{"@id":"https:\/\/www.musikzeitung.ch\/news\/2024\/08\/leo-mcfall-verlaengert-vorarlberger-vertrag"},"wordCount":166,"publisher":{"@id":"https:\/\/www.musikzeitung.ch\/#organization"},"image":{"@id":"https:\/\/www.musikzeitung.ch\/news\/2024\/08\/leo-mcfall-verlaengert-vorarlberger-vertrag#primaryimage"},"thumbnailUrl":"https:\/\/www.musikzeitung.ch\/wp-content\/uploads\/2024\/08\/Leo_Mc_Fall_Conducting.jpg","keywords":["Leo McFall","Symphonieorchester Vorarlberg"],"articleSection":["News"],"inLanguage":"it-IT"},{"@type":"WebPage","@id":"https:\/\/www.musikzeitung.ch\/news\/2024\/08\/leo-mcfall-verlaengert-vorarlberger-vertrag","url":"https:\/\/www.musikzeitung.ch\/news\/2024\/08\/leo-mcfall-verlaengert-vorarlberger-vertrag","name":"Leo McFall verl\u00e4ngert Vorarlberger Vertrag - Schweizer Musikzeitung","isPartOf":{"@id":"https:\/\/www.musikzeitung.ch\/#website"},"primaryImageOfPage":{"@id":"https:\/\/www.musikzeitung.ch\/news\/2024\/08\/leo-mcfall-verlaengert-vorarlberger-vertrag#primaryimage"},"image":{"@id":"https:\/\/www.musikzeitung.ch\/news\/2024\/08\/leo-mcfall-verlaengert-vorarlberger-vertrag#primaryimage"},"thumbnailUrl":"https:\/\/www.musikzeitung.ch\/wp-content\/uploads\/2024\/08\/Leo_Mc_Fall_Conducting.jpg","datePublished":"2024-08-21T08:03:33+00:00","dateModified":"2024-08-21T09:35:17+00:00","description":"Leo McFall ha prolungato il suo contratto come direttore principale dell'Orchestra Sinfonica del Vorarlberg (SOV) fino al 2030.","breadcrumb":{"@id":"https:\/\/www.musikzeitung.ch\/news\/2024\/08\/leo-mcfall-verlaengert-vorarlberger-vertrag#breadcrumb"},"inLanguage":"it-IT","potentialAction":[{"@type":"ReadAction","target":["https:\/\/www.musikzeitung.ch\/news\/2024\/08\/leo-mcfall-verlaengert-vorarlberger-vertrag"]}]},{"@type":"ImageObject","inLanguage":"it-IT","@id":"https:\/\/www.musikzeitung.ch\/news\/2024\/08\/leo-mcfall-verlaengert-vorarlberger-vertrag#primaryimage","url":"https:\/\/www.musikzeitung.ch\/wp-content\/uploads\/2024\/08\/Leo_Mc_Fall_Conducting.jpg","contentUrl":"https:\/\/www.musikzeitung.ch\/wp-content\/uploads\/2024\/08\/Leo_Mc_Fall_Conducting.jpg","width":1400,"height":788},{"@type":"BreadcrumbList","@id":"https:\/\/www.musikzeitung.ch\/news\/2024\/08\/leo-mcfall-verlaengert-vorarlberger-vertrag#breadcrumb","itemListElement":[{"@type":"ListItem","position":1,"name":"Home","item":"https:\/\/www.musikzeitung.ch\/"},{"@type":"ListItem","position":2,"name":"Leo McFall verl\u00e4ngert Vorarlberger Vertrag"}]},{"@type":"WebSite","@id":"https:\/\/www.musikzeitung.ch\/#website","url":"https:\/\/www.musikzeitung.ch\/","name":"Giornale musicale svizzero","description":"Il principale mensile interdisciplinare della Svizzera per le questioni musicali.","publisher":{"@id":"https:\/\/www.musikzeitung.ch\/#organization"},"potentialAction":[{"@type":"SearchAction","target":{"@type":"EntryPoint","urlTemplate":"https:\/\/www.musikzeitung.ch\/?s={search_term_string}"},"query-input":{"@type":"PropertyValueSpecification","valueRequired":true,"valueName":"search_term_string"}}],"inLanguage":"it-IT"},{"@type":"Organization","@id":"https:\/\/www.musikzeitung.ch\/#organization","name":"Giornale musicale svizzero","url":"https:\/\/www.musikzeitung.ch\/","logo":{"@type":"ImageObject","inLanguage":"it-IT","@id":"https:\/\/www.musikzeitung.ch\/#\/schema\/logo\/image\/","url":"https:\/\/www.musikzeitung.ch\/wp-content\/uploads\/2023\/01\/SMZ_Schriftzug_Sprache.png","contentUrl":"https:\/\/www.musikzeitung.ch\/wp-content\/uploads\/2023\/01\/SMZ_Schriftzug_Sprache.png","width":1400,"height":279,"caption":"Schweizer Musikzeitung"},"image":{"@id":"https:\/\/www.musikzeitung.ch\/#\/schema\/logo\/image\/"},"sameAs":["https:\/\/www.facebook.com\/SchweizerMusikzeitung\/","https:\/\/x.com\/smusikzeitung","https:\/\/www.instagram.com\/musikzeitung.ch\/"]},{"@type":"Person","@id":"https:\/\/www.musikzeitung.ch\/#\/schema\/person\/0da4fb82d243f1252850a35d0e87cf0c","name":"Wolfgang B\u00f6hler","image":{"@type":"ImageObject","inLanguage":"it-IT","@id":"https:\/\/www.musikzeitung.ch\/wp-content\/uploads\/2023\/01\/boehler_portraet_web-e1674139782246-96x96.jpg","url":"https:\/\/www.musikzeitung.ch\/wp-content\/uploads\/2023\/01\/boehler_portraet_web-e1674139782246-96x96.jpg","contentUrl":"https:\/\/www.musikzeitung.ch\/wp-content\/uploads\/2023\/01\/boehler_portraet_web-e1674139782246-96x96.jpg","caption":"Wolfgang B\u00f6hler"},"sameAs":["http:\/\/www.manacanto.ch","https:\/\/www.facebook.com\/wolfgang.bohler.75"],"url":"https:\/\/www.musikzeitung.ch\/it\/author\/wolfgang-boehler"}]}},"publishpress_future_workflow_manual_trigger":{"enabledWorkflows":[]},"_links":{"self":[{"href":"https:\/\/www.musikzeitung.ch\/it\/wp-json\/wp\/v2\/posts\/56947","targetHints":{"allow":["GET"]}}],"collection":[{"href":"https:\/\/www.musikzeitung.ch\/it\/wp-json\/wp\/v2\/posts"}],"about":[{"href":"https:\/\/www.musikzeitung.ch\/it\/wp-json\/wp\/v2\/types\/post"}],"author":[{"embeddable":true,"href":"https:\/\/www.musikzeitung.ch\/it\/wp-json\/wp\/v2\/users\/30"}],"replies":[{"embeddable":true,"href":"https:\/\/www.musikzeitung.ch\/it\/wp-json\/wp\/v2\/comments?post=56947"}],"version-history":[{"count":6,"href":"https:\/\/www.musikzeitung.ch\/it\/wp-json\/wp\/v2\/posts\/56947\/revisions"}],"predecessor-version":[{"id":56956,"href":"https:\/\/www.musikzeitung.ch\/it\/wp-json\/wp\/v2\/posts\/56947\/revisions\/56956"}],"wp:featuredmedia":[{"embeddable":true,"href":"https:\/\/www.musikzeitung.ch\/it\/wp-json\/wp\/v2\/media\/56955"}],"wp:attachment":[{"href":"https:\/\/www.musikzeitung.ch\/it\/wp-json\/wp\/v2\/media?parent=56947"}],"wp:term":[{"taxonomy":"category","embeddable":true,"href":"https:\/\/www.musikzeitung.ch\/it\/wp-json\/wp\/v2\/categories?post=56947"},{"taxonomy":"post_tag","embeddable":true,"href":"https:\/\/www.musikzeitung.ch\/it\/wp-json\/wp\/v2\/tags?post=56947"}],"curies":[{"name":"wp","href":"https:\/\/api.w.org\/{rel}","templated":true}]}}