{"id":57258,"date":"2024-08-30T06:33:28","date_gmt":"2024-08-30T04:33:28","guid":{"rendered":"https:\/\/www.musikzeitung.ch\/?p=57258"},"modified":"2024-08-30T08:24:37","modified_gmt":"2024-08-30T06:24:37","slug":"sophie-kauers-erfahrungen-mit-swiss","status":"publish","type":"post","link":"https:\/\/www.musikzeitung.ch\/it\/news\/2024\/08\/sophie-kauers-erfahrungen-mit-swiss","title":{"rendered":"L'esperienza di Sophie Kauer con la Svizzera"},"content":{"rendered":"<figure id=\"attachment_57259\" aria-describedby=\"caption-attachment-57259\" style=\"width: 706px\" class=\"wp-caption alignnone\"><img loading=\"lazy\" decoding=\"async\" class=\"size-full wp-image-57259\" src=\"https:\/\/www.musikzeitung.ch\/wp-content\/uploads\/2024\/08\/240830kauer.jpg\" alt=\"\" width=\"706\" height=\"525\" srcset=\"https:\/\/www.musikzeitung.ch\/wp-content\/uploads\/2024\/08\/240830kauer.jpg 706w, https:\/\/www.musikzeitung.ch\/wp-content\/uploads\/2024\/08\/240830kauer-300x223.jpg 300w, https:\/\/www.musikzeitung.ch\/wp-content\/uploads\/2024\/08\/240830kauer-16x12.jpg 16w, https:\/\/www.musikzeitung.ch\/wp-content\/uploads\/2024\/08\/240830kauer-235x175.jpg 235w, https:\/\/www.musikzeitung.ch\/wp-content\/uploads\/2024\/08\/240830kauer-471x350.jpg 471w\" sizes=\"auto, (max-width: 706px) 100vw, 706px\" \/><figcaption id=\"caption-attachment-57259\" class=\"wp-caption-text\">Sophie Kauer (Immagine: Elena Ternovaja)<\/figcaption><\/figure>\n<p>Su Facebook, Kauer spiega di aver prenotato un posto per il suo strumento per il trasporto del bagaglio a mano (CBBG, posto extra per il bagaglio a mano), solo per sentirsi dire 30 ore dopo, tramite tre e-mail, che il suo violoncello non era pi\u00f9 gradito. Le \u00e8 stato consigliato di chiamare il servizio clienti, dove al terzo tentativo \u00e8 stata \"tenuta in attesa per mezz'ora da un'impiegata incredibilmente scortese\" che alla fine le ha detto che non c'erano pi\u00f9 posti disponibili.<\/p>\n<p>Secondo Kauer, l'impiegato del servizio clienti non ha fornito spiegazioni, ma solo \"commenti incredibilmente ostili e condiscendenti\", come: Non era un suo problema e che la signora avrebbe dovuto richiamare pi\u00f9 tardi quando avesse deciso se cancellare o meno la prenotazione. La storia \u00e8 stata ripresa dalla rivista specializzata \"The Strad\".<\/p>\n<p><strong>Articolo in The Strad:<\/strong><br \/>\n<a href=\"https:\/\/www.thestrad.com\/news\/swiss-air-if-you-dont-want-cellos-on-board-just-say-so-tar-cellist-suffers-flight-woes\/18516.article\" target=\"_blank\" rel=\"noopener\">https:\/\/www.thestrad.com\/news\/swiss-air-if-you-dont-want-cellos-on-board-just-say-so-tar-cellist-suffers-flight-woes\/18516.article<\/a><\/p>","protected":false},"excerpt":{"rendered":"<p>Un volo programmato con Swiss si \u00e8 trasformato in un incubo per la violoncellista e attrice di \"Tar\" Sophie Kauer.<\/p>","protected":false},"author":30,"featured_media":57259,"comment_status":"closed","ping_status":"closed","sticky":false,"template":"","format":"standard","meta":{"_acf_changed":false,"_relevanssi_hide_post":"","_relevanssi_hide_content":"","_relevanssi_pin_for_all":"","_relevanssi_pin_keywords":"","_relevanssi_unpin_keywords":"","_relevanssi_related_keywords":"","_relevanssi_related_include_ids":"","_relevanssi_related_exclude_ids":"","_relevanssi_related_no_append":"","_relevanssi_related_not_related":"","_relevanssi_related_posts":"","_relevanssi_noindex_reason":"","pgc_sgb_lightbox_settings":"","footnotes":""},"categories":[27],"tags":[4269,4270],"class_list":["post-57258","post","type-post","status-publish","format-standard","has-post-thumbnail","hentry","category-news","tag-sophie-kauer","tag-swiss"],"acf":[],"yoast_head":"<!-- This site is optimized with the Yoast SEO plugin v27.4 - https:\/\/yoast.com\/product\/yoast-seo-wordpress\/ -->\n<title>Sophie Kauers Erfahrungen mit Swiss - Schweizer Musikzeitung<\/title>\n<meta name=\"description\" content=\"Ein geplanter Flug mit Swiss ist f\u00fcr die Cellistin und \u00abTar\u00bb-Schauspielerin Sophie Kauer zum Albtraum geworden.\" \/>\n<meta name=\"robots\" content=\"index, follow, max-snippet:-1, max-image-preview:large, max-video-preview:-1\" \/>\n<link rel=\"canonical\" href=\"https:\/\/www.musikzeitung.ch\/it\/news\/2024\/08\/sophie-kauers-erfahrungen-mit-swiss\/\" \/>\n<meta property=\"og:locale\" content=\"it_IT\" \/>\n<meta property=\"og:type\" content=\"article\" \/>\n<meta property=\"og:title\" content=\"Sophie Kauers Erfahrungen mit Swiss - Schweizer Musikzeitung\" \/>\n<meta property=\"og:description\" content=\"Ein geplanter Flug mit Swiss ist f\u00fcr die Cellistin und \u00abTar\u00bb-Schauspielerin Sophie Kauer zum Albtraum geworden.\" \/>\n<meta property=\"og:url\" content=\"https:\/\/www.musikzeitung.ch\/it\/news\/2024\/08\/sophie-kauers-erfahrungen-mit-swiss\/\" \/>\n<meta property=\"og:site_name\" content=\"Schweizer Musikzeitung\" \/>\n<meta property=\"article:publisher\" content=\"https:\/\/www.facebook.com\/SchweizerMusikzeitung\/\" \/>\n<meta property=\"article:author\" content=\"https:\/\/www.facebook.com\/wolfgang.bohler.75\" \/>\n<meta property=\"article:published_time\" content=\"2024-08-30T04:33:28+00:00\" \/>\n<meta property=\"article:modified_time\" content=\"2024-08-30T06:24:37+00:00\" \/>\n<meta property=\"og:image\" content=\"https:\/\/www.musikzeitung.ch\/wp-content\/uploads\/2024\/08\/240830kauer.jpg\" \/>\n\t<meta property=\"og:image:width\" content=\"706\" \/>\n\t<meta property=\"og:image:height\" content=\"525\" \/>\n\t<meta property=\"og:image:type\" content=\"image\/jpeg\" \/>\n<meta name=\"author\" content=\"Wolfgang B\u00f6hler\" \/>\n<meta name=\"twitter:card\" content=\"summary_large_image\" \/>\n<meta name=\"twitter:creator\" content=\"@smusikzeitung\" \/>\n<meta name=\"twitter:site\" content=\"@smusikzeitung\" \/>\n<meta name=\"twitter:label1\" content=\"Scritto da\" \/>\n\t<meta name=\"twitter:data1\" content=\"Wolfgang B\u00f6hler\" \/>\n\t<meta name=\"twitter:label2\" content=\"Tempo di lettura stimato\" \/>\n\t<meta name=\"twitter:data2\" content=\"2 minuti\" \/>\n<script type=\"application\/ld+json\" class=\"yoast-schema-graph\">{\"@context\":\"https:\\\/\\\/schema.org\",\"@graph\":[{\"@type\":\"Article\",\"@id\":\"https:\\\/\\\/www.musikzeitung.ch\\\/news\\\/2024\\\/08\\\/sophie-kauers-erfahrungen-mit-swiss#article\",\"isPartOf\":{\"@id\":\"https:\\\/\\\/www.musikzeitung.ch\\\/news\\\/2024\\\/08\\\/sophie-kauers-erfahrungen-mit-swiss\"},\"author\":{\"name\":\"Wolfgang B\u00f6hler\",\"@id\":\"https:\\\/\\\/www.musikzeitung.ch\\\/#\\\/schema\\\/person\\\/0da4fb82d243f1252850a35d0e87cf0c\"},\"headline\":\"Sophie Kauers Erfahrungen mit Swiss\",\"datePublished\":\"2024-08-30T04:33:28+00:00\",\"dateModified\":\"2024-08-30T06:24:37+00:00\",\"mainEntityOfPage\":{\"@id\":\"https:\\\/\\\/www.musikzeitung.ch\\\/news\\\/2024\\\/08\\\/sophie-kauers-erfahrungen-mit-swiss\"},\"wordCount\":163,\"publisher\":{\"@id\":\"https:\\\/\\\/www.musikzeitung.ch\\\/#organization\"},\"image\":{\"@id\":\"https:\\\/\\\/www.musikzeitung.ch\\\/news\\\/2024\\\/08\\\/sophie-kauers-erfahrungen-mit-swiss#primaryimage\"},\"thumbnailUrl\":\"https:\\\/\\\/www.musikzeitung.ch\\\/wp-content\\\/uploads\\\/2024\\\/08\\\/240830kauer.jpg\",\"keywords\":[\"Sophie Kauer\",\"Swiss\"],\"articleSection\":[\"News\"],\"inLanguage\":\"it-IT\"},{\"@type\":\"WebPage\",\"@id\":\"https:\\\/\\\/www.musikzeitung.ch\\\/news\\\/2024\\\/08\\\/sophie-kauers-erfahrungen-mit-swiss\",\"url\":\"https:\\\/\\\/www.musikzeitung.ch\\\/news\\\/2024\\\/08\\\/sophie-kauers-erfahrungen-mit-swiss\",\"name\":\"Sophie Kauers Erfahrungen mit Swiss - Schweizer Musikzeitung\",\"isPartOf\":{\"@id\":\"https:\\\/\\\/www.musikzeitung.ch\\\/#website\"},\"primaryImageOfPage\":{\"@id\":\"https:\\\/\\\/www.musikzeitung.ch\\\/news\\\/2024\\\/08\\\/sophie-kauers-erfahrungen-mit-swiss#primaryimage\"},\"image\":{\"@id\":\"https:\\\/\\\/www.musikzeitung.ch\\\/news\\\/2024\\\/08\\\/sophie-kauers-erfahrungen-mit-swiss#primaryimage\"},\"thumbnailUrl\":\"https:\\\/\\\/www.musikzeitung.ch\\\/wp-content\\\/uploads\\\/2024\\\/08\\\/240830kauer.jpg\",\"datePublished\":\"2024-08-30T04:33:28+00:00\",\"dateModified\":\"2024-08-30T06:24:37+00:00\",\"description\":\"Ein geplanter Flug mit Swiss ist f\u00fcr die Cellistin und \u00abTar\u00bb-Schauspielerin Sophie Kauer zum Albtraum geworden.\",\"breadcrumb\":{\"@id\":\"https:\\\/\\\/www.musikzeitung.ch\\\/news\\\/2024\\\/08\\\/sophie-kauers-erfahrungen-mit-swiss#breadcrumb\"},\"inLanguage\":\"it-IT\",\"potentialAction\":[{\"@type\":\"ReadAction\",\"target\":[\"https:\\\/\\\/www.musikzeitung.ch\\\/news\\\/2024\\\/08\\\/sophie-kauers-erfahrungen-mit-swiss\"]}]},{\"@type\":\"ImageObject\",\"inLanguage\":\"it-IT\",\"@id\":\"https:\\\/\\\/www.musikzeitung.ch\\\/news\\\/2024\\\/08\\\/sophie-kauers-erfahrungen-mit-swiss#primaryimage\",\"url\":\"https:\\\/\\\/www.musikzeitung.ch\\\/wp-content\\\/uploads\\\/2024\\\/08\\\/240830kauer.jpg\",\"contentUrl\":\"https:\\\/\\\/www.musikzeitung.ch\\\/wp-content\\\/uploads\\\/2024\\\/08\\\/240830kauer.jpg\",\"width\":706,\"height\":525,\"caption\":\"Sophie Kauer (Bild: Elena Ternovaja)\"},{\"@type\":\"BreadcrumbList\",\"@id\":\"https:\\\/\\\/www.musikzeitung.ch\\\/news\\\/2024\\\/08\\\/sophie-kauers-erfahrungen-mit-swiss#breadcrumb\",\"itemListElement\":[{\"@type\":\"ListItem\",\"position\":1,\"name\":\"Home\",\"item\":\"https:\\\/\\\/www.musikzeitung.ch\\\/\"},{\"@type\":\"ListItem\",\"position\":2,\"name\":\"Sophie Kauers Erfahrungen mit Swiss\"}]},{\"@type\":\"WebSite\",\"@id\":\"https:\\\/\\\/www.musikzeitung.ch\\\/#website\",\"url\":\"https:\\\/\\\/www.musikzeitung.ch\\\/\",\"name\":\"Schweizer Musikzeitung\",\"description\":\"Die f\u00fchrende sparten\u00fcbergreifende Monatszeitung in der Schweiz f\u00fcr musikalische Fragen.\",\"publisher\":{\"@id\":\"https:\\\/\\\/www.musikzeitung.ch\\\/#organization\"},\"potentialAction\":[{\"@type\":\"SearchAction\",\"target\":{\"@type\":\"EntryPoint\",\"urlTemplate\":\"https:\\\/\\\/www.musikzeitung.ch\\\/?s={search_term_string}\"},\"query-input\":{\"@type\":\"PropertyValueSpecification\",\"valueRequired\":true,\"valueName\":\"search_term_string\"}}],\"inLanguage\":\"it-IT\"},{\"@type\":\"Organization\",\"@id\":\"https:\\\/\\\/www.musikzeitung.ch\\\/#organization\",\"name\":\"Schweizer Musikzeitung\",\"url\":\"https:\\\/\\\/www.musikzeitung.ch\\\/\",\"logo\":{\"@type\":\"ImageObject\",\"inLanguage\":\"it-IT\",\"@id\":\"https:\\\/\\\/www.musikzeitung.ch\\\/#\\\/schema\\\/logo\\\/image\\\/\",\"url\":\"https:\\\/\\\/www.musikzeitung.ch\\\/wp-content\\\/uploads\\\/2023\\\/01\\\/SMZ_Schriftzug_Sprache.png\",\"contentUrl\":\"https:\\\/\\\/www.musikzeitung.ch\\\/wp-content\\\/uploads\\\/2023\\\/01\\\/SMZ_Schriftzug_Sprache.png\",\"width\":1400,\"height\":279,\"caption\":\"Schweizer Musikzeitung\"},\"image\":{\"@id\":\"https:\\\/\\\/www.musikzeitung.ch\\\/#\\\/schema\\\/logo\\\/image\\\/\"},\"sameAs\":[\"https:\\\/\\\/www.facebook.com\\\/SchweizerMusikzeitung\\\/\",\"https:\\\/\\\/x.com\\\/smusikzeitung\",\"https:\\\/\\\/www.instagram.com\\\/musikzeitung.ch\\\/\"]},{\"@type\":\"Person\",\"@id\":\"https:\\\/\\\/www.musikzeitung.ch\\\/#\\\/schema\\\/person\\\/0da4fb82d243f1252850a35d0e87cf0c\",\"name\":\"Wolfgang B\u00f6hler\",\"image\":{\"@type\":\"ImageObject\",\"inLanguage\":\"it-IT\",\"@id\":\"https:\\\/\\\/www.musikzeitung.ch\\\/wp-content\\\/uploads\\\/2023\\\/01\\\/boehler_portraet_web-e1674139782246-96x96.jpg\",\"url\":\"https:\\\/\\\/www.musikzeitung.ch\\\/wp-content\\\/uploads\\\/2023\\\/01\\\/boehler_portraet_web-e1674139782246-96x96.jpg\",\"contentUrl\":\"https:\\\/\\\/www.musikzeitung.ch\\\/wp-content\\\/uploads\\\/2023\\\/01\\\/boehler_portraet_web-e1674139782246-96x96.jpg\",\"caption\":\"Wolfgang B\u00f6hler\"},\"sameAs\":[\"http:\\\/\\\/www.manacanto.ch\",\"https:\\\/\\\/www.facebook.com\\\/wolfgang.bohler.75\"],\"url\":\"https:\\\/\\\/www.musikzeitung.ch\\\/it\\\/author\\\/wolfgang-boehler\"}]}<\/script>\n<!-- \/ Yoast SEO plugin. -->","yoast_head_json":{"title":"Sophie Kauers Erfahrungen mit Swiss - Schweizer Musikzeitung","description":"Un volo programmato con Swiss si \u00e8 trasformato in un incubo per la violoncellista e attrice di \"Tar\" Sophie Kauer.","robots":{"index":"index","follow":"follow","max-snippet":"max-snippet:-1","max-image-preview":"max-image-preview:large","max-video-preview":"max-video-preview:-1"},"canonical":"https:\/\/www.musikzeitung.ch\/it\/news\/2024\/08\/sophie-kauers-erfahrungen-mit-swiss\/","og_locale":"it_IT","og_type":"article","og_title":"Sophie Kauers Erfahrungen mit Swiss - Schweizer Musikzeitung","og_description":"Ein geplanter Flug mit Swiss ist f\u00fcr die Cellistin und \u00abTar\u00bb-Schauspielerin Sophie Kauer zum Albtraum geworden.","og_url":"https:\/\/www.musikzeitung.ch\/it\/news\/2024\/08\/sophie-kauers-erfahrungen-mit-swiss\/","og_site_name":"Schweizer Musikzeitung","article_publisher":"https:\/\/www.facebook.com\/SchweizerMusikzeitung\/","article_author":"https:\/\/www.facebook.com\/wolfgang.bohler.75","article_published_time":"2024-08-30T04:33:28+00:00","article_modified_time":"2024-08-30T06:24:37+00:00","og_image":[{"width":706,"height":525,"url":"https:\/\/www.musikzeitung.ch\/wp-content\/uploads\/2024\/08\/240830kauer.jpg","type":"image\/jpeg"}],"author":"Wolfgang B\u00f6hler","twitter_card":"summary_large_image","twitter_creator":"@smusikzeitung","twitter_site":"@smusikzeitung","twitter_misc":{"Scritto da":"Wolfgang B\u00f6hler","Tempo di lettura stimato":"2 minuti"},"schema":{"@context":"https:\/\/schema.org","@graph":[{"@type":"Article","@id":"https:\/\/www.musikzeitung.ch\/news\/2024\/08\/sophie-kauers-erfahrungen-mit-swiss#article","isPartOf":{"@id":"https:\/\/www.musikzeitung.ch\/news\/2024\/08\/sophie-kauers-erfahrungen-mit-swiss"},"author":{"name":"Wolfgang B\u00f6hler","@id":"https:\/\/www.musikzeitung.ch\/#\/schema\/person\/0da4fb82d243f1252850a35d0e87cf0c"},"headline":"Sophie Kauers Erfahrungen mit Swiss","datePublished":"2024-08-30T04:33:28+00:00","dateModified":"2024-08-30T06:24:37+00:00","mainEntityOfPage":{"@id":"https:\/\/www.musikzeitung.ch\/news\/2024\/08\/sophie-kauers-erfahrungen-mit-swiss"},"wordCount":163,"publisher":{"@id":"https:\/\/www.musikzeitung.ch\/#organization"},"image":{"@id":"https:\/\/www.musikzeitung.ch\/news\/2024\/08\/sophie-kauers-erfahrungen-mit-swiss#primaryimage"},"thumbnailUrl":"https:\/\/www.musikzeitung.ch\/wp-content\/uploads\/2024\/08\/240830kauer.jpg","keywords":["Sophie Kauer","Swiss"],"articleSection":["News"],"inLanguage":"it-IT"},{"@type":"WebPage","@id":"https:\/\/www.musikzeitung.ch\/news\/2024\/08\/sophie-kauers-erfahrungen-mit-swiss","url":"https:\/\/www.musikzeitung.ch\/news\/2024\/08\/sophie-kauers-erfahrungen-mit-swiss","name":"Sophie Kauers Erfahrungen mit Swiss - Schweizer Musikzeitung","isPartOf":{"@id":"https:\/\/www.musikzeitung.ch\/#website"},"primaryImageOfPage":{"@id":"https:\/\/www.musikzeitung.ch\/news\/2024\/08\/sophie-kauers-erfahrungen-mit-swiss#primaryimage"},"image":{"@id":"https:\/\/www.musikzeitung.ch\/news\/2024\/08\/sophie-kauers-erfahrungen-mit-swiss#primaryimage"},"thumbnailUrl":"https:\/\/www.musikzeitung.ch\/wp-content\/uploads\/2024\/08\/240830kauer.jpg","datePublished":"2024-08-30T04:33:28+00:00","dateModified":"2024-08-30T06:24:37+00:00","description":"Un volo programmato con Swiss si \u00e8 trasformato in un incubo per la violoncellista e attrice di \"Tar\" Sophie Kauer.","breadcrumb":{"@id":"https:\/\/www.musikzeitung.ch\/news\/2024\/08\/sophie-kauers-erfahrungen-mit-swiss#breadcrumb"},"inLanguage":"it-IT","potentialAction":[{"@type":"ReadAction","target":["https:\/\/www.musikzeitung.ch\/news\/2024\/08\/sophie-kauers-erfahrungen-mit-swiss"]}]},{"@type":"ImageObject","inLanguage":"it-IT","@id":"https:\/\/www.musikzeitung.ch\/news\/2024\/08\/sophie-kauers-erfahrungen-mit-swiss#primaryimage","url":"https:\/\/www.musikzeitung.ch\/wp-content\/uploads\/2024\/08\/240830kauer.jpg","contentUrl":"https:\/\/www.musikzeitung.ch\/wp-content\/uploads\/2024\/08\/240830kauer.jpg","width":706,"height":525,"caption":"Sophie Kauer (Bild: Elena Ternovaja)"},{"@type":"BreadcrumbList","@id":"https:\/\/www.musikzeitung.ch\/news\/2024\/08\/sophie-kauers-erfahrungen-mit-swiss#breadcrumb","itemListElement":[{"@type":"ListItem","position":1,"name":"Home","item":"https:\/\/www.musikzeitung.ch\/"},{"@type":"ListItem","position":2,"name":"Sophie Kauers Erfahrungen mit Swiss"}]},{"@type":"WebSite","@id":"https:\/\/www.musikzeitung.ch\/#website","url":"https:\/\/www.musikzeitung.ch\/","name":"Giornale musicale svizzero","description":"Il principale mensile interdisciplinare della Svizzera per le questioni musicali.","publisher":{"@id":"https:\/\/www.musikzeitung.ch\/#organization"},"potentialAction":[{"@type":"SearchAction","target":{"@type":"EntryPoint","urlTemplate":"https:\/\/www.musikzeitung.ch\/?s={search_term_string}"},"query-input":{"@type":"PropertyValueSpecification","valueRequired":true,"valueName":"search_term_string"}}],"inLanguage":"it-IT"},{"@type":"Organization","@id":"https:\/\/www.musikzeitung.ch\/#organization","name":"Giornale musicale svizzero","url":"https:\/\/www.musikzeitung.ch\/","logo":{"@type":"ImageObject","inLanguage":"it-IT","@id":"https:\/\/www.musikzeitung.ch\/#\/schema\/logo\/image\/","url":"https:\/\/www.musikzeitung.ch\/wp-content\/uploads\/2023\/01\/SMZ_Schriftzug_Sprache.png","contentUrl":"https:\/\/www.musikzeitung.ch\/wp-content\/uploads\/2023\/01\/SMZ_Schriftzug_Sprache.png","width":1400,"height":279,"caption":"Schweizer Musikzeitung"},"image":{"@id":"https:\/\/www.musikzeitung.ch\/#\/schema\/logo\/image\/"},"sameAs":["https:\/\/www.facebook.com\/SchweizerMusikzeitung\/","https:\/\/x.com\/smusikzeitung","https:\/\/www.instagram.com\/musikzeitung.ch\/"]},{"@type":"Person","@id":"https:\/\/www.musikzeitung.ch\/#\/schema\/person\/0da4fb82d243f1252850a35d0e87cf0c","name":"Wolfgang B\u00f6hler","image":{"@type":"ImageObject","inLanguage":"it-IT","@id":"https:\/\/www.musikzeitung.ch\/wp-content\/uploads\/2023\/01\/boehler_portraet_web-e1674139782246-96x96.jpg","url":"https:\/\/www.musikzeitung.ch\/wp-content\/uploads\/2023\/01\/boehler_portraet_web-e1674139782246-96x96.jpg","contentUrl":"https:\/\/www.musikzeitung.ch\/wp-content\/uploads\/2023\/01\/boehler_portraet_web-e1674139782246-96x96.jpg","caption":"Wolfgang B\u00f6hler"},"sameAs":["http:\/\/www.manacanto.ch","https:\/\/www.facebook.com\/wolfgang.bohler.75"],"url":"https:\/\/www.musikzeitung.ch\/it\/author\/wolfgang-boehler"}]}},"publishpress_future_workflow_manual_trigger":{"enabledWorkflows":[]},"_links":{"self":[{"href":"https:\/\/www.musikzeitung.ch\/it\/wp-json\/wp\/v2\/posts\/57258","targetHints":{"allow":["GET"]}}],"collection":[{"href":"https:\/\/www.musikzeitung.ch\/it\/wp-json\/wp\/v2\/posts"}],"about":[{"href":"https:\/\/www.musikzeitung.ch\/it\/wp-json\/wp\/v2\/types\/post"}],"author":[{"embeddable":true,"href":"https:\/\/www.musikzeitung.ch\/it\/wp-json\/wp\/v2\/users\/30"}],"replies":[{"embeddable":true,"href":"https:\/\/www.musikzeitung.ch\/it\/wp-json\/wp\/v2\/comments?post=57258"}],"version-history":[{"count":4,"href":"https:\/\/www.musikzeitung.ch\/it\/wp-json\/wp\/v2\/posts\/57258\/revisions"}],"predecessor-version":[{"id":57265,"href":"https:\/\/www.musikzeitung.ch\/it\/wp-json\/wp\/v2\/posts\/57258\/revisions\/57265"}],"wp:featuredmedia":[{"embeddable":true,"href":"https:\/\/www.musikzeitung.ch\/it\/wp-json\/wp\/v2\/media\/57259"}],"wp:attachment":[{"href":"https:\/\/www.musikzeitung.ch\/it\/wp-json\/wp\/v2\/media?parent=57258"}],"wp:term":[{"taxonomy":"category","embeddable":true,"href":"https:\/\/www.musikzeitung.ch\/it\/wp-json\/wp\/v2\/categories?post=57258"},{"taxonomy":"post_tag","embeddable":true,"href":"https:\/\/www.musikzeitung.ch\/it\/wp-json\/wp\/v2\/tags?post=57258"}],"curies":[{"name":"wp","href":"https:\/\/api.w.org\/{rel}","templated":true}]}}