{"id":57847,"date":"2024-09-09T06:04:18","date_gmt":"2024-09-09T04:04:18","guid":{"rendered":"https:\/\/www.musikzeitung.ch\/?p=57847"},"modified":"2024-09-12T08:56:16","modified_gmt":"2024-09-12T06:56:16","slug":"preissegen-fuer-luzerner-musikstudierende","status":"publish","type":"post","link":"https:\/\/www.musikzeitung.ch\/it\/news\/2024\/09\/preissegen-fuer-luzerner-musikstudierende","title":{"rendered":"Benedizione dei premi per gli studenti di musica di Lucerna"},"content":{"rendered":"<figure id=\"attachment_57848\" aria-describedby=\"caption-attachment-57848\" style=\"width: 768px\" class=\"wp-caption alignnone\"><img loading=\"lazy\" decoding=\"async\" class=\"size-large wp-image-57848\" src=\"https:\/\/www.musikzeitung.ch\/wp-content\/uploads\/2024\/09\/240909hslu-1024x678.jpg\" alt=\"\" width=\"768\" height=\"509\" srcset=\"https:\/\/www.musikzeitung.ch\/wp-content\/uploads\/2024\/09\/240909hslu-1024x678.jpg 1024w, https:\/\/www.musikzeitung.ch\/wp-content\/uploads\/2024\/09\/240909hslu-300x199.jpg 300w, https:\/\/www.musikzeitung.ch\/wp-content\/uploads\/2024\/09\/240909hslu-768x509.jpg 768w, https:\/\/www.musikzeitung.ch\/wp-content\/uploads\/2024\/09\/240909hslu-18x12.jpg 18w, https:\/\/www.musikzeitung.ch\/wp-content\/uploads\/2024\/09\/240909hslu-264x175.jpg 264w, https:\/\/www.musikzeitung.ch\/wp-content\/uploads\/2024\/09\/240909hslu-529x350.jpg 529w, https:\/\/www.musikzeitung.ch\/wp-content\/uploads\/2024\/09\/240909hslu-1208x800.jpg 1208w, https:\/\/www.musikzeitung.ch\/wp-content\/uploads\/2024\/09\/240909hslu-920x609.jpg 920w, https:\/\/www.musikzeitung.ch\/wp-content\/uploads\/2024\/09\/240909hslu.jpg 1329w\" sizes=\"auto, (max-width: 768px) 100vw, 768px\" \/><figcaption id=\"caption-attachment-57848\" class=\"wp-caption-text\">(da sinistra a destra): Busse-Grawitz; Niederhauser; Semiankou; Costa; Pimentel Rodrigues; St\u00f6ckmann; Brilli; Rigling. (Foto: HSLU\/Heinz Dahinden)<\/figcaption><\/figure>\n<p>Sei studenti hanno ricevuto il premio ST.ART - Young Talent Award for Culture. Lanciato nel 2023, il premio del Cantone di Lucerna \u00e8 destinato a sostenere i laureati che entrano nel mondo dell'arte professionale. I premi, del valore di 5.000 franchi svizzeri ciascuno, sono andati a<\/p>\n<ul>\n<li>Marco Antonio Alarc\u00f3n Ram\u00edrez (*1993, cileno), Master of Arts in Music\/Major Conducting con specializzazione in direzione d'orchestra;<\/li>\n<li>Vincent Rigling (*1996, di Lucerna), Master of Arts in Music\/Major Performance Jazz, specializzazione in chitarra;<\/li>\n<li>Ana Pimentel Rodrigues (*1998, portoghese), Master of Arts in Music\/Major Interpretation in Contemporary Music, specializzazione in violoncello;<\/li>\n<li>Mikalai Semiankou (*1989, bielorusso), Master of Arts in Music\/Major Solo Performance, specializzazione in violino;<\/li>\n<li>Trio Sheliak: Sergio Costa, specializzando in pianoforte (*1995, italiano) ed Emanuele Brilli, specializzando in violino (*1996, italiano), Master of Arts in Music\/Major Chamber Music;<\/li>\n<li>Maurice Storrer (*1998, da Lohn SH), Master of Arts in Music\/Major Performance Jazz, specializzazione in sassofono<\/li>\n<\/ul>\n<p>In occasione della cerimonia di consegna dei diplomi, la Fondazione Strebi ha assegnato anche tre premi di 2.000 franchi svizzeri ciascuno per i migliori laureati del Bachelor. Sono stati assegnati a:<\/p>\n<ul>\n<li>Pavel St\u00f6ckmann (*2002, di Biel BE), Bachelor of Arts in Music, profilo strumentale classico, specializzazione in pianoforte;<\/li>\n<li>Gian Luzi Niederhauser (*2003, di Biel BE), Bachelor of Arts in Music, profilo strumentale jazz, specializzazione in basso elettrico (jazz) e contrabbasso (classico);<\/li>\n<li>Fiona Busse-Grawitz (*2002, da Sarnen OW), laurea in musica, profilo jazz vocale<\/li>\n<\/ul>\n<p>&nbsp;<\/p>","protected":false},"excerpt":{"rendered":"<p>218 laureati di primo e secondo livello del Dipartimento di Musica dell'Universit\u00e0 di Scienze Applicate e Arti di Lucerna hanno ricevuto i loro diplomi. Sono stati assegnati nove premi.<\/p>","protected":false},"author":30,"featured_media":57848,"comment_status":"closed","ping_status":"closed","sticky":false,"template":"","format":"standard","meta":{"_acf_changed":false,"_relevanssi_hide_post":"","_relevanssi_hide_content":"","_relevanssi_pin_for_all":"","_relevanssi_pin_keywords":"","_relevanssi_unpin_keywords":"","_relevanssi_related_keywords":"","_relevanssi_related_include_ids":"","_relevanssi_related_exclude_ids":"","_relevanssi_related_no_append":"","_relevanssi_related_not_related":"","_relevanssi_related_posts":"","_relevanssi_noindex_reason":"","pgc_sgb_lightbox_settings":"","footnotes":""},"categories":[27],"tags":[1811,4290,4289],"class_list":["post-57847","post","type-post","status-publish","format-standard","has-post-thumbnail","hentry","category-news","tag-hslu","tag-st-art-nachwuchsfoerderpreis-kultur","tag-strebi-preis"],"acf":[],"yoast_head":"<!-- This site is optimized with the Yoast SEO plugin v27.4 - https:\/\/yoast.com\/product\/yoast-seo-wordpress\/ -->\n<title>Preissegen f\u00fcr Luzerner Musikstudierende - Schweizer Musikzeitung<\/title>\n<meta name=\"description\" content=\"218 Bachelor- und Master-Absolventinnen und Absolventen des Departements Musik an der HSLU haben ihre Diplome erhalten. Dabei wurden neun Preise vergeben.\" \/>\n<meta name=\"robots\" content=\"index, follow, max-snippet:-1, max-image-preview:large, max-video-preview:-1\" \/>\n<link rel=\"canonical\" href=\"https:\/\/www.musikzeitung.ch\/it\/news\/2024\/09\/preissegen-fuer-luzerner-musikstudierende\/\" \/>\n<meta property=\"og:locale\" content=\"it_IT\" \/>\n<meta property=\"og:type\" content=\"article\" \/>\n<meta property=\"og:title\" content=\"Preissegen f\u00fcr Luzerner Musikstudierende - Schweizer Musikzeitung\" \/>\n<meta property=\"og:description\" content=\"218 Bachelor- und Master-Absolventinnen und Absolventen des Departements Musik an der HSLU haben ihre Diplome erhalten. Dabei wurden neun Preise vergeben.\" \/>\n<meta property=\"og:url\" content=\"https:\/\/www.musikzeitung.ch\/it\/news\/2024\/09\/preissegen-fuer-luzerner-musikstudierende\/\" \/>\n<meta property=\"og:site_name\" content=\"Schweizer Musikzeitung\" \/>\n<meta property=\"article:publisher\" content=\"https:\/\/www.facebook.com\/SchweizerMusikzeitung\/\" \/>\n<meta property=\"article:author\" content=\"https:\/\/www.facebook.com\/wolfgang.bohler.75\" \/>\n<meta property=\"article:published_time\" content=\"2024-09-09T04:04:18+00:00\" \/>\n<meta property=\"article:modified_time\" content=\"2024-09-12T06:56:16+00:00\" \/>\n<meta property=\"og:image\" content=\"https:\/\/www.musikzeitung.ch\/wp-content\/uploads\/2024\/09\/240909hslu.jpg\" \/>\n\t<meta property=\"og:image:width\" content=\"1329\" \/>\n\t<meta property=\"og:image:height\" content=\"880\" \/>\n\t<meta property=\"og:image:type\" content=\"image\/jpeg\" \/>\n<meta name=\"author\" content=\"Wolfgang B\u00f6hler\" \/>\n<meta name=\"twitter:card\" content=\"summary_large_image\" \/>\n<meta name=\"twitter:creator\" content=\"@smusikzeitung\" \/>\n<meta name=\"twitter:site\" content=\"@smusikzeitung\" \/>\n<meta name=\"twitter:label1\" content=\"Scritto da\" \/>\n\t<meta name=\"twitter:data1\" content=\"Wolfgang B\u00f6hler\" \/>\n\t<meta name=\"twitter:label2\" content=\"Tempo di lettura stimato\" \/>\n\t<meta name=\"twitter:data2\" content=\"2 minuti\" \/>\n<script type=\"application\/ld+json\" class=\"yoast-schema-graph\">{\"@context\":\"https:\\\/\\\/schema.org\",\"@graph\":[{\"@type\":\"Article\",\"@id\":\"https:\\\/\\\/www.musikzeitung.ch\\\/news\\\/2024\\\/09\\\/preissegen-fuer-luzerner-musikstudierende#article\",\"isPartOf\":{\"@id\":\"https:\\\/\\\/www.musikzeitung.ch\\\/news\\\/2024\\\/09\\\/preissegen-fuer-luzerner-musikstudierende\"},\"author\":{\"name\":\"Wolfgang B\u00f6hler\",\"@id\":\"https:\\\/\\\/www.musikzeitung.ch\\\/#\\\/schema\\\/person\\\/0da4fb82d243f1252850a35d0e87cf0c\"},\"headline\":\"Preissegen f\u00fcr Luzerner Musikstudierende\",\"datePublished\":\"2024-09-09T04:04:18+00:00\",\"dateModified\":\"2024-09-12T06:56:16+00:00\",\"mainEntityOfPage\":{\"@id\":\"https:\\\/\\\/www.musikzeitung.ch\\\/news\\\/2024\\\/09\\\/preissegen-fuer-luzerner-musikstudierende\"},\"wordCount\":251,\"publisher\":{\"@id\":\"https:\\\/\\\/www.musikzeitung.ch\\\/#organization\"},\"image\":{\"@id\":\"https:\\\/\\\/www.musikzeitung.ch\\\/news\\\/2024\\\/09\\\/preissegen-fuer-luzerner-musikstudierende#primaryimage\"},\"thumbnailUrl\":\"https:\\\/\\\/www.musikzeitung.ch\\\/wp-content\\\/uploads\\\/2024\\\/09\\\/240909hslu.jpg\",\"keywords\":[\"HSLU\",\"ST.ART \u2013 Nachwuchsf\u00f6rderpreis Kultur\",\"Strebi Preis\"],\"articleSection\":[\"News\"],\"inLanguage\":\"it-IT\"},{\"@type\":\"WebPage\",\"@id\":\"https:\\\/\\\/www.musikzeitung.ch\\\/news\\\/2024\\\/09\\\/preissegen-fuer-luzerner-musikstudierende\",\"url\":\"https:\\\/\\\/www.musikzeitung.ch\\\/news\\\/2024\\\/09\\\/preissegen-fuer-luzerner-musikstudierende\",\"name\":\"Preissegen f\u00fcr Luzerner Musikstudierende - Schweizer Musikzeitung\",\"isPartOf\":{\"@id\":\"https:\\\/\\\/www.musikzeitung.ch\\\/#website\"},\"primaryImageOfPage\":{\"@id\":\"https:\\\/\\\/www.musikzeitung.ch\\\/news\\\/2024\\\/09\\\/preissegen-fuer-luzerner-musikstudierende#primaryimage\"},\"image\":{\"@id\":\"https:\\\/\\\/www.musikzeitung.ch\\\/news\\\/2024\\\/09\\\/preissegen-fuer-luzerner-musikstudierende#primaryimage\"},\"thumbnailUrl\":\"https:\\\/\\\/www.musikzeitung.ch\\\/wp-content\\\/uploads\\\/2024\\\/09\\\/240909hslu.jpg\",\"datePublished\":\"2024-09-09T04:04:18+00:00\",\"dateModified\":\"2024-09-12T06:56:16+00:00\",\"description\":\"218 Bachelor- und Master-Absolventinnen und Absolventen des Departements Musik an der HSLU haben ihre Diplome erhalten. Dabei wurden neun Preise vergeben.\",\"breadcrumb\":{\"@id\":\"https:\\\/\\\/www.musikzeitung.ch\\\/news\\\/2024\\\/09\\\/preissegen-fuer-luzerner-musikstudierende#breadcrumb\"},\"inLanguage\":\"it-IT\",\"potentialAction\":[{\"@type\":\"ReadAction\",\"target\":[\"https:\\\/\\\/www.musikzeitung.ch\\\/news\\\/2024\\\/09\\\/preissegen-fuer-luzerner-musikstudierende\"]}]},{\"@type\":\"ImageObject\",\"inLanguage\":\"it-IT\",\"@id\":\"https:\\\/\\\/www.musikzeitung.ch\\\/news\\\/2024\\\/09\\\/preissegen-fuer-luzerner-musikstudierende#primaryimage\",\"url\":\"https:\\\/\\\/www.musikzeitung.ch\\\/wp-content\\\/uploads\\\/2024\\\/09\\\/240909hslu.jpg\",\"contentUrl\":\"https:\\\/\\\/www.musikzeitung.ch\\\/wp-content\\\/uploads\\\/2024\\\/09\\\/240909hslu.jpg\",\"width\":1329,\"height\":880,\"caption\":\"(vlnr.): Busse-Grawitz; Niederhauser; Semiankou; Costa; Pimentel Rodrigues; St\u00f6ckmann; Brilli; Rigling. (Bild: HSLU\\\/Heinz Dahinden)\"},{\"@type\":\"BreadcrumbList\",\"@id\":\"https:\\\/\\\/www.musikzeitung.ch\\\/news\\\/2024\\\/09\\\/preissegen-fuer-luzerner-musikstudierende#breadcrumb\",\"itemListElement\":[{\"@type\":\"ListItem\",\"position\":1,\"name\":\"Home\",\"item\":\"https:\\\/\\\/www.musikzeitung.ch\\\/\"},{\"@type\":\"ListItem\",\"position\":2,\"name\":\"Preissegen f\u00fcr Luzerner Musikstudierende\"}]},{\"@type\":\"WebSite\",\"@id\":\"https:\\\/\\\/www.musikzeitung.ch\\\/#website\",\"url\":\"https:\\\/\\\/www.musikzeitung.ch\\\/\",\"name\":\"Schweizer Musikzeitung\",\"description\":\"Die f\u00fchrende sparten\u00fcbergreifende Monatszeitung in der Schweiz f\u00fcr musikalische Fragen.\",\"publisher\":{\"@id\":\"https:\\\/\\\/www.musikzeitung.ch\\\/#organization\"},\"potentialAction\":[{\"@type\":\"SearchAction\",\"target\":{\"@type\":\"EntryPoint\",\"urlTemplate\":\"https:\\\/\\\/www.musikzeitung.ch\\\/?s={search_term_string}\"},\"query-input\":{\"@type\":\"PropertyValueSpecification\",\"valueRequired\":true,\"valueName\":\"search_term_string\"}}],\"inLanguage\":\"it-IT\"},{\"@type\":\"Organization\",\"@id\":\"https:\\\/\\\/www.musikzeitung.ch\\\/#organization\",\"name\":\"Schweizer Musikzeitung\",\"url\":\"https:\\\/\\\/www.musikzeitung.ch\\\/\",\"logo\":{\"@type\":\"ImageObject\",\"inLanguage\":\"it-IT\",\"@id\":\"https:\\\/\\\/www.musikzeitung.ch\\\/#\\\/schema\\\/logo\\\/image\\\/\",\"url\":\"https:\\\/\\\/www.musikzeitung.ch\\\/wp-content\\\/uploads\\\/2023\\\/01\\\/SMZ_Schriftzug_Sprache.png\",\"contentUrl\":\"https:\\\/\\\/www.musikzeitung.ch\\\/wp-content\\\/uploads\\\/2023\\\/01\\\/SMZ_Schriftzug_Sprache.png\",\"width\":1400,\"height\":279,\"caption\":\"Schweizer Musikzeitung\"},\"image\":{\"@id\":\"https:\\\/\\\/www.musikzeitung.ch\\\/#\\\/schema\\\/logo\\\/image\\\/\"},\"sameAs\":[\"https:\\\/\\\/www.facebook.com\\\/SchweizerMusikzeitung\\\/\",\"https:\\\/\\\/x.com\\\/smusikzeitung\",\"https:\\\/\\\/www.instagram.com\\\/musikzeitung.ch\\\/\"]},{\"@type\":\"Person\",\"@id\":\"https:\\\/\\\/www.musikzeitung.ch\\\/#\\\/schema\\\/person\\\/0da4fb82d243f1252850a35d0e87cf0c\",\"name\":\"Wolfgang B\u00f6hler\",\"image\":{\"@type\":\"ImageObject\",\"inLanguage\":\"it-IT\",\"@id\":\"https:\\\/\\\/www.musikzeitung.ch\\\/wp-content\\\/uploads\\\/2023\\\/01\\\/boehler_portraet_web-e1674139782246-96x96.jpg\",\"url\":\"https:\\\/\\\/www.musikzeitung.ch\\\/wp-content\\\/uploads\\\/2023\\\/01\\\/boehler_portraet_web-e1674139782246-96x96.jpg\",\"contentUrl\":\"https:\\\/\\\/www.musikzeitung.ch\\\/wp-content\\\/uploads\\\/2023\\\/01\\\/boehler_portraet_web-e1674139782246-96x96.jpg\",\"caption\":\"Wolfgang B\u00f6hler\"},\"sameAs\":[\"http:\\\/\\\/www.manacanto.ch\",\"https:\\\/\\\/www.facebook.com\\\/wolfgang.bohler.75\"],\"url\":\"https:\\\/\\\/www.musikzeitung.ch\\\/it\\\/author\\\/wolfgang-boehler\"}]}<\/script>\n<!-- \/ Yoast SEO plugin. -->","yoast_head_json":{"title":"Preissegen f\u00fcr Luzerner Musikstudierende - Schweizer Musikzeitung","description":"218 Bachelor- und Master-Absolventinnen und Absolventen des Departements Musik an der HSLU haben ihre Diplome erhalten. Dabei wurden neun Preise vergeben.","robots":{"index":"index","follow":"follow","max-snippet":"max-snippet:-1","max-image-preview":"max-image-preview:large","max-video-preview":"max-video-preview:-1"},"canonical":"https:\/\/www.musikzeitung.ch\/it\/news\/2024\/09\/preissegen-fuer-luzerner-musikstudierende\/","og_locale":"it_IT","og_type":"article","og_title":"Preissegen f\u00fcr Luzerner Musikstudierende - Schweizer Musikzeitung","og_description":"218 Bachelor- und Master-Absolventinnen und Absolventen des Departements Musik an der HSLU haben ihre Diplome erhalten. Dabei wurden neun Preise vergeben.","og_url":"https:\/\/www.musikzeitung.ch\/it\/news\/2024\/09\/preissegen-fuer-luzerner-musikstudierende\/","og_site_name":"Schweizer Musikzeitung","article_publisher":"https:\/\/www.facebook.com\/SchweizerMusikzeitung\/","article_author":"https:\/\/www.facebook.com\/wolfgang.bohler.75","article_published_time":"2024-09-09T04:04:18+00:00","article_modified_time":"2024-09-12T06:56:16+00:00","og_image":[{"width":1329,"height":880,"url":"https:\/\/www.musikzeitung.ch\/wp-content\/uploads\/2024\/09\/240909hslu.jpg","type":"image\/jpeg"}],"author":"Wolfgang B\u00f6hler","twitter_card":"summary_large_image","twitter_creator":"@smusikzeitung","twitter_site":"@smusikzeitung","twitter_misc":{"Scritto da":"Wolfgang B\u00f6hler","Tempo di lettura stimato":"2 minuti"},"schema":{"@context":"https:\/\/schema.org","@graph":[{"@type":"Article","@id":"https:\/\/www.musikzeitung.ch\/news\/2024\/09\/preissegen-fuer-luzerner-musikstudierende#article","isPartOf":{"@id":"https:\/\/www.musikzeitung.ch\/news\/2024\/09\/preissegen-fuer-luzerner-musikstudierende"},"author":{"name":"Wolfgang B\u00f6hler","@id":"https:\/\/www.musikzeitung.ch\/#\/schema\/person\/0da4fb82d243f1252850a35d0e87cf0c"},"headline":"Preissegen f\u00fcr Luzerner Musikstudierende","datePublished":"2024-09-09T04:04:18+00:00","dateModified":"2024-09-12T06:56:16+00:00","mainEntityOfPage":{"@id":"https:\/\/www.musikzeitung.ch\/news\/2024\/09\/preissegen-fuer-luzerner-musikstudierende"},"wordCount":251,"publisher":{"@id":"https:\/\/www.musikzeitung.ch\/#organization"},"image":{"@id":"https:\/\/www.musikzeitung.ch\/news\/2024\/09\/preissegen-fuer-luzerner-musikstudierende#primaryimage"},"thumbnailUrl":"https:\/\/www.musikzeitung.ch\/wp-content\/uploads\/2024\/09\/240909hslu.jpg","keywords":["HSLU","ST.ART \u2013 Nachwuchsf\u00f6rderpreis Kultur","Strebi Preis"],"articleSection":["News"],"inLanguage":"it-IT"},{"@type":"WebPage","@id":"https:\/\/www.musikzeitung.ch\/news\/2024\/09\/preissegen-fuer-luzerner-musikstudierende","url":"https:\/\/www.musikzeitung.ch\/news\/2024\/09\/preissegen-fuer-luzerner-musikstudierende","name":"Preissegen f\u00fcr Luzerner Musikstudierende - Schweizer Musikzeitung","isPartOf":{"@id":"https:\/\/www.musikzeitung.ch\/#website"},"primaryImageOfPage":{"@id":"https:\/\/www.musikzeitung.ch\/news\/2024\/09\/preissegen-fuer-luzerner-musikstudierende#primaryimage"},"image":{"@id":"https:\/\/www.musikzeitung.ch\/news\/2024\/09\/preissegen-fuer-luzerner-musikstudierende#primaryimage"},"thumbnailUrl":"https:\/\/www.musikzeitung.ch\/wp-content\/uploads\/2024\/09\/240909hslu.jpg","datePublished":"2024-09-09T04:04:18+00:00","dateModified":"2024-09-12T06:56:16+00:00","description":"218 Bachelor- und Master-Absolventinnen und Absolventen des Departements Musik an der HSLU haben ihre Diplome erhalten. Dabei wurden neun Preise vergeben.","breadcrumb":{"@id":"https:\/\/www.musikzeitung.ch\/news\/2024\/09\/preissegen-fuer-luzerner-musikstudierende#breadcrumb"},"inLanguage":"it-IT","potentialAction":[{"@type":"ReadAction","target":["https:\/\/www.musikzeitung.ch\/news\/2024\/09\/preissegen-fuer-luzerner-musikstudierende"]}]},{"@type":"ImageObject","inLanguage":"it-IT","@id":"https:\/\/www.musikzeitung.ch\/news\/2024\/09\/preissegen-fuer-luzerner-musikstudierende#primaryimage","url":"https:\/\/www.musikzeitung.ch\/wp-content\/uploads\/2024\/09\/240909hslu.jpg","contentUrl":"https:\/\/www.musikzeitung.ch\/wp-content\/uploads\/2024\/09\/240909hslu.jpg","width":1329,"height":880,"caption":"(vlnr.): Busse-Grawitz; Niederhauser; Semiankou; Costa; Pimentel Rodrigues; St\u00f6ckmann; Brilli; Rigling. (Bild: HSLU\/Heinz Dahinden)"},{"@type":"BreadcrumbList","@id":"https:\/\/www.musikzeitung.ch\/news\/2024\/09\/preissegen-fuer-luzerner-musikstudierende#breadcrumb","itemListElement":[{"@type":"ListItem","position":1,"name":"Home","item":"https:\/\/www.musikzeitung.ch\/"},{"@type":"ListItem","position":2,"name":"Preissegen f\u00fcr Luzerner Musikstudierende"}]},{"@type":"WebSite","@id":"https:\/\/www.musikzeitung.ch\/#website","url":"https:\/\/www.musikzeitung.ch\/","name":"Giornale musicale svizzero","description":"Il principale mensile interdisciplinare della Svizzera per le questioni musicali.","publisher":{"@id":"https:\/\/www.musikzeitung.ch\/#organization"},"potentialAction":[{"@type":"SearchAction","target":{"@type":"EntryPoint","urlTemplate":"https:\/\/www.musikzeitung.ch\/?s={search_term_string}"},"query-input":{"@type":"PropertyValueSpecification","valueRequired":true,"valueName":"search_term_string"}}],"inLanguage":"it-IT"},{"@type":"Organization","@id":"https:\/\/www.musikzeitung.ch\/#organization","name":"Giornale musicale svizzero","url":"https:\/\/www.musikzeitung.ch\/","logo":{"@type":"ImageObject","inLanguage":"it-IT","@id":"https:\/\/www.musikzeitung.ch\/#\/schema\/logo\/image\/","url":"https:\/\/www.musikzeitung.ch\/wp-content\/uploads\/2023\/01\/SMZ_Schriftzug_Sprache.png","contentUrl":"https:\/\/www.musikzeitung.ch\/wp-content\/uploads\/2023\/01\/SMZ_Schriftzug_Sprache.png","width":1400,"height":279,"caption":"Schweizer Musikzeitung"},"image":{"@id":"https:\/\/www.musikzeitung.ch\/#\/schema\/logo\/image\/"},"sameAs":["https:\/\/www.facebook.com\/SchweizerMusikzeitung\/","https:\/\/x.com\/smusikzeitung","https:\/\/www.instagram.com\/musikzeitung.ch\/"]},{"@type":"Person","@id":"https:\/\/www.musikzeitung.ch\/#\/schema\/person\/0da4fb82d243f1252850a35d0e87cf0c","name":"Wolfgang B\u00f6hler","image":{"@type":"ImageObject","inLanguage":"it-IT","@id":"https:\/\/www.musikzeitung.ch\/wp-content\/uploads\/2023\/01\/boehler_portraet_web-e1674139782246-96x96.jpg","url":"https:\/\/www.musikzeitung.ch\/wp-content\/uploads\/2023\/01\/boehler_portraet_web-e1674139782246-96x96.jpg","contentUrl":"https:\/\/www.musikzeitung.ch\/wp-content\/uploads\/2023\/01\/boehler_portraet_web-e1674139782246-96x96.jpg","caption":"Wolfgang B\u00f6hler"},"sameAs":["http:\/\/www.manacanto.ch","https:\/\/www.facebook.com\/wolfgang.bohler.75"],"url":"https:\/\/www.musikzeitung.ch\/it\/author\/wolfgang-boehler"}]}},"publishpress_future_workflow_manual_trigger":{"enabledWorkflows":[]},"_links":{"self":[{"href":"https:\/\/www.musikzeitung.ch\/it\/wp-json\/wp\/v2\/posts\/57847","targetHints":{"allow":["GET"]}}],"collection":[{"href":"https:\/\/www.musikzeitung.ch\/it\/wp-json\/wp\/v2\/posts"}],"about":[{"href":"https:\/\/www.musikzeitung.ch\/it\/wp-json\/wp\/v2\/types\/post"}],"author":[{"embeddable":true,"href":"https:\/\/www.musikzeitung.ch\/it\/wp-json\/wp\/v2\/users\/30"}],"replies":[{"embeddable":true,"href":"https:\/\/www.musikzeitung.ch\/it\/wp-json\/wp\/v2\/comments?post=57847"}],"version-history":[{"count":2,"href":"https:\/\/www.musikzeitung.ch\/it\/wp-json\/wp\/v2\/posts\/57847\/revisions"}],"predecessor-version":[{"id":57850,"href":"https:\/\/www.musikzeitung.ch\/it\/wp-json\/wp\/v2\/posts\/57847\/revisions\/57850"}],"wp:featuredmedia":[{"embeddable":true,"href":"https:\/\/www.musikzeitung.ch\/it\/wp-json\/wp\/v2\/media\/57848"}],"wp:attachment":[{"href":"https:\/\/www.musikzeitung.ch\/it\/wp-json\/wp\/v2\/media?parent=57847"}],"wp:term":[{"taxonomy":"category","embeddable":true,"href":"https:\/\/www.musikzeitung.ch\/it\/wp-json\/wp\/v2\/categories?post=57847"},{"taxonomy":"post_tag","embeddable":true,"href":"https:\/\/www.musikzeitung.ch\/it\/wp-json\/wp\/v2\/tags?post=57847"}],"curies":[{"name":"wp","href":"https:\/\/api.w.org\/{rel}","templated":true}]}}