{"id":57951,"date":"2024-09-10T09:18:54","date_gmt":"2024-09-10T07:18:54","guid":{"rendered":"https:\/\/www.musikzeitung.ch\/?p=57951"},"modified":"2024-09-12T09:03:02","modified_gmt":"2024-09-12T07:03:02","slug":"musikpreise-2024-des-kantons-bern","status":"publish","type":"post","link":"https:\/\/www.musikzeitung.ch\/it\/news\/2024\/09\/musikpreise-2024-des-kantons-bern","title":{"rendered":"Premi musicali 2024 del Cantone di Berna"},"content":{"rendered":"<figure id=\"attachment_57952\" aria-describedby=\"caption-attachment-57952\" style=\"width: 768px\" class=\"wp-caption alignnone\"><img loading=\"lazy\" decoding=\"async\" class=\"size-large wp-image-57952\" src=\"https:\/\/www.musikzeitung.ch\/wp-content\/uploads\/2024\/09\/240910matrix-1024x568.jpg\" alt=\"\" width=\"768\" height=\"426\" srcset=\"https:\/\/www.musikzeitung.ch\/wp-content\/uploads\/2024\/09\/240910matrix-1024x568.jpg 1024w, https:\/\/www.musikzeitung.ch\/wp-content\/uploads\/2024\/09\/240910matrix-300x166.jpg 300w, https:\/\/www.musikzeitung.ch\/wp-content\/uploads\/2024\/09\/240910matrix-768x426.jpg 768w, https:\/\/www.musikzeitung.ch\/wp-content\/uploads\/2024\/09\/240910matrix-18x10.jpg 18w, https:\/\/www.musikzeitung.ch\/wp-content\/uploads\/2024\/09\/240910matrix-316x175.jpg 316w, https:\/\/www.musikzeitung.ch\/wp-content\/uploads\/2024\/09\/240910matrix-632x350.jpg 632w, https:\/\/www.musikzeitung.ch\/wp-content\/uploads\/2024\/09\/240910matrix-920x510.jpg 920w, https:\/\/www.musikzeitung.ch\/wp-content\/uploads\/2024\/09\/240910matrix.jpg 1088w\" sizes=\"auto, (max-width: 768px) 100vw, 768px\" \/><figcaption id=\"caption-attachment-57952\" class=\"wp-caption-text\">Malcolm Braff e la Maison-Matrice (Immagine: Youtube-Still)<\/figcaption><\/figure>\n<p>Malcolm Braff ha inciso circa 30 dischi in varie formazioni, tra cui due per l'etichetta Blue Note. A Cr\u00e9mines, dove vive, ha fondato insieme ad altri la Maison-Matrice, una casa dedicata all'arte e alla creativit\u00e0 di tutti per tutti, che opera secondo il principio dell'economia della donazione. Il Cantone di Berna onora Malcolm Braff per \"la sua forte personalit\u00e0 musicale, il suo enorme talento e la sua straordinaria apertura\".<\/p>\n<p>Come violinista solista e musicista da camera, Gabrielle Brunner si dedica in particolare alla musica contemporanea. \u00c8 molto richiesta come compositrice su commissione e le sono state commissionate opere da numerose istituzioni, tra cui il Festival di Lucerna e il Festival di Musica di Berna.<\/p>\n<p>Annalena Fr\u00f6hlich ha costruito una rete internazionale e ha stabilito una vasta pratica artistica autodidatta incentrata su suono, sound design, performance e videoarte. Lavora a un Gesamtkunstwerk transmediale e a una dichiarazione politica audiovisiva che esiste sia nello spazio fisico che in quello virtuale.<\/p>\n<p>Beat Man Zeller \u00e8 diventato parte integrante della scena musicale bernese. Si \u00e8 cimentato come cantante e musicista all'et\u00e0 di 13 anni prima di fondare la sua band The Monsters nel 1986 e di lanciare la sua etichetta discografica Voodoo Rhythm Records nel 1992. Con i The Monsters, Zeller ha creato un genere completamente nuovo che fondeva lo psychobilly con il garage punk e lo ha presentato in pi\u00f9 di mille concerti in Sud America, Giappone, Australia, Stati Uniti e nel resto del mondo.<\/p>\n<p>Il gruppo Mouche-Miel, firmato Humus Records, \u00e8 composto da Silas Auderset alla batteria e S\u00e9bastien Minguely alla chitarra. Si tratta di un rock strumentale con influenze metal\/math rock. I due eccentrici musicisti di St-Imier riescono ad accendere un fuoco sul palco e a infiammare il pubblico.<\/p>\n<p>I premi in denaro ammontano a 15.000 franchi svizzeri ciascuno e a 3.000 franchi svizzeri per il premio \"Coup de c\u0153ur\" per i giovani talenti.<\/p>","protected":false},"excerpt":{"rendered":"<p>Malcolm Braff, Gabrielle Brunner, Annalena Fr\u00f6hlich e Beat Man Zeller alias Reverendo Beat-Man sono stati insigniti del Premio musicale del Cantone di Berna 2024. Il premio \"Coup de c\u0153ur\" per i giovani talenti va alla band Mouche-Miel di St-Imier.<\/p>","protected":false},"author":30,"featured_media":57952,"comment_status":"closed","ping_status":"closed","sticky":false,"template":"","format":"standard","meta":{"_acf_changed":false,"_relevanssi_hide_post":"","_relevanssi_hide_content":"","_relevanssi_pin_for_all":"","_relevanssi_pin_keywords":"","_relevanssi_unpin_keywords":"","_relevanssi_related_keywords":"","_relevanssi_related_include_ids":"","_relevanssi_related_exclude_ids":"","_relevanssi_related_no_append":"","_relevanssi_related_not_related":"","_relevanssi_related_posts":"","_relevanssi_noindex_reason":"","pgc_sgb_lightbox_settings":"","footnotes":""},"categories":[27],"tags":[4292],"class_list":["post-57951","post","type-post","status-publish","format-standard","has-post-thumbnail","hentry","category-news","tag-musikpreise-kanton-bern"],"acf":[],"yoast_head":"<!-- This site is optimized with the Yoast SEO plugin v27.4 - https:\/\/yoast.com\/product\/yoast-seo-wordpress\/ -->\n<title>Musikpreise 2024 des Kantons Bern - Schweizer Musikzeitung<\/title>\n<meta name=\"description\" content=\"Malcolm Braff, Gabrielle Brunner, Annalena Fr\u00f6hlich und Beat Man Zeller aka Reverend Beat-Man werden mit dem Musikpreis des Kantons Bern 2024 geehrt.\" \/>\n<meta name=\"robots\" content=\"index, follow, max-snippet:-1, max-image-preview:large, max-video-preview:-1\" \/>\n<link rel=\"canonical\" href=\"https:\/\/www.musikzeitung.ch\/it\/news\/2024\/09\/musikpreise-2024-des-kantons-bern\/\" \/>\n<meta property=\"og:locale\" content=\"it_IT\" \/>\n<meta property=\"og:type\" content=\"article\" \/>\n<meta property=\"og:title\" content=\"Musikpreise 2024 des Kantons Bern - Schweizer Musikzeitung\" \/>\n<meta property=\"og:description\" content=\"Malcolm Braff, Gabrielle Brunner, Annalena Fr\u00f6hlich und Beat Man Zeller aka Reverend Beat-Man werden mit dem Musikpreis des Kantons Bern 2024 geehrt.\" \/>\n<meta property=\"og:url\" content=\"https:\/\/www.musikzeitung.ch\/it\/news\/2024\/09\/musikpreise-2024-des-kantons-bern\/\" \/>\n<meta property=\"og:site_name\" content=\"Schweizer Musikzeitung\" \/>\n<meta property=\"article:publisher\" content=\"https:\/\/www.facebook.com\/SchweizerMusikzeitung\/\" \/>\n<meta property=\"article:author\" content=\"https:\/\/www.facebook.com\/wolfgang.bohler.75\" \/>\n<meta property=\"article:published_time\" content=\"2024-09-10T07:18:54+00:00\" \/>\n<meta property=\"article:modified_time\" content=\"2024-09-12T07:03:02+00:00\" \/>\n<meta property=\"og:image\" content=\"https:\/\/www.musikzeitung.ch\/wp-content\/uploads\/2024\/09\/240910matrix.jpg\" \/>\n\t<meta property=\"og:image:width\" content=\"1088\" \/>\n\t<meta property=\"og:image:height\" content=\"603\" \/>\n\t<meta property=\"og:image:type\" content=\"image\/jpeg\" \/>\n<meta name=\"author\" content=\"Wolfgang B\u00f6hler\" \/>\n<meta name=\"twitter:card\" content=\"summary_large_image\" \/>\n<meta name=\"twitter:creator\" content=\"@smusikzeitung\" \/>\n<meta name=\"twitter:site\" content=\"@smusikzeitung\" \/>\n<meta name=\"twitter:label1\" content=\"Scritto da\" \/>\n\t<meta name=\"twitter:data1\" content=\"Wolfgang B\u00f6hler\" \/>\n\t<meta name=\"twitter:label2\" content=\"Tempo di lettura stimato\" \/>\n\t<meta name=\"twitter:data2\" content=\"3 minuti\" \/>\n<script type=\"application\/ld+json\" class=\"yoast-schema-graph\">{\"@context\":\"https:\\\/\\\/schema.org\",\"@graph\":[{\"@type\":\"Article\",\"@id\":\"https:\\\/\\\/www.musikzeitung.ch\\\/news\\\/2024\\\/09\\\/musikpreise-2024-des-kantons-bern#article\",\"isPartOf\":{\"@id\":\"https:\\\/\\\/www.musikzeitung.ch\\\/news\\\/2024\\\/09\\\/musikpreise-2024-des-kantons-bern\"},\"author\":{\"name\":\"Wolfgang B\u00f6hler\",\"@id\":\"https:\\\/\\\/www.musikzeitung.ch\\\/#\\\/schema\\\/person\\\/0da4fb82d243f1252850a35d0e87cf0c\"},\"headline\":\"Musikpreise 2024 des Kantons Bern\",\"datePublished\":\"2024-09-10T07:18:54+00:00\",\"dateModified\":\"2024-09-12T07:03:02+00:00\",\"mainEntityOfPage\":{\"@id\":\"https:\\\/\\\/www.musikzeitung.ch\\\/news\\\/2024\\\/09\\\/musikpreise-2024-des-kantons-bern\"},\"wordCount\":321,\"publisher\":{\"@id\":\"https:\\\/\\\/www.musikzeitung.ch\\\/#organization\"},\"image\":{\"@id\":\"https:\\\/\\\/www.musikzeitung.ch\\\/news\\\/2024\\\/09\\\/musikpreise-2024-des-kantons-bern#primaryimage\"},\"thumbnailUrl\":\"https:\\\/\\\/www.musikzeitung.ch\\\/wp-content\\\/uploads\\\/2024\\\/09\\\/240910matrix.jpg\",\"keywords\":[\"Musikpreise Kanton Bern\"],\"articleSection\":[\"News\"],\"inLanguage\":\"it-IT\"},{\"@type\":\"WebPage\",\"@id\":\"https:\\\/\\\/www.musikzeitung.ch\\\/news\\\/2024\\\/09\\\/musikpreise-2024-des-kantons-bern\",\"url\":\"https:\\\/\\\/www.musikzeitung.ch\\\/news\\\/2024\\\/09\\\/musikpreise-2024-des-kantons-bern\",\"name\":\"Musikpreise 2024 des Kantons Bern - Schweizer Musikzeitung\",\"isPartOf\":{\"@id\":\"https:\\\/\\\/www.musikzeitung.ch\\\/#website\"},\"primaryImageOfPage\":{\"@id\":\"https:\\\/\\\/www.musikzeitung.ch\\\/news\\\/2024\\\/09\\\/musikpreise-2024-des-kantons-bern#primaryimage\"},\"image\":{\"@id\":\"https:\\\/\\\/www.musikzeitung.ch\\\/news\\\/2024\\\/09\\\/musikpreise-2024-des-kantons-bern#primaryimage\"},\"thumbnailUrl\":\"https:\\\/\\\/www.musikzeitung.ch\\\/wp-content\\\/uploads\\\/2024\\\/09\\\/240910matrix.jpg\",\"datePublished\":\"2024-09-10T07:18:54+00:00\",\"dateModified\":\"2024-09-12T07:03:02+00:00\",\"description\":\"Malcolm Braff, Gabrielle Brunner, Annalena Fr\u00f6hlich und Beat Man Zeller aka Reverend Beat-Man werden mit dem Musikpreis des Kantons Bern 2024 geehrt.\",\"breadcrumb\":{\"@id\":\"https:\\\/\\\/www.musikzeitung.ch\\\/news\\\/2024\\\/09\\\/musikpreise-2024-des-kantons-bern#breadcrumb\"},\"inLanguage\":\"it-IT\",\"potentialAction\":[{\"@type\":\"ReadAction\",\"target\":[\"https:\\\/\\\/www.musikzeitung.ch\\\/news\\\/2024\\\/09\\\/musikpreise-2024-des-kantons-bern\"]}]},{\"@type\":\"ImageObject\",\"inLanguage\":\"it-IT\",\"@id\":\"https:\\\/\\\/www.musikzeitung.ch\\\/news\\\/2024\\\/09\\\/musikpreise-2024-des-kantons-bern#primaryimage\",\"url\":\"https:\\\/\\\/www.musikzeitung.ch\\\/wp-content\\\/uploads\\\/2024\\\/09\\\/240910matrix.jpg\",\"contentUrl\":\"https:\\\/\\\/www.musikzeitung.ch\\\/wp-content\\\/uploads\\\/2024\\\/09\\\/240910matrix.jpg\",\"width\":1088,\"height\":603,\"caption\":\"Matrix Haus (Bild: Youtube-Still)\"},{\"@type\":\"BreadcrumbList\",\"@id\":\"https:\\\/\\\/www.musikzeitung.ch\\\/news\\\/2024\\\/09\\\/musikpreise-2024-des-kantons-bern#breadcrumb\",\"itemListElement\":[{\"@type\":\"ListItem\",\"position\":1,\"name\":\"Home\",\"item\":\"https:\\\/\\\/www.musikzeitung.ch\\\/\"},{\"@type\":\"ListItem\",\"position\":2,\"name\":\"Musikpreise 2024 des Kantons Bern\"}]},{\"@type\":\"WebSite\",\"@id\":\"https:\\\/\\\/www.musikzeitung.ch\\\/#website\",\"url\":\"https:\\\/\\\/www.musikzeitung.ch\\\/\",\"name\":\"Schweizer Musikzeitung\",\"description\":\"Die f\u00fchrende sparten\u00fcbergreifende Monatszeitung in der Schweiz f\u00fcr musikalische Fragen.\",\"publisher\":{\"@id\":\"https:\\\/\\\/www.musikzeitung.ch\\\/#organization\"},\"potentialAction\":[{\"@type\":\"SearchAction\",\"target\":{\"@type\":\"EntryPoint\",\"urlTemplate\":\"https:\\\/\\\/www.musikzeitung.ch\\\/?s={search_term_string}\"},\"query-input\":{\"@type\":\"PropertyValueSpecification\",\"valueRequired\":true,\"valueName\":\"search_term_string\"}}],\"inLanguage\":\"it-IT\"},{\"@type\":\"Organization\",\"@id\":\"https:\\\/\\\/www.musikzeitung.ch\\\/#organization\",\"name\":\"Schweizer Musikzeitung\",\"url\":\"https:\\\/\\\/www.musikzeitung.ch\\\/\",\"logo\":{\"@type\":\"ImageObject\",\"inLanguage\":\"it-IT\",\"@id\":\"https:\\\/\\\/www.musikzeitung.ch\\\/#\\\/schema\\\/logo\\\/image\\\/\",\"url\":\"https:\\\/\\\/www.musikzeitung.ch\\\/wp-content\\\/uploads\\\/2023\\\/01\\\/SMZ_Schriftzug_Sprache.png\",\"contentUrl\":\"https:\\\/\\\/www.musikzeitung.ch\\\/wp-content\\\/uploads\\\/2023\\\/01\\\/SMZ_Schriftzug_Sprache.png\",\"width\":1400,\"height\":279,\"caption\":\"Schweizer Musikzeitung\"},\"image\":{\"@id\":\"https:\\\/\\\/www.musikzeitung.ch\\\/#\\\/schema\\\/logo\\\/image\\\/\"},\"sameAs\":[\"https:\\\/\\\/www.facebook.com\\\/SchweizerMusikzeitung\\\/\",\"https:\\\/\\\/x.com\\\/smusikzeitung\",\"https:\\\/\\\/www.instagram.com\\\/musikzeitung.ch\\\/\"]},{\"@type\":\"Person\",\"@id\":\"https:\\\/\\\/www.musikzeitung.ch\\\/#\\\/schema\\\/person\\\/0da4fb82d243f1252850a35d0e87cf0c\",\"name\":\"Wolfgang B\u00f6hler\",\"image\":{\"@type\":\"ImageObject\",\"inLanguage\":\"it-IT\",\"@id\":\"https:\\\/\\\/www.musikzeitung.ch\\\/wp-content\\\/uploads\\\/2023\\\/01\\\/boehler_portraet_web-e1674139782246-96x96.jpg\",\"url\":\"https:\\\/\\\/www.musikzeitung.ch\\\/wp-content\\\/uploads\\\/2023\\\/01\\\/boehler_portraet_web-e1674139782246-96x96.jpg\",\"contentUrl\":\"https:\\\/\\\/www.musikzeitung.ch\\\/wp-content\\\/uploads\\\/2023\\\/01\\\/boehler_portraet_web-e1674139782246-96x96.jpg\",\"caption\":\"Wolfgang B\u00f6hler\"},\"sameAs\":[\"http:\\\/\\\/www.manacanto.ch\",\"https:\\\/\\\/www.facebook.com\\\/wolfgang.bohler.75\"],\"url\":\"https:\\\/\\\/www.musikzeitung.ch\\\/it\\\/author\\\/wolfgang-boehler\"}]}<\/script>\n<!-- \/ Yoast SEO plugin. -->","yoast_head_json":{"title":"Musikpreise 2024 des Kantons Bern - Schweizer Musikzeitung","description":"Malcolm Braff, Gabrielle Brunner, Annalena Fr\u00f6hlich und Beat Man Zeller aka Reverend Beat-Man werden mit dem Musikpreis des Kantons Bern 2024 geehrt.","robots":{"index":"index","follow":"follow","max-snippet":"max-snippet:-1","max-image-preview":"max-image-preview:large","max-video-preview":"max-video-preview:-1"},"canonical":"https:\/\/www.musikzeitung.ch\/it\/news\/2024\/09\/musikpreise-2024-des-kantons-bern\/","og_locale":"it_IT","og_type":"article","og_title":"Musikpreise 2024 des Kantons Bern - Schweizer Musikzeitung","og_description":"Malcolm Braff, Gabrielle Brunner, Annalena Fr\u00f6hlich und Beat Man Zeller aka Reverend Beat-Man werden mit dem Musikpreis des Kantons Bern 2024 geehrt.","og_url":"https:\/\/www.musikzeitung.ch\/it\/news\/2024\/09\/musikpreise-2024-des-kantons-bern\/","og_site_name":"Schweizer Musikzeitung","article_publisher":"https:\/\/www.facebook.com\/SchweizerMusikzeitung\/","article_author":"https:\/\/www.facebook.com\/wolfgang.bohler.75","article_published_time":"2024-09-10T07:18:54+00:00","article_modified_time":"2024-09-12T07:03:02+00:00","og_image":[{"width":1088,"height":603,"url":"https:\/\/www.musikzeitung.ch\/wp-content\/uploads\/2024\/09\/240910matrix.jpg","type":"image\/jpeg"}],"author":"Wolfgang B\u00f6hler","twitter_card":"summary_large_image","twitter_creator":"@smusikzeitung","twitter_site":"@smusikzeitung","twitter_misc":{"Scritto da":"Wolfgang B\u00f6hler","Tempo di lettura stimato":"3 minuti"},"schema":{"@context":"https:\/\/schema.org","@graph":[{"@type":"Article","@id":"https:\/\/www.musikzeitung.ch\/news\/2024\/09\/musikpreise-2024-des-kantons-bern#article","isPartOf":{"@id":"https:\/\/www.musikzeitung.ch\/news\/2024\/09\/musikpreise-2024-des-kantons-bern"},"author":{"name":"Wolfgang B\u00f6hler","@id":"https:\/\/www.musikzeitung.ch\/#\/schema\/person\/0da4fb82d243f1252850a35d0e87cf0c"},"headline":"Musikpreise 2024 des Kantons Bern","datePublished":"2024-09-10T07:18:54+00:00","dateModified":"2024-09-12T07:03:02+00:00","mainEntityOfPage":{"@id":"https:\/\/www.musikzeitung.ch\/news\/2024\/09\/musikpreise-2024-des-kantons-bern"},"wordCount":321,"publisher":{"@id":"https:\/\/www.musikzeitung.ch\/#organization"},"image":{"@id":"https:\/\/www.musikzeitung.ch\/news\/2024\/09\/musikpreise-2024-des-kantons-bern#primaryimage"},"thumbnailUrl":"https:\/\/www.musikzeitung.ch\/wp-content\/uploads\/2024\/09\/240910matrix.jpg","keywords":["Musikpreise Kanton Bern"],"articleSection":["News"],"inLanguage":"it-IT"},{"@type":"WebPage","@id":"https:\/\/www.musikzeitung.ch\/news\/2024\/09\/musikpreise-2024-des-kantons-bern","url":"https:\/\/www.musikzeitung.ch\/news\/2024\/09\/musikpreise-2024-des-kantons-bern","name":"Musikpreise 2024 des Kantons Bern - Schweizer Musikzeitung","isPartOf":{"@id":"https:\/\/www.musikzeitung.ch\/#website"},"primaryImageOfPage":{"@id":"https:\/\/www.musikzeitung.ch\/news\/2024\/09\/musikpreise-2024-des-kantons-bern#primaryimage"},"image":{"@id":"https:\/\/www.musikzeitung.ch\/news\/2024\/09\/musikpreise-2024-des-kantons-bern#primaryimage"},"thumbnailUrl":"https:\/\/www.musikzeitung.ch\/wp-content\/uploads\/2024\/09\/240910matrix.jpg","datePublished":"2024-09-10T07:18:54+00:00","dateModified":"2024-09-12T07:03:02+00:00","description":"Malcolm Braff, Gabrielle Brunner, Annalena Fr\u00f6hlich und Beat Man Zeller aka Reverend Beat-Man werden mit dem Musikpreis des Kantons Bern 2024 geehrt.","breadcrumb":{"@id":"https:\/\/www.musikzeitung.ch\/news\/2024\/09\/musikpreise-2024-des-kantons-bern#breadcrumb"},"inLanguage":"it-IT","potentialAction":[{"@type":"ReadAction","target":["https:\/\/www.musikzeitung.ch\/news\/2024\/09\/musikpreise-2024-des-kantons-bern"]}]},{"@type":"ImageObject","inLanguage":"it-IT","@id":"https:\/\/www.musikzeitung.ch\/news\/2024\/09\/musikpreise-2024-des-kantons-bern#primaryimage","url":"https:\/\/www.musikzeitung.ch\/wp-content\/uploads\/2024\/09\/240910matrix.jpg","contentUrl":"https:\/\/www.musikzeitung.ch\/wp-content\/uploads\/2024\/09\/240910matrix.jpg","width":1088,"height":603,"caption":"Matrix Haus (Bild: Youtube-Still)"},{"@type":"BreadcrumbList","@id":"https:\/\/www.musikzeitung.ch\/news\/2024\/09\/musikpreise-2024-des-kantons-bern#breadcrumb","itemListElement":[{"@type":"ListItem","position":1,"name":"Home","item":"https:\/\/www.musikzeitung.ch\/"},{"@type":"ListItem","position":2,"name":"Musikpreise 2024 des Kantons Bern"}]},{"@type":"WebSite","@id":"https:\/\/www.musikzeitung.ch\/#website","url":"https:\/\/www.musikzeitung.ch\/","name":"Giornale musicale svizzero","description":"Il principale mensile interdisciplinare della Svizzera per le questioni musicali.","publisher":{"@id":"https:\/\/www.musikzeitung.ch\/#organization"},"potentialAction":[{"@type":"SearchAction","target":{"@type":"EntryPoint","urlTemplate":"https:\/\/www.musikzeitung.ch\/?s={search_term_string}"},"query-input":{"@type":"PropertyValueSpecification","valueRequired":true,"valueName":"search_term_string"}}],"inLanguage":"it-IT"},{"@type":"Organization","@id":"https:\/\/www.musikzeitung.ch\/#organization","name":"Giornale musicale svizzero","url":"https:\/\/www.musikzeitung.ch\/","logo":{"@type":"ImageObject","inLanguage":"it-IT","@id":"https:\/\/www.musikzeitung.ch\/#\/schema\/logo\/image\/","url":"https:\/\/www.musikzeitung.ch\/wp-content\/uploads\/2023\/01\/SMZ_Schriftzug_Sprache.png","contentUrl":"https:\/\/www.musikzeitung.ch\/wp-content\/uploads\/2023\/01\/SMZ_Schriftzug_Sprache.png","width":1400,"height":279,"caption":"Schweizer Musikzeitung"},"image":{"@id":"https:\/\/www.musikzeitung.ch\/#\/schema\/logo\/image\/"},"sameAs":["https:\/\/www.facebook.com\/SchweizerMusikzeitung\/","https:\/\/x.com\/smusikzeitung","https:\/\/www.instagram.com\/musikzeitung.ch\/"]},{"@type":"Person","@id":"https:\/\/www.musikzeitung.ch\/#\/schema\/person\/0da4fb82d243f1252850a35d0e87cf0c","name":"Wolfgang B\u00f6hler","image":{"@type":"ImageObject","inLanguage":"it-IT","@id":"https:\/\/www.musikzeitung.ch\/wp-content\/uploads\/2023\/01\/boehler_portraet_web-e1674139782246-96x96.jpg","url":"https:\/\/www.musikzeitung.ch\/wp-content\/uploads\/2023\/01\/boehler_portraet_web-e1674139782246-96x96.jpg","contentUrl":"https:\/\/www.musikzeitung.ch\/wp-content\/uploads\/2023\/01\/boehler_portraet_web-e1674139782246-96x96.jpg","caption":"Wolfgang B\u00f6hler"},"sameAs":["http:\/\/www.manacanto.ch","https:\/\/www.facebook.com\/wolfgang.bohler.75"],"url":"https:\/\/www.musikzeitung.ch\/it\/author\/wolfgang-boehler"}]}},"publishpress_future_workflow_manual_trigger":{"enabledWorkflows":[]},"_links":{"self":[{"href":"https:\/\/www.musikzeitung.ch\/it\/wp-json\/wp\/v2\/posts\/57951","targetHints":{"allow":["GET"]}}],"collection":[{"href":"https:\/\/www.musikzeitung.ch\/it\/wp-json\/wp\/v2\/posts"}],"about":[{"href":"https:\/\/www.musikzeitung.ch\/it\/wp-json\/wp\/v2\/types\/post"}],"author":[{"embeddable":true,"href":"https:\/\/www.musikzeitung.ch\/it\/wp-json\/wp\/v2\/users\/30"}],"replies":[{"embeddable":true,"href":"https:\/\/www.musikzeitung.ch\/it\/wp-json\/wp\/v2\/comments?post=57951"}],"version-history":[{"count":4,"href":"https:\/\/www.musikzeitung.ch\/it\/wp-json\/wp\/v2\/posts\/57951\/revisions"}],"predecessor-version":[{"id":57991,"href":"https:\/\/www.musikzeitung.ch\/it\/wp-json\/wp\/v2\/posts\/57951\/revisions\/57991"}],"wp:featuredmedia":[{"embeddable":true,"href":"https:\/\/www.musikzeitung.ch\/it\/wp-json\/wp\/v2\/media\/57952"}],"wp:attachment":[{"href":"https:\/\/www.musikzeitung.ch\/it\/wp-json\/wp\/v2\/media?parent=57951"}],"wp:term":[{"taxonomy":"category","embeddable":true,"href":"https:\/\/www.musikzeitung.ch\/it\/wp-json\/wp\/v2\/categories?post=57951"},{"taxonomy":"post_tag","embeddable":true,"href":"https:\/\/www.musikzeitung.ch\/it\/wp-json\/wp\/v2\/tags?post=57951"}],"curies":[{"name":"wp","href":"https:\/\/api.w.org\/{rel}","templated":true}]}}