{"id":5828,"date":"2022-12-01T00:00:00","date_gmt":"2022-11-30T23:00:00","guid":{"rendered":"https:\/\/www.musikzeitung.ch\/allgemein\/briefe-erzaehlen-stefi-geyers-leben\/"},"modified":"2024-08-13T10:12:49","modified_gmt":"2024-08-13T08:12:49","slug":"briefe-erzaehlen-stefi-geyers-leben","status":"publish","type":"post","link":"https:\/\/www.musikzeitung.ch\/it\/rezensionen\/buecher-rezensionen\/2022\/12\/briefe-erzaehlen-stefi-geyers-leben","title":{"rendered":"Le lettere raccontano la vita di Stefi Geyer"},"content":{"rendered":"<figure style=\"width: 554px\" class=\"wp-caption alignnone\"><img loading=\"lazy\" decoding=\"async\" src=\"https:\/\/www.musikzeitung.ch\/wp-content\/uploads\/2023\/01\/1905-04_El_Teatro_Stefi_Geyer_Kaulak.jpg\" alt=\"\" width=\"554\" height=\"371\" \/><figcaption class=\"wp-caption-text\">La diciassettenne Stefi Geyer sulla copertina di una rivista teatrale spagnola. Foto: <a href=\"https:\/\/commons.wikimedia.org\/wiki\/File:1905-04,_El_Teatro,_Stefi_Geyer,_Kaulak.jpg?uselang=de\" target=\"_blank\" rel=\"noopener\">Kaulak \/ Wikimedia commons<\/a><\/figcaption><\/figure>\n<div class=\"text-section\">\n<p>Questo libro di grande spessore offre una visione intima della biografia della virtuosa del violino Stefi Geyer, allieva di Jen\u0151 Hubay, morto nel 1956. Come bambina prodigio, suon\u00f2 un concerto di B\u00e9riot a Budapest all'et\u00e0 di 10 anni, il concerto di Spohr In Form einer Gesangsszene all'et\u00e0 di 12 anni e presto un vasto repertorio in tutta Europa, ad esempio il concerto di Brahms a Berlino all'et\u00e0 di 20 anni. Nel 1907\/08, all'et\u00e0 di 19 anni, ebbe un intenso scambio epistolare con il ventiseienne B\u00e9la Bart\u00f3k. All'epoca Bart\u00f3k era impegnato nella raccolta di canzoni popolari. Ammirava le capacit\u00e0 di Stefi ed era lusingato dal suo interesse per il suo lavoro. I due discutevano in modo contraddittorio sulla fede in Dio, su varie forme di amicizia e, ancora e ancora, sul loro lavoro. Bart\u00f3k scrisse per Stefi un concerto per violino stilisticamente nuovo, il cui leitmotiv d-f diesis-a-c diesis viene sempre citato come una tacita dichiarazione d'amore. Lei ricevette il manoscritto del concerto come regalo da Bart\u00f3k, lo tenne non suonato e lo consegn\u00f2 a Paul Sacher sul letto di morte. Fu eseguito per la prima volta da Hansheinz Schneeberger a Basilea nel 1958.<\/p>\n<p>Poco dopo la fine della loro infelice storia d'amore, Bart\u00f3k spos\u00f2 Marta Ziegler e Stefi spos\u00f2 il viennese E. O. S. Jung, che mor\u00ec di influenza spagnola nel 1918. La conoscenza con il pianista, compositore e organizzatore di concerti zurighese Walter Schulthess port\u00f2 al loro matrimonio nel 1920. Zurigo divenne un centro della vita concertistica internazionale. Questo port\u00f2 a un nuovo avvicinamento a Bart\u00f3k, che si concretizz\u00f2 in una nuova corrispondenza dal 1928 fino alla morte di Bart\u00f3k nel 1945. In questa corrispondenza, le due coppie (Bart\u00f3k era sposato con la sua allieva Ditta P\u00e1sztory dal 1923) divennero presto molto familiari grazie alle vacanze trascorse insieme e in seguito si presero sempre pi\u00f9 cura. Oltre all'intensa attivit\u00e0 didattica a Zurigo, alla cura della figlia Rosmarin, nata nel 1921, al lavoro come concertista del Collegium Musicum di Zurigo, alla partecipazione alle Settimane del Festival di Lucerna e ai concerti in tutto il mondo, Stefi Geyer si occupava dei suoi parenti in Ungheria, che soffrivano sotto l'amministrazione sovietica; le lettere degli anni dal 1925 al 1956 lo testimoniano. 21 lettere di Jen\u0151 Hubay ci danno un'idea del suo continuo sostegno a Stefi.<\/p>\n<p>Il libro si legge come un appassionante romanzo epistolare. Le lettere sono integrate da una biografia fotografica e da diversi testi introduttivi dei curatori Dominik Sackmann e Helga V\u00e1radi e dei collaboratori L\u00e1szl\u00f3 Vik\u00e1rius e Kornel Zipernowsky. Particolarmente apprezzabile \u00e8 l'elaborato catalogo cronologico di tutti i concerti e le opere eseguite da Stefi Geyer.<\/p>\n<\/div>\n<div class=\"text-section\">\n<dl class=\"picture media photo\">\n<dt><img decoding=\"async\" class=\"media photo aligncenter\" src=\"https:\/\/www.musikzeitung.ch\/wp-content\/uploads\/2023\/01\/12_crit_buch_Ammann.jpg\" alt=\"Image \" \/><\/dt>\n<\/dl>\n<\/div>\n<div class=\"text-section\">\n<p><em>Stefi Geyer. Materialien zu ihrer Biografie, a cura di Helga V\u00e1radi e Dominik Sackmann, Z\u00fcrcher Musikstudien Vol. 11, 522 p., Fr. 103.00, Peter Lang, Bern et al. 2021, ISBN 978-3-0343-3769-4 (Stampa)<\/em><\/p>\n<\/div>","protected":false},"excerpt":{"rendered":"<p><strong>Helga V\u00e1radi e Dominik Sackmann non solo hanno pubblicato per la prima volta la corrispondenza completa con B\u00e9la Bart\u00f3k, ma hanno anche ripercorso l'intera vita del famoso violinista. <\/strong><\/p>","protected":false},"author":1,"featured_media":5829,"comment_status":"closed","ping_status":"closed","sticky":false,"template":"","format":"standard","meta":{"_acf_changed":false,"_relevanssi_hide_post":"","_relevanssi_hide_content":"","_relevanssi_pin_for_all":"","_relevanssi_pin_keywords":"","_relevanssi_unpin_keywords":"","_relevanssi_related_keywords":"","_relevanssi_related_include_ids":"","_relevanssi_related_exclude_ids":"","_relevanssi_related_no_append":"","_relevanssi_related_not_related":"","_relevanssi_related_posts":"","_relevanssi_noindex_reason":"","pgc_sgb_lightbox_settings":"","footnotes":""},"categories":[1214,29],"tags":[1634,1616,1638,1635,1636,1637],"class_list":["post-5828","post","type-post","status-publish","format-standard","has-post-thumbnail","hentry","category-buecher-rezensionen","category-rezensionen","tag-ammann","tag-biografie","tag-briefe","tag-geyer","tag-sackmann","tag-varadi"],"acf":[],"yoast_head":"<!-- This site is optimized with the Yoast SEO plugin v27.4 - https:\/\/yoast.com\/product\/yoast-seo-wordpress\/ -->\n<title>Briefe erz\u00e4hlen Stefi Geyers Leben - Schweizer Musikzeitung<\/title>\n<meta name=\"robots\" content=\"index, follow, max-snippet:-1, max-image-preview:large, max-video-preview:-1\" \/>\n<link rel=\"canonical\" href=\"https:\/\/www.musikzeitung.ch\/it\/rezensionen\/buecher-rezensionen\/2022\/12\/briefe-erzaehlen-stefi-geyers-leben\/\" \/>\n<meta property=\"og:locale\" content=\"it_IT\" \/>\n<meta property=\"og:type\" content=\"article\" \/>\n<meta property=\"og:title\" content=\"Briefe erz\u00e4hlen Stefi Geyers Leben - Schweizer Musikzeitung\" \/>\n<meta property=\"og:description\" content=\"Helga V\u00e1radi und Dominik Sackmann haben hier nicht nur erstmals den gesamten Briefwechsel mit B\u00e9la Bart\u00f3k ver\u00f6ffentlicht, sondern zeichnen das ganze Leben der ber\u00fchmten Geigerin nach.\" \/>\n<meta property=\"og:url\" content=\"https:\/\/www.musikzeitung.ch\/it\/rezensionen\/buecher-rezensionen\/2022\/12\/briefe-erzaehlen-stefi-geyers-leben\/\" \/>\n<meta property=\"og:site_name\" content=\"Schweizer Musikzeitung\" \/>\n<meta property=\"article:publisher\" content=\"https:\/\/www.facebook.com\/SchweizerMusikzeitung\/\" \/>\n<meta property=\"article:published_time\" content=\"2022-11-30T23:00:00+00:00\" \/>\n<meta property=\"article:modified_time\" content=\"2024-08-13T08:12:49+00:00\" \/>\n<meta property=\"og:image\" content=\"https:\/\/www.musikzeitung.ch\/wp-content\/uploads\/2023\/01\/1905-04_El_Teatro_Stefi_Geyer_Kaulak.jpg\" \/>\n\t<meta property=\"og:image:width\" content=\"554\" \/>\n\t<meta property=\"og:image:height\" content=\"371\" \/>\n\t<meta property=\"og:image:type\" content=\"image\/jpeg\" \/>\n<meta name=\"author\" content=\"Musikzeitung-Redaktion\" \/>\n<meta name=\"twitter:card\" content=\"summary_large_image\" \/>\n<meta name=\"twitter:creator\" content=\"@smusikzeitung\" \/>\n<meta name=\"twitter:site\" content=\"@smusikzeitung\" \/>\n<meta name=\"twitter:label1\" content=\"Scritto da\" \/>\n\t<meta name=\"twitter:data1\" content=\"Musikzeitung-Redaktion\" \/>\n\t<meta name=\"twitter:label2\" content=\"Tempo di lettura stimato\" \/>\n\t<meta name=\"twitter:data2\" content=\"3 minuti\" \/>\n<script type=\"application\/ld+json\" class=\"yoast-schema-graph\">{\"@context\":\"https:\\\/\\\/schema.org\",\"@graph\":[{\"@type\":\"Article\",\"@id\":\"https:\\\/\\\/www.musikzeitung.ch\\\/rezensionen\\\/buecher-rezensionen\\\/2022\\\/12\\\/briefe-erzaehlen-stefi-geyers-leben#article\",\"isPartOf\":{\"@id\":\"https:\\\/\\\/www.musikzeitung.ch\\\/rezensionen\\\/buecher-rezensionen\\\/2022\\\/12\\\/briefe-erzaehlen-stefi-geyers-leben\"},\"author\":{\"name\":\"Musikzeitung-Redaktion\",\"@id\":\"https:\\\/\\\/www.musikzeitung.ch\\\/#\\\/schema\\\/person\\\/b2fd892c800856270b9dcc6001265712\"},\"headline\":\"Briefe erz\u00e4hlen Stefi Geyers Leben\",\"datePublished\":\"2022-11-30T23:00:00+00:00\",\"dateModified\":\"2024-08-13T08:12:49+00:00\",\"mainEntityOfPage\":{\"@id\":\"https:\\\/\\\/www.musikzeitung.ch\\\/rezensionen\\\/buecher-rezensionen\\\/2022\\\/12\\\/briefe-erzaehlen-stefi-geyers-leben\"},\"wordCount\":458,\"publisher\":{\"@id\":\"https:\\\/\\\/www.musikzeitung.ch\\\/#organization\"},\"image\":{\"@id\":\"https:\\\/\\\/www.musikzeitung.ch\\\/rezensionen\\\/buecher-rezensionen\\\/2022\\\/12\\\/briefe-erzaehlen-stefi-geyers-leben#primaryimage\"},\"thumbnailUrl\":\"https:\\\/\\\/www.musikzeitung.ch\\\/wp-content\\\/uploads\\\/2023\\\/01\\\/1905-04_El_Teatro_Stefi_Geyer_Kaulak.jpg\",\"keywords\":[\"Ammann\",\"Biografie\",\"Briefe\",\"Geyer\",\"Sackmann\",\"V\u00e1radi\"],\"articleSection\":[\"B\u00fccher\",\"Rezensionen\"],\"inLanguage\":\"it-IT\"},{\"@type\":\"WebPage\",\"@id\":\"https:\\\/\\\/www.musikzeitung.ch\\\/rezensionen\\\/buecher-rezensionen\\\/2022\\\/12\\\/briefe-erzaehlen-stefi-geyers-leben\",\"url\":\"https:\\\/\\\/www.musikzeitung.ch\\\/rezensionen\\\/buecher-rezensionen\\\/2022\\\/12\\\/briefe-erzaehlen-stefi-geyers-leben\",\"name\":\"Briefe erz\u00e4hlen Stefi Geyers Leben - Schweizer Musikzeitung\",\"isPartOf\":{\"@id\":\"https:\\\/\\\/www.musikzeitung.ch\\\/#website\"},\"primaryImageOfPage\":{\"@id\":\"https:\\\/\\\/www.musikzeitung.ch\\\/rezensionen\\\/buecher-rezensionen\\\/2022\\\/12\\\/briefe-erzaehlen-stefi-geyers-leben#primaryimage\"},\"image\":{\"@id\":\"https:\\\/\\\/www.musikzeitung.ch\\\/rezensionen\\\/buecher-rezensionen\\\/2022\\\/12\\\/briefe-erzaehlen-stefi-geyers-leben#primaryimage\"},\"thumbnailUrl\":\"https:\\\/\\\/www.musikzeitung.ch\\\/wp-content\\\/uploads\\\/2023\\\/01\\\/1905-04_El_Teatro_Stefi_Geyer_Kaulak.jpg\",\"datePublished\":\"2022-11-30T23:00:00+00:00\",\"dateModified\":\"2024-08-13T08:12:49+00:00\",\"breadcrumb\":{\"@id\":\"https:\\\/\\\/www.musikzeitung.ch\\\/rezensionen\\\/buecher-rezensionen\\\/2022\\\/12\\\/briefe-erzaehlen-stefi-geyers-leben#breadcrumb\"},\"inLanguage\":\"it-IT\",\"potentialAction\":[{\"@type\":\"ReadAction\",\"target\":[\"https:\\\/\\\/www.musikzeitung.ch\\\/rezensionen\\\/buecher-rezensionen\\\/2022\\\/12\\\/briefe-erzaehlen-stefi-geyers-leben\"]}]},{\"@type\":\"ImageObject\",\"inLanguage\":\"it-IT\",\"@id\":\"https:\\\/\\\/www.musikzeitung.ch\\\/rezensionen\\\/buecher-rezensionen\\\/2022\\\/12\\\/briefe-erzaehlen-stefi-geyers-leben#primaryimage\",\"url\":\"https:\\\/\\\/www.musikzeitung.ch\\\/wp-content\\\/uploads\\\/2023\\\/01\\\/1905-04_El_Teatro_Stefi_Geyer_Kaulak.jpg\",\"contentUrl\":\"https:\\\/\\\/www.musikzeitung.ch\\\/wp-content\\\/uploads\\\/2023\\\/01\\\/1905-04_El_Teatro_Stefi_Geyer_Kaulak.jpg\",\"width\":554,\"height\":371},{\"@type\":\"BreadcrumbList\",\"@id\":\"https:\\\/\\\/www.musikzeitung.ch\\\/rezensionen\\\/buecher-rezensionen\\\/2022\\\/12\\\/briefe-erzaehlen-stefi-geyers-leben#breadcrumb\",\"itemListElement\":[{\"@type\":\"ListItem\",\"position\":1,\"name\":\"Home\",\"item\":\"https:\\\/\\\/www.musikzeitung.ch\\\/\"},{\"@type\":\"ListItem\",\"position\":2,\"name\":\"Briefe erz\u00e4hlen Stefi Geyers Leben\"}]},{\"@type\":\"WebSite\",\"@id\":\"https:\\\/\\\/www.musikzeitung.ch\\\/#website\",\"url\":\"https:\\\/\\\/www.musikzeitung.ch\\\/\",\"name\":\"Schweizer Musikzeitung\",\"description\":\"Die f\u00fchrende sparten\u00fcbergreifende Monatszeitung in der Schweiz f\u00fcr musikalische Fragen.\",\"publisher\":{\"@id\":\"https:\\\/\\\/www.musikzeitung.ch\\\/#organization\"},\"potentialAction\":[{\"@type\":\"SearchAction\",\"target\":{\"@type\":\"EntryPoint\",\"urlTemplate\":\"https:\\\/\\\/www.musikzeitung.ch\\\/?s={search_term_string}\"},\"query-input\":{\"@type\":\"PropertyValueSpecification\",\"valueRequired\":true,\"valueName\":\"search_term_string\"}}],\"inLanguage\":\"it-IT\"},{\"@type\":\"Organization\",\"@id\":\"https:\\\/\\\/www.musikzeitung.ch\\\/#organization\",\"name\":\"Schweizer Musikzeitung\",\"url\":\"https:\\\/\\\/www.musikzeitung.ch\\\/\",\"logo\":{\"@type\":\"ImageObject\",\"inLanguage\":\"it-IT\",\"@id\":\"https:\\\/\\\/www.musikzeitung.ch\\\/#\\\/schema\\\/logo\\\/image\\\/\",\"url\":\"https:\\\/\\\/www.musikzeitung.ch\\\/wp-content\\\/uploads\\\/2023\\\/01\\\/SMZ_Schriftzug_Sprache.png\",\"contentUrl\":\"https:\\\/\\\/www.musikzeitung.ch\\\/wp-content\\\/uploads\\\/2023\\\/01\\\/SMZ_Schriftzug_Sprache.png\",\"width\":1400,\"height\":279,\"caption\":\"Schweizer Musikzeitung\"},\"image\":{\"@id\":\"https:\\\/\\\/www.musikzeitung.ch\\\/#\\\/schema\\\/logo\\\/image\\\/\"},\"sameAs\":[\"https:\\\/\\\/www.facebook.com\\\/SchweizerMusikzeitung\\\/\",\"https:\\\/\\\/x.com\\\/smusikzeitung\",\"https:\\\/\\\/www.instagram.com\\\/musikzeitung.ch\\\/\"]},{\"@type\":\"Person\",\"@id\":\"https:\\\/\\\/www.musikzeitung.ch\\\/#\\\/schema\\\/person\\\/b2fd892c800856270b9dcc6001265712\",\"name\":\"Musikzeitung-Redaktion\",\"image\":{\"@type\":\"ImageObject\",\"inLanguage\":\"it-IT\",\"@id\":\"https:\\\/\\\/www.musikzeitung.ch\\\/wp-content\\\/uploads\\\/2022\\\/05\\\/usericon_musikzeitung-96x96.jpg\",\"url\":\"https:\\\/\\\/www.musikzeitung.ch\\\/wp-content\\\/uploads\\\/2022\\\/05\\\/usericon_musikzeitung-96x96.jpg\",\"contentUrl\":\"https:\\\/\\\/www.musikzeitung.ch\\\/wp-content\\\/uploads\\\/2022\\\/05\\\/usericon_musikzeitung-96x96.jpg\",\"caption\":\"Musikzeitung-Redaktion\"},\"url\":\"https:\\\/\\\/www.musikzeitung.ch\\\/it\\\/author\\\/admin\"}]}<\/script>\n<!-- \/ Yoast SEO plugin. -->","yoast_head_json":{"title":"Le lettere raccontano la vita di Stefi Geyer - Schweizer Musikzeitung","robots":{"index":"index","follow":"follow","max-snippet":"max-snippet:-1","max-image-preview":"max-image-preview:large","max-video-preview":"max-video-preview:-1"},"canonical":"https:\/\/www.musikzeitung.ch\/it\/rezensionen\/buecher-rezensionen\/2022\/12\/briefe-erzaehlen-stefi-geyers-leben\/","og_locale":"it_IT","og_type":"article","og_title":"Briefe erz\u00e4hlen Stefi Geyers Leben - Schweizer Musikzeitung","og_description":"Helga V\u00e1radi und Dominik Sackmann haben hier nicht nur erstmals den gesamten Briefwechsel mit B\u00e9la Bart\u00f3k ver\u00f6ffentlicht, sondern zeichnen das ganze Leben der ber\u00fchmten Geigerin nach.","og_url":"https:\/\/www.musikzeitung.ch\/it\/rezensionen\/buecher-rezensionen\/2022\/12\/briefe-erzaehlen-stefi-geyers-leben\/","og_site_name":"Schweizer Musikzeitung","article_publisher":"https:\/\/www.facebook.com\/SchweizerMusikzeitung\/","article_published_time":"2022-11-30T23:00:00+00:00","article_modified_time":"2024-08-13T08:12:49+00:00","og_image":[{"width":554,"height":371,"url":"https:\/\/www.musikzeitung.ch\/wp-content\/uploads\/2023\/01\/1905-04_El_Teatro_Stefi_Geyer_Kaulak.jpg","type":"image\/jpeg"}],"author":"Musikzeitung-Redaktion","twitter_card":"summary_large_image","twitter_creator":"@smusikzeitung","twitter_site":"@smusikzeitung","twitter_misc":{"Scritto da":"Musikzeitung-Redaktion","Tempo di lettura stimato":"3 minuti"},"schema":{"@context":"https:\/\/schema.org","@graph":[{"@type":"Article","@id":"https:\/\/www.musikzeitung.ch\/rezensionen\/buecher-rezensionen\/2022\/12\/briefe-erzaehlen-stefi-geyers-leben#article","isPartOf":{"@id":"https:\/\/www.musikzeitung.ch\/rezensionen\/buecher-rezensionen\/2022\/12\/briefe-erzaehlen-stefi-geyers-leben"},"author":{"name":"Musikzeitung-Redaktion","@id":"https:\/\/www.musikzeitung.ch\/#\/schema\/person\/b2fd892c800856270b9dcc6001265712"},"headline":"Briefe erz\u00e4hlen Stefi Geyers Leben","datePublished":"2022-11-30T23:00:00+00:00","dateModified":"2024-08-13T08:12:49+00:00","mainEntityOfPage":{"@id":"https:\/\/www.musikzeitung.ch\/rezensionen\/buecher-rezensionen\/2022\/12\/briefe-erzaehlen-stefi-geyers-leben"},"wordCount":458,"publisher":{"@id":"https:\/\/www.musikzeitung.ch\/#organization"},"image":{"@id":"https:\/\/www.musikzeitung.ch\/rezensionen\/buecher-rezensionen\/2022\/12\/briefe-erzaehlen-stefi-geyers-leben#primaryimage"},"thumbnailUrl":"https:\/\/www.musikzeitung.ch\/wp-content\/uploads\/2023\/01\/1905-04_El_Teatro_Stefi_Geyer_Kaulak.jpg","keywords":["Ammann","Biografie","Briefe","Geyer","Sackmann","V\u00e1radi"],"articleSection":["B\u00fccher","Rezensionen"],"inLanguage":"it-IT"},{"@type":"WebPage","@id":"https:\/\/www.musikzeitung.ch\/rezensionen\/buecher-rezensionen\/2022\/12\/briefe-erzaehlen-stefi-geyers-leben","url":"https:\/\/www.musikzeitung.ch\/rezensionen\/buecher-rezensionen\/2022\/12\/briefe-erzaehlen-stefi-geyers-leben","name":"Le lettere raccontano la vita di Stefi Geyer - Schweizer Musikzeitung","isPartOf":{"@id":"https:\/\/www.musikzeitung.ch\/#website"},"primaryImageOfPage":{"@id":"https:\/\/www.musikzeitung.ch\/rezensionen\/buecher-rezensionen\/2022\/12\/briefe-erzaehlen-stefi-geyers-leben#primaryimage"},"image":{"@id":"https:\/\/www.musikzeitung.ch\/rezensionen\/buecher-rezensionen\/2022\/12\/briefe-erzaehlen-stefi-geyers-leben#primaryimage"},"thumbnailUrl":"https:\/\/www.musikzeitung.ch\/wp-content\/uploads\/2023\/01\/1905-04_El_Teatro_Stefi_Geyer_Kaulak.jpg","datePublished":"2022-11-30T23:00:00+00:00","dateModified":"2024-08-13T08:12:49+00:00","breadcrumb":{"@id":"https:\/\/www.musikzeitung.ch\/rezensionen\/buecher-rezensionen\/2022\/12\/briefe-erzaehlen-stefi-geyers-leben#breadcrumb"},"inLanguage":"it-IT","potentialAction":[{"@type":"ReadAction","target":["https:\/\/www.musikzeitung.ch\/rezensionen\/buecher-rezensionen\/2022\/12\/briefe-erzaehlen-stefi-geyers-leben"]}]},{"@type":"ImageObject","inLanguage":"it-IT","@id":"https:\/\/www.musikzeitung.ch\/rezensionen\/buecher-rezensionen\/2022\/12\/briefe-erzaehlen-stefi-geyers-leben#primaryimage","url":"https:\/\/www.musikzeitung.ch\/wp-content\/uploads\/2023\/01\/1905-04_El_Teatro_Stefi_Geyer_Kaulak.jpg","contentUrl":"https:\/\/www.musikzeitung.ch\/wp-content\/uploads\/2023\/01\/1905-04_El_Teatro_Stefi_Geyer_Kaulak.jpg","width":554,"height":371},{"@type":"BreadcrumbList","@id":"https:\/\/www.musikzeitung.ch\/rezensionen\/buecher-rezensionen\/2022\/12\/briefe-erzaehlen-stefi-geyers-leben#breadcrumb","itemListElement":[{"@type":"ListItem","position":1,"name":"Home","item":"https:\/\/www.musikzeitung.ch\/"},{"@type":"ListItem","position":2,"name":"Briefe erz\u00e4hlen Stefi Geyers Leben"}]},{"@type":"WebSite","@id":"https:\/\/www.musikzeitung.ch\/#website","url":"https:\/\/www.musikzeitung.ch\/","name":"Giornale musicale svizzero","description":"Il principale mensile interdisciplinare della Svizzera per le questioni musicali.","publisher":{"@id":"https:\/\/www.musikzeitung.ch\/#organization"},"potentialAction":[{"@type":"SearchAction","target":{"@type":"EntryPoint","urlTemplate":"https:\/\/www.musikzeitung.ch\/?s={search_term_string}"},"query-input":{"@type":"PropertyValueSpecification","valueRequired":true,"valueName":"search_term_string"}}],"inLanguage":"it-IT"},{"@type":"Organization","@id":"https:\/\/www.musikzeitung.ch\/#organization","name":"Giornale musicale svizzero","url":"https:\/\/www.musikzeitung.ch\/","logo":{"@type":"ImageObject","inLanguage":"it-IT","@id":"https:\/\/www.musikzeitung.ch\/#\/schema\/logo\/image\/","url":"https:\/\/www.musikzeitung.ch\/wp-content\/uploads\/2023\/01\/SMZ_Schriftzug_Sprache.png","contentUrl":"https:\/\/www.musikzeitung.ch\/wp-content\/uploads\/2023\/01\/SMZ_Schriftzug_Sprache.png","width":1400,"height":279,"caption":"Schweizer Musikzeitung"},"image":{"@id":"https:\/\/www.musikzeitung.ch\/#\/schema\/logo\/image\/"},"sameAs":["https:\/\/www.facebook.com\/SchweizerMusikzeitung\/","https:\/\/x.com\/smusikzeitung","https:\/\/www.instagram.com\/musikzeitung.ch\/"]},{"@type":"Person","@id":"https:\/\/www.musikzeitung.ch\/#\/schema\/person\/b2fd892c800856270b9dcc6001265712","name":"Redazione Musikzeitung","image":{"@type":"ImageObject","inLanguage":"it-IT","@id":"https:\/\/www.musikzeitung.ch\/wp-content\/uploads\/2022\/05\/usericon_musikzeitung-96x96.jpg","url":"https:\/\/www.musikzeitung.ch\/wp-content\/uploads\/2022\/05\/usericon_musikzeitung-96x96.jpg","contentUrl":"https:\/\/www.musikzeitung.ch\/wp-content\/uploads\/2022\/05\/usericon_musikzeitung-96x96.jpg","caption":"Musikzeitung-Redaktion"},"url":"https:\/\/www.musikzeitung.ch\/it\/author\/admin"}]}},"publishpress_future_workflow_manual_trigger":{"enabledWorkflows":[]},"_links":{"self":[{"href":"https:\/\/www.musikzeitung.ch\/it\/wp-json\/wp\/v2\/posts\/5828","targetHints":{"allow":["GET"]}}],"collection":[{"href":"https:\/\/www.musikzeitung.ch\/it\/wp-json\/wp\/v2\/posts"}],"about":[{"href":"https:\/\/www.musikzeitung.ch\/it\/wp-json\/wp\/v2\/types\/post"}],"author":[{"embeddable":true,"href":"https:\/\/www.musikzeitung.ch\/it\/wp-json\/wp\/v2\/users\/1"}],"replies":[{"embeddable":true,"href":"https:\/\/www.musikzeitung.ch\/it\/wp-json\/wp\/v2\/comments?post=5828"}],"version-history":[{"count":3,"href":"https:\/\/www.musikzeitung.ch\/it\/wp-json\/wp\/v2\/posts\/5828\/revisions"}],"predecessor-version":[{"id":56587,"href":"https:\/\/www.musikzeitung.ch\/it\/wp-json\/wp\/v2\/posts\/5828\/revisions\/56587"}],"wp:featuredmedia":[{"embeddable":true,"href":"https:\/\/www.musikzeitung.ch\/it\/wp-json\/wp\/v2\/media\/5829"}],"wp:attachment":[{"href":"https:\/\/www.musikzeitung.ch\/it\/wp-json\/wp\/v2\/media?parent=5828"}],"wp:term":[{"taxonomy":"category","embeddable":true,"href":"https:\/\/www.musikzeitung.ch\/it\/wp-json\/wp\/v2\/categories?post=5828"},{"taxonomy":"post_tag","embeddable":true,"href":"https:\/\/www.musikzeitung.ch\/it\/wp-json\/wp\/v2\/tags?post=5828"}],"curies":[{"name":"wp","href":"https:\/\/api.w.org\/{rel}","templated":true}]}}