{"id":58413,"date":"2024-09-25T11:21:55","date_gmt":"2024-09-25T09:21:55","guid":{"rendered":"https:\/\/www.musikzeitung.ch\/?p=58413"},"modified":"2024-09-26T16:39:17","modified_gmt":"2024-09-26T14:39:17","slug":"pipilotti-rist-gestaltet-eisernen-vorhang-der-wiener-staatsoper","status":"publish","type":"post","link":"https:\/\/www.musikzeitung.ch\/it\/news\/2024\/09\/pipilotti-rist-gestaltet-eisernen-vorhang-der-wiener-staatsoper","title":{"rendered":"Pipilotti Rist disegna il sipario di ferro dell'Opera di Vienna"},"content":{"rendered":"<figure id=\"attachment_58414\" aria-describedby=\"caption-attachment-58414\" style=\"width: 930px\" class=\"wp-caption alignnone\"><img loading=\"lazy\" decoding=\"async\" class=\"size-full wp-image-58414\" src=\"https:\/\/www.musikzeitung.ch\/wp-content\/uploads\/2024\/09\/240925rist.jpg\" alt=\"\" width=\"930\" height=\"648\" srcset=\"https:\/\/www.musikzeitung.ch\/wp-content\/uploads\/2024\/09\/240925rist.jpg 930w, https:\/\/www.musikzeitung.ch\/wp-content\/uploads\/2024\/09\/240925rist-300x209.jpg 300w, https:\/\/www.musikzeitung.ch\/wp-content\/uploads\/2024\/09\/240925rist-768x535.jpg 768w, https:\/\/www.musikzeitung.ch\/wp-content\/uploads\/2024\/09\/240925rist-18x12.jpg 18w, https:\/\/www.musikzeitung.ch\/wp-content\/uploads\/2024\/09\/240925rist-251x175.jpg 251w, https:\/\/www.musikzeitung.ch\/wp-content\/uploads\/2024\/09\/240925rist-502x350.jpg 502w, https:\/\/www.musikzeitung.ch\/wp-content\/uploads\/2024\/09\/240925rist-920x641.jpg 920w\" sizes=\"auto, (max-width: 930px) 100vw, 930px\" \/><figcaption id=\"caption-attachment-58414\" class=\"wp-caption-text\">Sipario di ferro dell'Opera di Stato di Vienna 2024\/25 (Foto: museo in corso)<\/figcaption><\/figure>\n<p><em>Cortina di ferro<\/em> \u00e8 una serie di mostre che dal 1998 trasforma la cortina di ferro del Teatro dell'Opera in uno spazio espositivo per l'arte contemporanea. Le immagini di grandi dimensioni sono fissate al muro di ferro con dei magneti. Una giuria internazionale composta da Daniel Birnbaum, Bice Curiger e Hans-Ulrich Obrist \u00e8 responsabile della selezione degli artisti. L'opera \"Bauchh\u00f6hle \u00fcberfliegt Staumauer\" di Pipilotti Rist potr\u00e0 essere ammirata dal pubblico prima e dopo gli spettacoli e durante le pause fino alla fine di giugno 2025.<\/p>\n<p>Il lavoro di Pipilotti Rist comprende videoarte spaziale, installazioni multimediali, oggetti, sculture, computer art e fotomontaggi. Le sue opere sono state esposte in mostre personali in tutto il mondo, tra cui al Museum of Contemporary Art di Los Angeles (MOCA), alla Pinakothek der Moderne di Monaco, al Museum of Modern Art di New York (2008), al Centre Georges Pompidou di Parigi e alla Biennale di Venezia. Ricever\u00e0 il Premio Sikkens nel 2024 - la cerimonia di premiazione si terr\u00e0 nell'ottobre 2024. Per l'estate 2025 \u00e8 prevista una grande mostra al Centro per l'arte contemporanea (UCCA) di Pechino.<\/p>","protected":false},"excerpt":{"rendered":"<p>L'artista svizzera Pipilotti Rist sta progettando la cortina di ferro dell'Opera di Vienna per la stagione 2024\/2025, con un'opera intitolata \"Bauchh\u00f6hle \u00fcberfliegt Staumauer\" (La cavit\u00e0 del ventre vola sopra il muro della diga).<\/p>","protected":false},"author":30,"featured_media":58414,"comment_status":"closed","ping_status":"closed","sticky":false,"template":"","format":"standard","meta":{"_acf_changed":false,"_relevanssi_hide_post":"","_relevanssi_hide_content":"","_relevanssi_pin_for_all":"","_relevanssi_pin_keywords":"","_relevanssi_unpin_keywords":"","_relevanssi_related_keywords":"","_relevanssi_related_include_ids":"","_relevanssi_related_exclude_ids":"","_relevanssi_related_no_append":"","_relevanssi_related_not_related":"","_relevanssi_related_posts":"","_relevanssi_noindex_reason":"","pgc_sgb_lightbox_settings":"","footnotes":""},"categories":[27],"tags":[4313,4314],"class_list":["post-58413","post","type-post","status-publish","format-standard","has-post-thumbnail","hentry","category-news","tag-pippilotti-rist","tag-wiener-staatsoper"],"acf":[],"yoast_head":"<!-- This site is optimized with the Yoast SEO plugin v27.4 - https:\/\/yoast.com\/product\/yoast-seo-wordpress\/ -->\n<title>Pipilotti Rist gestaltet Eisernen Vorhang der Wiener Staatsoper - Schweizer Musikzeitung<\/title>\n<meta name=\"description\" content=\"Die Schweizer K\u00fcnstlerin Pipilotti Rist gestaltet f\u00fcr die Saison 2024\/25 den Eisernen Vorhang der Staatsoper Wien mit \u00abBauchh\u00f6hle \u00fcberfliegt Staumauer\u00bb.\" \/>\n<meta name=\"robots\" content=\"index, follow, max-snippet:-1, max-image-preview:large, max-video-preview:-1\" \/>\n<link rel=\"canonical\" href=\"https:\/\/www.musikzeitung.ch\/it\/news\/2024\/09\/pipilotti-rist-gestaltet-eisernen-vorhang-der-wiener-staatsoper\/\" \/>\n<meta property=\"og:locale\" content=\"it_IT\" \/>\n<meta property=\"og:type\" content=\"article\" \/>\n<meta property=\"og:title\" content=\"Pipilotti Rist gestaltet Eisernen Vorhang der Wiener Staatsoper - Schweizer Musikzeitung\" \/>\n<meta property=\"og:description\" content=\"Die Schweizer K\u00fcnstlerin Pipilotti Rist gestaltet f\u00fcr die Saison 2024\/25 den Eisernen Vorhang der Staatsoper Wien mit \u00abBauchh\u00f6hle \u00fcberfliegt Staumauer\u00bb.\" \/>\n<meta property=\"og:url\" content=\"https:\/\/www.musikzeitung.ch\/it\/news\/2024\/09\/pipilotti-rist-gestaltet-eisernen-vorhang-der-wiener-staatsoper\/\" \/>\n<meta property=\"og:site_name\" content=\"Schweizer Musikzeitung\" \/>\n<meta property=\"article:publisher\" content=\"https:\/\/www.facebook.com\/SchweizerMusikzeitung\/\" \/>\n<meta property=\"article:author\" content=\"https:\/\/www.facebook.com\/wolfgang.bohler.75\" \/>\n<meta property=\"article:published_time\" content=\"2024-09-25T09:21:55+00:00\" \/>\n<meta property=\"article:modified_time\" content=\"2024-09-26T14:39:17+00:00\" \/>\n<meta property=\"og:image\" content=\"https:\/\/www.musikzeitung.ch\/wp-content\/uploads\/2024\/09\/240925rist.jpg\" \/>\n\t<meta property=\"og:image:width\" content=\"930\" \/>\n\t<meta property=\"og:image:height\" content=\"648\" \/>\n\t<meta property=\"og:image:type\" content=\"image\/jpeg\" \/>\n<meta name=\"author\" content=\"Wolfgang B\u00f6hler\" \/>\n<meta name=\"twitter:card\" content=\"summary_large_image\" \/>\n<meta name=\"twitter:creator\" content=\"@smusikzeitung\" \/>\n<meta name=\"twitter:site\" content=\"@smusikzeitung\" \/>\n<meta name=\"twitter:label1\" content=\"Scritto da\" \/>\n\t<meta name=\"twitter:data1\" content=\"Wolfgang B\u00f6hler\" \/>\n\t<meta name=\"twitter:label2\" content=\"Tempo di lettura stimato\" \/>\n\t<meta name=\"twitter:data2\" content=\"2 minuti\" \/>\n<script type=\"application\/ld+json\" class=\"yoast-schema-graph\">{\"@context\":\"https:\\\/\\\/schema.org\",\"@graph\":[{\"@type\":\"Article\",\"@id\":\"https:\\\/\\\/www.musikzeitung.ch\\\/news\\\/2024\\\/09\\\/pipilotti-rist-gestaltet-eisernen-vorhang-der-wiener-staatsoper#article\",\"isPartOf\":{\"@id\":\"https:\\\/\\\/www.musikzeitung.ch\\\/news\\\/2024\\\/09\\\/pipilotti-rist-gestaltet-eisernen-vorhang-der-wiener-staatsoper\"},\"author\":{\"name\":\"Wolfgang B\u00f6hler\",\"@id\":\"https:\\\/\\\/www.musikzeitung.ch\\\/#\\\/schema\\\/person\\\/0da4fb82d243f1252850a35d0e87cf0c\"},\"headline\":\"Pipilotti Rist gestaltet Eisernen Vorhang der Wiener Staatsoper\",\"datePublished\":\"2024-09-25T09:21:55+00:00\",\"dateModified\":\"2024-09-26T14:39:17+00:00\",\"mainEntityOfPage\":{\"@id\":\"https:\\\/\\\/www.musikzeitung.ch\\\/news\\\/2024\\\/09\\\/pipilotti-rist-gestaltet-eisernen-vorhang-der-wiener-staatsoper\"},\"wordCount\":191,\"publisher\":{\"@id\":\"https:\\\/\\\/www.musikzeitung.ch\\\/#organization\"},\"image\":{\"@id\":\"https:\\\/\\\/www.musikzeitung.ch\\\/news\\\/2024\\\/09\\\/pipilotti-rist-gestaltet-eisernen-vorhang-der-wiener-staatsoper#primaryimage\"},\"thumbnailUrl\":\"https:\\\/\\\/www.musikzeitung.ch\\\/wp-content\\\/uploads\\\/2024\\\/09\\\/240925rist.jpg\",\"keywords\":[\"Pippilotti Rist\",\"Wiener Staatsoper\"],\"articleSection\":[\"News\"],\"inLanguage\":\"it-IT\"},{\"@type\":\"WebPage\",\"@id\":\"https:\\\/\\\/www.musikzeitung.ch\\\/news\\\/2024\\\/09\\\/pipilotti-rist-gestaltet-eisernen-vorhang-der-wiener-staatsoper\",\"url\":\"https:\\\/\\\/www.musikzeitung.ch\\\/news\\\/2024\\\/09\\\/pipilotti-rist-gestaltet-eisernen-vorhang-der-wiener-staatsoper\",\"name\":\"Pipilotti Rist gestaltet Eisernen Vorhang der Wiener Staatsoper - Schweizer Musikzeitung\",\"isPartOf\":{\"@id\":\"https:\\\/\\\/www.musikzeitung.ch\\\/#website\"},\"primaryImageOfPage\":{\"@id\":\"https:\\\/\\\/www.musikzeitung.ch\\\/news\\\/2024\\\/09\\\/pipilotti-rist-gestaltet-eisernen-vorhang-der-wiener-staatsoper#primaryimage\"},\"image\":{\"@id\":\"https:\\\/\\\/www.musikzeitung.ch\\\/news\\\/2024\\\/09\\\/pipilotti-rist-gestaltet-eisernen-vorhang-der-wiener-staatsoper#primaryimage\"},\"thumbnailUrl\":\"https:\\\/\\\/www.musikzeitung.ch\\\/wp-content\\\/uploads\\\/2024\\\/09\\\/240925rist.jpg\",\"datePublished\":\"2024-09-25T09:21:55+00:00\",\"dateModified\":\"2024-09-26T14:39:17+00:00\",\"description\":\"Die Schweizer K\u00fcnstlerin Pipilotti Rist gestaltet f\u00fcr die Saison 2024\\\/25 den Eisernen Vorhang der Staatsoper Wien mit \u00abBauchh\u00f6hle \u00fcberfliegt Staumauer\u00bb.\",\"breadcrumb\":{\"@id\":\"https:\\\/\\\/www.musikzeitung.ch\\\/news\\\/2024\\\/09\\\/pipilotti-rist-gestaltet-eisernen-vorhang-der-wiener-staatsoper#breadcrumb\"},\"inLanguage\":\"it-IT\",\"potentialAction\":[{\"@type\":\"ReadAction\",\"target\":[\"https:\\\/\\\/www.musikzeitung.ch\\\/news\\\/2024\\\/09\\\/pipilotti-rist-gestaltet-eisernen-vorhang-der-wiener-staatsoper\"]}]},{\"@type\":\"ImageObject\",\"inLanguage\":\"it-IT\",\"@id\":\"https:\\\/\\\/www.musikzeitung.ch\\\/news\\\/2024\\\/09\\\/pipilotti-rist-gestaltet-eisernen-vorhang-der-wiener-staatsoper#primaryimage\",\"url\":\"https:\\\/\\\/www.musikzeitung.ch\\\/wp-content\\\/uploads\\\/2024\\\/09\\\/240925rist.jpg\",\"contentUrl\":\"https:\\\/\\\/www.musikzeitung.ch\\\/wp-content\\\/uploads\\\/2024\\\/09\\\/240925rist.jpg\",\"width\":930,\"height\":648,\"caption\":\"Eiserner Vorhang der Wiener Staatsoper 2024\\\/25 (Foto: museum in progress)\"},{\"@type\":\"BreadcrumbList\",\"@id\":\"https:\\\/\\\/www.musikzeitung.ch\\\/news\\\/2024\\\/09\\\/pipilotti-rist-gestaltet-eisernen-vorhang-der-wiener-staatsoper#breadcrumb\",\"itemListElement\":[{\"@type\":\"ListItem\",\"position\":1,\"name\":\"Home\",\"item\":\"https:\\\/\\\/www.musikzeitung.ch\\\/\"},{\"@type\":\"ListItem\",\"position\":2,\"name\":\"Pipilotti Rist gestaltet Eisernen Vorhang der Wiener Staatsoper\"}]},{\"@type\":\"WebSite\",\"@id\":\"https:\\\/\\\/www.musikzeitung.ch\\\/#website\",\"url\":\"https:\\\/\\\/www.musikzeitung.ch\\\/\",\"name\":\"Schweizer Musikzeitung\",\"description\":\"Die f\u00fchrende sparten\u00fcbergreifende Monatszeitung in der Schweiz f\u00fcr musikalische Fragen.\",\"publisher\":{\"@id\":\"https:\\\/\\\/www.musikzeitung.ch\\\/#organization\"},\"potentialAction\":[{\"@type\":\"SearchAction\",\"target\":{\"@type\":\"EntryPoint\",\"urlTemplate\":\"https:\\\/\\\/www.musikzeitung.ch\\\/?s={search_term_string}\"},\"query-input\":{\"@type\":\"PropertyValueSpecification\",\"valueRequired\":true,\"valueName\":\"search_term_string\"}}],\"inLanguage\":\"it-IT\"},{\"@type\":\"Organization\",\"@id\":\"https:\\\/\\\/www.musikzeitung.ch\\\/#organization\",\"name\":\"Schweizer Musikzeitung\",\"url\":\"https:\\\/\\\/www.musikzeitung.ch\\\/\",\"logo\":{\"@type\":\"ImageObject\",\"inLanguage\":\"it-IT\",\"@id\":\"https:\\\/\\\/www.musikzeitung.ch\\\/#\\\/schema\\\/logo\\\/image\\\/\",\"url\":\"https:\\\/\\\/www.musikzeitung.ch\\\/wp-content\\\/uploads\\\/2023\\\/01\\\/SMZ_Schriftzug_Sprache.png\",\"contentUrl\":\"https:\\\/\\\/www.musikzeitung.ch\\\/wp-content\\\/uploads\\\/2023\\\/01\\\/SMZ_Schriftzug_Sprache.png\",\"width\":1400,\"height\":279,\"caption\":\"Schweizer Musikzeitung\"},\"image\":{\"@id\":\"https:\\\/\\\/www.musikzeitung.ch\\\/#\\\/schema\\\/logo\\\/image\\\/\"},\"sameAs\":[\"https:\\\/\\\/www.facebook.com\\\/SchweizerMusikzeitung\\\/\",\"https:\\\/\\\/x.com\\\/smusikzeitung\",\"https:\\\/\\\/www.instagram.com\\\/musikzeitung.ch\\\/\"]},{\"@type\":\"Person\",\"@id\":\"https:\\\/\\\/www.musikzeitung.ch\\\/#\\\/schema\\\/person\\\/0da4fb82d243f1252850a35d0e87cf0c\",\"name\":\"Wolfgang B\u00f6hler\",\"image\":{\"@type\":\"ImageObject\",\"inLanguage\":\"it-IT\",\"@id\":\"https:\\\/\\\/www.musikzeitung.ch\\\/wp-content\\\/uploads\\\/2023\\\/01\\\/boehler_portraet_web-e1674139782246-96x96.jpg\",\"url\":\"https:\\\/\\\/www.musikzeitung.ch\\\/wp-content\\\/uploads\\\/2023\\\/01\\\/boehler_portraet_web-e1674139782246-96x96.jpg\",\"contentUrl\":\"https:\\\/\\\/www.musikzeitung.ch\\\/wp-content\\\/uploads\\\/2023\\\/01\\\/boehler_portraet_web-e1674139782246-96x96.jpg\",\"caption\":\"Wolfgang B\u00f6hler\"},\"sameAs\":[\"http:\\\/\\\/www.manacanto.ch\",\"https:\\\/\\\/www.facebook.com\\\/wolfgang.bohler.75\"],\"url\":\"https:\\\/\\\/www.musikzeitung.ch\\\/it\\\/author\\\/wolfgang-boehler\"}]}<\/script>\n<!-- \/ Yoast SEO plugin. -->","yoast_head_json":{"title":"Pipilotti Rist gestaltet Eisernen Vorhang der Wiener Staatsoper - Schweizer Musikzeitung","description":"Die Schweizer K\u00fcnstlerin Pipilotti Rist gestaltet f\u00fcr die Saison 2024\/25 den Eisernen Vorhang der Staatsoper Wien mit \u00abBauchh\u00f6hle \u00fcberfliegt Staumauer\u00bb.","robots":{"index":"index","follow":"follow","max-snippet":"max-snippet:-1","max-image-preview":"max-image-preview:large","max-video-preview":"max-video-preview:-1"},"canonical":"https:\/\/www.musikzeitung.ch\/it\/news\/2024\/09\/pipilotti-rist-gestaltet-eisernen-vorhang-der-wiener-staatsoper\/","og_locale":"it_IT","og_type":"article","og_title":"Pipilotti Rist gestaltet Eisernen Vorhang der Wiener Staatsoper - Schweizer Musikzeitung","og_description":"Die Schweizer K\u00fcnstlerin Pipilotti Rist gestaltet f\u00fcr die Saison 2024\/25 den Eisernen Vorhang der Staatsoper Wien mit \u00abBauchh\u00f6hle \u00fcberfliegt Staumauer\u00bb.","og_url":"https:\/\/www.musikzeitung.ch\/it\/news\/2024\/09\/pipilotti-rist-gestaltet-eisernen-vorhang-der-wiener-staatsoper\/","og_site_name":"Schweizer Musikzeitung","article_publisher":"https:\/\/www.facebook.com\/SchweizerMusikzeitung\/","article_author":"https:\/\/www.facebook.com\/wolfgang.bohler.75","article_published_time":"2024-09-25T09:21:55+00:00","article_modified_time":"2024-09-26T14:39:17+00:00","og_image":[{"width":930,"height":648,"url":"https:\/\/www.musikzeitung.ch\/wp-content\/uploads\/2024\/09\/240925rist.jpg","type":"image\/jpeg"}],"author":"Wolfgang B\u00f6hler","twitter_card":"summary_large_image","twitter_creator":"@smusikzeitung","twitter_site":"@smusikzeitung","twitter_misc":{"Scritto da":"Wolfgang B\u00f6hler","Tempo di lettura stimato":"2 minuti"},"schema":{"@context":"https:\/\/schema.org","@graph":[{"@type":"Article","@id":"https:\/\/www.musikzeitung.ch\/news\/2024\/09\/pipilotti-rist-gestaltet-eisernen-vorhang-der-wiener-staatsoper#article","isPartOf":{"@id":"https:\/\/www.musikzeitung.ch\/news\/2024\/09\/pipilotti-rist-gestaltet-eisernen-vorhang-der-wiener-staatsoper"},"author":{"name":"Wolfgang B\u00f6hler","@id":"https:\/\/www.musikzeitung.ch\/#\/schema\/person\/0da4fb82d243f1252850a35d0e87cf0c"},"headline":"Pipilotti Rist gestaltet Eisernen Vorhang der Wiener Staatsoper","datePublished":"2024-09-25T09:21:55+00:00","dateModified":"2024-09-26T14:39:17+00:00","mainEntityOfPage":{"@id":"https:\/\/www.musikzeitung.ch\/news\/2024\/09\/pipilotti-rist-gestaltet-eisernen-vorhang-der-wiener-staatsoper"},"wordCount":191,"publisher":{"@id":"https:\/\/www.musikzeitung.ch\/#organization"},"image":{"@id":"https:\/\/www.musikzeitung.ch\/news\/2024\/09\/pipilotti-rist-gestaltet-eisernen-vorhang-der-wiener-staatsoper#primaryimage"},"thumbnailUrl":"https:\/\/www.musikzeitung.ch\/wp-content\/uploads\/2024\/09\/240925rist.jpg","keywords":["Pippilotti Rist","Wiener Staatsoper"],"articleSection":["News"],"inLanguage":"it-IT"},{"@type":"WebPage","@id":"https:\/\/www.musikzeitung.ch\/news\/2024\/09\/pipilotti-rist-gestaltet-eisernen-vorhang-der-wiener-staatsoper","url":"https:\/\/www.musikzeitung.ch\/news\/2024\/09\/pipilotti-rist-gestaltet-eisernen-vorhang-der-wiener-staatsoper","name":"Pipilotti Rist gestaltet Eisernen Vorhang der Wiener Staatsoper - Schweizer Musikzeitung","isPartOf":{"@id":"https:\/\/www.musikzeitung.ch\/#website"},"primaryImageOfPage":{"@id":"https:\/\/www.musikzeitung.ch\/news\/2024\/09\/pipilotti-rist-gestaltet-eisernen-vorhang-der-wiener-staatsoper#primaryimage"},"image":{"@id":"https:\/\/www.musikzeitung.ch\/news\/2024\/09\/pipilotti-rist-gestaltet-eisernen-vorhang-der-wiener-staatsoper#primaryimage"},"thumbnailUrl":"https:\/\/www.musikzeitung.ch\/wp-content\/uploads\/2024\/09\/240925rist.jpg","datePublished":"2024-09-25T09:21:55+00:00","dateModified":"2024-09-26T14:39:17+00:00","description":"Die Schweizer K\u00fcnstlerin Pipilotti Rist gestaltet f\u00fcr die Saison 2024\/25 den Eisernen Vorhang der Staatsoper Wien mit \u00abBauchh\u00f6hle \u00fcberfliegt Staumauer\u00bb.","breadcrumb":{"@id":"https:\/\/www.musikzeitung.ch\/news\/2024\/09\/pipilotti-rist-gestaltet-eisernen-vorhang-der-wiener-staatsoper#breadcrumb"},"inLanguage":"it-IT","potentialAction":[{"@type":"ReadAction","target":["https:\/\/www.musikzeitung.ch\/news\/2024\/09\/pipilotti-rist-gestaltet-eisernen-vorhang-der-wiener-staatsoper"]}]},{"@type":"ImageObject","inLanguage":"it-IT","@id":"https:\/\/www.musikzeitung.ch\/news\/2024\/09\/pipilotti-rist-gestaltet-eisernen-vorhang-der-wiener-staatsoper#primaryimage","url":"https:\/\/www.musikzeitung.ch\/wp-content\/uploads\/2024\/09\/240925rist.jpg","contentUrl":"https:\/\/www.musikzeitung.ch\/wp-content\/uploads\/2024\/09\/240925rist.jpg","width":930,"height":648,"caption":"Eiserner Vorhang der Wiener Staatsoper 2024\/25 (Foto: museum in progress)"},{"@type":"BreadcrumbList","@id":"https:\/\/www.musikzeitung.ch\/news\/2024\/09\/pipilotti-rist-gestaltet-eisernen-vorhang-der-wiener-staatsoper#breadcrumb","itemListElement":[{"@type":"ListItem","position":1,"name":"Home","item":"https:\/\/www.musikzeitung.ch\/"},{"@type":"ListItem","position":2,"name":"Pipilotti Rist gestaltet Eisernen Vorhang der Wiener Staatsoper"}]},{"@type":"WebSite","@id":"https:\/\/www.musikzeitung.ch\/#website","url":"https:\/\/www.musikzeitung.ch\/","name":"Giornale musicale svizzero","description":"Il principale mensile interdisciplinare della Svizzera per le questioni musicali.","publisher":{"@id":"https:\/\/www.musikzeitung.ch\/#organization"},"potentialAction":[{"@type":"SearchAction","target":{"@type":"EntryPoint","urlTemplate":"https:\/\/www.musikzeitung.ch\/?s={search_term_string}"},"query-input":{"@type":"PropertyValueSpecification","valueRequired":true,"valueName":"search_term_string"}}],"inLanguage":"it-IT"},{"@type":"Organization","@id":"https:\/\/www.musikzeitung.ch\/#organization","name":"Giornale musicale svizzero","url":"https:\/\/www.musikzeitung.ch\/","logo":{"@type":"ImageObject","inLanguage":"it-IT","@id":"https:\/\/www.musikzeitung.ch\/#\/schema\/logo\/image\/","url":"https:\/\/www.musikzeitung.ch\/wp-content\/uploads\/2023\/01\/SMZ_Schriftzug_Sprache.png","contentUrl":"https:\/\/www.musikzeitung.ch\/wp-content\/uploads\/2023\/01\/SMZ_Schriftzug_Sprache.png","width":1400,"height":279,"caption":"Schweizer Musikzeitung"},"image":{"@id":"https:\/\/www.musikzeitung.ch\/#\/schema\/logo\/image\/"},"sameAs":["https:\/\/www.facebook.com\/SchweizerMusikzeitung\/","https:\/\/x.com\/smusikzeitung","https:\/\/www.instagram.com\/musikzeitung.ch\/"]},{"@type":"Person","@id":"https:\/\/www.musikzeitung.ch\/#\/schema\/person\/0da4fb82d243f1252850a35d0e87cf0c","name":"Wolfgang B\u00f6hler","image":{"@type":"ImageObject","inLanguage":"it-IT","@id":"https:\/\/www.musikzeitung.ch\/wp-content\/uploads\/2023\/01\/boehler_portraet_web-e1674139782246-96x96.jpg","url":"https:\/\/www.musikzeitung.ch\/wp-content\/uploads\/2023\/01\/boehler_portraet_web-e1674139782246-96x96.jpg","contentUrl":"https:\/\/www.musikzeitung.ch\/wp-content\/uploads\/2023\/01\/boehler_portraet_web-e1674139782246-96x96.jpg","caption":"Wolfgang B\u00f6hler"},"sameAs":["http:\/\/www.manacanto.ch","https:\/\/www.facebook.com\/wolfgang.bohler.75"],"url":"https:\/\/www.musikzeitung.ch\/it\/author\/wolfgang-boehler"}]}},"publishpress_future_workflow_manual_trigger":{"enabledWorkflows":[]},"_links":{"self":[{"href":"https:\/\/www.musikzeitung.ch\/it\/wp-json\/wp\/v2\/posts\/58413","targetHints":{"allow":["GET"]}}],"collection":[{"href":"https:\/\/www.musikzeitung.ch\/it\/wp-json\/wp\/v2\/posts"}],"about":[{"href":"https:\/\/www.musikzeitung.ch\/it\/wp-json\/wp\/v2\/types\/post"}],"author":[{"embeddable":true,"href":"https:\/\/www.musikzeitung.ch\/it\/wp-json\/wp\/v2\/users\/30"}],"replies":[{"embeddable":true,"href":"https:\/\/www.musikzeitung.ch\/it\/wp-json\/wp\/v2\/comments?post=58413"}],"version-history":[{"count":8,"href":"https:\/\/www.musikzeitung.ch\/it\/wp-json\/wp\/v2\/posts\/58413\/revisions"}],"predecessor-version":[{"id":58489,"href":"https:\/\/www.musikzeitung.ch\/it\/wp-json\/wp\/v2\/posts\/58413\/revisions\/58489"}],"wp:featuredmedia":[{"embeddable":true,"href":"https:\/\/www.musikzeitung.ch\/it\/wp-json\/wp\/v2\/media\/58414"}],"wp:attachment":[{"href":"https:\/\/www.musikzeitung.ch\/it\/wp-json\/wp\/v2\/media?parent=58413"}],"wp:term":[{"taxonomy":"category","embeddable":true,"href":"https:\/\/www.musikzeitung.ch\/it\/wp-json\/wp\/v2\/categories?post=58413"},{"taxonomy":"post_tag","embeddable":true,"href":"https:\/\/www.musikzeitung.ch\/it\/wp-json\/wp\/v2\/tags?post=58413"}],"curies":[{"name":"wp","href":"https:\/\/api.w.org\/{rel}","templated":true}]}}