{"id":5852,"date":"2022-09-07T00:00:00","date_gmt":"2022-09-06T23:00:00","guid":{"rendered":"https:\/\/www.musikzeitung.ch\/allgemein\/eine-freundschaft-und-ihr-umfeld\/"},"modified":"2024-08-13T10:32:52","modified_gmt":"2024-08-13T08:32:52","slug":"eine-freundschaft-und-ihr-umfeld","status":"publish","type":"post","link":"https:\/\/www.musikzeitung.ch\/it\/rezensionen\/buecher-rezensionen\/2022\/09\/eine-freundschaft-und-ihr-umfeld","title":{"rendered":"Un'amicizia e il suo ambiente"},"content":{"rendered":"<figure style=\"width: 554px\" class=\"wp-caption alignnone\"><img loading=\"lazy\" decoding=\"async\" src=\"https:\/\/www.musikzeitung.ch\/wp-content\/uploads\/2023\/01\/Clara-und-Johannes.jpeg\" alt=\"\" width=\"554\" height=\"381\" \/><figcaption class=\"wp-caption-text\">Clara Wieck (1840) e Johannes Brahms (1855 circa). sinistra: <a href=\"https:\/\/de.wikipedia.org\/wiki\/Clara_Schumann#\/media\/Datei:JH_Schramm_-_Clara_Wieck_(Zeichnung_1840).jpg\" target=\"_blank\" rel=\"noopener\">Disegno di Johann Heinrich Schramm, wikimedia commons<\/a>. re: <a href=\"https:\/\/commons.wikimedia.org\/wiki\/File:Johannes_Brahms_1853.jpg\" target=\"_blank\" rel=\"noopener\">Tabotype, wikimedia commons<\/a><\/figcaption><\/figure>\n<div class=\"text-section\">\n<p>L'amicizia tra l'orso Johannes Brahms e l'urbana Clara Schumann \u00e8 gi\u00e0 stata ampiamente discussa e analizzata nei minimi dettagli. A mio avviso, per\u00f2, questa relazione non \u00e8 mai stata analizzata in termini di sviluppo della vita musicale nella seconda met\u00e0 del XIX secolo. Era prevedibile che la divisione in un partito Liszt-Wagner e in un partito Schumann-Brahms avrebbe giocato un ruolo in questo senso. Ma il fatto che questa amicizia si riveli cos\u00ec significativa in questo senso \u00e8 una vera sorpresa.<\/p>\n<p>Alcuni commenti oggi verrebbero scambiati a dozzine sui social media e descritti come del tutto \"normali\"; ma quando Johannes Brahms scrive all'amico Joseph Joachim il 7 agosto 1859: \"... sarebbe meraviglioso se tu fossi seduto in Germania d'estate, a comporre magnificamente e a picchiare a morte questa gente con qualche arco volante, e io fossi seduto l\u00ec, a divertirmi e ad aiutare a scrivere musica\", si rimane stupiti. D'altra parte, conosciamo le vergognose battute dei diari di Cosima Wagner, ad esempio sulla \"dannosa influenza mucchevole di Brahms sulle classi medie istruite\" o su \"questa mancanza di esecuzione da parte di Mme Schumann\".<\/p>\n<p>Tuttavia, non \u00e8 solo questa \"disputa di partito\" a rendere il libro cos\u00ec attraente; piuttosto, sono il corso della storia politico-culturale, le nuove forme di mediazione e l'emergere di una \"nuova modernit\u00e0\" a essere efficacemente tematizzati. Sebbene le singole opere dei due siano collocate nel contesto di questo sviluppo, non vengono discusse in dettaglio; anche il lato problematico del rapporto personale tra Clara e Johannes, che pure esisteva, viene solo accennato. Gli ultimi due capitoli contengono alcune frasi suggestive sull'effetto divisivo della musica di Wagner e Liszt in contrasto con la musica conciliante di Brahms. Brahms come persona appare conciliante nella descrizione dell'autore di come partecip\u00f2 alla cerimonia di inaugurazione della Tonhalle di Zurigo nell'ottobre del 1895, scopr\u00ec la propria immagine dietro Beethoven nel dipinto del soffitto e si dice che abbia detto: \"Dopo tutto sono ancora tra i vivi\".<\/p>\n<p>Un indice delle persone, un'ampia tavola cronologica e pi\u00f9 di mille note numerate completano l'alto valore informativo di questa doppia biografia.<\/p>\n<\/div>\n<div class=\"text-section\">\n<dl class=\"picture media photo\">\n<dt><img decoding=\"async\" class=\"media photo aligncenter\" src=\"https:\/\/www.musikzeitung.ch\/wp-content\/uploads\/2023\/01\/09_crit_buch_knaus_schumann.jpeg\" alt=\"Image \" \/><\/dt>\n<\/dl>\n<\/div>\n<div class=\"text-section\">\n<p><em>Meinhard Saremba: \"... \u00e8 un contrasto troppo forte con il mio io interiore!\". Clara Schumann, Johannes Brahms e la vita musicale moderna, 446 p., 20 illustrazioni, \u20ac 28,00, Osburg, Amburgo 2021, ISBN 978-3-95510-259-3<\/em><\/p>\n<\/div>","protected":false},"excerpt":{"rendered":"<p><strong>Meinhard Saremba mostra come la divisione della vita musicale del XIX secolo in un partito Liszt-Wagner e un partito Schumann-Brahms si rifletta nelle vite di Clara Schumann e Johannes Brahms. <\/strong><\/p>","protected":false},"author":1,"featured_media":5853,"comment_status":"closed","ping_status":"closed","sticky":false,"template":"","format":"standard","meta":{"_acf_changed":false,"_relevanssi_hide_post":"","_relevanssi_hide_content":"","_relevanssi_pin_for_all":"","_relevanssi_pin_keywords":"","_relevanssi_unpin_keywords":"","_relevanssi_related_keywords":"","_relevanssi_related_include_ids":"","_relevanssi_related_exclude_ids":"","_relevanssi_related_no_append":"","_relevanssi_related_not_related":"","_relevanssi_related_posts":"","_relevanssi_noindex_reason":"","pgc_sgb_lightbox_settings":"","footnotes":""},"categories":[1214,29],"tags":[1691,1749,1748,1747],"class_list":["post-5852","post","type-post","status-publish","format-standard","has-post-thumbnail","hentry","category-buecher-rezensionen","category-rezensionen","tag-brahms","tag-clara-schumann","tag-knaus","tag-saremba"],"acf":[],"yoast_head":"<!-- This site is optimized with the Yoast SEO plugin v27.4 - https:\/\/yoast.com\/product\/yoast-seo-wordpress\/ -->\n<title>Eine Freundschaft und ihr Umfeld - Schweizer Musikzeitung<\/title>\n<meta name=\"robots\" content=\"index, follow, max-snippet:-1, max-image-preview:large, max-video-preview:-1\" \/>\n<link rel=\"canonical\" href=\"https:\/\/www.musikzeitung.ch\/it\/rezensionen\/buecher-rezensionen\/2022\/09\/eine-freundschaft-und-ihr-umfeld\/\" \/>\n<meta property=\"og:locale\" content=\"it_IT\" \/>\n<meta property=\"og:type\" content=\"article\" \/>\n<meta property=\"og:title\" content=\"Eine Freundschaft und ihr Umfeld - Schweizer Musikzeitung\" \/>\n<meta property=\"og:description\" content=\"Meinhard Saremba zeigt auf, wie sich die Aufspaltung im Musikleben des 19. Jahrhunderts in eine Liszt-Wagner- und eine Schumann-Brahms-Partei im Leben von Clara Schumann und Johannes Brahms spiegelt.\" \/>\n<meta property=\"og:url\" content=\"https:\/\/www.musikzeitung.ch\/it\/rezensionen\/buecher-rezensionen\/2022\/09\/eine-freundschaft-und-ihr-umfeld\/\" \/>\n<meta property=\"og:site_name\" content=\"Schweizer Musikzeitung\" \/>\n<meta property=\"article:publisher\" content=\"https:\/\/www.facebook.com\/SchweizerMusikzeitung\/\" \/>\n<meta property=\"article:published_time\" content=\"2022-09-06T23:00:00+00:00\" \/>\n<meta property=\"article:modified_time\" content=\"2024-08-13T08:32:52+00:00\" \/>\n<meta property=\"og:image\" content=\"https:\/\/www.musikzeitung.ch\/wp-content\/uploads\/2023\/01\/Clara-und-Johannes.jpeg\" \/>\n\t<meta property=\"og:image:width\" content=\"554\" \/>\n\t<meta property=\"og:image:height\" content=\"381\" \/>\n\t<meta property=\"og:image:type\" content=\"image\/jpeg\" \/>\n<meta name=\"author\" content=\"Musikzeitung-Redaktion\" \/>\n<meta name=\"twitter:card\" content=\"summary_large_image\" \/>\n<meta name=\"twitter:creator\" content=\"@smusikzeitung\" \/>\n<meta name=\"twitter:site\" content=\"@smusikzeitung\" \/>\n<meta name=\"twitter:label1\" content=\"Scritto da\" \/>\n\t<meta name=\"twitter:data1\" content=\"Musikzeitung-Redaktion\" \/>\n\t<meta name=\"twitter:label2\" content=\"Tempo di lettura stimato\" \/>\n\t<meta name=\"twitter:data2\" content=\"3 minuti\" \/>\n<script type=\"application\/ld+json\" class=\"yoast-schema-graph\">{\"@context\":\"https:\\\/\\\/schema.org\",\"@graph\":[{\"@type\":\"Article\",\"@id\":\"https:\\\/\\\/www.musikzeitung.ch\\\/rezensionen\\\/buecher-rezensionen\\\/2022\\\/09\\\/eine-freundschaft-und-ihr-umfeld#article\",\"isPartOf\":{\"@id\":\"https:\\\/\\\/www.musikzeitung.ch\\\/rezensionen\\\/buecher-rezensionen\\\/2022\\\/09\\\/eine-freundschaft-und-ihr-umfeld\"},\"author\":{\"name\":\"Musikzeitung-Redaktion\",\"@id\":\"https:\\\/\\\/www.musikzeitung.ch\\\/#\\\/schema\\\/person\\\/b2fd892c800856270b9dcc6001265712\"},\"headline\":\"Eine Freundschaft und ihr Umfeld\",\"datePublished\":\"2022-09-06T23:00:00+00:00\",\"dateModified\":\"2024-08-13T08:32:52+00:00\",\"mainEntityOfPage\":{\"@id\":\"https:\\\/\\\/www.musikzeitung.ch\\\/rezensionen\\\/buecher-rezensionen\\\/2022\\\/09\\\/eine-freundschaft-und-ihr-umfeld\"},\"wordCount\":396,\"publisher\":{\"@id\":\"https:\\\/\\\/www.musikzeitung.ch\\\/#organization\"},\"image\":{\"@id\":\"https:\\\/\\\/www.musikzeitung.ch\\\/rezensionen\\\/buecher-rezensionen\\\/2022\\\/09\\\/eine-freundschaft-und-ihr-umfeld#primaryimage\"},\"thumbnailUrl\":\"https:\\\/\\\/www.musikzeitung.ch\\\/wp-content\\\/uploads\\\/2023\\\/01\\\/Clara-und-Johannes.jpeg\",\"keywords\":[\"Brahms\",\"Clara Schumann\",\"Knaus\",\"Saremba\"],\"articleSection\":[\"B\u00fccher\",\"Rezensionen\"],\"inLanguage\":\"it-IT\"},{\"@type\":\"WebPage\",\"@id\":\"https:\\\/\\\/www.musikzeitung.ch\\\/rezensionen\\\/buecher-rezensionen\\\/2022\\\/09\\\/eine-freundschaft-und-ihr-umfeld\",\"url\":\"https:\\\/\\\/www.musikzeitung.ch\\\/rezensionen\\\/buecher-rezensionen\\\/2022\\\/09\\\/eine-freundschaft-und-ihr-umfeld\",\"name\":\"Eine Freundschaft und ihr Umfeld - Schweizer Musikzeitung\",\"isPartOf\":{\"@id\":\"https:\\\/\\\/www.musikzeitung.ch\\\/#website\"},\"primaryImageOfPage\":{\"@id\":\"https:\\\/\\\/www.musikzeitung.ch\\\/rezensionen\\\/buecher-rezensionen\\\/2022\\\/09\\\/eine-freundschaft-und-ihr-umfeld#primaryimage\"},\"image\":{\"@id\":\"https:\\\/\\\/www.musikzeitung.ch\\\/rezensionen\\\/buecher-rezensionen\\\/2022\\\/09\\\/eine-freundschaft-und-ihr-umfeld#primaryimage\"},\"thumbnailUrl\":\"https:\\\/\\\/www.musikzeitung.ch\\\/wp-content\\\/uploads\\\/2023\\\/01\\\/Clara-und-Johannes.jpeg\",\"datePublished\":\"2022-09-06T23:00:00+00:00\",\"dateModified\":\"2024-08-13T08:32:52+00:00\",\"breadcrumb\":{\"@id\":\"https:\\\/\\\/www.musikzeitung.ch\\\/rezensionen\\\/buecher-rezensionen\\\/2022\\\/09\\\/eine-freundschaft-und-ihr-umfeld#breadcrumb\"},\"inLanguage\":\"it-IT\",\"potentialAction\":[{\"@type\":\"ReadAction\",\"target\":[\"https:\\\/\\\/www.musikzeitung.ch\\\/rezensionen\\\/buecher-rezensionen\\\/2022\\\/09\\\/eine-freundschaft-und-ihr-umfeld\"]}]},{\"@type\":\"ImageObject\",\"inLanguage\":\"it-IT\",\"@id\":\"https:\\\/\\\/www.musikzeitung.ch\\\/rezensionen\\\/buecher-rezensionen\\\/2022\\\/09\\\/eine-freundschaft-und-ihr-umfeld#primaryimage\",\"url\":\"https:\\\/\\\/www.musikzeitung.ch\\\/wp-content\\\/uploads\\\/2023\\\/01\\\/Clara-und-Johannes.jpeg\",\"contentUrl\":\"https:\\\/\\\/www.musikzeitung.ch\\\/wp-content\\\/uploads\\\/2023\\\/01\\\/Clara-und-Johannes.jpeg\",\"width\":554,\"height\":381},{\"@type\":\"BreadcrumbList\",\"@id\":\"https:\\\/\\\/www.musikzeitung.ch\\\/rezensionen\\\/buecher-rezensionen\\\/2022\\\/09\\\/eine-freundschaft-und-ihr-umfeld#breadcrumb\",\"itemListElement\":[{\"@type\":\"ListItem\",\"position\":1,\"name\":\"Home\",\"item\":\"https:\\\/\\\/www.musikzeitung.ch\\\/\"},{\"@type\":\"ListItem\",\"position\":2,\"name\":\"Eine Freundschaft und ihr Umfeld\"}]},{\"@type\":\"WebSite\",\"@id\":\"https:\\\/\\\/www.musikzeitung.ch\\\/#website\",\"url\":\"https:\\\/\\\/www.musikzeitung.ch\\\/\",\"name\":\"Schweizer Musikzeitung\",\"description\":\"Die f\u00fchrende sparten\u00fcbergreifende Monatszeitung in der Schweiz f\u00fcr musikalische Fragen.\",\"publisher\":{\"@id\":\"https:\\\/\\\/www.musikzeitung.ch\\\/#organization\"},\"potentialAction\":[{\"@type\":\"SearchAction\",\"target\":{\"@type\":\"EntryPoint\",\"urlTemplate\":\"https:\\\/\\\/www.musikzeitung.ch\\\/?s={search_term_string}\"},\"query-input\":{\"@type\":\"PropertyValueSpecification\",\"valueRequired\":true,\"valueName\":\"search_term_string\"}}],\"inLanguage\":\"it-IT\"},{\"@type\":\"Organization\",\"@id\":\"https:\\\/\\\/www.musikzeitung.ch\\\/#organization\",\"name\":\"Schweizer Musikzeitung\",\"url\":\"https:\\\/\\\/www.musikzeitung.ch\\\/\",\"logo\":{\"@type\":\"ImageObject\",\"inLanguage\":\"it-IT\",\"@id\":\"https:\\\/\\\/www.musikzeitung.ch\\\/#\\\/schema\\\/logo\\\/image\\\/\",\"url\":\"https:\\\/\\\/www.musikzeitung.ch\\\/wp-content\\\/uploads\\\/2023\\\/01\\\/SMZ_Schriftzug_Sprache.png\",\"contentUrl\":\"https:\\\/\\\/www.musikzeitung.ch\\\/wp-content\\\/uploads\\\/2023\\\/01\\\/SMZ_Schriftzug_Sprache.png\",\"width\":1400,\"height\":279,\"caption\":\"Schweizer Musikzeitung\"},\"image\":{\"@id\":\"https:\\\/\\\/www.musikzeitung.ch\\\/#\\\/schema\\\/logo\\\/image\\\/\"},\"sameAs\":[\"https:\\\/\\\/www.facebook.com\\\/SchweizerMusikzeitung\\\/\",\"https:\\\/\\\/x.com\\\/smusikzeitung\",\"https:\\\/\\\/www.instagram.com\\\/musikzeitung.ch\\\/\"]},{\"@type\":\"Person\",\"@id\":\"https:\\\/\\\/www.musikzeitung.ch\\\/#\\\/schema\\\/person\\\/b2fd892c800856270b9dcc6001265712\",\"name\":\"Musikzeitung-Redaktion\",\"image\":{\"@type\":\"ImageObject\",\"inLanguage\":\"it-IT\",\"@id\":\"https:\\\/\\\/www.musikzeitung.ch\\\/wp-content\\\/uploads\\\/2022\\\/05\\\/usericon_musikzeitung-96x96.jpg\",\"url\":\"https:\\\/\\\/www.musikzeitung.ch\\\/wp-content\\\/uploads\\\/2022\\\/05\\\/usericon_musikzeitung-96x96.jpg\",\"contentUrl\":\"https:\\\/\\\/www.musikzeitung.ch\\\/wp-content\\\/uploads\\\/2022\\\/05\\\/usericon_musikzeitung-96x96.jpg\",\"caption\":\"Musikzeitung-Redaktion\"},\"url\":\"https:\\\/\\\/www.musikzeitung.ch\\\/it\\\/author\\\/admin\"}]}<\/script>\n<!-- \/ Yoast SEO plugin. -->","yoast_head_json":{"title":"Un'amicizia e il suo ambiente - Schweizer Musikzeitung","robots":{"index":"index","follow":"follow","max-snippet":"max-snippet:-1","max-image-preview":"max-image-preview:large","max-video-preview":"max-video-preview:-1"},"canonical":"https:\/\/www.musikzeitung.ch\/it\/rezensionen\/buecher-rezensionen\/2022\/09\/eine-freundschaft-und-ihr-umfeld\/","og_locale":"it_IT","og_type":"article","og_title":"Eine Freundschaft und ihr Umfeld - Schweizer Musikzeitung","og_description":"Meinhard Saremba zeigt auf, wie sich die Aufspaltung im Musikleben des 19. Jahrhunderts in eine Liszt-Wagner- und eine Schumann-Brahms-Partei im Leben von Clara Schumann und Johannes Brahms spiegelt.","og_url":"https:\/\/www.musikzeitung.ch\/it\/rezensionen\/buecher-rezensionen\/2022\/09\/eine-freundschaft-und-ihr-umfeld\/","og_site_name":"Schweizer Musikzeitung","article_publisher":"https:\/\/www.facebook.com\/SchweizerMusikzeitung\/","article_published_time":"2022-09-06T23:00:00+00:00","article_modified_time":"2024-08-13T08:32:52+00:00","og_image":[{"width":554,"height":381,"url":"https:\/\/www.musikzeitung.ch\/wp-content\/uploads\/2023\/01\/Clara-und-Johannes.jpeg","type":"image\/jpeg"}],"author":"Musikzeitung-Redaktion","twitter_card":"summary_large_image","twitter_creator":"@smusikzeitung","twitter_site":"@smusikzeitung","twitter_misc":{"Scritto da":"Musikzeitung-Redaktion","Tempo di lettura stimato":"3 minuti"},"schema":{"@context":"https:\/\/schema.org","@graph":[{"@type":"Article","@id":"https:\/\/www.musikzeitung.ch\/rezensionen\/buecher-rezensionen\/2022\/09\/eine-freundschaft-und-ihr-umfeld#article","isPartOf":{"@id":"https:\/\/www.musikzeitung.ch\/rezensionen\/buecher-rezensionen\/2022\/09\/eine-freundschaft-und-ihr-umfeld"},"author":{"name":"Musikzeitung-Redaktion","@id":"https:\/\/www.musikzeitung.ch\/#\/schema\/person\/b2fd892c800856270b9dcc6001265712"},"headline":"Eine Freundschaft und ihr Umfeld","datePublished":"2022-09-06T23:00:00+00:00","dateModified":"2024-08-13T08:32:52+00:00","mainEntityOfPage":{"@id":"https:\/\/www.musikzeitung.ch\/rezensionen\/buecher-rezensionen\/2022\/09\/eine-freundschaft-und-ihr-umfeld"},"wordCount":396,"publisher":{"@id":"https:\/\/www.musikzeitung.ch\/#organization"},"image":{"@id":"https:\/\/www.musikzeitung.ch\/rezensionen\/buecher-rezensionen\/2022\/09\/eine-freundschaft-und-ihr-umfeld#primaryimage"},"thumbnailUrl":"https:\/\/www.musikzeitung.ch\/wp-content\/uploads\/2023\/01\/Clara-und-Johannes.jpeg","keywords":["Brahms","Clara Schumann","Knaus","Saremba"],"articleSection":["B\u00fccher","Rezensionen"],"inLanguage":"it-IT"},{"@type":"WebPage","@id":"https:\/\/www.musikzeitung.ch\/rezensionen\/buecher-rezensionen\/2022\/09\/eine-freundschaft-und-ihr-umfeld","url":"https:\/\/www.musikzeitung.ch\/rezensionen\/buecher-rezensionen\/2022\/09\/eine-freundschaft-und-ihr-umfeld","name":"Un'amicizia e il suo ambiente - Schweizer Musikzeitung","isPartOf":{"@id":"https:\/\/www.musikzeitung.ch\/#website"},"primaryImageOfPage":{"@id":"https:\/\/www.musikzeitung.ch\/rezensionen\/buecher-rezensionen\/2022\/09\/eine-freundschaft-und-ihr-umfeld#primaryimage"},"image":{"@id":"https:\/\/www.musikzeitung.ch\/rezensionen\/buecher-rezensionen\/2022\/09\/eine-freundschaft-und-ihr-umfeld#primaryimage"},"thumbnailUrl":"https:\/\/www.musikzeitung.ch\/wp-content\/uploads\/2023\/01\/Clara-und-Johannes.jpeg","datePublished":"2022-09-06T23:00:00+00:00","dateModified":"2024-08-13T08:32:52+00:00","breadcrumb":{"@id":"https:\/\/www.musikzeitung.ch\/rezensionen\/buecher-rezensionen\/2022\/09\/eine-freundschaft-und-ihr-umfeld#breadcrumb"},"inLanguage":"it-IT","potentialAction":[{"@type":"ReadAction","target":["https:\/\/www.musikzeitung.ch\/rezensionen\/buecher-rezensionen\/2022\/09\/eine-freundschaft-und-ihr-umfeld"]}]},{"@type":"ImageObject","inLanguage":"it-IT","@id":"https:\/\/www.musikzeitung.ch\/rezensionen\/buecher-rezensionen\/2022\/09\/eine-freundschaft-und-ihr-umfeld#primaryimage","url":"https:\/\/www.musikzeitung.ch\/wp-content\/uploads\/2023\/01\/Clara-und-Johannes.jpeg","contentUrl":"https:\/\/www.musikzeitung.ch\/wp-content\/uploads\/2023\/01\/Clara-und-Johannes.jpeg","width":554,"height":381},{"@type":"BreadcrumbList","@id":"https:\/\/www.musikzeitung.ch\/rezensionen\/buecher-rezensionen\/2022\/09\/eine-freundschaft-und-ihr-umfeld#breadcrumb","itemListElement":[{"@type":"ListItem","position":1,"name":"Home","item":"https:\/\/www.musikzeitung.ch\/"},{"@type":"ListItem","position":2,"name":"Eine Freundschaft und ihr Umfeld"}]},{"@type":"WebSite","@id":"https:\/\/www.musikzeitung.ch\/#website","url":"https:\/\/www.musikzeitung.ch\/","name":"Giornale musicale svizzero","description":"Il principale mensile interdisciplinare della Svizzera per le questioni musicali.","publisher":{"@id":"https:\/\/www.musikzeitung.ch\/#organization"},"potentialAction":[{"@type":"SearchAction","target":{"@type":"EntryPoint","urlTemplate":"https:\/\/www.musikzeitung.ch\/?s={search_term_string}"},"query-input":{"@type":"PropertyValueSpecification","valueRequired":true,"valueName":"search_term_string"}}],"inLanguage":"it-IT"},{"@type":"Organization","@id":"https:\/\/www.musikzeitung.ch\/#organization","name":"Giornale musicale svizzero","url":"https:\/\/www.musikzeitung.ch\/","logo":{"@type":"ImageObject","inLanguage":"it-IT","@id":"https:\/\/www.musikzeitung.ch\/#\/schema\/logo\/image\/","url":"https:\/\/www.musikzeitung.ch\/wp-content\/uploads\/2023\/01\/SMZ_Schriftzug_Sprache.png","contentUrl":"https:\/\/www.musikzeitung.ch\/wp-content\/uploads\/2023\/01\/SMZ_Schriftzug_Sprache.png","width":1400,"height":279,"caption":"Schweizer Musikzeitung"},"image":{"@id":"https:\/\/www.musikzeitung.ch\/#\/schema\/logo\/image\/"},"sameAs":["https:\/\/www.facebook.com\/SchweizerMusikzeitung\/","https:\/\/x.com\/smusikzeitung","https:\/\/www.instagram.com\/musikzeitung.ch\/"]},{"@type":"Person","@id":"https:\/\/www.musikzeitung.ch\/#\/schema\/person\/b2fd892c800856270b9dcc6001265712","name":"Redazione Musikzeitung","image":{"@type":"ImageObject","inLanguage":"it-IT","@id":"https:\/\/www.musikzeitung.ch\/wp-content\/uploads\/2022\/05\/usericon_musikzeitung-96x96.jpg","url":"https:\/\/www.musikzeitung.ch\/wp-content\/uploads\/2022\/05\/usericon_musikzeitung-96x96.jpg","contentUrl":"https:\/\/www.musikzeitung.ch\/wp-content\/uploads\/2022\/05\/usericon_musikzeitung-96x96.jpg","caption":"Musikzeitung-Redaktion"},"url":"https:\/\/www.musikzeitung.ch\/it\/author\/admin"}]}},"publishpress_future_workflow_manual_trigger":{"enabledWorkflows":[]},"_links":{"self":[{"href":"https:\/\/www.musikzeitung.ch\/it\/wp-json\/wp\/v2\/posts\/5852","targetHints":{"allow":["GET"]}}],"collection":[{"href":"https:\/\/www.musikzeitung.ch\/it\/wp-json\/wp\/v2\/posts"}],"about":[{"href":"https:\/\/www.musikzeitung.ch\/it\/wp-json\/wp\/v2\/types\/post"}],"author":[{"embeddable":true,"href":"https:\/\/www.musikzeitung.ch\/it\/wp-json\/wp\/v2\/users\/1"}],"replies":[{"embeddable":true,"href":"https:\/\/www.musikzeitung.ch\/it\/wp-json\/wp\/v2\/comments?post=5852"}],"version-history":[{"count":3,"href":"https:\/\/www.musikzeitung.ch\/it\/wp-json\/wp\/v2\/posts\/5852\/revisions"}],"predecessor-version":[{"id":56596,"href":"https:\/\/www.musikzeitung.ch\/it\/wp-json\/wp\/v2\/posts\/5852\/revisions\/56596"}],"wp:featuredmedia":[{"embeddable":true,"href":"https:\/\/www.musikzeitung.ch\/it\/wp-json\/wp\/v2\/media\/5853"}],"wp:attachment":[{"href":"https:\/\/www.musikzeitung.ch\/it\/wp-json\/wp\/v2\/media?parent=5852"}],"wp:term":[{"taxonomy":"category","embeddable":true,"href":"https:\/\/www.musikzeitung.ch\/it\/wp-json\/wp\/v2\/categories?post=5852"},{"taxonomy":"post_tag","embeddable":true,"href":"https:\/\/www.musikzeitung.ch\/it\/wp-json\/wp\/v2\/tags?post=5852"}],"curies":[{"name":"wp","href":"https:\/\/api.w.org\/{rel}","templated":true}]}}