{"id":59221,"date":"2014-10-02T11:49:20","date_gmt":"2014-10-02T09:49:20","guid":{"rendered":"https:\/\/www.musikzeitung.ch\/?p=59221"},"modified":"2024-10-07T11:51:42","modified_gmt":"2024-10-07T09:51:42","slug":"frisch-freche-ehrung","status":"publish","type":"post","link":"https:\/\/www.musikzeitung.ch\/it\/rezensionen\/tontraeger-rezensionen\/2014\/10\/frisch-freche-ehrung","title":{"rendered":"Onore fresco e sfacciato"},"content":{"rendered":"<div class=\"text-section\">\n<figure id=\"attachment_59222\" aria-describedby=\"caption-attachment-59222\" style=\"width: 554px\" class=\"wp-caption alignnone\"><img loading=\"lazy\" decoding=\"async\" class=\"wp-image-59222 size-full\" src=\"https:\/\/www.musikzeitung.ch\/wp-content\/uploads\/2024\/10\/klapp.jpg\" alt=\"\" width=\"554\" height=\"369\" srcset=\"https:\/\/www.musikzeitung.ch\/wp-content\/uploads\/2024\/10\/klapp.jpg 554w, https:\/\/www.musikzeitung.ch\/wp-content\/uploads\/2024\/10\/klapp-300x200.jpg 300w, https:\/\/www.musikzeitung.ch\/wp-content\/uploads\/2024\/10\/klapp-18x12.jpg 18w, https:\/\/www.musikzeitung.ch\/wp-content\/uploads\/2024\/10\/klapp-263x175.jpg 263w, https:\/\/www.musikzeitung.ch\/wp-content\/uploads\/2024\/10\/klapp-525x350.jpg 525w\" sizes=\"auto, (max-width: 554px) 100vw, 554px\" \/><figcaption id=\"caption-attachment-59222\" class=\"wp-caption-text\">macchina piegatrice. Foto: Reto Andreoli<\/figcaption><\/figure>\n<p>I tributi spesso si concludono con un rigido rispetto. Non cos\u00ec l'album <em>Un omaggio ad Adolphe Sax<\/em> del gruppo klapparat, come suggerisce il nome. Fondato nel 2011 e ampliato con un batterista nel 2012, il quintetto di sassofoni onora l'inventore del sassofono, nato 200 anni fa, con umorismo, diversit\u00e0 stilistica e interplay accattivante. I sei musicisti, che suonano anche in gruppi noti come Picason, Traktorkestar e Hildegard lernt fliegen, dimostrano le molteplici possibilit\u00e0 espressive di questo strumento con diverse variazioni fino al sassofono sub-contrabbasso Tubax. Nell'interesse dell'accessibilit\u00e0 musicale, tuttavia, non si ostinano a utilizzare occasionalmente flauto, clarinetto e xilofono oltre alla batteria.<\/p>\n<p>La diversit\u00e0 stilistica dell'album riflette il background dei musicisti, dal jazz e dalla musica classica al folklore, al rock e agli stili cubani come la rumba. In questo modo, klapparat rende anche giustizia alla storia moderna dello strumento, inventato nel 1840. Il gruppo osa suonare una breve versione del brano di Maurice Ravel <em>Bol\u00e9ro<\/em> del 1928, che gi\u00e0 nell'originale contiene variazioni con il sassofono, ma che in realt\u00e0 trae gran parte della sua tensione dal cambio di strumentazione; tanto pi\u00f9 impressionante \u00e8 l'arrangiamento divertente e sonicamente emozionante di Daniel Zumofen. Con un'interpretazione del brano di Sidney Bechet <em>Petite Fleur<\/em> sottolinea anche il fatto che il sassofono \u00e8 diventato uno strumento indispensabile in questo genere con la nascita del jazz e lo caratterizza ancora oggi.<\/p>\n<p>Con due composizioni del compositore e pianista cubano Ernesto Burgos, klapparat non solo richiama l'attenzione sull'importanza del sassofono negli stili afro-caraibici, ma riporta anche agli inizi del gruppo, quando suonava principalmente brani di Burgos e Marcos A. Fernandez. I due pezzi <em>Arrabiata <\/em>e <em>Bolla<\/em> sono composizioni di membri del gruppo e, con i loro approcci insoliti, indicano un certo potenziale per un ulteriore sviluppo indipendente.<\/p>\n<div class=\"text-section\">\n<dl class=\"picture media photo\">\n<dt><img decoding=\"async\" class=\"media photo aligncenter\" src=\"https:\/\/old.musikzeitung.ch\/imaging\/stk\/musikzeitung\/article-image-left\/website\/de\/rezensionen\/tontraeger\/2014\/10\/klapparat\/content\/01\/imageBinary\/REZ_res_jazz_cd_klapparat%20Kopie.jpg\" alt=\"Image \" \/><\/dt>\n<\/dl>\n<\/div>\n<div class=\"text-section\">\n<p><em>klapparat: un omaggio ad Adolphe Sax. Erwin Br\u00fcnisholz, Michel Duc, Ivo Prato, Matthias Wenger e Daniel Zumofen, sassofoni; Philippe Ducommun, percussioni. <\/em><a href=\"http:\/\/www.klapparat.ch\" target=\"_blank\" rel=\"noopener\"><em>www.klapparat.ch <\/em><\/a><\/p>\n<\/div>\n<\/div>","protected":false},"excerpt":{"rendered":"<p>Il quintetto di sassofoni klapparat, ampliato con un percussionista, rende omaggio all'inventore dello strumento con un album vivace.<\/p>","protected":false},"author":29,"featured_media":0,"comment_status":"closed","ping_status":"closed","sticky":false,"template":"","format":"standard","meta":{"_acf_changed":false,"_relevanssi_hide_post":"","_relevanssi_hide_content":"","_relevanssi_pin_for_all":"","_relevanssi_pin_keywords":"","_relevanssi_unpin_keywords":"","_relevanssi_related_keywords":"","_relevanssi_related_include_ids":"","_relevanssi_related_exclude_ids":"","_relevanssi_related_no_append":"","_relevanssi_related_not_related":"","_relevanssi_related_posts":"","_relevanssi_noindex_reason":"","pgc_sgb_lightbox_settings":"","footnotes":""},"categories":[29,1420],"tags":[],"class_list":["post-59221","post","type-post","status-publish","format-standard","hentry","category-rezensionen","category-tontraeger-rezensionen"],"acf":[],"yoast_head":"<!-- This site is optimized with the Yoast SEO plugin v27.4 - https:\/\/yoast.com\/product\/yoast-seo-wordpress\/ -->\n<title>Frisch-freche Ehrung - Schweizer Musikzeitung<\/title>\n<meta name=\"robots\" content=\"index, follow, max-snippet:-1, max-image-preview:large, max-video-preview:-1\" \/>\n<link rel=\"canonical\" href=\"https:\/\/www.musikzeitung.ch\/it\/rezensionen\/tontraeger-rezensionen\/2014\/10\/frisch-freche-ehrung\/\" \/>\n<meta property=\"og:locale\" content=\"it_IT\" \/>\n<meta property=\"og:type\" content=\"article\" \/>\n<meta property=\"og:title\" content=\"Frisch-freche Ehrung - Schweizer Musikzeitung\" \/>\n<meta property=\"og:description\" content=\"Das mit einem Schlagzeuger erweiterte Saxofonquintett klapparat zollt dem Erfinder des Instruments mit einem quirligen Album Tribut.\" \/>\n<meta property=\"og:url\" content=\"https:\/\/www.musikzeitung.ch\/it\/rezensionen\/tontraeger-rezensionen\/2014\/10\/frisch-freche-ehrung\/\" \/>\n<meta property=\"og:site_name\" content=\"Schweizer Musikzeitung\" \/>\n<meta property=\"article:publisher\" content=\"https:\/\/www.facebook.com\/SchweizerMusikzeitung\/\" \/>\n<meta property=\"article:published_time\" content=\"2014-10-02T09:49:20+00:00\" \/>\n<meta property=\"article:modified_time\" content=\"2024-10-07T09:51:42+00:00\" \/>\n<meta property=\"og:image\" content=\"https:\/\/www.musikzeitung.ch\/wp-content\/uploads\/2024\/10\/klapp.jpg\" \/>\n<meta name=\"author\" content=\"pia.schwab\" \/>\n<meta name=\"twitter:card\" content=\"summary_large_image\" \/>\n<meta name=\"twitter:creator\" content=\"@smusikzeitung\" \/>\n<meta name=\"twitter:site\" content=\"@smusikzeitung\" \/>\n<meta name=\"twitter:label1\" content=\"Scritto da\" \/>\n\t<meta name=\"twitter:data1\" content=\"pia.schwab\" \/>\n\t<meta name=\"twitter:label2\" content=\"Tempo di lettura stimato\" \/>\n\t<meta name=\"twitter:data2\" content=\"3 minuti\" \/>\n<script type=\"application\/ld+json\" class=\"yoast-schema-graph\">{\"@context\":\"https:\\\/\\\/schema.org\",\"@graph\":[{\"@type\":\"Article\",\"@id\":\"https:\\\/\\\/www.musikzeitung.ch\\\/rezensionen\\\/tontraeger-rezensionen\\\/2014\\\/10\\\/frisch-freche-ehrung#article\",\"isPartOf\":{\"@id\":\"https:\\\/\\\/www.musikzeitung.ch\\\/rezensionen\\\/tontraeger-rezensionen\\\/2014\\\/10\\\/frisch-freche-ehrung\"},\"author\":{\"name\":\"pia.schwab\",\"@id\":\"https:\\\/\\\/www.musikzeitung.ch\\\/#\\\/schema\\\/person\\\/ea3d7b86bd7157c78c7ddd37f2f82b5b\"},\"headline\":\"Frisch-freche Ehrung\",\"datePublished\":\"2014-10-02T09:49:20+00:00\",\"dateModified\":\"2024-10-07T09:51:42+00:00\",\"mainEntityOfPage\":{\"@id\":\"https:\\\/\\\/www.musikzeitung.ch\\\/rezensionen\\\/tontraeger-rezensionen\\\/2014\\\/10\\\/frisch-freche-ehrung\"},\"wordCount\":334,\"publisher\":{\"@id\":\"https:\\\/\\\/www.musikzeitung.ch\\\/#organization\"},\"image\":{\"@id\":\"https:\\\/\\\/www.musikzeitung.ch\\\/rezensionen\\\/tontraeger-rezensionen\\\/2014\\\/10\\\/frisch-freche-ehrung#primaryimage\"},\"thumbnailUrl\":\"https:\\\/\\\/www.musikzeitung.ch\\\/wp-content\\\/uploads\\\/2024\\\/10\\\/klapp.jpg\",\"articleSection\":[\"Rezensionen\",\"Tontr\u00e4ger\"],\"inLanguage\":\"it-IT\"},{\"@type\":\"WebPage\",\"@id\":\"https:\\\/\\\/www.musikzeitung.ch\\\/rezensionen\\\/tontraeger-rezensionen\\\/2014\\\/10\\\/frisch-freche-ehrung\",\"url\":\"https:\\\/\\\/www.musikzeitung.ch\\\/rezensionen\\\/tontraeger-rezensionen\\\/2014\\\/10\\\/frisch-freche-ehrung\",\"name\":\"Frisch-freche Ehrung - Schweizer Musikzeitung\",\"isPartOf\":{\"@id\":\"https:\\\/\\\/www.musikzeitung.ch\\\/#website\"},\"primaryImageOfPage\":{\"@id\":\"https:\\\/\\\/www.musikzeitung.ch\\\/rezensionen\\\/tontraeger-rezensionen\\\/2014\\\/10\\\/frisch-freche-ehrung#primaryimage\"},\"image\":{\"@id\":\"https:\\\/\\\/www.musikzeitung.ch\\\/rezensionen\\\/tontraeger-rezensionen\\\/2014\\\/10\\\/frisch-freche-ehrung#primaryimage\"},\"thumbnailUrl\":\"https:\\\/\\\/www.musikzeitung.ch\\\/wp-content\\\/uploads\\\/2024\\\/10\\\/klapp.jpg\",\"datePublished\":\"2014-10-02T09:49:20+00:00\",\"dateModified\":\"2024-10-07T09:51:42+00:00\",\"breadcrumb\":{\"@id\":\"https:\\\/\\\/www.musikzeitung.ch\\\/rezensionen\\\/tontraeger-rezensionen\\\/2014\\\/10\\\/frisch-freche-ehrung#breadcrumb\"},\"inLanguage\":\"it-IT\",\"potentialAction\":[{\"@type\":\"ReadAction\",\"target\":[\"https:\\\/\\\/www.musikzeitung.ch\\\/rezensionen\\\/tontraeger-rezensionen\\\/2014\\\/10\\\/frisch-freche-ehrung\"]}]},{\"@type\":\"ImageObject\",\"inLanguage\":\"it-IT\",\"@id\":\"https:\\\/\\\/www.musikzeitung.ch\\\/rezensionen\\\/tontraeger-rezensionen\\\/2014\\\/10\\\/frisch-freche-ehrung#primaryimage\",\"url\":\"https:\\\/\\\/www.musikzeitung.ch\\\/wp-content\\\/uploads\\\/2024\\\/10\\\/klapp.jpg\",\"contentUrl\":\"https:\\\/\\\/www.musikzeitung.ch\\\/wp-content\\\/uploads\\\/2024\\\/10\\\/klapp.jpg\"},{\"@type\":\"BreadcrumbList\",\"@id\":\"https:\\\/\\\/www.musikzeitung.ch\\\/rezensionen\\\/tontraeger-rezensionen\\\/2014\\\/10\\\/frisch-freche-ehrung#breadcrumb\",\"itemListElement\":[{\"@type\":\"ListItem\",\"position\":1,\"name\":\"Home\",\"item\":\"https:\\\/\\\/www.musikzeitung.ch\\\/\"},{\"@type\":\"ListItem\",\"position\":2,\"name\":\"Frisch-freche Ehrung\"}]},{\"@type\":\"WebSite\",\"@id\":\"https:\\\/\\\/www.musikzeitung.ch\\\/#website\",\"url\":\"https:\\\/\\\/www.musikzeitung.ch\\\/\",\"name\":\"Schweizer Musikzeitung\",\"description\":\"Die f\u00fchrende sparten\u00fcbergreifende Monatszeitung in der Schweiz f\u00fcr musikalische Fragen.\",\"publisher\":{\"@id\":\"https:\\\/\\\/www.musikzeitung.ch\\\/#organization\"},\"potentialAction\":[{\"@type\":\"SearchAction\",\"target\":{\"@type\":\"EntryPoint\",\"urlTemplate\":\"https:\\\/\\\/www.musikzeitung.ch\\\/?s={search_term_string}\"},\"query-input\":{\"@type\":\"PropertyValueSpecification\",\"valueRequired\":true,\"valueName\":\"search_term_string\"}}],\"inLanguage\":\"it-IT\"},{\"@type\":\"Organization\",\"@id\":\"https:\\\/\\\/www.musikzeitung.ch\\\/#organization\",\"name\":\"Schweizer Musikzeitung\",\"url\":\"https:\\\/\\\/www.musikzeitung.ch\\\/\",\"logo\":{\"@type\":\"ImageObject\",\"inLanguage\":\"it-IT\",\"@id\":\"https:\\\/\\\/www.musikzeitung.ch\\\/#\\\/schema\\\/logo\\\/image\\\/\",\"url\":\"https:\\\/\\\/www.musikzeitung.ch\\\/wp-content\\\/uploads\\\/2023\\\/01\\\/SMZ_Schriftzug_Sprache.png\",\"contentUrl\":\"https:\\\/\\\/www.musikzeitung.ch\\\/wp-content\\\/uploads\\\/2023\\\/01\\\/SMZ_Schriftzug_Sprache.png\",\"width\":1400,\"height\":279,\"caption\":\"Schweizer Musikzeitung\"},\"image\":{\"@id\":\"https:\\\/\\\/www.musikzeitung.ch\\\/#\\\/schema\\\/logo\\\/image\\\/\"},\"sameAs\":[\"https:\\\/\\\/www.facebook.com\\\/SchweizerMusikzeitung\\\/\",\"https:\\\/\\\/x.com\\\/smusikzeitung\",\"https:\\\/\\\/www.instagram.com\\\/musikzeitung.ch\\\/\"]},{\"@type\":\"Person\",\"@id\":\"https:\\\/\\\/www.musikzeitung.ch\\\/#\\\/schema\\\/person\\\/ea3d7b86bd7157c78c7ddd37f2f82b5b\",\"name\":\"pia.schwab\",\"image\":{\"@type\":\"ImageObject\",\"inLanguage\":\"it-IT\",\"@id\":\"https:\\\/\\\/secure.gravatar.com\\\/avatar\\\/d39d170de4c2d07e897fbc26cf9d890fc046285c742207b86d8ebabe5fcde2c4?s=96&d=mm&r=g\",\"url\":\"https:\\\/\\\/secure.gravatar.com\\\/avatar\\\/d39d170de4c2d07e897fbc26cf9d890fc046285c742207b86d8ebabe5fcde2c4?s=96&d=mm&r=g\",\"contentUrl\":\"https:\\\/\\\/secure.gravatar.com\\\/avatar\\\/d39d170de4c2d07e897fbc26cf9d890fc046285c742207b86d8ebabe5fcde2c4?s=96&d=mm&r=g\",\"caption\":\"pia.schwab\"},\"url\":\"https:\\\/\\\/www.musikzeitung.ch\\\/it\\\/author\\\/pia-schwab\"}]}<\/script>\n<!-- \/ Yoast SEO plugin. -->","yoast_head_json":{"title":"Onore fresco e sfacciato - Schweizer Musikzeitung","robots":{"index":"index","follow":"follow","max-snippet":"max-snippet:-1","max-image-preview":"max-image-preview:large","max-video-preview":"max-video-preview:-1"},"canonical":"https:\/\/www.musikzeitung.ch\/it\/rezensionen\/tontraeger-rezensionen\/2014\/10\/frisch-freche-ehrung\/","og_locale":"it_IT","og_type":"article","og_title":"Frisch-freche Ehrung - Schweizer Musikzeitung","og_description":"Das mit einem Schlagzeuger erweiterte Saxofonquintett klapparat zollt dem Erfinder des Instruments mit einem quirligen Album Tribut.","og_url":"https:\/\/www.musikzeitung.ch\/it\/rezensionen\/tontraeger-rezensionen\/2014\/10\/frisch-freche-ehrung\/","og_site_name":"Schweizer Musikzeitung","article_publisher":"https:\/\/www.facebook.com\/SchweizerMusikzeitung\/","article_published_time":"2014-10-02T09:49:20+00:00","article_modified_time":"2024-10-07T09:51:42+00:00","og_image":[{"url":"https:\/\/www.musikzeitung.ch\/wp-content\/uploads\/2024\/10\/klapp.jpg","type":"","width":"","height":""}],"author":"pia.schwab","twitter_card":"summary_large_image","twitter_creator":"@smusikzeitung","twitter_site":"@smusikzeitung","twitter_misc":{"Scritto da":"pia.schwab","Tempo di lettura stimato":"3 minuti"},"schema":{"@context":"https:\/\/schema.org","@graph":[{"@type":"Article","@id":"https:\/\/www.musikzeitung.ch\/rezensionen\/tontraeger-rezensionen\/2014\/10\/frisch-freche-ehrung#article","isPartOf":{"@id":"https:\/\/www.musikzeitung.ch\/rezensionen\/tontraeger-rezensionen\/2014\/10\/frisch-freche-ehrung"},"author":{"name":"pia.schwab","@id":"https:\/\/www.musikzeitung.ch\/#\/schema\/person\/ea3d7b86bd7157c78c7ddd37f2f82b5b"},"headline":"Frisch-freche Ehrung","datePublished":"2014-10-02T09:49:20+00:00","dateModified":"2024-10-07T09:51:42+00:00","mainEntityOfPage":{"@id":"https:\/\/www.musikzeitung.ch\/rezensionen\/tontraeger-rezensionen\/2014\/10\/frisch-freche-ehrung"},"wordCount":334,"publisher":{"@id":"https:\/\/www.musikzeitung.ch\/#organization"},"image":{"@id":"https:\/\/www.musikzeitung.ch\/rezensionen\/tontraeger-rezensionen\/2014\/10\/frisch-freche-ehrung#primaryimage"},"thumbnailUrl":"https:\/\/www.musikzeitung.ch\/wp-content\/uploads\/2024\/10\/klapp.jpg","articleSection":["Rezensionen","Tontr\u00e4ger"],"inLanguage":"it-IT"},{"@type":"WebPage","@id":"https:\/\/www.musikzeitung.ch\/rezensionen\/tontraeger-rezensionen\/2014\/10\/frisch-freche-ehrung","url":"https:\/\/www.musikzeitung.ch\/rezensionen\/tontraeger-rezensionen\/2014\/10\/frisch-freche-ehrung","name":"Onore fresco e sfacciato - Schweizer Musikzeitung","isPartOf":{"@id":"https:\/\/www.musikzeitung.ch\/#website"},"primaryImageOfPage":{"@id":"https:\/\/www.musikzeitung.ch\/rezensionen\/tontraeger-rezensionen\/2014\/10\/frisch-freche-ehrung#primaryimage"},"image":{"@id":"https:\/\/www.musikzeitung.ch\/rezensionen\/tontraeger-rezensionen\/2014\/10\/frisch-freche-ehrung#primaryimage"},"thumbnailUrl":"https:\/\/www.musikzeitung.ch\/wp-content\/uploads\/2024\/10\/klapp.jpg","datePublished":"2014-10-02T09:49:20+00:00","dateModified":"2024-10-07T09:51:42+00:00","breadcrumb":{"@id":"https:\/\/www.musikzeitung.ch\/rezensionen\/tontraeger-rezensionen\/2014\/10\/frisch-freche-ehrung#breadcrumb"},"inLanguage":"it-IT","potentialAction":[{"@type":"ReadAction","target":["https:\/\/www.musikzeitung.ch\/rezensionen\/tontraeger-rezensionen\/2014\/10\/frisch-freche-ehrung"]}]},{"@type":"ImageObject","inLanguage":"it-IT","@id":"https:\/\/www.musikzeitung.ch\/rezensionen\/tontraeger-rezensionen\/2014\/10\/frisch-freche-ehrung#primaryimage","url":"https:\/\/www.musikzeitung.ch\/wp-content\/uploads\/2024\/10\/klapp.jpg","contentUrl":"https:\/\/www.musikzeitung.ch\/wp-content\/uploads\/2024\/10\/klapp.jpg"},{"@type":"BreadcrumbList","@id":"https:\/\/www.musikzeitung.ch\/rezensionen\/tontraeger-rezensionen\/2014\/10\/frisch-freche-ehrung#breadcrumb","itemListElement":[{"@type":"ListItem","position":1,"name":"Home","item":"https:\/\/www.musikzeitung.ch\/"},{"@type":"ListItem","position":2,"name":"Frisch-freche Ehrung"}]},{"@type":"WebSite","@id":"https:\/\/www.musikzeitung.ch\/#website","url":"https:\/\/www.musikzeitung.ch\/","name":"Giornale musicale svizzero","description":"Il principale mensile interdisciplinare della Svizzera per le questioni musicali.","publisher":{"@id":"https:\/\/www.musikzeitung.ch\/#organization"},"potentialAction":[{"@type":"SearchAction","target":{"@type":"EntryPoint","urlTemplate":"https:\/\/www.musikzeitung.ch\/?s={search_term_string}"},"query-input":{"@type":"PropertyValueSpecification","valueRequired":true,"valueName":"search_term_string"}}],"inLanguage":"it-IT"},{"@type":"Organization","@id":"https:\/\/www.musikzeitung.ch\/#organization","name":"Giornale musicale svizzero","url":"https:\/\/www.musikzeitung.ch\/","logo":{"@type":"ImageObject","inLanguage":"it-IT","@id":"https:\/\/www.musikzeitung.ch\/#\/schema\/logo\/image\/","url":"https:\/\/www.musikzeitung.ch\/wp-content\/uploads\/2023\/01\/SMZ_Schriftzug_Sprache.png","contentUrl":"https:\/\/www.musikzeitung.ch\/wp-content\/uploads\/2023\/01\/SMZ_Schriftzug_Sprache.png","width":1400,"height":279,"caption":"Schweizer Musikzeitung"},"image":{"@id":"https:\/\/www.musikzeitung.ch\/#\/schema\/logo\/image\/"},"sameAs":["https:\/\/www.facebook.com\/SchweizerMusikzeitung\/","https:\/\/x.com\/smusikzeitung","https:\/\/www.instagram.com\/musikzeitung.ch\/"]},{"@type":"Person","@id":"https:\/\/www.musikzeitung.ch\/#\/schema\/person\/ea3d7b86bd7157c78c7ddd37f2f82b5b","name":"pia.schwab","image":{"@type":"ImageObject","inLanguage":"it-IT","@id":"https:\/\/secure.gravatar.com\/avatar\/d39d170de4c2d07e897fbc26cf9d890fc046285c742207b86d8ebabe5fcde2c4?s=96&d=mm&r=g","url":"https:\/\/secure.gravatar.com\/avatar\/d39d170de4c2d07e897fbc26cf9d890fc046285c742207b86d8ebabe5fcde2c4?s=96&d=mm&r=g","contentUrl":"https:\/\/secure.gravatar.com\/avatar\/d39d170de4c2d07e897fbc26cf9d890fc046285c742207b86d8ebabe5fcde2c4?s=96&d=mm&r=g","caption":"pia.schwab"},"url":"https:\/\/www.musikzeitung.ch\/it\/author\/pia-schwab"}]}},"publishpress_future_workflow_manual_trigger":{"enabledWorkflows":[]},"_links":{"self":[{"href":"https:\/\/www.musikzeitung.ch\/it\/wp-json\/wp\/v2\/posts\/59221","targetHints":{"allow":["GET"]}}],"collection":[{"href":"https:\/\/www.musikzeitung.ch\/it\/wp-json\/wp\/v2\/posts"}],"about":[{"href":"https:\/\/www.musikzeitung.ch\/it\/wp-json\/wp\/v2\/types\/post"}],"author":[{"embeddable":true,"href":"https:\/\/www.musikzeitung.ch\/it\/wp-json\/wp\/v2\/users\/29"}],"replies":[{"embeddable":true,"href":"https:\/\/www.musikzeitung.ch\/it\/wp-json\/wp\/v2\/comments?post=59221"}],"version-history":[{"count":1,"href":"https:\/\/www.musikzeitung.ch\/it\/wp-json\/wp\/v2\/posts\/59221\/revisions"}],"predecessor-version":[{"id":59223,"href":"https:\/\/www.musikzeitung.ch\/it\/wp-json\/wp\/v2\/posts\/59221\/revisions\/59223"}],"wp:attachment":[{"href":"https:\/\/www.musikzeitung.ch\/it\/wp-json\/wp\/v2\/media?parent=59221"}],"wp:term":[{"taxonomy":"category","embeddable":true,"href":"https:\/\/www.musikzeitung.ch\/it\/wp-json\/wp\/v2\/categories?post=59221"},{"taxonomy":"post_tag","embeddable":true,"href":"https:\/\/www.musikzeitung.ch\/it\/wp-json\/wp\/v2\/tags?post=59221"}],"curies":[{"name":"wp","href":"https:\/\/api.w.org\/{rel}","templated":true}]}}