{"id":59410,"date":"2024-10-10T11:41:35","date_gmt":"2024-10-10T09:41:35","guid":{"rendered":"https:\/\/www.musikzeitung.ch\/?p=59410"},"modified":"2024-10-14T09:02:27","modified_gmt":"2024-10-14T07:02:27","slug":"sophie-hunger-kuratiert-reflektor-festival","status":"publish","type":"post","link":"https:\/\/www.musikzeitung.ch\/it\/news\/2024\/10\/sophie-hunger-kuratiert-reflektor-festival","title":{"rendered":"Sophie Hunger cura il festival \"Reflektor"},"content":{"rendered":"<figure id=\"attachment_59411\" aria-describedby=\"caption-attachment-59411\" style=\"width: 991px\" class=\"wp-caption alignnone\"><img loading=\"lazy\" decoding=\"async\" class=\"size-full wp-image-59411\" src=\"https:\/\/www.musikzeitung.ch\/wp-content\/uploads\/2024\/10\/241010hunger.jpg\" alt=\"\" width=\"991\" height=\"660\" srcset=\"https:\/\/www.musikzeitung.ch\/wp-content\/uploads\/2024\/10\/241010hunger.jpg 991w, https:\/\/www.musikzeitung.ch\/wp-content\/uploads\/2024\/10\/241010hunger-300x200.jpg 300w, https:\/\/www.musikzeitung.ch\/wp-content\/uploads\/2024\/10\/241010hunger-600x400.jpg 600w, https:\/\/www.musikzeitung.ch\/wp-content\/uploads\/2024\/10\/241010hunger-768x511.jpg 768w, https:\/\/www.musikzeitung.ch\/wp-content\/uploads\/2024\/10\/241010hunger-18x12.jpg 18w, https:\/\/www.musikzeitung.ch\/wp-content\/uploads\/2024\/10\/241010hunger-263x175.jpg 263w, https:\/\/www.musikzeitung.ch\/wp-content\/uploads\/2024\/10\/241010hunger-526x350.jpg 526w, https:\/\/www.musikzeitung.ch\/wp-content\/uploads\/2024\/10\/241010hunger-920x613.jpg 920w\" sizes=\"auto, (max-width: 991px) 100vw, 991px\" \/><figcaption id=\"caption-attachment-59411\" class=\"wp-caption-text\">Sophie Hunger (Immagine: J\u00e9r\u00f4me Witz)<\/figcaption><\/figure>\n<p>Dopo una temporanea pausa dal palco, il <a href=\"https:\/\/www.sophiehunger.com\/\" target=\"_blank\" rel=\"noopener\">Sophie Hunger<\/a> far\u00e0 il suo ritorno dal 20 al 23 marzo 2025. Per un fine settimana, disegner\u00e0 <a href=\"https:\/\/www.elbphilharmonie.de\/de\/festivals\/reflektor-sophie-hunger\/1199\" target=\"_blank\" rel=\"noopener\">La Elbphilharmonie ha un proprio festival<\/a>Canta le sue canzoni, che spaziano tra l'indie rock e il pop poetico, insieme a un'orchestra, e legge il suo romanzo d'esordio, annunciato di recente. <em>Valzer per nessuno<\/em>che uscir\u00e0 nella primavera del 2025 - e porter\u00e0 ad Amburgo molti amici musicisti.<\/p>\n<p>Anche Dino Brand\u00e3o si esibir\u00e0 nella Sala Piccola durante la serata di apertura. Ha iniziato la sua carriera musicale come musicista di strada, ha celebrato il successo con la band Frank Power e ha pubblicato il suo primo album da solista \"Self Inclusion\" nella primavera del 2024. Dopo aver tenuto un celebre concerto in trio con Sophie Hunger e Faber nella Sala Grande della Elbphilharmonie nel 2021, torna ora con le sue nuove canzoni.<\/p>\n<p>Julian Sartorius trasforma l'edificio della Elbphilharmonie in uno strumento. Utilizzando bastoni e mazze, l'ex batterista dei Sophie Hunger ricava un'ampia variet\u00e0 di suoni da pareti e oggetti durante le sue \"passeggiate sonore\".<\/p>","protected":false},"excerpt":{"rendered":"<p>La svizzera Sophie Hunger organizza il suo festival \"Reflektor\" alla Elbphilharmonie. Parteciperanno anche gli artisti svizzeri Dino Brand\u00e3o e Julian Sartorius.<\/p>","protected":false},"author":30,"featured_media":59411,"comment_status":"closed","ping_status":"closed","sticky":false,"template":"","format":"standard","meta":{"_acf_changed":false,"_relevanssi_hide_post":"","_relevanssi_hide_content":"","_relevanssi_pin_for_all":"","_relevanssi_pin_keywords":"","_relevanssi_unpin_keywords":"","_relevanssi_related_keywords":"","_relevanssi_related_include_ids":"","_relevanssi_related_exclude_ids":"","_relevanssi_related_no_append":"","_relevanssi_related_not_related":"","_relevanssi_related_posts":"","_relevanssi_noindex_reason":"","pgc_sgb_lightbox_settings":"","footnotes":""},"categories":[27],"tags":[4365,4367,4366,4407],"class_list":["post-59410","post","type-post","status-publish","format-standard","has-post-thumbnail","hentry","category-news","tag-dino-brandao","tag-elbphilharmonie","tag-julian-sartorius","tag-sophie-hunger"],"acf":[],"yoast_head":"<!-- This site is optimized with the Yoast SEO plugin v27.4 - https:\/\/yoast.com\/product\/yoast-seo-wordpress\/ -->\n<title>Sophie Hunger kuratiert \u00abReflektor\u00bb-Festival - Schweizer Musikzeitung<\/title>\n<meta name=\"description\" content=\"Sophie Hunger gestaltet in der Elbphilharmonie ihr eigenes \u00bbReflektor\u00ab-Festival. Dabei sind auch die Schweizer Dino Brand\u00e3o und Julian Sartorius.\" \/>\n<meta name=\"robots\" content=\"index, follow, max-snippet:-1, max-image-preview:large, max-video-preview:-1\" \/>\n<link rel=\"canonical\" href=\"https:\/\/www.musikzeitung.ch\/it\/news\/2024\/10\/sophie-hunger-kuratiert-reflektor-festival\/\" \/>\n<meta property=\"og:locale\" content=\"it_IT\" \/>\n<meta property=\"og:type\" content=\"article\" \/>\n<meta property=\"og:title\" content=\"Sophie Hunger kuratiert \u00abReflektor\u00bb-Festival - Schweizer Musikzeitung\" \/>\n<meta property=\"og:description\" content=\"Sophie Hunger gestaltet in der Elbphilharmonie ihr eigenes \u00bbReflektor\u00ab-Festival. Dabei sind auch die Schweizer Dino Brand\u00e3o und Julian Sartorius.\" \/>\n<meta property=\"og:url\" content=\"https:\/\/www.musikzeitung.ch\/it\/news\/2024\/10\/sophie-hunger-kuratiert-reflektor-festival\/\" \/>\n<meta property=\"og:site_name\" content=\"Schweizer Musikzeitung\" \/>\n<meta property=\"article:publisher\" content=\"https:\/\/www.facebook.com\/SchweizerMusikzeitung\/\" \/>\n<meta property=\"article:author\" content=\"https:\/\/www.facebook.com\/wolfgang.bohler.75\" \/>\n<meta property=\"article:published_time\" content=\"2024-10-10T09:41:35+00:00\" \/>\n<meta property=\"article:modified_time\" content=\"2024-10-14T07:02:27+00:00\" \/>\n<meta property=\"og:image\" content=\"https:\/\/www.musikzeitung.ch\/wp-content\/uploads\/2024\/10\/241010hunger.jpg\" \/>\n\t<meta property=\"og:image:width\" content=\"991\" \/>\n\t<meta property=\"og:image:height\" content=\"660\" \/>\n\t<meta property=\"og:image:type\" content=\"image\/jpeg\" \/>\n<meta name=\"author\" content=\"Wolfgang B\u00f6hler\" \/>\n<meta name=\"twitter:card\" content=\"summary_large_image\" \/>\n<meta name=\"twitter:creator\" content=\"@smusikzeitung\" \/>\n<meta name=\"twitter:site\" content=\"@smusikzeitung\" \/>\n<meta name=\"twitter:label1\" content=\"Scritto da\" \/>\n\t<meta name=\"twitter:data1\" content=\"Wolfgang B\u00f6hler\" \/>\n\t<meta name=\"twitter:label2\" content=\"Tempo di lettura stimato\" \/>\n\t<meta name=\"twitter:data2\" content=\"2 minuti\" \/>\n<script type=\"application\/ld+json\" class=\"yoast-schema-graph\">{\"@context\":\"https:\\\/\\\/schema.org\",\"@graph\":[{\"@type\":\"Article\",\"@id\":\"https:\\\/\\\/www.musikzeitung.ch\\\/news\\\/2024\\\/10\\\/sophie-hunger-kuratiert-reflektor-festival#article\",\"isPartOf\":{\"@id\":\"https:\\\/\\\/www.musikzeitung.ch\\\/news\\\/2024\\\/10\\\/sophie-hunger-kuratiert-reflektor-festival\"},\"author\":{\"name\":\"Wolfgang B\u00f6hler\",\"@id\":\"https:\\\/\\\/www.musikzeitung.ch\\\/#\\\/schema\\\/person\\\/0da4fb82d243f1252850a35d0e87cf0c\"},\"headline\":\"Sophie Hunger kuratiert \u00abReflektor\u00bb-Festival\",\"datePublished\":\"2024-10-10T09:41:35+00:00\",\"dateModified\":\"2024-10-14T07:02:27+00:00\",\"mainEntityOfPage\":{\"@id\":\"https:\\\/\\\/www.musikzeitung.ch\\\/news\\\/2024\\\/10\\\/sophie-hunger-kuratiert-reflektor-festival\"},\"wordCount\":182,\"publisher\":{\"@id\":\"https:\\\/\\\/www.musikzeitung.ch\\\/#organization\"},\"image\":{\"@id\":\"https:\\\/\\\/www.musikzeitung.ch\\\/news\\\/2024\\\/10\\\/sophie-hunger-kuratiert-reflektor-festival#primaryimage\"},\"thumbnailUrl\":\"https:\\\/\\\/www.musikzeitung.ch\\\/wp-content\\\/uploads\\\/2024\\\/10\\\/241010hunger.jpg\",\"keywords\":[\"Dino Brand\u00e3o\",\"Elbphilharmonie\",\"Julian Sartorius\",\"Sophie Hunger\"],\"articleSection\":[\"News\"],\"inLanguage\":\"it-IT\"},{\"@type\":\"WebPage\",\"@id\":\"https:\\\/\\\/www.musikzeitung.ch\\\/news\\\/2024\\\/10\\\/sophie-hunger-kuratiert-reflektor-festival\",\"url\":\"https:\\\/\\\/www.musikzeitung.ch\\\/news\\\/2024\\\/10\\\/sophie-hunger-kuratiert-reflektor-festival\",\"name\":\"Sophie Hunger kuratiert \u00abReflektor\u00bb-Festival - Schweizer Musikzeitung\",\"isPartOf\":{\"@id\":\"https:\\\/\\\/www.musikzeitung.ch\\\/#website\"},\"primaryImageOfPage\":{\"@id\":\"https:\\\/\\\/www.musikzeitung.ch\\\/news\\\/2024\\\/10\\\/sophie-hunger-kuratiert-reflektor-festival#primaryimage\"},\"image\":{\"@id\":\"https:\\\/\\\/www.musikzeitung.ch\\\/news\\\/2024\\\/10\\\/sophie-hunger-kuratiert-reflektor-festival#primaryimage\"},\"thumbnailUrl\":\"https:\\\/\\\/www.musikzeitung.ch\\\/wp-content\\\/uploads\\\/2024\\\/10\\\/241010hunger.jpg\",\"datePublished\":\"2024-10-10T09:41:35+00:00\",\"dateModified\":\"2024-10-14T07:02:27+00:00\",\"description\":\"Sophie Hunger gestaltet in der Elbphilharmonie ihr eigenes \u00bbReflektor\u00ab-Festival. Dabei sind auch die Schweizer Dino Brand\u00e3o und Julian Sartorius.\",\"breadcrumb\":{\"@id\":\"https:\\\/\\\/www.musikzeitung.ch\\\/news\\\/2024\\\/10\\\/sophie-hunger-kuratiert-reflektor-festival#breadcrumb\"},\"inLanguage\":\"it-IT\",\"potentialAction\":[{\"@type\":\"ReadAction\",\"target\":[\"https:\\\/\\\/www.musikzeitung.ch\\\/news\\\/2024\\\/10\\\/sophie-hunger-kuratiert-reflektor-festival\"]}]},{\"@type\":\"ImageObject\",\"inLanguage\":\"it-IT\",\"@id\":\"https:\\\/\\\/www.musikzeitung.ch\\\/news\\\/2024\\\/10\\\/sophie-hunger-kuratiert-reflektor-festival#primaryimage\",\"url\":\"https:\\\/\\\/www.musikzeitung.ch\\\/wp-content\\\/uploads\\\/2024\\\/10\\\/241010hunger.jpg\",\"contentUrl\":\"https:\\\/\\\/www.musikzeitung.ch\\\/wp-content\\\/uploads\\\/2024\\\/10\\\/241010hunger.jpg\",\"width\":991,\"height\":660,\"caption\":\"Sophier Hunger (Bild: J\u00e9r\u00f4me Witz)\"},{\"@type\":\"BreadcrumbList\",\"@id\":\"https:\\\/\\\/www.musikzeitung.ch\\\/news\\\/2024\\\/10\\\/sophie-hunger-kuratiert-reflektor-festival#breadcrumb\",\"itemListElement\":[{\"@type\":\"ListItem\",\"position\":1,\"name\":\"Home\",\"item\":\"https:\\\/\\\/www.musikzeitung.ch\\\/\"},{\"@type\":\"ListItem\",\"position\":2,\"name\":\"Sophie Hunger kuratiert \u00abReflektor\u00bb-Festival\"}]},{\"@type\":\"WebSite\",\"@id\":\"https:\\\/\\\/www.musikzeitung.ch\\\/#website\",\"url\":\"https:\\\/\\\/www.musikzeitung.ch\\\/\",\"name\":\"Schweizer Musikzeitung\",\"description\":\"Die f\u00fchrende sparten\u00fcbergreifende Monatszeitung in der Schweiz f\u00fcr musikalische Fragen.\",\"publisher\":{\"@id\":\"https:\\\/\\\/www.musikzeitung.ch\\\/#organization\"},\"potentialAction\":[{\"@type\":\"SearchAction\",\"target\":{\"@type\":\"EntryPoint\",\"urlTemplate\":\"https:\\\/\\\/www.musikzeitung.ch\\\/?s={search_term_string}\"},\"query-input\":{\"@type\":\"PropertyValueSpecification\",\"valueRequired\":true,\"valueName\":\"search_term_string\"}}],\"inLanguage\":\"it-IT\"},{\"@type\":\"Organization\",\"@id\":\"https:\\\/\\\/www.musikzeitung.ch\\\/#organization\",\"name\":\"Schweizer Musikzeitung\",\"url\":\"https:\\\/\\\/www.musikzeitung.ch\\\/\",\"logo\":{\"@type\":\"ImageObject\",\"inLanguage\":\"it-IT\",\"@id\":\"https:\\\/\\\/www.musikzeitung.ch\\\/#\\\/schema\\\/logo\\\/image\\\/\",\"url\":\"https:\\\/\\\/www.musikzeitung.ch\\\/wp-content\\\/uploads\\\/2023\\\/01\\\/SMZ_Schriftzug_Sprache.png\",\"contentUrl\":\"https:\\\/\\\/www.musikzeitung.ch\\\/wp-content\\\/uploads\\\/2023\\\/01\\\/SMZ_Schriftzug_Sprache.png\",\"width\":1400,\"height\":279,\"caption\":\"Schweizer Musikzeitung\"},\"image\":{\"@id\":\"https:\\\/\\\/www.musikzeitung.ch\\\/#\\\/schema\\\/logo\\\/image\\\/\"},\"sameAs\":[\"https:\\\/\\\/www.facebook.com\\\/SchweizerMusikzeitung\\\/\",\"https:\\\/\\\/x.com\\\/smusikzeitung\",\"https:\\\/\\\/www.instagram.com\\\/musikzeitung.ch\\\/\"]},{\"@type\":\"Person\",\"@id\":\"https:\\\/\\\/www.musikzeitung.ch\\\/#\\\/schema\\\/person\\\/0da4fb82d243f1252850a35d0e87cf0c\",\"name\":\"Wolfgang B\u00f6hler\",\"image\":{\"@type\":\"ImageObject\",\"inLanguage\":\"it-IT\",\"@id\":\"https:\\\/\\\/www.musikzeitung.ch\\\/wp-content\\\/uploads\\\/2023\\\/01\\\/boehler_portraet_web-e1674139782246-96x96.jpg\",\"url\":\"https:\\\/\\\/www.musikzeitung.ch\\\/wp-content\\\/uploads\\\/2023\\\/01\\\/boehler_portraet_web-e1674139782246-96x96.jpg\",\"contentUrl\":\"https:\\\/\\\/www.musikzeitung.ch\\\/wp-content\\\/uploads\\\/2023\\\/01\\\/boehler_portraet_web-e1674139782246-96x96.jpg\",\"caption\":\"Wolfgang B\u00f6hler\"},\"sameAs\":[\"http:\\\/\\\/www.manacanto.ch\",\"https:\\\/\\\/www.facebook.com\\\/wolfgang.bohler.75\"],\"url\":\"https:\\\/\\\/www.musikzeitung.ch\\\/it\\\/author\\\/wolfgang-boehler\"}]}<\/script>\n<!-- \/ Yoast SEO plugin. -->","yoast_head_json":{"title":"Sophie Hunger cura il festival \u00abReflektor\u00bb - Schweizer Musikzeitung","description":"Sophie Hunger organizza il suo festival \u00bbReflektor\u00ab alla Elbphilharmonie. Parteciperanno anche gli artisti svizzeri Dino Brand\u00e3o e Julian Sartorius.","robots":{"index":"index","follow":"follow","max-snippet":"max-snippet:-1","max-image-preview":"max-image-preview:large","max-video-preview":"max-video-preview:-1"},"canonical":"https:\/\/www.musikzeitung.ch\/it\/news\/2024\/10\/sophie-hunger-kuratiert-reflektor-festival\/","og_locale":"it_IT","og_type":"article","og_title":"Sophie Hunger kuratiert \u00abReflektor\u00bb-Festival - Schweizer Musikzeitung","og_description":"Sophie Hunger gestaltet in der Elbphilharmonie ihr eigenes \u00bbReflektor\u00ab-Festival. Dabei sind auch die Schweizer Dino Brand\u00e3o und Julian Sartorius.","og_url":"https:\/\/www.musikzeitung.ch\/it\/news\/2024\/10\/sophie-hunger-kuratiert-reflektor-festival\/","og_site_name":"Schweizer Musikzeitung","article_publisher":"https:\/\/www.facebook.com\/SchweizerMusikzeitung\/","article_author":"https:\/\/www.facebook.com\/wolfgang.bohler.75","article_published_time":"2024-10-10T09:41:35+00:00","article_modified_time":"2024-10-14T07:02:27+00:00","og_image":[{"width":991,"height":660,"url":"https:\/\/www.musikzeitung.ch\/wp-content\/uploads\/2024\/10\/241010hunger.jpg","type":"image\/jpeg"}],"author":"Wolfgang B\u00f6hler","twitter_card":"summary_large_image","twitter_creator":"@smusikzeitung","twitter_site":"@smusikzeitung","twitter_misc":{"Scritto da":"Wolfgang B\u00f6hler","Tempo di lettura stimato":"2 minuti"},"schema":{"@context":"https:\/\/schema.org","@graph":[{"@type":"Article","@id":"https:\/\/www.musikzeitung.ch\/news\/2024\/10\/sophie-hunger-kuratiert-reflektor-festival#article","isPartOf":{"@id":"https:\/\/www.musikzeitung.ch\/news\/2024\/10\/sophie-hunger-kuratiert-reflektor-festival"},"author":{"name":"Wolfgang B\u00f6hler","@id":"https:\/\/www.musikzeitung.ch\/#\/schema\/person\/0da4fb82d243f1252850a35d0e87cf0c"},"headline":"Sophie Hunger kuratiert \u00abReflektor\u00bb-Festival","datePublished":"2024-10-10T09:41:35+00:00","dateModified":"2024-10-14T07:02:27+00:00","mainEntityOfPage":{"@id":"https:\/\/www.musikzeitung.ch\/news\/2024\/10\/sophie-hunger-kuratiert-reflektor-festival"},"wordCount":182,"publisher":{"@id":"https:\/\/www.musikzeitung.ch\/#organization"},"image":{"@id":"https:\/\/www.musikzeitung.ch\/news\/2024\/10\/sophie-hunger-kuratiert-reflektor-festival#primaryimage"},"thumbnailUrl":"https:\/\/www.musikzeitung.ch\/wp-content\/uploads\/2024\/10\/241010hunger.jpg","keywords":["Dino Brand\u00e3o","Elbphilharmonie","Julian Sartorius","Sophie Hunger"],"articleSection":["News"],"inLanguage":"it-IT"},{"@type":"WebPage","@id":"https:\/\/www.musikzeitung.ch\/news\/2024\/10\/sophie-hunger-kuratiert-reflektor-festival","url":"https:\/\/www.musikzeitung.ch\/news\/2024\/10\/sophie-hunger-kuratiert-reflektor-festival","name":"Sophie Hunger cura il festival \u00abReflektor\u00bb - Schweizer Musikzeitung","isPartOf":{"@id":"https:\/\/www.musikzeitung.ch\/#website"},"primaryImageOfPage":{"@id":"https:\/\/www.musikzeitung.ch\/news\/2024\/10\/sophie-hunger-kuratiert-reflektor-festival#primaryimage"},"image":{"@id":"https:\/\/www.musikzeitung.ch\/news\/2024\/10\/sophie-hunger-kuratiert-reflektor-festival#primaryimage"},"thumbnailUrl":"https:\/\/www.musikzeitung.ch\/wp-content\/uploads\/2024\/10\/241010hunger.jpg","datePublished":"2024-10-10T09:41:35+00:00","dateModified":"2024-10-14T07:02:27+00:00","description":"Sophie Hunger organizza il suo festival \u00bbReflektor\u00ab alla Elbphilharmonie. Parteciperanno anche gli artisti svizzeri Dino Brand\u00e3o e Julian Sartorius.","breadcrumb":{"@id":"https:\/\/www.musikzeitung.ch\/news\/2024\/10\/sophie-hunger-kuratiert-reflektor-festival#breadcrumb"},"inLanguage":"it-IT","potentialAction":[{"@type":"ReadAction","target":["https:\/\/www.musikzeitung.ch\/news\/2024\/10\/sophie-hunger-kuratiert-reflektor-festival"]}]},{"@type":"ImageObject","inLanguage":"it-IT","@id":"https:\/\/www.musikzeitung.ch\/news\/2024\/10\/sophie-hunger-kuratiert-reflektor-festival#primaryimage","url":"https:\/\/www.musikzeitung.ch\/wp-content\/uploads\/2024\/10\/241010hunger.jpg","contentUrl":"https:\/\/www.musikzeitung.ch\/wp-content\/uploads\/2024\/10\/241010hunger.jpg","width":991,"height":660,"caption":"Sophier Hunger (Bild: J\u00e9r\u00f4me Witz)"},{"@type":"BreadcrumbList","@id":"https:\/\/www.musikzeitung.ch\/news\/2024\/10\/sophie-hunger-kuratiert-reflektor-festival#breadcrumb","itemListElement":[{"@type":"ListItem","position":1,"name":"Home","item":"https:\/\/www.musikzeitung.ch\/"},{"@type":"ListItem","position":2,"name":"Sophie Hunger kuratiert \u00abReflektor\u00bb-Festival"}]},{"@type":"WebSite","@id":"https:\/\/www.musikzeitung.ch\/#website","url":"https:\/\/www.musikzeitung.ch\/","name":"Giornale musicale svizzero","description":"Il principale mensile interdisciplinare della Svizzera per le questioni musicali.","publisher":{"@id":"https:\/\/www.musikzeitung.ch\/#organization"},"potentialAction":[{"@type":"SearchAction","target":{"@type":"EntryPoint","urlTemplate":"https:\/\/www.musikzeitung.ch\/?s={search_term_string}"},"query-input":{"@type":"PropertyValueSpecification","valueRequired":true,"valueName":"search_term_string"}}],"inLanguage":"it-IT"},{"@type":"Organization","@id":"https:\/\/www.musikzeitung.ch\/#organization","name":"Giornale musicale svizzero","url":"https:\/\/www.musikzeitung.ch\/","logo":{"@type":"ImageObject","inLanguage":"it-IT","@id":"https:\/\/www.musikzeitung.ch\/#\/schema\/logo\/image\/","url":"https:\/\/www.musikzeitung.ch\/wp-content\/uploads\/2023\/01\/SMZ_Schriftzug_Sprache.png","contentUrl":"https:\/\/www.musikzeitung.ch\/wp-content\/uploads\/2023\/01\/SMZ_Schriftzug_Sprache.png","width":1400,"height":279,"caption":"Schweizer Musikzeitung"},"image":{"@id":"https:\/\/www.musikzeitung.ch\/#\/schema\/logo\/image\/"},"sameAs":["https:\/\/www.facebook.com\/SchweizerMusikzeitung\/","https:\/\/x.com\/smusikzeitung","https:\/\/www.instagram.com\/musikzeitung.ch\/"]},{"@type":"Person","@id":"https:\/\/www.musikzeitung.ch\/#\/schema\/person\/0da4fb82d243f1252850a35d0e87cf0c","name":"Wolfgang B\u00f6hler","image":{"@type":"ImageObject","inLanguage":"it-IT","@id":"https:\/\/www.musikzeitung.ch\/wp-content\/uploads\/2023\/01\/boehler_portraet_web-e1674139782246-96x96.jpg","url":"https:\/\/www.musikzeitung.ch\/wp-content\/uploads\/2023\/01\/boehler_portraet_web-e1674139782246-96x96.jpg","contentUrl":"https:\/\/www.musikzeitung.ch\/wp-content\/uploads\/2023\/01\/boehler_portraet_web-e1674139782246-96x96.jpg","caption":"Wolfgang B\u00f6hler"},"sameAs":["http:\/\/www.manacanto.ch","https:\/\/www.facebook.com\/wolfgang.bohler.75"],"url":"https:\/\/www.musikzeitung.ch\/it\/author\/wolfgang-boehler"}]}},"publishpress_future_workflow_manual_trigger":{"enabledWorkflows":[]},"_links":{"self":[{"href":"https:\/\/www.musikzeitung.ch\/it\/wp-json\/wp\/v2\/posts\/59410","targetHints":{"allow":["GET"]}}],"collection":[{"href":"https:\/\/www.musikzeitung.ch\/it\/wp-json\/wp\/v2\/posts"}],"about":[{"href":"https:\/\/www.musikzeitung.ch\/it\/wp-json\/wp\/v2\/types\/post"}],"author":[{"embeddable":true,"href":"https:\/\/www.musikzeitung.ch\/it\/wp-json\/wp\/v2\/users\/30"}],"replies":[{"embeddable":true,"href":"https:\/\/www.musikzeitung.ch\/it\/wp-json\/wp\/v2\/comments?post=59410"}],"version-history":[{"count":3,"href":"https:\/\/www.musikzeitung.ch\/it\/wp-json\/wp\/v2\/posts\/59410\/revisions"}],"predecessor-version":[{"id":59479,"href":"https:\/\/www.musikzeitung.ch\/it\/wp-json\/wp\/v2\/posts\/59410\/revisions\/59479"}],"wp:featuredmedia":[{"embeddable":true,"href":"https:\/\/www.musikzeitung.ch\/it\/wp-json\/wp\/v2\/media\/59411"}],"wp:attachment":[{"href":"https:\/\/www.musikzeitung.ch\/it\/wp-json\/wp\/v2\/media?parent=59410"}],"wp:term":[{"taxonomy":"category","embeddable":true,"href":"https:\/\/www.musikzeitung.ch\/it\/wp-json\/wp\/v2\/categories?post=59410"},{"taxonomy":"post_tag","embeddable":true,"href":"https:\/\/www.musikzeitung.ch\/it\/wp-json\/wp\/v2\/tags?post=59410"}],"curies":[{"name":"wp","href":"https:\/\/api.w.org\/{rel}","templated":true}]}}