{"id":60404,"date":"2024-11-14T10:49:26","date_gmt":"2024-11-14T09:49:26","guid":{"rendered":"https:\/\/www.musikzeitung.ch\/?p=60404"},"modified":"2024-11-14T15:56:37","modified_gmt":"2024-11-14T14:56:37","slug":"appenzell-ausserrhoden-ehrt-kulturschaffende","status":"publish","type":"post","link":"https:\/\/www.musikzeitung.ch\/it\/news\/2024\/11\/appenzell-ausserrhoden-ehrt-kulturschaffende","title":{"rendered":"Appenzell Ausserrhoden premia gli artisti creativi"},"content":{"rendered":"<figure id=\"attachment_60406\" aria-describedby=\"caption-attachment-60406\" style=\"width: 936px\" class=\"wp-caption alignnone\"><img loading=\"lazy\" decoding=\"async\" class=\"size-full wp-image-60406\" src=\"https:\/\/www.musikzeitung.ch\/wp-content\/uploads\/2024\/11\/241114AR.jpg\" alt=\"\" width=\"936\" height=\"623\" srcset=\"https:\/\/www.musikzeitung.ch\/wp-content\/uploads\/2024\/11\/241114AR.jpg 936w, https:\/\/www.musikzeitung.ch\/wp-content\/uploads\/2024\/11\/241114AR-300x200.jpg 300w, https:\/\/www.musikzeitung.ch\/wp-content\/uploads\/2024\/11\/241114AR-600x400.jpg 600w, https:\/\/www.musikzeitung.ch\/wp-content\/uploads\/2024\/11\/241114AR-768x511.jpg 768w, https:\/\/www.musikzeitung.ch\/wp-content\/uploads\/2024\/11\/241114AR-18x12.jpg 18w, https:\/\/www.musikzeitung.ch\/wp-content\/uploads\/2024\/11\/241114AR-263x175.jpg 263w, https:\/\/www.musikzeitung.ch\/wp-content\/uploads\/2024\/11\/241114AR-526x350.jpg 526w, https:\/\/www.musikzeitung.ch\/wp-content\/uploads\/2024\/11\/241114AR-920x612.jpg 920w\" sizes=\"auto, (max-width: 936px) 100vw, 936px\" \/><figcaption id=\"caption-attachment-60406\" class=\"wp-caption-text\">Consegna del premio a Gisa Frank (Immagine: AR)<\/figcaption><\/figure>\n<p>Il Chorwald \u00e8 il secondo vincitore del Premio di riconoscimento di Ausserrhoden. Secondo il Cantone, il canto corale ha una lunga tradizione nell'Appenzello Esterno e incoraggia un vasto pubblico a partecipare alle attivit\u00e0 culturali. Singoli musicisti professionisti come J\u00fcrg Surber, direttore di lunga data del Chorwald, sono spesso in grado di motivare i cori con il loro entusiasmo e la loro competenza. Il premio di riconoscimento cantonale di quest'anno \u00e8 quindi rappresentativo anche del grande impegno dimostrato da altri cori del Cantone.<\/p>\n<p>Fondato nel 1983 come Gemischter Chor Wald AR dalla fusione tra il coro maschile fondato nel 1879 e il coro femminile e delle figlie fondato nel 1904, il Chorwald \u00e8 oggi un coro regionale con oltre 60 membri attivi provenienti da tutti i villaggi vicini.<\/p>\n<p>La performer e coreografa Gisa Frank ha ricevuto il Premio della cultura, dotato di 25.000 franchi svizzeri. \u00c8 nata nel 1960 ed \u00e8 cresciuta nel sud della Germania e sul Lago di Costanza in Turgovia. Dal 1988 vive a Rehetobel. Gisa Frank, formatasi nella danza contemporanea, nelle forme di movimento performativo e nel lavoro sul corpo, \u00e8 attiva da oltre vent'anni nel Cantone Appenzello Esterno.<\/p>","protected":false},"excerpt":{"rendered":"<p>Il Cantone di Appenzello Esterno ha assegnato il premio di riconoscimento di 10.000 franchi svizzeri al coro Chorwald, diretto da J\u00fcrg Surber.<\/p>","protected":false},"author":30,"featured_media":60406,"comment_status":"closed","ping_status":"closed","sticky":false,"template":"","format":"standard","meta":{"_acf_changed":false,"_relevanssi_hide_post":"","_relevanssi_hide_content":"","_relevanssi_pin_for_all":"","_relevanssi_pin_keywords":"","_relevanssi_unpin_keywords":"","_relevanssi_related_keywords":"","_relevanssi_related_include_ids":"","_relevanssi_related_exclude_ids":"","_relevanssi_related_no_append":"","_relevanssi_related_not_related":"","_relevanssi_related_posts":"","_relevanssi_noindex_reason":"","pgc_sgb_lightbox_settings":"","footnotes":""},"categories":[27],"tags":[4255,4256,4566],"class_list":["post-60404","post","type-post","status-publish","format-standard","has-post-thumbnail","hentry","category-news","tag-appenzel-ausserrhoden","tag-chorwald","tag-gisa-frank"],"acf":[],"yoast_head":"<!-- This site is optimized with the Yoast SEO plugin v27.5 - https:\/\/yoast.com\/product\/yoast-seo-wordpress\/ -->\n<title>Appenzell Ausserrhoden ehrt Kulturschaffende - Schweizer Musikzeitung<\/title>\n<meta name=\"description\" content=\"Der Kanton Appenzell Ausserrhoden hat den mit 10&#039;000 Franken dotierten Anerkennungspreis dem Chorwald unter Leitung des Dirigenten J\u00fcrg Surber \u00fcberreicht.\" \/>\n<meta name=\"robots\" content=\"index, follow, max-snippet:-1, max-image-preview:large, max-video-preview:-1\" \/>\n<link rel=\"canonical\" href=\"https:\/\/www.musikzeitung.ch\/it\/news\/2024\/11\/appenzell-ausserrhoden-ehrt-kulturschaffende\/\" \/>\n<meta property=\"og:locale\" content=\"it_IT\" \/>\n<meta property=\"og:type\" content=\"article\" \/>\n<meta property=\"og:title\" content=\"Appenzell Ausserrhoden ehrt Kulturschaffende - Schweizer Musikzeitung\" \/>\n<meta property=\"og:description\" content=\"Der Kanton Appenzell Ausserrhoden hat den mit 10&#039;000 Franken dotierten Anerkennungspreis dem Chorwald unter Leitung des Dirigenten J\u00fcrg Surber \u00fcberreicht.\" \/>\n<meta property=\"og:url\" content=\"https:\/\/www.musikzeitung.ch\/it\/news\/2024\/11\/appenzell-ausserrhoden-ehrt-kulturschaffende\/\" \/>\n<meta property=\"og:site_name\" content=\"Schweizer Musikzeitung\" \/>\n<meta property=\"article:publisher\" content=\"https:\/\/www.facebook.com\/SchweizerMusikzeitung\/\" \/>\n<meta property=\"article:author\" content=\"https:\/\/www.facebook.com\/wolfgang.bohler.75\" \/>\n<meta property=\"article:published_time\" content=\"2024-11-14T09:49:26+00:00\" \/>\n<meta property=\"article:modified_time\" content=\"2024-11-14T14:56:37+00:00\" \/>\n<meta property=\"og:image\" content=\"https:\/\/www.musikzeitung.ch\/wp-content\/uploads\/2024\/11\/241114AR.jpg\" \/>\n\t<meta property=\"og:image:width\" content=\"936\" \/>\n\t<meta property=\"og:image:height\" content=\"623\" \/>\n\t<meta property=\"og:image:type\" content=\"image\/jpeg\" \/>\n<meta name=\"author\" content=\"Wolfgang B\u00f6hler\" \/>\n<meta name=\"twitter:card\" content=\"summary_large_image\" \/>\n<meta name=\"twitter:creator\" content=\"@smusikzeitung\" \/>\n<meta name=\"twitter:site\" content=\"@smusikzeitung\" \/>\n<meta name=\"twitter:label1\" content=\"Scritto da\" \/>\n\t<meta name=\"twitter:data1\" content=\"Wolfgang B\u00f6hler\" \/>\n\t<meta name=\"twitter:label2\" content=\"Tempo di lettura stimato\" \/>\n\t<meta name=\"twitter:data2\" content=\"2 minuti\" \/>\n<script type=\"application\/ld+json\" class=\"yoast-schema-graph\">{\"@context\":\"https:\\\/\\\/schema.org\",\"@graph\":[{\"@type\":\"Article\",\"@id\":\"https:\\\/\\\/www.musikzeitung.ch\\\/news\\\/2024\\\/11\\\/appenzell-ausserrhoden-ehrt-kulturschaffende#article\",\"isPartOf\":{\"@id\":\"https:\\\/\\\/www.musikzeitung.ch\\\/news\\\/2024\\\/11\\\/appenzell-ausserrhoden-ehrt-kulturschaffende\"},\"author\":{\"name\":\"Wolfgang B\u00f6hler\",\"@id\":\"https:\\\/\\\/www.musikzeitung.ch\\\/#\\\/schema\\\/person\\\/0da4fb82d243f1252850a35d0e87cf0c\"},\"headline\":\"Appenzell Ausserrhoden ehrt Kulturschaffende\",\"datePublished\":\"2024-11-14T09:49:26+00:00\",\"dateModified\":\"2024-11-14T14:56:37+00:00\",\"mainEntityOfPage\":{\"@id\":\"https:\\\/\\\/www.musikzeitung.ch\\\/news\\\/2024\\\/11\\\/appenzell-ausserrhoden-ehrt-kulturschaffende\"},\"wordCount\":190,\"publisher\":{\"@id\":\"https:\\\/\\\/www.musikzeitung.ch\\\/#organization\"},\"image\":{\"@id\":\"https:\\\/\\\/www.musikzeitung.ch\\\/news\\\/2024\\\/11\\\/appenzell-ausserrhoden-ehrt-kulturschaffende#primaryimage\"},\"thumbnailUrl\":\"https:\\\/\\\/www.musikzeitung.ch\\\/wp-content\\\/uploads\\\/2024\\\/11\\\/241114AR.jpg\",\"keywords\":[\"Appenzel Ausserrhoden\",\"Chorwald\",\"Gisa Frank\"],\"articleSection\":[\"News\"],\"inLanguage\":\"it-IT\"},{\"@type\":\"WebPage\",\"@id\":\"https:\\\/\\\/www.musikzeitung.ch\\\/news\\\/2024\\\/11\\\/appenzell-ausserrhoden-ehrt-kulturschaffende\",\"url\":\"https:\\\/\\\/www.musikzeitung.ch\\\/news\\\/2024\\\/11\\\/appenzell-ausserrhoden-ehrt-kulturschaffende\",\"name\":\"Appenzell Ausserrhoden ehrt Kulturschaffende - Schweizer Musikzeitung\",\"isPartOf\":{\"@id\":\"https:\\\/\\\/www.musikzeitung.ch\\\/#website\"},\"primaryImageOfPage\":{\"@id\":\"https:\\\/\\\/www.musikzeitung.ch\\\/news\\\/2024\\\/11\\\/appenzell-ausserrhoden-ehrt-kulturschaffende#primaryimage\"},\"image\":{\"@id\":\"https:\\\/\\\/www.musikzeitung.ch\\\/news\\\/2024\\\/11\\\/appenzell-ausserrhoden-ehrt-kulturschaffende#primaryimage\"},\"thumbnailUrl\":\"https:\\\/\\\/www.musikzeitung.ch\\\/wp-content\\\/uploads\\\/2024\\\/11\\\/241114AR.jpg\",\"datePublished\":\"2024-11-14T09:49:26+00:00\",\"dateModified\":\"2024-11-14T14:56:37+00:00\",\"description\":\"Der Kanton Appenzell Ausserrhoden hat den mit 10'000 Franken dotierten Anerkennungspreis dem Chorwald unter Leitung des Dirigenten J\u00fcrg Surber \u00fcberreicht.\",\"breadcrumb\":{\"@id\":\"https:\\\/\\\/www.musikzeitung.ch\\\/news\\\/2024\\\/11\\\/appenzell-ausserrhoden-ehrt-kulturschaffende#breadcrumb\"},\"inLanguage\":\"it-IT\",\"potentialAction\":[{\"@type\":\"ReadAction\",\"target\":[\"https:\\\/\\\/www.musikzeitung.ch\\\/news\\\/2024\\\/11\\\/appenzell-ausserrhoden-ehrt-kulturschaffende\"]}]},{\"@type\":\"ImageObject\",\"inLanguage\":\"it-IT\",\"@id\":\"https:\\\/\\\/www.musikzeitung.ch\\\/news\\\/2024\\\/11\\\/appenzell-ausserrhoden-ehrt-kulturschaffende#primaryimage\",\"url\":\"https:\\\/\\\/www.musikzeitung.ch\\\/wp-content\\\/uploads\\\/2024\\\/11\\\/241114AR.jpg\",\"contentUrl\":\"https:\\\/\\\/www.musikzeitung.ch\\\/wp-content\\\/uploads\\\/2024\\\/11\\\/241114AR.jpg\",\"width\":936,\"height\":623,\"caption\":\"Preis\u00fcbergabe an Gisa Frank (Bild: AR)\"},{\"@type\":\"BreadcrumbList\",\"@id\":\"https:\\\/\\\/www.musikzeitung.ch\\\/news\\\/2024\\\/11\\\/appenzell-ausserrhoden-ehrt-kulturschaffende#breadcrumb\",\"itemListElement\":[{\"@type\":\"ListItem\",\"position\":1,\"name\":\"Home\",\"item\":\"https:\\\/\\\/www.musikzeitung.ch\\\/\"},{\"@type\":\"ListItem\",\"position\":2,\"name\":\"Appenzell Ausserrhoden ehrt Kulturschaffende\"}]},{\"@type\":\"WebSite\",\"@id\":\"https:\\\/\\\/www.musikzeitung.ch\\\/#website\",\"url\":\"https:\\\/\\\/www.musikzeitung.ch\\\/\",\"name\":\"Schweizer Musikzeitung\",\"description\":\"Die f\u00fchrende sparten\u00fcbergreifende Monatszeitung in der Schweiz f\u00fcr musikalische Fragen.\",\"publisher\":{\"@id\":\"https:\\\/\\\/www.musikzeitung.ch\\\/#organization\"},\"potentialAction\":[{\"@type\":\"SearchAction\",\"target\":{\"@type\":\"EntryPoint\",\"urlTemplate\":\"https:\\\/\\\/www.musikzeitung.ch\\\/?s={search_term_string}\"},\"query-input\":{\"@type\":\"PropertyValueSpecification\",\"valueRequired\":true,\"valueName\":\"search_term_string\"}}],\"inLanguage\":\"it-IT\"},{\"@type\":\"Organization\",\"@id\":\"https:\\\/\\\/www.musikzeitung.ch\\\/#organization\",\"name\":\"Schweizer Musikzeitung\",\"url\":\"https:\\\/\\\/www.musikzeitung.ch\\\/\",\"logo\":{\"@type\":\"ImageObject\",\"inLanguage\":\"it-IT\",\"@id\":\"https:\\\/\\\/www.musikzeitung.ch\\\/#\\\/schema\\\/logo\\\/image\\\/\",\"url\":\"https:\\\/\\\/www.musikzeitung.ch\\\/wp-content\\\/uploads\\\/2023\\\/01\\\/SMZ_Schriftzug_Sprache.png\",\"contentUrl\":\"https:\\\/\\\/www.musikzeitung.ch\\\/wp-content\\\/uploads\\\/2023\\\/01\\\/SMZ_Schriftzug_Sprache.png\",\"width\":1400,\"height\":279,\"caption\":\"Schweizer Musikzeitung\"},\"image\":{\"@id\":\"https:\\\/\\\/www.musikzeitung.ch\\\/#\\\/schema\\\/logo\\\/image\\\/\"},\"sameAs\":[\"https:\\\/\\\/www.facebook.com\\\/SchweizerMusikzeitung\\\/\",\"https:\\\/\\\/x.com\\\/smusikzeitung\",\"https:\\\/\\\/www.instagram.com\\\/musikzeitung.ch\\\/\"]},{\"@type\":\"Person\",\"@id\":\"https:\\\/\\\/www.musikzeitung.ch\\\/#\\\/schema\\\/person\\\/0da4fb82d243f1252850a35d0e87cf0c\",\"name\":\"Wolfgang B\u00f6hler\",\"image\":{\"@type\":\"ImageObject\",\"inLanguage\":\"it-IT\",\"@id\":\"https:\\\/\\\/www.musikzeitung.ch\\\/wp-content\\\/uploads\\\/2023\\\/01\\\/boehler_portraet_web-e1674139782246-96x96.jpg\",\"url\":\"https:\\\/\\\/www.musikzeitung.ch\\\/wp-content\\\/uploads\\\/2023\\\/01\\\/boehler_portraet_web-e1674139782246-96x96.jpg\",\"contentUrl\":\"https:\\\/\\\/www.musikzeitung.ch\\\/wp-content\\\/uploads\\\/2023\\\/01\\\/boehler_portraet_web-e1674139782246-96x96.jpg\",\"caption\":\"Wolfgang B\u00f6hler\"},\"sameAs\":[\"http:\\\/\\\/www.manacanto.ch\",\"https:\\\/\\\/www.facebook.com\\\/wolfgang.bohler.75\"],\"url\":\"https:\\\/\\\/www.musikzeitung.ch\\\/it\\\/author\\\/wolfgang-boehler\"}]}<\/script>\n<!-- \/ Yoast SEO plugin. -->","yoast_head_json":{"title":"Appenzell Ausserrhoden ehrt Kulturschaffende - Schweizer Musikzeitung","description":"Il Cantone di Appenzello Esterno ha assegnato il premio di riconoscimento di 10.000 franchi svizzeri al coro Chorwald, diretto da J\u00fcrg Surber.","robots":{"index":"index","follow":"follow","max-snippet":"max-snippet:-1","max-image-preview":"max-image-preview:large","max-video-preview":"max-video-preview:-1"},"canonical":"https:\/\/www.musikzeitung.ch\/it\/news\/2024\/11\/appenzell-ausserrhoden-ehrt-kulturschaffende\/","og_locale":"it_IT","og_type":"article","og_title":"Appenzell Ausserrhoden ehrt Kulturschaffende - Schweizer Musikzeitung","og_description":"Der Kanton Appenzell Ausserrhoden hat den mit 10'000 Franken dotierten Anerkennungspreis dem Chorwald unter Leitung des Dirigenten J\u00fcrg Surber \u00fcberreicht.","og_url":"https:\/\/www.musikzeitung.ch\/it\/news\/2024\/11\/appenzell-ausserrhoden-ehrt-kulturschaffende\/","og_site_name":"Schweizer Musikzeitung","article_publisher":"https:\/\/www.facebook.com\/SchweizerMusikzeitung\/","article_author":"https:\/\/www.facebook.com\/wolfgang.bohler.75","article_published_time":"2024-11-14T09:49:26+00:00","article_modified_time":"2024-11-14T14:56:37+00:00","og_image":[{"width":936,"height":623,"url":"https:\/\/www.musikzeitung.ch\/wp-content\/uploads\/2024\/11\/241114AR.jpg","type":"image\/jpeg"}],"author":"Wolfgang B\u00f6hler","twitter_card":"summary_large_image","twitter_creator":"@smusikzeitung","twitter_site":"@smusikzeitung","twitter_misc":{"Scritto da":"Wolfgang B\u00f6hler","Tempo di lettura stimato":"2 minuti"},"schema":{"@context":"https:\/\/schema.org","@graph":[{"@type":"Article","@id":"https:\/\/www.musikzeitung.ch\/news\/2024\/11\/appenzell-ausserrhoden-ehrt-kulturschaffende#article","isPartOf":{"@id":"https:\/\/www.musikzeitung.ch\/news\/2024\/11\/appenzell-ausserrhoden-ehrt-kulturschaffende"},"author":{"name":"Wolfgang B\u00f6hler","@id":"https:\/\/www.musikzeitung.ch\/#\/schema\/person\/0da4fb82d243f1252850a35d0e87cf0c"},"headline":"Appenzell Ausserrhoden ehrt Kulturschaffende","datePublished":"2024-11-14T09:49:26+00:00","dateModified":"2024-11-14T14:56:37+00:00","mainEntityOfPage":{"@id":"https:\/\/www.musikzeitung.ch\/news\/2024\/11\/appenzell-ausserrhoden-ehrt-kulturschaffende"},"wordCount":190,"publisher":{"@id":"https:\/\/www.musikzeitung.ch\/#organization"},"image":{"@id":"https:\/\/www.musikzeitung.ch\/news\/2024\/11\/appenzell-ausserrhoden-ehrt-kulturschaffende#primaryimage"},"thumbnailUrl":"https:\/\/www.musikzeitung.ch\/wp-content\/uploads\/2024\/11\/241114AR.jpg","keywords":["Appenzel Ausserrhoden","Chorwald","Gisa Frank"],"articleSection":["News"],"inLanguage":"it-IT"},{"@type":"WebPage","@id":"https:\/\/www.musikzeitung.ch\/news\/2024\/11\/appenzell-ausserrhoden-ehrt-kulturschaffende","url":"https:\/\/www.musikzeitung.ch\/news\/2024\/11\/appenzell-ausserrhoden-ehrt-kulturschaffende","name":"Appenzell Ausserrhoden ehrt Kulturschaffende - Schweizer Musikzeitung","isPartOf":{"@id":"https:\/\/www.musikzeitung.ch\/#website"},"primaryImageOfPage":{"@id":"https:\/\/www.musikzeitung.ch\/news\/2024\/11\/appenzell-ausserrhoden-ehrt-kulturschaffende#primaryimage"},"image":{"@id":"https:\/\/www.musikzeitung.ch\/news\/2024\/11\/appenzell-ausserrhoden-ehrt-kulturschaffende#primaryimage"},"thumbnailUrl":"https:\/\/www.musikzeitung.ch\/wp-content\/uploads\/2024\/11\/241114AR.jpg","datePublished":"2024-11-14T09:49:26+00:00","dateModified":"2024-11-14T14:56:37+00:00","description":"Il Cantone di Appenzello Esterno ha assegnato il premio di riconoscimento di 10.000 franchi svizzeri al coro Chorwald, diretto da J\u00fcrg Surber.","breadcrumb":{"@id":"https:\/\/www.musikzeitung.ch\/news\/2024\/11\/appenzell-ausserrhoden-ehrt-kulturschaffende#breadcrumb"},"inLanguage":"it-IT","potentialAction":[{"@type":"ReadAction","target":["https:\/\/www.musikzeitung.ch\/news\/2024\/11\/appenzell-ausserrhoden-ehrt-kulturschaffende"]}]},{"@type":"ImageObject","inLanguage":"it-IT","@id":"https:\/\/www.musikzeitung.ch\/news\/2024\/11\/appenzell-ausserrhoden-ehrt-kulturschaffende#primaryimage","url":"https:\/\/www.musikzeitung.ch\/wp-content\/uploads\/2024\/11\/241114AR.jpg","contentUrl":"https:\/\/www.musikzeitung.ch\/wp-content\/uploads\/2024\/11\/241114AR.jpg","width":936,"height":623,"caption":"Preis\u00fcbergabe an Gisa Frank (Bild: AR)"},{"@type":"BreadcrumbList","@id":"https:\/\/www.musikzeitung.ch\/news\/2024\/11\/appenzell-ausserrhoden-ehrt-kulturschaffende#breadcrumb","itemListElement":[{"@type":"ListItem","position":1,"name":"Home","item":"https:\/\/www.musikzeitung.ch\/"},{"@type":"ListItem","position":2,"name":"Appenzell Ausserrhoden ehrt Kulturschaffende"}]},{"@type":"WebSite","@id":"https:\/\/www.musikzeitung.ch\/#website","url":"https:\/\/www.musikzeitung.ch\/","name":"Giornale musicale svizzero","description":"Il principale mensile interdisciplinare della Svizzera per le questioni musicali.","publisher":{"@id":"https:\/\/www.musikzeitung.ch\/#organization"},"potentialAction":[{"@type":"SearchAction","target":{"@type":"EntryPoint","urlTemplate":"https:\/\/www.musikzeitung.ch\/?s={search_term_string}"},"query-input":{"@type":"PropertyValueSpecification","valueRequired":true,"valueName":"search_term_string"}}],"inLanguage":"it-IT"},{"@type":"Organization","@id":"https:\/\/www.musikzeitung.ch\/#organization","name":"Giornale musicale svizzero","url":"https:\/\/www.musikzeitung.ch\/","logo":{"@type":"ImageObject","inLanguage":"it-IT","@id":"https:\/\/www.musikzeitung.ch\/#\/schema\/logo\/image\/","url":"https:\/\/www.musikzeitung.ch\/wp-content\/uploads\/2023\/01\/SMZ_Schriftzug_Sprache.png","contentUrl":"https:\/\/www.musikzeitung.ch\/wp-content\/uploads\/2023\/01\/SMZ_Schriftzug_Sprache.png","width":1400,"height":279,"caption":"Schweizer Musikzeitung"},"image":{"@id":"https:\/\/www.musikzeitung.ch\/#\/schema\/logo\/image\/"},"sameAs":["https:\/\/www.facebook.com\/SchweizerMusikzeitung\/","https:\/\/x.com\/smusikzeitung","https:\/\/www.instagram.com\/musikzeitung.ch\/"]},{"@type":"Person","@id":"https:\/\/www.musikzeitung.ch\/#\/schema\/person\/0da4fb82d243f1252850a35d0e87cf0c","name":"Wolfgang B\u00f6hler","image":{"@type":"ImageObject","inLanguage":"it-IT","@id":"https:\/\/www.musikzeitung.ch\/wp-content\/uploads\/2023\/01\/boehler_portraet_web-e1674139782246-96x96.jpg","url":"https:\/\/www.musikzeitung.ch\/wp-content\/uploads\/2023\/01\/boehler_portraet_web-e1674139782246-96x96.jpg","contentUrl":"https:\/\/www.musikzeitung.ch\/wp-content\/uploads\/2023\/01\/boehler_portraet_web-e1674139782246-96x96.jpg","caption":"Wolfgang B\u00f6hler"},"sameAs":["http:\/\/www.manacanto.ch","https:\/\/www.facebook.com\/wolfgang.bohler.75"],"url":"https:\/\/www.musikzeitung.ch\/it\/author\/wolfgang-boehler"}]}},"publishpress_future_workflow_manual_trigger":{"enabledWorkflows":[]},"_links":{"self":[{"href":"https:\/\/www.musikzeitung.ch\/it\/wp-json\/wp\/v2\/posts\/60404","targetHints":{"allow":["GET"]}}],"collection":[{"href":"https:\/\/www.musikzeitung.ch\/it\/wp-json\/wp\/v2\/posts"}],"about":[{"href":"https:\/\/www.musikzeitung.ch\/it\/wp-json\/wp\/v2\/types\/post"}],"author":[{"embeddable":true,"href":"https:\/\/www.musikzeitung.ch\/it\/wp-json\/wp\/v2\/users\/30"}],"replies":[{"embeddable":true,"href":"https:\/\/www.musikzeitung.ch\/it\/wp-json\/wp\/v2\/comments?post=60404"}],"version-history":[{"count":4,"href":"https:\/\/www.musikzeitung.ch\/it\/wp-json\/wp\/v2\/posts\/60404\/revisions"}],"predecessor-version":[{"id":60409,"href":"https:\/\/www.musikzeitung.ch\/it\/wp-json\/wp\/v2\/posts\/60404\/revisions\/60409"}],"wp:featuredmedia":[{"embeddable":true,"href":"https:\/\/www.musikzeitung.ch\/it\/wp-json\/wp\/v2\/media\/60406"}],"wp:attachment":[{"href":"https:\/\/www.musikzeitung.ch\/it\/wp-json\/wp\/v2\/media?parent=60404"}],"wp:term":[{"taxonomy":"category","embeddable":true,"href":"https:\/\/www.musikzeitung.ch\/it\/wp-json\/wp\/v2\/categories?post=60404"},{"taxonomy":"post_tag","embeddable":true,"href":"https:\/\/www.musikzeitung.ch\/it\/wp-json\/wp\/v2\/tags?post=60404"}],"curies":[{"name":"wp","href":"https:\/\/api.w.org\/{rel}","templated":true}]}}