{"id":60600,"date":"2024-11-20T13:38:27","date_gmt":"2024-11-20T12:38:27","guid":{"rendered":"https:\/\/www.musikzeitung.ch\/?p=60600"},"modified":"2024-11-20T14:14:29","modified_gmt":"2024-11-20T13:14:29","slug":"bischofs-nachfolger-bei-pro-helvetia-heisst-kinzer","status":"publish","type":"post","link":"https:\/\/www.musikzeitung.ch\/it\/news\/2024\/11\/bischofs-nachfolger-bei-pro-helvetia-heisst-kinzer","title":{"rendered":"Il successore di Bischof in Pro Helvetia \u00e8 Kinzer"},"content":{"rendered":"<figure id=\"attachment_60612\" aria-describedby=\"caption-attachment-60612\" style=\"width: 1772px\" class=\"wp-caption aligncenter\"><img loading=\"lazy\" decoding=\"async\" class=\"size-full wp-image-60612\" src=\"https:\/\/www.musikzeitung.ch\/wp-content\/uploads\/2024\/11\/11_12_news_michael_kinzer.jpg\" alt=\"\" width=\"1772\" height=\"1329\" srcset=\"https:\/\/www.musikzeitung.ch\/wp-content\/uploads\/2024\/11\/11_12_news_michael_kinzer.jpg 1333w, https:\/\/www.musikzeitung.ch\/wp-content\/uploads\/2024\/11\/11_12_news_michael_kinzer-300x225.jpg 300w, https:\/\/www.musikzeitung.ch\/wp-content\/uploads\/2024\/11\/11_12_news_michael_kinzer-1024x768.jpg 1024w, https:\/\/www.musikzeitung.ch\/wp-content\/uploads\/2024\/11\/11_12_news_michael_kinzer-768x576.jpg 768w, https:\/\/www.musikzeitung.ch\/wp-content\/uploads\/2024\/11\/11_12_news_michael_kinzer-1536x1152.jpg 1536w, https:\/\/www.musikzeitung.ch\/wp-content\/uploads\/2024\/11\/11_12_news_michael_kinzer-16x12.jpg 16w, https:\/\/www.musikzeitung.ch\/wp-content\/uploads\/2024\/11\/11_12_news_michael_kinzer-233x175.jpg 233w, https:\/\/www.musikzeitung.ch\/wp-content\/uploads\/2024\/11\/11_12_news_michael_kinzer-467x350.jpg 467w, https:\/\/www.musikzeitung.ch\/wp-content\/uploads\/2024\/11\/11_12_news_michael_kinzer-1067x800.jpg 1067w, https:\/\/www.musikzeitung.ch\/wp-content\/uploads\/2024\/11\/11_12_news_michael_kinzer-920x690.jpg 920w, https:\/\/www.musikzeitung.ch\/wp-content\/uploads\/2024\/11\/11_12_news_michael_kinzer-1400x1050.jpg 1400w\" sizes=\"auto, (max-width: 1772px) 100vw, 1772px\" \/><figcaption id=\"caption-attachment-60612\" class=\"wp-caption-text\">Michael Kinzer. Foto: Federal Studio\/Pro Helvetia<\/figcaption><\/figure>\n<p>Nato nel 1972, Michael Kinzer \u00e8 a capo del Dipartimento Cultura della Citt\u00e0 di Losanna dal 2017 ed \u00e8 copresidente della Conferenza delle Citt\u00e0 sulla Cultura. Secondo il comunicato stampa di Pro Helvetia, il suo curriculum \u00e8 caratterizzato da una serie di posizioni diverse nel settore culturale, sia nella direzione artistica che nella gestione.<\/p>\n<p>La sua carriera \u00e8 iniziata con la programmazione della sala concerti Fri-Son di Friburgo. Ha poi lavorato come coordinatore generale di eventi per Expo.02 e co-direttore del progetto Cargo presso l'Arteplage di Neuch\u00e2tel. In seguito ha assunto la direzione amministrativa e poi generale di una fondazione che comprende il Th\u00e9\u00e2tre Populaire Romand, il music-hall e il teatro L'heure bleue di La Chaux-de-Fonds.<\/p>\n<p>Dal 2009 al 2015 \u00e8 stato direttore del Festival de la Cit\u00e9 di Losanna. Ha inoltre fatto parte di numerose giurie e commissioni culturali a livello regionale e nazionale, tra cui il presidente della Giuria federale per la musica.<\/p>","protected":false},"excerpt":{"rendered":"<p>La Fondazione svizzera per la cultura Pro Helvetia sar\u00e0 guidata da Michael Kinzer a partire dal 1\u00b0 luglio 2025. Attualmente \u00e8 responsabile del Dipartimento Cultura della Citt\u00e0 di Losanna.<\/p>","protected":false},"author":30,"featured_media":60612,"comment_status":"closed","ping_status":"closed","sticky":false,"template":"","format":"standard","meta":{"_acf_changed":false,"_relevanssi_hide_post":"","_relevanssi_hide_content":"","_relevanssi_pin_for_all":"","_relevanssi_pin_keywords":"","_relevanssi_unpin_keywords":"","_relevanssi_related_keywords":"","_relevanssi_related_include_ids":"","_relevanssi_related_exclude_ids":"","_relevanssi_related_no_append":"","_relevanssi_related_not_related":"","_relevanssi_related_posts":"","_relevanssi_noindex_reason":"","pgc_sgb_lightbox_settings":"","footnotes":""},"categories":[27],"tags":[4577,3301],"class_list":["post-60600","post","type-post","status-publish","format-standard","has-post-thumbnail","hentry","category-news","tag-michael-kinzer","tag-pro-helvetia"],"acf":[],"yoast_head":"<!-- This site is optimized with the Yoast SEO plugin v27.4 - https:\/\/yoast.com\/product\/yoast-seo-wordpress\/ -->\n<title>Bischofs Nachfolger bei Pro Helvetia heisst Kinzer - Schweizer Musikzeitung<\/title>\n<meta name=\"description\" content=\"Die Schweizer Kulturstiftung wird ab 1. Juli 2025 von Michael Kinzer geleitet. Derzeit ist er Leiter der Dienststelle Kultur der Stadt Lausanne.\" \/>\n<meta name=\"robots\" content=\"index, follow, max-snippet:-1, max-image-preview:large, max-video-preview:-1\" \/>\n<link rel=\"canonical\" href=\"https:\/\/www.musikzeitung.ch\/it\/news\/2024\/11\/bischofs-nachfolger-bei-pro-helvetia-heisst-kinzer\/\" \/>\n<meta property=\"og:locale\" content=\"it_IT\" \/>\n<meta property=\"og:type\" content=\"article\" \/>\n<meta property=\"og:title\" content=\"Bischofs Nachfolger bei Pro Helvetia heisst Kinzer - Schweizer Musikzeitung\" \/>\n<meta property=\"og:description\" content=\"Die Schweizer Kulturstiftung wird ab 1. Juli 2025 von Michael Kinzer geleitet. Derzeit ist er Leiter der Dienststelle Kultur der Stadt Lausanne.\" \/>\n<meta property=\"og:url\" content=\"https:\/\/www.musikzeitung.ch\/it\/news\/2024\/11\/bischofs-nachfolger-bei-pro-helvetia-heisst-kinzer\/\" \/>\n<meta property=\"og:site_name\" content=\"Schweizer Musikzeitung\" \/>\n<meta property=\"article:publisher\" content=\"https:\/\/www.facebook.com\/SchweizerMusikzeitung\/\" \/>\n<meta property=\"article:author\" content=\"https:\/\/www.facebook.com\/wolfgang.bohler.75\" \/>\n<meta property=\"article:published_time\" content=\"2024-11-20T12:38:27+00:00\" \/>\n<meta property=\"article:modified_time\" content=\"2024-11-20T13:14:29+00:00\" \/>\n<meta property=\"og:image\" content=\"https:\/\/www.musikzeitung.ch\/wp-content\/uploads\/2024\/11\/11_12_news_michael_kinzer.jpg\" \/>\n\t<meta property=\"og:image:width\" content=\"1772\" \/>\n\t<meta property=\"og:image:height\" content=\"1329\" \/>\n\t<meta property=\"og:image:type\" content=\"image\/jpeg\" \/>\n<meta name=\"author\" content=\"Wolfgang B\u00f6hler\" \/>\n<meta name=\"twitter:card\" content=\"summary_large_image\" \/>\n<meta name=\"twitter:creator\" content=\"@smusikzeitung\" \/>\n<meta name=\"twitter:site\" content=\"@smusikzeitung\" \/>\n<meta name=\"twitter:label1\" content=\"Scritto da\" \/>\n\t<meta name=\"twitter:data1\" content=\"Wolfgang B\u00f6hler\" \/>\n\t<meta name=\"twitter:label2\" content=\"Tempo di lettura stimato\" \/>\n\t<meta name=\"twitter:data2\" content=\"2 minuti\" \/>\n<script type=\"application\/ld+json\" class=\"yoast-schema-graph\">{\"@context\":\"https:\\\/\\\/schema.org\",\"@graph\":[{\"@type\":\"Article\",\"@id\":\"https:\\\/\\\/www.musikzeitung.ch\\\/news\\\/2024\\\/11\\\/bischofs-nachfolger-bei-pro-helvetia-heisst-kinzer#article\",\"isPartOf\":{\"@id\":\"https:\\\/\\\/www.musikzeitung.ch\\\/news\\\/2024\\\/11\\\/bischofs-nachfolger-bei-pro-helvetia-heisst-kinzer\"},\"author\":{\"name\":\"Wolfgang B\u00f6hler\",\"@id\":\"https:\\\/\\\/www.musikzeitung.ch\\\/#\\\/schema\\\/person\\\/0da4fb82d243f1252850a35d0e87cf0c\"},\"headline\":\"Bischofs Nachfolger bei Pro Helvetia heisst Kinzer\",\"datePublished\":\"2024-11-20T12:38:27+00:00\",\"dateModified\":\"2024-11-20T13:14:29+00:00\",\"mainEntityOfPage\":{\"@id\":\"https:\\\/\\\/www.musikzeitung.ch\\\/news\\\/2024\\\/11\\\/bischofs-nachfolger-bei-pro-helvetia-heisst-kinzer\"},\"wordCount\":170,\"publisher\":{\"@id\":\"https:\\\/\\\/www.musikzeitung.ch\\\/#organization\"},\"image\":{\"@id\":\"https:\\\/\\\/www.musikzeitung.ch\\\/news\\\/2024\\\/11\\\/bischofs-nachfolger-bei-pro-helvetia-heisst-kinzer#primaryimage\"},\"thumbnailUrl\":\"https:\\\/\\\/www.musikzeitung.ch\\\/wp-content\\\/uploads\\\/2024\\\/11\\\/11_12_news_michael_kinzer.jpg\",\"keywords\":[\"Michael Kinzer\",\"Pro Helvetia\"],\"articleSection\":[\"News\"],\"inLanguage\":\"it-IT\"},{\"@type\":\"WebPage\",\"@id\":\"https:\\\/\\\/www.musikzeitung.ch\\\/news\\\/2024\\\/11\\\/bischofs-nachfolger-bei-pro-helvetia-heisst-kinzer\",\"url\":\"https:\\\/\\\/www.musikzeitung.ch\\\/news\\\/2024\\\/11\\\/bischofs-nachfolger-bei-pro-helvetia-heisst-kinzer\",\"name\":\"Bischofs Nachfolger bei Pro Helvetia heisst Kinzer - Schweizer Musikzeitung\",\"isPartOf\":{\"@id\":\"https:\\\/\\\/www.musikzeitung.ch\\\/#website\"},\"primaryImageOfPage\":{\"@id\":\"https:\\\/\\\/www.musikzeitung.ch\\\/news\\\/2024\\\/11\\\/bischofs-nachfolger-bei-pro-helvetia-heisst-kinzer#primaryimage\"},\"image\":{\"@id\":\"https:\\\/\\\/www.musikzeitung.ch\\\/news\\\/2024\\\/11\\\/bischofs-nachfolger-bei-pro-helvetia-heisst-kinzer#primaryimage\"},\"thumbnailUrl\":\"https:\\\/\\\/www.musikzeitung.ch\\\/wp-content\\\/uploads\\\/2024\\\/11\\\/11_12_news_michael_kinzer.jpg\",\"datePublished\":\"2024-11-20T12:38:27+00:00\",\"dateModified\":\"2024-11-20T13:14:29+00:00\",\"description\":\"Die Schweizer Kulturstiftung wird ab 1. Juli 2025 von Michael Kinzer geleitet. Derzeit ist er Leiter der Dienststelle Kultur der Stadt Lausanne.\",\"breadcrumb\":{\"@id\":\"https:\\\/\\\/www.musikzeitung.ch\\\/news\\\/2024\\\/11\\\/bischofs-nachfolger-bei-pro-helvetia-heisst-kinzer#breadcrumb\"},\"inLanguage\":\"it-IT\",\"potentialAction\":[{\"@type\":\"ReadAction\",\"target\":[\"https:\\\/\\\/www.musikzeitung.ch\\\/news\\\/2024\\\/11\\\/bischofs-nachfolger-bei-pro-helvetia-heisst-kinzer\"]}]},{\"@type\":\"ImageObject\",\"inLanguage\":\"it-IT\",\"@id\":\"https:\\\/\\\/www.musikzeitung.ch\\\/news\\\/2024\\\/11\\\/bischofs-nachfolger-bei-pro-helvetia-heisst-kinzer#primaryimage\",\"url\":\"https:\\\/\\\/www.musikzeitung.ch\\\/wp-content\\\/uploads\\\/2024\\\/11\\\/11_12_news_michael_kinzer.jpg\",\"contentUrl\":\"https:\\\/\\\/www.musikzeitung.ch\\\/wp-content\\\/uploads\\\/2024\\\/11\\\/11_12_news_michael_kinzer.jpg\",\"width\":1333,\"height\":1000,\"caption\":\"Michael Kinzer. Foto: Federal Studio\\\/Pro Helvetia\"},{\"@type\":\"BreadcrumbList\",\"@id\":\"https:\\\/\\\/www.musikzeitung.ch\\\/news\\\/2024\\\/11\\\/bischofs-nachfolger-bei-pro-helvetia-heisst-kinzer#breadcrumb\",\"itemListElement\":[{\"@type\":\"ListItem\",\"position\":1,\"name\":\"Home\",\"item\":\"https:\\\/\\\/www.musikzeitung.ch\\\/\"},{\"@type\":\"ListItem\",\"position\":2,\"name\":\"Bischofs Nachfolger bei Pro Helvetia heisst Kinzer\"}]},{\"@type\":\"WebSite\",\"@id\":\"https:\\\/\\\/www.musikzeitung.ch\\\/#website\",\"url\":\"https:\\\/\\\/www.musikzeitung.ch\\\/\",\"name\":\"Schweizer Musikzeitung\",\"description\":\"Die f\u00fchrende sparten\u00fcbergreifende Monatszeitung in der Schweiz f\u00fcr musikalische Fragen.\",\"publisher\":{\"@id\":\"https:\\\/\\\/www.musikzeitung.ch\\\/#organization\"},\"potentialAction\":[{\"@type\":\"SearchAction\",\"target\":{\"@type\":\"EntryPoint\",\"urlTemplate\":\"https:\\\/\\\/www.musikzeitung.ch\\\/?s={search_term_string}\"},\"query-input\":{\"@type\":\"PropertyValueSpecification\",\"valueRequired\":true,\"valueName\":\"search_term_string\"}}],\"inLanguage\":\"it-IT\"},{\"@type\":\"Organization\",\"@id\":\"https:\\\/\\\/www.musikzeitung.ch\\\/#organization\",\"name\":\"Schweizer Musikzeitung\",\"url\":\"https:\\\/\\\/www.musikzeitung.ch\\\/\",\"logo\":{\"@type\":\"ImageObject\",\"inLanguage\":\"it-IT\",\"@id\":\"https:\\\/\\\/www.musikzeitung.ch\\\/#\\\/schema\\\/logo\\\/image\\\/\",\"url\":\"https:\\\/\\\/www.musikzeitung.ch\\\/wp-content\\\/uploads\\\/2023\\\/01\\\/SMZ_Schriftzug_Sprache.png\",\"contentUrl\":\"https:\\\/\\\/www.musikzeitung.ch\\\/wp-content\\\/uploads\\\/2023\\\/01\\\/SMZ_Schriftzug_Sprache.png\",\"width\":1400,\"height\":279,\"caption\":\"Schweizer Musikzeitung\"},\"image\":{\"@id\":\"https:\\\/\\\/www.musikzeitung.ch\\\/#\\\/schema\\\/logo\\\/image\\\/\"},\"sameAs\":[\"https:\\\/\\\/www.facebook.com\\\/SchweizerMusikzeitung\\\/\",\"https:\\\/\\\/x.com\\\/smusikzeitung\",\"https:\\\/\\\/www.instagram.com\\\/musikzeitung.ch\\\/\"]},{\"@type\":\"Person\",\"@id\":\"https:\\\/\\\/www.musikzeitung.ch\\\/#\\\/schema\\\/person\\\/0da4fb82d243f1252850a35d0e87cf0c\",\"name\":\"Wolfgang B\u00f6hler\",\"image\":{\"@type\":\"ImageObject\",\"inLanguage\":\"it-IT\",\"@id\":\"https:\\\/\\\/www.musikzeitung.ch\\\/wp-content\\\/uploads\\\/2023\\\/01\\\/boehler_portraet_web-e1674139782246-96x96.jpg\",\"url\":\"https:\\\/\\\/www.musikzeitung.ch\\\/wp-content\\\/uploads\\\/2023\\\/01\\\/boehler_portraet_web-e1674139782246-96x96.jpg\",\"contentUrl\":\"https:\\\/\\\/www.musikzeitung.ch\\\/wp-content\\\/uploads\\\/2023\\\/01\\\/boehler_portraet_web-e1674139782246-96x96.jpg\",\"caption\":\"Wolfgang B\u00f6hler\"},\"sameAs\":[\"http:\\\/\\\/www.manacanto.ch\",\"https:\\\/\\\/www.facebook.com\\\/wolfgang.bohler.75\"],\"url\":\"https:\\\/\\\/www.musikzeitung.ch\\\/it\\\/author\\\/wolfgang-boehler\"}]}<\/script>\n<!-- \/ Yoast SEO plugin. -->","yoast_head_json":{"title":"Il successore di Bischof alla Pro Helvetia si chiama Kinzer - Schweizer Musikzeitung","description":"La Fondazione svizzera per la cultura sar\u00e0 guidata da Michael Kinzer a partire dal 1\u00b0 luglio 2025. Attualmente \u00e8 a capo del Dipartimento Cultura della Citt\u00e0 di Losanna.","robots":{"index":"index","follow":"follow","max-snippet":"max-snippet:-1","max-image-preview":"max-image-preview:large","max-video-preview":"max-video-preview:-1"},"canonical":"https:\/\/www.musikzeitung.ch\/it\/news\/2024\/11\/bischofs-nachfolger-bei-pro-helvetia-heisst-kinzer\/","og_locale":"it_IT","og_type":"article","og_title":"Bischofs Nachfolger bei Pro Helvetia heisst Kinzer - Schweizer Musikzeitung","og_description":"Die Schweizer Kulturstiftung wird ab 1. Juli 2025 von Michael Kinzer geleitet. Derzeit ist er Leiter der Dienststelle Kultur der Stadt Lausanne.","og_url":"https:\/\/www.musikzeitung.ch\/it\/news\/2024\/11\/bischofs-nachfolger-bei-pro-helvetia-heisst-kinzer\/","og_site_name":"Schweizer Musikzeitung","article_publisher":"https:\/\/www.facebook.com\/SchweizerMusikzeitung\/","article_author":"https:\/\/www.facebook.com\/wolfgang.bohler.75","article_published_time":"2024-11-20T12:38:27+00:00","article_modified_time":"2024-11-20T13:14:29+00:00","og_image":[{"width":1772,"height":1329,"url":"https:\/\/www.musikzeitung.ch\/wp-content\/uploads\/2024\/11\/11_12_news_michael_kinzer.jpg","type":"image\/jpeg"}],"author":"Wolfgang B\u00f6hler","twitter_card":"summary_large_image","twitter_creator":"@smusikzeitung","twitter_site":"@smusikzeitung","twitter_misc":{"Scritto da":"Wolfgang B\u00f6hler","Tempo di lettura stimato":"2 minuti"},"schema":{"@context":"https:\/\/schema.org","@graph":[{"@type":"Article","@id":"https:\/\/www.musikzeitung.ch\/news\/2024\/11\/bischofs-nachfolger-bei-pro-helvetia-heisst-kinzer#article","isPartOf":{"@id":"https:\/\/www.musikzeitung.ch\/news\/2024\/11\/bischofs-nachfolger-bei-pro-helvetia-heisst-kinzer"},"author":{"name":"Wolfgang B\u00f6hler","@id":"https:\/\/www.musikzeitung.ch\/#\/schema\/person\/0da4fb82d243f1252850a35d0e87cf0c"},"headline":"Bischofs Nachfolger bei Pro Helvetia heisst Kinzer","datePublished":"2024-11-20T12:38:27+00:00","dateModified":"2024-11-20T13:14:29+00:00","mainEntityOfPage":{"@id":"https:\/\/www.musikzeitung.ch\/news\/2024\/11\/bischofs-nachfolger-bei-pro-helvetia-heisst-kinzer"},"wordCount":170,"publisher":{"@id":"https:\/\/www.musikzeitung.ch\/#organization"},"image":{"@id":"https:\/\/www.musikzeitung.ch\/news\/2024\/11\/bischofs-nachfolger-bei-pro-helvetia-heisst-kinzer#primaryimage"},"thumbnailUrl":"https:\/\/www.musikzeitung.ch\/wp-content\/uploads\/2024\/11\/11_12_news_michael_kinzer.jpg","keywords":["Michael Kinzer","Pro Helvetia"],"articleSection":["News"],"inLanguage":"it-IT"},{"@type":"WebPage","@id":"https:\/\/www.musikzeitung.ch\/news\/2024\/11\/bischofs-nachfolger-bei-pro-helvetia-heisst-kinzer","url":"https:\/\/www.musikzeitung.ch\/news\/2024\/11\/bischofs-nachfolger-bei-pro-helvetia-heisst-kinzer","name":"Il successore di Bischof alla Pro Helvetia si chiama Kinzer - Schweizer Musikzeitung","isPartOf":{"@id":"https:\/\/www.musikzeitung.ch\/#website"},"primaryImageOfPage":{"@id":"https:\/\/www.musikzeitung.ch\/news\/2024\/11\/bischofs-nachfolger-bei-pro-helvetia-heisst-kinzer#primaryimage"},"image":{"@id":"https:\/\/www.musikzeitung.ch\/news\/2024\/11\/bischofs-nachfolger-bei-pro-helvetia-heisst-kinzer#primaryimage"},"thumbnailUrl":"https:\/\/www.musikzeitung.ch\/wp-content\/uploads\/2024\/11\/11_12_news_michael_kinzer.jpg","datePublished":"2024-11-20T12:38:27+00:00","dateModified":"2024-11-20T13:14:29+00:00","description":"La Fondazione svizzera per la cultura sar\u00e0 guidata da Michael Kinzer a partire dal 1\u00b0 luglio 2025. Attualmente \u00e8 a capo del Dipartimento Cultura della Citt\u00e0 di Losanna.","breadcrumb":{"@id":"https:\/\/www.musikzeitung.ch\/news\/2024\/11\/bischofs-nachfolger-bei-pro-helvetia-heisst-kinzer#breadcrumb"},"inLanguage":"it-IT","potentialAction":[{"@type":"ReadAction","target":["https:\/\/www.musikzeitung.ch\/news\/2024\/11\/bischofs-nachfolger-bei-pro-helvetia-heisst-kinzer"]}]},{"@type":"ImageObject","inLanguage":"it-IT","@id":"https:\/\/www.musikzeitung.ch\/news\/2024\/11\/bischofs-nachfolger-bei-pro-helvetia-heisst-kinzer#primaryimage","url":"https:\/\/www.musikzeitung.ch\/wp-content\/uploads\/2024\/11\/11_12_news_michael_kinzer.jpg","contentUrl":"https:\/\/www.musikzeitung.ch\/wp-content\/uploads\/2024\/11\/11_12_news_michael_kinzer.jpg","width":1333,"height":1000,"caption":"Michael Kinzer. Foto: Federal Studio\/Pro Helvetia"},{"@type":"BreadcrumbList","@id":"https:\/\/www.musikzeitung.ch\/news\/2024\/11\/bischofs-nachfolger-bei-pro-helvetia-heisst-kinzer#breadcrumb","itemListElement":[{"@type":"ListItem","position":1,"name":"Home","item":"https:\/\/www.musikzeitung.ch\/"},{"@type":"ListItem","position":2,"name":"Bischofs Nachfolger bei Pro Helvetia heisst Kinzer"}]},{"@type":"WebSite","@id":"https:\/\/www.musikzeitung.ch\/#website","url":"https:\/\/www.musikzeitung.ch\/","name":"Giornale musicale svizzero","description":"Il principale mensile interdisciplinare della Svizzera per le questioni musicali.","publisher":{"@id":"https:\/\/www.musikzeitung.ch\/#organization"},"potentialAction":[{"@type":"SearchAction","target":{"@type":"EntryPoint","urlTemplate":"https:\/\/www.musikzeitung.ch\/?s={search_term_string}"},"query-input":{"@type":"PropertyValueSpecification","valueRequired":true,"valueName":"search_term_string"}}],"inLanguage":"it-IT"},{"@type":"Organization","@id":"https:\/\/www.musikzeitung.ch\/#organization","name":"Giornale musicale svizzero","url":"https:\/\/www.musikzeitung.ch\/","logo":{"@type":"ImageObject","inLanguage":"it-IT","@id":"https:\/\/www.musikzeitung.ch\/#\/schema\/logo\/image\/","url":"https:\/\/www.musikzeitung.ch\/wp-content\/uploads\/2023\/01\/SMZ_Schriftzug_Sprache.png","contentUrl":"https:\/\/www.musikzeitung.ch\/wp-content\/uploads\/2023\/01\/SMZ_Schriftzug_Sprache.png","width":1400,"height":279,"caption":"Schweizer Musikzeitung"},"image":{"@id":"https:\/\/www.musikzeitung.ch\/#\/schema\/logo\/image\/"},"sameAs":["https:\/\/www.facebook.com\/SchweizerMusikzeitung\/","https:\/\/x.com\/smusikzeitung","https:\/\/www.instagram.com\/musikzeitung.ch\/"]},{"@type":"Person","@id":"https:\/\/www.musikzeitung.ch\/#\/schema\/person\/0da4fb82d243f1252850a35d0e87cf0c","name":"Wolfgang B\u00f6hler","image":{"@type":"ImageObject","inLanguage":"it-IT","@id":"https:\/\/www.musikzeitung.ch\/wp-content\/uploads\/2023\/01\/boehler_portraet_web-e1674139782246-96x96.jpg","url":"https:\/\/www.musikzeitung.ch\/wp-content\/uploads\/2023\/01\/boehler_portraet_web-e1674139782246-96x96.jpg","contentUrl":"https:\/\/www.musikzeitung.ch\/wp-content\/uploads\/2023\/01\/boehler_portraet_web-e1674139782246-96x96.jpg","caption":"Wolfgang B\u00f6hler"},"sameAs":["http:\/\/www.manacanto.ch","https:\/\/www.facebook.com\/wolfgang.bohler.75"],"url":"https:\/\/www.musikzeitung.ch\/it\/author\/wolfgang-boehler"}]}},"publishpress_future_workflow_manual_trigger":{"enabledWorkflows":[]},"_links":{"self":[{"href":"https:\/\/www.musikzeitung.ch\/it\/wp-json\/wp\/v2\/posts\/60600","targetHints":{"allow":["GET"]}}],"collection":[{"href":"https:\/\/www.musikzeitung.ch\/it\/wp-json\/wp\/v2\/posts"}],"about":[{"href":"https:\/\/www.musikzeitung.ch\/it\/wp-json\/wp\/v2\/types\/post"}],"author":[{"embeddable":true,"href":"https:\/\/www.musikzeitung.ch\/it\/wp-json\/wp\/v2\/users\/30"}],"replies":[{"embeddable":true,"href":"https:\/\/www.musikzeitung.ch\/it\/wp-json\/wp\/v2\/comments?post=60600"}],"version-history":[{"count":3,"href":"https:\/\/www.musikzeitung.ch\/it\/wp-json\/wp\/v2\/posts\/60600\/revisions"}],"predecessor-version":[{"id":60613,"href":"https:\/\/www.musikzeitung.ch\/it\/wp-json\/wp\/v2\/posts\/60600\/revisions\/60613"}],"wp:featuredmedia":[{"embeddable":true,"href":"https:\/\/www.musikzeitung.ch\/it\/wp-json\/wp\/v2\/media\/60612"}],"wp:attachment":[{"href":"https:\/\/www.musikzeitung.ch\/it\/wp-json\/wp\/v2\/media?parent=60600"}],"wp:term":[{"taxonomy":"category","embeddable":true,"href":"https:\/\/www.musikzeitung.ch\/it\/wp-json\/wp\/v2\/categories?post=60600"},{"taxonomy":"post_tag","embeddable":true,"href":"https:\/\/www.musikzeitung.ch\/it\/wp-json\/wp\/v2\/tags?post=60600"}],"curies":[{"name":"wp","href":"https:\/\/api.w.org\/{rel}","templated":true}]}}