{"id":60929,"date":"2024-11-28T06:48:30","date_gmt":"2024-11-28T05:48:30","guid":{"rendered":"https:\/\/www.musikzeitung.ch\/?p=60929"},"modified":"2024-12-03T15:33:09","modified_gmt":"2024-12-03T14:33:09","slug":"stimme-wird-instrument-des-jahres-2025","status":"publish","type":"post","link":"https:\/\/www.musikzeitung.ch\/it\/news\/2024\/11\/stimme-wird-instrument-des-jahres-2025","title":{"rendered":"La voce diventa lo strumento dell'anno 2025"},"content":{"rendered":"<figure id=\"attachment_60930\" aria-describedby=\"caption-attachment-60930\" style=\"width: 994px\" class=\"wp-caption alignnone\"><img loading=\"lazy\" decoding=\"async\" class=\"size-full wp-image-60930\" src=\"https:\/\/www.musikzeitung.ch\/wp-content\/uploads\/2024\/11\/241128chor.jpg\" alt=\"\" width=\"994\" height=\"656\" srcset=\"https:\/\/www.musikzeitung.ch\/wp-content\/uploads\/2024\/11\/241128chor.jpg 994w, https:\/\/www.musikzeitung.ch\/wp-content\/uploads\/2024\/11\/241128chor-300x198.jpg 300w, https:\/\/www.musikzeitung.ch\/wp-content\/uploads\/2024\/11\/241128chor-768x507.jpg 768w, https:\/\/www.musikzeitung.ch\/wp-content\/uploads\/2024\/11\/241128chor-18x12.jpg 18w, https:\/\/www.musikzeitung.ch\/wp-content\/uploads\/2024\/11\/241128chor-265x175.jpg 265w, https:\/\/www.musikzeitung.ch\/wp-content\/uploads\/2024\/11\/241128chor-530x350.jpg 530w, https:\/\/www.musikzeitung.ch\/wp-content\/uploads\/2024\/11\/241128chor-920x607.jpg 920w\" sizes=\"auto, (max-width: 994px) 100vw, 994px\" \/><figcaption id=\"caption-attachment-60930\" class=\"wp-caption-text\">Cori della Mannheimer Liedertafel (Immagine: Minna Elina Kettunen, Wikimedia commons)<\/figcaption><\/figure>\n<p>La voce collega le persone di tutto il mondo, scrive il Landesmusikrat Schleswig-Holstein. Trascende i confini culturali, linguistici e geografici e crea una base comune per la comunicazione e la comprensione reciproca. E si trova a suo agio in quasi tutti i generi musicali che il mondo ha da offrire.<\/p>\n<p>Dal 2008 lo strumento dell'anno viene scelto dai consigli musicali statali ed \u00e8 al centro dell'attenzione per dodici mesi. Ogni Stato federale nomina i propri patrocinatori e ha un proprio approccio per raggiungere l'obiettivo transnazionale: Attirare la curiosit\u00e0 e l'attenzione sulle molteplici sfaccettature del rispettivo strumento.<\/p>","protected":false},"excerpt":{"rendered":"<p>I Consigli Musicali di Stato tedeschi hanno nominato la voce come strumento dell'anno 2025, sostituendo la tuba, che quest'anno \u00e8 stata al centro dell'attenzione. <\/p>","protected":false},"author":30,"featured_media":60930,"comment_status":"closed","ping_status":"closed","sticky":false,"template":"","format":"standard","meta":{"_acf_changed":false,"_relevanssi_hide_post":"","_relevanssi_hide_content":"","_relevanssi_pin_for_all":"","_relevanssi_pin_keywords":"","_relevanssi_unpin_keywords":"","_relevanssi_related_keywords":"","_relevanssi_related_include_ids":"","_relevanssi_related_exclude_ids":"","_relevanssi_related_no_append":"","_relevanssi_related_not_related":"","_relevanssi_related_posts":"","_relevanssi_noindex_reason":"","pgc_sgb_lightbox_settings":"","footnotes":""},"categories":[27],"tags":[3459,4614],"class_list":["post-60929","post","type-post","status-publish","format-standard","has-post-thumbnail","hentry","category-news","tag-instrument-des-jahres","tag-stimme"],"acf":[],"yoast_head":"<!-- This site is optimized with the Yoast SEO plugin v27.5 - https:\/\/yoast.com\/product\/yoast-seo-wordpress\/ -->\n<title>Stimme wird Instrument des Jahres 2025 - Schweizer Musikzeitung<\/title>\n<meta name=\"description\" content=\"Die deutschen Landesmusikr\u00e4te machen die Stimme zum Instrument des Jahres 2025. Sie l\u00f6st damit die Tuba ab.\" \/>\n<meta name=\"robots\" content=\"index, follow, max-snippet:-1, max-image-preview:large, max-video-preview:-1\" \/>\n<link rel=\"canonical\" href=\"https:\/\/www.musikzeitung.ch\/it\/news\/2024\/11\/stimme-wird-instrument-des-jahres-2025\/\" \/>\n<meta property=\"og:locale\" content=\"it_IT\" \/>\n<meta property=\"og:type\" content=\"article\" \/>\n<meta property=\"og:title\" content=\"Stimme wird Instrument des Jahres 2025 - Schweizer Musikzeitung\" \/>\n<meta property=\"og:description\" content=\"Die deutschen Landesmusikr\u00e4te machen die Stimme zum Instrument des Jahres 2025. Sie l\u00f6st damit die Tuba ab.\" \/>\n<meta property=\"og:url\" content=\"https:\/\/www.musikzeitung.ch\/it\/news\/2024\/11\/stimme-wird-instrument-des-jahres-2025\/\" \/>\n<meta property=\"og:site_name\" content=\"Schweizer Musikzeitung\" \/>\n<meta property=\"article:publisher\" content=\"https:\/\/www.facebook.com\/SchweizerMusikzeitung\/\" \/>\n<meta property=\"article:author\" content=\"https:\/\/www.facebook.com\/wolfgang.bohler.75\" \/>\n<meta property=\"article:published_time\" content=\"2024-11-28T05:48:30+00:00\" \/>\n<meta property=\"article:modified_time\" content=\"2024-12-03T14:33:09+00:00\" \/>\n<meta property=\"og:image\" content=\"https:\/\/www.musikzeitung.ch\/wp-content\/uploads\/2024\/11\/241128chor.jpg\" \/>\n\t<meta property=\"og:image:width\" content=\"994\" \/>\n\t<meta property=\"og:image:height\" content=\"656\" \/>\n\t<meta property=\"og:image:type\" content=\"image\/jpeg\" \/>\n<meta name=\"author\" content=\"Wolfgang B\u00f6hler\" \/>\n<meta name=\"twitter:card\" content=\"summary_large_image\" \/>\n<meta name=\"twitter:creator\" content=\"@smusikzeitung\" \/>\n<meta name=\"twitter:site\" content=\"@smusikzeitung\" \/>\n<meta name=\"twitter:label1\" content=\"Scritto da\" \/>\n\t<meta name=\"twitter:data1\" content=\"Wolfgang B\u00f6hler\" \/>\n\t<meta name=\"twitter:label2\" content=\"Tempo di lettura stimato\" \/>\n\t<meta name=\"twitter:data2\" content=\"2 minuti\" \/>\n<script type=\"application\/ld+json\" class=\"yoast-schema-graph\">{\"@context\":\"https:\\\/\\\/schema.org\",\"@graph\":[{\"@type\":\"Article\",\"@id\":\"https:\\\/\\\/www.musikzeitung.ch\\\/news\\\/2024\\\/11\\\/stimme-wird-instrument-des-jahres-2025#article\",\"isPartOf\":{\"@id\":\"https:\\\/\\\/www.musikzeitung.ch\\\/news\\\/2024\\\/11\\\/stimme-wird-instrument-des-jahres-2025\"},\"author\":{\"name\":\"Wolfgang B\u00f6hler\",\"@id\":\"https:\\\/\\\/www.musikzeitung.ch\\\/#\\\/schema\\\/person\\\/0da4fb82d243f1252850a35d0e87cf0c\"},\"headline\":\"Stimme wird Instrument des Jahres 2025\",\"datePublished\":\"2024-11-28T05:48:30+00:00\",\"dateModified\":\"2024-12-03T14:33:09+00:00\",\"mainEntityOfPage\":{\"@id\":\"https:\\\/\\\/www.musikzeitung.ch\\\/news\\\/2024\\\/11\\\/stimme-wird-instrument-des-jahres-2025\"},\"wordCount\":123,\"publisher\":{\"@id\":\"https:\\\/\\\/www.musikzeitung.ch\\\/#organization\"},\"image\":{\"@id\":\"https:\\\/\\\/www.musikzeitung.ch\\\/news\\\/2024\\\/11\\\/stimme-wird-instrument-des-jahres-2025#primaryimage\"},\"thumbnailUrl\":\"https:\\\/\\\/www.musikzeitung.ch\\\/wp-content\\\/uploads\\\/2024\\\/11\\\/241128chor.jpg\",\"keywords\":[\"Instrument des Jahres\",\"Stimme\"],\"articleSection\":[\"News\"],\"inLanguage\":\"it-IT\"},{\"@type\":\"WebPage\",\"@id\":\"https:\\\/\\\/www.musikzeitung.ch\\\/news\\\/2024\\\/11\\\/stimme-wird-instrument-des-jahres-2025\",\"url\":\"https:\\\/\\\/www.musikzeitung.ch\\\/news\\\/2024\\\/11\\\/stimme-wird-instrument-des-jahres-2025\",\"name\":\"Stimme wird Instrument des Jahres 2025 - Schweizer Musikzeitung\",\"isPartOf\":{\"@id\":\"https:\\\/\\\/www.musikzeitung.ch\\\/#website\"},\"primaryImageOfPage\":{\"@id\":\"https:\\\/\\\/www.musikzeitung.ch\\\/news\\\/2024\\\/11\\\/stimme-wird-instrument-des-jahres-2025#primaryimage\"},\"image\":{\"@id\":\"https:\\\/\\\/www.musikzeitung.ch\\\/news\\\/2024\\\/11\\\/stimme-wird-instrument-des-jahres-2025#primaryimage\"},\"thumbnailUrl\":\"https:\\\/\\\/www.musikzeitung.ch\\\/wp-content\\\/uploads\\\/2024\\\/11\\\/241128chor.jpg\",\"datePublished\":\"2024-11-28T05:48:30+00:00\",\"dateModified\":\"2024-12-03T14:33:09+00:00\",\"description\":\"Die deutschen Landesmusikr\u00e4te machen die Stimme zum Instrument des Jahres 2025. Sie l\u00f6st damit die Tuba ab.\",\"breadcrumb\":{\"@id\":\"https:\\\/\\\/www.musikzeitung.ch\\\/news\\\/2024\\\/11\\\/stimme-wird-instrument-des-jahres-2025#breadcrumb\"},\"inLanguage\":\"it-IT\",\"potentialAction\":[{\"@type\":\"ReadAction\",\"target\":[\"https:\\\/\\\/www.musikzeitung.ch\\\/news\\\/2024\\\/11\\\/stimme-wird-instrument-des-jahres-2025\"]}]},{\"@type\":\"ImageObject\",\"inLanguage\":\"it-IT\",\"@id\":\"https:\\\/\\\/www.musikzeitung.ch\\\/news\\\/2024\\\/11\\\/stimme-wird-instrument-des-jahres-2025#primaryimage\",\"url\":\"https:\\\/\\\/www.musikzeitung.ch\\\/wp-content\\\/uploads\\\/2024\\\/11\\\/241128chor.jpg\",\"contentUrl\":\"https:\\\/\\\/www.musikzeitung.ch\\\/wp-content\\\/uploads\\\/2024\\\/11\\\/241128chor.jpg\",\"width\":994,\"height\":656,\"caption\":\"Ch\u00f6re der Mannheimer Liedertafel (Bild: Minna Elina Kettunen, Wikimedia commons)\"},{\"@type\":\"BreadcrumbList\",\"@id\":\"https:\\\/\\\/www.musikzeitung.ch\\\/news\\\/2024\\\/11\\\/stimme-wird-instrument-des-jahres-2025#breadcrumb\",\"itemListElement\":[{\"@type\":\"ListItem\",\"position\":1,\"name\":\"Home\",\"item\":\"https:\\\/\\\/www.musikzeitung.ch\\\/\"},{\"@type\":\"ListItem\",\"position\":2,\"name\":\"Stimme wird Instrument des Jahres 2025\"}]},{\"@type\":\"WebSite\",\"@id\":\"https:\\\/\\\/www.musikzeitung.ch\\\/#website\",\"url\":\"https:\\\/\\\/www.musikzeitung.ch\\\/\",\"name\":\"Schweizer Musikzeitung\",\"description\":\"Die f\u00fchrende sparten\u00fcbergreifende Monatszeitung in der Schweiz f\u00fcr musikalische Fragen.\",\"publisher\":{\"@id\":\"https:\\\/\\\/www.musikzeitung.ch\\\/#organization\"},\"potentialAction\":[{\"@type\":\"SearchAction\",\"target\":{\"@type\":\"EntryPoint\",\"urlTemplate\":\"https:\\\/\\\/www.musikzeitung.ch\\\/?s={search_term_string}\"},\"query-input\":{\"@type\":\"PropertyValueSpecification\",\"valueRequired\":true,\"valueName\":\"search_term_string\"}}],\"inLanguage\":\"it-IT\"},{\"@type\":\"Organization\",\"@id\":\"https:\\\/\\\/www.musikzeitung.ch\\\/#organization\",\"name\":\"Schweizer Musikzeitung\",\"url\":\"https:\\\/\\\/www.musikzeitung.ch\\\/\",\"logo\":{\"@type\":\"ImageObject\",\"inLanguage\":\"it-IT\",\"@id\":\"https:\\\/\\\/www.musikzeitung.ch\\\/#\\\/schema\\\/logo\\\/image\\\/\",\"url\":\"https:\\\/\\\/www.musikzeitung.ch\\\/wp-content\\\/uploads\\\/2023\\\/01\\\/SMZ_Schriftzug_Sprache.png\",\"contentUrl\":\"https:\\\/\\\/www.musikzeitung.ch\\\/wp-content\\\/uploads\\\/2023\\\/01\\\/SMZ_Schriftzug_Sprache.png\",\"width\":1400,\"height\":279,\"caption\":\"Schweizer Musikzeitung\"},\"image\":{\"@id\":\"https:\\\/\\\/www.musikzeitung.ch\\\/#\\\/schema\\\/logo\\\/image\\\/\"},\"sameAs\":[\"https:\\\/\\\/www.facebook.com\\\/SchweizerMusikzeitung\\\/\",\"https:\\\/\\\/x.com\\\/smusikzeitung\",\"https:\\\/\\\/www.instagram.com\\\/musikzeitung.ch\\\/\"]},{\"@type\":\"Person\",\"@id\":\"https:\\\/\\\/www.musikzeitung.ch\\\/#\\\/schema\\\/person\\\/0da4fb82d243f1252850a35d0e87cf0c\",\"name\":\"Wolfgang B\u00f6hler\",\"image\":{\"@type\":\"ImageObject\",\"inLanguage\":\"it-IT\",\"@id\":\"https:\\\/\\\/www.musikzeitung.ch\\\/wp-content\\\/uploads\\\/2023\\\/01\\\/boehler_portraet_web-e1674139782246-96x96.jpg\",\"url\":\"https:\\\/\\\/www.musikzeitung.ch\\\/wp-content\\\/uploads\\\/2023\\\/01\\\/boehler_portraet_web-e1674139782246-96x96.jpg\",\"contentUrl\":\"https:\\\/\\\/www.musikzeitung.ch\\\/wp-content\\\/uploads\\\/2023\\\/01\\\/boehler_portraet_web-e1674139782246-96x96.jpg\",\"caption\":\"Wolfgang B\u00f6hler\"},\"sameAs\":[\"http:\\\/\\\/www.manacanto.ch\",\"https:\\\/\\\/www.facebook.com\\\/wolfgang.bohler.75\"],\"url\":\"https:\\\/\\\/www.musikzeitung.ch\\\/it\\\/author\\\/wolfgang-boehler\"}]}<\/script>\n<!-- \/ Yoast SEO plugin. -->","yoast_head_json":{"title":"Stimme wird Instrument des Jahres 2025 - Schweizer Musikzeitung","description":"Die deutschen Landesmusikr\u00e4te machen die Stimme zum Instrument des Jahres 2025. Sie l\u00f6st damit die Tuba ab.","robots":{"index":"index","follow":"follow","max-snippet":"max-snippet:-1","max-image-preview":"max-image-preview:large","max-video-preview":"max-video-preview:-1"},"canonical":"https:\/\/www.musikzeitung.ch\/it\/news\/2024\/11\/stimme-wird-instrument-des-jahres-2025\/","og_locale":"it_IT","og_type":"article","og_title":"Stimme wird Instrument des Jahres 2025 - Schweizer Musikzeitung","og_description":"Die deutschen Landesmusikr\u00e4te machen die Stimme zum Instrument des Jahres 2025. Sie l\u00f6st damit die Tuba ab.","og_url":"https:\/\/www.musikzeitung.ch\/it\/news\/2024\/11\/stimme-wird-instrument-des-jahres-2025\/","og_site_name":"Schweizer Musikzeitung","article_publisher":"https:\/\/www.facebook.com\/SchweizerMusikzeitung\/","article_author":"https:\/\/www.facebook.com\/wolfgang.bohler.75","article_published_time":"2024-11-28T05:48:30+00:00","article_modified_time":"2024-12-03T14:33:09+00:00","og_image":[{"width":994,"height":656,"url":"https:\/\/www.musikzeitung.ch\/wp-content\/uploads\/2024\/11\/241128chor.jpg","type":"image\/jpeg"}],"author":"Wolfgang B\u00f6hler","twitter_card":"summary_large_image","twitter_creator":"@smusikzeitung","twitter_site":"@smusikzeitung","twitter_misc":{"Scritto da":"Wolfgang B\u00f6hler","Tempo di lettura stimato":"2 minuti"},"schema":{"@context":"https:\/\/schema.org","@graph":[{"@type":"Article","@id":"https:\/\/www.musikzeitung.ch\/news\/2024\/11\/stimme-wird-instrument-des-jahres-2025#article","isPartOf":{"@id":"https:\/\/www.musikzeitung.ch\/news\/2024\/11\/stimme-wird-instrument-des-jahres-2025"},"author":{"name":"Wolfgang B\u00f6hler","@id":"https:\/\/www.musikzeitung.ch\/#\/schema\/person\/0da4fb82d243f1252850a35d0e87cf0c"},"headline":"Stimme wird Instrument des Jahres 2025","datePublished":"2024-11-28T05:48:30+00:00","dateModified":"2024-12-03T14:33:09+00:00","mainEntityOfPage":{"@id":"https:\/\/www.musikzeitung.ch\/news\/2024\/11\/stimme-wird-instrument-des-jahres-2025"},"wordCount":123,"publisher":{"@id":"https:\/\/www.musikzeitung.ch\/#organization"},"image":{"@id":"https:\/\/www.musikzeitung.ch\/news\/2024\/11\/stimme-wird-instrument-des-jahres-2025#primaryimage"},"thumbnailUrl":"https:\/\/www.musikzeitung.ch\/wp-content\/uploads\/2024\/11\/241128chor.jpg","keywords":["Instrument des Jahres","Stimme"],"articleSection":["News"],"inLanguage":"it-IT"},{"@type":"WebPage","@id":"https:\/\/www.musikzeitung.ch\/news\/2024\/11\/stimme-wird-instrument-des-jahres-2025","url":"https:\/\/www.musikzeitung.ch\/news\/2024\/11\/stimme-wird-instrument-des-jahres-2025","name":"Stimme wird Instrument des Jahres 2025 - Schweizer Musikzeitung","isPartOf":{"@id":"https:\/\/www.musikzeitung.ch\/#website"},"primaryImageOfPage":{"@id":"https:\/\/www.musikzeitung.ch\/news\/2024\/11\/stimme-wird-instrument-des-jahres-2025#primaryimage"},"image":{"@id":"https:\/\/www.musikzeitung.ch\/news\/2024\/11\/stimme-wird-instrument-des-jahres-2025#primaryimage"},"thumbnailUrl":"https:\/\/www.musikzeitung.ch\/wp-content\/uploads\/2024\/11\/241128chor.jpg","datePublished":"2024-11-28T05:48:30+00:00","dateModified":"2024-12-03T14:33:09+00:00","description":"Die deutschen Landesmusikr\u00e4te machen die Stimme zum Instrument des Jahres 2025. Sie l\u00f6st damit die Tuba ab.","breadcrumb":{"@id":"https:\/\/www.musikzeitung.ch\/news\/2024\/11\/stimme-wird-instrument-des-jahres-2025#breadcrumb"},"inLanguage":"it-IT","potentialAction":[{"@type":"ReadAction","target":["https:\/\/www.musikzeitung.ch\/news\/2024\/11\/stimme-wird-instrument-des-jahres-2025"]}]},{"@type":"ImageObject","inLanguage":"it-IT","@id":"https:\/\/www.musikzeitung.ch\/news\/2024\/11\/stimme-wird-instrument-des-jahres-2025#primaryimage","url":"https:\/\/www.musikzeitung.ch\/wp-content\/uploads\/2024\/11\/241128chor.jpg","contentUrl":"https:\/\/www.musikzeitung.ch\/wp-content\/uploads\/2024\/11\/241128chor.jpg","width":994,"height":656,"caption":"Ch\u00f6re der Mannheimer Liedertafel (Bild: Minna Elina Kettunen, Wikimedia commons)"},{"@type":"BreadcrumbList","@id":"https:\/\/www.musikzeitung.ch\/news\/2024\/11\/stimme-wird-instrument-des-jahres-2025#breadcrumb","itemListElement":[{"@type":"ListItem","position":1,"name":"Home","item":"https:\/\/www.musikzeitung.ch\/"},{"@type":"ListItem","position":2,"name":"Stimme wird Instrument des Jahres 2025"}]},{"@type":"WebSite","@id":"https:\/\/www.musikzeitung.ch\/#website","url":"https:\/\/www.musikzeitung.ch\/","name":"Giornale musicale svizzero","description":"Il principale mensile interdisciplinare della Svizzera per le questioni musicali.","publisher":{"@id":"https:\/\/www.musikzeitung.ch\/#organization"},"potentialAction":[{"@type":"SearchAction","target":{"@type":"EntryPoint","urlTemplate":"https:\/\/www.musikzeitung.ch\/?s={search_term_string}"},"query-input":{"@type":"PropertyValueSpecification","valueRequired":true,"valueName":"search_term_string"}}],"inLanguage":"it-IT"},{"@type":"Organization","@id":"https:\/\/www.musikzeitung.ch\/#organization","name":"Giornale musicale svizzero","url":"https:\/\/www.musikzeitung.ch\/","logo":{"@type":"ImageObject","inLanguage":"it-IT","@id":"https:\/\/www.musikzeitung.ch\/#\/schema\/logo\/image\/","url":"https:\/\/www.musikzeitung.ch\/wp-content\/uploads\/2023\/01\/SMZ_Schriftzug_Sprache.png","contentUrl":"https:\/\/www.musikzeitung.ch\/wp-content\/uploads\/2023\/01\/SMZ_Schriftzug_Sprache.png","width":1400,"height":279,"caption":"Schweizer Musikzeitung"},"image":{"@id":"https:\/\/www.musikzeitung.ch\/#\/schema\/logo\/image\/"},"sameAs":["https:\/\/www.facebook.com\/SchweizerMusikzeitung\/","https:\/\/x.com\/smusikzeitung","https:\/\/www.instagram.com\/musikzeitung.ch\/"]},{"@type":"Person","@id":"https:\/\/www.musikzeitung.ch\/#\/schema\/person\/0da4fb82d243f1252850a35d0e87cf0c","name":"Wolfgang B\u00f6hler","image":{"@type":"ImageObject","inLanguage":"it-IT","@id":"https:\/\/www.musikzeitung.ch\/wp-content\/uploads\/2023\/01\/boehler_portraet_web-e1674139782246-96x96.jpg","url":"https:\/\/www.musikzeitung.ch\/wp-content\/uploads\/2023\/01\/boehler_portraet_web-e1674139782246-96x96.jpg","contentUrl":"https:\/\/www.musikzeitung.ch\/wp-content\/uploads\/2023\/01\/boehler_portraet_web-e1674139782246-96x96.jpg","caption":"Wolfgang B\u00f6hler"},"sameAs":["http:\/\/www.manacanto.ch","https:\/\/www.facebook.com\/wolfgang.bohler.75"],"url":"https:\/\/www.musikzeitung.ch\/it\/author\/wolfgang-boehler"}]}},"publishpress_future_workflow_manual_trigger":{"enabledWorkflows":[]},"_links":{"self":[{"href":"https:\/\/www.musikzeitung.ch\/it\/wp-json\/wp\/v2\/posts\/60929","targetHints":{"allow":["GET"]}}],"collection":[{"href":"https:\/\/www.musikzeitung.ch\/it\/wp-json\/wp\/v2\/posts"}],"about":[{"href":"https:\/\/www.musikzeitung.ch\/it\/wp-json\/wp\/v2\/types\/post"}],"author":[{"embeddable":true,"href":"https:\/\/www.musikzeitung.ch\/it\/wp-json\/wp\/v2\/users\/30"}],"replies":[{"embeddable":true,"href":"https:\/\/www.musikzeitung.ch\/it\/wp-json\/wp\/v2\/comments?post=60929"}],"version-history":[{"count":3,"href":"https:\/\/www.musikzeitung.ch\/it\/wp-json\/wp\/v2\/posts\/60929\/revisions"}],"predecessor-version":[{"id":60940,"href":"https:\/\/www.musikzeitung.ch\/it\/wp-json\/wp\/v2\/posts\/60929\/revisions\/60940"}],"wp:featuredmedia":[{"embeddable":true,"href":"https:\/\/www.musikzeitung.ch\/it\/wp-json\/wp\/v2\/media\/60930"}],"wp:attachment":[{"href":"https:\/\/www.musikzeitung.ch\/it\/wp-json\/wp\/v2\/media?parent=60929"}],"wp:term":[{"taxonomy":"category","embeddable":true,"href":"https:\/\/www.musikzeitung.ch\/it\/wp-json\/wp\/v2\/categories?post=60929"},{"taxonomy":"post_tag","embeddable":true,"href":"https:\/\/www.musikzeitung.ch\/it\/wp-json\/wp\/v2\/tags?post=60929"}],"curies":[{"name":"wp","href":"https:\/\/api.w.org\/{rel}","templated":true}]}}