{"id":60975,"date":"2024-11-29T08:57:49","date_gmt":"2024-11-29T07:57:49","guid":{"rendered":"https:\/\/www.musikzeitung.ch\/?p=60975"},"modified":"2024-12-03T15:31:08","modified_gmt":"2024-12-03T14:31:08","slug":"immer-mehr-aber-kleinere-kulturunternehmen","status":"publish","type":"post","link":"https:\/\/www.musikzeitung.ch\/it\/news\/2024\/11\/immer-mehr-aber-kleinere-kulturunternehmen","title":{"rendered":"Ma sempre pi\u00f9 piccole imprese culturali"},"content":{"rendered":"<figure id=\"attachment_60976\" aria-describedby=\"caption-attachment-60976\" style=\"width: 768px\" class=\"wp-caption alignnone\"><img loading=\"lazy\" decoding=\"async\" class=\"size-large wp-image-60976\" src=\"https:\/\/www.musikzeitung.ch\/wp-content\/uploads\/2024\/11\/241129bfs-1024x629.jpg\" alt=\"\" width=\"768\" height=\"472\" srcset=\"https:\/\/www.musikzeitung.ch\/wp-content\/uploads\/2024\/11\/241129bfs-1024x629.jpg 1024w, https:\/\/www.musikzeitung.ch\/wp-content\/uploads\/2024\/11\/241129bfs-300x184.jpg 300w, https:\/\/www.musikzeitung.ch\/wp-content\/uploads\/2024\/11\/241129bfs-768x472.jpg 768w, https:\/\/www.musikzeitung.ch\/wp-content\/uploads\/2024\/11\/241129bfs-18x12.jpg 18w, https:\/\/www.musikzeitung.ch\/wp-content\/uploads\/2024\/11\/241129bfs-285x175.jpg 285w, https:\/\/www.musikzeitung.ch\/wp-content\/uploads\/2024\/11\/241129bfs-569x350.jpg 569w, https:\/\/www.musikzeitung.ch\/wp-content\/uploads\/2024\/11\/241129bfs-920x565.jpg 920w, https:\/\/www.musikzeitung.ch\/wp-content\/uploads\/2024\/11\/241129bfs.jpg 1165w\" sizes=\"auto, (max-width: 768px) 100vw, 768px\" \/><figcaption id=\"caption-attachment-60976\" class=\"wp-caption-text\">Distribuzione delle organizzazioni culturali (Grafico: UST)<\/figcaption><\/figure>\n<p>Secondo l'Ufficio federale di statistica, entrambe le cifre superano quelle del 2019, l'anno precedente alla pandemia di Covid-19, e rappresentano addirittura un nuovo massimo dal 2011. Con 16,3 miliardi, anche il valore aggiunto lordo del settore culturale \u00e8 superiore a quello precedente alla pandemia. Tuttavia, le imprese culturali tendono a diventare sempre pi\u00f9 piccole: il numero di dipendenti e di equivalenti a tempo pieno per azienda \u00e8 in calo nel confronto pluriennale. Questi sono alcuni dei risultati delle statistiche sulle industrie culturali dell'Ufficio federale di statistica (UST).<\/p>\n<p>Nel 2022, il settore culturale comprendeva 67.313 imprese e 69.729 posti di lavoro (filiali). Rispetto all'economia nel suo complesso, il settore culturale rappresentava circa il 10,6% delle imprese e il 9,8% dei posti di lavoro. La stragrande maggioranza delle imprese culturali (circa il 99%) ha un solo posto di lavoro.<\/p>","protected":false},"excerpt":{"rendered":"<p>Il numero di imprese culturali \u00e8 salito a oltre 67.000 nel 2022, mentre il numero di dipendenti del settore culturale \u00e8 salito a quasi 241.000 unit\u00e0. <\/p>","protected":false},"author":30,"featured_media":60976,"comment_status":"closed","ping_status":"closed","sticky":false,"template":"","format":"standard","meta":{"_acf_changed":false,"_relevanssi_hide_post":"","_relevanssi_hide_content":"","_relevanssi_pin_for_all":"","_relevanssi_pin_keywords":"","_relevanssi_unpin_keywords":"","_relevanssi_related_keywords":"","_relevanssi_related_include_ids":"","_relevanssi_related_exclude_ids":"","_relevanssi_related_no_append":"","_relevanssi_related_not_related":"","_relevanssi_related_posts":"","_relevanssi_noindex_reason":"","pgc_sgb_lightbox_settings":"","footnotes":""},"categories":[27],"tags":[4616,4615],"class_list":["post-60975","post","type-post","status-publish","format-standard","has-post-thumbnail","hentry","category-news","tag-bundesamt-fuer-statistik","tag-kulturwirtschaft"],"acf":[],"yoast_head":"<!-- This site is optimized with the Yoast SEO plugin v27.4 - https:\/\/yoast.com\/product\/yoast-seo-wordpress\/ -->\n<title>Immer mehr aber kleinere Kulturunternehmen - Schweizer Musikzeitung<\/title>\n<meta name=\"description\" content=\"Die Anzahl Kulturunternehmen ist im Jahr 2022 auf \u00fcber 67&#039;000 angestiegen, die Anzahl Besch\u00e4ftigte im Kultursektor auf fast 241&#039;000.\" \/>\n<meta name=\"robots\" content=\"index, follow, max-snippet:-1, max-image-preview:large, max-video-preview:-1\" \/>\n<link rel=\"canonical\" href=\"https:\/\/www.musikzeitung.ch\/it\/news\/2024\/11\/immer-mehr-aber-kleinere-kulturunternehmen\/\" \/>\n<meta property=\"og:locale\" content=\"it_IT\" \/>\n<meta property=\"og:type\" content=\"article\" \/>\n<meta property=\"og:title\" content=\"Immer mehr aber kleinere Kulturunternehmen - Schweizer Musikzeitung\" \/>\n<meta property=\"og:description\" content=\"Die Anzahl Kulturunternehmen ist im Jahr 2022 auf \u00fcber 67&#039;000 angestiegen, die Anzahl Besch\u00e4ftigte im Kultursektor auf fast 241&#039;000.\" \/>\n<meta property=\"og:url\" content=\"https:\/\/www.musikzeitung.ch\/it\/news\/2024\/11\/immer-mehr-aber-kleinere-kulturunternehmen\/\" \/>\n<meta property=\"og:site_name\" content=\"Schweizer Musikzeitung\" \/>\n<meta property=\"article:publisher\" content=\"https:\/\/www.facebook.com\/SchweizerMusikzeitung\/\" \/>\n<meta property=\"article:author\" content=\"https:\/\/www.facebook.com\/wolfgang.bohler.75\" \/>\n<meta property=\"article:published_time\" content=\"2024-11-29T07:57:49+00:00\" \/>\n<meta property=\"article:modified_time\" content=\"2024-12-03T14:31:08+00:00\" \/>\n<meta property=\"og:image\" content=\"https:\/\/www.musikzeitung.ch\/wp-content\/uploads\/2024\/11\/241129bfs.jpg\" \/>\n\t<meta property=\"og:image:width\" content=\"1165\" \/>\n\t<meta property=\"og:image:height\" content=\"716\" \/>\n\t<meta property=\"og:image:type\" content=\"image\/jpeg\" \/>\n<meta name=\"author\" content=\"Wolfgang B\u00f6hler\" \/>\n<meta name=\"twitter:card\" content=\"summary_large_image\" \/>\n<meta name=\"twitter:creator\" content=\"@smusikzeitung\" \/>\n<meta name=\"twitter:site\" content=\"@smusikzeitung\" \/>\n<meta name=\"twitter:label1\" content=\"Scritto da\" \/>\n\t<meta name=\"twitter:data1\" content=\"Wolfgang B\u00f6hler\" \/>\n\t<meta name=\"twitter:label2\" content=\"Tempo di lettura stimato\" \/>\n\t<meta name=\"twitter:data2\" content=\"2 minuti\" \/>\n<script type=\"application\/ld+json\" class=\"yoast-schema-graph\">{\"@context\":\"https:\\\/\\\/schema.org\",\"@graph\":[{\"@type\":\"Article\",\"@id\":\"https:\\\/\\\/www.musikzeitung.ch\\\/news\\\/2024\\\/11\\\/immer-mehr-aber-kleinere-kulturunternehmen#article\",\"isPartOf\":{\"@id\":\"https:\\\/\\\/www.musikzeitung.ch\\\/news\\\/2024\\\/11\\\/immer-mehr-aber-kleinere-kulturunternehmen\"},\"author\":{\"name\":\"Wolfgang B\u00f6hler\",\"@id\":\"https:\\\/\\\/www.musikzeitung.ch\\\/#\\\/schema\\\/person\\\/0da4fb82d243f1252850a35d0e87cf0c\"},\"headline\":\"Immer mehr aber kleinere Kulturunternehmen\",\"datePublished\":\"2024-11-29T07:57:49+00:00\",\"dateModified\":\"2024-12-03T14:31:08+00:00\",\"mainEntityOfPage\":{\"@id\":\"https:\\\/\\\/www.musikzeitung.ch\\\/news\\\/2024\\\/11\\\/immer-mehr-aber-kleinere-kulturunternehmen\"},\"wordCount\":137,\"publisher\":{\"@id\":\"https:\\\/\\\/www.musikzeitung.ch\\\/#organization\"},\"image\":{\"@id\":\"https:\\\/\\\/www.musikzeitung.ch\\\/news\\\/2024\\\/11\\\/immer-mehr-aber-kleinere-kulturunternehmen#primaryimage\"},\"thumbnailUrl\":\"https:\\\/\\\/www.musikzeitung.ch\\\/wp-content\\\/uploads\\\/2024\\\/11\\\/241129bfs.jpg\",\"keywords\":[\"Bundesamt f\u00fcr Statistik\",\"Kulturwirtschaft\"],\"articleSection\":[\"News\"],\"inLanguage\":\"it-IT\"},{\"@type\":\"WebPage\",\"@id\":\"https:\\\/\\\/www.musikzeitung.ch\\\/news\\\/2024\\\/11\\\/immer-mehr-aber-kleinere-kulturunternehmen\",\"url\":\"https:\\\/\\\/www.musikzeitung.ch\\\/news\\\/2024\\\/11\\\/immer-mehr-aber-kleinere-kulturunternehmen\",\"name\":\"Immer mehr aber kleinere Kulturunternehmen - Schweizer Musikzeitung\",\"isPartOf\":{\"@id\":\"https:\\\/\\\/www.musikzeitung.ch\\\/#website\"},\"primaryImageOfPage\":{\"@id\":\"https:\\\/\\\/www.musikzeitung.ch\\\/news\\\/2024\\\/11\\\/immer-mehr-aber-kleinere-kulturunternehmen#primaryimage\"},\"image\":{\"@id\":\"https:\\\/\\\/www.musikzeitung.ch\\\/news\\\/2024\\\/11\\\/immer-mehr-aber-kleinere-kulturunternehmen#primaryimage\"},\"thumbnailUrl\":\"https:\\\/\\\/www.musikzeitung.ch\\\/wp-content\\\/uploads\\\/2024\\\/11\\\/241129bfs.jpg\",\"datePublished\":\"2024-11-29T07:57:49+00:00\",\"dateModified\":\"2024-12-03T14:31:08+00:00\",\"description\":\"Die Anzahl Kulturunternehmen ist im Jahr 2022 auf \u00fcber 67'000 angestiegen, die Anzahl Besch\u00e4ftigte im Kultursektor auf fast 241'000.\",\"breadcrumb\":{\"@id\":\"https:\\\/\\\/www.musikzeitung.ch\\\/news\\\/2024\\\/11\\\/immer-mehr-aber-kleinere-kulturunternehmen#breadcrumb\"},\"inLanguage\":\"it-IT\",\"potentialAction\":[{\"@type\":\"ReadAction\",\"target\":[\"https:\\\/\\\/www.musikzeitung.ch\\\/news\\\/2024\\\/11\\\/immer-mehr-aber-kleinere-kulturunternehmen\"]}]},{\"@type\":\"ImageObject\",\"inLanguage\":\"it-IT\",\"@id\":\"https:\\\/\\\/www.musikzeitung.ch\\\/news\\\/2024\\\/11\\\/immer-mehr-aber-kleinere-kulturunternehmen#primaryimage\",\"url\":\"https:\\\/\\\/www.musikzeitung.ch\\\/wp-content\\\/uploads\\\/2024\\\/11\\\/241129bfs.jpg\",\"contentUrl\":\"https:\\\/\\\/www.musikzeitung.ch\\\/wp-content\\\/uploads\\\/2024\\\/11\\\/241129bfs.jpg\",\"width\":1165,\"height\":716,\"caption\":\"Verteilung der Kulturbetriebe (Grafik: BFS)\"},{\"@type\":\"BreadcrumbList\",\"@id\":\"https:\\\/\\\/www.musikzeitung.ch\\\/news\\\/2024\\\/11\\\/immer-mehr-aber-kleinere-kulturunternehmen#breadcrumb\",\"itemListElement\":[{\"@type\":\"ListItem\",\"position\":1,\"name\":\"Home\",\"item\":\"https:\\\/\\\/www.musikzeitung.ch\\\/\"},{\"@type\":\"ListItem\",\"position\":2,\"name\":\"Immer mehr aber kleinere Kulturunternehmen\"}]},{\"@type\":\"WebSite\",\"@id\":\"https:\\\/\\\/www.musikzeitung.ch\\\/#website\",\"url\":\"https:\\\/\\\/www.musikzeitung.ch\\\/\",\"name\":\"Schweizer Musikzeitung\",\"description\":\"Die f\u00fchrende sparten\u00fcbergreifende Monatszeitung in der Schweiz f\u00fcr musikalische Fragen.\",\"publisher\":{\"@id\":\"https:\\\/\\\/www.musikzeitung.ch\\\/#organization\"},\"potentialAction\":[{\"@type\":\"SearchAction\",\"target\":{\"@type\":\"EntryPoint\",\"urlTemplate\":\"https:\\\/\\\/www.musikzeitung.ch\\\/?s={search_term_string}\"},\"query-input\":{\"@type\":\"PropertyValueSpecification\",\"valueRequired\":true,\"valueName\":\"search_term_string\"}}],\"inLanguage\":\"it-IT\"},{\"@type\":\"Organization\",\"@id\":\"https:\\\/\\\/www.musikzeitung.ch\\\/#organization\",\"name\":\"Schweizer Musikzeitung\",\"url\":\"https:\\\/\\\/www.musikzeitung.ch\\\/\",\"logo\":{\"@type\":\"ImageObject\",\"inLanguage\":\"it-IT\",\"@id\":\"https:\\\/\\\/www.musikzeitung.ch\\\/#\\\/schema\\\/logo\\\/image\\\/\",\"url\":\"https:\\\/\\\/www.musikzeitung.ch\\\/wp-content\\\/uploads\\\/2023\\\/01\\\/SMZ_Schriftzug_Sprache.png\",\"contentUrl\":\"https:\\\/\\\/www.musikzeitung.ch\\\/wp-content\\\/uploads\\\/2023\\\/01\\\/SMZ_Schriftzug_Sprache.png\",\"width\":1400,\"height\":279,\"caption\":\"Schweizer Musikzeitung\"},\"image\":{\"@id\":\"https:\\\/\\\/www.musikzeitung.ch\\\/#\\\/schema\\\/logo\\\/image\\\/\"},\"sameAs\":[\"https:\\\/\\\/www.facebook.com\\\/SchweizerMusikzeitung\\\/\",\"https:\\\/\\\/x.com\\\/smusikzeitung\",\"https:\\\/\\\/www.instagram.com\\\/musikzeitung.ch\\\/\"]},{\"@type\":\"Person\",\"@id\":\"https:\\\/\\\/www.musikzeitung.ch\\\/#\\\/schema\\\/person\\\/0da4fb82d243f1252850a35d0e87cf0c\",\"name\":\"Wolfgang B\u00f6hler\",\"image\":{\"@type\":\"ImageObject\",\"inLanguage\":\"it-IT\",\"@id\":\"https:\\\/\\\/www.musikzeitung.ch\\\/wp-content\\\/uploads\\\/2023\\\/01\\\/boehler_portraet_web-e1674139782246-96x96.jpg\",\"url\":\"https:\\\/\\\/www.musikzeitung.ch\\\/wp-content\\\/uploads\\\/2023\\\/01\\\/boehler_portraet_web-e1674139782246-96x96.jpg\",\"contentUrl\":\"https:\\\/\\\/www.musikzeitung.ch\\\/wp-content\\\/uploads\\\/2023\\\/01\\\/boehler_portraet_web-e1674139782246-96x96.jpg\",\"caption\":\"Wolfgang B\u00f6hler\"},\"sameAs\":[\"http:\\\/\\\/www.manacanto.ch\",\"https:\\\/\\\/www.facebook.com\\\/wolfgang.bohler.75\"],\"url\":\"https:\\\/\\\/www.musikzeitung.ch\\\/it\\\/author\\\/wolfgang-boehler\"}]}<\/script>\n<!-- \/ Yoast SEO plugin. -->","yoast_head_json":{"title":"Immer mehr aber kleinere Kulturunternehmen - Schweizer Musikzeitung","description":"Il numero di imprese culturali \u00e8 salito a oltre 67.000 nel 2022, mentre il numero di dipendenti del settore culturale \u00e8 salito a quasi 241.000 unit\u00e0.","robots":{"index":"index","follow":"follow","max-snippet":"max-snippet:-1","max-image-preview":"max-image-preview:large","max-video-preview":"max-video-preview:-1"},"canonical":"https:\/\/www.musikzeitung.ch\/it\/news\/2024\/11\/immer-mehr-aber-kleinere-kulturunternehmen\/","og_locale":"it_IT","og_type":"article","og_title":"Immer mehr aber kleinere Kulturunternehmen - Schweizer Musikzeitung","og_description":"Die Anzahl Kulturunternehmen ist im Jahr 2022 auf \u00fcber 67'000 angestiegen, die Anzahl Besch\u00e4ftigte im Kultursektor auf fast 241'000.","og_url":"https:\/\/www.musikzeitung.ch\/it\/news\/2024\/11\/immer-mehr-aber-kleinere-kulturunternehmen\/","og_site_name":"Schweizer Musikzeitung","article_publisher":"https:\/\/www.facebook.com\/SchweizerMusikzeitung\/","article_author":"https:\/\/www.facebook.com\/wolfgang.bohler.75","article_published_time":"2024-11-29T07:57:49+00:00","article_modified_time":"2024-12-03T14:31:08+00:00","og_image":[{"width":1165,"height":716,"url":"https:\/\/www.musikzeitung.ch\/wp-content\/uploads\/2024\/11\/241129bfs.jpg","type":"image\/jpeg"}],"author":"Wolfgang B\u00f6hler","twitter_card":"summary_large_image","twitter_creator":"@smusikzeitung","twitter_site":"@smusikzeitung","twitter_misc":{"Scritto da":"Wolfgang B\u00f6hler","Tempo di lettura stimato":"2 minuti"},"schema":{"@context":"https:\/\/schema.org","@graph":[{"@type":"Article","@id":"https:\/\/www.musikzeitung.ch\/news\/2024\/11\/immer-mehr-aber-kleinere-kulturunternehmen#article","isPartOf":{"@id":"https:\/\/www.musikzeitung.ch\/news\/2024\/11\/immer-mehr-aber-kleinere-kulturunternehmen"},"author":{"name":"Wolfgang B\u00f6hler","@id":"https:\/\/www.musikzeitung.ch\/#\/schema\/person\/0da4fb82d243f1252850a35d0e87cf0c"},"headline":"Immer mehr aber kleinere Kulturunternehmen","datePublished":"2024-11-29T07:57:49+00:00","dateModified":"2024-12-03T14:31:08+00:00","mainEntityOfPage":{"@id":"https:\/\/www.musikzeitung.ch\/news\/2024\/11\/immer-mehr-aber-kleinere-kulturunternehmen"},"wordCount":137,"publisher":{"@id":"https:\/\/www.musikzeitung.ch\/#organization"},"image":{"@id":"https:\/\/www.musikzeitung.ch\/news\/2024\/11\/immer-mehr-aber-kleinere-kulturunternehmen#primaryimage"},"thumbnailUrl":"https:\/\/www.musikzeitung.ch\/wp-content\/uploads\/2024\/11\/241129bfs.jpg","keywords":["Bundesamt f\u00fcr Statistik","Kulturwirtschaft"],"articleSection":["News"],"inLanguage":"it-IT"},{"@type":"WebPage","@id":"https:\/\/www.musikzeitung.ch\/news\/2024\/11\/immer-mehr-aber-kleinere-kulturunternehmen","url":"https:\/\/www.musikzeitung.ch\/news\/2024\/11\/immer-mehr-aber-kleinere-kulturunternehmen","name":"Immer mehr aber kleinere Kulturunternehmen - Schweizer Musikzeitung","isPartOf":{"@id":"https:\/\/www.musikzeitung.ch\/#website"},"primaryImageOfPage":{"@id":"https:\/\/www.musikzeitung.ch\/news\/2024\/11\/immer-mehr-aber-kleinere-kulturunternehmen#primaryimage"},"image":{"@id":"https:\/\/www.musikzeitung.ch\/news\/2024\/11\/immer-mehr-aber-kleinere-kulturunternehmen#primaryimage"},"thumbnailUrl":"https:\/\/www.musikzeitung.ch\/wp-content\/uploads\/2024\/11\/241129bfs.jpg","datePublished":"2024-11-29T07:57:49+00:00","dateModified":"2024-12-03T14:31:08+00:00","description":"Il numero di imprese culturali \u00e8 salito a oltre 67.000 nel 2022, mentre il numero di dipendenti del settore culturale \u00e8 salito a quasi 241.000 unit\u00e0.","breadcrumb":{"@id":"https:\/\/www.musikzeitung.ch\/news\/2024\/11\/immer-mehr-aber-kleinere-kulturunternehmen#breadcrumb"},"inLanguage":"it-IT","potentialAction":[{"@type":"ReadAction","target":["https:\/\/www.musikzeitung.ch\/news\/2024\/11\/immer-mehr-aber-kleinere-kulturunternehmen"]}]},{"@type":"ImageObject","inLanguage":"it-IT","@id":"https:\/\/www.musikzeitung.ch\/news\/2024\/11\/immer-mehr-aber-kleinere-kulturunternehmen#primaryimage","url":"https:\/\/www.musikzeitung.ch\/wp-content\/uploads\/2024\/11\/241129bfs.jpg","contentUrl":"https:\/\/www.musikzeitung.ch\/wp-content\/uploads\/2024\/11\/241129bfs.jpg","width":1165,"height":716,"caption":"Verteilung der Kulturbetriebe (Grafik: BFS)"},{"@type":"BreadcrumbList","@id":"https:\/\/www.musikzeitung.ch\/news\/2024\/11\/immer-mehr-aber-kleinere-kulturunternehmen#breadcrumb","itemListElement":[{"@type":"ListItem","position":1,"name":"Home","item":"https:\/\/www.musikzeitung.ch\/"},{"@type":"ListItem","position":2,"name":"Immer mehr aber kleinere Kulturunternehmen"}]},{"@type":"WebSite","@id":"https:\/\/www.musikzeitung.ch\/#website","url":"https:\/\/www.musikzeitung.ch\/","name":"Giornale musicale svizzero","description":"Il principale mensile interdisciplinare della Svizzera per le questioni musicali.","publisher":{"@id":"https:\/\/www.musikzeitung.ch\/#organization"},"potentialAction":[{"@type":"SearchAction","target":{"@type":"EntryPoint","urlTemplate":"https:\/\/www.musikzeitung.ch\/?s={search_term_string}"},"query-input":{"@type":"PropertyValueSpecification","valueRequired":true,"valueName":"search_term_string"}}],"inLanguage":"it-IT"},{"@type":"Organization","@id":"https:\/\/www.musikzeitung.ch\/#organization","name":"Giornale musicale svizzero","url":"https:\/\/www.musikzeitung.ch\/","logo":{"@type":"ImageObject","inLanguage":"it-IT","@id":"https:\/\/www.musikzeitung.ch\/#\/schema\/logo\/image\/","url":"https:\/\/www.musikzeitung.ch\/wp-content\/uploads\/2023\/01\/SMZ_Schriftzug_Sprache.png","contentUrl":"https:\/\/www.musikzeitung.ch\/wp-content\/uploads\/2023\/01\/SMZ_Schriftzug_Sprache.png","width":1400,"height":279,"caption":"Schweizer Musikzeitung"},"image":{"@id":"https:\/\/www.musikzeitung.ch\/#\/schema\/logo\/image\/"},"sameAs":["https:\/\/www.facebook.com\/SchweizerMusikzeitung\/","https:\/\/x.com\/smusikzeitung","https:\/\/www.instagram.com\/musikzeitung.ch\/"]},{"@type":"Person","@id":"https:\/\/www.musikzeitung.ch\/#\/schema\/person\/0da4fb82d243f1252850a35d0e87cf0c","name":"Wolfgang B\u00f6hler","image":{"@type":"ImageObject","inLanguage":"it-IT","@id":"https:\/\/www.musikzeitung.ch\/wp-content\/uploads\/2023\/01\/boehler_portraet_web-e1674139782246-96x96.jpg","url":"https:\/\/www.musikzeitung.ch\/wp-content\/uploads\/2023\/01\/boehler_portraet_web-e1674139782246-96x96.jpg","contentUrl":"https:\/\/www.musikzeitung.ch\/wp-content\/uploads\/2023\/01\/boehler_portraet_web-e1674139782246-96x96.jpg","caption":"Wolfgang B\u00f6hler"},"sameAs":["http:\/\/www.manacanto.ch","https:\/\/www.facebook.com\/wolfgang.bohler.75"],"url":"https:\/\/www.musikzeitung.ch\/it\/author\/wolfgang-boehler"}]}},"publishpress_future_workflow_manual_trigger":{"enabledWorkflows":[]},"_links":{"self":[{"href":"https:\/\/www.musikzeitung.ch\/it\/wp-json\/wp\/v2\/posts\/60975","targetHints":{"allow":["GET"]}}],"collection":[{"href":"https:\/\/www.musikzeitung.ch\/it\/wp-json\/wp\/v2\/posts"}],"about":[{"href":"https:\/\/www.musikzeitung.ch\/it\/wp-json\/wp\/v2\/types\/post"}],"author":[{"embeddable":true,"href":"https:\/\/www.musikzeitung.ch\/it\/wp-json\/wp\/v2\/users\/30"}],"replies":[{"embeddable":true,"href":"https:\/\/www.musikzeitung.ch\/it\/wp-json\/wp\/v2\/comments?post=60975"}],"version-history":[{"count":1,"href":"https:\/\/www.musikzeitung.ch\/it\/wp-json\/wp\/v2\/posts\/60975\/revisions"}],"predecessor-version":[{"id":60977,"href":"https:\/\/www.musikzeitung.ch\/it\/wp-json\/wp\/v2\/posts\/60975\/revisions\/60977"}],"wp:featuredmedia":[{"embeddable":true,"href":"https:\/\/www.musikzeitung.ch\/it\/wp-json\/wp\/v2\/media\/60976"}],"wp:attachment":[{"href":"https:\/\/www.musikzeitung.ch\/it\/wp-json\/wp\/v2\/media?parent=60975"}],"wp:term":[{"taxonomy":"category","embeddable":true,"href":"https:\/\/www.musikzeitung.ch\/it\/wp-json\/wp\/v2\/categories?post=60975"},{"taxonomy":"post_tag","embeddable":true,"href":"https:\/\/www.musikzeitung.ch\/it\/wp-json\/wp\/v2\/tags?post=60975"}],"curies":[{"name":"wp","href":"https:\/\/api.w.org\/{rel}","templated":true}]}}