{"id":61044,"date":"2024-12-04T05:46:58","date_gmt":"2024-12-04T04:46:58","guid":{"rendered":"https:\/\/www.musikzeitung.ch\/?p=61044"},"modified":"2024-12-04T10:41:26","modified_gmt":"2024-12-04T09:41:26","slug":"bremen-ehrt-paavo-jaervi","status":"publish","type":"post","link":"https:\/\/www.musikzeitung.ch\/it\/news\/2024\/12\/bremen-ehrt-paavo-jaervi","title":{"rendered":"Brema rende omaggio a Paavo J\u00e4rvi"},"content":{"rendered":"<figure id=\"attachment_61045\" aria-describedby=\"caption-attachment-61045\" style=\"width: 732px\" class=\"wp-caption alignnone\"><img loading=\"lazy\" decoding=\"async\" class=\"wp-image-61045 size-full\" src=\"https:\/\/www.musikzeitung.ch\/wp-content\/uploads\/2024\/12\/241204bremen-e1733287603120.jpg\" alt=\"\" width=\"732\" height=\"521\" srcset=\"https:\/\/www.musikzeitung.ch\/wp-content\/uploads\/2024\/12\/241204bremen-e1733287603120.jpg 732w, https:\/\/www.musikzeitung.ch\/wp-content\/uploads\/2024\/12\/241204bremen-e1733287603120-300x214.jpg 300w, https:\/\/www.musikzeitung.ch\/wp-content\/uploads\/2024\/12\/241204bremen-e1733287603120-18x12.jpg 18w, https:\/\/www.musikzeitung.ch\/wp-content\/uploads\/2024\/12\/241204bremen-e1733287603120-246x175.jpg 246w, https:\/\/www.musikzeitung.ch\/wp-content\/uploads\/2024\/12\/241204bremen-e1733287603120-492x350.jpg 492w\" sizes=\"auto, (max-width: 732px) 100vw, 732px\" \/><figcaption id=\"caption-attachment-61045\" class=\"wp-caption-text\">Il sindaco Andreas Bovenschulte consegna la Medaglia del Senato per l'Arte e la Scienza a Paavo J\u00e4rvi. (Foto: Ufficio stampa del Senato)<\/figcaption><\/figure>\n<p>Il sindaco e senatore per la cultura Andreas Bovenschulte ha premiato J\u00e4rvi come responsabile di eventi tradizionali come l'Estate di Lesmona e di formati partecipativi come l'opera di quartiere di Osterholz-Tenever o lo Zukunftslabor, un'orchestra incentrata sulla partecipazione culturale e sulla promozione musicale dei giovani.<\/p>\n<p>Paavo J\u00e4rvi ha studiato percussioni e direzione d'orchestra nella sua citt\u00e0 natale, Tallinn, e direzione d'orchestra con Leonard Bernstein a Los Angeles. Nel 2001 \u00e8 diventato direttore principale a Cincinnati. Collabora come direttore ospite con orchestre quali la Filarmonica di Berlino, la Philharmonia Orchestra di Londra, la Staatskapelle di Dresda e la New York Philharmonic. Paavo J\u00e4rvi \u00e8 anche co-fondatore dell'Accademia dei direttori d'orchestra di Zurigo, il cui vincitore viene invitato alla J\u00e4rvi Academy, che ha fondato insieme al padre Neeme J\u00e4rvi.<\/p>\n<p>&nbsp;<\/p>","protected":false},"excerpt":{"rendered":"<p>Paavo J\u00e4rvi, direttore musicale dell'Orchestra della Tonhalle di Zurigo e direttore artistico della Deutsche Kammerphilharmonie di Brema, \u00e8 stato premiato dalla citt\u00e0 di Brema con la Medaglia del Senato per l'Arte e la Scienza.<\/p>","protected":false},"author":30,"featured_media":61045,"comment_status":"closed","ping_status":"closed","sticky":false,"template":"","format":"standard","meta":{"_acf_changed":false,"_relevanssi_hide_post":"","_relevanssi_hide_content":"","_relevanssi_pin_for_all":"","_relevanssi_pin_keywords":"","_relevanssi_unpin_keywords":"","_relevanssi_related_keywords":"","_relevanssi_related_include_ids":"","_relevanssi_related_exclude_ids":"","_relevanssi_related_no_append":"","_relevanssi_related_not_related":"","_relevanssi_related_posts":"","_relevanssi_noindex_reason":"","pgc_sgb_lightbox_settings":"","footnotes":""},"categories":[27],"tags":[4619,4620],"class_list":["post-61044","post","type-post","status-publish","format-standard","has-post-thumbnail","hentry","category-news","tag-paavo-jaervi","tag-stadt-bremen"],"acf":[],"yoast_head":"<!-- This site is optimized with the Yoast SEO plugin v27.4 - https:\/\/yoast.com\/product\/yoast-seo-wordpress\/ -->\n<title>Bremen ehrt Paavo J\u00e4rvi - Schweizer Musikzeitung<\/title>\n<meta name=\"description\" content=\"Paavo J\u00e4rvi, der Music Director des Z\u00fcrcher Tonhalle Orchesters und k\u00fcnstlerische Leiter der Deutschen Kammerphilharmonie Bremen wurde ausgezeichnet.\" \/>\n<meta name=\"robots\" content=\"index, follow, max-snippet:-1, max-image-preview:large, max-video-preview:-1\" \/>\n<link rel=\"canonical\" href=\"https:\/\/www.musikzeitung.ch\/it\/news\/2024\/12\/bremen-ehrt-paavo-jaervi\/\" \/>\n<meta property=\"og:locale\" content=\"it_IT\" \/>\n<meta property=\"og:type\" content=\"article\" \/>\n<meta property=\"og:title\" content=\"Bremen ehrt Paavo J\u00e4rvi - Schweizer Musikzeitung\" \/>\n<meta property=\"og:description\" content=\"Paavo J\u00e4rvi, der Music Director des Z\u00fcrcher Tonhalle Orchesters und k\u00fcnstlerische Leiter der Deutschen Kammerphilharmonie Bremen wurde ausgezeichnet.\" \/>\n<meta property=\"og:url\" content=\"https:\/\/www.musikzeitung.ch\/it\/news\/2024\/12\/bremen-ehrt-paavo-jaervi\/\" \/>\n<meta property=\"og:site_name\" content=\"Schweizer Musikzeitung\" \/>\n<meta property=\"article:publisher\" content=\"https:\/\/www.facebook.com\/SchweizerMusikzeitung\/\" \/>\n<meta property=\"article:author\" content=\"https:\/\/www.facebook.com\/wolfgang.bohler.75\" \/>\n<meta property=\"article:published_time\" content=\"2024-12-04T04:46:58+00:00\" \/>\n<meta property=\"article:modified_time\" content=\"2024-12-04T09:41:26+00:00\" \/>\n<meta property=\"og:image\" content=\"https:\/\/www.musikzeitung.ch\/wp-content\/uploads\/2024\/12\/241204bremen-e1733287603120.jpg\" \/>\n\t<meta property=\"og:image:width\" content=\"732\" \/>\n\t<meta property=\"og:image:height\" content=\"521\" \/>\n\t<meta property=\"og:image:type\" content=\"image\/jpeg\" \/>\n<meta name=\"author\" content=\"Wolfgang B\u00f6hler\" \/>\n<meta name=\"twitter:card\" content=\"summary_large_image\" \/>\n<meta name=\"twitter:creator\" content=\"@smusikzeitung\" \/>\n<meta name=\"twitter:site\" content=\"@smusikzeitung\" \/>\n<meta name=\"twitter:label1\" content=\"Scritto da\" \/>\n\t<meta name=\"twitter:data1\" content=\"Wolfgang B\u00f6hler\" \/>\n\t<meta name=\"twitter:label2\" content=\"Tempo di lettura stimato\" \/>\n\t<meta name=\"twitter:data2\" content=\"2 minuti\" \/>\n<script type=\"application\/ld+json\" class=\"yoast-schema-graph\">{\"@context\":\"https:\\\/\\\/schema.org\",\"@graph\":[{\"@type\":\"Article\",\"@id\":\"https:\\\/\\\/www.musikzeitung.ch\\\/news\\\/2024\\\/12\\\/bremen-ehrt-paavo-jaervi#article\",\"isPartOf\":{\"@id\":\"https:\\\/\\\/www.musikzeitung.ch\\\/news\\\/2024\\\/12\\\/bremen-ehrt-paavo-jaervi\"},\"author\":{\"name\":\"Wolfgang B\u00f6hler\",\"@id\":\"https:\\\/\\\/www.musikzeitung.ch\\\/#\\\/schema\\\/person\\\/0da4fb82d243f1252850a35d0e87cf0c\"},\"headline\":\"Bremen ehrt Paavo J\u00e4rvi\",\"datePublished\":\"2024-12-04T04:46:58+00:00\",\"dateModified\":\"2024-12-04T09:41:26+00:00\",\"mainEntityOfPage\":{\"@id\":\"https:\\\/\\\/www.musikzeitung.ch\\\/news\\\/2024\\\/12\\\/bremen-ehrt-paavo-jaervi\"},\"wordCount\":159,\"publisher\":{\"@id\":\"https:\\\/\\\/www.musikzeitung.ch\\\/#organization\"},\"image\":{\"@id\":\"https:\\\/\\\/www.musikzeitung.ch\\\/news\\\/2024\\\/12\\\/bremen-ehrt-paavo-jaervi#primaryimage\"},\"thumbnailUrl\":\"https:\\\/\\\/www.musikzeitung.ch\\\/wp-content\\\/uploads\\\/2024\\\/12\\\/241204bremen-e1733287603120.jpg\",\"keywords\":[\"Paavo J\u00e4rvi\",\"Stadt Bremen\"],\"articleSection\":[\"News\"],\"inLanguage\":\"it-IT\"},{\"@type\":\"WebPage\",\"@id\":\"https:\\\/\\\/www.musikzeitung.ch\\\/news\\\/2024\\\/12\\\/bremen-ehrt-paavo-jaervi\",\"url\":\"https:\\\/\\\/www.musikzeitung.ch\\\/news\\\/2024\\\/12\\\/bremen-ehrt-paavo-jaervi\",\"name\":\"Bremen ehrt Paavo J\u00e4rvi - Schweizer Musikzeitung\",\"isPartOf\":{\"@id\":\"https:\\\/\\\/www.musikzeitung.ch\\\/#website\"},\"primaryImageOfPage\":{\"@id\":\"https:\\\/\\\/www.musikzeitung.ch\\\/news\\\/2024\\\/12\\\/bremen-ehrt-paavo-jaervi#primaryimage\"},\"image\":{\"@id\":\"https:\\\/\\\/www.musikzeitung.ch\\\/news\\\/2024\\\/12\\\/bremen-ehrt-paavo-jaervi#primaryimage\"},\"thumbnailUrl\":\"https:\\\/\\\/www.musikzeitung.ch\\\/wp-content\\\/uploads\\\/2024\\\/12\\\/241204bremen-e1733287603120.jpg\",\"datePublished\":\"2024-12-04T04:46:58+00:00\",\"dateModified\":\"2024-12-04T09:41:26+00:00\",\"description\":\"Paavo J\u00e4rvi, der Music Director des Z\u00fcrcher Tonhalle Orchesters und k\u00fcnstlerische Leiter der Deutschen Kammerphilharmonie Bremen wurde ausgezeichnet.\",\"breadcrumb\":{\"@id\":\"https:\\\/\\\/www.musikzeitung.ch\\\/news\\\/2024\\\/12\\\/bremen-ehrt-paavo-jaervi#breadcrumb\"},\"inLanguage\":\"it-IT\",\"potentialAction\":[{\"@type\":\"ReadAction\",\"target\":[\"https:\\\/\\\/www.musikzeitung.ch\\\/news\\\/2024\\\/12\\\/bremen-ehrt-paavo-jaervi\"]}]},{\"@type\":\"ImageObject\",\"inLanguage\":\"it-IT\",\"@id\":\"https:\\\/\\\/www.musikzeitung.ch\\\/news\\\/2024\\\/12\\\/bremen-ehrt-paavo-jaervi#primaryimage\",\"url\":\"https:\\\/\\\/www.musikzeitung.ch\\\/wp-content\\\/uploads\\\/2024\\\/12\\\/241204bremen-e1733287603120.jpg\",\"contentUrl\":\"https:\\\/\\\/www.musikzeitung.ch\\\/wp-content\\\/uploads\\\/2024\\\/12\\\/241204bremen-e1733287603120.jpg\",\"width\":732,\"height\":521,\"caption\":\"B\u00fcrgermeister Andreas Bovenschulte \u00fcberreicht die Senatsmedaille f\u00fcr Kunst und Wissenschaft an Paavo J\u00e4rvi. Foto: Senatspressestelle\"},{\"@type\":\"BreadcrumbList\",\"@id\":\"https:\\\/\\\/www.musikzeitung.ch\\\/news\\\/2024\\\/12\\\/bremen-ehrt-paavo-jaervi#breadcrumb\",\"itemListElement\":[{\"@type\":\"ListItem\",\"position\":1,\"name\":\"Home\",\"item\":\"https:\\\/\\\/www.musikzeitung.ch\\\/\"},{\"@type\":\"ListItem\",\"position\":2,\"name\":\"Bremen ehrt Paavo J\u00e4rvi\"}]},{\"@type\":\"WebSite\",\"@id\":\"https:\\\/\\\/www.musikzeitung.ch\\\/#website\",\"url\":\"https:\\\/\\\/www.musikzeitung.ch\\\/\",\"name\":\"Schweizer Musikzeitung\",\"description\":\"Die f\u00fchrende sparten\u00fcbergreifende Monatszeitung in der Schweiz f\u00fcr musikalische Fragen.\",\"publisher\":{\"@id\":\"https:\\\/\\\/www.musikzeitung.ch\\\/#organization\"},\"potentialAction\":[{\"@type\":\"SearchAction\",\"target\":{\"@type\":\"EntryPoint\",\"urlTemplate\":\"https:\\\/\\\/www.musikzeitung.ch\\\/?s={search_term_string}\"},\"query-input\":{\"@type\":\"PropertyValueSpecification\",\"valueRequired\":true,\"valueName\":\"search_term_string\"}}],\"inLanguage\":\"it-IT\"},{\"@type\":\"Organization\",\"@id\":\"https:\\\/\\\/www.musikzeitung.ch\\\/#organization\",\"name\":\"Schweizer Musikzeitung\",\"url\":\"https:\\\/\\\/www.musikzeitung.ch\\\/\",\"logo\":{\"@type\":\"ImageObject\",\"inLanguage\":\"it-IT\",\"@id\":\"https:\\\/\\\/www.musikzeitung.ch\\\/#\\\/schema\\\/logo\\\/image\\\/\",\"url\":\"https:\\\/\\\/www.musikzeitung.ch\\\/wp-content\\\/uploads\\\/2023\\\/01\\\/SMZ_Schriftzug_Sprache.png\",\"contentUrl\":\"https:\\\/\\\/www.musikzeitung.ch\\\/wp-content\\\/uploads\\\/2023\\\/01\\\/SMZ_Schriftzug_Sprache.png\",\"width\":1400,\"height\":279,\"caption\":\"Schweizer Musikzeitung\"},\"image\":{\"@id\":\"https:\\\/\\\/www.musikzeitung.ch\\\/#\\\/schema\\\/logo\\\/image\\\/\"},\"sameAs\":[\"https:\\\/\\\/www.facebook.com\\\/SchweizerMusikzeitung\\\/\",\"https:\\\/\\\/x.com\\\/smusikzeitung\",\"https:\\\/\\\/www.instagram.com\\\/musikzeitung.ch\\\/\"]},{\"@type\":\"Person\",\"@id\":\"https:\\\/\\\/www.musikzeitung.ch\\\/#\\\/schema\\\/person\\\/0da4fb82d243f1252850a35d0e87cf0c\",\"name\":\"Wolfgang B\u00f6hler\",\"image\":{\"@type\":\"ImageObject\",\"inLanguage\":\"it-IT\",\"@id\":\"https:\\\/\\\/www.musikzeitung.ch\\\/wp-content\\\/uploads\\\/2023\\\/01\\\/boehler_portraet_web-e1674139782246-96x96.jpg\",\"url\":\"https:\\\/\\\/www.musikzeitung.ch\\\/wp-content\\\/uploads\\\/2023\\\/01\\\/boehler_portraet_web-e1674139782246-96x96.jpg\",\"contentUrl\":\"https:\\\/\\\/www.musikzeitung.ch\\\/wp-content\\\/uploads\\\/2023\\\/01\\\/boehler_portraet_web-e1674139782246-96x96.jpg\",\"caption\":\"Wolfgang B\u00f6hler\"},\"sameAs\":[\"http:\\\/\\\/www.manacanto.ch\",\"https:\\\/\\\/www.facebook.com\\\/wolfgang.bohler.75\"],\"url\":\"https:\\\/\\\/www.musikzeitung.ch\\\/it\\\/author\\\/wolfgang-boehler\"}]}<\/script>\n<!-- \/ Yoast SEO plugin. -->","yoast_head_json":{"title":"Bremen ehrt Paavo J\u00e4rvi - Schweizer Musikzeitung","description":"Paavo J\u00e4rvi, der Music Director des Z\u00fcrcher Tonhalle Orchesters und k\u00fcnstlerische Leiter der Deutschen Kammerphilharmonie Bremen wurde ausgezeichnet.","robots":{"index":"index","follow":"follow","max-snippet":"max-snippet:-1","max-image-preview":"max-image-preview:large","max-video-preview":"max-video-preview:-1"},"canonical":"https:\/\/www.musikzeitung.ch\/it\/news\/2024\/12\/bremen-ehrt-paavo-jaervi\/","og_locale":"it_IT","og_type":"article","og_title":"Bremen ehrt Paavo J\u00e4rvi - Schweizer Musikzeitung","og_description":"Paavo J\u00e4rvi, der Music Director des Z\u00fcrcher Tonhalle Orchesters und k\u00fcnstlerische Leiter der Deutschen Kammerphilharmonie Bremen wurde ausgezeichnet.","og_url":"https:\/\/www.musikzeitung.ch\/it\/news\/2024\/12\/bremen-ehrt-paavo-jaervi\/","og_site_name":"Schweizer Musikzeitung","article_publisher":"https:\/\/www.facebook.com\/SchweizerMusikzeitung\/","article_author":"https:\/\/www.facebook.com\/wolfgang.bohler.75","article_published_time":"2024-12-04T04:46:58+00:00","article_modified_time":"2024-12-04T09:41:26+00:00","og_image":[{"width":732,"height":521,"url":"https:\/\/www.musikzeitung.ch\/wp-content\/uploads\/2024\/12\/241204bremen-e1733287603120.jpg","type":"image\/jpeg"}],"author":"Wolfgang B\u00f6hler","twitter_card":"summary_large_image","twitter_creator":"@smusikzeitung","twitter_site":"@smusikzeitung","twitter_misc":{"Scritto da":"Wolfgang B\u00f6hler","Tempo di lettura stimato":"2 minuti"},"schema":{"@context":"https:\/\/schema.org","@graph":[{"@type":"Article","@id":"https:\/\/www.musikzeitung.ch\/news\/2024\/12\/bremen-ehrt-paavo-jaervi#article","isPartOf":{"@id":"https:\/\/www.musikzeitung.ch\/news\/2024\/12\/bremen-ehrt-paavo-jaervi"},"author":{"name":"Wolfgang B\u00f6hler","@id":"https:\/\/www.musikzeitung.ch\/#\/schema\/person\/0da4fb82d243f1252850a35d0e87cf0c"},"headline":"Bremen ehrt Paavo J\u00e4rvi","datePublished":"2024-12-04T04:46:58+00:00","dateModified":"2024-12-04T09:41:26+00:00","mainEntityOfPage":{"@id":"https:\/\/www.musikzeitung.ch\/news\/2024\/12\/bremen-ehrt-paavo-jaervi"},"wordCount":159,"publisher":{"@id":"https:\/\/www.musikzeitung.ch\/#organization"},"image":{"@id":"https:\/\/www.musikzeitung.ch\/news\/2024\/12\/bremen-ehrt-paavo-jaervi#primaryimage"},"thumbnailUrl":"https:\/\/www.musikzeitung.ch\/wp-content\/uploads\/2024\/12\/241204bremen-e1733287603120.jpg","keywords":["Paavo J\u00e4rvi","Stadt Bremen"],"articleSection":["News"],"inLanguage":"it-IT"},{"@type":"WebPage","@id":"https:\/\/www.musikzeitung.ch\/news\/2024\/12\/bremen-ehrt-paavo-jaervi","url":"https:\/\/www.musikzeitung.ch\/news\/2024\/12\/bremen-ehrt-paavo-jaervi","name":"Bremen ehrt Paavo J\u00e4rvi - Schweizer Musikzeitung","isPartOf":{"@id":"https:\/\/www.musikzeitung.ch\/#website"},"primaryImageOfPage":{"@id":"https:\/\/www.musikzeitung.ch\/news\/2024\/12\/bremen-ehrt-paavo-jaervi#primaryimage"},"image":{"@id":"https:\/\/www.musikzeitung.ch\/news\/2024\/12\/bremen-ehrt-paavo-jaervi#primaryimage"},"thumbnailUrl":"https:\/\/www.musikzeitung.ch\/wp-content\/uploads\/2024\/12\/241204bremen-e1733287603120.jpg","datePublished":"2024-12-04T04:46:58+00:00","dateModified":"2024-12-04T09:41:26+00:00","description":"Paavo J\u00e4rvi, der Music Director des Z\u00fcrcher Tonhalle Orchesters und k\u00fcnstlerische Leiter der Deutschen Kammerphilharmonie Bremen wurde ausgezeichnet.","breadcrumb":{"@id":"https:\/\/www.musikzeitung.ch\/news\/2024\/12\/bremen-ehrt-paavo-jaervi#breadcrumb"},"inLanguage":"it-IT","potentialAction":[{"@type":"ReadAction","target":["https:\/\/www.musikzeitung.ch\/news\/2024\/12\/bremen-ehrt-paavo-jaervi"]}]},{"@type":"ImageObject","inLanguage":"it-IT","@id":"https:\/\/www.musikzeitung.ch\/news\/2024\/12\/bremen-ehrt-paavo-jaervi#primaryimage","url":"https:\/\/www.musikzeitung.ch\/wp-content\/uploads\/2024\/12\/241204bremen-e1733287603120.jpg","contentUrl":"https:\/\/www.musikzeitung.ch\/wp-content\/uploads\/2024\/12\/241204bremen-e1733287603120.jpg","width":732,"height":521,"caption":"B\u00fcrgermeister Andreas Bovenschulte \u00fcberreicht die Senatsmedaille f\u00fcr Kunst und Wissenschaft an Paavo J\u00e4rvi. Foto: Senatspressestelle"},{"@type":"BreadcrumbList","@id":"https:\/\/www.musikzeitung.ch\/news\/2024\/12\/bremen-ehrt-paavo-jaervi#breadcrumb","itemListElement":[{"@type":"ListItem","position":1,"name":"Home","item":"https:\/\/www.musikzeitung.ch\/"},{"@type":"ListItem","position":2,"name":"Bremen ehrt Paavo J\u00e4rvi"}]},{"@type":"WebSite","@id":"https:\/\/www.musikzeitung.ch\/#website","url":"https:\/\/www.musikzeitung.ch\/","name":"Giornale musicale svizzero","description":"Il principale mensile interdisciplinare della Svizzera per le questioni musicali.","publisher":{"@id":"https:\/\/www.musikzeitung.ch\/#organization"},"potentialAction":[{"@type":"SearchAction","target":{"@type":"EntryPoint","urlTemplate":"https:\/\/www.musikzeitung.ch\/?s={search_term_string}"},"query-input":{"@type":"PropertyValueSpecification","valueRequired":true,"valueName":"search_term_string"}}],"inLanguage":"it-IT"},{"@type":"Organization","@id":"https:\/\/www.musikzeitung.ch\/#organization","name":"Giornale musicale svizzero","url":"https:\/\/www.musikzeitung.ch\/","logo":{"@type":"ImageObject","inLanguage":"it-IT","@id":"https:\/\/www.musikzeitung.ch\/#\/schema\/logo\/image\/","url":"https:\/\/www.musikzeitung.ch\/wp-content\/uploads\/2023\/01\/SMZ_Schriftzug_Sprache.png","contentUrl":"https:\/\/www.musikzeitung.ch\/wp-content\/uploads\/2023\/01\/SMZ_Schriftzug_Sprache.png","width":1400,"height":279,"caption":"Schweizer Musikzeitung"},"image":{"@id":"https:\/\/www.musikzeitung.ch\/#\/schema\/logo\/image\/"},"sameAs":["https:\/\/www.facebook.com\/SchweizerMusikzeitung\/","https:\/\/x.com\/smusikzeitung","https:\/\/www.instagram.com\/musikzeitung.ch\/"]},{"@type":"Person","@id":"https:\/\/www.musikzeitung.ch\/#\/schema\/person\/0da4fb82d243f1252850a35d0e87cf0c","name":"Wolfgang B\u00f6hler","image":{"@type":"ImageObject","inLanguage":"it-IT","@id":"https:\/\/www.musikzeitung.ch\/wp-content\/uploads\/2023\/01\/boehler_portraet_web-e1674139782246-96x96.jpg","url":"https:\/\/www.musikzeitung.ch\/wp-content\/uploads\/2023\/01\/boehler_portraet_web-e1674139782246-96x96.jpg","contentUrl":"https:\/\/www.musikzeitung.ch\/wp-content\/uploads\/2023\/01\/boehler_portraet_web-e1674139782246-96x96.jpg","caption":"Wolfgang B\u00f6hler"},"sameAs":["http:\/\/www.manacanto.ch","https:\/\/www.facebook.com\/wolfgang.bohler.75"],"url":"https:\/\/www.musikzeitung.ch\/it\/author\/wolfgang-boehler"}]}},"publishpress_future_workflow_manual_trigger":{"enabledWorkflows":[]},"_links":{"self":[{"href":"https:\/\/www.musikzeitung.ch\/it\/wp-json\/wp\/v2\/posts\/61044","targetHints":{"allow":["GET"]}}],"collection":[{"href":"https:\/\/www.musikzeitung.ch\/it\/wp-json\/wp\/v2\/posts"}],"about":[{"href":"https:\/\/www.musikzeitung.ch\/it\/wp-json\/wp\/v2\/types\/post"}],"author":[{"embeddable":true,"href":"https:\/\/www.musikzeitung.ch\/it\/wp-json\/wp\/v2\/users\/30"}],"replies":[{"embeddable":true,"href":"https:\/\/www.musikzeitung.ch\/it\/wp-json\/wp\/v2\/comments?post=61044"}],"version-history":[{"count":4,"href":"https:\/\/www.musikzeitung.ch\/it\/wp-json\/wp\/v2\/posts\/61044\/revisions"}],"predecessor-version":[{"id":61052,"href":"https:\/\/www.musikzeitung.ch\/it\/wp-json\/wp\/v2\/posts\/61044\/revisions\/61052"}],"wp:featuredmedia":[{"embeddable":true,"href":"https:\/\/www.musikzeitung.ch\/it\/wp-json\/wp\/v2\/media\/61045"}],"wp:attachment":[{"href":"https:\/\/www.musikzeitung.ch\/it\/wp-json\/wp\/v2\/media?parent=61044"}],"wp:term":[{"taxonomy":"category","embeddable":true,"href":"https:\/\/www.musikzeitung.ch\/it\/wp-json\/wp\/v2\/categories?post=61044"},{"taxonomy":"post_tag","embeddable":true,"href":"https:\/\/www.musikzeitung.ch\/it\/wp-json\/wp\/v2\/tags?post=61044"}],"curies":[{"name":"wp","href":"https:\/\/api.w.org\/{rel}","templated":true}]}}