{"id":61064,"date":"2024-12-05T06:42:38","date_gmt":"2024-12-05T05:42:38","guid":{"rendered":"https:\/\/www.musikzeitung.ch\/?p=61064"},"modified":"2024-12-05T08:31:25","modified_gmt":"2024-12-05T07:31:25","slug":"goldener-bogen-fuer-das-merel-quartett","status":"publish","type":"post","link":"https:\/\/www.musikzeitung.ch\/it\/news\/2024\/12\/goldener-bogen-fuer-das-merel-quartett","title":{"rendered":"Fiocco d'oro per il Quartetto Merel"},"content":{"rendered":"<figure id=\"attachment_61069\" aria-describedby=\"caption-attachment-61069\" style=\"width: 1299px\" class=\"wp-caption aligncenter\"><img loading=\"lazy\" decoding=\"async\" class=\"size-full wp-image-61069\" src=\"https:\/\/www.musikzeitung.ch\/wp-content\/uploads\/2024\/12\/06fd37_d492b29f7f704d4b9e559da8efc9fba4_mv2.jpg\" alt=\"\" width=\"1299\" height=\"866\" srcset=\"https:\/\/www.musikzeitung.ch\/wp-content\/uploads\/2024\/12\/06fd37_d492b29f7f704d4b9e559da8efc9fba4_mv2.jpg 1299w, https:\/\/www.musikzeitung.ch\/wp-content\/uploads\/2024\/12\/06fd37_d492b29f7f704d4b9e559da8efc9fba4_mv2-300x200.jpg 300w, https:\/\/www.musikzeitung.ch\/wp-content\/uploads\/2024\/12\/06fd37_d492b29f7f704d4b9e559da8efc9fba4_mv2-1024x683.jpg 1024w, https:\/\/www.musikzeitung.ch\/wp-content\/uploads\/2024\/12\/06fd37_d492b29f7f704d4b9e559da8efc9fba4_mv2-600x400.jpg 600w, https:\/\/www.musikzeitung.ch\/wp-content\/uploads\/2024\/12\/06fd37_d492b29f7f704d4b9e559da8efc9fba4_mv2-768x512.jpg 768w, https:\/\/www.musikzeitung.ch\/wp-content\/uploads\/2024\/12\/06fd37_d492b29f7f704d4b9e559da8efc9fba4_mv2-18x12.jpg 18w, https:\/\/www.musikzeitung.ch\/wp-content\/uploads\/2024\/12\/06fd37_d492b29f7f704d4b9e559da8efc9fba4_mv2-263x175.jpg 263w, https:\/\/www.musikzeitung.ch\/wp-content\/uploads\/2024\/12\/06fd37_d492b29f7f704d4b9e559da8efc9fba4_mv2-525x350.jpg 525w, https:\/\/www.musikzeitung.ch\/wp-content\/uploads\/2024\/12\/06fd37_d492b29f7f704d4b9e559da8efc9fba4_mv2-1200x800.jpg 1200w, https:\/\/www.musikzeitung.ch\/wp-content\/uploads\/2024\/12\/06fd37_d492b29f7f704d4b9e559da8efc9fba4_mv2-920x613.jpg 920w\" sizes=\"auto, (max-width: 1299px) 100vw, 1299px\" \/><figcaption id=\"caption-attachment-61069\" class=\"wp-caption-text\">Quartetto Merel (Merel Quartet). Foto: Andrej Grilc<\/figcaption><\/figure>\n<p>Il <a href=\"https:\/\/www.merelquartet.com\/\" target=\"_blank\" rel=\"noopener\">Quartetto Merel<\/a> (Mary Ellen Woodside violino, Edouard M\u00e4tzener violino, Alessandro D'Amico viola, Rafael Rosenfeld violoncello) ricever\u00e0 ufficialmente il premio il 4 luglio 2025 nell'ambito del concerto di apertura della settimana del Festival musicale di Meiringen. Fondato oltre 15 anni fa, l'ensemble \"ispira con la sua musicalit\u00e0 dinamica, precisa ed espressiva\", scrive la scuola di liuteria. \u00c8 riconosciuto a livello internazionale per le sue \"interpretazioni vivaci e la versatilit\u00e0 stilistica\". Combina tradizione e innovazione ai massimi livelli.<\/p>\n<p>Dal 2000, la fondazione ha premiato <a href=\"https:\/\/www.geigenbauschule.ch\/\" target=\"_blank\" rel=\"noopener\">Scuola di liuteria Brienz<\/a> personalit\u00e0 musicali rinomate per i loro eccellenti risultati. L'\"Arco d'oro\" simboleggia il legame tra la musica e la liuteria e viene assegnato in occasione del concerto di apertura della <a href=\"https:\/\/musikfestwoche-meiringen.ch\/\" target=\"_blank\" rel=\"noopener\">Festival musicale di Meiringen<\/a> consegnato al vincitore. Il premio consiste in un arco di alta qualit\u00e0 inciso e montato in oro da Finkel Bogenwerkst\u00e4tte Brienz AG.<\/p>","protected":false},"excerpt":{"rendered":"<p>La Fondazione della Scuola svizzera di liuteria di Brienz premia il Quartetto Merel con un \"Arco d'oro\".<\/p>","protected":false},"author":30,"featured_media":61069,"comment_status":"closed","ping_status":"closed","sticky":false,"template":"","format":"standard","meta":{"_acf_changed":false,"_relevanssi_hide_post":"","_relevanssi_hide_content":"","_relevanssi_pin_for_all":"","_relevanssi_pin_keywords":"","_relevanssi_unpin_keywords":"","_relevanssi_related_keywords":"","_relevanssi_related_include_ids":"","_relevanssi_related_exclude_ids":"","_relevanssi_related_no_append":"","_relevanssi_related_not_related":"","_relevanssi_related_posts":"","_relevanssi_noindex_reason":"","pgc_sgb_lightbox_settings":"","footnotes":""},"categories":[27],"tags":[4621,4622],"class_list":["post-61064","post","type-post","status-publish","format-standard","has-post-thumbnail","hentry","category-news","tag-goldener-geigenbogen","tag-merel-quartett"],"acf":[],"yoast_head":"<!-- This site is optimized with the Yoast SEO plugin v27.4 - https:\/\/yoast.com\/product\/yoast-seo-wordpress\/ -->\n<title>Goldener Bogen f\u00fcr das Merel-Quartett - Schweizer Musikzeitung<\/title>\n<meta name=\"description\" content=\"Die Stiftung Schweizer Geigenbauschule Brienz zeichnet das Merel Quarett mit einem \u00abGoldenen Bogen\u00bb aus.\" \/>\n<meta name=\"robots\" content=\"index, follow, max-snippet:-1, max-image-preview:large, max-video-preview:-1\" \/>\n<link rel=\"canonical\" href=\"https:\/\/www.musikzeitung.ch\/it\/news\/2024\/12\/goldener-bogen-fuer-das-merel-quartett\/\" \/>\n<meta property=\"og:locale\" content=\"it_IT\" \/>\n<meta property=\"og:type\" content=\"article\" \/>\n<meta property=\"og:title\" content=\"Goldener Bogen f\u00fcr das Merel-Quartett - Schweizer Musikzeitung\" \/>\n<meta property=\"og:description\" content=\"Die Stiftung Schweizer Geigenbauschule Brienz zeichnet das Merel Quarett mit einem \u00abGoldenen Bogen\u00bb aus.\" \/>\n<meta property=\"og:url\" content=\"https:\/\/www.musikzeitung.ch\/it\/news\/2024\/12\/goldener-bogen-fuer-das-merel-quartett\/\" \/>\n<meta property=\"og:site_name\" content=\"Schweizer Musikzeitung\" \/>\n<meta property=\"article:publisher\" content=\"https:\/\/www.facebook.com\/SchweizerMusikzeitung\/\" \/>\n<meta property=\"article:author\" content=\"https:\/\/www.facebook.com\/wolfgang.bohler.75\" \/>\n<meta property=\"article:published_time\" content=\"2024-12-05T05:42:38+00:00\" \/>\n<meta property=\"article:modified_time\" content=\"2024-12-05T07:31:25+00:00\" \/>\n<meta property=\"og:image\" content=\"https:\/\/www.musikzeitung.ch\/wp-content\/uploads\/2024\/12\/06fd37_d492b29f7f704d4b9e559da8efc9fba4_mv2.jpg\" \/>\n\t<meta property=\"og:image:width\" content=\"1299\" \/>\n\t<meta property=\"og:image:height\" content=\"866\" \/>\n\t<meta property=\"og:image:type\" content=\"image\/jpeg\" \/>\n<meta name=\"author\" content=\"Wolfgang B\u00f6hler\" \/>\n<meta name=\"twitter:card\" content=\"summary_large_image\" \/>\n<meta name=\"twitter:creator\" content=\"@smusikzeitung\" \/>\n<meta name=\"twitter:site\" content=\"@smusikzeitung\" \/>\n<meta name=\"twitter:label1\" content=\"Scritto da\" \/>\n\t<meta name=\"twitter:data1\" content=\"Wolfgang B\u00f6hler\" \/>\n\t<meta name=\"twitter:label2\" content=\"Tempo di lettura stimato\" \/>\n\t<meta name=\"twitter:data2\" content=\"2 minuti\" \/>\n<script type=\"application\/ld+json\" class=\"yoast-schema-graph\">{\"@context\":\"https:\\\/\\\/schema.org\",\"@graph\":[{\"@type\":\"Article\",\"@id\":\"https:\\\/\\\/www.musikzeitung.ch\\\/news\\\/2024\\\/12\\\/goldener-bogen-fuer-das-merel-quartett#article\",\"isPartOf\":{\"@id\":\"https:\\\/\\\/www.musikzeitung.ch\\\/news\\\/2024\\\/12\\\/goldener-bogen-fuer-das-merel-quartett\"},\"author\":{\"name\":\"Wolfgang B\u00f6hler\",\"@id\":\"https:\\\/\\\/www.musikzeitung.ch\\\/#\\\/schema\\\/person\\\/0da4fb82d243f1252850a35d0e87cf0c\"},\"headline\":\"Goldener Bogen f\u00fcr das Merel-Quartett\",\"datePublished\":\"2024-12-05T05:42:38+00:00\",\"dateModified\":\"2024-12-05T07:31:25+00:00\",\"mainEntityOfPage\":{\"@id\":\"https:\\\/\\\/www.musikzeitung.ch\\\/news\\\/2024\\\/12\\\/goldener-bogen-fuer-das-merel-quartett\"},\"wordCount\":150,\"publisher\":{\"@id\":\"https:\\\/\\\/www.musikzeitung.ch\\\/#organization\"},\"image\":{\"@id\":\"https:\\\/\\\/www.musikzeitung.ch\\\/news\\\/2024\\\/12\\\/goldener-bogen-fuer-das-merel-quartett#primaryimage\"},\"thumbnailUrl\":\"https:\\\/\\\/www.musikzeitung.ch\\\/wp-content\\\/uploads\\\/2024\\\/12\\\/06fd37_d492b29f7f704d4b9e559da8efc9fba4_mv2.jpg\",\"keywords\":[\"Goldener Geigenbogen\",\"Merel Quartett\"],\"articleSection\":[\"News\"],\"inLanguage\":\"it-IT\"},{\"@type\":\"WebPage\",\"@id\":\"https:\\\/\\\/www.musikzeitung.ch\\\/news\\\/2024\\\/12\\\/goldener-bogen-fuer-das-merel-quartett\",\"url\":\"https:\\\/\\\/www.musikzeitung.ch\\\/news\\\/2024\\\/12\\\/goldener-bogen-fuer-das-merel-quartett\",\"name\":\"Goldener Bogen f\u00fcr das Merel-Quartett - Schweizer Musikzeitung\",\"isPartOf\":{\"@id\":\"https:\\\/\\\/www.musikzeitung.ch\\\/#website\"},\"primaryImageOfPage\":{\"@id\":\"https:\\\/\\\/www.musikzeitung.ch\\\/news\\\/2024\\\/12\\\/goldener-bogen-fuer-das-merel-quartett#primaryimage\"},\"image\":{\"@id\":\"https:\\\/\\\/www.musikzeitung.ch\\\/news\\\/2024\\\/12\\\/goldener-bogen-fuer-das-merel-quartett#primaryimage\"},\"thumbnailUrl\":\"https:\\\/\\\/www.musikzeitung.ch\\\/wp-content\\\/uploads\\\/2024\\\/12\\\/06fd37_d492b29f7f704d4b9e559da8efc9fba4_mv2.jpg\",\"datePublished\":\"2024-12-05T05:42:38+00:00\",\"dateModified\":\"2024-12-05T07:31:25+00:00\",\"description\":\"Die Stiftung Schweizer Geigenbauschule Brienz zeichnet das Merel Quarett mit einem \u00abGoldenen Bogen\u00bb aus.\",\"breadcrumb\":{\"@id\":\"https:\\\/\\\/www.musikzeitung.ch\\\/news\\\/2024\\\/12\\\/goldener-bogen-fuer-das-merel-quartett#breadcrumb\"},\"inLanguage\":\"it-IT\",\"potentialAction\":[{\"@type\":\"ReadAction\",\"target\":[\"https:\\\/\\\/www.musikzeitung.ch\\\/news\\\/2024\\\/12\\\/goldener-bogen-fuer-das-merel-quartett\"]}]},{\"@type\":\"ImageObject\",\"inLanguage\":\"it-IT\",\"@id\":\"https:\\\/\\\/www.musikzeitung.ch\\\/news\\\/2024\\\/12\\\/goldener-bogen-fuer-das-merel-quartett#primaryimage\",\"url\":\"https:\\\/\\\/www.musikzeitung.ch\\\/wp-content\\\/uploads\\\/2024\\\/12\\\/06fd37_d492b29f7f704d4b9e559da8efc9fba4_mv2.jpg\",\"contentUrl\":\"https:\\\/\\\/www.musikzeitung.ch\\\/wp-content\\\/uploads\\\/2024\\\/12\\\/06fd37_d492b29f7f704d4b9e559da8efc9fba4_mv2.jpg\",\"width\":1299,\"height\":866,\"caption\":\"Merel Quartet. Foto: Andrej Grilc\"},{\"@type\":\"BreadcrumbList\",\"@id\":\"https:\\\/\\\/www.musikzeitung.ch\\\/news\\\/2024\\\/12\\\/goldener-bogen-fuer-das-merel-quartett#breadcrumb\",\"itemListElement\":[{\"@type\":\"ListItem\",\"position\":1,\"name\":\"Home\",\"item\":\"https:\\\/\\\/www.musikzeitung.ch\\\/\"},{\"@type\":\"ListItem\",\"position\":2,\"name\":\"Goldener Bogen f\u00fcr das Merel-Quartett\"}]},{\"@type\":\"WebSite\",\"@id\":\"https:\\\/\\\/www.musikzeitung.ch\\\/#website\",\"url\":\"https:\\\/\\\/www.musikzeitung.ch\\\/\",\"name\":\"Schweizer Musikzeitung\",\"description\":\"Die f\u00fchrende sparten\u00fcbergreifende Monatszeitung in der Schweiz f\u00fcr musikalische Fragen.\",\"publisher\":{\"@id\":\"https:\\\/\\\/www.musikzeitung.ch\\\/#organization\"},\"potentialAction\":[{\"@type\":\"SearchAction\",\"target\":{\"@type\":\"EntryPoint\",\"urlTemplate\":\"https:\\\/\\\/www.musikzeitung.ch\\\/?s={search_term_string}\"},\"query-input\":{\"@type\":\"PropertyValueSpecification\",\"valueRequired\":true,\"valueName\":\"search_term_string\"}}],\"inLanguage\":\"it-IT\"},{\"@type\":\"Organization\",\"@id\":\"https:\\\/\\\/www.musikzeitung.ch\\\/#organization\",\"name\":\"Schweizer Musikzeitung\",\"url\":\"https:\\\/\\\/www.musikzeitung.ch\\\/\",\"logo\":{\"@type\":\"ImageObject\",\"inLanguage\":\"it-IT\",\"@id\":\"https:\\\/\\\/www.musikzeitung.ch\\\/#\\\/schema\\\/logo\\\/image\\\/\",\"url\":\"https:\\\/\\\/www.musikzeitung.ch\\\/wp-content\\\/uploads\\\/2023\\\/01\\\/SMZ_Schriftzug_Sprache.png\",\"contentUrl\":\"https:\\\/\\\/www.musikzeitung.ch\\\/wp-content\\\/uploads\\\/2023\\\/01\\\/SMZ_Schriftzug_Sprache.png\",\"width\":1400,\"height\":279,\"caption\":\"Schweizer Musikzeitung\"},\"image\":{\"@id\":\"https:\\\/\\\/www.musikzeitung.ch\\\/#\\\/schema\\\/logo\\\/image\\\/\"},\"sameAs\":[\"https:\\\/\\\/www.facebook.com\\\/SchweizerMusikzeitung\\\/\",\"https:\\\/\\\/x.com\\\/smusikzeitung\",\"https:\\\/\\\/www.instagram.com\\\/musikzeitung.ch\\\/\"]},{\"@type\":\"Person\",\"@id\":\"https:\\\/\\\/www.musikzeitung.ch\\\/#\\\/schema\\\/person\\\/0da4fb82d243f1252850a35d0e87cf0c\",\"name\":\"Wolfgang B\u00f6hler\",\"image\":{\"@type\":\"ImageObject\",\"inLanguage\":\"it-IT\",\"@id\":\"https:\\\/\\\/www.musikzeitung.ch\\\/wp-content\\\/uploads\\\/2023\\\/01\\\/boehler_portraet_web-e1674139782246-96x96.jpg\",\"url\":\"https:\\\/\\\/www.musikzeitung.ch\\\/wp-content\\\/uploads\\\/2023\\\/01\\\/boehler_portraet_web-e1674139782246-96x96.jpg\",\"contentUrl\":\"https:\\\/\\\/www.musikzeitung.ch\\\/wp-content\\\/uploads\\\/2023\\\/01\\\/boehler_portraet_web-e1674139782246-96x96.jpg\",\"caption\":\"Wolfgang B\u00f6hler\"},\"sameAs\":[\"http:\\\/\\\/www.manacanto.ch\",\"https:\\\/\\\/www.facebook.com\\\/wolfgang.bohler.75\"],\"url\":\"https:\\\/\\\/www.musikzeitung.ch\\\/it\\\/author\\\/wolfgang-boehler\"}]}<\/script>\n<!-- \/ Yoast SEO plugin. -->","yoast_head_json":{"title":"Goldener Bogen f\u00fcr das Merel-Quartett - Schweizer Musikzeitung","description":"Die Stiftung Schweizer Geigenbauschule Brienz zeichnet das Merel Quarett mit einem \u00abGoldenen Bogen\u00bb aus.","robots":{"index":"index","follow":"follow","max-snippet":"max-snippet:-1","max-image-preview":"max-image-preview:large","max-video-preview":"max-video-preview:-1"},"canonical":"https:\/\/www.musikzeitung.ch\/it\/news\/2024\/12\/goldener-bogen-fuer-das-merel-quartett\/","og_locale":"it_IT","og_type":"article","og_title":"Goldener Bogen f\u00fcr das Merel-Quartett - Schweizer Musikzeitung","og_description":"Die Stiftung Schweizer Geigenbauschule Brienz zeichnet das Merel Quarett mit einem \u00abGoldenen Bogen\u00bb aus.","og_url":"https:\/\/www.musikzeitung.ch\/it\/news\/2024\/12\/goldener-bogen-fuer-das-merel-quartett\/","og_site_name":"Schweizer Musikzeitung","article_publisher":"https:\/\/www.facebook.com\/SchweizerMusikzeitung\/","article_author":"https:\/\/www.facebook.com\/wolfgang.bohler.75","article_published_time":"2024-12-05T05:42:38+00:00","article_modified_time":"2024-12-05T07:31:25+00:00","og_image":[{"width":1299,"height":866,"url":"https:\/\/www.musikzeitung.ch\/wp-content\/uploads\/2024\/12\/06fd37_d492b29f7f704d4b9e559da8efc9fba4_mv2.jpg","type":"image\/jpeg"}],"author":"Wolfgang B\u00f6hler","twitter_card":"summary_large_image","twitter_creator":"@smusikzeitung","twitter_site":"@smusikzeitung","twitter_misc":{"Scritto da":"Wolfgang B\u00f6hler","Tempo di lettura stimato":"2 minuti"},"schema":{"@context":"https:\/\/schema.org","@graph":[{"@type":"Article","@id":"https:\/\/www.musikzeitung.ch\/news\/2024\/12\/goldener-bogen-fuer-das-merel-quartett#article","isPartOf":{"@id":"https:\/\/www.musikzeitung.ch\/news\/2024\/12\/goldener-bogen-fuer-das-merel-quartett"},"author":{"name":"Wolfgang B\u00f6hler","@id":"https:\/\/www.musikzeitung.ch\/#\/schema\/person\/0da4fb82d243f1252850a35d0e87cf0c"},"headline":"Goldener Bogen f\u00fcr das Merel-Quartett","datePublished":"2024-12-05T05:42:38+00:00","dateModified":"2024-12-05T07:31:25+00:00","mainEntityOfPage":{"@id":"https:\/\/www.musikzeitung.ch\/news\/2024\/12\/goldener-bogen-fuer-das-merel-quartett"},"wordCount":150,"publisher":{"@id":"https:\/\/www.musikzeitung.ch\/#organization"},"image":{"@id":"https:\/\/www.musikzeitung.ch\/news\/2024\/12\/goldener-bogen-fuer-das-merel-quartett#primaryimage"},"thumbnailUrl":"https:\/\/www.musikzeitung.ch\/wp-content\/uploads\/2024\/12\/06fd37_d492b29f7f704d4b9e559da8efc9fba4_mv2.jpg","keywords":["Goldener Geigenbogen","Merel Quartett"],"articleSection":["News"],"inLanguage":"it-IT"},{"@type":"WebPage","@id":"https:\/\/www.musikzeitung.ch\/news\/2024\/12\/goldener-bogen-fuer-das-merel-quartett","url":"https:\/\/www.musikzeitung.ch\/news\/2024\/12\/goldener-bogen-fuer-das-merel-quartett","name":"Goldener Bogen f\u00fcr das Merel-Quartett - Schweizer Musikzeitung","isPartOf":{"@id":"https:\/\/www.musikzeitung.ch\/#website"},"primaryImageOfPage":{"@id":"https:\/\/www.musikzeitung.ch\/news\/2024\/12\/goldener-bogen-fuer-das-merel-quartett#primaryimage"},"image":{"@id":"https:\/\/www.musikzeitung.ch\/news\/2024\/12\/goldener-bogen-fuer-das-merel-quartett#primaryimage"},"thumbnailUrl":"https:\/\/www.musikzeitung.ch\/wp-content\/uploads\/2024\/12\/06fd37_d492b29f7f704d4b9e559da8efc9fba4_mv2.jpg","datePublished":"2024-12-05T05:42:38+00:00","dateModified":"2024-12-05T07:31:25+00:00","description":"Die Stiftung Schweizer Geigenbauschule Brienz zeichnet das Merel Quarett mit einem \u00abGoldenen Bogen\u00bb aus.","breadcrumb":{"@id":"https:\/\/www.musikzeitung.ch\/news\/2024\/12\/goldener-bogen-fuer-das-merel-quartett#breadcrumb"},"inLanguage":"it-IT","potentialAction":[{"@type":"ReadAction","target":["https:\/\/www.musikzeitung.ch\/news\/2024\/12\/goldener-bogen-fuer-das-merel-quartett"]}]},{"@type":"ImageObject","inLanguage":"it-IT","@id":"https:\/\/www.musikzeitung.ch\/news\/2024\/12\/goldener-bogen-fuer-das-merel-quartett#primaryimage","url":"https:\/\/www.musikzeitung.ch\/wp-content\/uploads\/2024\/12\/06fd37_d492b29f7f704d4b9e559da8efc9fba4_mv2.jpg","contentUrl":"https:\/\/www.musikzeitung.ch\/wp-content\/uploads\/2024\/12\/06fd37_d492b29f7f704d4b9e559da8efc9fba4_mv2.jpg","width":1299,"height":866,"caption":"Merel Quartet. Foto: Andrej Grilc"},{"@type":"BreadcrumbList","@id":"https:\/\/www.musikzeitung.ch\/news\/2024\/12\/goldener-bogen-fuer-das-merel-quartett#breadcrumb","itemListElement":[{"@type":"ListItem","position":1,"name":"Home","item":"https:\/\/www.musikzeitung.ch\/"},{"@type":"ListItem","position":2,"name":"Goldener Bogen f\u00fcr das Merel-Quartett"}]},{"@type":"WebSite","@id":"https:\/\/www.musikzeitung.ch\/#website","url":"https:\/\/www.musikzeitung.ch\/","name":"Giornale musicale svizzero","description":"Il principale mensile interdisciplinare della Svizzera per le questioni musicali.","publisher":{"@id":"https:\/\/www.musikzeitung.ch\/#organization"},"potentialAction":[{"@type":"SearchAction","target":{"@type":"EntryPoint","urlTemplate":"https:\/\/www.musikzeitung.ch\/?s={search_term_string}"},"query-input":{"@type":"PropertyValueSpecification","valueRequired":true,"valueName":"search_term_string"}}],"inLanguage":"it-IT"},{"@type":"Organization","@id":"https:\/\/www.musikzeitung.ch\/#organization","name":"Giornale musicale svizzero","url":"https:\/\/www.musikzeitung.ch\/","logo":{"@type":"ImageObject","inLanguage":"it-IT","@id":"https:\/\/www.musikzeitung.ch\/#\/schema\/logo\/image\/","url":"https:\/\/www.musikzeitung.ch\/wp-content\/uploads\/2023\/01\/SMZ_Schriftzug_Sprache.png","contentUrl":"https:\/\/www.musikzeitung.ch\/wp-content\/uploads\/2023\/01\/SMZ_Schriftzug_Sprache.png","width":1400,"height":279,"caption":"Schweizer Musikzeitung"},"image":{"@id":"https:\/\/www.musikzeitung.ch\/#\/schema\/logo\/image\/"},"sameAs":["https:\/\/www.facebook.com\/SchweizerMusikzeitung\/","https:\/\/x.com\/smusikzeitung","https:\/\/www.instagram.com\/musikzeitung.ch\/"]},{"@type":"Person","@id":"https:\/\/www.musikzeitung.ch\/#\/schema\/person\/0da4fb82d243f1252850a35d0e87cf0c","name":"Wolfgang B\u00f6hler","image":{"@type":"ImageObject","inLanguage":"it-IT","@id":"https:\/\/www.musikzeitung.ch\/wp-content\/uploads\/2023\/01\/boehler_portraet_web-e1674139782246-96x96.jpg","url":"https:\/\/www.musikzeitung.ch\/wp-content\/uploads\/2023\/01\/boehler_portraet_web-e1674139782246-96x96.jpg","contentUrl":"https:\/\/www.musikzeitung.ch\/wp-content\/uploads\/2023\/01\/boehler_portraet_web-e1674139782246-96x96.jpg","caption":"Wolfgang B\u00f6hler"},"sameAs":["http:\/\/www.manacanto.ch","https:\/\/www.facebook.com\/wolfgang.bohler.75"],"url":"https:\/\/www.musikzeitung.ch\/it\/author\/wolfgang-boehler"}]}},"publishpress_future_workflow_manual_trigger":{"enabledWorkflows":[]},"_links":{"self":[{"href":"https:\/\/www.musikzeitung.ch\/it\/wp-json\/wp\/v2\/posts\/61064","targetHints":{"allow":["GET"]}}],"collection":[{"href":"https:\/\/www.musikzeitung.ch\/it\/wp-json\/wp\/v2\/posts"}],"about":[{"href":"https:\/\/www.musikzeitung.ch\/it\/wp-json\/wp\/v2\/types\/post"}],"author":[{"embeddable":true,"href":"https:\/\/www.musikzeitung.ch\/it\/wp-json\/wp\/v2\/users\/30"}],"replies":[{"embeddable":true,"href":"https:\/\/www.musikzeitung.ch\/it\/wp-json\/wp\/v2\/comments?post=61064"}],"version-history":[{"count":3,"href":"https:\/\/www.musikzeitung.ch\/it\/wp-json\/wp\/v2\/posts\/61064\/revisions"}],"predecessor-version":[{"id":61070,"href":"https:\/\/www.musikzeitung.ch\/it\/wp-json\/wp\/v2\/posts\/61064\/revisions\/61070"}],"wp:featuredmedia":[{"embeddable":true,"href":"https:\/\/www.musikzeitung.ch\/it\/wp-json\/wp\/v2\/media\/61069"}],"wp:attachment":[{"href":"https:\/\/www.musikzeitung.ch\/it\/wp-json\/wp\/v2\/media?parent=61064"}],"wp:term":[{"taxonomy":"category","embeddable":true,"href":"https:\/\/www.musikzeitung.ch\/it\/wp-json\/wp\/v2\/categories?post=61064"},{"taxonomy":"post_tag","embeddable":true,"href":"https:\/\/www.musikzeitung.ch\/it\/wp-json\/wp\/v2\/tags?post=61064"}],"curies":[{"name":"wp","href":"https:\/\/api.w.org\/{rel}","templated":true}]}}