{"id":61127,"date":"2024-12-09T13:57:50","date_gmt":"2024-12-09T12:57:50","guid":{"rendered":"https:\/\/www.musikzeitung.ch\/?p=61127"},"modified":"2024-12-09T13:57:50","modified_gmt":"2024-12-09T12:57:50","slug":"junge-talente-musik-das-engagement-in-den-kantonen-ist-gross","status":"publish","type":"post","link":"https:\/\/www.musikzeitung.ch\/it\/basis\/vms\/2024\/12\/junge-talente-musik-das-engagement-in-den-kantonen-ist-gross","title":{"rendered":"Giovani Talenti Musica: l'impegno nei cantoni \u00e8 grande"},"content":{"rendered":"<figure id=\"attachment_61128\" aria-describedby=\"caption-attachment-61128\" style=\"width: 497px\" class=\"wp-caption alignnone\"><img loading=\"lazy\" decoding=\"async\" class=\"wp-image-61128\" src=\"https:\/\/www.musikzeitung.ch\/wp-content\/uploads\/2024\/12\/DSC06548.jpg\" alt=\"Versammlung der Delegierten des Verbands Musikschulen Schweiz\" width=\"497\" height=\"331\" srcset=\"https:\/\/www.musikzeitung.ch\/wp-content\/uploads\/2024\/12\/DSC06548.jpg 1400w, https:\/\/www.musikzeitung.ch\/wp-content\/uploads\/2024\/12\/DSC06548-300x200.jpg 300w, https:\/\/www.musikzeitung.ch\/wp-content\/uploads\/2024\/12\/DSC06548-1024x683.jpg 1024w, https:\/\/www.musikzeitung.ch\/wp-content\/uploads\/2024\/12\/DSC06548-600x400.jpg 600w, https:\/\/www.musikzeitung.ch\/wp-content\/uploads\/2024\/12\/DSC06548-768x512.jpg 768w, https:\/\/www.musikzeitung.ch\/wp-content\/uploads\/2024\/12\/DSC06548-1536x1024.jpg 1536w, https:\/\/www.musikzeitung.ch\/wp-content\/uploads\/2024\/12\/DSC06548-2048x1365.jpg 2048w, https:\/\/www.musikzeitung.ch\/wp-content\/uploads\/2024\/12\/DSC06548-18x12.jpg 18w, https:\/\/www.musikzeitung.ch\/wp-content\/uploads\/2024\/12\/DSC06548-263x175.jpg 263w, https:\/\/www.musikzeitung.ch\/wp-content\/uploads\/2024\/12\/DSC06548-525x350.jpg 525w, https:\/\/www.musikzeitung.ch\/wp-content\/uploads\/2024\/12\/DSC06548-1200x800.jpg 1200w, https:\/\/www.musikzeitung.ch\/wp-content\/uploads\/2024\/12\/DSC06548-920x613.jpg 920w\" sizes=\"auto, (max-width: 497px) 100vw, 497px\" \/><figcaption id=\"caption-attachment-61128\" class=\"wp-caption-text\">Delegati di tutta la Svizzera in novembre 2024 (Foto: Anicia Kohler)<\/figcaption><\/figure>\n<p class=\"p1\">\u201eIl programma \u201aGiovani Talenti Musica\u2019 ha sviluppato una grande dinamica\u201c, ha dichiarato Eva Crastan del Consiglio direttivo dell\u2019ASSM in occasione del discorso introduttivo nel pomeriggio ai circa 50 partecipanti. Anche il presidente dell\u2019ASSM Philippe Kr\u00fcttli ha ribadito che \u00e8 impressionante vedere come stiano procedendo i lavori nei Cantoni: alla fine del 2024, erano gi\u00e0 16 i programmi cantonali accreditati nell\u2019ambito di \u00abGiovani Talenti Musica\u00bb e molti altri erano in fase di consultazione. Questo rende ancora pi\u00f9 importante lo scambio di idee per imparare gli uni dagli altri e proseguire insieme il cammino.<\/p>\n<h3 class=\"p1\"><b>Come \u00e8 nato il programma di promozione \u00abGiovani Talenti Musica\u00bb?<\/b><\/h3>\n<p class=\"p1\">Con l\u2019introduzione dell\u2019articolo 67a nella Costituzione federale, la Confederazione e i Cantoni sono stati incaricati di promuovere l\u2019educazione musicale di bambini e giovani. Tra queste attivit\u00e0 si annoverano da un lato la promozione di massa \u2013 che ha gi\u00e0 un proprio programma con \u201eGiovent\u00f9 e Musica\u201c \u2013 e dall\u2019altro la promozione dei talenti. Esistevano gi\u00e0 molte offerte sia a livello cantonale che comunale per promuovere allievi di musica particolarmente talentuosi, ma mancava un coordinamento a livello nazionale, che \u00e8 ora disponibile da due anni con \u00abGiovani Talenti Musica\u00bb e il relativo concetto quadro, e i Cantoni possono ora far accreditare dalla Confederazione il proprio programma cantonale per la promozione dei talenti.<\/p>\n<h3 class=\"p3\"><span class=\"s1\"><b>Strategia quadro \u00abGiovani Talenti Musica\u00bb\u00a0<\/b><\/span><\/h3>\n<blockquote>\n<p class=\"p4\">\u201eNel quadro del messaggio sulla cultura 2021-2024 il Consiglio federale ha prospettato di fissare principi e di introdurre misure specifiche per promuovere i talenti. Con il suo programma \u00abGiovani Talenti Musica\u00bb, la Confederazione sostiene bambini e giovani dotati di talento musicale nel quadro dei programmi di promozione cantonali e intercantonali. In questo modo, la Confederazione non crea un proprio sistema di promozione dei talenti ma si appoggia sui programmi sviluppati a livello cantonale e intercantonale che, per ricevere il sostegno della Confederazione, devono soddisfare i requisiti contenutistici e strutturali di cui alla presente strategia quadro. La Confederazione sostiene inoltre i Cantoni nello sviluppo di questi programmi con aiuti finanziari una tantum.\u201c<\/p>\n<p>(UFC, <a href=\"https:\/\/www.bak.admin.ch\/bak\/it\/home\/sprachen-und-gesellschaft\/formazione-musicale\/jung-talente-musik.html\">Strategia quadro \u00abGiovani Talenti Musica\u00bb.<\/a> Pagina 2)<\/p><\/blockquote>\n<h3 class=\"p1\"><b>Imparare gli uni dagli altri<\/b><\/h3>\n<p class=\"p1\">Durante una parte del pomeriggio, un\u2019esposizione di locandine ha fornito ai partecipanti informazioni sui vari programmi cantonali. Si \u00e8 discusso delle basi cantonali, delle strutture politiche e delle cifre riguardanti le iscrizioni: lo scambio \u00e8 stato intenso e fruttuoso.<\/p>\n<p class=\"p1\">\u00abC\u2019\u00e8 molto impegno nei Cantoni\u00bb, ha detto Lorenzetta Zaugg alla fine del pomeriggio. Anche Philippe Kr\u00fcttli ha ringraziato e ha aggiunto che possiamo essere orgogliosi dei traguardi raggiunti in un tempo relativamente breve.<\/p>\n<p class=\"p1\">Al seguente <a href=\"https:\/\/www.bak.admin.ch\/bak\/it\/home\/sprachen-und-gesellschaft\/formazione-musicale\/jung-talente-musik\/unterstuetzung-kantonaler-foerderprogramme.html\">link<\/a>\u00a0sono disponibili informazioni sui programmi di promozione nei Cantoni gi\u00e0 accreditati.<\/p>\n<figure id=\"attachment_61129\" aria-describedby=\"caption-attachment-61129\" style=\"width: 573px\" class=\"wp-caption alignnone\"><img loading=\"lazy\" decoding=\"async\" class=\"wp-image-61129\" src=\"https:\/\/www.musikzeitung.ch\/wp-content\/uploads\/2024\/12\/DSC06571.jpg\" alt=\"\" width=\"573\" height=\"382\" srcset=\"https:\/\/www.musikzeitung.ch\/wp-content\/uploads\/2024\/12\/DSC06571.jpg 1400w, https:\/\/www.musikzeitung.ch\/wp-content\/uploads\/2024\/12\/DSC06571-300x200.jpg 300w, https:\/\/www.musikzeitung.ch\/wp-content\/uploads\/2024\/12\/DSC06571-1024x683.jpg 1024w, https:\/\/www.musikzeitung.ch\/wp-content\/uploads\/2024\/12\/DSC06571-600x400.jpg 600w, https:\/\/www.musikzeitung.ch\/wp-content\/uploads\/2024\/12\/DSC06571-768x512.jpg 768w, https:\/\/www.musikzeitung.ch\/wp-content\/uploads\/2024\/12\/DSC06571-1536x1024.jpg 1536w, https:\/\/www.musikzeitung.ch\/wp-content\/uploads\/2024\/12\/DSC06571-2048x1365.jpg 2048w, https:\/\/www.musikzeitung.ch\/wp-content\/uploads\/2024\/12\/DSC06571-18x12.jpg 18w, https:\/\/www.musikzeitung.ch\/wp-content\/uploads\/2024\/12\/DSC06571-263x175.jpg 263w, https:\/\/www.musikzeitung.ch\/wp-content\/uploads\/2024\/12\/DSC06571-525x350.jpg 525w, https:\/\/www.musikzeitung.ch\/wp-content\/uploads\/2024\/12\/DSC06571-1200x800.jpg 1200w, https:\/\/www.musikzeitung.ch\/wp-content\/uploads\/2024\/12\/DSC06571-920x613.jpg 920w\" sizes=\"auto, (max-width: 573px) 100vw, 573px\" \/><figcaption id=\"caption-attachment-61129\" class=\"wp-caption-text\">Da sinistra a destra: Lorenzetta Zaugg (Ufficio federale della cultura), Luca Medici, Matteo Piazza (Ticino), Philippe R\u00e9gana (Ginevra)<\/figcaption><\/figure>\n<p>&nbsp;<\/p>\n<p>&nbsp;<\/p>","protected":false},"excerpt":{"rendered":"<p>Il 22 novembre, il Consiglio direttivo dell\u2019ASSM ha invitato i rappresentanti di tutti i Cantoni svizzeri a un incontro per discutere della situazione riguardante la promozione dei talenti musicali a livello cantonale e nazionale. Lorenzetta Zaugg dell\u2019Ufficio federale della cultura e responsabile del programma federale \u00abGiovani Talenti Musica\u00bb era a disposizione per rispondere alle domande.<\/p>","protected":false},"author":43676,"featured_media":61128,"comment_status":"closed","ping_status":"closed","sticky":false,"template":"","format":"standard","meta":{"_acf_changed":false,"_relevanssi_hide_post":"","_relevanssi_hide_content":"","_relevanssi_pin_for_all":"","_relevanssi_pin_keywords":"","_relevanssi_unpin_keywords":"","_relevanssi_related_keywords":"","_relevanssi_related_include_ids":"","_relevanssi_related_exclude_ids":"","_relevanssi_related_no_append":"","_relevanssi_related_not_related":"","_relevanssi_related_posts":"","_relevanssi_noindex_reason":"","pgc_sgb_lightbox_settings":"","footnotes":""},"categories":[56],"tags":[],"class_list":["post-61127","post","type-post","status-publish","format-standard","has-post-thumbnail","hentry","category-vms"],"acf":[],"yoast_head":"<!-- This site is optimized with the Yoast SEO plugin v27.4 - https:\/\/yoast.com\/product\/yoast-seo-wordpress\/ -->\n<title>Junge Talente Musik \u2013\u00a0das Engagement in den Kantonen ist gross - Schweizer Musikzeitung<\/title>\n<meta name=\"robots\" content=\"index, follow, max-snippet:-1, max-image-preview:large, max-video-preview:-1\" \/>\n<link rel=\"canonical\" href=\"https:\/\/www.musikzeitung.ch\/it\/basis\/vms\/2024\/12\/junge-talente-musik-das-engagement-in-den-kantonen-ist-gross\/\" \/>\n<meta property=\"og:locale\" content=\"it_IT\" \/>\n<meta property=\"og:type\" content=\"article\" \/>\n<meta property=\"og:title\" content=\"Junge Talente Musik \u2013\u00a0das Engagement in den Kantonen ist gross - Schweizer Musikzeitung\" \/>\n<meta property=\"og:description\" content=\"Am 22. November lud der Vorstand des VMS Vertretende aus allen Schweizer Kantonen zu einem Austausch \u00fcber den Stand der F\u00f6rderung musikalisch Begabter auf kantonaler und nationaler Ebene ein. Lorenzetta Zaugg vom Bundesamt f\u00fcr Kultur und Verantwortliche f\u00fcr das Bundesprogramm \u201eJunge Talente Musik\u201c stand f\u00fcr Fragen zur Verf\u00fcgung.\" \/>\n<meta property=\"og:url\" content=\"https:\/\/www.musikzeitung.ch\/it\/basis\/vms\/2024\/12\/junge-talente-musik-das-engagement-in-den-kantonen-ist-gross\/\" \/>\n<meta property=\"og:site_name\" content=\"Schweizer Musikzeitung\" \/>\n<meta property=\"article:publisher\" content=\"https:\/\/www.facebook.com\/SchweizerMusikzeitung\/\" \/>\n<meta property=\"article:published_time\" content=\"2024-12-09T12:57:50+00:00\" \/>\n<meta property=\"og:image\" content=\"https:\/\/www.musikzeitung.ch\/wp-content\/uploads\/2024\/12\/DSC06548.jpg\" \/>\n\t<meta property=\"og:image:width\" content=\"1400\" \/>\n\t<meta property=\"og:image:height\" content=\"933\" \/>\n\t<meta property=\"og:image:type\" content=\"image\/jpeg\" \/>\n<meta name=\"author\" content=\"Anicia Kohler\" \/>\n<meta name=\"twitter:card\" content=\"summary_large_image\" \/>\n<meta name=\"twitter:creator\" content=\"@smusikzeitung\" \/>\n<meta name=\"twitter:site\" content=\"@smusikzeitung\" \/>\n<meta name=\"twitter:label1\" content=\"Scritto da\" \/>\n\t<meta name=\"twitter:data1\" content=\"Anicia Kohler\" \/>\n\t<meta name=\"twitter:label2\" content=\"Tempo di lettura stimato\" \/>\n\t<meta name=\"twitter:data2\" content=\"3 minuti\" \/>\n<script type=\"application\/ld+json\" class=\"yoast-schema-graph\">{\"@context\":\"https:\\\/\\\/schema.org\",\"@graph\":[{\"@type\":\"Article\",\"@id\":\"https:\\\/\\\/www.musikzeitung.ch\\\/basis\\\/vms\\\/2024\\\/12\\\/junge-talente-musik-das-engagement-in-den-kantonen-ist-gross#article\",\"isPartOf\":{\"@id\":\"https:\\\/\\\/www.musikzeitung.ch\\\/basis\\\/vms\\\/2024\\\/12\\\/junge-talente-musik-das-engagement-in-den-kantonen-ist-gross\"},\"author\":{\"name\":\"Anicia Kohler\",\"@id\":\"https:\\\/\\\/www.musikzeitung.ch\\\/#\\\/schema\\\/person\\\/77a5182fc4c5ad7ee28eb3ffe5f1d1d0\"},\"headline\":\"Junge Talente Musik \u2013\u00a0das Engagement in den Kantonen ist gross\",\"datePublished\":\"2024-12-09T12:57:50+00:00\",\"mainEntityOfPage\":{\"@id\":\"https:\\\/\\\/www.musikzeitung.ch\\\/basis\\\/vms\\\/2024\\\/12\\\/junge-talente-musik-das-engagement-in-den-kantonen-ist-gross\"},\"wordCount\":464,\"publisher\":{\"@id\":\"https:\\\/\\\/www.musikzeitung.ch\\\/#organization\"},\"image\":{\"@id\":\"https:\\\/\\\/www.musikzeitung.ch\\\/basis\\\/vms\\\/2024\\\/12\\\/junge-talente-musik-das-engagement-in-den-kantonen-ist-gross#primaryimage\"},\"thumbnailUrl\":\"https:\\\/\\\/www.musikzeitung.ch\\\/wp-content\\\/uploads\\\/2024\\\/12\\\/DSC06548.jpg\",\"articleSection\":[\"VMS\"],\"inLanguage\":\"it-IT\"},{\"@type\":\"WebPage\",\"@id\":\"https:\\\/\\\/www.musikzeitung.ch\\\/basis\\\/vms\\\/2024\\\/12\\\/junge-talente-musik-das-engagement-in-den-kantonen-ist-gross\",\"url\":\"https:\\\/\\\/www.musikzeitung.ch\\\/basis\\\/vms\\\/2024\\\/12\\\/junge-talente-musik-das-engagement-in-den-kantonen-ist-gross\",\"name\":\"Junge Talente Musik \u2013\u00a0das Engagement in den Kantonen ist gross - Schweizer Musikzeitung\",\"isPartOf\":{\"@id\":\"https:\\\/\\\/www.musikzeitung.ch\\\/#website\"},\"primaryImageOfPage\":{\"@id\":\"https:\\\/\\\/www.musikzeitung.ch\\\/basis\\\/vms\\\/2024\\\/12\\\/junge-talente-musik-das-engagement-in-den-kantonen-ist-gross#primaryimage\"},\"image\":{\"@id\":\"https:\\\/\\\/www.musikzeitung.ch\\\/basis\\\/vms\\\/2024\\\/12\\\/junge-talente-musik-das-engagement-in-den-kantonen-ist-gross#primaryimage\"},\"thumbnailUrl\":\"https:\\\/\\\/www.musikzeitung.ch\\\/wp-content\\\/uploads\\\/2024\\\/12\\\/DSC06548.jpg\",\"datePublished\":\"2024-12-09T12:57:50+00:00\",\"breadcrumb\":{\"@id\":\"https:\\\/\\\/www.musikzeitung.ch\\\/basis\\\/vms\\\/2024\\\/12\\\/junge-talente-musik-das-engagement-in-den-kantonen-ist-gross#breadcrumb\"},\"inLanguage\":\"it-IT\",\"potentialAction\":[{\"@type\":\"ReadAction\",\"target\":[\"https:\\\/\\\/www.musikzeitung.ch\\\/basis\\\/vms\\\/2024\\\/12\\\/junge-talente-musik-das-engagement-in-den-kantonen-ist-gross\"]}]},{\"@type\":\"ImageObject\",\"inLanguage\":\"it-IT\",\"@id\":\"https:\\\/\\\/www.musikzeitung.ch\\\/basis\\\/vms\\\/2024\\\/12\\\/junge-talente-musik-das-engagement-in-den-kantonen-ist-gross#primaryimage\",\"url\":\"https:\\\/\\\/www.musikzeitung.ch\\\/wp-content\\\/uploads\\\/2024\\\/12\\\/DSC06548.jpg\",\"contentUrl\":\"https:\\\/\\\/www.musikzeitung.ch\\\/wp-content\\\/uploads\\\/2024\\\/12\\\/DSC06548.jpg\",\"width\":1400,\"height\":933,\"caption\":\"Vertretende aus allen Kantonen tauschen sich zum Programm \\\"Junge Talente Musik\\\" aus (Bilder: Anicia Kohler)\"},{\"@type\":\"BreadcrumbList\",\"@id\":\"https:\\\/\\\/www.musikzeitung.ch\\\/basis\\\/vms\\\/2024\\\/12\\\/junge-talente-musik-das-engagement-in-den-kantonen-ist-gross#breadcrumb\",\"itemListElement\":[{\"@type\":\"ListItem\",\"position\":1,\"name\":\"Home\",\"item\":\"https:\\\/\\\/www.musikzeitung.ch\\\/\"},{\"@type\":\"ListItem\",\"position\":2,\"name\":\"Junge Talente Musik \u2013\u00a0das Engagement in den Kantonen ist gross\"}]},{\"@type\":\"WebSite\",\"@id\":\"https:\\\/\\\/www.musikzeitung.ch\\\/#website\",\"url\":\"https:\\\/\\\/www.musikzeitung.ch\\\/\",\"name\":\"Schweizer Musikzeitung\",\"description\":\"Die f\u00fchrende sparten\u00fcbergreifende Monatszeitung in der Schweiz f\u00fcr musikalische Fragen.\",\"publisher\":{\"@id\":\"https:\\\/\\\/www.musikzeitung.ch\\\/#organization\"},\"potentialAction\":[{\"@type\":\"SearchAction\",\"target\":{\"@type\":\"EntryPoint\",\"urlTemplate\":\"https:\\\/\\\/www.musikzeitung.ch\\\/?s={search_term_string}\"},\"query-input\":{\"@type\":\"PropertyValueSpecification\",\"valueRequired\":true,\"valueName\":\"search_term_string\"}}],\"inLanguage\":\"it-IT\"},{\"@type\":\"Organization\",\"@id\":\"https:\\\/\\\/www.musikzeitung.ch\\\/#organization\",\"name\":\"Schweizer Musikzeitung\",\"url\":\"https:\\\/\\\/www.musikzeitung.ch\\\/\",\"logo\":{\"@type\":\"ImageObject\",\"inLanguage\":\"it-IT\",\"@id\":\"https:\\\/\\\/www.musikzeitung.ch\\\/#\\\/schema\\\/logo\\\/image\\\/\",\"url\":\"https:\\\/\\\/www.musikzeitung.ch\\\/wp-content\\\/uploads\\\/2023\\\/01\\\/SMZ_Schriftzug_Sprache.png\",\"contentUrl\":\"https:\\\/\\\/www.musikzeitung.ch\\\/wp-content\\\/uploads\\\/2023\\\/01\\\/SMZ_Schriftzug_Sprache.png\",\"width\":1400,\"height\":279,\"caption\":\"Schweizer Musikzeitung\"},\"image\":{\"@id\":\"https:\\\/\\\/www.musikzeitung.ch\\\/#\\\/schema\\\/logo\\\/image\\\/\"},\"sameAs\":[\"https:\\\/\\\/www.facebook.com\\\/SchweizerMusikzeitung\\\/\",\"https:\\\/\\\/x.com\\\/smusikzeitung\",\"https:\\\/\\\/www.instagram.com\\\/musikzeitung.ch\\\/\"]},{\"@type\":\"Person\",\"@id\":\"https:\\\/\\\/www.musikzeitung.ch\\\/#\\\/schema\\\/person\\\/77a5182fc4c5ad7ee28eb3ffe5f1d1d0\",\"name\":\"Anicia Kohler\",\"image\":{\"@type\":\"ImageObject\",\"inLanguage\":\"it-IT\",\"@id\":\"https:\\\/\\\/secure.gravatar.com\\\/avatar\\\/6ea00b417b00b657b92c811768262d33fd76a3d20dcab3e19ff7f2a1eedf1412?s=96&d=mm&r=g\",\"url\":\"https:\\\/\\\/secure.gravatar.com\\\/avatar\\\/6ea00b417b00b657b92c811768262d33fd76a3d20dcab3e19ff7f2a1eedf1412?s=96&d=mm&r=g\",\"contentUrl\":\"https:\\\/\\\/secure.gravatar.com\\\/avatar\\\/6ea00b417b00b657b92c811768262d33fd76a3d20dcab3e19ff7f2a1eedf1412?s=96&d=mm&r=g\",\"caption\":\"Anicia Kohler\"},\"url\":\"https:\\\/\\\/www.musikzeitung.ch\\\/it\\\/author\\\/anicia-kohler\"}]}<\/script>\n<!-- \/ Yoast SEO plugin. -->","yoast_head_json":{"title":"Giovani talenti della musica: l'impegno nei cantoni \u00e8 grande - Schweizer Musikzeitung","robots":{"index":"index","follow":"follow","max-snippet":"max-snippet:-1","max-image-preview":"max-image-preview:large","max-video-preview":"max-video-preview:-1"},"canonical":"https:\/\/www.musikzeitung.ch\/it\/basis\/vms\/2024\/12\/junge-talente-musik-das-engagement-in-den-kantonen-ist-gross\/","og_locale":"it_IT","og_type":"article","og_title":"Junge Talente Musik \u2013\u00a0das Engagement in den Kantonen ist gross - Schweizer Musikzeitung","og_description":"Am 22. November lud der Vorstand des VMS Vertretende aus allen Schweizer Kantonen zu einem Austausch \u00fcber den Stand der F\u00f6rderung musikalisch Begabter auf kantonaler und nationaler Ebene ein. Lorenzetta Zaugg vom Bundesamt f\u00fcr Kultur und Verantwortliche f\u00fcr das Bundesprogramm \u201eJunge Talente Musik\u201c stand f\u00fcr Fragen zur Verf\u00fcgung.","og_url":"https:\/\/www.musikzeitung.ch\/it\/basis\/vms\/2024\/12\/junge-talente-musik-das-engagement-in-den-kantonen-ist-gross\/","og_site_name":"Schweizer Musikzeitung","article_publisher":"https:\/\/www.facebook.com\/SchweizerMusikzeitung\/","article_published_time":"2024-12-09T12:57:50+00:00","og_image":[{"width":1400,"height":933,"url":"https:\/\/www.musikzeitung.ch\/wp-content\/uploads\/2024\/12\/DSC06548.jpg","type":"image\/jpeg"}],"author":"Anicia Kohler","twitter_card":"summary_large_image","twitter_creator":"@smusikzeitung","twitter_site":"@smusikzeitung","twitter_misc":{"Scritto da":"Anicia Kohler","Tempo di lettura stimato":"3 minuti"},"schema":{"@context":"https:\/\/schema.org","@graph":[{"@type":"Article","@id":"https:\/\/www.musikzeitung.ch\/basis\/vms\/2024\/12\/junge-talente-musik-das-engagement-in-den-kantonen-ist-gross#article","isPartOf":{"@id":"https:\/\/www.musikzeitung.ch\/basis\/vms\/2024\/12\/junge-talente-musik-das-engagement-in-den-kantonen-ist-gross"},"author":{"name":"Anicia Kohler","@id":"https:\/\/www.musikzeitung.ch\/#\/schema\/person\/77a5182fc4c5ad7ee28eb3ffe5f1d1d0"},"headline":"Junge Talente Musik \u2013\u00a0das Engagement in den Kantonen ist gross","datePublished":"2024-12-09T12:57:50+00:00","mainEntityOfPage":{"@id":"https:\/\/www.musikzeitung.ch\/basis\/vms\/2024\/12\/junge-talente-musik-das-engagement-in-den-kantonen-ist-gross"},"wordCount":464,"publisher":{"@id":"https:\/\/www.musikzeitung.ch\/#organization"},"image":{"@id":"https:\/\/www.musikzeitung.ch\/basis\/vms\/2024\/12\/junge-talente-musik-das-engagement-in-den-kantonen-ist-gross#primaryimage"},"thumbnailUrl":"https:\/\/www.musikzeitung.ch\/wp-content\/uploads\/2024\/12\/DSC06548.jpg","articleSection":["VMS"],"inLanguage":"it-IT"},{"@type":"WebPage","@id":"https:\/\/www.musikzeitung.ch\/basis\/vms\/2024\/12\/junge-talente-musik-das-engagement-in-den-kantonen-ist-gross","url":"https:\/\/www.musikzeitung.ch\/basis\/vms\/2024\/12\/junge-talente-musik-das-engagement-in-den-kantonen-ist-gross","name":"Giovani talenti della musica: l'impegno nei cantoni \u00e8 grande - Schweizer Musikzeitung","isPartOf":{"@id":"https:\/\/www.musikzeitung.ch\/#website"},"primaryImageOfPage":{"@id":"https:\/\/www.musikzeitung.ch\/basis\/vms\/2024\/12\/junge-talente-musik-das-engagement-in-den-kantonen-ist-gross#primaryimage"},"image":{"@id":"https:\/\/www.musikzeitung.ch\/basis\/vms\/2024\/12\/junge-talente-musik-das-engagement-in-den-kantonen-ist-gross#primaryimage"},"thumbnailUrl":"https:\/\/www.musikzeitung.ch\/wp-content\/uploads\/2024\/12\/DSC06548.jpg","datePublished":"2024-12-09T12:57:50+00:00","breadcrumb":{"@id":"https:\/\/www.musikzeitung.ch\/basis\/vms\/2024\/12\/junge-talente-musik-das-engagement-in-den-kantonen-ist-gross#breadcrumb"},"inLanguage":"it-IT","potentialAction":[{"@type":"ReadAction","target":["https:\/\/www.musikzeitung.ch\/basis\/vms\/2024\/12\/junge-talente-musik-das-engagement-in-den-kantonen-ist-gross"]}]},{"@type":"ImageObject","inLanguage":"it-IT","@id":"https:\/\/www.musikzeitung.ch\/basis\/vms\/2024\/12\/junge-talente-musik-das-engagement-in-den-kantonen-ist-gross#primaryimage","url":"https:\/\/www.musikzeitung.ch\/wp-content\/uploads\/2024\/12\/DSC06548.jpg","contentUrl":"https:\/\/www.musikzeitung.ch\/wp-content\/uploads\/2024\/12\/DSC06548.jpg","width":1400,"height":933,"caption":"Vertretende aus allen Kantonen tauschen sich zum Programm \"Junge Talente Musik\" aus (Bilder: Anicia Kohler)"},{"@type":"BreadcrumbList","@id":"https:\/\/www.musikzeitung.ch\/basis\/vms\/2024\/12\/junge-talente-musik-das-engagement-in-den-kantonen-ist-gross#breadcrumb","itemListElement":[{"@type":"ListItem","position":1,"name":"Home","item":"https:\/\/www.musikzeitung.ch\/"},{"@type":"ListItem","position":2,"name":"Junge Talente Musik \u2013\u00a0das Engagement in den Kantonen ist gross"}]},{"@type":"WebSite","@id":"https:\/\/www.musikzeitung.ch\/#website","url":"https:\/\/www.musikzeitung.ch\/","name":"Giornale musicale svizzero","description":"Il principale mensile interdisciplinare della Svizzera per le questioni musicali.","publisher":{"@id":"https:\/\/www.musikzeitung.ch\/#organization"},"potentialAction":[{"@type":"SearchAction","target":{"@type":"EntryPoint","urlTemplate":"https:\/\/www.musikzeitung.ch\/?s={search_term_string}"},"query-input":{"@type":"PropertyValueSpecification","valueRequired":true,"valueName":"search_term_string"}}],"inLanguage":"it-IT"},{"@type":"Organization","@id":"https:\/\/www.musikzeitung.ch\/#organization","name":"Giornale musicale svizzero","url":"https:\/\/www.musikzeitung.ch\/","logo":{"@type":"ImageObject","inLanguage":"it-IT","@id":"https:\/\/www.musikzeitung.ch\/#\/schema\/logo\/image\/","url":"https:\/\/www.musikzeitung.ch\/wp-content\/uploads\/2023\/01\/SMZ_Schriftzug_Sprache.png","contentUrl":"https:\/\/www.musikzeitung.ch\/wp-content\/uploads\/2023\/01\/SMZ_Schriftzug_Sprache.png","width":1400,"height":279,"caption":"Schweizer Musikzeitung"},"image":{"@id":"https:\/\/www.musikzeitung.ch\/#\/schema\/logo\/image\/"},"sameAs":["https:\/\/www.facebook.com\/SchweizerMusikzeitung\/","https:\/\/x.com\/smusikzeitung","https:\/\/www.instagram.com\/musikzeitung.ch\/"]},{"@type":"Person","@id":"https:\/\/www.musikzeitung.ch\/#\/schema\/person\/77a5182fc4c5ad7ee28eb3ffe5f1d1d0","name":"Anicia Kohler (trad. Alessia Albertini Meszaros)","image":{"@type":"ImageObject","inLanguage":"it-IT","@id":"https:\/\/secure.gravatar.com\/avatar\/6ea00b417b00b657b92c811768262d33fd76a3d20dcab3e19ff7f2a1eedf1412?s=96&d=mm&r=g","url":"https:\/\/secure.gravatar.com\/avatar\/6ea00b417b00b657b92c811768262d33fd76a3d20dcab3e19ff7f2a1eedf1412?s=96&d=mm&r=g","contentUrl":"https:\/\/secure.gravatar.com\/avatar\/6ea00b417b00b657b92c811768262d33fd76a3d20dcab3e19ff7f2a1eedf1412?s=96&d=mm&r=g","caption":"Anicia Kohler"},"url":"https:\/\/www.musikzeitung.ch\/it\/author\/anicia-kohler"}]}},"publishpress_future_workflow_manual_trigger":{"enabledWorkflows":[]},"_links":{"self":[{"href":"https:\/\/www.musikzeitung.ch\/it\/wp-json\/wp\/v2\/posts\/61127","targetHints":{"allow":["GET"]}}],"collection":[{"href":"https:\/\/www.musikzeitung.ch\/it\/wp-json\/wp\/v2\/posts"}],"about":[{"href":"https:\/\/www.musikzeitung.ch\/it\/wp-json\/wp\/v2\/types\/post"}],"author":[{"embeddable":true,"href":"https:\/\/www.musikzeitung.ch\/it\/wp-json\/wp\/v2\/users\/43676"}],"replies":[{"embeddable":true,"href":"https:\/\/www.musikzeitung.ch\/it\/wp-json\/wp\/v2\/comments?post=61127"}],"version-history":[{"count":1,"href":"https:\/\/www.musikzeitung.ch\/it\/wp-json\/wp\/v2\/posts\/61127\/revisions"}],"predecessor-version":[{"id":61131,"href":"https:\/\/www.musikzeitung.ch\/it\/wp-json\/wp\/v2\/posts\/61127\/revisions\/61131"}],"wp:featuredmedia":[{"embeddable":true,"href":"https:\/\/www.musikzeitung.ch\/it\/wp-json\/wp\/v2\/media\/61128"}],"wp:attachment":[{"href":"https:\/\/www.musikzeitung.ch\/it\/wp-json\/wp\/v2\/media?parent=61127"}],"wp:term":[{"taxonomy":"category","embeddable":true,"href":"https:\/\/www.musikzeitung.ch\/it\/wp-json\/wp\/v2\/categories?post=61127"},{"taxonomy":"post_tag","embeddable":true,"href":"https:\/\/www.musikzeitung.ch\/it\/wp-json\/wp\/v2\/tags?post=61127"}],"curies":[{"name":"wp","href":"https:\/\/api.w.org\/{rel}","templated":true}]}}