{"id":61252,"date":"2024-12-16T10:44:35","date_gmt":"2024-12-16T09:44:35","guid":{"rendered":"https:\/\/www.musikzeitung.ch\/?p=61252"},"modified":"2024-12-16T11:05:48","modified_gmt":"2024-12-16T10:05:48","slug":"prix-ubs-jeunes-solistes-2025-geht-an-vsevolod-zavidov","status":"publish","type":"post","link":"https:\/\/www.musikzeitung.ch\/it\/news\/2024\/12\/prix-ubs-jeunes-solistes-2025-geht-an-vsevolod-zavidov","title":{"rendered":"Il Premio UBS Jeunes Solistes 2025 va a Vsevolod Zavidov"},"content":{"rendered":"<figure id=\"attachment_61253\" aria-describedby=\"caption-attachment-61253\" style=\"width: 768px\" class=\"wp-caption alignnone\"><img loading=\"lazy\" decoding=\"async\" class=\"size-large wp-image-61253\" src=\"https:\/\/www.musikzeitung.ch\/wp-content\/uploads\/2024\/12\/241216ubs-1024x677.jpg\" alt=\"\" width=\"768\" height=\"508\" srcset=\"https:\/\/www.musikzeitung.ch\/wp-content\/uploads\/2024\/12\/241216ubs-1024x677.jpg 1024w, https:\/\/www.musikzeitung.ch\/wp-content\/uploads\/2024\/12\/241216ubs-300x198.jpg 300w, https:\/\/www.musikzeitung.ch\/wp-content\/uploads\/2024\/12\/241216ubs-768x508.jpg 768w, https:\/\/www.musikzeitung.ch\/wp-content\/uploads\/2024\/12\/241216ubs-18x12.jpg 18w, https:\/\/www.musikzeitung.ch\/wp-content\/uploads\/2024\/12\/241216ubs-265x175.jpg 265w, https:\/\/www.musikzeitung.ch\/wp-content\/uploads\/2024\/12\/241216ubs-529x350.jpg 529w, https:\/\/www.musikzeitung.ch\/wp-content\/uploads\/2024\/12\/241216ubs-1210x800.jpg 1210w, https:\/\/www.musikzeitung.ch\/wp-content\/uploads\/2024\/12\/241216ubs-920x608.jpg 920w, https:\/\/www.musikzeitung.ch\/wp-content\/uploads\/2024\/12\/241216ubs.jpg 1323w\" sizes=\"auto, (max-width: 768px) 100vw, 768px\" \/><figcaption id=\"caption-attachment-61253\" class=\"wp-caption-text\">Vsevolod Zavidov (Immagine: Priska Ketterer\/Festival di Lucerna)<\/figcaption><\/figure>\n<p><span style=\"font-family: Arial;\">Vsevolod Zavidov \u00e8 nato a Mosca nel 2005 e ha iniziato la sua formazione musicale all'et\u00e0 di quattro anni. Dall'autunno 2023 studia con Nelson Goerner alla Haute \u00e9cole de musique de Gen\u00e8ve, dove sta completando un master in Esecuzione musicale specializzata per solisti. <\/span><\/p>\n<p>Il Prix UBS Jeunes Solistes \u00e8 un'iniziativa congiunta del Festival di Lucerna, della Conferenza delle universit\u00e0 musicali svizzere (KMHS) e di UBS. Ogni accademia musicale ha potuto nominare un massimo di due candidati per la semifinale, che si \u00e8 svolta alla fine di ottobre presso l'Universit\u00e0 delle Arti di Berna. <span style=\"font-family: Arial;\">Oltre a Valentin Gloor e Michael Haefliger, la giuria comprendeva il violoncellista ed ex vincitore del Prix UBS Jeunes Solistes Soletta, nonch\u00e9 Xavier Dayer (Universit\u00e0 delle Arti di Zurigo, Direttore del Dipartimento di Musica), Rico Gubler (Universit\u00e0 delle Arti di Berna, Responsabile della Musica) e No\u00e9mie Robidas (Haute \u00c9cole de Musique Vaud Valais Fribourg, Direttrice Generale), che rappresentavano le accademie musicali svizzere.<\/span><\/p>\n<p>&nbsp;<\/p>","protected":false},"excerpt":{"rendered":"<p>Il pianista Vsevolod Zavidov riceve il Prix UBS Jeunes Solistes 2025, dotato di 25.000 franchi.<\/p>","protected":false},"author":30,"featured_media":61253,"comment_status":"closed","ping_status":"closed","sticky":false,"template":"","format":"standard","meta":{"_acf_changed":false,"_relevanssi_hide_post":"","_relevanssi_hide_content":"","_relevanssi_pin_for_all":"","_relevanssi_pin_keywords":"","_relevanssi_unpin_keywords":"","_relevanssi_related_keywords":"","_relevanssi_related_include_ids":"","_relevanssi_related_exclude_ids":"","_relevanssi_related_no_append":"","_relevanssi_related_not_related":"","_relevanssi_related_posts":"","_relevanssi_noindex_reason":"","pgc_sgb_lightbox_settings":"","footnotes":""},"categories":[27],"tags":[4632,4631],"class_list":["post-61252","post","type-post","status-publish","format-standard","has-post-thumbnail","hentry","category-news","tag-prix-ubs-jeunes-solistes","tag-vsevolod-zavidov"],"acf":[],"yoast_head":"<!-- This site is optimized with the Yoast SEO plugin v27.4 - https:\/\/yoast.com\/product\/yoast-seo-wordpress\/ -->\n<title>Prix UBS Jeunes Solistes 2025 geht an Vsevolod Zavidov - Schweizer Musikzeitung<\/title>\n<meta name=\"description\" content=\"Der Pianist Vsevolod Zavidov erh\u00e4lt den mit 25\u2019000 Franken dotierten Prix UBS Jeunes Solistes 2025.\" \/>\n<meta name=\"robots\" content=\"index, follow, max-snippet:-1, max-image-preview:large, max-video-preview:-1\" \/>\n<link rel=\"canonical\" href=\"https:\/\/www.musikzeitung.ch\/it\/news\/2024\/12\/prix-ubs-jeunes-solistes-2025-geht-an-vsevolod-zavidov\/\" \/>\n<meta property=\"og:locale\" content=\"it_IT\" \/>\n<meta property=\"og:type\" content=\"article\" \/>\n<meta property=\"og:title\" content=\"Prix UBS Jeunes Solistes 2025 geht an Vsevolod Zavidov - Schweizer Musikzeitung\" \/>\n<meta property=\"og:description\" content=\"Der Pianist Vsevolod Zavidov erh\u00e4lt den mit 25\u2019000 Franken dotierten Prix UBS Jeunes Solistes 2025.\" \/>\n<meta property=\"og:url\" content=\"https:\/\/www.musikzeitung.ch\/it\/news\/2024\/12\/prix-ubs-jeunes-solistes-2025-geht-an-vsevolod-zavidov\/\" \/>\n<meta property=\"og:site_name\" content=\"Schweizer Musikzeitung\" \/>\n<meta property=\"article:publisher\" content=\"https:\/\/www.facebook.com\/SchweizerMusikzeitung\/\" \/>\n<meta property=\"article:author\" content=\"https:\/\/www.facebook.com\/wolfgang.bohler.75\" \/>\n<meta property=\"article:published_time\" content=\"2024-12-16T09:44:35+00:00\" \/>\n<meta property=\"article:modified_time\" content=\"2024-12-16T10:05:48+00:00\" \/>\n<meta property=\"og:image\" content=\"https:\/\/www.musikzeitung.ch\/wp-content\/uploads\/2024\/12\/241216ubs.jpg\" \/>\n\t<meta property=\"og:image:width\" content=\"1323\" \/>\n\t<meta property=\"og:image:height\" content=\"875\" \/>\n\t<meta property=\"og:image:type\" content=\"image\/jpeg\" \/>\n<meta name=\"author\" content=\"Wolfgang B\u00f6hler\" \/>\n<meta name=\"twitter:card\" content=\"summary_large_image\" \/>\n<meta name=\"twitter:creator\" content=\"@smusikzeitung\" \/>\n<meta name=\"twitter:site\" content=\"@smusikzeitung\" \/>\n<meta name=\"twitter:label1\" content=\"Scritto da\" \/>\n\t<meta name=\"twitter:data1\" content=\"Wolfgang B\u00f6hler\" \/>\n\t<meta name=\"twitter:label2\" content=\"Tempo di lettura stimato\" \/>\n\t<meta name=\"twitter:data2\" content=\"2 minuti\" \/>\n<script type=\"application\/ld+json\" class=\"yoast-schema-graph\">{\"@context\":\"https:\\\/\\\/schema.org\",\"@graph\":[{\"@type\":\"Article\",\"@id\":\"https:\\\/\\\/www.musikzeitung.ch\\\/news\\\/2024\\\/12\\\/prix-ubs-jeunes-solistes-2025-geht-an-vsevolod-zavidov#article\",\"isPartOf\":{\"@id\":\"https:\\\/\\\/www.musikzeitung.ch\\\/news\\\/2024\\\/12\\\/prix-ubs-jeunes-solistes-2025-geht-an-vsevolod-zavidov\"},\"author\":{\"name\":\"Wolfgang B\u00f6hler\",\"@id\":\"https:\\\/\\\/www.musikzeitung.ch\\\/#\\\/schema\\\/person\\\/0da4fb82d243f1252850a35d0e87cf0c\"},\"headline\":\"Prix UBS Jeunes Solistes 2025 geht an Vsevolod Zavidov\",\"datePublished\":\"2024-12-16T09:44:35+00:00\",\"dateModified\":\"2024-12-16T10:05:48+00:00\",\"mainEntityOfPage\":{\"@id\":\"https:\\\/\\\/www.musikzeitung.ch\\\/news\\\/2024\\\/12\\\/prix-ubs-jeunes-solistes-2025-geht-an-vsevolod-zavidov\"},\"wordCount\":180,\"publisher\":{\"@id\":\"https:\\\/\\\/www.musikzeitung.ch\\\/#organization\"},\"image\":{\"@id\":\"https:\\\/\\\/www.musikzeitung.ch\\\/news\\\/2024\\\/12\\\/prix-ubs-jeunes-solistes-2025-geht-an-vsevolod-zavidov#primaryimage\"},\"thumbnailUrl\":\"https:\\\/\\\/www.musikzeitung.ch\\\/wp-content\\\/uploads\\\/2024\\\/12\\\/241216ubs.jpg\",\"keywords\":[\"Prix UBS Jeunes Solistes\",\"Vsevolod Zavidov\"],\"articleSection\":[\"News\"],\"inLanguage\":\"it-IT\"},{\"@type\":\"WebPage\",\"@id\":\"https:\\\/\\\/www.musikzeitung.ch\\\/news\\\/2024\\\/12\\\/prix-ubs-jeunes-solistes-2025-geht-an-vsevolod-zavidov\",\"url\":\"https:\\\/\\\/www.musikzeitung.ch\\\/news\\\/2024\\\/12\\\/prix-ubs-jeunes-solistes-2025-geht-an-vsevolod-zavidov\",\"name\":\"Prix UBS Jeunes Solistes 2025 geht an Vsevolod Zavidov - Schweizer Musikzeitung\",\"isPartOf\":{\"@id\":\"https:\\\/\\\/www.musikzeitung.ch\\\/#website\"},\"primaryImageOfPage\":{\"@id\":\"https:\\\/\\\/www.musikzeitung.ch\\\/news\\\/2024\\\/12\\\/prix-ubs-jeunes-solistes-2025-geht-an-vsevolod-zavidov#primaryimage\"},\"image\":{\"@id\":\"https:\\\/\\\/www.musikzeitung.ch\\\/news\\\/2024\\\/12\\\/prix-ubs-jeunes-solistes-2025-geht-an-vsevolod-zavidov#primaryimage\"},\"thumbnailUrl\":\"https:\\\/\\\/www.musikzeitung.ch\\\/wp-content\\\/uploads\\\/2024\\\/12\\\/241216ubs.jpg\",\"datePublished\":\"2024-12-16T09:44:35+00:00\",\"dateModified\":\"2024-12-16T10:05:48+00:00\",\"description\":\"Der Pianist Vsevolod Zavidov erh\u00e4lt den mit 25\u2019000 Franken dotierten Prix UBS Jeunes Solistes 2025.\",\"breadcrumb\":{\"@id\":\"https:\\\/\\\/www.musikzeitung.ch\\\/news\\\/2024\\\/12\\\/prix-ubs-jeunes-solistes-2025-geht-an-vsevolod-zavidov#breadcrumb\"},\"inLanguage\":\"it-IT\",\"potentialAction\":[{\"@type\":\"ReadAction\",\"target\":[\"https:\\\/\\\/www.musikzeitung.ch\\\/news\\\/2024\\\/12\\\/prix-ubs-jeunes-solistes-2025-geht-an-vsevolod-zavidov\"]}]},{\"@type\":\"ImageObject\",\"inLanguage\":\"it-IT\",\"@id\":\"https:\\\/\\\/www.musikzeitung.ch\\\/news\\\/2024\\\/12\\\/prix-ubs-jeunes-solistes-2025-geht-an-vsevolod-zavidov#primaryimage\",\"url\":\"https:\\\/\\\/www.musikzeitung.ch\\\/wp-content\\\/uploads\\\/2024\\\/12\\\/241216ubs.jpg\",\"contentUrl\":\"https:\\\/\\\/www.musikzeitung.ch\\\/wp-content\\\/uploads\\\/2024\\\/12\\\/241216ubs.jpg\",\"width\":1323,\"height\":875,\"caption\":\"Vsevolod Zavidov (Bild: Priska Ketterer\\\/Lucerne Festival)\"},{\"@type\":\"BreadcrumbList\",\"@id\":\"https:\\\/\\\/www.musikzeitung.ch\\\/news\\\/2024\\\/12\\\/prix-ubs-jeunes-solistes-2025-geht-an-vsevolod-zavidov#breadcrumb\",\"itemListElement\":[{\"@type\":\"ListItem\",\"position\":1,\"name\":\"Home\",\"item\":\"https:\\\/\\\/www.musikzeitung.ch\\\/\"},{\"@type\":\"ListItem\",\"position\":2,\"name\":\"Prix UBS Jeunes Solistes 2025 geht an Vsevolod Zavidov\"}]},{\"@type\":\"WebSite\",\"@id\":\"https:\\\/\\\/www.musikzeitung.ch\\\/#website\",\"url\":\"https:\\\/\\\/www.musikzeitung.ch\\\/\",\"name\":\"Schweizer Musikzeitung\",\"description\":\"Die f\u00fchrende sparten\u00fcbergreifende Monatszeitung in der Schweiz f\u00fcr musikalische Fragen.\",\"publisher\":{\"@id\":\"https:\\\/\\\/www.musikzeitung.ch\\\/#organization\"},\"potentialAction\":[{\"@type\":\"SearchAction\",\"target\":{\"@type\":\"EntryPoint\",\"urlTemplate\":\"https:\\\/\\\/www.musikzeitung.ch\\\/?s={search_term_string}\"},\"query-input\":{\"@type\":\"PropertyValueSpecification\",\"valueRequired\":true,\"valueName\":\"search_term_string\"}}],\"inLanguage\":\"it-IT\"},{\"@type\":\"Organization\",\"@id\":\"https:\\\/\\\/www.musikzeitung.ch\\\/#organization\",\"name\":\"Schweizer Musikzeitung\",\"url\":\"https:\\\/\\\/www.musikzeitung.ch\\\/\",\"logo\":{\"@type\":\"ImageObject\",\"inLanguage\":\"it-IT\",\"@id\":\"https:\\\/\\\/www.musikzeitung.ch\\\/#\\\/schema\\\/logo\\\/image\\\/\",\"url\":\"https:\\\/\\\/www.musikzeitung.ch\\\/wp-content\\\/uploads\\\/2023\\\/01\\\/SMZ_Schriftzug_Sprache.png\",\"contentUrl\":\"https:\\\/\\\/www.musikzeitung.ch\\\/wp-content\\\/uploads\\\/2023\\\/01\\\/SMZ_Schriftzug_Sprache.png\",\"width\":1400,\"height\":279,\"caption\":\"Schweizer Musikzeitung\"},\"image\":{\"@id\":\"https:\\\/\\\/www.musikzeitung.ch\\\/#\\\/schema\\\/logo\\\/image\\\/\"},\"sameAs\":[\"https:\\\/\\\/www.facebook.com\\\/SchweizerMusikzeitung\\\/\",\"https:\\\/\\\/x.com\\\/smusikzeitung\",\"https:\\\/\\\/www.instagram.com\\\/musikzeitung.ch\\\/\"]},{\"@type\":\"Person\",\"@id\":\"https:\\\/\\\/www.musikzeitung.ch\\\/#\\\/schema\\\/person\\\/0da4fb82d243f1252850a35d0e87cf0c\",\"name\":\"Wolfgang B\u00f6hler\",\"image\":{\"@type\":\"ImageObject\",\"inLanguage\":\"it-IT\",\"@id\":\"https:\\\/\\\/www.musikzeitung.ch\\\/wp-content\\\/uploads\\\/2023\\\/01\\\/boehler_portraet_web-e1674139782246-96x96.jpg\",\"url\":\"https:\\\/\\\/www.musikzeitung.ch\\\/wp-content\\\/uploads\\\/2023\\\/01\\\/boehler_portraet_web-e1674139782246-96x96.jpg\",\"contentUrl\":\"https:\\\/\\\/www.musikzeitung.ch\\\/wp-content\\\/uploads\\\/2023\\\/01\\\/boehler_portraet_web-e1674139782246-96x96.jpg\",\"caption\":\"Wolfgang B\u00f6hler\"},\"sameAs\":[\"http:\\\/\\\/www.manacanto.ch\",\"https:\\\/\\\/www.facebook.com\\\/wolfgang.bohler.75\"],\"url\":\"https:\\\/\\\/www.musikzeitung.ch\\\/it\\\/author\\\/wolfgang-boehler\"}]}<\/script>\n<!-- \/ Yoast SEO plugin. -->","yoast_head_json":{"title":"Prix UBS Jeunes Solistes 2025 geht an Vsevolod Zavidov - Schweizer Musikzeitung","description":"Der Pianist Vsevolod Zavidov erh\u00e4lt den mit 25\u2019000 Franken dotierten Prix UBS Jeunes Solistes 2025.","robots":{"index":"index","follow":"follow","max-snippet":"max-snippet:-1","max-image-preview":"max-image-preview:large","max-video-preview":"max-video-preview:-1"},"canonical":"https:\/\/www.musikzeitung.ch\/it\/news\/2024\/12\/prix-ubs-jeunes-solistes-2025-geht-an-vsevolod-zavidov\/","og_locale":"it_IT","og_type":"article","og_title":"Prix UBS Jeunes Solistes 2025 geht an Vsevolod Zavidov - Schweizer Musikzeitung","og_description":"Der Pianist Vsevolod Zavidov erh\u00e4lt den mit 25\u2019000 Franken dotierten Prix UBS Jeunes Solistes 2025.","og_url":"https:\/\/www.musikzeitung.ch\/it\/news\/2024\/12\/prix-ubs-jeunes-solistes-2025-geht-an-vsevolod-zavidov\/","og_site_name":"Schweizer Musikzeitung","article_publisher":"https:\/\/www.facebook.com\/SchweizerMusikzeitung\/","article_author":"https:\/\/www.facebook.com\/wolfgang.bohler.75","article_published_time":"2024-12-16T09:44:35+00:00","article_modified_time":"2024-12-16T10:05:48+00:00","og_image":[{"width":1323,"height":875,"url":"https:\/\/www.musikzeitung.ch\/wp-content\/uploads\/2024\/12\/241216ubs.jpg","type":"image\/jpeg"}],"author":"Wolfgang B\u00f6hler","twitter_card":"summary_large_image","twitter_creator":"@smusikzeitung","twitter_site":"@smusikzeitung","twitter_misc":{"Scritto da":"Wolfgang B\u00f6hler","Tempo di lettura stimato":"2 minuti"},"schema":{"@context":"https:\/\/schema.org","@graph":[{"@type":"Article","@id":"https:\/\/www.musikzeitung.ch\/news\/2024\/12\/prix-ubs-jeunes-solistes-2025-geht-an-vsevolod-zavidov#article","isPartOf":{"@id":"https:\/\/www.musikzeitung.ch\/news\/2024\/12\/prix-ubs-jeunes-solistes-2025-geht-an-vsevolod-zavidov"},"author":{"name":"Wolfgang B\u00f6hler","@id":"https:\/\/www.musikzeitung.ch\/#\/schema\/person\/0da4fb82d243f1252850a35d0e87cf0c"},"headline":"Prix UBS Jeunes Solistes 2025 geht an Vsevolod Zavidov","datePublished":"2024-12-16T09:44:35+00:00","dateModified":"2024-12-16T10:05:48+00:00","mainEntityOfPage":{"@id":"https:\/\/www.musikzeitung.ch\/news\/2024\/12\/prix-ubs-jeunes-solistes-2025-geht-an-vsevolod-zavidov"},"wordCount":180,"publisher":{"@id":"https:\/\/www.musikzeitung.ch\/#organization"},"image":{"@id":"https:\/\/www.musikzeitung.ch\/news\/2024\/12\/prix-ubs-jeunes-solistes-2025-geht-an-vsevolod-zavidov#primaryimage"},"thumbnailUrl":"https:\/\/www.musikzeitung.ch\/wp-content\/uploads\/2024\/12\/241216ubs.jpg","keywords":["Prix UBS Jeunes Solistes","Vsevolod Zavidov"],"articleSection":["News"],"inLanguage":"it-IT"},{"@type":"WebPage","@id":"https:\/\/www.musikzeitung.ch\/news\/2024\/12\/prix-ubs-jeunes-solistes-2025-geht-an-vsevolod-zavidov","url":"https:\/\/www.musikzeitung.ch\/news\/2024\/12\/prix-ubs-jeunes-solistes-2025-geht-an-vsevolod-zavidov","name":"Prix UBS Jeunes Solistes 2025 geht an Vsevolod Zavidov - Schweizer Musikzeitung","isPartOf":{"@id":"https:\/\/www.musikzeitung.ch\/#website"},"primaryImageOfPage":{"@id":"https:\/\/www.musikzeitung.ch\/news\/2024\/12\/prix-ubs-jeunes-solistes-2025-geht-an-vsevolod-zavidov#primaryimage"},"image":{"@id":"https:\/\/www.musikzeitung.ch\/news\/2024\/12\/prix-ubs-jeunes-solistes-2025-geht-an-vsevolod-zavidov#primaryimage"},"thumbnailUrl":"https:\/\/www.musikzeitung.ch\/wp-content\/uploads\/2024\/12\/241216ubs.jpg","datePublished":"2024-12-16T09:44:35+00:00","dateModified":"2024-12-16T10:05:48+00:00","description":"Der Pianist Vsevolod Zavidov erh\u00e4lt den mit 25\u2019000 Franken dotierten Prix UBS Jeunes Solistes 2025.","breadcrumb":{"@id":"https:\/\/www.musikzeitung.ch\/news\/2024\/12\/prix-ubs-jeunes-solistes-2025-geht-an-vsevolod-zavidov#breadcrumb"},"inLanguage":"it-IT","potentialAction":[{"@type":"ReadAction","target":["https:\/\/www.musikzeitung.ch\/news\/2024\/12\/prix-ubs-jeunes-solistes-2025-geht-an-vsevolod-zavidov"]}]},{"@type":"ImageObject","inLanguage":"it-IT","@id":"https:\/\/www.musikzeitung.ch\/news\/2024\/12\/prix-ubs-jeunes-solistes-2025-geht-an-vsevolod-zavidov#primaryimage","url":"https:\/\/www.musikzeitung.ch\/wp-content\/uploads\/2024\/12\/241216ubs.jpg","contentUrl":"https:\/\/www.musikzeitung.ch\/wp-content\/uploads\/2024\/12\/241216ubs.jpg","width":1323,"height":875,"caption":"Vsevolod Zavidov (Bild: Priska Ketterer\/Lucerne Festival)"},{"@type":"BreadcrumbList","@id":"https:\/\/www.musikzeitung.ch\/news\/2024\/12\/prix-ubs-jeunes-solistes-2025-geht-an-vsevolod-zavidov#breadcrumb","itemListElement":[{"@type":"ListItem","position":1,"name":"Home","item":"https:\/\/www.musikzeitung.ch\/"},{"@type":"ListItem","position":2,"name":"Prix UBS Jeunes Solistes 2025 geht an Vsevolod Zavidov"}]},{"@type":"WebSite","@id":"https:\/\/www.musikzeitung.ch\/#website","url":"https:\/\/www.musikzeitung.ch\/","name":"Giornale musicale svizzero","description":"Il principale mensile interdisciplinare della Svizzera per le questioni musicali.","publisher":{"@id":"https:\/\/www.musikzeitung.ch\/#organization"},"potentialAction":[{"@type":"SearchAction","target":{"@type":"EntryPoint","urlTemplate":"https:\/\/www.musikzeitung.ch\/?s={search_term_string}"},"query-input":{"@type":"PropertyValueSpecification","valueRequired":true,"valueName":"search_term_string"}}],"inLanguage":"it-IT"},{"@type":"Organization","@id":"https:\/\/www.musikzeitung.ch\/#organization","name":"Giornale musicale svizzero","url":"https:\/\/www.musikzeitung.ch\/","logo":{"@type":"ImageObject","inLanguage":"it-IT","@id":"https:\/\/www.musikzeitung.ch\/#\/schema\/logo\/image\/","url":"https:\/\/www.musikzeitung.ch\/wp-content\/uploads\/2023\/01\/SMZ_Schriftzug_Sprache.png","contentUrl":"https:\/\/www.musikzeitung.ch\/wp-content\/uploads\/2023\/01\/SMZ_Schriftzug_Sprache.png","width":1400,"height":279,"caption":"Schweizer Musikzeitung"},"image":{"@id":"https:\/\/www.musikzeitung.ch\/#\/schema\/logo\/image\/"},"sameAs":["https:\/\/www.facebook.com\/SchweizerMusikzeitung\/","https:\/\/x.com\/smusikzeitung","https:\/\/www.instagram.com\/musikzeitung.ch\/"]},{"@type":"Person","@id":"https:\/\/www.musikzeitung.ch\/#\/schema\/person\/0da4fb82d243f1252850a35d0e87cf0c","name":"Wolfgang B\u00f6hler","image":{"@type":"ImageObject","inLanguage":"it-IT","@id":"https:\/\/www.musikzeitung.ch\/wp-content\/uploads\/2023\/01\/boehler_portraet_web-e1674139782246-96x96.jpg","url":"https:\/\/www.musikzeitung.ch\/wp-content\/uploads\/2023\/01\/boehler_portraet_web-e1674139782246-96x96.jpg","contentUrl":"https:\/\/www.musikzeitung.ch\/wp-content\/uploads\/2023\/01\/boehler_portraet_web-e1674139782246-96x96.jpg","caption":"Wolfgang B\u00f6hler"},"sameAs":["http:\/\/www.manacanto.ch","https:\/\/www.facebook.com\/wolfgang.bohler.75"],"url":"https:\/\/www.musikzeitung.ch\/it\/author\/wolfgang-boehler"}]}},"publishpress_future_workflow_manual_trigger":{"enabledWorkflows":[]},"_links":{"self":[{"href":"https:\/\/www.musikzeitung.ch\/it\/wp-json\/wp\/v2\/posts\/61252","targetHints":{"allow":["GET"]}}],"collection":[{"href":"https:\/\/www.musikzeitung.ch\/it\/wp-json\/wp\/v2\/posts"}],"about":[{"href":"https:\/\/www.musikzeitung.ch\/it\/wp-json\/wp\/v2\/types\/post"}],"author":[{"embeddable":true,"href":"https:\/\/www.musikzeitung.ch\/it\/wp-json\/wp\/v2\/users\/30"}],"replies":[{"embeddable":true,"href":"https:\/\/www.musikzeitung.ch\/it\/wp-json\/wp\/v2\/comments?post=61252"}],"version-history":[{"count":5,"href":"https:\/\/www.musikzeitung.ch\/it\/wp-json\/wp\/v2\/posts\/61252\/revisions"}],"predecessor-version":[{"id":61258,"href":"https:\/\/www.musikzeitung.ch\/it\/wp-json\/wp\/v2\/posts\/61252\/revisions\/61258"}],"wp:featuredmedia":[{"embeddable":true,"href":"https:\/\/www.musikzeitung.ch\/it\/wp-json\/wp\/v2\/media\/61253"}],"wp:attachment":[{"href":"https:\/\/www.musikzeitung.ch\/it\/wp-json\/wp\/v2\/media?parent=61252"}],"wp:term":[{"taxonomy":"category","embeddable":true,"href":"https:\/\/www.musikzeitung.ch\/it\/wp-json\/wp\/v2\/categories?post=61252"},{"taxonomy":"post_tag","embeddable":true,"href":"https:\/\/www.musikzeitung.ch\/it\/wp-json\/wp\/v2\/tags?post=61252"}],"curies":[{"name":"wp","href":"https:\/\/api.w.org\/{rel}","templated":true}]}}