{"id":61327,"date":"2024-12-19T14:38:30","date_gmt":"2024-12-19T13:38:30","guid":{"rendered":"https:\/\/www.musikzeitung.ch\/?p=61327"},"modified":"2024-12-20T09:03:35","modified_gmt":"2024-12-20T08:03:35","slug":"meinrad-schuetter-zu-unrecht-vernachlaessigt","status":"publish","type":"post","link":"https:\/\/www.musikzeitung.ch\/it\/rezensionen\/buecher-rezensionen\/2024\/12\/meinrad-schuetter-zu-unrecht-vernachlaessigt","title":{"rendered":"Meinrad Sch\u00fctter: ingiustamente trascurato"},"content":{"rendered":"<figure id=\"attachment_61353\" aria-describedby=\"caption-attachment-61353\" style=\"width: 839px\" class=\"wp-caption alignnone\"><img loading=\"lazy\" decoding=\"async\" class=\"wp-image-61353 size-full\" src=\"https:\/\/www.musikzeitung.ch\/wp-content\/uploads\/2024\/12\/MeinradSchuetter.jpeg\" alt=\"\" width=\"839\" height=\"647\" srcset=\"https:\/\/www.musikzeitung.ch\/wp-content\/uploads\/2024\/12\/MeinradSchuetter.jpeg 839w, https:\/\/www.musikzeitung.ch\/wp-content\/uploads\/2024\/12\/MeinradSchuetter-300x231.jpeg 300w, https:\/\/www.musikzeitung.ch\/wp-content\/uploads\/2024\/12\/MeinradSchuetter-768x592.jpeg 768w, https:\/\/www.musikzeitung.ch\/wp-content\/uploads\/2024\/12\/MeinradSchuetter-16x12.jpeg 16w, https:\/\/www.musikzeitung.ch\/wp-content\/uploads\/2024\/12\/MeinradSchuetter-227x175.jpeg 227w, https:\/\/www.musikzeitung.ch\/wp-content\/uploads\/2024\/12\/MeinradSchuetter-454x350.jpeg 454w\" sizes=\"auto, (max-width: 839px) 100vw, 839px\" \/><figcaption id=\"caption-attachment-61353\" class=\"wp-caption-text\">Foto: Societ\u00e0 Meinrad Sch\u00fctter<\/figcaption><\/figure>\n<p>\"Che opera! E chi ne sa qualcosa? Penso che sia qualcosa di molto speciale. E quanto \u00e8 diverso dalla frenesia che regna oggi\". Nella sua lettera al collega e contemporaneo Meinrad Sch\u00fctter (1910-2006), Robert Suter ha colto l'essenziale in poche parole: Da un lato, il suo entusiasmo per l'opera ricca e insolita di un compositore che ha scritto molte canzoni per pianoforte, numerose opere orchestrali opulente, una grande opera chiamata <em>Medea <\/em>e sotto forma di un <em>Grande fiera <\/em>si rivolse persino alla musica da chiesa, che nel XX secolo era diventata precaria. D'altra parte, le parole di Suter parlano anche di Sch\u00fctter come di un outsider. Da quando Carl Vogler, con un'arroganza quasi insopportabile, aveva rifiutato al giovane compositore l'ammissione al Tonk\u00fcnstlerverein, Sch\u00fctter non era mai riuscito a farsi strada nella vita musicale svizzera. \u00c8 stato a causa del suo particolare temperamento, della latente scabrosit\u00e0 delle sue opere o dei conservatori custodi del Graal come il signor Vogler?<\/p>\n<p>Il libro, scritto da Ute Stoecklin, compagna di lunga data di Meinrad Sch\u00fctter, fornisce le risposte. Ricco di dati biografici, corredato da numerosi documenti originali e fotografie, e non ultimo da molte analisi della sua opera e da un impressionante catalogo ragionato, riesce a ritrarre Sch\u00fctter da diverse angolazioni. Forse lo spazio che Stoecklin ha concesso a molte testimonianze contemporanee, tra cui ridondanti inni di lode, avrebbe potuto essere meglio utilizzato per analisi differenziate della sua opera, forse un autore con una prospettiva esterna sobria e distanziata avrebbe fatto bene al libro - il merito di Stoecklin rimane comunque intatto da tali critiche: La sua biografia di 230 pagine, accuratamente curata, fornisce le basi per uno studio pi\u00f9 approfondito di un compositore che - come dimostra il CD di accompagnamento di musica prevalentemente da camera - \u00e8 stato ingiustamente trascurato.<\/p>\n<p>Ute Stoecklin:<em> Meinrad Sch\u00fctter 1910-2006, Il lavoro di una vita in musica o \"L'arte di non lasciarsi disturbare\", <\/em><a href=\"https:\/\/www.mueller-schade.com\/Meinrad-Schuetter-Lebenswerk-Musik-Oder-zolldie-Kunst-Sich-Nicht-Stoeren-Zu-Lassenzoll-Stoecklin-Ute-MS2117-2510502.html\" target=\"_blank\" rel=\"noopener\">230 p., con CD, Fr. 44.50, M\u00fcller &amp; Schade, Berna 2010, ISBN 3-905760-06-4<\/a><\/p>\n<h3>Nuova edizione in inglese<\/h3>\n<p><em>Meinrad Sch\u00fctter - Compositore svizzero anticonformista, <\/em>di Ute Stoecklin, traduzione di Chris Walton. <a href=\"https:\/\/toccataclassics.com\/product\/meinrad-schutter\/\" target=\"_blank\" rel=\"noopener\">188 pagine, 23,3 x 15,5 cm, 16 illustrazioni a colori e 33 in b\/n, copertina rigida, ISBN: 978-0-907689-70-6<\/a><\/p>\n<p>Il nuovo catalogo ragionato dell'edizione rivista \u00e8 a cura di Chris Walton.<\/p>\n<p>&nbsp;<\/p>","protected":false},"excerpt":{"rendered":"<p>La biografia di Sch\u00fctter di Ute Stoecklin \u00e8 stata pubblicata nel 2010. Una versione riveduta in inglese \u00e8 stata ora pubblicata in Inghilterra. Cogliamo l'occasione per rendere pubblica la recensione di Torsten M\u00f6ller del marzo 2011.<\/p>","protected":false},"author":23,"featured_media":61353,"comment_status":"closed","ping_status":"closed","sticky":false,"template":"","format":"standard","meta":{"_acf_changed":false,"_relevanssi_hide_post":"","_relevanssi_hide_content":"","_relevanssi_pin_for_all":"","_relevanssi_pin_keywords":"","_relevanssi_unpin_keywords":"","_relevanssi_related_keywords":"","_relevanssi_related_include_ids":"","_relevanssi_related_exclude_ids":"","_relevanssi_related_no_append":"","_relevanssi_related_not_related":"","_relevanssi_related_posts":"","_relevanssi_noindex_reason":"","pgc_sgb_lightbox_settings":"","footnotes":""},"categories":[1214,29],"tags":[4633,4634],"class_list":["post-61327","post","type-post","status-publish","format-standard","has-post-thumbnail","hentry","category-buecher-rezensionen","category-rezensionen","tag-meinrad-schuetter","tag-ute-stoecklin"],"acf":[],"yoast_head":"<!-- This site is optimized with the Yoast SEO plugin v27.4 - https:\/\/yoast.com\/product\/yoast-seo-wordpress\/ -->\n<title>Meinrad Sch\u00fctter: Zu Unrecht vernachl\u00e4ssigt - Schweizer Musikzeitung<\/title>\n<meta name=\"description\" content=\"Ute Stoecklins Sch\u00fctter-Biografie ist 2010 erschienen. In England ist jetzt eine \u00fcberarbeitete Version auf Englisch herausgekommen.\" \/>\n<meta name=\"robots\" content=\"index, follow, max-snippet:-1, max-image-preview:large, max-video-preview:-1\" \/>\n<link rel=\"canonical\" href=\"https:\/\/www.musikzeitung.ch\/it\/rezensionen\/buecher-rezensionen\/2024\/12\/meinrad-schuetter-zu-unrecht-vernachlaessigt\/\" \/>\n<meta property=\"og:locale\" content=\"it_IT\" \/>\n<meta property=\"og:type\" content=\"article\" \/>\n<meta property=\"og:title\" content=\"Meinrad Sch\u00fctter: Zu Unrecht vernachl\u00e4ssigt - Schweizer Musikzeitung\" \/>\n<meta property=\"og:description\" content=\"Ute Stoecklins Sch\u00fctter-Biografie ist 2010 erschienen. In England ist jetzt eine \u00fcberarbeitete Version auf Englisch herausgekommen.\" \/>\n<meta property=\"og:url\" content=\"https:\/\/www.musikzeitung.ch\/it\/rezensionen\/buecher-rezensionen\/2024\/12\/meinrad-schuetter-zu-unrecht-vernachlaessigt\/\" \/>\n<meta property=\"og:site_name\" content=\"Schweizer Musikzeitung\" \/>\n<meta property=\"article:publisher\" content=\"https:\/\/www.facebook.com\/SchweizerMusikzeitung\/\" \/>\n<meta property=\"article:published_time\" content=\"2024-12-19T13:38:30+00:00\" \/>\n<meta property=\"article:modified_time\" content=\"2024-12-20T08:03:35+00:00\" \/>\n<meta property=\"og:image\" content=\"https:\/\/www.musikzeitung.ch\/wp-content\/uploads\/2024\/12\/MeinradSchuetter.jpeg\" \/>\n\t<meta property=\"og:image:width\" content=\"839\" \/>\n\t<meta property=\"og:image:height\" content=\"647\" \/>\n\t<meta property=\"og:image:type\" content=\"image\/jpeg\" \/>\n<meta name=\"author\" content=\"Katrin Spelinova\" \/>\n<meta name=\"twitter:card\" content=\"summary_large_image\" \/>\n<meta name=\"twitter:creator\" content=\"@testredaktor\" \/>\n<meta name=\"twitter:site\" content=\"@smusikzeitung\" \/>\n<meta name=\"twitter:label1\" content=\"Scritto da\" \/>\n\t<meta name=\"twitter:data1\" content=\"Katrin Spelinova\" \/>\n\t<meta name=\"twitter:label2\" content=\"Tempo di lettura stimato\" \/>\n\t<meta name=\"twitter:data2\" content=\"3 minuti\" \/>\n<script type=\"application\/ld+json\" class=\"yoast-schema-graph\">{\"@context\":\"https:\\\/\\\/schema.org\",\"@graph\":[{\"@type\":\"Article\",\"@id\":\"https:\\\/\\\/www.musikzeitung.ch\\\/rezensionen\\\/buecher-rezensionen\\\/2024\\\/12\\\/meinrad-schuetter-zu-unrecht-vernachlaessigt#article\",\"isPartOf\":{\"@id\":\"https:\\\/\\\/www.musikzeitung.ch\\\/rezensionen\\\/buecher-rezensionen\\\/2024\\\/12\\\/meinrad-schuetter-zu-unrecht-vernachlaessigt\"},\"author\":{\"name\":\"Katrin Spelinova\",\"@id\":\"https:\\\/\\\/www.musikzeitung.ch\\\/#\\\/schema\\\/person\\\/dce7e5b820812d9af4db2f787d1bec92\"},\"headline\":\"Meinrad Sch\u00fctter: Zu Unrecht vernachl\u00e4ssigt\",\"datePublished\":\"2024-12-19T13:38:30+00:00\",\"dateModified\":\"2024-12-20T08:03:35+00:00\",\"mainEntityOfPage\":{\"@id\":\"https:\\\/\\\/www.musikzeitung.ch\\\/rezensionen\\\/buecher-rezensionen\\\/2024\\\/12\\\/meinrad-schuetter-zu-unrecht-vernachlaessigt\"},\"wordCount\":374,\"publisher\":{\"@id\":\"https:\\\/\\\/www.musikzeitung.ch\\\/#organization\"},\"image\":{\"@id\":\"https:\\\/\\\/www.musikzeitung.ch\\\/rezensionen\\\/buecher-rezensionen\\\/2024\\\/12\\\/meinrad-schuetter-zu-unrecht-vernachlaessigt#primaryimage\"},\"thumbnailUrl\":\"https:\\\/\\\/www.musikzeitung.ch\\\/wp-content\\\/uploads\\\/2024\\\/12\\\/MeinradSchuetter.jpeg\",\"keywords\":[\"Meinrad Sch\u00fctter\",\"Ute Stoecklin\"],\"articleSection\":[\"B\u00fccher\",\"Rezensionen\"],\"inLanguage\":\"it-IT\"},{\"@type\":\"WebPage\",\"@id\":\"https:\\\/\\\/www.musikzeitung.ch\\\/rezensionen\\\/buecher-rezensionen\\\/2024\\\/12\\\/meinrad-schuetter-zu-unrecht-vernachlaessigt\",\"url\":\"https:\\\/\\\/www.musikzeitung.ch\\\/rezensionen\\\/buecher-rezensionen\\\/2024\\\/12\\\/meinrad-schuetter-zu-unrecht-vernachlaessigt\",\"name\":\"Meinrad Sch\u00fctter: Zu Unrecht vernachl\u00e4ssigt - Schweizer Musikzeitung\",\"isPartOf\":{\"@id\":\"https:\\\/\\\/www.musikzeitung.ch\\\/#website\"},\"primaryImageOfPage\":{\"@id\":\"https:\\\/\\\/www.musikzeitung.ch\\\/rezensionen\\\/buecher-rezensionen\\\/2024\\\/12\\\/meinrad-schuetter-zu-unrecht-vernachlaessigt#primaryimage\"},\"image\":{\"@id\":\"https:\\\/\\\/www.musikzeitung.ch\\\/rezensionen\\\/buecher-rezensionen\\\/2024\\\/12\\\/meinrad-schuetter-zu-unrecht-vernachlaessigt#primaryimage\"},\"thumbnailUrl\":\"https:\\\/\\\/www.musikzeitung.ch\\\/wp-content\\\/uploads\\\/2024\\\/12\\\/MeinradSchuetter.jpeg\",\"datePublished\":\"2024-12-19T13:38:30+00:00\",\"dateModified\":\"2024-12-20T08:03:35+00:00\",\"description\":\"Ute Stoecklins Sch\u00fctter-Biografie ist 2010 erschienen. In England ist jetzt eine \u00fcberarbeitete Version auf Englisch herausgekommen.\",\"breadcrumb\":{\"@id\":\"https:\\\/\\\/www.musikzeitung.ch\\\/rezensionen\\\/buecher-rezensionen\\\/2024\\\/12\\\/meinrad-schuetter-zu-unrecht-vernachlaessigt#breadcrumb\"},\"inLanguage\":\"it-IT\",\"potentialAction\":[{\"@type\":\"ReadAction\",\"target\":[\"https:\\\/\\\/www.musikzeitung.ch\\\/rezensionen\\\/buecher-rezensionen\\\/2024\\\/12\\\/meinrad-schuetter-zu-unrecht-vernachlaessigt\"]}]},{\"@type\":\"ImageObject\",\"inLanguage\":\"it-IT\",\"@id\":\"https:\\\/\\\/www.musikzeitung.ch\\\/rezensionen\\\/buecher-rezensionen\\\/2024\\\/12\\\/meinrad-schuetter-zu-unrecht-vernachlaessigt#primaryimage\",\"url\":\"https:\\\/\\\/www.musikzeitung.ch\\\/wp-content\\\/uploads\\\/2024\\\/12\\\/MeinradSchuetter.jpeg\",\"contentUrl\":\"https:\\\/\\\/www.musikzeitung.ch\\\/wp-content\\\/uploads\\\/2024\\\/12\\\/MeinradSchuetter.jpeg\",\"width\":839,\"height\":647},{\"@type\":\"BreadcrumbList\",\"@id\":\"https:\\\/\\\/www.musikzeitung.ch\\\/rezensionen\\\/buecher-rezensionen\\\/2024\\\/12\\\/meinrad-schuetter-zu-unrecht-vernachlaessigt#breadcrumb\",\"itemListElement\":[{\"@type\":\"ListItem\",\"position\":1,\"name\":\"Home\",\"item\":\"https:\\\/\\\/www.musikzeitung.ch\\\/\"},{\"@type\":\"ListItem\",\"position\":2,\"name\":\"Meinrad Sch\u00fctter: Zu Unrecht vernachl\u00e4ssigt\"}]},{\"@type\":\"WebSite\",\"@id\":\"https:\\\/\\\/www.musikzeitung.ch\\\/#website\",\"url\":\"https:\\\/\\\/www.musikzeitung.ch\\\/\",\"name\":\"Schweizer Musikzeitung\",\"description\":\"Die f\u00fchrende sparten\u00fcbergreifende Monatszeitung in der Schweiz f\u00fcr musikalische Fragen.\",\"publisher\":{\"@id\":\"https:\\\/\\\/www.musikzeitung.ch\\\/#organization\"},\"potentialAction\":[{\"@type\":\"SearchAction\",\"target\":{\"@type\":\"EntryPoint\",\"urlTemplate\":\"https:\\\/\\\/www.musikzeitung.ch\\\/?s={search_term_string}\"},\"query-input\":{\"@type\":\"PropertyValueSpecification\",\"valueRequired\":true,\"valueName\":\"search_term_string\"}}],\"inLanguage\":\"it-IT\"},{\"@type\":\"Organization\",\"@id\":\"https:\\\/\\\/www.musikzeitung.ch\\\/#organization\",\"name\":\"Schweizer Musikzeitung\",\"url\":\"https:\\\/\\\/www.musikzeitung.ch\\\/\",\"logo\":{\"@type\":\"ImageObject\",\"inLanguage\":\"it-IT\",\"@id\":\"https:\\\/\\\/www.musikzeitung.ch\\\/#\\\/schema\\\/logo\\\/image\\\/\",\"url\":\"https:\\\/\\\/www.musikzeitung.ch\\\/wp-content\\\/uploads\\\/2023\\\/01\\\/SMZ_Schriftzug_Sprache.png\",\"contentUrl\":\"https:\\\/\\\/www.musikzeitung.ch\\\/wp-content\\\/uploads\\\/2023\\\/01\\\/SMZ_Schriftzug_Sprache.png\",\"width\":1400,\"height\":279,\"caption\":\"Schweizer Musikzeitung\"},\"image\":{\"@id\":\"https:\\\/\\\/www.musikzeitung.ch\\\/#\\\/schema\\\/logo\\\/image\\\/\"},\"sameAs\":[\"https:\\\/\\\/www.facebook.com\\\/SchweizerMusikzeitung\\\/\",\"https:\\\/\\\/x.com\\\/smusikzeitung\",\"https:\\\/\\\/www.instagram.com\\\/musikzeitung.ch\\\/\"]},{\"@type\":\"Person\",\"@id\":\"https:\\\/\\\/www.musikzeitung.ch\\\/#\\\/schema\\\/person\\\/dce7e5b820812d9af4db2f787d1bec92\",\"name\":\"Katrin Spelinova\",\"image\":{\"@type\":\"ImageObject\",\"inLanguage\":\"it-IT\",\"@id\":\"https:\\\/\\\/secure.gravatar.com\\\/avatar\\\/2a2c2956e074ebca9bf65620496cd2e317d90b8c76450e9dd04d7cebf95eeada?s=96&d=mm&r=g\",\"url\":\"https:\\\/\\\/secure.gravatar.com\\\/avatar\\\/2a2c2956e074ebca9bf65620496cd2e317d90b8c76450e9dd04d7cebf95eeada?s=96&d=mm&r=g\",\"contentUrl\":\"https:\\\/\\\/secure.gravatar.com\\\/avatar\\\/2a2c2956e074ebca9bf65620496cd2e317d90b8c76450e9dd04d7cebf95eeada?s=96&d=mm&r=g\",\"caption\":\"Katrin Spelinova\"},\"sameAs\":[\"https:\\\/\\\/x.com\\\/testredaktor\"],\"url\":\"https:\\\/\\\/www.musikzeitung.ch\\\/it\\\/author\\\/spelkat\"}]}<\/script>\n<!-- \/ Yoast SEO plugin. -->","yoast_head_json":{"title":"Meinrad Sch\u00fctter: ingiustamente trascurato - Schweizer Musikzeitung","description":"La biografia di Sch\u00fctter di Ute Stoecklin \u00e8 stata pubblicata nel 2010. Una versione rivista in inglese \u00e8 stata pubblicata in Inghilterra.","robots":{"index":"index","follow":"follow","max-snippet":"max-snippet:-1","max-image-preview":"max-image-preview:large","max-video-preview":"max-video-preview:-1"},"canonical":"https:\/\/www.musikzeitung.ch\/it\/rezensionen\/buecher-rezensionen\/2024\/12\/meinrad-schuetter-zu-unrecht-vernachlaessigt\/","og_locale":"it_IT","og_type":"article","og_title":"Meinrad Sch\u00fctter: Zu Unrecht vernachl\u00e4ssigt - Schweizer Musikzeitung","og_description":"Ute Stoecklins Sch\u00fctter-Biografie ist 2010 erschienen. In England ist jetzt eine \u00fcberarbeitete Version auf Englisch herausgekommen.","og_url":"https:\/\/www.musikzeitung.ch\/it\/rezensionen\/buecher-rezensionen\/2024\/12\/meinrad-schuetter-zu-unrecht-vernachlaessigt\/","og_site_name":"Schweizer Musikzeitung","article_publisher":"https:\/\/www.facebook.com\/SchweizerMusikzeitung\/","article_published_time":"2024-12-19T13:38:30+00:00","article_modified_time":"2024-12-20T08:03:35+00:00","og_image":[{"width":839,"height":647,"url":"https:\/\/www.musikzeitung.ch\/wp-content\/uploads\/2024\/12\/MeinradSchuetter.jpeg","type":"image\/jpeg"}],"author":"Katrin Spelinova","twitter_card":"summary_large_image","twitter_creator":"@testredaktor","twitter_site":"@smusikzeitung","twitter_misc":{"Scritto da":"Katrin Spelinova","Tempo di lettura stimato":"3 minuti"},"schema":{"@context":"https:\/\/schema.org","@graph":[{"@type":"Article","@id":"https:\/\/www.musikzeitung.ch\/rezensionen\/buecher-rezensionen\/2024\/12\/meinrad-schuetter-zu-unrecht-vernachlaessigt#article","isPartOf":{"@id":"https:\/\/www.musikzeitung.ch\/rezensionen\/buecher-rezensionen\/2024\/12\/meinrad-schuetter-zu-unrecht-vernachlaessigt"},"author":{"name":"Katrin Spelinova","@id":"https:\/\/www.musikzeitung.ch\/#\/schema\/person\/dce7e5b820812d9af4db2f787d1bec92"},"headline":"Meinrad Sch\u00fctter: Zu Unrecht vernachl\u00e4ssigt","datePublished":"2024-12-19T13:38:30+00:00","dateModified":"2024-12-20T08:03:35+00:00","mainEntityOfPage":{"@id":"https:\/\/www.musikzeitung.ch\/rezensionen\/buecher-rezensionen\/2024\/12\/meinrad-schuetter-zu-unrecht-vernachlaessigt"},"wordCount":374,"publisher":{"@id":"https:\/\/www.musikzeitung.ch\/#organization"},"image":{"@id":"https:\/\/www.musikzeitung.ch\/rezensionen\/buecher-rezensionen\/2024\/12\/meinrad-schuetter-zu-unrecht-vernachlaessigt#primaryimage"},"thumbnailUrl":"https:\/\/www.musikzeitung.ch\/wp-content\/uploads\/2024\/12\/MeinradSchuetter.jpeg","keywords":["Meinrad Sch\u00fctter","Ute Stoecklin"],"articleSection":["B\u00fccher","Rezensionen"],"inLanguage":"it-IT"},{"@type":"WebPage","@id":"https:\/\/www.musikzeitung.ch\/rezensionen\/buecher-rezensionen\/2024\/12\/meinrad-schuetter-zu-unrecht-vernachlaessigt","url":"https:\/\/www.musikzeitung.ch\/rezensionen\/buecher-rezensionen\/2024\/12\/meinrad-schuetter-zu-unrecht-vernachlaessigt","name":"Meinrad Sch\u00fctter: ingiustamente trascurato - Schweizer Musikzeitung","isPartOf":{"@id":"https:\/\/www.musikzeitung.ch\/#website"},"primaryImageOfPage":{"@id":"https:\/\/www.musikzeitung.ch\/rezensionen\/buecher-rezensionen\/2024\/12\/meinrad-schuetter-zu-unrecht-vernachlaessigt#primaryimage"},"image":{"@id":"https:\/\/www.musikzeitung.ch\/rezensionen\/buecher-rezensionen\/2024\/12\/meinrad-schuetter-zu-unrecht-vernachlaessigt#primaryimage"},"thumbnailUrl":"https:\/\/www.musikzeitung.ch\/wp-content\/uploads\/2024\/12\/MeinradSchuetter.jpeg","datePublished":"2024-12-19T13:38:30+00:00","dateModified":"2024-12-20T08:03:35+00:00","description":"La biografia di Sch\u00fctter di Ute Stoecklin \u00e8 stata pubblicata nel 2010. Una versione rivista in inglese \u00e8 stata pubblicata in Inghilterra.","breadcrumb":{"@id":"https:\/\/www.musikzeitung.ch\/rezensionen\/buecher-rezensionen\/2024\/12\/meinrad-schuetter-zu-unrecht-vernachlaessigt#breadcrumb"},"inLanguage":"it-IT","potentialAction":[{"@type":"ReadAction","target":["https:\/\/www.musikzeitung.ch\/rezensionen\/buecher-rezensionen\/2024\/12\/meinrad-schuetter-zu-unrecht-vernachlaessigt"]}]},{"@type":"ImageObject","inLanguage":"it-IT","@id":"https:\/\/www.musikzeitung.ch\/rezensionen\/buecher-rezensionen\/2024\/12\/meinrad-schuetter-zu-unrecht-vernachlaessigt#primaryimage","url":"https:\/\/www.musikzeitung.ch\/wp-content\/uploads\/2024\/12\/MeinradSchuetter.jpeg","contentUrl":"https:\/\/www.musikzeitung.ch\/wp-content\/uploads\/2024\/12\/MeinradSchuetter.jpeg","width":839,"height":647},{"@type":"BreadcrumbList","@id":"https:\/\/www.musikzeitung.ch\/rezensionen\/buecher-rezensionen\/2024\/12\/meinrad-schuetter-zu-unrecht-vernachlaessigt#breadcrumb","itemListElement":[{"@type":"ListItem","position":1,"name":"Home","item":"https:\/\/www.musikzeitung.ch\/"},{"@type":"ListItem","position":2,"name":"Meinrad Sch\u00fctter: Zu Unrecht vernachl\u00e4ssigt"}]},{"@type":"WebSite","@id":"https:\/\/www.musikzeitung.ch\/#website","url":"https:\/\/www.musikzeitung.ch\/","name":"Giornale musicale svizzero","description":"Il principale mensile interdisciplinare della Svizzera per le questioni musicali.","publisher":{"@id":"https:\/\/www.musikzeitung.ch\/#organization"},"potentialAction":[{"@type":"SearchAction","target":{"@type":"EntryPoint","urlTemplate":"https:\/\/www.musikzeitung.ch\/?s={search_term_string}"},"query-input":{"@type":"PropertyValueSpecification","valueRequired":true,"valueName":"search_term_string"}}],"inLanguage":"it-IT"},{"@type":"Organization","@id":"https:\/\/www.musikzeitung.ch\/#organization","name":"Giornale musicale svizzero","url":"https:\/\/www.musikzeitung.ch\/","logo":{"@type":"ImageObject","inLanguage":"it-IT","@id":"https:\/\/www.musikzeitung.ch\/#\/schema\/logo\/image\/","url":"https:\/\/www.musikzeitung.ch\/wp-content\/uploads\/2023\/01\/SMZ_Schriftzug_Sprache.png","contentUrl":"https:\/\/www.musikzeitung.ch\/wp-content\/uploads\/2023\/01\/SMZ_Schriftzug_Sprache.png","width":1400,"height":279,"caption":"Schweizer Musikzeitung"},"image":{"@id":"https:\/\/www.musikzeitung.ch\/#\/schema\/logo\/image\/"},"sameAs":["https:\/\/www.facebook.com\/SchweizerMusikzeitung\/","https:\/\/x.com\/smusikzeitung","https:\/\/www.instagram.com\/musikzeitung.ch\/"]},{"@type":"Person","@id":"https:\/\/www.musikzeitung.ch\/#\/schema\/person\/dce7e5b820812d9af4db2f787d1bec92","name":"Katrin Spelinova","image":{"@type":"ImageObject","inLanguage":"it-IT","@id":"https:\/\/secure.gravatar.com\/avatar\/2a2c2956e074ebca9bf65620496cd2e317d90b8c76450e9dd04d7cebf95eeada?s=96&d=mm&r=g","url":"https:\/\/secure.gravatar.com\/avatar\/2a2c2956e074ebca9bf65620496cd2e317d90b8c76450e9dd04d7cebf95eeada?s=96&d=mm&r=g","contentUrl":"https:\/\/secure.gravatar.com\/avatar\/2a2c2956e074ebca9bf65620496cd2e317d90b8c76450e9dd04d7cebf95eeada?s=96&d=mm&r=g","caption":"Katrin Spelinova"},"sameAs":["https:\/\/x.com\/testredaktor"],"url":"https:\/\/www.musikzeitung.ch\/it\/author\/spelkat"}]}},"publishpress_future_workflow_manual_trigger":{"enabledWorkflows":[]},"_links":{"self":[{"href":"https:\/\/www.musikzeitung.ch\/it\/wp-json\/wp\/v2\/posts\/61327","targetHints":{"allow":["GET"]}}],"collection":[{"href":"https:\/\/www.musikzeitung.ch\/it\/wp-json\/wp\/v2\/posts"}],"about":[{"href":"https:\/\/www.musikzeitung.ch\/it\/wp-json\/wp\/v2\/types\/post"}],"author":[{"embeddable":true,"href":"https:\/\/www.musikzeitung.ch\/it\/wp-json\/wp\/v2\/users\/23"}],"replies":[{"embeddable":true,"href":"https:\/\/www.musikzeitung.ch\/it\/wp-json\/wp\/v2\/comments?post=61327"}],"version-history":[{"count":9,"href":"https:\/\/www.musikzeitung.ch\/it\/wp-json\/wp\/v2\/posts\/61327\/revisions"}],"predecessor-version":[{"id":61359,"href":"https:\/\/www.musikzeitung.ch\/it\/wp-json\/wp\/v2\/posts\/61327\/revisions\/61359"}],"wp:featuredmedia":[{"embeddable":true,"href":"https:\/\/www.musikzeitung.ch\/it\/wp-json\/wp\/v2\/media\/61353"}],"wp:attachment":[{"href":"https:\/\/www.musikzeitung.ch\/it\/wp-json\/wp\/v2\/media?parent=61327"}],"wp:term":[{"taxonomy":"category","embeddable":true,"href":"https:\/\/www.musikzeitung.ch\/it\/wp-json\/wp\/v2\/categories?post=61327"},{"taxonomy":"post_tag","embeddable":true,"href":"https:\/\/www.musikzeitung.ch\/it\/wp-json\/wp\/v2\/tags?post=61327"}],"curies":[{"name":"wp","href":"https:\/\/api.w.org\/{rel}","templated":true}]}}