{"id":61643,"date":"2025-01-09T01:23:37","date_gmt":"2025-01-09T00:23:37","guid":{"rendered":"https:\/\/www.musikzeitung.ch\/?p=61643"},"modified":"2025-01-09T10:18:51","modified_gmt":"2025-01-09T09:18:51","slug":"tod-der-tuerkischen-geigerin-ayla-erduran","status":"publish","type":"post","link":"https:\/\/www.musikzeitung.ch\/it\/news\/2025\/01\/tod-der-tuerkischen-geigerin-ayla-erduran","title":{"rendered":"Morte della violinista turca Ayla Erduran"},"content":{"rendered":"<figure id=\"attachment_61644\" aria-describedby=\"caption-attachment-61644\" style=\"width: 802px\" class=\"wp-caption alignnone\"><img loading=\"lazy\" decoding=\"async\" class=\"size-full wp-image-61644\" src=\"https:\/\/www.musikzeitung.ch\/wp-content\/uploads\/2025\/01\/250109erduran.jpg\" alt=\"\" width=\"802\" height=\"529\" srcset=\"https:\/\/www.musikzeitung.ch\/wp-content\/uploads\/2025\/01\/250109erduran.jpg 802w, https:\/\/www.musikzeitung.ch\/wp-content\/uploads\/2025\/01\/250109erduran-300x198.jpg 300w, https:\/\/www.musikzeitung.ch\/wp-content\/uploads\/2025\/01\/250109erduran-768x507.jpg 768w, https:\/\/www.musikzeitung.ch\/wp-content\/uploads\/2025\/01\/250109erduran-18x12.jpg 18w, https:\/\/www.musikzeitung.ch\/wp-content\/uploads\/2025\/01\/250109erduran-265x175.jpg 265w, https:\/\/www.musikzeitung.ch\/wp-content\/uploads\/2025\/01\/250109erduran-531x350.jpg 531w\" sizes=\"auto, (max-width: 802px) 100vw, 802px\" \/><figcaption id=\"caption-attachment-61644\" class=\"wp-caption-text\">Ayla Erduran (Foto: Aliye Berger)<\/figcaption><\/figure>\n<p>Ayla Erduran \u00e8 nata a Istanbul nel 1934, ha studiato con il virtuoso ungherese Karl Berger, \u00e8 stata considerata una bambina prodigio e ha tenuto una delle sue prime esibizioni pubbliche all'et\u00e0 di 11 anni. Dal 1946 si \u00e8 perfezionata al Conservatorio di Parigi e negli Stati Uniti, dove ha avuto tra i suoi insegnanti Ivan Galamian e Zino Francescatti. Fu anche mentore di David Oistrakh al Conservatorio di Mosca.<\/p>\n<p>La carriera internazionale di Erduran l'ha portata in Europa, Nord America, Medio Oriente e Africa. Si \u00e8 esibita con orchestre come la London Symphony Orchestra, la London Philharmonic Orchestra, l'Orchestre de la Suisse Romande, la Berlin RIAS, la Czech Philharmonic Orchestra e la Turkish State Orchestra.<\/p>\n<p>Dopo aver lavorato in Svizzera, Erduran \u00e8 tornata a Istanbul. Oltre allo status di artista di Stato turco, ha ricevuto il Premio Harriet Cohen Olga Verney nel 1964 e il Premio Beethoven dei Paesi Bassi nel 1970.<\/p>","protected":false},"excerpt":{"rendered":"<p>La violinista turca Ayla Erduran, che ha insegnato al Conservatorio di Losanna dal 1973 al 1990, \u00e8 morta all'et\u00e0 di 90 anni, secondo un comunicato del Ministero della Cultura turco.<\/p>","protected":false},"author":30,"featured_media":61644,"comment_status":"closed","ping_status":"closed","sticky":false,"template":"","format":"standard","meta":{"_acf_changed":false,"_relevanssi_hide_post":"","_relevanssi_hide_content":"","_relevanssi_pin_for_all":"","_relevanssi_pin_keywords":"","_relevanssi_unpin_keywords":"","_relevanssi_related_keywords":"","_relevanssi_related_include_ids":"","_relevanssi_related_exclude_ids":"","_relevanssi_related_no_append":"","_relevanssi_related_not_related":"","_relevanssi_related_posts":"","_relevanssi_noindex_reason":"","pgc_sgb_lightbox_settings":"","footnotes":""},"categories":[27],"tags":[4664],"class_list":["post-61643","post","type-post","status-publish","format-standard","has-post-thumbnail","hentry","category-news","tag-ayla-erduran"],"acf":[],"yoast_head":"<!-- This site is optimized with the Yoast SEO plugin v27.4 - https:\/\/yoast.com\/product\/yoast-seo-wordpress\/ -->\n<title>Tod der t\u00fcrkischen Geigerin Ayla Erduran - Schweizer Musikzeitung<\/title>\n<meta name=\"description\" content=\"Ayla Erduran, die am Conservatoire de Lausanne von 1973 bis 1990 einen Lehrauftrag innehatte, ist im Alter von 90 Jahren verstorben.\" \/>\n<meta name=\"robots\" content=\"index, follow, max-snippet:-1, max-image-preview:large, max-video-preview:-1\" \/>\n<link rel=\"canonical\" href=\"https:\/\/www.musikzeitung.ch\/it\/news\/2025\/01\/tod-der-tuerkischen-geigerin-ayla-erduran\/\" \/>\n<meta property=\"og:locale\" content=\"it_IT\" \/>\n<meta property=\"og:type\" content=\"article\" \/>\n<meta property=\"og:title\" content=\"Tod der t\u00fcrkischen Geigerin Ayla Erduran - Schweizer Musikzeitung\" \/>\n<meta property=\"og:description\" content=\"Ayla Erduran, die am Conservatoire de Lausanne von 1973 bis 1990 einen Lehrauftrag innehatte, ist im Alter von 90 Jahren verstorben.\" \/>\n<meta property=\"og:url\" content=\"https:\/\/www.musikzeitung.ch\/it\/news\/2025\/01\/tod-der-tuerkischen-geigerin-ayla-erduran\/\" \/>\n<meta property=\"og:site_name\" content=\"Schweizer Musikzeitung\" \/>\n<meta property=\"article:publisher\" content=\"https:\/\/www.facebook.com\/SchweizerMusikzeitung\/\" \/>\n<meta property=\"article:author\" content=\"https:\/\/www.facebook.com\/wolfgang.bohler.75\" \/>\n<meta property=\"article:published_time\" content=\"2025-01-09T00:23:37+00:00\" \/>\n<meta property=\"article:modified_time\" content=\"2025-01-09T09:18:51+00:00\" \/>\n<meta property=\"og:image\" content=\"https:\/\/www.musikzeitung.ch\/wp-content\/uploads\/2025\/01\/250109erduran.jpg\" \/>\n\t<meta property=\"og:image:width\" content=\"802\" \/>\n\t<meta property=\"og:image:height\" content=\"529\" \/>\n\t<meta property=\"og:image:type\" content=\"image\/jpeg\" \/>\n<meta name=\"author\" content=\"Wolfgang B\u00f6hler\" \/>\n<meta name=\"twitter:card\" content=\"summary_large_image\" \/>\n<meta name=\"twitter:creator\" content=\"@smusikzeitung\" \/>\n<meta name=\"twitter:site\" content=\"@smusikzeitung\" \/>\n<meta name=\"twitter:label1\" content=\"Scritto da\" \/>\n\t<meta name=\"twitter:data1\" content=\"Wolfgang B\u00f6hler\" \/>\n\t<meta name=\"twitter:label2\" content=\"Tempo di lettura stimato\" \/>\n\t<meta name=\"twitter:data2\" content=\"2 minuti\" \/>\n<script type=\"application\/ld+json\" class=\"yoast-schema-graph\">{\"@context\":\"https:\\\/\\\/schema.org\",\"@graph\":[{\"@type\":\"Article\",\"@id\":\"https:\\\/\\\/www.musikzeitung.ch\\\/news\\\/2025\\\/01\\\/tod-der-tuerkischen-geigerin-ayla-erduran#article\",\"isPartOf\":{\"@id\":\"https:\\\/\\\/www.musikzeitung.ch\\\/news\\\/2025\\\/01\\\/tod-der-tuerkischen-geigerin-ayla-erduran\"},\"author\":{\"name\":\"Wolfgang B\u00f6hler\",\"@id\":\"https:\\\/\\\/www.musikzeitung.ch\\\/#\\\/schema\\\/person\\\/0da4fb82d243f1252850a35d0e87cf0c\"},\"headline\":\"Tod der t\u00fcrkischen Geigerin Ayla Erduran\",\"datePublished\":\"2025-01-09T00:23:37+00:00\",\"dateModified\":\"2025-01-09T09:18:51+00:00\",\"mainEntityOfPage\":{\"@id\":\"https:\\\/\\\/www.musikzeitung.ch\\\/news\\\/2025\\\/01\\\/tod-der-tuerkischen-geigerin-ayla-erduran\"},\"wordCount\":156,\"publisher\":{\"@id\":\"https:\\\/\\\/www.musikzeitung.ch\\\/#organization\"},\"image\":{\"@id\":\"https:\\\/\\\/www.musikzeitung.ch\\\/news\\\/2025\\\/01\\\/tod-der-tuerkischen-geigerin-ayla-erduran#primaryimage\"},\"thumbnailUrl\":\"https:\\\/\\\/www.musikzeitung.ch\\\/wp-content\\\/uploads\\\/2025\\\/01\\\/250109erduran.jpg\",\"keywords\":[\"Ayla Erduran\"],\"articleSection\":[\"News\"],\"inLanguage\":\"it-IT\"},{\"@type\":\"WebPage\",\"@id\":\"https:\\\/\\\/www.musikzeitung.ch\\\/news\\\/2025\\\/01\\\/tod-der-tuerkischen-geigerin-ayla-erduran\",\"url\":\"https:\\\/\\\/www.musikzeitung.ch\\\/news\\\/2025\\\/01\\\/tod-der-tuerkischen-geigerin-ayla-erduran\",\"name\":\"Tod der t\u00fcrkischen Geigerin Ayla Erduran - Schweizer Musikzeitung\",\"isPartOf\":{\"@id\":\"https:\\\/\\\/www.musikzeitung.ch\\\/#website\"},\"primaryImageOfPage\":{\"@id\":\"https:\\\/\\\/www.musikzeitung.ch\\\/news\\\/2025\\\/01\\\/tod-der-tuerkischen-geigerin-ayla-erduran#primaryimage\"},\"image\":{\"@id\":\"https:\\\/\\\/www.musikzeitung.ch\\\/news\\\/2025\\\/01\\\/tod-der-tuerkischen-geigerin-ayla-erduran#primaryimage\"},\"thumbnailUrl\":\"https:\\\/\\\/www.musikzeitung.ch\\\/wp-content\\\/uploads\\\/2025\\\/01\\\/250109erduran.jpg\",\"datePublished\":\"2025-01-09T00:23:37+00:00\",\"dateModified\":\"2025-01-09T09:18:51+00:00\",\"description\":\"Ayla Erduran, die am Conservatoire de Lausanne von 1973 bis 1990 einen Lehrauftrag innehatte, ist im Alter von 90 Jahren verstorben.\",\"breadcrumb\":{\"@id\":\"https:\\\/\\\/www.musikzeitung.ch\\\/news\\\/2025\\\/01\\\/tod-der-tuerkischen-geigerin-ayla-erduran#breadcrumb\"},\"inLanguage\":\"it-IT\",\"potentialAction\":[{\"@type\":\"ReadAction\",\"target\":[\"https:\\\/\\\/www.musikzeitung.ch\\\/news\\\/2025\\\/01\\\/tod-der-tuerkischen-geigerin-ayla-erduran\"]}]},{\"@type\":\"ImageObject\",\"inLanguage\":\"it-IT\",\"@id\":\"https:\\\/\\\/www.musikzeitung.ch\\\/news\\\/2025\\\/01\\\/tod-der-tuerkischen-geigerin-ayla-erduran#primaryimage\",\"url\":\"https:\\\/\\\/www.musikzeitung.ch\\\/wp-content\\\/uploads\\\/2025\\\/01\\\/250109erduran.jpg\",\"contentUrl\":\"https:\\\/\\\/www.musikzeitung.ch\\\/wp-content\\\/uploads\\\/2025\\\/01\\\/250109erduran.jpg\",\"width\":802,\"height\":529,\"caption\":\"Ayla Erduran (Bild: Aliye Berger)\"},{\"@type\":\"BreadcrumbList\",\"@id\":\"https:\\\/\\\/www.musikzeitung.ch\\\/news\\\/2025\\\/01\\\/tod-der-tuerkischen-geigerin-ayla-erduran#breadcrumb\",\"itemListElement\":[{\"@type\":\"ListItem\",\"position\":1,\"name\":\"Home\",\"item\":\"https:\\\/\\\/www.musikzeitung.ch\\\/\"},{\"@type\":\"ListItem\",\"position\":2,\"name\":\"Tod der t\u00fcrkischen Geigerin Ayla Erduran\"}]},{\"@type\":\"WebSite\",\"@id\":\"https:\\\/\\\/www.musikzeitung.ch\\\/#website\",\"url\":\"https:\\\/\\\/www.musikzeitung.ch\\\/\",\"name\":\"Schweizer Musikzeitung\",\"description\":\"Die f\u00fchrende sparten\u00fcbergreifende Monatszeitung in der Schweiz f\u00fcr musikalische Fragen.\",\"publisher\":{\"@id\":\"https:\\\/\\\/www.musikzeitung.ch\\\/#organization\"},\"potentialAction\":[{\"@type\":\"SearchAction\",\"target\":{\"@type\":\"EntryPoint\",\"urlTemplate\":\"https:\\\/\\\/www.musikzeitung.ch\\\/?s={search_term_string}\"},\"query-input\":{\"@type\":\"PropertyValueSpecification\",\"valueRequired\":true,\"valueName\":\"search_term_string\"}}],\"inLanguage\":\"it-IT\"},{\"@type\":\"Organization\",\"@id\":\"https:\\\/\\\/www.musikzeitung.ch\\\/#organization\",\"name\":\"Schweizer Musikzeitung\",\"url\":\"https:\\\/\\\/www.musikzeitung.ch\\\/\",\"logo\":{\"@type\":\"ImageObject\",\"inLanguage\":\"it-IT\",\"@id\":\"https:\\\/\\\/www.musikzeitung.ch\\\/#\\\/schema\\\/logo\\\/image\\\/\",\"url\":\"https:\\\/\\\/www.musikzeitung.ch\\\/wp-content\\\/uploads\\\/2023\\\/01\\\/SMZ_Schriftzug_Sprache.png\",\"contentUrl\":\"https:\\\/\\\/www.musikzeitung.ch\\\/wp-content\\\/uploads\\\/2023\\\/01\\\/SMZ_Schriftzug_Sprache.png\",\"width\":1400,\"height\":279,\"caption\":\"Schweizer Musikzeitung\"},\"image\":{\"@id\":\"https:\\\/\\\/www.musikzeitung.ch\\\/#\\\/schema\\\/logo\\\/image\\\/\"},\"sameAs\":[\"https:\\\/\\\/www.facebook.com\\\/SchweizerMusikzeitung\\\/\",\"https:\\\/\\\/x.com\\\/smusikzeitung\",\"https:\\\/\\\/www.instagram.com\\\/musikzeitung.ch\\\/\"]},{\"@type\":\"Person\",\"@id\":\"https:\\\/\\\/www.musikzeitung.ch\\\/#\\\/schema\\\/person\\\/0da4fb82d243f1252850a35d0e87cf0c\",\"name\":\"Wolfgang B\u00f6hler\",\"image\":{\"@type\":\"ImageObject\",\"inLanguage\":\"it-IT\",\"@id\":\"https:\\\/\\\/www.musikzeitung.ch\\\/wp-content\\\/uploads\\\/2023\\\/01\\\/boehler_portraet_web-e1674139782246-96x96.jpg\",\"url\":\"https:\\\/\\\/www.musikzeitung.ch\\\/wp-content\\\/uploads\\\/2023\\\/01\\\/boehler_portraet_web-e1674139782246-96x96.jpg\",\"contentUrl\":\"https:\\\/\\\/www.musikzeitung.ch\\\/wp-content\\\/uploads\\\/2023\\\/01\\\/boehler_portraet_web-e1674139782246-96x96.jpg\",\"caption\":\"Wolfgang B\u00f6hler\"},\"sameAs\":[\"http:\\\/\\\/www.manacanto.ch\",\"https:\\\/\\\/www.facebook.com\\\/wolfgang.bohler.75\"],\"url\":\"https:\\\/\\\/www.musikzeitung.ch\\\/it\\\/author\\\/wolfgang-boehler\"}]}<\/script>\n<!-- \/ Yoast SEO plugin. -->","yoast_head_json":{"title":"Tod der t\u00fcrkischen Geigerin Ayla Erduran - Schweizer Musikzeitung","description":"Ayla Erduran, die am Conservatoire de Lausanne von 1973 bis 1990 einen Lehrauftrag innehatte, ist im Alter von 90 Jahren verstorben.","robots":{"index":"index","follow":"follow","max-snippet":"max-snippet:-1","max-image-preview":"max-image-preview:large","max-video-preview":"max-video-preview:-1"},"canonical":"https:\/\/www.musikzeitung.ch\/it\/news\/2025\/01\/tod-der-tuerkischen-geigerin-ayla-erduran\/","og_locale":"it_IT","og_type":"article","og_title":"Tod der t\u00fcrkischen Geigerin Ayla Erduran - Schweizer Musikzeitung","og_description":"Ayla Erduran, die am Conservatoire de Lausanne von 1973 bis 1990 einen Lehrauftrag innehatte, ist im Alter von 90 Jahren verstorben.","og_url":"https:\/\/www.musikzeitung.ch\/it\/news\/2025\/01\/tod-der-tuerkischen-geigerin-ayla-erduran\/","og_site_name":"Schweizer Musikzeitung","article_publisher":"https:\/\/www.facebook.com\/SchweizerMusikzeitung\/","article_author":"https:\/\/www.facebook.com\/wolfgang.bohler.75","article_published_time":"2025-01-09T00:23:37+00:00","article_modified_time":"2025-01-09T09:18:51+00:00","og_image":[{"width":802,"height":529,"url":"https:\/\/www.musikzeitung.ch\/wp-content\/uploads\/2025\/01\/250109erduran.jpg","type":"image\/jpeg"}],"author":"Wolfgang B\u00f6hler","twitter_card":"summary_large_image","twitter_creator":"@smusikzeitung","twitter_site":"@smusikzeitung","twitter_misc":{"Scritto da":"Wolfgang B\u00f6hler","Tempo di lettura stimato":"2 minuti"},"schema":{"@context":"https:\/\/schema.org","@graph":[{"@type":"Article","@id":"https:\/\/www.musikzeitung.ch\/news\/2025\/01\/tod-der-tuerkischen-geigerin-ayla-erduran#article","isPartOf":{"@id":"https:\/\/www.musikzeitung.ch\/news\/2025\/01\/tod-der-tuerkischen-geigerin-ayla-erduran"},"author":{"name":"Wolfgang B\u00f6hler","@id":"https:\/\/www.musikzeitung.ch\/#\/schema\/person\/0da4fb82d243f1252850a35d0e87cf0c"},"headline":"Tod der t\u00fcrkischen Geigerin Ayla Erduran","datePublished":"2025-01-09T00:23:37+00:00","dateModified":"2025-01-09T09:18:51+00:00","mainEntityOfPage":{"@id":"https:\/\/www.musikzeitung.ch\/news\/2025\/01\/tod-der-tuerkischen-geigerin-ayla-erduran"},"wordCount":156,"publisher":{"@id":"https:\/\/www.musikzeitung.ch\/#organization"},"image":{"@id":"https:\/\/www.musikzeitung.ch\/news\/2025\/01\/tod-der-tuerkischen-geigerin-ayla-erduran#primaryimage"},"thumbnailUrl":"https:\/\/www.musikzeitung.ch\/wp-content\/uploads\/2025\/01\/250109erduran.jpg","keywords":["Ayla Erduran"],"articleSection":["News"],"inLanguage":"it-IT"},{"@type":"WebPage","@id":"https:\/\/www.musikzeitung.ch\/news\/2025\/01\/tod-der-tuerkischen-geigerin-ayla-erduran","url":"https:\/\/www.musikzeitung.ch\/news\/2025\/01\/tod-der-tuerkischen-geigerin-ayla-erduran","name":"Tod der t\u00fcrkischen Geigerin Ayla Erduran - Schweizer Musikzeitung","isPartOf":{"@id":"https:\/\/www.musikzeitung.ch\/#website"},"primaryImageOfPage":{"@id":"https:\/\/www.musikzeitung.ch\/news\/2025\/01\/tod-der-tuerkischen-geigerin-ayla-erduran#primaryimage"},"image":{"@id":"https:\/\/www.musikzeitung.ch\/news\/2025\/01\/tod-der-tuerkischen-geigerin-ayla-erduran#primaryimage"},"thumbnailUrl":"https:\/\/www.musikzeitung.ch\/wp-content\/uploads\/2025\/01\/250109erduran.jpg","datePublished":"2025-01-09T00:23:37+00:00","dateModified":"2025-01-09T09:18:51+00:00","description":"Ayla Erduran, die am Conservatoire de Lausanne von 1973 bis 1990 einen Lehrauftrag innehatte, ist im Alter von 90 Jahren verstorben.","breadcrumb":{"@id":"https:\/\/www.musikzeitung.ch\/news\/2025\/01\/tod-der-tuerkischen-geigerin-ayla-erduran#breadcrumb"},"inLanguage":"it-IT","potentialAction":[{"@type":"ReadAction","target":["https:\/\/www.musikzeitung.ch\/news\/2025\/01\/tod-der-tuerkischen-geigerin-ayla-erduran"]}]},{"@type":"ImageObject","inLanguage":"it-IT","@id":"https:\/\/www.musikzeitung.ch\/news\/2025\/01\/tod-der-tuerkischen-geigerin-ayla-erduran#primaryimage","url":"https:\/\/www.musikzeitung.ch\/wp-content\/uploads\/2025\/01\/250109erduran.jpg","contentUrl":"https:\/\/www.musikzeitung.ch\/wp-content\/uploads\/2025\/01\/250109erduran.jpg","width":802,"height":529,"caption":"Ayla Erduran (Bild: Aliye Berger)"},{"@type":"BreadcrumbList","@id":"https:\/\/www.musikzeitung.ch\/news\/2025\/01\/tod-der-tuerkischen-geigerin-ayla-erduran#breadcrumb","itemListElement":[{"@type":"ListItem","position":1,"name":"Home","item":"https:\/\/www.musikzeitung.ch\/"},{"@type":"ListItem","position":2,"name":"Tod der t\u00fcrkischen Geigerin Ayla Erduran"}]},{"@type":"WebSite","@id":"https:\/\/www.musikzeitung.ch\/#website","url":"https:\/\/www.musikzeitung.ch\/","name":"Giornale musicale svizzero","description":"Il principale mensile interdisciplinare della Svizzera per le questioni musicali.","publisher":{"@id":"https:\/\/www.musikzeitung.ch\/#organization"},"potentialAction":[{"@type":"SearchAction","target":{"@type":"EntryPoint","urlTemplate":"https:\/\/www.musikzeitung.ch\/?s={search_term_string}"},"query-input":{"@type":"PropertyValueSpecification","valueRequired":true,"valueName":"search_term_string"}}],"inLanguage":"it-IT"},{"@type":"Organization","@id":"https:\/\/www.musikzeitung.ch\/#organization","name":"Giornale musicale svizzero","url":"https:\/\/www.musikzeitung.ch\/","logo":{"@type":"ImageObject","inLanguage":"it-IT","@id":"https:\/\/www.musikzeitung.ch\/#\/schema\/logo\/image\/","url":"https:\/\/www.musikzeitung.ch\/wp-content\/uploads\/2023\/01\/SMZ_Schriftzug_Sprache.png","contentUrl":"https:\/\/www.musikzeitung.ch\/wp-content\/uploads\/2023\/01\/SMZ_Schriftzug_Sprache.png","width":1400,"height":279,"caption":"Schweizer Musikzeitung"},"image":{"@id":"https:\/\/www.musikzeitung.ch\/#\/schema\/logo\/image\/"},"sameAs":["https:\/\/www.facebook.com\/SchweizerMusikzeitung\/","https:\/\/x.com\/smusikzeitung","https:\/\/www.instagram.com\/musikzeitung.ch\/"]},{"@type":"Person","@id":"https:\/\/www.musikzeitung.ch\/#\/schema\/person\/0da4fb82d243f1252850a35d0e87cf0c","name":"Wolfgang B\u00f6hler","image":{"@type":"ImageObject","inLanguage":"it-IT","@id":"https:\/\/www.musikzeitung.ch\/wp-content\/uploads\/2023\/01\/boehler_portraet_web-e1674139782246-96x96.jpg","url":"https:\/\/www.musikzeitung.ch\/wp-content\/uploads\/2023\/01\/boehler_portraet_web-e1674139782246-96x96.jpg","contentUrl":"https:\/\/www.musikzeitung.ch\/wp-content\/uploads\/2023\/01\/boehler_portraet_web-e1674139782246-96x96.jpg","caption":"Wolfgang B\u00f6hler"},"sameAs":["http:\/\/www.manacanto.ch","https:\/\/www.facebook.com\/wolfgang.bohler.75"],"url":"https:\/\/www.musikzeitung.ch\/it\/author\/wolfgang-boehler"}]}},"publishpress_future_workflow_manual_trigger":{"enabledWorkflows":[]},"_links":{"self":[{"href":"https:\/\/www.musikzeitung.ch\/it\/wp-json\/wp\/v2\/posts\/61643","targetHints":{"allow":["GET"]}}],"collection":[{"href":"https:\/\/www.musikzeitung.ch\/it\/wp-json\/wp\/v2\/posts"}],"about":[{"href":"https:\/\/www.musikzeitung.ch\/it\/wp-json\/wp\/v2\/types\/post"}],"author":[{"embeddable":true,"href":"https:\/\/www.musikzeitung.ch\/it\/wp-json\/wp\/v2\/users\/30"}],"replies":[{"embeddable":true,"href":"https:\/\/www.musikzeitung.ch\/it\/wp-json\/wp\/v2\/comments?post=61643"}],"version-history":[{"count":4,"href":"https:\/\/www.musikzeitung.ch\/it\/wp-json\/wp\/v2\/posts\/61643\/revisions"}],"predecessor-version":[{"id":61660,"href":"https:\/\/www.musikzeitung.ch\/it\/wp-json\/wp\/v2\/posts\/61643\/revisions\/61660"}],"wp:featuredmedia":[{"embeddable":true,"href":"https:\/\/www.musikzeitung.ch\/it\/wp-json\/wp\/v2\/media\/61644"}],"wp:attachment":[{"href":"https:\/\/www.musikzeitung.ch\/it\/wp-json\/wp\/v2\/media?parent=61643"}],"wp:term":[{"taxonomy":"category","embeddable":true,"href":"https:\/\/www.musikzeitung.ch\/it\/wp-json\/wp\/v2\/categories?post=61643"},{"taxonomy":"post_tag","embeddable":true,"href":"https:\/\/www.musikzeitung.ch\/it\/wp-json\/wp\/v2\/tags?post=61643"}],"curies":[{"name":"wp","href":"https:\/\/api.w.org\/{rel}","templated":true}]}}