{"id":61932,"date":"2025-01-22T12:49:17","date_gmt":"2025-01-22T11:49:17","guid":{"rendered":"https:\/\/www.musikzeitung.ch\/?p=61932"},"modified":"2025-01-22T14:16:25","modified_gmt":"2025-01-22T13:16:25","slug":"josep-vicent-wird-chefdirigent-der-argovia-philharmonic","status":"publish","type":"post","link":"https:\/\/www.musikzeitung.ch\/it\/news\/2025\/01\/josep-vicent-wird-chefdirigent-der-argovia-philharmonic","title":{"rendered":"Josep Vicent diventa direttore principale della Filarmonica di Argovia"},"content":{"rendered":"<figure id=\"attachment_61933\" aria-describedby=\"caption-attachment-61933\" style=\"width: 768px\" class=\"wp-caption alignnone\"><img loading=\"lazy\" decoding=\"async\" class=\"wp-image-61933 size-large\" src=\"https:\/\/www.musikzeitung.ch\/wp-content\/uploads\/2025\/01\/250122aargau-1024x681.jpg\" alt=\"\" width=\"768\" height=\"511\" srcset=\"https:\/\/www.musikzeitung.ch\/wp-content\/uploads\/2025\/01\/250122aargau-1024x681.jpg 1024w, https:\/\/www.musikzeitung.ch\/wp-content\/uploads\/2025\/01\/250122aargau-300x200.jpg 300w, https:\/\/www.musikzeitung.ch\/wp-content\/uploads\/2025\/01\/250122aargau-600x400.jpg 600w, https:\/\/www.musikzeitung.ch\/wp-content\/uploads\/2025\/01\/250122aargau-768x511.jpg 768w, https:\/\/www.musikzeitung.ch\/wp-content\/uploads\/2025\/01\/250122aargau-18x12.jpg 18w, https:\/\/www.musikzeitung.ch\/wp-content\/uploads\/2025\/01\/250122aargau-263x175.jpg 263w, https:\/\/www.musikzeitung.ch\/wp-content\/uploads\/2025\/01\/250122aargau-526x350.jpg 526w, https:\/\/www.musikzeitung.ch\/wp-content\/uploads\/2025\/01\/250122aargau-920x612.jpg 920w, https:\/\/www.musikzeitung.ch\/wp-content\/uploads\/2025\/01\/250122aargau.jpg 1079w\" sizes=\"auto, (max-width: 768px) 100vw, 768px\" \/><figcaption id=\"caption-attachment-61933\" class=\"wp-caption-text\">Josep Vicent (Immagine: Filarmonica Argovia\/Patrick H\u00fcrlimann)<\/figcaption><\/figure>\n<p><a href=\"https:\/\/josepvicent.com\/\" target=\"_blank\" rel=\"noopener\">Vicent<\/a> \u00e8 nato ad Altea, citt\u00e0 della Comunit\u00e0 Valenciana in Spagna, e ha studiato al Conservatorio Superior de M\u00fasica de Alicante e allo Sweelinck Conservatorium di Amsterdam. Dal 2015\/16 Josep Vicent \u00e8 direttore artistico e musicale dell'ADDA (Auditorio de Diputaci\u00f3n de Alicante) e direttore principale dell'ADDA Simf\u00f2nica Alicante. Ha lavorato con personalit\u00e0 come Maria Jo\u00e3o Pires, le Lab\u00e8que Sisters, Pinchas Zukerman, Anna Fedorova, Paquito D'Rivera, Miura, Ram\u00f3n Vargas e Ir\u00e9ne Theorin.<\/p>\n<p>Fondata nel 1963 come Orchestra Sinfonica di Argovia, dall'ottobre 2021 l'orchestra ha sede nella Alte Reithalle di Aarau. Dal 2001 al 2019, il direttore britannico Douglas Bostock \u00e8 stato il direttore principale dell'orchestra. Il norvegese Rune Bergmann \u00e8 direttore principale dalla stagione 2020\/21.<\/p>\n<p>&nbsp;<\/p>","protected":false},"excerpt":{"rendered":"<p>Lo spagnolo Josep Vicent assumer\u00e0 la carica di direttore principale e direttore artistico della Filarmonica di Argovia a partire dalla stagione 2025\/26. Succede a Rune Bergmann in questa posizione.<\/p>","protected":false},"author":30,"featured_media":61933,"comment_status":"closed","ping_status":"closed","sticky":false,"template":"","format":"standard","meta":{"_acf_changed":false,"_relevanssi_hide_post":"","_relevanssi_hide_content":"","_relevanssi_pin_for_all":"","_relevanssi_pin_keywords":"","_relevanssi_unpin_keywords":"","_relevanssi_related_keywords":"","_relevanssi_related_include_ids":"","_relevanssi_related_exclude_ids":"","_relevanssi_related_no_append":"","_relevanssi_related_not_related":"","_relevanssi_related_posts":"","_relevanssi_noindex_reason":"","pgc_sgb_lightbox_settings":"","footnotes":""},"categories":[27],"tags":[4545,4685],"class_list":["post-61932","post","type-post","status-publish","format-standard","has-post-thumbnail","hentry","category-news","tag-argovia-philharmonic","tag-josep-vicent"],"acf":[],"yoast_head":"<!-- This site is optimized with the Yoast SEO plugin v27.4 - https:\/\/yoast.com\/product\/yoast-seo-wordpress\/ -->\n<title>Josep Vicent wird Chefdirigent der Argovia Philharmonic - Schweizer Musikzeitung<\/title>\n<meta name=\"description\" content=\"Der Spanier \u00fcbernimmt ab der Saison 2025\/26 den Posten des Chefdirigenten und k\u00fcnstlerischen Leiters der Argovia Philharmonic. Er folgt auf Rune Bergmann.\" \/>\n<meta name=\"robots\" content=\"index, follow, max-snippet:-1, max-image-preview:large, max-video-preview:-1\" \/>\n<link rel=\"canonical\" href=\"https:\/\/www.musikzeitung.ch\/it\/news\/2025\/01\/josep-vicent-wird-chefdirigent-der-argovia-philharmonic\/\" \/>\n<meta property=\"og:locale\" content=\"it_IT\" \/>\n<meta property=\"og:type\" content=\"article\" \/>\n<meta property=\"og:title\" content=\"Josep Vicent wird Chefdirigent der Argovia Philharmonic - Schweizer Musikzeitung\" \/>\n<meta property=\"og:description\" content=\"Der Spanier \u00fcbernimmt ab der Saison 2025\/26 den Posten des Chefdirigenten und k\u00fcnstlerischen Leiters der Argovia Philharmonic. Er folgt auf Rune Bergmann.\" \/>\n<meta property=\"og:url\" content=\"https:\/\/www.musikzeitung.ch\/it\/news\/2025\/01\/josep-vicent-wird-chefdirigent-der-argovia-philharmonic\/\" \/>\n<meta property=\"og:site_name\" content=\"Schweizer Musikzeitung\" \/>\n<meta property=\"article:publisher\" content=\"https:\/\/www.facebook.com\/SchweizerMusikzeitung\/\" \/>\n<meta property=\"article:author\" content=\"https:\/\/www.facebook.com\/wolfgang.bohler.75\" \/>\n<meta property=\"article:published_time\" content=\"2025-01-22T11:49:17+00:00\" \/>\n<meta property=\"article:modified_time\" content=\"2025-01-22T13:16:25+00:00\" \/>\n<meta property=\"og:image\" content=\"https:\/\/www.musikzeitung.ch\/wp-content\/uploads\/2025\/01\/250122aargau.jpg\" \/>\n\t<meta property=\"og:image:width\" content=\"1079\" \/>\n\t<meta property=\"og:image:height\" content=\"718\" \/>\n\t<meta property=\"og:image:type\" content=\"image\/jpeg\" \/>\n<meta name=\"author\" content=\"Wolfgang B\u00f6hler\" \/>\n<meta name=\"twitter:card\" content=\"summary_large_image\" \/>\n<meta name=\"twitter:creator\" content=\"@smusikzeitung\" \/>\n<meta name=\"twitter:site\" content=\"@smusikzeitung\" \/>\n<meta name=\"twitter:label1\" content=\"Scritto da\" \/>\n\t<meta name=\"twitter:data1\" content=\"Wolfgang B\u00f6hler\" \/>\n\t<meta name=\"twitter:label2\" content=\"Tempo di lettura stimato\" \/>\n\t<meta name=\"twitter:data2\" content=\"2 minuti\" \/>\n<script type=\"application\/ld+json\" class=\"yoast-schema-graph\">{\"@context\":\"https:\\\/\\\/schema.org\",\"@graph\":[{\"@type\":\"Article\",\"@id\":\"https:\\\/\\\/www.musikzeitung.ch\\\/news\\\/2025\\\/01\\\/josep-vicent-wird-chefdirigent-der-argovia-philharmonic#article\",\"isPartOf\":{\"@id\":\"https:\\\/\\\/www.musikzeitung.ch\\\/news\\\/2025\\\/01\\\/josep-vicent-wird-chefdirigent-der-argovia-philharmonic\"},\"author\":{\"name\":\"Wolfgang B\u00f6hler\",\"@id\":\"https:\\\/\\\/www.musikzeitung.ch\\\/#\\\/schema\\\/person\\\/0da4fb82d243f1252850a35d0e87cf0c\"},\"headline\":\"Josep Vicent wird Chefdirigent der Argovia Philharmonic\",\"datePublished\":\"2025-01-22T11:49:17+00:00\",\"dateModified\":\"2025-01-22T13:16:25+00:00\",\"mainEntityOfPage\":{\"@id\":\"https:\\\/\\\/www.musikzeitung.ch\\\/news\\\/2025\\\/01\\\/josep-vicent-wird-chefdirigent-der-argovia-philharmonic\"},\"wordCount\":147,\"publisher\":{\"@id\":\"https:\\\/\\\/www.musikzeitung.ch\\\/#organization\"},\"image\":{\"@id\":\"https:\\\/\\\/www.musikzeitung.ch\\\/news\\\/2025\\\/01\\\/josep-vicent-wird-chefdirigent-der-argovia-philharmonic#primaryimage\"},\"thumbnailUrl\":\"https:\\\/\\\/www.musikzeitung.ch\\\/wp-content\\\/uploads\\\/2025\\\/01\\\/250122aargau.jpg\",\"keywords\":[\"Argovia Philharmonic\",\"Josep Vicent\"],\"articleSection\":[\"News\"],\"inLanguage\":\"it-IT\"},{\"@type\":\"WebPage\",\"@id\":\"https:\\\/\\\/www.musikzeitung.ch\\\/news\\\/2025\\\/01\\\/josep-vicent-wird-chefdirigent-der-argovia-philharmonic\",\"url\":\"https:\\\/\\\/www.musikzeitung.ch\\\/news\\\/2025\\\/01\\\/josep-vicent-wird-chefdirigent-der-argovia-philharmonic\",\"name\":\"Josep Vicent wird Chefdirigent der Argovia Philharmonic - Schweizer Musikzeitung\",\"isPartOf\":{\"@id\":\"https:\\\/\\\/www.musikzeitung.ch\\\/#website\"},\"primaryImageOfPage\":{\"@id\":\"https:\\\/\\\/www.musikzeitung.ch\\\/news\\\/2025\\\/01\\\/josep-vicent-wird-chefdirigent-der-argovia-philharmonic#primaryimage\"},\"image\":{\"@id\":\"https:\\\/\\\/www.musikzeitung.ch\\\/news\\\/2025\\\/01\\\/josep-vicent-wird-chefdirigent-der-argovia-philharmonic#primaryimage\"},\"thumbnailUrl\":\"https:\\\/\\\/www.musikzeitung.ch\\\/wp-content\\\/uploads\\\/2025\\\/01\\\/250122aargau.jpg\",\"datePublished\":\"2025-01-22T11:49:17+00:00\",\"dateModified\":\"2025-01-22T13:16:25+00:00\",\"description\":\"Der Spanier \u00fcbernimmt ab der Saison 2025\\\/26 den Posten des Chefdirigenten und k\u00fcnstlerischen Leiters der Argovia Philharmonic. Er folgt auf Rune Bergmann.\",\"breadcrumb\":{\"@id\":\"https:\\\/\\\/www.musikzeitung.ch\\\/news\\\/2025\\\/01\\\/josep-vicent-wird-chefdirigent-der-argovia-philharmonic#breadcrumb\"},\"inLanguage\":\"it-IT\",\"potentialAction\":[{\"@type\":\"ReadAction\",\"target\":[\"https:\\\/\\\/www.musikzeitung.ch\\\/news\\\/2025\\\/01\\\/josep-vicent-wird-chefdirigent-der-argovia-philharmonic\"]}]},{\"@type\":\"ImageObject\",\"inLanguage\":\"it-IT\",\"@id\":\"https:\\\/\\\/www.musikzeitung.ch\\\/news\\\/2025\\\/01\\\/josep-vicent-wird-chefdirigent-der-argovia-philharmonic#primaryimage\",\"url\":\"https:\\\/\\\/www.musikzeitung.ch\\\/wp-content\\\/uploads\\\/2025\\\/01\\\/250122aargau.jpg\",\"contentUrl\":\"https:\\\/\\\/www.musikzeitung.ch\\\/wp-content\\\/uploads\\\/2025\\\/01\\\/250122aargau.jpg\",\"width\":1079,\"height\":718},{\"@type\":\"BreadcrumbList\",\"@id\":\"https:\\\/\\\/www.musikzeitung.ch\\\/news\\\/2025\\\/01\\\/josep-vicent-wird-chefdirigent-der-argovia-philharmonic#breadcrumb\",\"itemListElement\":[{\"@type\":\"ListItem\",\"position\":1,\"name\":\"Home\",\"item\":\"https:\\\/\\\/www.musikzeitung.ch\\\/\"},{\"@type\":\"ListItem\",\"position\":2,\"name\":\"Josep Vicent wird Chefdirigent der Argovia Philharmonic\"}]},{\"@type\":\"WebSite\",\"@id\":\"https:\\\/\\\/www.musikzeitung.ch\\\/#website\",\"url\":\"https:\\\/\\\/www.musikzeitung.ch\\\/\",\"name\":\"Schweizer Musikzeitung\",\"description\":\"Die f\u00fchrende sparten\u00fcbergreifende Monatszeitung in der Schweiz f\u00fcr musikalische Fragen.\",\"publisher\":{\"@id\":\"https:\\\/\\\/www.musikzeitung.ch\\\/#organization\"},\"potentialAction\":[{\"@type\":\"SearchAction\",\"target\":{\"@type\":\"EntryPoint\",\"urlTemplate\":\"https:\\\/\\\/www.musikzeitung.ch\\\/?s={search_term_string}\"},\"query-input\":{\"@type\":\"PropertyValueSpecification\",\"valueRequired\":true,\"valueName\":\"search_term_string\"}}],\"inLanguage\":\"it-IT\"},{\"@type\":\"Organization\",\"@id\":\"https:\\\/\\\/www.musikzeitung.ch\\\/#organization\",\"name\":\"Schweizer Musikzeitung\",\"url\":\"https:\\\/\\\/www.musikzeitung.ch\\\/\",\"logo\":{\"@type\":\"ImageObject\",\"inLanguage\":\"it-IT\",\"@id\":\"https:\\\/\\\/www.musikzeitung.ch\\\/#\\\/schema\\\/logo\\\/image\\\/\",\"url\":\"https:\\\/\\\/www.musikzeitung.ch\\\/wp-content\\\/uploads\\\/2023\\\/01\\\/SMZ_Schriftzug_Sprache.png\",\"contentUrl\":\"https:\\\/\\\/www.musikzeitung.ch\\\/wp-content\\\/uploads\\\/2023\\\/01\\\/SMZ_Schriftzug_Sprache.png\",\"width\":1400,\"height\":279,\"caption\":\"Schweizer Musikzeitung\"},\"image\":{\"@id\":\"https:\\\/\\\/www.musikzeitung.ch\\\/#\\\/schema\\\/logo\\\/image\\\/\"},\"sameAs\":[\"https:\\\/\\\/www.facebook.com\\\/SchweizerMusikzeitung\\\/\",\"https:\\\/\\\/x.com\\\/smusikzeitung\",\"https:\\\/\\\/www.instagram.com\\\/musikzeitung.ch\\\/\"]},{\"@type\":\"Person\",\"@id\":\"https:\\\/\\\/www.musikzeitung.ch\\\/#\\\/schema\\\/person\\\/0da4fb82d243f1252850a35d0e87cf0c\",\"name\":\"Wolfgang B\u00f6hler\",\"image\":{\"@type\":\"ImageObject\",\"inLanguage\":\"it-IT\",\"@id\":\"https:\\\/\\\/www.musikzeitung.ch\\\/wp-content\\\/uploads\\\/2023\\\/01\\\/boehler_portraet_web-e1674139782246-96x96.jpg\",\"url\":\"https:\\\/\\\/www.musikzeitung.ch\\\/wp-content\\\/uploads\\\/2023\\\/01\\\/boehler_portraet_web-e1674139782246-96x96.jpg\",\"contentUrl\":\"https:\\\/\\\/www.musikzeitung.ch\\\/wp-content\\\/uploads\\\/2023\\\/01\\\/boehler_portraet_web-e1674139782246-96x96.jpg\",\"caption\":\"Wolfgang B\u00f6hler\"},\"sameAs\":[\"http:\\\/\\\/www.manacanto.ch\",\"https:\\\/\\\/www.facebook.com\\\/wolfgang.bohler.75\"],\"url\":\"https:\\\/\\\/www.musikzeitung.ch\\\/it\\\/author\\\/wolfgang-boehler\"}]}<\/script>\n<!-- \/ Yoast SEO plugin. -->","yoast_head_json":{"title":"Josep Vicent wird Chefdirigent der Argovia Philharmonic - Schweizer Musikzeitung","description":"Der Spanier \u00fcbernimmt ab der Saison 2025\/26 den Posten des Chefdirigenten und k\u00fcnstlerischen Leiters der Argovia Philharmonic. Er folgt auf Rune Bergmann.","robots":{"index":"index","follow":"follow","max-snippet":"max-snippet:-1","max-image-preview":"max-image-preview:large","max-video-preview":"max-video-preview:-1"},"canonical":"https:\/\/www.musikzeitung.ch\/it\/news\/2025\/01\/josep-vicent-wird-chefdirigent-der-argovia-philharmonic\/","og_locale":"it_IT","og_type":"article","og_title":"Josep Vicent wird Chefdirigent der Argovia Philharmonic - Schweizer Musikzeitung","og_description":"Der Spanier \u00fcbernimmt ab der Saison 2025\/26 den Posten des Chefdirigenten und k\u00fcnstlerischen Leiters der Argovia Philharmonic. Er folgt auf Rune Bergmann.","og_url":"https:\/\/www.musikzeitung.ch\/it\/news\/2025\/01\/josep-vicent-wird-chefdirigent-der-argovia-philharmonic\/","og_site_name":"Schweizer Musikzeitung","article_publisher":"https:\/\/www.facebook.com\/SchweizerMusikzeitung\/","article_author":"https:\/\/www.facebook.com\/wolfgang.bohler.75","article_published_time":"2025-01-22T11:49:17+00:00","article_modified_time":"2025-01-22T13:16:25+00:00","og_image":[{"width":1079,"height":718,"url":"https:\/\/www.musikzeitung.ch\/wp-content\/uploads\/2025\/01\/250122aargau.jpg","type":"image\/jpeg"}],"author":"Wolfgang B\u00f6hler","twitter_card":"summary_large_image","twitter_creator":"@smusikzeitung","twitter_site":"@smusikzeitung","twitter_misc":{"Scritto da":"Wolfgang B\u00f6hler","Tempo di lettura stimato":"2 minuti"},"schema":{"@context":"https:\/\/schema.org","@graph":[{"@type":"Article","@id":"https:\/\/www.musikzeitung.ch\/news\/2025\/01\/josep-vicent-wird-chefdirigent-der-argovia-philharmonic#article","isPartOf":{"@id":"https:\/\/www.musikzeitung.ch\/news\/2025\/01\/josep-vicent-wird-chefdirigent-der-argovia-philharmonic"},"author":{"name":"Wolfgang B\u00f6hler","@id":"https:\/\/www.musikzeitung.ch\/#\/schema\/person\/0da4fb82d243f1252850a35d0e87cf0c"},"headline":"Josep Vicent wird Chefdirigent der Argovia Philharmonic","datePublished":"2025-01-22T11:49:17+00:00","dateModified":"2025-01-22T13:16:25+00:00","mainEntityOfPage":{"@id":"https:\/\/www.musikzeitung.ch\/news\/2025\/01\/josep-vicent-wird-chefdirigent-der-argovia-philharmonic"},"wordCount":147,"publisher":{"@id":"https:\/\/www.musikzeitung.ch\/#organization"},"image":{"@id":"https:\/\/www.musikzeitung.ch\/news\/2025\/01\/josep-vicent-wird-chefdirigent-der-argovia-philharmonic#primaryimage"},"thumbnailUrl":"https:\/\/www.musikzeitung.ch\/wp-content\/uploads\/2025\/01\/250122aargau.jpg","keywords":["Argovia Philharmonic","Josep Vicent"],"articleSection":["News"],"inLanguage":"it-IT"},{"@type":"WebPage","@id":"https:\/\/www.musikzeitung.ch\/news\/2025\/01\/josep-vicent-wird-chefdirigent-der-argovia-philharmonic","url":"https:\/\/www.musikzeitung.ch\/news\/2025\/01\/josep-vicent-wird-chefdirigent-der-argovia-philharmonic","name":"Josep Vicent wird Chefdirigent der Argovia Philharmonic - Schweizer Musikzeitung","isPartOf":{"@id":"https:\/\/www.musikzeitung.ch\/#website"},"primaryImageOfPage":{"@id":"https:\/\/www.musikzeitung.ch\/news\/2025\/01\/josep-vicent-wird-chefdirigent-der-argovia-philharmonic#primaryimage"},"image":{"@id":"https:\/\/www.musikzeitung.ch\/news\/2025\/01\/josep-vicent-wird-chefdirigent-der-argovia-philharmonic#primaryimage"},"thumbnailUrl":"https:\/\/www.musikzeitung.ch\/wp-content\/uploads\/2025\/01\/250122aargau.jpg","datePublished":"2025-01-22T11:49:17+00:00","dateModified":"2025-01-22T13:16:25+00:00","description":"Der Spanier \u00fcbernimmt ab der Saison 2025\/26 den Posten des Chefdirigenten und k\u00fcnstlerischen Leiters der Argovia Philharmonic. Er folgt auf Rune Bergmann.","breadcrumb":{"@id":"https:\/\/www.musikzeitung.ch\/news\/2025\/01\/josep-vicent-wird-chefdirigent-der-argovia-philharmonic#breadcrumb"},"inLanguage":"it-IT","potentialAction":[{"@type":"ReadAction","target":["https:\/\/www.musikzeitung.ch\/news\/2025\/01\/josep-vicent-wird-chefdirigent-der-argovia-philharmonic"]}]},{"@type":"ImageObject","inLanguage":"it-IT","@id":"https:\/\/www.musikzeitung.ch\/news\/2025\/01\/josep-vicent-wird-chefdirigent-der-argovia-philharmonic#primaryimage","url":"https:\/\/www.musikzeitung.ch\/wp-content\/uploads\/2025\/01\/250122aargau.jpg","contentUrl":"https:\/\/www.musikzeitung.ch\/wp-content\/uploads\/2025\/01\/250122aargau.jpg","width":1079,"height":718},{"@type":"BreadcrumbList","@id":"https:\/\/www.musikzeitung.ch\/news\/2025\/01\/josep-vicent-wird-chefdirigent-der-argovia-philharmonic#breadcrumb","itemListElement":[{"@type":"ListItem","position":1,"name":"Home","item":"https:\/\/www.musikzeitung.ch\/"},{"@type":"ListItem","position":2,"name":"Josep Vicent wird Chefdirigent der Argovia Philharmonic"}]},{"@type":"WebSite","@id":"https:\/\/www.musikzeitung.ch\/#website","url":"https:\/\/www.musikzeitung.ch\/","name":"Giornale musicale svizzero","description":"Il principale mensile interdisciplinare della Svizzera per le questioni musicali.","publisher":{"@id":"https:\/\/www.musikzeitung.ch\/#organization"},"potentialAction":[{"@type":"SearchAction","target":{"@type":"EntryPoint","urlTemplate":"https:\/\/www.musikzeitung.ch\/?s={search_term_string}"},"query-input":{"@type":"PropertyValueSpecification","valueRequired":true,"valueName":"search_term_string"}}],"inLanguage":"it-IT"},{"@type":"Organization","@id":"https:\/\/www.musikzeitung.ch\/#organization","name":"Giornale musicale svizzero","url":"https:\/\/www.musikzeitung.ch\/","logo":{"@type":"ImageObject","inLanguage":"it-IT","@id":"https:\/\/www.musikzeitung.ch\/#\/schema\/logo\/image\/","url":"https:\/\/www.musikzeitung.ch\/wp-content\/uploads\/2023\/01\/SMZ_Schriftzug_Sprache.png","contentUrl":"https:\/\/www.musikzeitung.ch\/wp-content\/uploads\/2023\/01\/SMZ_Schriftzug_Sprache.png","width":1400,"height":279,"caption":"Schweizer Musikzeitung"},"image":{"@id":"https:\/\/www.musikzeitung.ch\/#\/schema\/logo\/image\/"},"sameAs":["https:\/\/www.facebook.com\/SchweizerMusikzeitung\/","https:\/\/x.com\/smusikzeitung","https:\/\/www.instagram.com\/musikzeitung.ch\/"]},{"@type":"Person","@id":"https:\/\/www.musikzeitung.ch\/#\/schema\/person\/0da4fb82d243f1252850a35d0e87cf0c","name":"Wolfgang B\u00f6hler","image":{"@type":"ImageObject","inLanguage":"it-IT","@id":"https:\/\/www.musikzeitung.ch\/wp-content\/uploads\/2023\/01\/boehler_portraet_web-e1674139782246-96x96.jpg","url":"https:\/\/www.musikzeitung.ch\/wp-content\/uploads\/2023\/01\/boehler_portraet_web-e1674139782246-96x96.jpg","contentUrl":"https:\/\/www.musikzeitung.ch\/wp-content\/uploads\/2023\/01\/boehler_portraet_web-e1674139782246-96x96.jpg","caption":"Wolfgang B\u00f6hler"},"sameAs":["http:\/\/www.manacanto.ch","https:\/\/www.facebook.com\/wolfgang.bohler.75"],"url":"https:\/\/www.musikzeitung.ch\/it\/author\/wolfgang-boehler"}]}},"publishpress_future_workflow_manual_trigger":{"enabledWorkflows":[]},"_links":{"self":[{"href":"https:\/\/www.musikzeitung.ch\/it\/wp-json\/wp\/v2\/posts\/61932","targetHints":{"allow":["GET"]}}],"collection":[{"href":"https:\/\/www.musikzeitung.ch\/it\/wp-json\/wp\/v2\/posts"}],"about":[{"href":"https:\/\/www.musikzeitung.ch\/it\/wp-json\/wp\/v2\/types\/post"}],"author":[{"embeddable":true,"href":"https:\/\/www.musikzeitung.ch\/it\/wp-json\/wp\/v2\/users\/30"}],"replies":[{"embeddable":true,"href":"https:\/\/www.musikzeitung.ch\/it\/wp-json\/wp\/v2\/comments?post=61932"}],"version-history":[{"count":5,"href":"https:\/\/www.musikzeitung.ch\/it\/wp-json\/wp\/v2\/posts\/61932\/revisions"}],"predecessor-version":[{"id":61940,"href":"https:\/\/www.musikzeitung.ch\/it\/wp-json\/wp\/v2\/posts\/61932\/revisions\/61940"}],"wp:featuredmedia":[{"embeddable":true,"href":"https:\/\/www.musikzeitung.ch\/it\/wp-json\/wp\/v2\/media\/61933"}],"wp:attachment":[{"href":"https:\/\/www.musikzeitung.ch\/it\/wp-json\/wp\/v2\/media?parent=61932"}],"wp:term":[{"taxonomy":"category","embeddable":true,"href":"https:\/\/www.musikzeitung.ch\/it\/wp-json\/wp\/v2\/categories?post=61932"},{"taxonomy":"post_tag","embeddable":true,"href":"https:\/\/www.musikzeitung.ch\/it\/wp-json\/wp\/v2\/tags?post=61932"}],"curies":[{"name":"wp","href":"https:\/\/api.w.org\/{rel}","templated":true}]}}