{"id":62106,"date":"2025-01-27T03:12:09","date_gmt":"2025-01-27T02:12:09","guid":{"rendered":"https:\/\/www.musikzeitung.ch\/?p=62106"},"modified":"2025-01-27T09:31:23","modified_gmt":"2025-01-27T08:31:23","slug":"im-hip-hop-geben-die-produzenten-den-ton-an","status":"publish","type":"post","link":"https:\/\/www.musikzeitung.ch\/it\/news\/2025\/01\/im-hip-hop-geben-die-produzenten-den-ton-an","title":{"rendered":"Nell'hip-hop sono i produttori a stabilire il tono"},"content":{"rendered":"<figure id=\"attachment_62107\" aria-describedby=\"caption-attachment-62107\" style=\"width: 768px\" class=\"wp-caption alignnone\"><img loading=\"lazy\" decoding=\"async\" class=\"size-large wp-image-62107\" src=\"https:\/\/www.musikzeitung.ch\/wp-content\/uploads\/2025\/01\/250127drdre-1024x700.jpg\" alt=\"\" width=\"768\" height=\"525\" srcset=\"https:\/\/www.musikzeitung.ch\/wp-content\/uploads\/2025\/01\/250127drdre-1024x700.jpg 1024w, https:\/\/www.musikzeitung.ch\/wp-content\/uploads\/2025\/01\/250127drdre-300x205.jpg 300w, https:\/\/www.musikzeitung.ch\/wp-content\/uploads\/2025\/01\/250127drdre-768x525.jpg 768w, https:\/\/www.musikzeitung.ch\/wp-content\/uploads\/2025\/01\/250127drdre-18x12.jpg 18w, https:\/\/www.musikzeitung.ch\/wp-content\/uploads\/2025\/01\/250127drdre-256x175.jpg 256w, https:\/\/www.musikzeitung.ch\/wp-content\/uploads\/2025\/01\/250127drdre-512x350.jpg 512w, https:\/\/www.musikzeitung.ch\/wp-content\/uploads\/2025\/01\/250127drdre-920x629.jpg 920w, https:\/\/www.musikzeitung.ch\/wp-content\/uploads\/2025\/01\/250127drdre.jpg 1129w\" sizes=\"auto, (max-width: 768px) 100vw, 768px\" \/><figcaption id=\"caption-attachment-62107\" class=\"wp-caption-text\">Snoop Dogg e Dr Dre, Coachella 2012 (Immagine: Wikimedia\/Jason Persse)<\/figcaption><\/figure>\n<p>Per determinare con maggiore precisione le caratteristiche sonore delle canzoni, il team guidato dal musicologo Tim Ziemer ha utilizzato gli MFCC (Mel Frequency Cepstral Coefficients), comunemente utilizzati nella pratica musicale. Gli MFCC sono caratteristiche che descrivono il cosiddetto equilibrio spettrale di una canzone, ossia il suono basso, brillante o sordo di un brano. I ricercatori hanno utilizzato anche il cosiddetto goniometro. Si tratta di un tipico strumento di analisi utilizzato negli studi di registrazione per determinare la dimensione spaziale di un mix.<\/p>\n<p>Secondo la dichiarazione dell'universit\u00e0, il risultato \u00e8 stato chiaro. Ogni produttore ha il proprio suono tipico, sia in termini di equilibrio spettrale che spaziale. Il profilo sonoro del produttore rimane dominante anche nell'interazione con le voci dei rapper. Anche la voce distintiva di un rapper non sembra influenzare il profilo sonoro tipico di un produttore.<\/p>\n<p><strong>Pubblicazione originale:<\/strong><br \/>\n<a href=\"https:\/\/aes2.org\/publications\/elibrary-page\/?id=22793\">https:\/\/aes2.org\/publications\/elibrary-page\/?id=22793<\/a><\/p>","protected":false},"excerpt":{"rendered":"<p>Spesso sono le star dei rapper a rivendicare la sovranit\u00e0 sul suono di un brano. Un team dell'Universit\u00e0 di Amburgo ha ora dimostrato che \u00e8 pi\u00f9 probabile che siano i produttori.<\/p>","protected":false},"author":30,"featured_media":62107,"comment_status":"closed","ping_status":"closed","sticky":false,"template":"","format":"standard","meta":{"_acf_changed":false,"_relevanssi_hide_post":"","_relevanssi_hide_content":"","_relevanssi_pin_for_all":"","_relevanssi_pin_keywords":"","_relevanssi_unpin_keywords":"","_relevanssi_related_keywords":"","_relevanssi_related_include_ids":"","_relevanssi_related_exclude_ids":"","_relevanssi_related_no_append":"","_relevanssi_related_not_related":"","_relevanssi_related_posts":"","_relevanssi_noindex_reason":"","pgc_sgb_lightbox_settings":"","footnotes":""},"categories":[27],"tags":[4699,2788],"class_list":["post-62106","post","type-post","status-publish","format-standard","has-post-thumbnail","hentry","category-news","tag-hip-hop","tag-universitaet-hamburg"],"acf":[],"yoast_head":"<!-- This site is optimized with the Yoast SEO plugin v27.5 - https:\/\/yoast.com\/product\/yoast-seo-wordpress\/ -->\n<title>Im Hip-Hop geben die Produzenten den Ton an - Schweizer Musikzeitung<\/title>\n<meta name=\"description\" content=\"H\u00e4ufig sind es die Star-Rapper, welche die Hoheit \u00fcber den Klang eines Tracks f\u00fcr sich beanspruchen. Eine Studie zeigt, dass es eher die Produzenten sind.\" \/>\n<meta name=\"robots\" content=\"index, follow, max-snippet:-1, max-image-preview:large, max-video-preview:-1\" \/>\n<link rel=\"canonical\" href=\"https:\/\/www.musikzeitung.ch\/it\/news\/2025\/01\/im-hip-hop-geben-die-produzenten-den-ton-an\/\" \/>\n<meta property=\"og:locale\" content=\"it_IT\" \/>\n<meta property=\"og:type\" content=\"article\" \/>\n<meta property=\"og:title\" content=\"Im Hip-Hop geben die Produzenten den Ton an - Schweizer Musikzeitung\" \/>\n<meta property=\"og:description\" content=\"H\u00e4ufig sind es die Star-Rapper, welche die Hoheit \u00fcber den Klang eines Tracks f\u00fcr sich beanspruchen. Eine Studie zeigt, dass es eher die Produzenten sind.\" \/>\n<meta property=\"og:url\" content=\"https:\/\/www.musikzeitung.ch\/it\/news\/2025\/01\/im-hip-hop-geben-die-produzenten-den-ton-an\/\" \/>\n<meta property=\"og:site_name\" content=\"Schweizer Musikzeitung\" \/>\n<meta property=\"article:publisher\" content=\"https:\/\/www.facebook.com\/SchweizerMusikzeitung\/\" \/>\n<meta property=\"article:author\" content=\"https:\/\/www.facebook.com\/wolfgang.bohler.75\" \/>\n<meta property=\"article:published_time\" content=\"2025-01-27T02:12:09+00:00\" \/>\n<meta property=\"article:modified_time\" content=\"2025-01-27T08:31:23+00:00\" \/>\n<meta property=\"og:image\" content=\"https:\/\/www.musikzeitung.ch\/wp-content\/uploads\/2025\/01\/250127drdre.jpg\" \/>\n\t<meta property=\"og:image:width\" content=\"1129\" \/>\n\t<meta property=\"og:image:height\" content=\"772\" \/>\n\t<meta property=\"og:image:type\" content=\"image\/jpeg\" \/>\n<meta name=\"author\" content=\"Wolfgang B\u00f6hler\" \/>\n<meta name=\"twitter:card\" content=\"summary_large_image\" \/>\n<meta name=\"twitter:creator\" content=\"@smusikzeitung\" \/>\n<meta name=\"twitter:site\" content=\"@smusikzeitung\" \/>\n<meta name=\"twitter:label1\" content=\"Scritto da\" \/>\n\t<meta name=\"twitter:data1\" content=\"Wolfgang B\u00f6hler\" \/>\n\t<meta name=\"twitter:label2\" content=\"Tempo di lettura stimato\" \/>\n\t<meta name=\"twitter:data2\" content=\"2 minuti\" \/>\n<script type=\"application\/ld+json\" class=\"yoast-schema-graph\">{\"@context\":\"https:\\\/\\\/schema.org\",\"@graph\":[{\"@type\":\"Article\",\"@id\":\"https:\\\/\\\/www.musikzeitung.ch\\\/news\\\/2025\\\/01\\\/im-hip-hop-geben-die-produzenten-den-ton-an#article\",\"isPartOf\":{\"@id\":\"https:\\\/\\\/www.musikzeitung.ch\\\/news\\\/2025\\\/01\\\/im-hip-hop-geben-die-produzenten-den-ton-an\"},\"author\":{\"name\":\"Wolfgang B\u00f6hler\",\"@id\":\"https:\\\/\\\/www.musikzeitung.ch\\\/#\\\/schema\\\/person\\\/0da4fb82d243f1252850a35d0e87cf0c\"},\"headline\":\"Im Hip-Hop geben die Produzenten den Ton an\",\"datePublished\":\"2025-01-27T02:12:09+00:00\",\"dateModified\":\"2025-01-27T08:31:23+00:00\",\"mainEntityOfPage\":{\"@id\":\"https:\\\/\\\/www.musikzeitung.ch\\\/news\\\/2025\\\/01\\\/im-hip-hop-geben-die-produzenten-den-ton-an\"},\"wordCount\":167,\"publisher\":{\"@id\":\"https:\\\/\\\/www.musikzeitung.ch\\\/#organization\"},\"image\":{\"@id\":\"https:\\\/\\\/www.musikzeitung.ch\\\/news\\\/2025\\\/01\\\/im-hip-hop-geben-die-produzenten-den-ton-an#primaryimage\"},\"thumbnailUrl\":\"https:\\\/\\\/www.musikzeitung.ch\\\/wp-content\\\/uploads\\\/2025\\\/01\\\/250127drdre.jpg\",\"keywords\":[\"Hip-Hop\",\"Universit\u00e4t Hamburg\"],\"articleSection\":[\"News\"],\"inLanguage\":\"it-IT\"},{\"@type\":\"WebPage\",\"@id\":\"https:\\\/\\\/www.musikzeitung.ch\\\/news\\\/2025\\\/01\\\/im-hip-hop-geben-die-produzenten-den-ton-an\",\"url\":\"https:\\\/\\\/www.musikzeitung.ch\\\/news\\\/2025\\\/01\\\/im-hip-hop-geben-die-produzenten-den-ton-an\",\"name\":\"Im Hip-Hop geben die Produzenten den Ton an - Schweizer Musikzeitung\",\"isPartOf\":{\"@id\":\"https:\\\/\\\/www.musikzeitung.ch\\\/#website\"},\"primaryImageOfPage\":{\"@id\":\"https:\\\/\\\/www.musikzeitung.ch\\\/news\\\/2025\\\/01\\\/im-hip-hop-geben-die-produzenten-den-ton-an#primaryimage\"},\"image\":{\"@id\":\"https:\\\/\\\/www.musikzeitung.ch\\\/news\\\/2025\\\/01\\\/im-hip-hop-geben-die-produzenten-den-ton-an#primaryimage\"},\"thumbnailUrl\":\"https:\\\/\\\/www.musikzeitung.ch\\\/wp-content\\\/uploads\\\/2025\\\/01\\\/250127drdre.jpg\",\"datePublished\":\"2025-01-27T02:12:09+00:00\",\"dateModified\":\"2025-01-27T08:31:23+00:00\",\"description\":\"H\u00e4ufig sind es die Star-Rapper, welche die Hoheit \u00fcber den Klang eines Tracks f\u00fcr sich beanspruchen. Eine Studie zeigt, dass es eher die Produzenten sind.\",\"breadcrumb\":{\"@id\":\"https:\\\/\\\/www.musikzeitung.ch\\\/news\\\/2025\\\/01\\\/im-hip-hop-geben-die-produzenten-den-ton-an#breadcrumb\"},\"inLanguage\":\"it-IT\",\"potentialAction\":[{\"@type\":\"ReadAction\",\"target\":[\"https:\\\/\\\/www.musikzeitung.ch\\\/news\\\/2025\\\/01\\\/im-hip-hop-geben-die-produzenten-den-ton-an\"]}]},{\"@type\":\"ImageObject\",\"inLanguage\":\"it-IT\",\"@id\":\"https:\\\/\\\/www.musikzeitung.ch\\\/news\\\/2025\\\/01\\\/im-hip-hop-geben-die-produzenten-den-ton-an#primaryimage\",\"url\":\"https:\\\/\\\/www.musikzeitung.ch\\\/wp-content\\\/uploads\\\/2025\\\/01\\\/250127drdre.jpg\",\"contentUrl\":\"https:\\\/\\\/www.musikzeitung.ch\\\/wp-content\\\/uploads\\\/2025\\\/01\\\/250127drdre.jpg\",\"width\":1129,\"height\":772,\"caption\":\"Snoop Dogg und Dr. Dre, Coachella 2012 (Bild: Wikimedia\\\/Jason Persse)\"},{\"@type\":\"BreadcrumbList\",\"@id\":\"https:\\\/\\\/www.musikzeitung.ch\\\/news\\\/2025\\\/01\\\/im-hip-hop-geben-die-produzenten-den-ton-an#breadcrumb\",\"itemListElement\":[{\"@type\":\"ListItem\",\"position\":1,\"name\":\"Home\",\"item\":\"https:\\\/\\\/www.musikzeitung.ch\\\/\"},{\"@type\":\"ListItem\",\"position\":2,\"name\":\"Im Hip-Hop geben die Produzenten den Ton an\"}]},{\"@type\":\"WebSite\",\"@id\":\"https:\\\/\\\/www.musikzeitung.ch\\\/#website\",\"url\":\"https:\\\/\\\/www.musikzeitung.ch\\\/\",\"name\":\"Schweizer Musikzeitung\",\"description\":\"Die f\u00fchrende sparten\u00fcbergreifende Monatszeitung in der Schweiz f\u00fcr musikalische Fragen.\",\"publisher\":{\"@id\":\"https:\\\/\\\/www.musikzeitung.ch\\\/#organization\"},\"potentialAction\":[{\"@type\":\"SearchAction\",\"target\":{\"@type\":\"EntryPoint\",\"urlTemplate\":\"https:\\\/\\\/www.musikzeitung.ch\\\/?s={search_term_string}\"},\"query-input\":{\"@type\":\"PropertyValueSpecification\",\"valueRequired\":true,\"valueName\":\"search_term_string\"}}],\"inLanguage\":\"it-IT\"},{\"@type\":\"Organization\",\"@id\":\"https:\\\/\\\/www.musikzeitung.ch\\\/#organization\",\"name\":\"Schweizer Musikzeitung\",\"url\":\"https:\\\/\\\/www.musikzeitung.ch\\\/\",\"logo\":{\"@type\":\"ImageObject\",\"inLanguage\":\"it-IT\",\"@id\":\"https:\\\/\\\/www.musikzeitung.ch\\\/#\\\/schema\\\/logo\\\/image\\\/\",\"url\":\"https:\\\/\\\/www.musikzeitung.ch\\\/wp-content\\\/uploads\\\/2023\\\/01\\\/SMZ_Schriftzug_Sprache.png\",\"contentUrl\":\"https:\\\/\\\/www.musikzeitung.ch\\\/wp-content\\\/uploads\\\/2023\\\/01\\\/SMZ_Schriftzug_Sprache.png\",\"width\":1400,\"height\":279,\"caption\":\"Schweizer Musikzeitung\"},\"image\":{\"@id\":\"https:\\\/\\\/www.musikzeitung.ch\\\/#\\\/schema\\\/logo\\\/image\\\/\"},\"sameAs\":[\"https:\\\/\\\/www.facebook.com\\\/SchweizerMusikzeitung\\\/\",\"https:\\\/\\\/x.com\\\/smusikzeitung\",\"https:\\\/\\\/www.instagram.com\\\/musikzeitung.ch\\\/\"]},{\"@type\":\"Person\",\"@id\":\"https:\\\/\\\/www.musikzeitung.ch\\\/#\\\/schema\\\/person\\\/0da4fb82d243f1252850a35d0e87cf0c\",\"name\":\"Wolfgang B\u00f6hler\",\"image\":{\"@type\":\"ImageObject\",\"inLanguage\":\"it-IT\",\"@id\":\"https:\\\/\\\/www.musikzeitung.ch\\\/wp-content\\\/uploads\\\/2023\\\/01\\\/boehler_portraet_web-e1674139782246-96x96.jpg\",\"url\":\"https:\\\/\\\/www.musikzeitung.ch\\\/wp-content\\\/uploads\\\/2023\\\/01\\\/boehler_portraet_web-e1674139782246-96x96.jpg\",\"contentUrl\":\"https:\\\/\\\/www.musikzeitung.ch\\\/wp-content\\\/uploads\\\/2023\\\/01\\\/boehler_portraet_web-e1674139782246-96x96.jpg\",\"caption\":\"Wolfgang B\u00f6hler\"},\"sameAs\":[\"http:\\\/\\\/www.manacanto.ch\",\"https:\\\/\\\/www.facebook.com\\\/wolfgang.bohler.75\"],\"url\":\"https:\\\/\\\/www.musikzeitung.ch\\\/it\\\/author\\\/wolfgang-boehler\"}]}<\/script>\n<!-- \/ Yoast SEO plugin. -->","yoast_head_json":{"title":"Im Hip-Hop geben die Produzenten den Ton an - Schweizer Musikzeitung","description":"H\u00e4ufig sind es die Star-Rapper, welche die Hoheit \u00fcber den Klang eines Tracks f\u00fcr sich beanspruchen. Eine Studie zeigt, dass es eher die Produzenten sind.","robots":{"index":"index","follow":"follow","max-snippet":"max-snippet:-1","max-image-preview":"max-image-preview:large","max-video-preview":"max-video-preview:-1"},"canonical":"https:\/\/www.musikzeitung.ch\/it\/news\/2025\/01\/im-hip-hop-geben-die-produzenten-den-ton-an\/","og_locale":"it_IT","og_type":"article","og_title":"Im Hip-Hop geben die Produzenten den Ton an - Schweizer Musikzeitung","og_description":"H\u00e4ufig sind es die Star-Rapper, welche die Hoheit \u00fcber den Klang eines Tracks f\u00fcr sich beanspruchen. Eine Studie zeigt, dass es eher die Produzenten sind.","og_url":"https:\/\/www.musikzeitung.ch\/it\/news\/2025\/01\/im-hip-hop-geben-die-produzenten-den-ton-an\/","og_site_name":"Schweizer Musikzeitung","article_publisher":"https:\/\/www.facebook.com\/SchweizerMusikzeitung\/","article_author":"https:\/\/www.facebook.com\/wolfgang.bohler.75","article_published_time":"2025-01-27T02:12:09+00:00","article_modified_time":"2025-01-27T08:31:23+00:00","og_image":[{"width":1129,"height":772,"url":"https:\/\/www.musikzeitung.ch\/wp-content\/uploads\/2025\/01\/250127drdre.jpg","type":"image\/jpeg"}],"author":"Wolfgang B\u00f6hler","twitter_card":"summary_large_image","twitter_creator":"@smusikzeitung","twitter_site":"@smusikzeitung","twitter_misc":{"Scritto da":"Wolfgang B\u00f6hler","Tempo di lettura stimato":"2 minuti"},"schema":{"@context":"https:\/\/schema.org","@graph":[{"@type":"Article","@id":"https:\/\/www.musikzeitung.ch\/news\/2025\/01\/im-hip-hop-geben-die-produzenten-den-ton-an#article","isPartOf":{"@id":"https:\/\/www.musikzeitung.ch\/news\/2025\/01\/im-hip-hop-geben-die-produzenten-den-ton-an"},"author":{"name":"Wolfgang B\u00f6hler","@id":"https:\/\/www.musikzeitung.ch\/#\/schema\/person\/0da4fb82d243f1252850a35d0e87cf0c"},"headline":"Im Hip-Hop geben die Produzenten den Ton an","datePublished":"2025-01-27T02:12:09+00:00","dateModified":"2025-01-27T08:31:23+00:00","mainEntityOfPage":{"@id":"https:\/\/www.musikzeitung.ch\/news\/2025\/01\/im-hip-hop-geben-die-produzenten-den-ton-an"},"wordCount":167,"publisher":{"@id":"https:\/\/www.musikzeitung.ch\/#organization"},"image":{"@id":"https:\/\/www.musikzeitung.ch\/news\/2025\/01\/im-hip-hop-geben-die-produzenten-den-ton-an#primaryimage"},"thumbnailUrl":"https:\/\/www.musikzeitung.ch\/wp-content\/uploads\/2025\/01\/250127drdre.jpg","keywords":["Hip-Hop","Universit\u00e4t Hamburg"],"articleSection":["News"],"inLanguage":"it-IT"},{"@type":"WebPage","@id":"https:\/\/www.musikzeitung.ch\/news\/2025\/01\/im-hip-hop-geben-die-produzenten-den-ton-an","url":"https:\/\/www.musikzeitung.ch\/news\/2025\/01\/im-hip-hop-geben-die-produzenten-den-ton-an","name":"Im Hip-Hop geben die Produzenten den Ton an - Schweizer Musikzeitung","isPartOf":{"@id":"https:\/\/www.musikzeitung.ch\/#website"},"primaryImageOfPage":{"@id":"https:\/\/www.musikzeitung.ch\/news\/2025\/01\/im-hip-hop-geben-die-produzenten-den-ton-an#primaryimage"},"image":{"@id":"https:\/\/www.musikzeitung.ch\/news\/2025\/01\/im-hip-hop-geben-die-produzenten-den-ton-an#primaryimage"},"thumbnailUrl":"https:\/\/www.musikzeitung.ch\/wp-content\/uploads\/2025\/01\/250127drdre.jpg","datePublished":"2025-01-27T02:12:09+00:00","dateModified":"2025-01-27T08:31:23+00:00","description":"H\u00e4ufig sind es die Star-Rapper, welche die Hoheit \u00fcber den Klang eines Tracks f\u00fcr sich beanspruchen. Eine Studie zeigt, dass es eher die Produzenten sind.","breadcrumb":{"@id":"https:\/\/www.musikzeitung.ch\/news\/2025\/01\/im-hip-hop-geben-die-produzenten-den-ton-an#breadcrumb"},"inLanguage":"it-IT","potentialAction":[{"@type":"ReadAction","target":["https:\/\/www.musikzeitung.ch\/news\/2025\/01\/im-hip-hop-geben-die-produzenten-den-ton-an"]}]},{"@type":"ImageObject","inLanguage":"it-IT","@id":"https:\/\/www.musikzeitung.ch\/news\/2025\/01\/im-hip-hop-geben-die-produzenten-den-ton-an#primaryimage","url":"https:\/\/www.musikzeitung.ch\/wp-content\/uploads\/2025\/01\/250127drdre.jpg","contentUrl":"https:\/\/www.musikzeitung.ch\/wp-content\/uploads\/2025\/01\/250127drdre.jpg","width":1129,"height":772,"caption":"Snoop Dogg und Dr. Dre, Coachella 2012 (Bild: Wikimedia\/Jason Persse)"},{"@type":"BreadcrumbList","@id":"https:\/\/www.musikzeitung.ch\/news\/2025\/01\/im-hip-hop-geben-die-produzenten-den-ton-an#breadcrumb","itemListElement":[{"@type":"ListItem","position":1,"name":"Home","item":"https:\/\/www.musikzeitung.ch\/"},{"@type":"ListItem","position":2,"name":"Im Hip-Hop geben die Produzenten den Ton an"}]},{"@type":"WebSite","@id":"https:\/\/www.musikzeitung.ch\/#website","url":"https:\/\/www.musikzeitung.ch\/","name":"Giornale musicale svizzero","description":"Il principale mensile interdisciplinare della Svizzera per le questioni musicali.","publisher":{"@id":"https:\/\/www.musikzeitung.ch\/#organization"},"potentialAction":[{"@type":"SearchAction","target":{"@type":"EntryPoint","urlTemplate":"https:\/\/www.musikzeitung.ch\/?s={search_term_string}"},"query-input":{"@type":"PropertyValueSpecification","valueRequired":true,"valueName":"search_term_string"}}],"inLanguage":"it-IT"},{"@type":"Organization","@id":"https:\/\/www.musikzeitung.ch\/#organization","name":"Giornale musicale svizzero","url":"https:\/\/www.musikzeitung.ch\/","logo":{"@type":"ImageObject","inLanguage":"it-IT","@id":"https:\/\/www.musikzeitung.ch\/#\/schema\/logo\/image\/","url":"https:\/\/www.musikzeitung.ch\/wp-content\/uploads\/2023\/01\/SMZ_Schriftzug_Sprache.png","contentUrl":"https:\/\/www.musikzeitung.ch\/wp-content\/uploads\/2023\/01\/SMZ_Schriftzug_Sprache.png","width":1400,"height":279,"caption":"Schweizer Musikzeitung"},"image":{"@id":"https:\/\/www.musikzeitung.ch\/#\/schema\/logo\/image\/"},"sameAs":["https:\/\/www.facebook.com\/SchweizerMusikzeitung\/","https:\/\/x.com\/smusikzeitung","https:\/\/www.instagram.com\/musikzeitung.ch\/"]},{"@type":"Person","@id":"https:\/\/www.musikzeitung.ch\/#\/schema\/person\/0da4fb82d243f1252850a35d0e87cf0c","name":"Wolfgang B\u00f6hler","image":{"@type":"ImageObject","inLanguage":"it-IT","@id":"https:\/\/www.musikzeitung.ch\/wp-content\/uploads\/2023\/01\/boehler_portraet_web-e1674139782246-96x96.jpg","url":"https:\/\/www.musikzeitung.ch\/wp-content\/uploads\/2023\/01\/boehler_portraet_web-e1674139782246-96x96.jpg","contentUrl":"https:\/\/www.musikzeitung.ch\/wp-content\/uploads\/2023\/01\/boehler_portraet_web-e1674139782246-96x96.jpg","caption":"Wolfgang B\u00f6hler"},"sameAs":["http:\/\/www.manacanto.ch","https:\/\/www.facebook.com\/wolfgang.bohler.75"],"url":"https:\/\/www.musikzeitung.ch\/it\/author\/wolfgang-boehler"}]}},"publishpress_future_workflow_manual_trigger":{"enabledWorkflows":[]},"_links":{"self":[{"href":"https:\/\/www.musikzeitung.ch\/it\/wp-json\/wp\/v2\/posts\/62106","targetHints":{"allow":["GET"]}}],"collection":[{"href":"https:\/\/www.musikzeitung.ch\/it\/wp-json\/wp\/v2\/posts"}],"about":[{"href":"https:\/\/www.musikzeitung.ch\/it\/wp-json\/wp\/v2\/types\/post"}],"author":[{"embeddable":true,"href":"https:\/\/www.musikzeitung.ch\/it\/wp-json\/wp\/v2\/users\/30"}],"replies":[{"embeddable":true,"href":"https:\/\/www.musikzeitung.ch\/it\/wp-json\/wp\/v2\/comments?post=62106"}],"version-history":[{"count":2,"href":"https:\/\/www.musikzeitung.ch\/it\/wp-json\/wp\/v2\/posts\/62106\/revisions"}],"predecessor-version":[{"id":62109,"href":"https:\/\/www.musikzeitung.ch\/it\/wp-json\/wp\/v2\/posts\/62106\/revisions\/62109"}],"wp:featuredmedia":[{"embeddable":true,"href":"https:\/\/www.musikzeitung.ch\/it\/wp-json\/wp\/v2\/media\/62107"}],"wp:attachment":[{"href":"https:\/\/www.musikzeitung.ch\/it\/wp-json\/wp\/v2\/media?parent=62106"}],"wp:term":[{"taxonomy":"category","embeddable":true,"href":"https:\/\/www.musikzeitung.ch\/it\/wp-json\/wp\/v2\/categories?post=62106"},{"taxonomy":"post_tag","embeddable":true,"href":"https:\/\/www.musikzeitung.ch\/it\/wp-json\/wp\/v2\/tags?post=62106"}],"curies":[{"name":"wp","href":"https:\/\/api.w.org\/{rel}","templated":true}]}}