{"id":62135,"date":"2025-01-27T15:17:24","date_gmt":"2025-01-27T14:17:24","guid":{"rendered":"https:\/\/www.musikzeitung.ch\/?p=62135"},"modified":"2025-01-28T08:23:26","modified_gmt":"2025-01-28T07:23:26","slug":"benary","status":"publish","type":"post","link":"https:\/\/www.musikzeitung.ch\/it\/rezensionen\/buecher-rezensionen\/2025\/01\/benary","title":{"rendered":"Caduto fuori dal tempo"},"content":{"rendered":"<figure id=\"attachment_62137\" aria-describedby=\"caption-attachment-62137\" style=\"width: 786px\" class=\"wp-caption alignnone\"><img loading=\"lazy\" decoding=\"async\" class=\"wp-image-62137 size-full\" src=\"https:\/\/www.musikzeitung.ch\/wp-content\/uploads\/2025\/01\/PeterBenary_Schwabe.jpg\" alt=\"\" width=\"786\" height=\"510\" srcset=\"https:\/\/www.musikzeitung.ch\/wp-content\/uploads\/2025\/01\/PeterBenary_Schwabe.jpg 786w, https:\/\/www.musikzeitung.ch\/wp-content\/uploads\/2025\/01\/PeterBenary_Schwabe-300x195.jpg 300w, https:\/\/www.musikzeitung.ch\/wp-content\/uploads\/2025\/01\/PeterBenary_Schwabe-768x498.jpg 768w, https:\/\/www.musikzeitung.ch\/wp-content\/uploads\/2025\/01\/PeterBenary_Schwabe-18x12.jpg 18w, https:\/\/www.musikzeitung.ch\/wp-content\/uploads\/2025\/01\/PeterBenary_Schwabe-270x175.jpg 270w, https:\/\/www.musikzeitung.ch\/wp-content\/uploads\/2025\/01\/PeterBenary_Schwabe-539x350.jpg 539w\" sizes=\"auto, (max-width: 786px) 100vw, 786px\" \/><figcaption id=\"caption-attachment-62137\" class=\"wp-caption-text\">Peter Benary 1991 Foto: Max Kellenberger \/ Schwabe-Verlag<\/figcaption><\/figure>\n<p>Peter Benary (1931-2015) non era certo una \"persona semplice\". Nei suoi seminari all'Universit\u00e0 di Scienze Applicate e Arti di Lucerna, a volte faceva commenti beffardi e sarcastici ai suoi studenti. In questa antologia appena pubblicata, l'amico di lunga data e direttore d'orchestra Peter G\u00fclke parla di una \"amicizia difficile\". E poi ci sono le recensioni che Peter Benary ha scritto per la rivista <em>NZZ<\/em> ha scritto. A volte erano pungenti, perch\u00e9 l'impegno per la musica poteva sconfinare nell'offensivo, soprattutto quando non si trattava di un'opera di volontariato. <em>il suo<\/em> era la musica.<\/p>\n<p><em>Il suo<\/em> Tutti i 17 autori del volume concordano sul fatto che la musica non era quella dell'avanguardia dopo il 1950, e vengono citati i nomi delle stelle fisse di Benary, Wolfgang Amadeus Mozart, Anton Bruckner e Paul Hindemith. Michel Roth, compositore e professore all'Universit\u00e0 di Musica di Basilea, cita il saggio di Benary <em>Il rifiuto della nuova musica<\/em>dove si critica \"una comprensione perversa della tecnologia\" e Benary lamenta una \"perdita di linguaggio nella musica\", dovuta al fatto che la \"tecnologia\" ha preso il posto del \"contenuto, del significato linguistico, dell'espressione\" (p. 116).<\/p>\n<p>Benary ebbe un discreto successo come compositore. Le sue opere non furono quasi mai eseguite nei festival di nuova musica; egli stesso si lament\u00f2 una volta di non voler pi\u00f9 comporre \"per il cassetto\". Ciononostante, produsse un'ampia opera con molti lavori corali, tre sinfonie, quattro quartetti per archi e una notevole quantit\u00e0 di musica da camera. (L'antologia si conclude con il catalogo ragionato, compilato da David Koch, p. 212 e segg.) Benary fu anche produttivo come pubblicista musicale, sia come critico della <em>NZZ <\/em>o come autore per la rivista <em>Giornale musicale svizzero <\/em>e il <em>Riviste svizzere di educazione musicale<\/em>. Molti saggi musicologici testimoniano un orizzonte ampio: considerazioni estetiche fondamentali si affiancano a riflessioni sull'interpretazione e ad analisi specifiche di singole opere e compositori della storia della musica.<\/p>\n<p>Dopo aver letto il libro, pubblicato nel 2024 dalla Schwabe Verlag di Basilea, rimane la sensazione che Benary sia in qualche modo uscito dal suo tempo, nonostante la sua voglia di creativit\u00e0. Il suo periodo come saggista e autore di libretti di programma per il Festival di Lucerna \u00e8 terminato nel 2007, perch\u00e9 l'autore si rifiutava di scrivere al computer e insisteva sulla buona vecchia macchina da scrivere. Per inciso, il compositore, musicologo, pubblicista e conferenziere scriveva anche haiku, poesie e aforismi. Tra cui il divertente aforisma: \"Una mosca passa sopra la carta da musica per arrivare alla fermata\".<img loading=\"lazy\" decoding=\"async\" class=\"wp-image-62136 size-medium aligncenter\" src=\"https:\/\/www.musikzeitung.ch\/wp-content\/uploads\/2025\/01\/01_02_crit_buch_Moeller-207x300.jpg\" alt=\"\" width=\"207\" height=\"300\" srcset=\"https:\/\/www.musikzeitung.ch\/wp-content\/uploads\/2025\/01\/01_02_crit_buch_Moeller-207x300.jpg 207w, https:\/\/www.musikzeitung.ch\/wp-content\/uploads\/2025\/01\/01_02_crit_buch_Moeller-8x12.jpg 8w, https:\/\/www.musikzeitung.ch\/wp-content\/uploads\/2025\/01\/01_02_crit_buch_Moeller-121x175.jpg 121w, https:\/\/www.musikzeitung.ch\/wp-content\/uploads\/2025\/01\/01_02_crit_buch_Moeller-242x350.jpg 242w, https:\/\/www.musikzeitung.ch\/wp-content\/uploads\/2025\/01\/01_02_crit_buch_Moeller-300x434.jpg 300w, https:\/\/www.musikzeitung.ch\/wp-content\/uploads\/2025\/01\/01_02_crit_buch_Moeller.jpg 445w\" sizes=\"auto, (max-width: 207px) 100vw, 207px\" \/><\/p>\n<p><em>Peter Benary, compositore, musicologo, pubblicista e conferenziere, a cura di Niccol\u00f2 Raselli e Hans Niklas Kuhn, 229 p., Fr. 46.00, Schwabe, Basilea 2024, ISBN 978-3-7965-5109-3<\/em><\/p>","protected":false},"excerpt":{"rendered":"<p>Un'antologia ritrae il compositore, musicologo, pubblicista e conferenziere Peter Benary. <\/p>","protected":false},"author":29,"featured_media":62137,"comment_status":"closed","ping_status":"closed","sticky":false,"template":"","format":"standard","meta":{"_acf_changed":false,"_relevanssi_hide_post":"","_relevanssi_hide_content":"","_relevanssi_pin_for_all":"","_relevanssi_pin_keywords":"","_relevanssi_unpin_keywords":"","_relevanssi_related_keywords":"","_relevanssi_related_include_ids":"","_relevanssi_related_exclude_ids":"","_relevanssi_related_no_append":"","_relevanssi_related_not_related":"","_relevanssi_related_posts":"","_relevanssi_noindex_reason":"","pgc_sgb_lightbox_settings":"","footnotes":""},"categories":[1214,29],"tags":[4707],"class_list":["post-62135","post","type-post","status-publish","format-standard","has-post-thumbnail","hentry","category-buecher-rezensionen","category-rezensionen","tag-peter-benary"],"acf":[],"yoast_head":"<!-- This site is optimized with the Yoast SEO plugin v27.4 - https:\/\/yoast.com\/product\/yoast-seo-wordpress\/ -->\n<title>Aus der Zeit gefallen - Schweizer Musikzeitung<\/title>\n<meta name=\"description\" content=\"Ein Sammelband portr\u00e4tiert den Komponisten, Musikwissenschaftler, Publizisten und Dozenten Peter Benary.\" \/>\n<meta name=\"robots\" content=\"index, follow, max-snippet:-1, max-image-preview:large, max-video-preview:-1\" \/>\n<link rel=\"canonical\" href=\"https:\/\/www.musikzeitung.ch\/it\/rezensionen\/buecher-rezensionen\/2025\/01\/benary\/\" \/>\n<meta property=\"og:locale\" content=\"it_IT\" \/>\n<meta property=\"og:type\" content=\"article\" \/>\n<meta property=\"og:title\" content=\"Aus der Zeit gefallen - Schweizer Musikzeitung\" \/>\n<meta property=\"og:description\" content=\"Ein Sammelband portr\u00e4tiert den Komponisten, Musikwissenschaftler, Publizisten und Dozenten Peter Benary.\" \/>\n<meta property=\"og:url\" content=\"https:\/\/www.musikzeitung.ch\/it\/rezensionen\/buecher-rezensionen\/2025\/01\/benary\/\" \/>\n<meta property=\"og:site_name\" content=\"Schweizer Musikzeitung\" \/>\n<meta property=\"article:publisher\" content=\"https:\/\/www.facebook.com\/SchweizerMusikzeitung\/\" \/>\n<meta property=\"article:published_time\" content=\"2025-01-27T14:17:24+00:00\" \/>\n<meta property=\"article:modified_time\" content=\"2025-01-28T07:23:26+00:00\" \/>\n<meta property=\"og:image\" content=\"https:\/\/www.musikzeitung.ch\/wp-content\/uploads\/2025\/01\/PeterBenary_Schwabe.jpg\" \/>\n\t<meta property=\"og:image:width\" content=\"786\" \/>\n\t<meta property=\"og:image:height\" content=\"510\" \/>\n\t<meta property=\"og:image:type\" content=\"image\/jpeg\" \/>\n<meta name=\"author\" content=\"pia.schwab\" \/>\n<meta name=\"twitter:card\" content=\"summary_large_image\" \/>\n<meta name=\"twitter:creator\" content=\"@smusikzeitung\" \/>\n<meta name=\"twitter:site\" content=\"@smusikzeitung\" \/>\n<meta name=\"twitter:label1\" content=\"Scritto da\" \/>\n\t<meta name=\"twitter:data1\" content=\"pia.schwab\" \/>\n\t<meta name=\"twitter:label2\" content=\"Tempo di lettura stimato\" \/>\n\t<meta name=\"twitter:data2\" content=\"3 minuti\" \/>\n<script type=\"application\/ld+json\" class=\"yoast-schema-graph\">{\"@context\":\"https:\\\/\\\/schema.org\",\"@graph\":[{\"@type\":\"Article\",\"@id\":\"https:\\\/\\\/www.musikzeitung.ch\\\/rezensionen\\\/buecher-rezensionen\\\/2025\\\/01\\\/benary#article\",\"isPartOf\":{\"@id\":\"https:\\\/\\\/www.musikzeitung.ch\\\/rezensionen\\\/buecher-rezensionen\\\/2025\\\/01\\\/benary\"},\"author\":{\"name\":\"pia.schwab\",\"@id\":\"https:\\\/\\\/www.musikzeitung.ch\\\/#\\\/schema\\\/person\\\/ea3d7b86bd7157c78c7ddd37f2f82b5b\"},\"headline\":\"Aus der Zeit gefallen\",\"datePublished\":\"2025-01-27T14:17:24+00:00\",\"dateModified\":\"2025-01-28T07:23:26+00:00\",\"mainEntityOfPage\":{\"@id\":\"https:\\\/\\\/www.musikzeitung.ch\\\/rezensionen\\\/buecher-rezensionen\\\/2025\\\/01\\\/benary\"},\"wordCount\":419,\"publisher\":{\"@id\":\"https:\\\/\\\/www.musikzeitung.ch\\\/#organization\"},\"image\":{\"@id\":\"https:\\\/\\\/www.musikzeitung.ch\\\/rezensionen\\\/buecher-rezensionen\\\/2025\\\/01\\\/benary#primaryimage\"},\"thumbnailUrl\":\"https:\\\/\\\/www.musikzeitung.ch\\\/wp-content\\\/uploads\\\/2025\\\/01\\\/PeterBenary_Schwabe.jpg\",\"keywords\":[\"Peter Benary\"],\"articleSection\":[\"B\u00fccher\",\"Rezensionen\"],\"inLanguage\":\"it-IT\"},{\"@type\":\"WebPage\",\"@id\":\"https:\\\/\\\/www.musikzeitung.ch\\\/rezensionen\\\/buecher-rezensionen\\\/2025\\\/01\\\/benary\",\"url\":\"https:\\\/\\\/www.musikzeitung.ch\\\/rezensionen\\\/buecher-rezensionen\\\/2025\\\/01\\\/benary\",\"name\":\"Aus der Zeit gefallen - Schweizer Musikzeitung\",\"isPartOf\":{\"@id\":\"https:\\\/\\\/www.musikzeitung.ch\\\/#website\"},\"primaryImageOfPage\":{\"@id\":\"https:\\\/\\\/www.musikzeitung.ch\\\/rezensionen\\\/buecher-rezensionen\\\/2025\\\/01\\\/benary#primaryimage\"},\"image\":{\"@id\":\"https:\\\/\\\/www.musikzeitung.ch\\\/rezensionen\\\/buecher-rezensionen\\\/2025\\\/01\\\/benary#primaryimage\"},\"thumbnailUrl\":\"https:\\\/\\\/www.musikzeitung.ch\\\/wp-content\\\/uploads\\\/2025\\\/01\\\/PeterBenary_Schwabe.jpg\",\"datePublished\":\"2025-01-27T14:17:24+00:00\",\"dateModified\":\"2025-01-28T07:23:26+00:00\",\"description\":\"Ein Sammelband portr\u00e4tiert den Komponisten, Musikwissenschaftler, Publizisten und Dozenten Peter Benary.\",\"breadcrumb\":{\"@id\":\"https:\\\/\\\/www.musikzeitung.ch\\\/rezensionen\\\/buecher-rezensionen\\\/2025\\\/01\\\/benary#breadcrumb\"},\"inLanguage\":\"it-IT\",\"potentialAction\":[{\"@type\":\"ReadAction\",\"target\":[\"https:\\\/\\\/www.musikzeitung.ch\\\/rezensionen\\\/buecher-rezensionen\\\/2025\\\/01\\\/benary\"]}]},{\"@type\":\"ImageObject\",\"inLanguage\":\"it-IT\",\"@id\":\"https:\\\/\\\/www.musikzeitung.ch\\\/rezensionen\\\/buecher-rezensionen\\\/2025\\\/01\\\/benary#primaryimage\",\"url\":\"https:\\\/\\\/www.musikzeitung.ch\\\/wp-content\\\/uploads\\\/2025\\\/01\\\/PeterBenary_Schwabe.jpg\",\"contentUrl\":\"https:\\\/\\\/www.musikzeitung.ch\\\/wp-content\\\/uploads\\\/2025\\\/01\\\/PeterBenary_Schwabe.jpg\",\"width\":786,\"height\":510},{\"@type\":\"BreadcrumbList\",\"@id\":\"https:\\\/\\\/www.musikzeitung.ch\\\/rezensionen\\\/buecher-rezensionen\\\/2025\\\/01\\\/benary#breadcrumb\",\"itemListElement\":[{\"@type\":\"ListItem\",\"position\":1,\"name\":\"Home\",\"item\":\"https:\\\/\\\/www.musikzeitung.ch\\\/\"},{\"@type\":\"ListItem\",\"position\":2,\"name\":\"Aus der Zeit gefallen\"}]},{\"@type\":\"WebSite\",\"@id\":\"https:\\\/\\\/www.musikzeitung.ch\\\/#website\",\"url\":\"https:\\\/\\\/www.musikzeitung.ch\\\/\",\"name\":\"Schweizer Musikzeitung\",\"description\":\"Die f\u00fchrende sparten\u00fcbergreifende Monatszeitung in der Schweiz f\u00fcr musikalische Fragen.\",\"publisher\":{\"@id\":\"https:\\\/\\\/www.musikzeitung.ch\\\/#organization\"},\"potentialAction\":[{\"@type\":\"SearchAction\",\"target\":{\"@type\":\"EntryPoint\",\"urlTemplate\":\"https:\\\/\\\/www.musikzeitung.ch\\\/?s={search_term_string}\"},\"query-input\":{\"@type\":\"PropertyValueSpecification\",\"valueRequired\":true,\"valueName\":\"search_term_string\"}}],\"inLanguage\":\"it-IT\"},{\"@type\":\"Organization\",\"@id\":\"https:\\\/\\\/www.musikzeitung.ch\\\/#organization\",\"name\":\"Schweizer Musikzeitung\",\"url\":\"https:\\\/\\\/www.musikzeitung.ch\\\/\",\"logo\":{\"@type\":\"ImageObject\",\"inLanguage\":\"it-IT\",\"@id\":\"https:\\\/\\\/www.musikzeitung.ch\\\/#\\\/schema\\\/logo\\\/image\\\/\",\"url\":\"https:\\\/\\\/www.musikzeitung.ch\\\/wp-content\\\/uploads\\\/2023\\\/01\\\/SMZ_Schriftzug_Sprache.png\",\"contentUrl\":\"https:\\\/\\\/www.musikzeitung.ch\\\/wp-content\\\/uploads\\\/2023\\\/01\\\/SMZ_Schriftzug_Sprache.png\",\"width\":1400,\"height\":279,\"caption\":\"Schweizer Musikzeitung\"},\"image\":{\"@id\":\"https:\\\/\\\/www.musikzeitung.ch\\\/#\\\/schema\\\/logo\\\/image\\\/\"},\"sameAs\":[\"https:\\\/\\\/www.facebook.com\\\/SchweizerMusikzeitung\\\/\",\"https:\\\/\\\/x.com\\\/smusikzeitung\",\"https:\\\/\\\/www.instagram.com\\\/musikzeitung.ch\\\/\"]},{\"@type\":\"Person\",\"@id\":\"https:\\\/\\\/www.musikzeitung.ch\\\/#\\\/schema\\\/person\\\/ea3d7b86bd7157c78c7ddd37f2f82b5b\",\"name\":\"pia.schwab\",\"image\":{\"@type\":\"ImageObject\",\"inLanguage\":\"it-IT\",\"@id\":\"https:\\\/\\\/secure.gravatar.com\\\/avatar\\\/d39d170de4c2d07e897fbc26cf9d890fc046285c742207b86d8ebabe5fcde2c4?s=96&d=mm&r=g\",\"url\":\"https:\\\/\\\/secure.gravatar.com\\\/avatar\\\/d39d170de4c2d07e897fbc26cf9d890fc046285c742207b86d8ebabe5fcde2c4?s=96&d=mm&r=g\",\"contentUrl\":\"https:\\\/\\\/secure.gravatar.com\\\/avatar\\\/d39d170de4c2d07e897fbc26cf9d890fc046285c742207b86d8ebabe5fcde2c4?s=96&d=mm&r=g\",\"caption\":\"pia.schwab\"},\"url\":\"https:\\\/\\\/www.musikzeitung.ch\\\/it\\\/author\\\/pia-schwab\"}]}<\/script>\n<!-- \/ Yoast SEO plugin. -->","yoast_head_json":{"title":"Caduti fuori dal tempo - Schweizer Musikzeitung","description":"Un'antologia ritrae il compositore, musicologo, pubblicista e conferenziere Peter Benary.","robots":{"index":"index","follow":"follow","max-snippet":"max-snippet:-1","max-image-preview":"max-image-preview:large","max-video-preview":"max-video-preview:-1"},"canonical":"https:\/\/www.musikzeitung.ch\/it\/rezensionen\/buecher-rezensionen\/2025\/01\/benary\/","og_locale":"it_IT","og_type":"article","og_title":"Aus der Zeit gefallen - Schweizer Musikzeitung","og_description":"Ein Sammelband portr\u00e4tiert den Komponisten, Musikwissenschaftler, Publizisten und Dozenten Peter Benary.","og_url":"https:\/\/www.musikzeitung.ch\/it\/rezensionen\/buecher-rezensionen\/2025\/01\/benary\/","og_site_name":"Schweizer Musikzeitung","article_publisher":"https:\/\/www.facebook.com\/SchweizerMusikzeitung\/","article_published_time":"2025-01-27T14:17:24+00:00","article_modified_time":"2025-01-28T07:23:26+00:00","og_image":[{"width":786,"height":510,"url":"https:\/\/www.musikzeitung.ch\/wp-content\/uploads\/2025\/01\/PeterBenary_Schwabe.jpg","type":"image\/jpeg"}],"author":"pia.schwab","twitter_card":"summary_large_image","twitter_creator":"@smusikzeitung","twitter_site":"@smusikzeitung","twitter_misc":{"Scritto da":"pia.schwab","Tempo di lettura stimato":"3 minuti"},"schema":{"@context":"https:\/\/schema.org","@graph":[{"@type":"Article","@id":"https:\/\/www.musikzeitung.ch\/rezensionen\/buecher-rezensionen\/2025\/01\/benary#article","isPartOf":{"@id":"https:\/\/www.musikzeitung.ch\/rezensionen\/buecher-rezensionen\/2025\/01\/benary"},"author":{"name":"pia.schwab","@id":"https:\/\/www.musikzeitung.ch\/#\/schema\/person\/ea3d7b86bd7157c78c7ddd37f2f82b5b"},"headline":"Aus der Zeit gefallen","datePublished":"2025-01-27T14:17:24+00:00","dateModified":"2025-01-28T07:23:26+00:00","mainEntityOfPage":{"@id":"https:\/\/www.musikzeitung.ch\/rezensionen\/buecher-rezensionen\/2025\/01\/benary"},"wordCount":419,"publisher":{"@id":"https:\/\/www.musikzeitung.ch\/#organization"},"image":{"@id":"https:\/\/www.musikzeitung.ch\/rezensionen\/buecher-rezensionen\/2025\/01\/benary#primaryimage"},"thumbnailUrl":"https:\/\/www.musikzeitung.ch\/wp-content\/uploads\/2025\/01\/PeterBenary_Schwabe.jpg","keywords":["Peter Benary"],"articleSection":["B\u00fccher","Rezensionen"],"inLanguage":"it-IT"},{"@type":"WebPage","@id":"https:\/\/www.musikzeitung.ch\/rezensionen\/buecher-rezensionen\/2025\/01\/benary","url":"https:\/\/www.musikzeitung.ch\/rezensionen\/buecher-rezensionen\/2025\/01\/benary","name":"Caduti fuori dal tempo - Schweizer Musikzeitung","isPartOf":{"@id":"https:\/\/www.musikzeitung.ch\/#website"},"primaryImageOfPage":{"@id":"https:\/\/www.musikzeitung.ch\/rezensionen\/buecher-rezensionen\/2025\/01\/benary#primaryimage"},"image":{"@id":"https:\/\/www.musikzeitung.ch\/rezensionen\/buecher-rezensionen\/2025\/01\/benary#primaryimage"},"thumbnailUrl":"https:\/\/www.musikzeitung.ch\/wp-content\/uploads\/2025\/01\/PeterBenary_Schwabe.jpg","datePublished":"2025-01-27T14:17:24+00:00","dateModified":"2025-01-28T07:23:26+00:00","description":"Un'antologia ritrae il compositore, musicologo, pubblicista e conferenziere Peter Benary.","breadcrumb":{"@id":"https:\/\/www.musikzeitung.ch\/rezensionen\/buecher-rezensionen\/2025\/01\/benary#breadcrumb"},"inLanguage":"it-IT","potentialAction":[{"@type":"ReadAction","target":["https:\/\/www.musikzeitung.ch\/rezensionen\/buecher-rezensionen\/2025\/01\/benary"]}]},{"@type":"ImageObject","inLanguage":"it-IT","@id":"https:\/\/www.musikzeitung.ch\/rezensionen\/buecher-rezensionen\/2025\/01\/benary#primaryimage","url":"https:\/\/www.musikzeitung.ch\/wp-content\/uploads\/2025\/01\/PeterBenary_Schwabe.jpg","contentUrl":"https:\/\/www.musikzeitung.ch\/wp-content\/uploads\/2025\/01\/PeterBenary_Schwabe.jpg","width":786,"height":510},{"@type":"BreadcrumbList","@id":"https:\/\/www.musikzeitung.ch\/rezensionen\/buecher-rezensionen\/2025\/01\/benary#breadcrumb","itemListElement":[{"@type":"ListItem","position":1,"name":"Home","item":"https:\/\/www.musikzeitung.ch\/"},{"@type":"ListItem","position":2,"name":"Aus der Zeit gefallen"}]},{"@type":"WebSite","@id":"https:\/\/www.musikzeitung.ch\/#website","url":"https:\/\/www.musikzeitung.ch\/","name":"Giornale musicale svizzero","description":"Il principale mensile interdisciplinare della Svizzera per le questioni musicali.","publisher":{"@id":"https:\/\/www.musikzeitung.ch\/#organization"},"potentialAction":[{"@type":"SearchAction","target":{"@type":"EntryPoint","urlTemplate":"https:\/\/www.musikzeitung.ch\/?s={search_term_string}"},"query-input":{"@type":"PropertyValueSpecification","valueRequired":true,"valueName":"search_term_string"}}],"inLanguage":"it-IT"},{"@type":"Organization","@id":"https:\/\/www.musikzeitung.ch\/#organization","name":"Giornale musicale svizzero","url":"https:\/\/www.musikzeitung.ch\/","logo":{"@type":"ImageObject","inLanguage":"it-IT","@id":"https:\/\/www.musikzeitung.ch\/#\/schema\/logo\/image\/","url":"https:\/\/www.musikzeitung.ch\/wp-content\/uploads\/2023\/01\/SMZ_Schriftzug_Sprache.png","contentUrl":"https:\/\/www.musikzeitung.ch\/wp-content\/uploads\/2023\/01\/SMZ_Schriftzug_Sprache.png","width":1400,"height":279,"caption":"Schweizer Musikzeitung"},"image":{"@id":"https:\/\/www.musikzeitung.ch\/#\/schema\/logo\/image\/"},"sameAs":["https:\/\/www.facebook.com\/SchweizerMusikzeitung\/","https:\/\/x.com\/smusikzeitung","https:\/\/www.instagram.com\/musikzeitung.ch\/"]},{"@type":"Person","@id":"https:\/\/www.musikzeitung.ch\/#\/schema\/person\/ea3d7b86bd7157c78c7ddd37f2f82b5b","name":"pia.schwab","image":{"@type":"ImageObject","inLanguage":"it-IT","@id":"https:\/\/secure.gravatar.com\/avatar\/d39d170de4c2d07e897fbc26cf9d890fc046285c742207b86d8ebabe5fcde2c4?s=96&d=mm&r=g","url":"https:\/\/secure.gravatar.com\/avatar\/d39d170de4c2d07e897fbc26cf9d890fc046285c742207b86d8ebabe5fcde2c4?s=96&d=mm&r=g","contentUrl":"https:\/\/secure.gravatar.com\/avatar\/d39d170de4c2d07e897fbc26cf9d890fc046285c742207b86d8ebabe5fcde2c4?s=96&d=mm&r=g","caption":"pia.schwab"},"url":"https:\/\/www.musikzeitung.ch\/it\/author\/pia-schwab"}]}},"publishpress_future_workflow_manual_trigger":{"enabledWorkflows":[]},"_links":{"self":[{"href":"https:\/\/www.musikzeitung.ch\/it\/wp-json\/wp\/v2\/posts\/62135","targetHints":{"allow":["GET"]}}],"collection":[{"href":"https:\/\/www.musikzeitung.ch\/it\/wp-json\/wp\/v2\/posts"}],"about":[{"href":"https:\/\/www.musikzeitung.ch\/it\/wp-json\/wp\/v2\/types\/post"}],"author":[{"embeddable":true,"href":"https:\/\/www.musikzeitung.ch\/it\/wp-json\/wp\/v2\/users\/29"}],"replies":[{"embeddable":true,"href":"https:\/\/www.musikzeitung.ch\/it\/wp-json\/wp\/v2\/comments?post=62135"}],"version-history":[{"count":4,"href":"https:\/\/www.musikzeitung.ch\/it\/wp-json\/wp\/v2\/posts\/62135\/revisions"}],"predecessor-version":[{"id":62142,"href":"https:\/\/www.musikzeitung.ch\/it\/wp-json\/wp\/v2\/posts\/62135\/revisions\/62142"}],"wp:featuredmedia":[{"embeddable":true,"href":"https:\/\/www.musikzeitung.ch\/it\/wp-json\/wp\/v2\/media\/62137"}],"wp:attachment":[{"href":"https:\/\/www.musikzeitung.ch\/it\/wp-json\/wp\/v2\/media?parent=62135"}],"wp:term":[{"taxonomy":"category","embeddable":true,"href":"https:\/\/www.musikzeitung.ch\/it\/wp-json\/wp\/v2\/categories?post=62135"},{"taxonomy":"post_tag","embeddable":true,"href":"https:\/\/www.musikzeitung.ch\/it\/wp-json\/wp\/v2\/tags?post=62135"}],"curies":[{"name":"wp","href":"https:\/\/api.w.org\/{rel}","templated":true}]}}