{"id":62202,"date":"2025-01-28T12:18:19","date_gmt":"2025-01-28T11:18:19","guid":{"rendered":"https:\/\/www.musikzeitung.ch\/?p=62202"},"modified":"2025-01-30T08:35:59","modified_gmt":"2025-01-30T07:35:59","slug":"dirigentinnen-noch-immer-eine-minderheit","status":"publish","type":"post","link":"https:\/\/www.musikzeitung.ch\/it\/news\/2025\/01\/dirigentinnen-noch-immer-eine-minderheit","title":{"rendered":"Le conduttrici donne sono ancora una minoranza"},"content":{"rendered":"<figure id=\"attachment_62204\" aria-describedby=\"caption-attachment-62204\" style=\"width: 600px\" class=\"wp-caption alignnone\"><img loading=\"lazy\" decoding=\"async\" class=\"wp-image-62204 size-thumbnail\" src=\"https:\/\/www.musikzeitung.ch\/wp-content\/uploads\/2025\/01\/250128mallwitz-600x400.jpg\" alt=\"\" width=\"600\" height=\"400\" srcset=\"https:\/\/www.musikzeitung.ch\/wp-content\/uploads\/2025\/01\/250128mallwitz-600x400.jpg 600w, https:\/\/www.musikzeitung.ch\/wp-content\/uploads\/2025\/01\/250128mallwitz-16x12.jpg 16w\" sizes=\"auto, (max-width: 600px) 100vw, 600px\" \/><figcaption id=\"caption-attachment-62204\" class=\"wp-caption-text\">Joana Mallwitz (Immagine Konzerthaus Berlin\/Marco Borggreve)<\/figcaption><\/figure>\n<p>Nella top 10, Joana Mallwitz (direttore principale e direttore artistico della Konzerthausorchester di Berlino e prima donna a capo di una delle principali orchestre berlinesi), Nathalie Stutzmann, Kristiina Poska e Marie Jacquot (direttore ospite principale dell'Orchestra Sinfonica di Vienna e, a partire dal 2026\/27, dell'Orchestra Sinfonica della WDR), che occupano ciascuna una posizione di rilievo nelle rispettive organizzazioni, hanno aumentato il numero dei loro impegni di oltre l'80%.<\/p>\n<p>Tre giovani direttrici d'orchestra sotto i 30 anni, Stephanie Childress, Nil Venditti e Ana Mar\u00eda Panti\u00f1o-Osorio, hanno pi\u00f9 che raddoppiato il numero di ingaggi dal 2023. Il 13% di tutti i concerti elencati nel database di Bachtrack sono stati diretti da donne, rispetto all'11% del 2023. Tuttavia, i direttori d'orchestra uomini sono ancora nettamente la maggioranza e nessuna donna \u00e8 entrata nella top 20 in termini di ingaggi dal 2019.<\/p>\n<p>Bachtrack \u00e8 stato fondato nel gennaio 2008 ed elenca oltre 30.000 eventi ogni anno. Le statistiche annuali di Bachtrack sulla musica classica si basano esclusivamente sugli eventi elencati sul sito. Sebbene Bachtrack affermi di essere \"il pi\u00f9 grande sito web per la musica classica\", le voci non sono complete e rappresentano necessariamente solo una parte del quadro generale.<\/p>\n<p>&nbsp;<\/p>","protected":false},"excerpt":{"rendered":"<p>Secondo le ultime statistiche di Bachtrack, le conduttrici sono ancora in aumento, ma i progressi sono lenti.<\/p>","protected":false},"author":30,"featured_media":62204,"comment_status":"closed","ping_status":"closed","sticky":false,"template":"","format":"standard","meta":{"_acf_changed":false,"_relevanssi_hide_post":"","_relevanssi_hide_content":"","_relevanssi_pin_for_all":"","_relevanssi_pin_keywords":"","_relevanssi_unpin_keywords":"","_relevanssi_related_keywords":"","_relevanssi_related_include_ids":"","_relevanssi_related_exclude_ids":"","_relevanssi_related_no_append":"","_relevanssi_related_not_related":"","_relevanssi_related_posts":"","_relevanssi_noindex_reason":"","pgc_sgb_lightbox_settings":"","footnotes":""},"categories":[27],"tags":[3544,4727],"class_list":["post-62202","post","type-post","status-publish","format-standard","has-post-thumbnail","hentry","category-news","tag-bachtrack","tag-dirigentin"],"acf":[],"yoast_head":"<!-- This site is optimized with the Yoast SEO plugin v27.4 - https:\/\/yoast.com\/product\/yoast-seo-wordpress\/ -->\n<title>Dirigentinnen noch immer eine Minderheit - Schweizer Musikzeitung<\/title>\n<meta name=\"description\" content=\"Laut der neusten Bachtrack-Statistik sind Dirigentinnen weiterhin auf dem Vormarsch, der Fortschritt ist aber langsam.\" \/>\n<meta name=\"robots\" content=\"index, follow, max-snippet:-1, max-image-preview:large, max-video-preview:-1\" \/>\n<link rel=\"canonical\" href=\"https:\/\/www.musikzeitung.ch\/it\/news\/2025\/01\/dirigentinnen-noch-immer-eine-minderheit\/\" \/>\n<meta property=\"og:locale\" content=\"it_IT\" \/>\n<meta property=\"og:type\" content=\"article\" \/>\n<meta property=\"og:title\" content=\"Dirigentinnen noch immer eine Minderheit - Schweizer Musikzeitung\" \/>\n<meta property=\"og:description\" content=\"Laut der neusten Bachtrack-Statistik sind Dirigentinnen weiterhin auf dem Vormarsch, der Fortschritt ist aber langsam.\" \/>\n<meta property=\"og:url\" content=\"https:\/\/www.musikzeitung.ch\/it\/news\/2025\/01\/dirigentinnen-noch-immer-eine-minderheit\/\" \/>\n<meta property=\"og:site_name\" content=\"Schweizer Musikzeitung\" \/>\n<meta property=\"article:publisher\" content=\"https:\/\/www.facebook.com\/SchweizerMusikzeitung\/\" \/>\n<meta property=\"article:author\" content=\"https:\/\/www.facebook.com\/wolfgang.bohler.75\" \/>\n<meta property=\"article:published_time\" content=\"2025-01-28T11:18:19+00:00\" \/>\n<meta property=\"article:modified_time\" content=\"2025-01-30T07:35:59+00:00\" \/>\n<meta property=\"og:image\" content=\"https:\/\/www.musikzeitung.ch\/wp-content\/uploads\/2025\/01\/250128mallwitz.jpg\" \/>\n\t<meta property=\"og:image:width\" content=\"860\" \/>\n\t<meta property=\"og:image:height\" content=\"635\" \/>\n\t<meta property=\"og:image:type\" content=\"image\/jpeg\" \/>\n<meta name=\"author\" content=\"Wolfgang B\u00f6hler\" \/>\n<meta name=\"twitter:card\" content=\"summary_large_image\" \/>\n<meta name=\"twitter:creator\" content=\"@smusikzeitung\" \/>\n<meta name=\"twitter:site\" content=\"@smusikzeitung\" \/>\n<meta name=\"twitter:label1\" content=\"Scritto da\" \/>\n\t<meta name=\"twitter:data1\" content=\"Wolfgang B\u00f6hler\" \/>\n\t<meta name=\"twitter:label2\" content=\"Tempo di lettura stimato\" \/>\n\t<meta name=\"twitter:data2\" content=\"2 minuti\" \/>\n<script type=\"application\/ld+json\" class=\"yoast-schema-graph\">{\"@context\":\"https:\\\/\\\/schema.org\",\"@graph\":[{\"@type\":\"Article\",\"@id\":\"https:\\\/\\\/www.musikzeitung.ch\\\/news\\\/2025\\\/01\\\/dirigentinnen-noch-immer-eine-minderheit#article\",\"isPartOf\":{\"@id\":\"https:\\\/\\\/www.musikzeitung.ch\\\/news\\\/2025\\\/01\\\/dirigentinnen-noch-immer-eine-minderheit\"},\"author\":{\"name\":\"Wolfgang B\u00f6hler\",\"@id\":\"https:\\\/\\\/www.musikzeitung.ch\\\/#\\\/schema\\\/person\\\/0da4fb82d243f1252850a35d0e87cf0c\"},\"headline\":\"Dirigentinnen noch immer eine Minderheit\",\"datePublished\":\"2025-01-28T11:18:19+00:00\",\"dateModified\":\"2025-01-30T07:35:59+00:00\",\"mainEntityOfPage\":{\"@id\":\"https:\\\/\\\/www.musikzeitung.ch\\\/news\\\/2025\\\/01\\\/dirigentinnen-noch-immer-eine-minderheit\"},\"wordCount\":201,\"publisher\":{\"@id\":\"https:\\\/\\\/www.musikzeitung.ch\\\/#organization\"},\"image\":{\"@id\":\"https:\\\/\\\/www.musikzeitung.ch\\\/news\\\/2025\\\/01\\\/dirigentinnen-noch-immer-eine-minderheit#primaryimage\"},\"thumbnailUrl\":\"https:\\\/\\\/www.musikzeitung.ch\\\/wp-content\\\/uploads\\\/2025\\\/01\\\/250128mallwitz.jpg\",\"keywords\":[\"Bachtrack\",\"Dirigentin\"],\"articleSection\":[\"News\"],\"inLanguage\":\"it-IT\"},{\"@type\":\"WebPage\",\"@id\":\"https:\\\/\\\/www.musikzeitung.ch\\\/news\\\/2025\\\/01\\\/dirigentinnen-noch-immer-eine-minderheit\",\"url\":\"https:\\\/\\\/www.musikzeitung.ch\\\/news\\\/2025\\\/01\\\/dirigentinnen-noch-immer-eine-minderheit\",\"name\":\"Dirigentinnen noch immer eine Minderheit - Schweizer Musikzeitung\",\"isPartOf\":{\"@id\":\"https:\\\/\\\/www.musikzeitung.ch\\\/#website\"},\"primaryImageOfPage\":{\"@id\":\"https:\\\/\\\/www.musikzeitung.ch\\\/news\\\/2025\\\/01\\\/dirigentinnen-noch-immer-eine-minderheit#primaryimage\"},\"image\":{\"@id\":\"https:\\\/\\\/www.musikzeitung.ch\\\/news\\\/2025\\\/01\\\/dirigentinnen-noch-immer-eine-minderheit#primaryimage\"},\"thumbnailUrl\":\"https:\\\/\\\/www.musikzeitung.ch\\\/wp-content\\\/uploads\\\/2025\\\/01\\\/250128mallwitz.jpg\",\"datePublished\":\"2025-01-28T11:18:19+00:00\",\"dateModified\":\"2025-01-30T07:35:59+00:00\",\"description\":\"Laut der neusten Bachtrack-Statistik sind Dirigentinnen weiterhin auf dem Vormarsch, der Fortschritt ist aber langsam.\",\"breadcrumb\":{\"@id\":\"https:\\\/\\\/www.musikzeitung.ch\\\/news\\\/2025\\\/01\\\/dirigentinnen-noch-immer-eine-minderheit#breadcrumb\"},\"inLanguage\":\"it-IT\",\"potentialAction\":[{\"@type\":\"ReadAction\",\"target\":[\"https:\\\/\\\/www.musikzeitung.ch\\\/news\\\/2025\\\/01\\\/dirigentinnen-noch-immer-eine-minderheit\"]}]},{\"@type\":\"ImageObject\",\"inLanguage\":\"it-IT\",\"@id\":\"https:\\\/\\\/www.musikzeitung.ch\\\/news\\\/2025\\\/01\\\/dirigentinnen-noch-immer-eine-minderheit#primaryimage\",\"url\":\"https:\\\/\\\/www.musikzeitung.ch\\\/wp-content\\\/uploads\\\/2025\\\/01\\\/250128mallwitz.jpg\",\"contentUrl\":\"https:\\\/\\\/www.musikzeitung.ch\\\/wp-content\\\/uploads\\\/2025\\\/01\\\/250128mallwitz.jpg\",\"width\":860,\"height\":635},{\"@type\":\"BreadcrumbList\",\"@id\":\"https:\\\/\\\/www.musikzeitung.ch\\\/news\\\/2025\\\/01\\\/dirigentinnen-noch-immer-eine-minderheit#breadcrumb\",\"itemListElement\":[{\"@type\":\"ListItem\",\"position\":1,\"name\":\"Home\",\"item\":\"https:\\\/\\\/www.musikzeitung.ch\\\/\"},{\"@type\":\"ListItem\",\"position\":2,\"name\":\"Dirigentinnen noch immer eine Minderheit\"}]},{\"@type\":\"WebSite\",\"@id\":\"https:\\\/\\\/www.musikzeitung.ch\\\/#website\",\"url\":\"https:\\\/\\\/www.musikzeitung.ch\\\/\",\"name\":\"Schweizer Musikzeitung\",\"description\":\"Die f\u00fchrende sparten\u00fcbergreifende Monatszeitung in der Schweiz f\u00fcr musikalische Fragen.\",\"publisher\":{\"@id\":\"https:\\\/\\\/www.musikzeitung.ch\\\/#organization\"},\"potentialAction\":[{\"@type\":\"SearchAction\",\"target\":{\"@type\":\"EntryPoint\",\"urlTemplate\":\"https:\\\/\\\/www.musikzeitung.ch\\\/?s={search_term_string}\"},\"query-input\":{\"@type\":\"PropertyValueSpecification\",\"valueRequired\":true,\"valueName\":\"search_term_string\"}}],\"inLanguage\":\"it-IT\"},{\"@type\":\"Organization\",\"@id\":\"https:\\\/\\\/www.musikzeitung.ch\\\/#organization\",\"name\":\"Schweizer Musikzeitung\",\"url\":\"https:\\\/\\\/www.musikzeitung.ch\\\/\",\"logo\":{\"@type\":\"ImageObject\",\"inLanguage\":\"it-IT\",\"@id\":\"https:\\\/\\\/www.musikzeitung.ch\\\/#\\\/schema\\\/logo\\\/image\\\/\",\"url\":\"https:\\\/\\\/www.musikzeitung.ch\\\/wp-content\\\/uploads\\\/2023\\\/01\\\/SMZ_Schriftzug_Sprache.png\",\"contentUrl\":\"https:\\\/\\\/www.musikzeitung.ch\\\/wp-content\\\/uploads\\\/2023\\\/01\\\/SMZ_Schriftzug_Sprache.png\",\"width\":1400,\"height\":279,\"caption\":\"Schweizer Musikzeitung\"},\"image\":{\"@id\":\"https:\\\/\\\/www.musikzeitung.ch\\\/#\\\/schema\\\/logo\\\/image\\\/\"},\"sameAs\":[\"https:\\\/\\\/www.facebook.com\\\/SchweizerMusikzeitung\\\/\",\"https:\\\/\\\/x.com\\\/smusikzeitung\",\"https:\\\/\\\/www.instagram.com\\\/musikzeitung.ch\\\/\"]},{\"@type\":\"Person\",\"@id\":\"https:\\\/\\\/www.musikzeitung.ch\\\/#\\\/schema\\\/person\\\/0da4fb82d243f1252850a35d0e87cf0c\",\"name\":\"Wolfgang B\u00f6hler\",\"image\":{\"@type\":\"ImageObject\",\"inLanguage\":\"it-IT\",\"@id\":\"https:\\\/\\\/www.musikzeitung.ch\\\/wp-content\\\/uploads\\\/2023\\\/01\\\/boehler_portraet_web-e1674139782246-96x96.jpg\",\"url\":\"https:\\\/\\\/www.musikzeitung.ch\\\/wp-content\\\/uploads\\\/2023\\\/01\\\/boehler_portraet_web-e1674139782246-96x96.jpg\",\"contentUrl\":\"https:\\\/\\\/www.musikzeitung.ch\\\/wp-content\\\/uploads\\\/2023\\\/01\\\/boehler_portraet_web-e1674139782246-96x96.jpg\",\"caption\":\"Wolfgang B\u00f6hler\"},\"sameAs\":[\"http:\\\/\\\/www.manacanto.ch\",\"https:\\\/\\\/www.facebook.com\\\/wolfgang.bohler.75\"],\"url\":\"https:\\\/\\\/www.musikzeitung.ch\\\/it\\\/author\\\/wolfgang-boehler\"}]}<\/script>\n<!-- \/ Yoast SEO plugin. -->","yoast_head_json":{"title":"Dirigentinnen noch immer eine Minderheit - Schweizer Musikzeitung","description":"Secondo le ultime statistiche di Bachtrack, le conduttrici sono ancora in aumento, ma i progressi sono lenti.","robots":{"index":"index","follow":"follow","max-snippet":"max-snippet:-1","max-image-preview":"max-image-preview:large","max-video-preview":"max-video-preview:-1"},"canonical":"https:\/\/www.musikzeitung.ch\/it\/news\/2025\/01\/dirigentinnen-noch-immer-eine-minderheit\/","og_locale":"it_IT","og_type":"article","og_title":"Dirigentinnen noch immer eine Minderheit - Schweizer Musikzeitung","og_description":"Laut der neusten Bachtrack-Statistik sind Dirigentinnen weiterhin auf dem Vormarsch, der Fortschritt ist aber langsam.","og_url":"https:\/\/www.musikzeitung.ch\/it\/news\/2025\/01\/dirigentinnen-noch-immer-eine-minderheit\/","og_site_name":"Schweizer Musikzeitung","article_publisher":"https:\/\/www.facebook.com\/SchweizerMusikzeitung\/","article_author":"https:\/\/www.facebook.com\/wolfgang.bohler.75","article_published_time":"2025-01-28T11:18:19+00:00","article_modified_time":"2025-01-30T07:35:59+00:00","og_image":[{"width":860,"height":635,"url":"https:\/\/www.musikzeitung.ch\/wp-content\/uploads\/2025\/01\/250128mallwitz.jpg","type":"image\/jpeg"}],"author":"Wolfgang B\u00f6hler","twitter_card":"summary_large_image","twitter_creator":"@smusikzeitung","twitter_site":"@smusikzeitung","twitter_misc":{"Scritto da":"Wolfgang B\u00f6hler","Tempo di lettura stimato":"2 minuti"},"schema":{"@context":"https:\/\/schema.org","@graph":[{"@type":"Article","@id":"https:\/\/www.musikzeitung.ch\/news\/2025\/01\/dirigentinnen-noch-immer-eine-minderheit#article","isPartOf":{"@id":"https:\/\/www.musikzeitung.ch\/news\/2025\/01\/dirigentinnen-noch-immer-eine-minderheit"},"author":{"name":"Wolfgang B\u00f6hler","@id":"https:\/\/www.musikzeitung.ch\/#\/schema\/person\/0da4fb82d243f1252850a35d0e87cf0c"},"headline":"Dirigentinnen noch immer eine Minderheit","datePublished":"2025-01-28T11:18:19+00:00","dateModified":"2025-01-30T07:35:59+00:00","mainEntityOfPage":{"@id":"https:\/\/www.musikzeitung.ch\/news\/2025\/01\/dirigentinnen-noch-immer-eine-minderheit"},"wordCount":201,"publisher":{"@id":"https:\/\/www.musikzeitung.ch\/#organization"},"image":{"@id":"https:\/\/www.musikzeitung.ch\/news\/2025\/01\/dirigentinnen-noch-immer-eine-minderheit#primaryimage"},"thumbnailUrl":"https:\/\/www.musikzeitung.ch\/wp-content\/uploads\/2025\/01\/250128mallwitz.jpg","keywords":["Bachtrack","Dirigentin"],"articleSection":["News"],"inLanguage":"it-IT"},{"@type":"WebPage","@id":"https:\/\/www.musikzeitung.ch\/news\/2025\/01\/dirigentinnen-noch-immer-eine-minderheit","url":"https:\/\/www.musikzeitung.ch\/news\/2025\/01\/dirigentinnen-noch-immer-eine-minderheit","name":"Dirigentinnen noch immer eine Minderheit - Schweizer Musikzeitung","isPartOf":{"@id":"https:\/\/www.musikzeitung.ch\/#website"},"primaryImageOfPage":{"@id":"https:\/\/www.musikzeitung.ch\/news\/2025\/01\/dirigentinnen-noch-immer-eine-minderheit#primaryimage"},"image":{"@id":"https:\/\/www.musikzeitung.ch\/news\/2025\/01\/dirigentinnen-noch-immer-eine-minderheit#primaryimage"},"thumbnailUrl":"https:\/\/www.musikzeitung.ch\/wp-content\/uploads\/2025\/01\/250128mallwitz.jpg","datePublished":"2025-01-28T11:18:19+00:00","dateModified":"2025-01-30T07:35:59+00:00","description":"Secondo le ultime statistiche di Bachtrack, le conduttrici sono ancora in aumento, ma i progressi sono lenti.","breadcrumb":{"@id":"https:\/\/www.musikzeitung.ch\/news\/2025\/01\/dirigentinnen-noch-immer-eine-minderheit#breadcrumb"},"inLanguage":"it-IT","potentialAction":[{"@type":"ReadAction","target":["https:\/\/www.musikzeitung.ch\/news\/2025\/01\/dirigentinnen-noch-immer-eine-minderheit"]}]},{"@type":"ImageObject","inLanguage":"it-IT","@id":"https:\/\/www.musikzeitung.ch\/news\/2025\/01\/dirigentinnen-noch-immer-eine-minderheit#primaryimage","url":"https:\/\/www.musikzeitung.ch\/wp-content\/uploads\/2025\/01\/250128mallwitz.jpg","contentUrl":"https:\/\/www.musikzeitung.ch\/wp-content\/uploads\/2025\/01\/250128mallwitz.jpg","width":860,"height":635},{"@type":"BreadcrumbList","@id":"https:\/\/www.musikzeitung.ch\/news\/2025\/01\/dirigentinnen-noch-immer-eine-minderheit#breadcrumb","itemListElement":[{"@type":"ListItem","position":1,"name":"Home","item":"https:\/\/www.musikzeitung.ch\/"},{"@type":"ListItem","position":2,"name":"Dirigentinnen noch immer eine Minderheit"}]},{"@type":"WebSite","@id":"https:\/\/www.musikzeitung.ch\/#website","url":"https:\/\/www.musikzeitung.ch\/","name":"Giornale musicale svizzero","description":"Il principale mensile interdisciplinare della Svizzera per le questioni musicali.","publisher":{"@id":"https:\/\/www.musikzeitung.ch\/#organization"},"potentialAction":[{"@type":"SearchAction","target":{"@type":"EntryPoint","urlTemplate":"https:\/\/www.musikzeitung.ch\/?s={search_term_string}"},"query-input":{"@type":"PropertyValueSpecification","valueRequired":true,"valueName":"search_term_string"}}],"inLanguage":"it-IT"},{"@type":"Organization","@id":"https:\/\/www.musikzeitung.ch\/#organization","name":"Giornale musicale svizzero","url":"https:\/\/www.musikzeitung.ch\/","logo":{"@type":"ImageObject","inLanguage":"it-IT","@id":"https:\/\/www.musikzeitung.ch\/#\/schema\/logo\/image\/","url":"https:\/\/www.musikzeitung.ch\/wp-content\/uploads\/2023\/01\/SMZ_Schriftzug_Sprache.png","contentUrl":"https:\/\/www.musikzeitung.ch\/wp-content\/uploads\/2023\/01\/SMZ_Schriftzug_Sprache.png","width":1400,"height":279,"caption":"Schweizer Musikzeitung"},"image":{"@id":"https:\/\/www.musikzeitung.ch\/#\/schema\/logo\/image\/"},"sameAs":["https:\/\/www.facebook.com\/SchweizerMusikzeitung\/","https:\/\/x.com\/smusikzeitung","https:\/\/www.instagram.com\/musikzeitung.ch\/"]},{"@type":"Person","@id":"https:\/\/www.musikzeitung.ch\/#\/schema\/person\/0da4fb82d243f1252850a35d0e87cf0c","name":"Wolfgang B\u00f6hler","image":{"@type":"ImageObject","inLanguage":"it-IT","@id":"https:\/\/www.musikzeitung.ch\/wp-content\/uploads\/2023\/01\/boehler_portraet_web-e1674139782246-96x96.jpg","url":"https:\/\/www.musikzeitung.ch\/wp-content\/uploads\/2023\/01\/boehler_portraet_web-e1674139782246-96x96.jpg","contentUrl":"https:\/\/www.musikzeitung.ch\/wp-content\/uploads\/2023\/01\/boehler_portraet_web-e1674139782246-96x96.jpg","caption":"Wolfgang B\u00f6hler"},"sameAs":["http:\/\/www.manacanto.ch","https:\/\/www.facebook.com\/wolfgang.bohler.75"],"url":"https:\/\/www.musikzeitung.ch\/it\/author\/wolfgang-boehler"}]}},"publishpress_future_workflow_manual_trigger":{"enabledWorkflows":[]},"_links":{"self":[{"href":"https:\/\/www.musikzeitung.ch\/it\/wp-json\/wp\/v2\/posts\/62202","targetHints":{"allow":["GET"]}}],"collection":[{"href":"https:\/\/www.musikzeitung.ch\/it\/wp-json\/wp\/v2\/posts"}],"about":[{"href":"https:\/\/www.musikzeitung.ch\/it\/wp-json\/wp\/v2\/types\/post"}],"author":[{"embeddable":true,"href":"https:\/\/www.musikzeitung.ch\/it\/wp-json\/wp\/v2\/users\/30"}],"replies":[{"embeddable":true,"href":"https:\/\/www.musikzeitung.ch\/it\/wp-json\/wp\/v2\/comments?post=62202"}],"version-history":[{"count":4,"href":"https:\/\/www.musikzeitung.ch\/it\/wp-json\/wp\/v2\/posts\/62202\/revisions"}],"predecessor-version":[{"id":62244,"href":"https:\/\/www.musikzeitung.ch\/it\/wp-json\/wp\/v2\/posts\/62202\/revisions\/62244"}],"wp:featuredmedia":[{"embeddable":true,"href":"https:\/\/www.musikzeitung.ch\/it\/wp-json\/wp\/v2\/media\/62204"}],"wp:attachment":[{"href":"https:\/\/www.musikzeitung.ch\/it\/wp-json\/wp\/v2\/media?parent=62202"}],"wp:term":[{"taxonomy":"category","embeddable":true,"href":"https:\/\/www.musikzeitung.ch\/it\/wp-json\/wp\/v2\/categories?post=62202"},{"taxonomy":"post_tag","embeddable":true,"href":"https:\/\/www.musikzeitung.ch\/it\/wp-json\/wp\/v2\/tags?post=62202"}],"curies":[{"name":"wp","href":"https:\/\/api.w.org\/{rel}","templated":true}]}}