{"id":62238,"date":"2025-01-29T12:54:14","date_gmt":"2025-01-29T11:54:14","guid":{"rendered":"https:\/\/www.musikzeitung.ch\/?p=62238"},"modified":"2025-01-30T08:32:26","modified_gmt":"2025-01-30T07:32:26","slug":"wie-kreativ-sind-die-schweizer-kantone","status":"publish","type":"post","link":"https:\/\/www.musikzeitung.ch\/it\/news\/2025\/01\/wie-kreativ-sind-die-schweizer-kantone","title":{"rendered":"Quanto sono creativi i cantoni svizzeri?"},"content":{"rendered":"<figure id=\"attachment_62239\" aria-describedby=\"caption-attachment-62239\" style=\"width: 768px\" class=\"wp-caption alignnone\"><img loading=\"lazy\" decoding=\"async\" class=\"size-large wp-image-62239\" src=\"https:\/\/www.musikzeitung.ch\/wp-content\/uploads\/2025\/01\/250129kiki-1024x520.jpg\" alt=\"\" width=\"768\" height=\"390\" srcset=\"https:\/\/www.musikzeitung.ch\/wp-content\/uploads\/2025\/01\/250129kiki-1024x520.jpg 1024w, https:\/\/www.musikzeitung.ch\/wp-content\/uploads\/2025\/01\/250129kiki-300x152.jpg 300w, https:\/\/www.musikzeitung.ch\/wp-content\/uploads\/2025\/01\/250129kiki-768x390.jpg 768w, https:\/\/www.musikzeitung.ch\/wp-content\/uploads\/2025\/01\/250129kiki-18x9.jpg 18w, https:\/\/www.musikzeitung.ch\/wp-content\/uploads\/2025\/01\/250129kiki-345x175.jpg 345w, https:\/\/www.musikzeitung.ch\/wp-content\/uploads\/2025\/01\/250129kiki-690x350.jpg 690w, https:\/\/www.musikzeitung.ch\/wp-content\/uploads\/2025\/01\/250129kiki-920x467.jpg 920w, https:\/\/www.musikzeitung.ch\/wp-content\/uploads\/2025\/01\/250129kiki.jpg 1400w\" sizes=\"auto, (max-width: 768px) 100vw, 768px\" \/><figcaption id=\"caption-attachment-62239\" class=\"wp-caption-text\">Indice cantonale dell'innovazione e della creativit\u00e0 2024 (Immagine: Lucerne School of Business)<\/figcaption><\/figure>\n<p>I ricercatori hanno utilizzato il KIKI per stilare una classifica dei cantoni della Svizzera. Sulla base dei dati relativi al 2024, il cantone di Zugo ha conquistato il primo posto con poco meno di 60 punti su 100 teoricamente possibili, seguito da Basilea Citt\u00e0 e Zurigo. I cantoni di Vaud, Neuch\u00e2tel e Ginevra si collocano a breve distanza, dal quarto al sesto posto. Segue un'ampia fascia intermedia con punteggi compresi tra 31 e 41.<\/p>\n<p>Il KIKI consiste in una somma ponderata di 101 indicatori individuali che sono stati riassunti in quattro aree tematiche \"Conoscenza e ambiente\" e \"Creazione e crescita\" per un totale di otto pilastri tematici. Le fonti dei dati sono l'Ufficio federale di statistica (UST), l'Amministrazione federale delle finanze, l'agenzia federale per l'innovazione Innosuisse, l'OCSE e l'Istituto federale della propriet\u00e0 intellettuale.<\/p>\n<p><strong>Per saperne di pi\u00f9:<\/strong><br \/>\n<a href=\"https:\/\/www.hslu.ch\/de-ch\/hochschule-luzern\/ueber-uns\/medien\/medienmitteilungen\/2025\/01\/29\/kiki\/\">https:\/\/www.hslu.ch\/de-ch\/hochschule-luzern\/ueber-uns\/medien\/medienmitteilungen\/2025\/01\/29\/kiki\/<\/a><\/p>","protected":false},"excerpt":{"rendered":"<p> Con l'Indice Cantonale di Innovazione e Creativit\u00e0 (KIKI), la Scuola Universitaria Professionale di Lucerna ha sviluppato uno strumento con il quale \u00e8 possibile per la prima volta un confronto fondato tra i Cantoni. <\/p>","protected":false},"author":30,"featured_media":62239,"comment_status":"closed","ping_status":"closed","sticky":false,"template":"","format":"standard","meta":{"_acf_changed":false,"_relevanssi_hide_post":"","_relevanssi_hide_content":"","_relevanssi_pin_for_all":"","_relevanssi_pin_keywords":"","_relevanssi_unpin_keywords":"","_relevanssi_related_keywords":"","_relevanssi_related_include_ids":"","_relevanssi_related_exclude_ids":"","_relevanssi_related_no_append":"","_relevanssi_related_not_related":"","_relevanssi_related_posts":"","_relevanssi_noindex_reason":"","pgc_sgb_lightbox_settings":"","footnotes":""},"categories":[27],"tags":[4725,4726],"class_list":["post-62238","post","type-post","status-publish","format-standard","has-post-thumbnail","hentry","category-news","tag-hochschule-luzern","tag-kreativitaetsindex"],"acf":[],"yoast_head":"<!-- This site is optimized with the Yoast SEO plugin v27.4 - https:\/\/yoast.com\/product\/yoast-seo-wordpress\/ -->\n<title>Wie kreativ sind die Schweizer Kantone? - Schweizer Musikzeitung<\/title>\n<meta name=\"description\" content=\"Die Hochschule Luzern hat mit dem KIKI ein Instrument entwickelt, mit dem erstmals ein fundierter Vergleich der Kantone m\u00f6glich ist.\" \/>\n<meta name=\"robots\" content=\"index, follow, max-snippet:-1, max-image-preview:large, max-video-preview:-1\" \/>\n<link rel=\"canonical\" href=\"https:\/\/www.musikzeitung.ch\/it\/news\/2025\/01\/wie-kreativ-sind-die-schweizer-kantone\/\" \/>\n<meta property=\"og:locale\" content=\"it_IT\" \/>\n<meta property=\"og:type\" content=\"article\" \/>\n<meta property=\"og:title\" content=\"Wie kreativ sind die Schweizer Kantone? - Schweizer Musikzeitung\" \/>\n<meta property=\"og:description\" content=\"Die Hochschule Luzern hat mit dem KIKI ein Instrument entwickelt, mit dem erstmals ein fundierter Vergleich der Kantone m\u00f6glich ist.\" \/>\n<meta property=\"og:url\" content=\"https:\/\/www.musikzeitung.ch\/it\/news\/2025\/01\/wie-kreativ-sind-die-schweizer-kantone\/\" \/>\n<meta property=\"og:site_name\" content=\"Schweizer Musikzeitung\" \/>\n<meta property=\"article:publisher\" content=\"https:\/\/www.facebook.com\/SchweizerMusikzeitung\/\" \/>\n<meta property=\"article:author\" content=\"https:\/\/www.facebook.com\/wolfgang.bohler.75\" \/>\n<meta property=\"article:published_time\" content=\"2025-01-29T11:54:14+00:00\" \/>\n<meta property=\"article:modified_time\" content=\"2025-01-30T07:32:26+00:00\" \/>\n<meta property=\"og:image\" content=\"https:\/\/www.musikzeitung.ch\/wp-content\/uploads\/2025\/01\/250129kiki.jpg\" \/>\n\t<meta property=\"og:image:width\" content=\"1400\" \/>\n\t<meta property=\"og:image:height\" content=\"710\" \/>\n\t<meta property=\"og:image:type\" content=\"image\/jpeg\" \/>\n<meta name=\"author\" content=\"Wolfgang B\u00f6hler\" \/>\n<meta name=\"twitter:card\" content=\"summary_large_image\" \/>\n<meta name=\"twitter:creator\" content=\"@smusikzeitung\" \/>\n<meta name=\"twitter:site\" content=\"@smusikzeitung\" \/>\n<meta name=\"twitter:label1\" content=\"Scritto da\" \/>\n\t<meta name=\"twitter:data1\" content=\"Wolfgang B\u00f6hler\" \/>\n\t<meta name=\"twitter:label2\" content=\"Tempo di lettura stimato\" \/>\n\t<meta name=\"twitter:data2\" content=\"2 minuti\" \/>\n<script type=\"application\/ld+json\" class=\"yoast-schema-graph\">{\"@context\":\"https:\\\/\\\/schema.org\",\"@graph\":[{\"@type\":\"Article\",\"@id\":\"https:\\\/\\\/www.musikzeitung.ch\\\/news\\\/2025\\\/01\\\/wie-kreativ-sind-die-schweizer-kantone#article\",\"isPartOf\":{\"@id\":\"https:\\\/\\\/www.musikzeitung.ch\\\/news\\\/2025\\\/01\\\/wie-kreativ-sind-die-schweizer-kantone\"},\"author\":{\"name\":\"Wolfgang B\u00f6hler\",\"@id\":\"https:\\\/\\\/www.musikzeitung.ch\\\/#\\\/schema\\\/person\\\/0da4fb82d243f1252850a35d0e87cf0c\"},\"headline\":\"Wie kreativ sind die Schweizer Kantone?\",\"datePublished\":\"2025-01-29T11:54:14+00:00\",\"dateModified\":\"2025-01-30T07:32:26+00:00\",\"mainEntityOfPage\":{\"@id\":\"https:\\\/\\\/www.musikzeitung.ch\\\/news\\\/2025\\\/01\\\/wie-kreativ-sind-die-schweizer-kantone\"},\"wordCount\":160,\"publisher\":{\"@id\":\"https:\\\/\\\/www.musikzeitung.ch\\\/#organization\"},\"image\":{\"@id\":\"https:\\\/\\\/www.musikzeitung.ch\\\/news\\\/2025\\\/01\\\/wie-kreativ-sind-die-schweizer-kantone#primaryimage\"},\"thumbnailUrl\":\"https:\\\/\\\/www.musikzeitung.ch\\\/wp-content\\\/uploads\\\/2025\\\/01\\\/250129kiki.jpg\",\"keywords\":[\"Hochschule Luzern\",\"Kreativit\u00e4tsindex\"],\"articleSection\":[\"News\"],\"inLanguage\":\"it-IT\"},{\"@type\":\"WebPage\",\"@id\":\"https:\\\/\\\/www.musikzeitung.ch\\\/news\\\/2025\\\/01\\\/wie-kreativ-sind-die-schweizer-kantone\",\"url\":\"https:\\\/\\\/www.musikzeitung.ch\\\/news\\\/2025\\\/01\\\/wie-kreativ-sind-die-schweizer-kantone\",\"name\":\"Wie kreativ sind die Schweizer Kantone? - Schweizer Musikzeitung\",\"isPartOf\":{\"@id\":\"https:\\\/\\\/www.musikzeitung.ch\\\/#website\"},\"primaryImageOfPage\":{\"@id\":\"https:\\\/\\\/www.musikzeitung.ch\\\/news\\\/2025\\\/01\\\/wie-kreativ-sind-die-schweizer-kantone#primaryimage\"},\"image\":{\"@id\":\"https:\\\/\\\/www.musikzeitung.ch\\\/news\\\/2025\\\/01\\\/wie-kreativ-sind-die-schweizer-kantone#primaryimage\"},\"thumbnailUrl\":\"https:\\\/\\\/www.musikzeitung.ch\\\/wp-content\\\/uploads\\\/2025\\\/01\\\/250129kiki.jpg\",\"datePublished\":\"2025-01-29T11:54:14+00:00\",\"dateModified\":\"2025-01-30T07:32:26+00:00\",\"description\":\"Die Hochschule Luzern hat mit dem KIKI ein Instrument entwickelt, mit dem erstmals ein fundierter Vergleich der Kantone m\u00f6glich ist.\",\"breadcrumb\":{\"@id\":\"https:\\\/\\\/www.musikzeitung.ch\\\/news\\\/2025\\\/01\\\/wie-kreativ-sind-die-schweizer-kantone#breadcrumb\"},\"inLanguage\":\"it-IT\",\"potentialAction\":[{\"@type\":\"ReadAction\",\"target\":[\"https:\\\/\\\/www.musikzeitung.ch\\\/news\\\/2025\\\/01\\\/wie-kreativ-sind-die-schweizer-kantone\"]}]},{\"@type\":\"ImageObject\",\"inLanguage\":\"it-IT\",\"@id\":\"https:\\\/\\\/www.musikzeitung.ch\\\/news\\\/2025\\\/01\\\/wie-kreativ-sind-die-schweizer-kantone#primaryimage\",\"url\":\"https:\\\/\\\/www.musikzeitung.ch\\\/wp-content\\\/uploads\\\/2025\\\/01\\\/250129kiki.jpg\",\"contentUrl\":\"https:\\\/\\\/www.musikzeitung.ch\\\/wp-content\\\/uploads\\\/2025\\\/01\\\/250129kiki.jpg\",\"width\":1400,\"height\":710,\"caption\":\"Kantonaler Innovations- und Kreativit\u00e4tsindex 2024 (Bild: Hochschule Luzern - Wirtschaft)\"},{\"@type\":\"BreadcrumbList\",\"@id\":\"https:\\\/\\\/www.musikzeitung.ch\\\/news\\\/2025\\\/01\\\/wie-kreativ-sind-die-schweizer-kantone#breadcrumb\",\"itemListElement\":[{\"@type\":\"ListItem\",\"position\":1,\"name\":\"Home\",\"item\":\"https:\\\/\\\/www.musikzeitung.ch\\\/\"},{\"@type\":\"ListItem\",\"position\":2,\"name\":\"Wie kreativ sind die Schweizer Kantone?\"}]},{\"@type\":\"WebSite\",\"@id\":\"https:\\\/\\\/www.musikzeitung.ch\\\/#website\",\"url\":\"https:\\\/\\\/www.musikzeitung.ch\\\/\",\"name\":\"Schweizer Musikzeitung\",\"description\":\"Die f\u00fchrende sparten\u00fcbergreifende Monatszeitung in der Schweiz f\u00fcr musikalische Fragen.\",\"publisher\":{\"@id\":\"https:\\\/\\\/www.musikzeitung.ch\\\/#organization\"},\"potentialAction\":[{\"@type\":\"SearchAction\",\"target\":{\"@type\":\"EntryPoint\",\"urlTemplate\":\"https:\\\/\\\/www.musikzeitung.ch\\\/?s={search_term_string}\"},\"query-input\":{\"@type\":\"PropertyValueSpecification\",\"valueRequired\":true,\"valueName\":\"search_term_string\"}}],\"inLanguage\":\"it-IT\"},{\"@type\":\"Organization\",\"@id\":\"https:\\\/\\\/www.musikzeitung.ch\\\/#organization\",\"name\":\"Schweizer Musikzeitung\",\"url\":\"https:\\\/\\\/www.musikzeitung.ch\\\/\",\"logo\":{\"@type\":\"ImageObject\",\"inLanguage\":\"it-IT\",\"@id\":\"https:\\\/\\\/www.musikzeitung.ch\\\/#\\\/schema\\\/logo\\\/image\\\/\",\"url\":\"https:\\\/\\\/www.musikzeitung.ch\\\/wp-content\\\/uploads\\\/2023\\\/01\\\/SMZ_Schriftzug_Sprache.png\",\"contentUrl\":\"https:\\\/\\\/www.musikzeitung.ch\\\/wp-content\\\/uploads\\\/2023\\\/01\\\/SMZ_Schriftzug_Sprache.png\",\"width\":1400,\"height\":279,\"caption\":\"Schweizer Musikzeitung\"},\"image\":{\"@id\":\"https:\\\/\\\/www.musikzeitung.ch\\\/#\\\/schema\\\/logo\\\/image\\\/\"},\"sameAs\":[\"https:\\\/\\\/www.facebook.com\\\/SchweizerMusikzeitung\\\/\",\"https:\\\/\\\/x.com\\\/smusikzeitung\",\"https:\\\/\\\/www.instagram.com\\\/musikzeitung.ch\\\/\"]},{\"@type\":\"Person\",\"@id\":\"https:\\\/\\\/www.musikzeitung.ch\\\/#\\\/schema\\\/person\\\/0da4fb82d243f1252850a35d0e87cf0c\",\"name\":\"Wolfgang B\u00f6hler\",\"image\":{\"@type\":\"ImageObject\",\"inLanguage\":\"it-IT\",\"@id\":\"https:\\\/\\\/www.musikzeitung.ch\\\/wp-content\\\/uploads\\\/2023\\\/01\\\/boehler_portraet_web-e1674139782246-96x96.jpg\",\"url\":\"https:\\\/\\\/www.musikzeitung.ch\\\/wp-content\\\/uploads\\\/2023\\\/01\\\/boehler_portraet_web-e1674139782246-96x96.jpg\",\"contentUrl\":\"https:\\\/\\\/www.musikzeitung.ch\\\/wp-content\\\/uploads\\\/2023\\\/01\\\/boehler_portraet_web-e1674139782246-96x96.jpg\",\"caption\":\"Wolfgang B\u00f6hler\"},\"sameAs\":[\"http:\\\/\\\/www.manacanto.ch\",\"https:\\\/\\\/www.facebook.com\\\/wolfgang.bohler.75\"],\"url\":\"https:\\\/\\\/www.musikzeitung.ch\\\/it\\\/author\\\/wolfgang-boehler\"}]}<\/script>\n<!-- \/ Yoast SEO plugin. -->","yoast_head_json":{"title":"Wie kreativ sind die Schweizer Kantone? - Schweizer Musikzeitung","description":"Die Hochschule Luzern hat mit dem KIKI ein Instrument entwickelt, mit dem erstmals ein fundierter Vergleich der Kantone m\u00f6glich ist.","robots":{"index":"index","follow":"follow","max-snippet":"max-snippet:-1","max-image-preview":"max-image-preview:large","max-video-preview":"max-video-preview:-1"},"canonical":"https:\/\/www.musikzeitung.ch\/it\/news\/2025\/01\/wie-kreativ-sind-die-schweizer-kantone\/","og_locale":"it_IT","og_type":"article","og_title":"Wie kreativ sind die Schweizer Kantone? - Schweizer Musikzeitung","og_description":"Die Hochschule Luzern hat mit dem KIKI ein Instrument entwickelt, mit dem erstmals ein fundierter Vergleich der Kantone m\u00f6glich ist.","og_url":"https:\/\/www.musikzeitung.ch\/it\/news\/2025\/01\/wie-kreativ-sind-die-schweizer-kantone\/","og_site_name":"Schweizer Musikzeitung","article_publisher":"https:\/\/www.facebook.com\/SchweizerMusikzeitung\/","article_author":"https:\/\/www.facebook.com\/wolfgang.bohler.75","article_published_time":"2025-01-29T11:54:14+00:00","article_modified_time":"2025-01-30T07:32:26+00:00","og_image":[{"width":1400,"height":710,"url":"https:\/\/www.musikzeitung.ch\/wp-content\/uploads\/2025\/01\/250129kiki.jpg","type":"image\/jpeg"}],"author":"Wolfgang B\u00f6hler","twitter_card":"summary_large_image","twitter_creator":"@smusikzeitung","twitter_site":"@smusikzeitung","twitter_misc":{"Scritto da":"Wolfgang B\u00f6hler","Tempo di lettura stimato":"2 minuti"},"schema":{"@context":"https:\/\/schema.org","@graph":[{"@type":"Article","@id":"https:\/\/www.musikzeitung.ch\/news\/2025\/01\/wie-kreativ-sind-die-schweizer-kantone#article","isPartOf":{"@id":"https:\/\/www.musikzeitung.ch\/news\/2025\/01\/wie-kreativ-sind-die-schweizer-kantone"},"author":{"name":"Wolfgang B\u00f6hler","@id":"https:\/\/www.musikzeitung.ch\/#\/schema\/person\/0da4fb82d243f1252850a35d0e87cf0c"},"headline":"Wie kreativ sind die Schweizer Kantone?","datePublished":"2025-01-29T11:54:14+00:00","dateModified":"2025-01-30T07:32:26+00:00","mainEntityOfPage":{"@id":"https:\/\/www.musikzeitung.ch\/news\/2025\/01\/wie-kreativ-sind-die-schweizer-kantone"},"wordCount":160,"publisher":{"@id":"https:\/\/www.musikzeitung.ch\/#organization"},"image":{"@id":"https:\/\/www.musikzeitung.ch\/news\/2025\/01\/wie-kreativ-sind-die-schweizer-kantone#primaryimage"},"thumbnailUrl":"https:\/\/www.musikzeitung.ch\/wp-content\/uploads\/2025\/01\/250129kiki.jpg","keywords":["Hochschule Luzern","Kreativit\u00e4tsindex"],"articleSection":["News"],"inLanguage":"it-IT"},{"@type":"WebPage","@id":"https:\/\/www.musikzeitung.ch\/news\/2025\/01\/wie-kreativ-sind-die-schweizer-kantone","url":"https:\/\/www.musikzeitung.ch\/news\/2025\/01\/wie-kreativ-sind-die-schweizer-kantone","name":"Wie kreativ sind die Schweizer Kantone? - Schweizer Musikzeitung","isPartOf":{"@id":"https:\/\/www.musikzeitung.ch\/#website"},"primaryImageOfPage":{"@id":"https:\/\/www.musikzeitung.ch\/news\/2025\/01\/wie-kreativ-sind-die-schweizer-kantone#primaryimage"},"image":{"@id":"https:\/\/www.musikzeitung.ch\/news\/2025\/01\/wie-kreativ-sind-die-schweizer-kantone#primaryimage"},"thumbnailUrl":"https:\/\/www.musikzeitung.ch\/wp-content\/uploads\/2025\/01\/250129kiki.jpg","datePublished":"2025-01-29T11:54:14+00:00","dateModified":"2025-01-30T07:32:26+00:00","description":"Die Hochschule Luzern hat mit dem KIKI ein Instrument entwickelt, mit dem erstmals ein fundierter Vergleich der Kantone m\u00f6glich ist.","breadcrumb":{"@id":"https:\/\/www.musikzeitung.ch\/news\/2025\/01\/wie-kreativ-sind-die-schweizer-kantone#breadcrumb"},"inLanguage":"it-IT","potentialAction":[{"@type":"ReadAction","target":["https:\/\/www.musikzeitung.ch\/news\/2025\/01\/wie-kreativ-sind-die-schweizer-kantone"]}]},{"@type":"ImageObject","inLanguage":"it-IT","@id":"https:\/\/www.musikzeitung.ch\/news\/2025\/01\/wie-kreativ-sind-die-schweizer-kantone#primaryimage","url":"https:\/\/www.musikzeitung.ch\/wp-content\/uploads\/2025\/01\/250129kiki.jpg","contentUrl":"https:\/\/www.musikzeitung.ch\/wp-content\/uploads\/2025\/01\/250129kiki.jpg","width":1400,"height":710,"caption":"Kantonaler Innovations- und Kreativit\u00e4tsindex 2024 (Bild: Hochschule Luzern - Wirtschaft)"},{"@type":"BreadcrumbList","@id":"https:\/\/www.musikzeitung.ch\/news\/2025\/01\/wie-kreativ-sind-die-schweizer-kantone#breadcrumb","itemListElement":[{"@type":"ListItem","position":1,"name":"Home","item":"https:\/\/www.musikzeitung.ch\/"},{"@type":"ListItem","position":2,"name":"Wie kreativ sind die Schweizer Kantone?"}]},{"@type":"WebSite","@id":"https:\/\/www.musikzeitung.ch\/#website","url":"https:\/\/www.musikzeitung.ch\/","name":"Giornale musicale svizzero","description":"Il principale mensile interdisciplinare della Svizzera per le questioni musicali.","publisher":{"@id":"https:\/\/www.musikzeitung.ch\/#organization"},"potentialAction":[{"@type":"SearchAction","target":{"@type":"EntryPoint","urlTemplate":"https:\/\/www.musikzeitung.ch\/?s={search_term_string}"},"query-input":{"@type":"PropertyValueSpecification","valueRequired":true,"valueName":"search_term_string"}}],"inLanguage":"it-IT"},{"@type":"Organization","@id":"https:\/\/www.musikzeitung.ch\/#organization","name":"Giornale musicale svizzero","url":"https:\/\/www.musikzeitung.ch\/","logo":{"@type":"ImageObject","inLanguage":"it-IT","@id":"https:\/\/www.musikzeitung.ch\/#\/schema\/logo\/image\/","url":"https:\/\/www.musikzeitung.ch\/wp-content\/uploads\/2023\/01\/SMZ_Schriftzug_Sprache.png","contentUrl":"https:\/\/www.musikzeitung.ch\/wp-content\/uploads\/2023\/01\/SMZ_Schriftzug_Sprache.png","width":1400,"height":279,"caption":"Schweizer Musikzeitung"},"image":{"@id":"https:\/\/www.musikzeitung.ch\/#\/schema\/logo\/image\/"},"sameAs":["https:\/\/www.facebook.com\/SchweizerMusikzeitung\/","https:\/\/x.com\/smusikzeitung","https:\/\/www.instagram.com\/musikzeitung.ch\/"]},{"@type":"Person","@id":"https:\/\/www.musikzeitung.ch\/#\/schema\/person\/0da4fb82d243f1252850a35d0e87cf0c","name":"Wolfgang B\u00f6hler","image":{"@type":"ImageObject","inLanguage":"it-IT","@id":"https:\/\/www.musikzeitung.ch\/wp-content\/uploads\/2023\/01\/boehler_portraet_web-e1674139782246-96x96.jpg","url":"https:\/\/www.musikzeitung.ch\/wp-content\/uploads\/2023\/01\/boehler_portraet_web-e1674139782246-96x96.jpg","contentUrl":"https:\/\/www.musikzeitung.ch\/wp-content\/uploads\/2023\/01\/boehler_portraet_web-e1674139782246-96x96.jpg","caption":"Wolfgang B\u00f6hler"},"sameAs":["http:\/\/www.manacanto.ch","https:\/\/www.facebook.com\/wolfgang.bohler.75"],"url":"https:\/\/www.musikzeitung.ch\/it\/author\/wolfgang-boehler"}]}},"publishpress_future_workflow_manual_trigger":{"enabledWorkflows":[]},"_links":{"self":[{"href":"https:\/\/www.musikzeitung.ch\/it\/wp-json\/wp\/v2\/posts\/62238","targetHints":{"allow":["GET"]}}],"collection":[{"href":"https:\/\/www.musikzeitung.ch\/it\/wp-json\/wp\/v2\/posts"}],"about":[{"href":"https:\/\/www.musikzeitung.ch\/it\/wp-json\/wp\/v2\/types\/post"}],"author":[{"embeddable":true,"href":"https:\/\/www.musikzeitung.ch\/it\/wp-json\/wp\/v2\/users\/30"}],"replies":[{"embeddable":true,"href":"https:\/\/www.musikzeitung.ch\/it\/wp-json\/wp\/v2\/comments?post=62238"}],"version-history":[{"count":3,"href":"https:\/\/www.musikzeitung.ch\/it\/wp-json\/wp\/v2\/posts\/62238\/revisions"}],"predecessor-version":[{"id":62242,"href":"https:\/\/www.musikzeitung.ch\/it\/wp-json\/wp\/v2\/posts\/62238\/revisions\/62242"}],"wp:featuredmedia":[{"embeddable":true,"href":"https:\/\/www.musikzeitung.ch\/it\/wp-json\/wp\/v2\/media\/62239"}],"wp:attachment":[{"href":"https:\/\/www.musikzeitung.ch\/it\/wp-json\/wp\/v2\/media?parent=62238"}],"wp:term":[{"taxonomy":"category","embeddable":true,"href":"https:\/\/www.musikzeitung.ch\/it\/wp-json\/wp\/v2\/categories?post=62238"},{"taxonomy":"post_tag","embeddable":true,"href":"https:\/\/www.musikzeitung.ch\/it\/wp-json\/wp\/v2\/tags?post=62238"}],"curies":[{"name":"wp","href":"https:\/\/api.w.org\/{rel}","templated":true}]}}