{"id":62626,"date":"2025-02-12T10:38:29","date_gmt":"2025-02-12T09:38:29","guid":{"rendered":"https:\/\/www.musikzeitung.ch\/?p=62626"},"modified":"2025-02-12T15:07:29","modified_gmt":"2025-02-12T14:07:29","slug":"tod-der-schweizer-saengerin-edith-mathis","status":"publish","type":"post","link":"https:\/\/www.musikzeitung.ch\/it\/news\/2025\/02\/tod-der-schweizer-saengerin-edith-mathis","title":{"rendered":"Morte della cantante svizzera Edith Mathis"},"content":{"rendered":"<figure id=\"attachment_62627\" aria-describedby=\"caption-attachment-62627\" style=\"width: 773px\" class=\"wp-caption alignnone\"><img loading=\"lazy\" decoding=\"async\" class=\"size-full wp-image-62627\" src=\"https:\/\/www.musikzeitung.ch\/wp-content\/uploads\/2025\/02\/250212mathis.jpg\" alt=\"\" width=\"773\" height=\"557\" srcset=\"https:\/\/www.musikzeitung.ch\/wp-content\/uploads\/2025\/02\/250212mathis.jpg 773w, https:\/\/www.musikzeitung.ch\/wp-content\/uploads\/2025\/02\/250212mathis-300x216.jpg 300w, https:\/\/www.musikzeitung.ch\/wp-content\/uploads\/2025\/02\/250212mathis-768x553.jpg 768w, https:\/\/www.musikzeitung.ch\/wp-content\/uploads\/2025\/02\/250212mathis-18x12.jpg 18w, https:\/\/www.musikzeitung.ch\/wp-content\/uploads\/2025\/02\/250212mathis-243x175.jpg 243w, https:\/\/www.musikzeitung.ch\/wp-content\/uploads\/2025\/02\/250212mathis-486x350.jpg 486w\" sizes=\"auto, (max-width: 773px) 100vw, 773px\" \/><figcaption id=\"caption-attachment-62627\" class=\"wp-caption-text\">Edith Mathis ad Amsterdam nel 1969 (Foto: Eric Koch)<\/figcaption><\/figure>\n<p>Mathis ha studiato a Lucerna e Zurigo e ha debuttato nel 1957, all'et\u00e0 di 19 anni, come secondo ragazzo nel \"Flauto magico\" di Mozart. Dal 1959 al 1963 \u00e8 stata membro dell'ensemble del Teatro dell'Opera di Colonia e dal 1963 della Deutsche Oper di Berlino. Oltre all'impegno nella musica di Mozart e Bach, ha partecipato a prime mondiali, tra cui l'opera \"Der Zerrissene\" di Gottfried von Einem ad Amburgo nel 1964 e \"Der junge Lord\" di Hans Werner Henze a Berlino nel 1965.<\/p>\n<p>Dal 1992 al 2006 \u00e8 stata professoressa di interpretazione di lied e oratorio presso l'Universit\u00e0 di Musica e Arti dello Spettacolo di Vienna. Una delle sue allieve \u00e8 Diana Damrau. Tra le sue numerose onorificenze figurano la Medaglia Mozart della Fondazione Internazionale Mozarteum di Salisburgo, l'Anello Hans Reinhart, il Premio Arte e Cultura della Citt\u00e0 di Lucerna e il Prix Mondial du Disque. Edith Mathis detiene anche il titolo di Kammers\u00e4ngerin bavarese dal 1979.<\/p>","protected":false},"excerpt":{"rendered":"<p>Il soprano svizzero Edith Mathis \u00e8 morta a Salisburgo all'et\u00e0 di 87 anni. Era considerata, tra l'altro, una straordinaria interprete di Mozart.<\/p>","protected":false},"author":30,"featured_media":62627,"comment_status":"closed","ping_status":"closed","sticky":false,"template":"","format":"standard","meta":{"_acf_changed":false,"_relevanssi_hide_post":"","_relevanssi_hide_content":"","_relevanssi_pin_for_all":"","_relevanssi_pin_keywords":"","_relevanssi_unpin_keywords":"","_relevanssi_related_keywords":"","_relevanssi_related_include_ids":"","_relevanssi_related_exclude_ids":"","_relevanssi_related_no_append":"","_relevanssi_related_not_related":"","_relevanssi_related_posts":"","_relevanssi_noindex_reason":"","pgc_sgb_lightbox_settings":"","footnotes":""},"categories":[27],"tags":[4738],"class_list":["post-62626","post","type-post","status-publish","format-standard","has-post-thumbnail","hentry","category-news","tag-edith-mathis"],"acf":[],"yoast_head":"<!-- This site is optimized with the Yoast SEO plugin v27.4 - https:\/\/yoast.com\/product\/yoast-seo-wordpress\/ -->\n<title>Tod der Schweizer S\u00e4ngerin Edith Mathis - Schweizer Musikzeitung<\/title>\n<meta name=\"description\" content=\"Die Schweizer Sopranistin Edith Mathis ist im Alter von 87 Jahren in Salzburg verstorben. Sie galt unter anderem als herausragende Mozart-Interpretin.\" \/>\n<meta name=\"robots\" content=\"index, follow, max-snippet:-1, max-image-preview:large, max-video-preview:-1\" \/>\n<link rel=\"canonical\" href=\"https:\/\/www.musikzeitung.ch\/it\/news\/2025\/02\/tod-der-schweizer-saengerin-edith-mathis\/\" \/>\n<meta property=\"og:locale\" content=\"it_IT\" \/>\n<meta property=\"og:type\" content=\"article\" \/>\n<meta property=\"og:title\" content=\"Tod der Schweizer S\u00e4ngerin Edith Mathis - Schweizer Musikzeitung\" \/>\n<meta property=\"og:description\" content=\"Die Schweizer Sopranistin Edith Mathis ist im Alter von 87 Jahren in Salzburg verstorben. Sie galt unter anderem als herausragende Mozart-Interpretin.\" \/>\n<meta property=\"og:url\" content=\"https:\/\/www.musikzeitung.ch\/it\/news\/2025\/02\/tod-der-schweizer-saengerin-edith-mathis\/\" \/>\n<meta property=\"og:site_name\" content=\"Schweizer Musikzeitung\" \/>\n<meta property=\"article:publisher\" content=\"https:\/\/www.facebook.com\/SchweizerMusikzeitung\/\" \/>\n<meta property=\"article:author\" content=\"https:\/\/www.facebook.com\/wolfgang.bohler.75\" \/>\n<meta property=\"article:published_time\" content=\"2025-02-12T09:38:29+00:00\" \/>\n<meta property=\"article:modified_time\" content=\"2025-02-12T14:07:29+00:00\" \/>\n<meta property=\"og:image\" content=\"https:\/\/www.musikzeitung.ch\/wp-content\/uploads\/2025\/02\/250212mathis.jpg\" \/>\n\t<meta property=\"og:image:width\" content=\"773\" \/>\n\t<meta property=\"og:image:height\" content=\"557\" \/>\n\t<meta property=\"og:image:type\" content=\"image\/jpeg\" \/>\n<meta name=\"author\" content=\"Wolfgang B\u00f6hler\" \/>\n<meta name=\"twitter:card\" content=\"summary_large_image\" \/>\n<meta name=\"twitter:creator\" content=\"@smusikzeitung\" \/>\n<meta name=\"twitter:site\" content=\"@smusikzeitung\" \/>\n<meta name=\"twitter:label1\" content=\"Scritto da\" \/>\n\t<meta name=\"twitter:data1\" content=\"Wolfgang B\u00f6hler\" \/>\n\t<meta name=\"twitter:label2\" content=\"Tempo di lettura stimato\" \/>\n\t<meta name=\"twitter:data2\" content=\"2 minuti\" \/>\n<script type=\"application\/ld+json\" class=\"yoast-schema-graph\">{\"@context\":\"https:\\\/\\\/schema.org\",\"@graph\":[{\"@type\":\"Article\",\"@id\":\"https:\\\/\\\/www.musikzeitung.ch\\\/news\\\/2025\\\/02\\\/tod-der-schweizer-saengerin-edith-mathis#article\",\"isPartOf\":{\"@id\":\"https:\\\/\\\/www.musikzeitung.ch\\\/news\\\/2025\\\/02\\\/tod-der-schweizer-saengerin-edith-mathis\"},\"author\":{\"name\":\"Wolfgang B\u00f6hler\",\"@id\":\"https:\\\/\\\/www.musikzeitung.ch\\\/#\\\/schema\\\/person\\\/0da4fb82d243f1252850a35d0e87cf0c\"},\"headline\":\"Tod der Schweizer S\u00e4ngerin Edith Mathis\",\"datePublished\":\"2025-02-12T09:38:29+00:00\",\"dateModified\":\"2025-02-12T14:07:29+00:00\",\"mainEntityOfPage\":{\"@id\":\"https:\\\/\\\/www.musikzeitung.ch\\\/news\\\/2025\\\/02\\\/tod-der-schweizer-saengerin-edith-mathis\"},\"wordCount\":166,\"publisher\":{\"@id\":\"https:\\\/\\\/www.musikzeitung.ch\\\/#organization\"},\"image\":{\"@id\":\"https:\\\/\\\/www.musikzeitung.ch\\\/news\\\/2025\\\/02\\\/tod-der-schweizer-saengerin-edith-mathis#primaryimage\"},\"thumbnailUrl\":\"https:\\\/\\\/www.musikzeitung.ch\\\/wp-content\\\/uploads\\\/2025\\\/02\\\/250212mathis.jpg\",\"keywords\":[\"Edith Mathis\"],\"articleSection\":[\"News\"],\"inLanguage\":\"it-IT\"},{\"@type\":\"WebPage\",\"@id\":\"https:\\\/\\\/www.musikzeitung.ch\\\/news\\\/2025\\\/02\\\/tod-der-schweizer-saengerin-edith-mathis\",\"url\":\"https:\\\/\\\/www.musikzeitung.ch\\\/news\\\/2025\\\/02\\\/tod-der-schweizer-saengerin-edith-mathis\",\"name\":\"Tod der Schweizer S\u00e4ngerin Edith Mathis - Schweizer Musikzeitung\",\"isPartOf\":{\"@id\":\"https:\\\/\\\/www.musikzeitung.ch\\\/#website\"},\"primaryImageOfPage\":{\"@id\":\"https:\\\/\\\/www.musikzeitung.ch\\\/news\\\/2025\\\/02\\\/tod-der-schweizer-saengerin-edith-mathis#primaryimage\"},\"image\":{\"@id\":\"https:\\\/\\\/www.musikzeitung.ch\\\/news\\\/2025\\\/02\\\/tod-der-schweizer-saengerin-edith-mathis#primaryimage\"},\"thumbnailUrl\":\"https:\\\/\\\/www.musikzeitung.ch\\\/wp-content\\\/uploads\\\/2025\\\/02\\\/250212mathis.jpg\",\"datePublished\":\"2025-02-12T09:38:29+00:00\",\"dateModified\":\"2025-02-12T14:07:29+00:00\",\"description\":\"Die Schweizer Sopranistin Edith Mathis ist im Alter von 87 Jahren in Salzburg verstorben. Sie galt unter anderem als herausragende Mozart-Interpretin.\",\"breadcrumb\":{\"@id\":\"https:\\\/\\\/www.musikzeitung.ch\\\/news\\\/2025\\\/02\\\/tod-der-schweizer-saengerin-edith-mathis#breadcrumb\"},\"inLanguage\":\"it-IT\",\"potentialAction\":[{\"@type\":\"ReadAction\",\"target\":[\"https:\\\/\\\/www.musikzeitung.ch\\\/news\\\/2025\\\/02\\\/tod-der-schweizer-saengerin-edith-mathis\"]}]},{\"@type\":\"ImageObject\",\"inLanguage\":\"it-IT\",\"@id\":\"https:\\\/\\\/www.musikzeitung.ch\\\/news\\\/2025\\\/02\\\/tod-der-schweizer-saengerin-edith-mathis#primaryimage\",\"url\":\"https:\\\/\\\/www.musikzeitung.ch\\\/wp-content\\\/uploads\\\/2025\\\/02\\\/250212mathis.jpg\",\"contentUrl\":\"https:\\\/\\\/www.musikzeitung.ch\\\/wp-content\\\/uploads\\\/2025\\\/02\\\/250212mathis.jpg\",\"width\":773,\"height\":557,\"caption\":\"Edith Mathis 1969 in Amsterdam (Bild: Eric Koch)\"},{\"@type\":\"BreadcrumbList\",\"@id\":\"https:\\\/\\\/www.musikzeitung.ch\\\/news\\\/2025\\\/02\\\/tod-der-schweizer-saengerin-edith-mathis#breadcrumb\",\"itemListElement\":[{\"@type\":\"ListItem\",\"position\":1,\"name\":\"Home\",\"item\":\"https:\\\/\\\/www.musikzeitung.ch\\\/\"},{\"@type\":\"ListItem\",\"position\":2,\"name\":\"Tod der Schweizer S\u00e4ngerin Edith Mathis\"}]},{\"@type\":\"WebSite\",\"@id\":\"https:\\\/\\\/www.musikzeitung.ch\\\/#website\",\"url\":\"https:\\\/\\\/www.musikzeitung.ch\\\/\",\"name\":\"Schweizer Musikzeitung\",\"description\":\"Die f\u00fchrende sparten\u00fcbergreifende Monatszeitung in der Schweiz f\u00fcr musikalische Fragen.\",\"publisher\":{\"@id\":\"https:\\\/\\\/www.musikzeitung.ch\\\/#organization\"},\"potentialAction\":[{\"@type\":\"SearchAction\",\"target\":{\"@type\":\"EntryPoint\",\"urlTemplate\":\"https:\\\/\\\/www.musikzeitung.ch\\\/?s={search_term_string}\"},\"query-input\":{\"@type\":\"PropertyValueSpecification\",\"valueRequired\":true,\"valueName\":\"search_term_string\"}}],\"inLanguage\":\"it-IT\"},{\"@type\":\"Organization\",\"@id\":\"https:\\\/\\\/www.musikzeitung.ch\\\/#organization\",\"name\":\"Schweizer Musikzeitung\",\"url\":\"https:\\\/\\\/www.musikzeitung.ch\\\/\",\"logo\":{\"@type\":\"ImageObject\",\"inLanguage\":\"it-IT\",\"@id\":\"https:\\\/\\\/www.musikzeitung.ch\\\/#\\\/schema\\\/logo\\\/image\\\/\",\"url\":\"https:\\\/\\\/www.musikzeitung.ch\\\/wp-content\\\/uploads\\\/2023\\\/01\\\/SMZ_Schriftzug_Sprache.png\",\"contentUrl\":\"https:\\\/\\\/www.musikzeitung.ch\\\/wp-content\\\/uploads\\\/2023\\\/01\\\/SMZ_Schriftzug_Sprache.png\",\"width\":1400,\"height\":279,\"caption\":\"Schweizer Musikzeitung\"},\"image\":{\"@id\":\"https:\\\/\\\/www.musikzeitung.ch\\\/#\\\/schema\\\/logo\\\/image\\\/\"},\"sameAs\":[\"https:\\\/\\\/www.facebook.com\\\/SchweizerMusikzeitung\\\/\",\"https:\\\/\\\/x.com\\\/smusikzeitung\",\"https:\\\/\\\/www.instagram.com\\\/musikzeitung.ch\\\/\"]},{\"@type\":\"Person\",\"@id\":\"https:\\\/\\\/www.musikzeitung.ch\\\/#\\\/schema\\\/person\\\/0da4fb82d243f1252850a35d0e87cf0c\",\"name\":\"Wolfgang B\u00f6hler\",\"image\":{\"@type\":\"ImageObject\",\"inLanguage\":\"it-IT\",\"@id\":\"https:\\\/\\\/www.musikzeitung.ch\\\/wp-content\\\/uploads\\\/2023\\\/01\\\/boehler_portraet_web-e1674139782246-96x96.jpg\",\"url\":\"https:\\\/\\\/www.musikzeitung.ch\\\/wp-content\\\/uploads\\\/2023\\\/01\\\/boehler_portraet_web-e1674139782246-96x96.jpg\",\"contentUrl\":\"https:\\\/\\\/www.musikzeitung.ch\\\/wp-content\\\/uploads\\\/2023\\\/01\\\/boehler_portraet_web-e1674139782246-96x96.jpg\",\"caption\":\"Wolfgang B\u00f6hler\"},\"sameAs\":[\"http:\\\/\\\/www.manacanto.ch\",\"https:\\\/\\\/www.facebook.com\\\/wolfgang.bohler.75\"],\"url\":\"https:\\\/\\\/www.musikzeitung.ch\\\/it\\\/author\\\/wolfgang-boehler\"}]}<\/script>\n<!-- \/ Yoast SEO plugin. -->","yoast_head_json":{"title":"Tod der Schweizer S\u00e4ngerin Edith Mathis - Schweizer Musikzeitung","description":"Il soprano svizzero Edith Mathis \u00e8 morta a Salisburgo all'et\u00e0 di 87 anni. Era considerata, tra l'altro, una straordinaria interprete di Mozart.","robots":{"index":"index","follow":"follow","max-snippet":"max-snippet:-1","max-image-preview":"max-image-preview:large","max-video-preview":"max-video-preview:-1"},"canonical":"https:\/\/www.musikzeitung.ch\/it\/news\/2025\/02\/tod-der-schweizer-saengerin-edith-mathis\/","og_locale":"it_IT","og_type":"article","og_title":"Tod der Schweizer S\u00e4ngerin Edith Mathis - Schweizer Musikzeitung","og_description":"Die Schweizer Sopranistin Edith Mathis ist im Alter von 87 Jahren in Salzburg verstorben. Sie galt unter anderem als herausragende Mozart-Interpretin.","og_url":"https:\/\/www.musikzeitung.ch\/it\/news\/2025\/02\/tod-der-schweizer-saengerin-edith-mathis\/","og_site_name":"Schweizer Musikzeitung","article_publisher":"https:\/\/www.facebook.com\/SchweizerMusikzeitung\/","article_author":"https:\/\/www.facebook.com\/wolfgang.bohler.75","article_published_time":"2025-02-12T09:38:29+00:00","article_modified_time":"2025-02-12T14:07:29+00:00","og_image":[{"width":773,"height":557,"url":"https:\/\/www.musikzeitung.ch\/wp-content\/uploads\/2025\/02\/250212mathis.jpg","type":"image\/jpeg"}],"author":"Wolfgang B\u00f6hler","twitter_card":"summary_large_image","twitter_creator":"@smusikzeitung","twitter_site":"@smusikzeitung","twitter_misc":{"Scritto da":"Wolfgang B\u00f6hler","Tempo di lettura stimato":"2 minuti"},"schema":{"@context":"https:\/\/schema.org","@graph":[{"@type":"Article","@id":"https:\/\/www.musikzeitung.ch\/news\/2025\/02\/tod-der-schweizer-saengerin-edith-mathis#article","isPartOf":{"@id":"https:\/\/www.musikzeitung.ch\/news\/2025\/02\/tod-der-schweizer-saengerin-edith-mathis"},"author":{"name":"Wolfgang B\u00f6hler","@id":"https:\/\/www.musikzeitung.ch\/#\/schema\/person\/0da4fb82d243f1252850a35d0e87cf0c"},"headline":"Tod der Schweizer S\u00e4ngerin Edith Mathis","datePublished":"2025-02-12T09:38:29+00:00","dateModified":"2025-02-12T14:07:29+00:00","mainEntityOfPage":{"@id":"https:\/\/www.musikzeitung.ch\/news\/2025\/02\/tod-der-schweizer-saengerin-edith-mathis"},"wordCount":166,"publisher":{"@id":"https:\/\/www.musikzeitung.ch\/#organization"},"image":{"@id":"https:\/\/www.musikzeitung.ch\/news\/2025\/02\/tod-der-schweizer-saengerin-edith-mathis#primaryimage"},"thumbnailUrl":"https:\/\/www.musikzeitung.ch\/wp-content\/uploads\/2025\/02\/250212mathis.jpg","keywords":["Edith Mathis"],"articleSection":["News"],"inLanguage":"it-IT"},{"@type":"WebPage","@id":"https:\/\/www.musikzeitung.ch\/news\/2025\/02\/tod-der-schweizer-saengerin-edith-mathis","url":"https:\/\/www.musikzeitung.ch\/news\/2025\/02\/tod-der-schweizer-saengerin-edith-mathis","name":"Tod der Schweizer S\u00e4ngerin Edith Mathis - Schweizer Musikzeitung","isPartOf":{"@id":"https:\/\/www.musikzeitung.ch\/#website"},"primaryImageOfPage":{"@id":"https:\/\/www.musikzeitung.ch\/news\/2025\/02\/tod-der-schweizer-saengerin-edith-mathis#primaryimage"},"image":{"@id":"https:\/\/www.musikzeitung.ch\/news\/2025\/02\/tod-der-schweizer-saengerin-edith-mathis#primaryimage"},"thumbnailUrl":"https:\/\/www.musikzeitung.ch\/wp-content\/uploads\/2025\/02\/250212mathis.jpg","datePublished":"2025-02-12T09:38:29+00:00","dateModified":"2025-02-12T14:07:29+00:00","description":"Il soprano svizzero Edith Mathis \u00e8 morta a Salisburgo all'et\u00e0 di 87 anni. Era considerata, tra l'altro, una straordinaria interprete di Mozart.","breadcrumb":{"@id":"https:\/\/www.musikzeitung.ch\/news\/2025\/02\/tod-der-schweizer-saengerin-edith-mathis#breadcrumb"},"inLanguage":"it-IT","potentialAction":[{"@type":"ReadAction","target":["https:\/\/www.musikzeitung.ch\/news\/2025\/02\/tod-der-schweizer-saengerin-edith-mathis"]}]},{"@type":"ImageObject","inLanguage":"it-IT","@id":"https:\/\/www.musikzeitung.ch\/news\/2025\/02\/tod-der-schweizer-saengerin-edith-mathis#primaryimage","url":"https:\/\/www.musikzeitung.ch\/wp-content\/uploads\/2025\/02\/250212mathis.jpg","contentUrl":"https:\/\/www.musikzeitung.ch\/wp-content\/uploads\/2025\/02\/250212mathis.jpg","width":773,"height":557,"caption":"Edith Mathis 1969 in Amsterdam (Bild: Eric Koch)"},{"@type":"BreadcrumbList","@id":"https:\/\/www.musikzeitung.ch\/news\/2025\/02\/tod-der-schweizer-saengerin-edith-mathis#breadcrumb","itemListElement":[{"@type":"ListItem","position":1,"name":"Home","item":"https:\/\/www.musikzeitung.ch\/"},{"@type":"ListItem","position":2,"name":"Tod der Schweizer S\u00e4ngerin Edith Mathis"}]},{"@type":"WebSite","@id":"https:\/\/www.musikzeitung.ch\/#website","url":"https:\/\/www.musikzeitung.ch\/","name":"Giornale musicale svizzero","description":"Il principale mensile interdisciplinare della Svizzera per le questioni musicali.","publisher":{"@id":"https:\/\/www.musikzeitung.ch\/#organization"},"potentialAction":[{"@type":"SearchAction","target":{"@type":"EntryPoint","urlTemplate":"https:\/\/www.musikzeitung.ch\/?s={search_term_string}"},"query-input":{"@type":"PropertyValueSpecification","valueRequired":true,"valueName":"search_term_string"}}],"inLanguage":"it-IT"},{"@type":"Organization","@id":"https:\/\/www.musikzeitung.ch\/#organization","name":"Giornale musicale svizzero","url":"https:\/\/www.musikzeitung.ch\/","logo":{"@type":"ImageObject","inLanguage":"it-IT","@id":"https:\/\/www.musikzeitung.ch\/#\/schema\/logo\/image\/","url":"https:\/\/www.musikzeitung.ch\/wp-content\/uploads\/2023\/01\/SMZ_Schriftzug_Sprache.png","contentUrl":"https:\/\/www.musikzeitung.ch\/wp-content\/uploads\/2023\/01\/SMZ_Schriftzug_Sprache.png","width":1400,"height":279,"caption":"Schweizer Musikzeitung"},"image":{"@id":"https:\/\/www.musikzeitung.ch\/#\/schema\/logo\/image\/"},"sameAs":["https:\/\/www.facebook.com\/SchweizerMusikzeitung\/","https:\/\/x.com\/smusikzeitung","https:\/\/www.instagram.com\/musikzeitung.ch\/"]},{"@type":"Person","@id":"https:\/\/www.musikzeitung.ch\/#\/schema\/person\/0da4fb82d243f1252850a35d0e87cf0c","name":"Wolfgang B\u00f6hler","image":{"@type":"ImageObject","inLanguage":"it-IT","@id":"https:\/\/www.musikzeitung.ch\/wp-content\/uploads\/2023\/01\/boehler_portraet_web-e1674139782246-96x96.jpg","url":"https:\/\/www.musikzeitung.ch\/wp-content\/uploads\/2023\/01\/boehler_portraet_web-e1674139782246-96x96.jpg","contentUrl":"https:\/\/www.musikzeitung.ch\/wp-content\/uploads\/2023\/01\/boehler_portraet_web-e1674139782246-96x96.jpg","caption":"Wolfgang B\u00f6hler"},"sameAs":["http:\/\/www.manacanto.ch","https:\/\/www.facebook.com\/wolfgang.bohler.75"],"url":"https:\/\/www.musikzeitung.ch\/it\/author\/wolfgang-boehler"}]}},"publishpress_future_workflow_manual_trigger":{"enabledWorkflows":[]},"_links":{"self":[{"href":"https:\/\/www.musikzeitung.ch\/it\/wp-json\/wp\/v2\/posts\/62626","targetHints":{"allow":["GET"]}}],"collection":[{"href":"https:\/\/www.musikzeitung.ch\/it\/wp-json\/wp\/v2\/posts"}],"about":[{"href":"https:\/\/www.musikzeitung.ch\/it\/wp-json\/wp\/v2\/types\/post"}],"author":[{"embeddable":true,"href":"https:\/\/www.musikzeitung.ch\/it\/wp-json\/wp\/v2\/users\/30"}],"replies":[{"embeddable":true,"href":"https:\/\/www.musikzeitung.ch\/it\/wp-json\/wp\/v2\/comments?post=62626"}],"version-history":[{"count":5,"href":"https:\/\/www.musikzeitung.ch\/it\/wp-json\/wp\/v2\/posts\/62626\/revisions"}],"predecessor-version":[{"id":62650,"href":"https:\/\/www.musikzeitung.ch\/it\/wp-json\/wp\/v2\/posts\/62626\/revisions\/62650"}],"wp:featuredmedia":[{"embeddable":true,"href":"https:\/\/www.musikzeitung.ch\/it\/wp-json\/wp\/v2\/media\/62627"}],"wp:attachment":[{"href":"https:\/\/www.musikzeitung.ch\/it\/wp-json\/wp\/v2\/media?parent=62626"}],"wp:term":[{"taxonomy":"category","embeddable":true,"href":"https:\/\/www.musikzeitung.ch\/it\/wp-json\/wp\/v2\/categories?post=62626"},{"taxonomy":"post_tag","embeddable":true,"href":"https:\/\/www.musikzeitung.ch\/it\/wp-json\/wp\/v2\/tags?post=62626"}],"curies":[{"name":"wp","href":"https:\/\/api.w.org\/{rel}","templated":true}]}}