{"id":6327,"date":"2015-09-10T00:00:00","date_gmt":"2015-09-09T23:00:00","guid":{"rendered":"https:\/\/www.musikzeitung.ch\/allgemein\/150-jahre-orgelbau\/"},"modified":"2024-08-07T15:33:42","modified_gmt":"2024-08-07T13:33:42","slug":"150-jahre-orgelbau","status":"publish","type":"post","link":"https:\/\/www.musikzeitung.ch\/it\/rezensionen\/buecher-rezensionen\/2015\/09\/150-jahre-orgelbau","title":{"rendered":"150 anni di costruzione di organi"},"content":{"rendered":"<figure style=\"width: 554px\" class=\"wp-caption alignnone\"><img decoding=\"async\" src=\"https:\/\/www.musikzeitung.ch\/wp-content\/uploads\/2023\/01\/Montage.jpg\" alt=\"\" width=\"554\" height=\"406\" \/><figcaption class=\"wp-caption-text\">Sala di montaggio della console. Album fotografico dell'azienda Kuhn degli anni '30<\/figcaption><\/figure>\n<div class=\"text-section\">\n<p>Friedrich Jakob \u00e8 stato direttore dell'Orgelbau Kuhn AG M\u00e4nnedorf dal 1967 al 1999 e ha pubblicato una breve storia dell'azienda nel 1987. Mentre la maggior parte dei suoi numerosi saggi e dei suoi 18 libri fornisce un resoconto completo di un particolare organo, qui si cimenta in una panoramica storica e in una valutazione dello sviluppo della costruzione di organi basata sull'azienda dal 1864 al 1925, anno della morte di Theodor Kuhn, figlio del fondatore dell'azienda. Lo fa con la stessa meticolosit\u00e0, ricerca delle fonti e sano scetticismo nei confronti della letteratura precedente, nella quale trova e corregge alcuni errori.<\/p>\n<p>Chi era il fondatore dell'azienda, Johann Nepomuk Kuhn, e perch\u00e9 ha concluso le sue peregrinazioni a M\u00e4nnedorf? Fino ad oggi eravamo completamente all'oscuro. Grazie ad anni di ricerche in archivi pubblici e privati, ora sappiamo molto sulle sue origini a Bad Waldsee nel W\u00fcrttemberg, sulla sua formazione nel circolo Walcker-Weigle-Laukhuff e sui suoi anni da artigiano. Era nato fuori dal matrimonio, cosa che all'epoca era disonorevole e veniva taciuta. Ci\u00f2 rende ancora pi\u00f9 sorprendente la sua straordinaria capacit\u00e0 professionale in campo tecnico e tonale. \u00c8 universalmente lodato per la sua coscienziosit\u00e0, lealt\u00e0, puntualit\u00e0 e diligenza; \u00e8 anche descritto come solido, modesto e premuroso, il che indica una buona educazione e forza di carattere.<\/p>\n<p>Arriv\u00f2 a M\u00e4nnedorf nel 1863, all'et\u00e0 di 36 anni, insieme a Johannes Spaich, per installare il primo organo da chiesa, costruito da Eberhard Friedrich Walcker, nella chiesa riformata. Entrambi furono incoraggiati e sostenuti dai membri della congregazione a fondare qui una societ\u00e0 nel 1864. Questa societ\u00e0 ricevette subito onorati incarichi per nuovi edifici, nel 1865 nella chiesa cattolica di Dittingen BL e nel 1867\/68 anche per organi a tre manuali nella chiesa Grubenmann di W\u00e4denswil e nella chiesa di San Martino a Coira. La loro ultima opera comune, l'op. 20, costruita nel 1872 per la vecchia Tonhalle di Zurigo, \u00e8 stata splendidamente riproposta nel 1995 nella Neum\u00fcnster di Zurigo con le canne e la cassa di base. Spaich si separ\u00f2 da Kuhn nel 1872 per fondare la propria manifattura a Rapperswil. Delle altre 55 nuove costruzioni fino all'anno della morte di Kuhn, il 1888, citiamo solo le pi\u00f9 importanti: le chiese di Zurigo San Pietro, Grossm\u00fcnster e Fraum\u00fcnster; la cattedrale di San Gallo; Sciaffusa San Giovanni e la chiesa cattolica di Santa Maria (originariamente per l'esposizione nazionale di Zurigo del 1881).<\/p>\n<p>Kuhn equipaggi\u00f2 tutti gli organi con l'azione di arresto e le valvole a cono di propriet\u00e0 di Walcker, gli organi a tre manuali con leve Barker per facilitare la necessaria pressione dei tasti. Gli unici due organi restaurati allo stato originale, l'op. 52 e l'op. 40 nella chiesa cristiano-cattolica di Olten, testimoniano la tecnologia sofisticata e duratura e la raffinatezza tonale, dal sussurro pi\u00f9 delicato al ruggito grave e ancora moderato. L'autore si \u00e8 discostato il meno possibile dalle forme dei tubi, dalle disposizioni e dagli arrangiamenti spaziali gi\u00e0 collaudati. Come sottolinea l'autore, questa \u00e8 una garanzia e probabilmente anche un prerequisito per la massima qualit\u00e0. Jakob ha anche studiato fisica. Ne sono testimonianza le sue osservazioni, di piacevole lettura, ad esempio sulle elaborate \"espressioni\" (estensioni dei tubi), un \"miglioramento del suono\" lodato all'epoca e ancora oggi, che non hanno effetti acusticamente misurabili.<\/p>\n<p>Dopo essersi ammalato nel 1887, Nepomuk Kuhn riport\u00f2 il suo unico discendente Theodor (1865-1925) dopo due anni all'estero e lo fece subito diventare socio dell'azienda. Si dice che nei primi anni di vita suonasse bene il pianoforte e l'organo. Tuttavia, dedic\u00f2 tutta la sua energia creativa allo sviluppo tecnico e commerciale dell'azienda. Rimase scapolo e non lasci\u00f2 quasi nessun documento personale. Di conseguenza, non sappiamo quasi nulla della carriera di Jakob, dei suoi anni di apprendistato e di tirocinio e delle sue amicizie, a parte i nomi di due amici di lunga data con i quali fond\u00f2 una societ\u00e0 a responsabilit\u00e0 limitata un anno prima della sua morte per garantire la continuazione della sua attivit\u00e0. Questo e il fatto che abbia donato una parte considerevole del suo patrimonio per sostenere gli apprendisti mostrano un mecenate buono, paterno e premuroso, anche se severo, simile a suo padre. Le sue conquiste tecniche, tuttavia, sono documentate con precisione, in particolare l'azione pneumatica e l'azione di arresto, che si affrett\u00f2 a introdurre. Questo lo port\u00f2 quasi alla bancarotta nel 1895. Continu\u00f2 a perfezionare la pneumatica con brevetti stranieri e propri.<\/p>\n<p>Gli organi pneumatici vennero in seguito declamati come decadenti prodotti di fabbrica sulla scia del movimento organistico. Il loro svantaggio, un leggero ritardo tra tasto e canna, \u00e8 stato esagerato, ma la loro longevit\u00e0 \u00e8 stata sottovalutata. Sono sopravvissuti ancora pi\u00f9 raramente dei loro predecessori con cassa meccanica a cono. Dopo che il magnifico organo di Kuhn per la chiesa di St. Jakob a Zurigo, costruito nel 1902, \u00e8 stato ampliato in stile \"barocco\" negli anni '80 e convertito all'azione elettrica (oggi \u00e8 stato restaurato in modo ottimale, per quanto tecnicamente possibile), possiamo ammirare il suo unico organo restaurato allo stato originale nel 1914 (2002) nella chiesa cattolica di St. Anton, accuratamente e amorevolmente riportato al suo splendore originale dalla stessa ditta. Vi si trovano incantevoli miscele sonore, persino pastello, create da labiali esotici, fermi ad ancia in stile francese (anche sonori) e il grande Schwellwerk. Jakob descrive anche in modo appropriato l'evoluzione stilistica di Theodor Kuhn: mentre il padre rimaneva radicato nel Romanticismo tedesco, il figlio prediligeva sempre pi\u00f9 il Romanticismo francese, in linea con la partecipazione svizzera a entrambi gli ambiti culturali, che in seguito si \u00e8 fatta sentire nella costruzione di organi in generale.<\/p>\n<p>Le spiegazioni generali di Jakob sono appassionanti da leggere e facili da capire, anche per i non addetti ai lavori. Con grande attenzione ai dettagli e riccamente illustrato, descrive tutte le persone e le aziende coinvolte e gli organi selezionati. Con le fonti utilizzate, aggiunge una documentazione completa che tuttavia omette ci\u00f2 che non \u00e8 importante: un tesoro per gli specialisti!<\/p>\n<p>La parte di Jakob del libro comprende circa 300 pagine A4 a due colonne, di cui pi\u00f9 della met\u00e0 \u00e8 costituita da fonti. Il secondo autore, Michael Meyer, che ripercorre in 55 pagine la storia dell'azienda fino ai giorni nostri, ha un approccio diverso al suo compito: Si limita alle principali linee di sviluppo sulla base di una presentazione sommaria di 14 nuovi edifici e 6 restauri, accenna agli sviluppi tecnici e presenta la prospettiva storico-economica con testi e diagrammi concisi. Meyer \u00e8 un musicologo e organista, ma non un costruttore di organi. Il suo concetto ha certamente dei vantaggi per i lettori interessati alla storia. L'omissione dei dettagli costruttivi degli organi ha senso anche perch\u00e9 gli oggetti sono descritti in tutti i dettagli desiderabili sulla base delle singole illustrazioni, dei documenti di inaugurazione, dell'archivio completo dell'azienda e del database degli organi su Internet (<a href=\"http:\/\/www.orgelbau.ch\">www.orgelbau.ch<\/a>). Un esempio citato solo due volte di sfuggita nel testo di Meyer \u00e8 il restauro di St Anton (1997-2002), reso possibile dalla pluriennale attivit\u00e0 didattica e collezionistica dell'organista Heinz Specker e dalla sua pubblicazione inaugurale, arricchita dai contributi di rinomati esperti.<\/p>\n<p>Meyer illustra con attenzione gli insuccessi della guerra e del dopoguerra e descrive con competenza il lungo e graduale sviluppo di una tecnica di restauro contemporanea, che \u00e8 diventata un ramo sempre pi\u00f9 importante dell'attivit\u00e0 di Kuhn. Deve molto agli esperti Schiess (apprezzamento in <em>Acta organologica <\/em>31, 2009, p. 399) e Koller, ma poi dalla nomina di Friedrich Jakob nel 1963 e di Wolfgang Rehn (1974-2014). Le lacune sono inevitabili. Ad esempio, viene descritta l'innovativa ricostruzione dell'organo della cattedrale di Berna nel 1930, ma non la sua rimozione con l'ultima ricostruzione del 1999. La causa irrisolta di entrambi i rifacimenti \u00e8 l'arco del coro, che \u00e8 stato massicciamente rinforzato all'inizio del XX secolo e dietro il quale l'uscita del suono dell'organo nella sala \u00e8 gravemente ostruita. Anche l'organo della cattedrale di Basilea del 1956 (ora nella cattedrale cattolica romana di Mosca) e il restauro dell'organo di Bommer a St Katharinenthal TG (1965-69), con un successivo ritorno al temperamento ineguale, risultano vani. Si tratta di piccoli intoppi nella storia altrimenti ricca di successi dell'azienda, culminata in molte onorevoli commissioni all'estero nonostante il forte franco svizzero. La commessa pi\u00f9 importante \u00e8 stata il recente restauro dell'enorme organo Steinmeyer di Trondheim.<\/p>\n<p>Infine, dopo gli elenchi di tutti gli azionisti, i dirigenti e i dipendenti dal 1925 (con foto) e le illustrazioni antiche e recenti della propriet\u00e0 e dei processi di lavoro, viene ricordato l'amministratore delegato Dieter Utz (2000-2014), che ha curato questo magnifico volume. Un'intervista condotta con lui da Pierre Freim\u00fcller fa luce sulla sua straordinaria cultura aziendale, chiave del suo successo artigianale ed economico.<\/p>\n<\/div>\n<div class=\"text-section\">\n<dl class=\"picture media photo\">\n<dt><img decoding=\"async\" class=\"media photo aligncenter\" src=\"https:\/\/www.musikzeitung.ch\/wp-content\/uploads\/2023\/01\/Cov.jpg\" alt=\"Image \" \/><\/dt>\n<\/dl>\n<\/div>\n<div class=\"text-section\">\n<p><em>Dieter Utz (a cura di), Die Orgelbauer. Il libro sulla storia dell'Orgelbau Kuhn 1864-2014. Friedrich Jakob: La famiglia Kuhn fondatrice - Michael Meyer: Tra storicismo e postmodernismo - La storia dell'Orgelbau Kuhn AG. Copertina rigida, 432 pagine, formato A4, con 170 illustrazioni e 8 diagrammi, CHF 68.30, edito da Orgelbau Kuhn, M\u00e4nnedorf 2014, ISBN 978-3-033-04728-0<br \/>\n<\/em><\/p>\n<\/div>","protected":false},"excerpt":{"rendered":"<p><strong>In occasione del suo anniversario, Kuhn AG ha pubblicato una storia aziendale completa. Oltre alla storia della famiglia, riflette anche gli sconvolgimenti e le tendenze nella costruzione di organi. <\/strong><\/p>","protected":false},"author":1,"featured_media":6328,"comment_status":"closed","ping_status":"closed","sticky":false,"template":"","format":"standard","meta":{"_acf_changed":false,"_relevanssi_hide_post":"","_relevanssi_hide_content":"","_relevanssi_pin_for_all":"","_relevanssi_pin_keywords":"","_relevanssi_unpin_keywords":"","_relevanssi_related_keywords":"","_relevanssi_related_include_ids":"","_relevanssi_related_exclude_ids":"","_relevanssi_related_no_append":"","_relevanssi_related_not_related":"","_relevanssi_related_posts":"","_relevanssi_noindex_reason":"","pgc_sgb_lightbox_settings":"","footnotes":""},"categories":[1214,29],"tags":[],"class_list":["post-6327","post","type-post","status-publish","format-standard","has-post-thumbnail","hentry","category-buecher-rezensionen","category-rezensionen"],"acf":{"author":"Bernhard Billeter"},"yoast_head":"<!-- This site is optimized with the Yoast SEO plugin v28.4 - https:\/\/yoast.com\/product\/yoast-seo-wordpress\/ -->\n<title>150 Jahre Orgelbau - Schweizer Musikzeitung<\/title>\n<meta name=\"robots\" content=\"index, follow, max-snippet:-1, max-image-preview:large, max-video-preview:-1\" \/>\n<link rel=\"canonical\" href=\"https:\/\/www.musikzeitung.ch\/it\/rezensionen\/buecher-rezensionen\/2015\/09\/150-jahre-orgelbau\/\" \/>\n<meta property=\"og:locale\" content=\"it_IT\" \/>\n<meta property=\"og:type\" content=\"article\" \/>\n<meta property=\"og:title\" content=\"150 Jahre Orgelbau - Schweizer Musikzeitung\" \/>\n<meta property=\"og:description\" content=\"Zum Jubil\u00e4um hat die Kuhn AG eine umfangreiche Firmengeschichte ver\u00f6ffentlicht. Neben den famili\u00e4ren Gegebenheiten spiegelt diese auch Umbr\u00fcche und Tendenzen im Orgelbau.\" \/>\n<meta property=\"og:url\" content=\"https:\/\/www.musikzeitung.ch\/it\/rezensionen\/buecher-rezensionen\/2015\/09\/150-jahre-orgelbau\/\" \/>\n<meta property=\"og:site_name\" content=\"Schweizer Musikzeitung\" \/>\n<meta property=\"article:publisher\" content=\"https:\/\/www.facebook.com\/SchweizerMusikzeitung\/\" \/>\n<meta property=\"article:published_time\" content=\"2015-09-09T23:00:00+00:00\" \/>\n<meta property=\"article:modified_time\" content=\"2024-08-07T13:33:42+00:00\" \/>\n<meta property=\"og:image\" content=\"https:\/\/www.musikzeitung.ch\/wp-content\/uploads\/2023\/01\/Montage.jpg\" \/>\n\t<meta property=\"og:image:width\" content=\"554\" \/>\n\t<meta property=\"og:image:height\" content=\"406\" \/>\n\t<meta property=\"og:image:type\" content=\"image\/jpeg\" \/>\n<meta name=\"author\" content=\"Musikzeitung-Redaktion\" \/>\n<meta name=\"twitter:card\" content=\"summary_large_image\" \/>\n<meta name=\"twitter:creator\" content=\"@smusikzeitung\" \/>\n<meta name=\"twitter:site\" content=\"@smusikzeitung\" \/>\n<meta name=\"twitter:label1\" content=\"Scritto da\" \/>\n\t<meta name=\"twitter:data1\" content=\"Musikzeitung-Redaktion\" \/>\n\t<meta name=\"twitter:label2\" content=\"Tempo di lettura stimato\" \/>\n\t<meta name=\"twitter:data2\" content=\"8 minuti\" \/>\n<script type=\"application\/ld+json\" class=\"yoast-schema-graph\">{\"@context\":\"https:\\\/\\\/schema.org\",\"@graph\":[{\"@type\":\"Article\",\"@id\":\"https:\\\/\\\/www.musikzeitung.ch\\\/rezensionen\\\/buecher-rezensionen\\\/2015\\\/09\\\/150-jahre-orgelbau#article\",\"isPartOf\":{\"@id\":\"https:\\\/\\\/www.musikzeitung.ch\\\/rezensionen\\\/buecher-rezensionen\\\/2015\\\/09\\\/150-jahre-orgelbau\"},\"author\":{\"name\":\"Musikzeitung-Redaktion\",\"@id\":\"https:\\\/\\\/www.musikzeitung.ch\\\/#\\\/schema\\\/person\\\/b2fd892c800856270b9dcc6001265712\"},\"headline\":\"150 Jahre Orgelbau\",\"datePublished\":\"2015-09-09T23:00:00+00:00\",\"dateModified\":\"2024-08-07T13:33:42+00:00\",\"mainEntityOfPage\":{\"@id\":\"https:\\\/\\\/www.musikzeitung.ch\\\/rezensionen\\\/buecher-rezensionen\\\/2015\\\/09\\\/150-jahre-orgelbau\"},\"wordCount\":1353,\"publisher\":{\"@id\":\"https:\\\/\\\/www.musikzeitung.ch\\\/#organization\"},\"image\":{\"@id\":\"https:\\\/\\\/www.musikzeitung.ch\\\/rezensionen\\\/buecher-rezensionen\\\/2015\\\/09\\\/150-jahre-orgelbau#primaryimage\"},\"thumbnailUrl\":\"https:\\\/\\\/www.musikzeitung.ch\\\/wp-content\\\/uploads\\\/2023\\\/01\\\/Montage.jpg\",\"articleSection\":[\"B\u00fccher\",\"Rezensionen\"],\"inLanguage\":\"it-IT\"},{\"@type\":\"WebPage\",\"@id\":\"https:\\\/\\\/www.musikzeitung.ch\\\/rezensionen\\\/buecher-rezensionen\\\/2015\\\/09\\\/150-jahre-orgelbau\",\"url\":\"https:\\\/\\\/www.musikzeitung.ch\\\/rezensionen\\\/buecher-rezensionen\\\/2015\\\/09\\\/150-jahre-orgelbau\",\"name\":\"150 Jahre Orgelbau - Schweizer Musikzeitung\",\"isPartOf\":{\"@id\":\"https:\\\/\\\/www.musikzeitung.ch\\\/#website\"},\"primaryImageOfPage\":{\"@id\":\"https:\\\/\\\/www.musikzeitung.ch\\\/rezensionen\\\/buecher-rezensionen\\\/2015\\\/09\\\/150-jahre-orgelbau#primaryimage\"},\"image\":{\"@id\":\"https:\\\/\\\/www.musikzeitung.ch\\\/rezensionen\\\/buecher-rezensionen\\\/2015\\\/09\\\/150-jahre-orgelbau#primaryimage\"},\"thumbnailUrl\":\"https:\\\/\\\/www.musikzeitung.ch\\\/wp-content\\\/uploads\\\/2023\\\/01\\\/Montage.jpg\",\"datePublished\":\"2015-09-09T23:00:00+00:00\",\"dateModified\":\"2024-08-07T13:33:42+00:00\",\"breadcrumb\":{\"@id\":\"https:\\\/\\\/www.musikzeitung.ch\\\/rezensionen\\\/buecher-rezensionen\\\/2015\\\/09\\\/150-jahre-orgelbau#breadcrumb\"},\"inLanguage\":\"it-IT\",\"potentialAction\":[{\"@type\":\"ReadAction\",\"target\":[\"https:\\\/\\\/www.musikzeitung.ch\\\/rezensionen\\\/buecher-rezensionen\\\/2015\\\/09\\\/150-jahre-orgelbau\"]}]},{\"@type\":\"ImageObject\",\"inLanguage\":\"it-IT\",\"@id\":\"https:\\\/\\\/www.musikzeitung.ch\\\/rezensionen\\\/buecher-rezensionen\\\/2015\\\/09\\\/150-jahre-orgelbau#primaryimage\",\"url\":\"https:\\\/\\\/www.musikzeitung.ch\\\/wp-content\\\/uploads\\\/2023\\\/01\\\/Montage.jpg\",\"contentUrl\":\"https:\\\/\\\/www.musikzeitung.ch\\\/wp-content\\\/uploads\\\/2023\\\/01\\\/Montage.jpg\",\"width\":554,\"height\":406},{\"@type\":\"BreadcrumbList\",\"@id\":\"https:\\\/\\\/www.musikzeitung.ch\\\/rezensionen\\\/buecher-rezensionen\\\/2015\\\/09\\\/150-jahre-orgelbau#breadcrumb\",\"itemListElement\":[{\"@type\":\"ListItem\",\"position\":1,\"name\":\"Home\",\"item\":\"https:\\\/\\\/www.musikzeitung.ch\\\/\"},{\"@type\":\"ListItem\",\"position\":2,\"name\":\"150 Jahre Orgelbau\"}]},{\"@type\":\"WebSite\",\"@id\":\"https:\\\/\\\/www.musikzeitung.ch\\\/#website\",\"url\":\"https:\\\/\\\/www.musikzeitung.ch\\\/\",\"name\":\"Schweizer Musikzeitung\",\"description\":\"Die f\u00fchrende sparten\u00fcbergreifende Monatszeitung in der Schweiz f\u00fcr musikalische Fragen.\",\"publisher\":{\"@id\":\"https:\\\/\\\/www.musikzeitung.ch\\\/#organization\"},\"potentialAction\":[{\"@type\":\"SearchAction\",\"target\":{\"@type\":\"EntryPoint\",\"urlTemplate\":\"https:\\\/\\\/www.musikzeitung.ch\\\/?s={search_term_string}\"},\"query-input\":{\"@type\":\"PropertyValueSpecification\",\"valueRequired\":true,\"valueName\":\"search_term_string\"}}],\"inLanguage\":\"it-IT\"},{\"@type\":\"Organization\",\"@id\":\"https:\\\/\\\/www.musikzeitung.ch\\\/#organization\",\"name\":\"Schweizer Musikzeitung\",\"url\":\"https:\\\/\\\/www.musikzeitung.ch\\\/\",\"logo\":{\"@type\":\"ImageObject\",\"inLanguage\":\"it-IT\",\"@id\":\"https:\\\/\\\/www.musikzeitung.ch\\\/#\\\/schema\\\/logo\\\/image\\\/\",\"url\":\"https:\\\/\\\/www.musikzeitung.ch\\\/wp-content\\\/uploads\\\/2023\\\/01\\\/SMZ_Schriftzug_Sprache.png\",\"contentUrl\":\"https:\\\/\\\/www.musikzeitung.ch\\\/wp-content\\\/uploads\\\/2023\\\/01\\\/SMZ_Schriftzug_Sprache.png\",\"width\":1400,\"height\":279,\"caption\":\"Schweizer Musikzeitung\"},\"image\":{\"@id\":\"https:\\\/\\\/www.musikzeitung.ch\\\/#\\\/schema\\\/logo\\\/image\\\/\"},\"sameAs\":[\"https:\\\/\\\/www.facebook.com\\\/SchweizerMusikzeitung\\\/\",\"https:\\\/\\\/x.com\\\/smusikzeitung\",\"https:\\\/\\\/www.instagram.com\\\/musikzeitung.ch\\\/\"]},{\"@type\":\"Person\",\"@id\":\"https:\\\/\\\/www.musikzeitung.ch\\\/#\\\/schema\\\/person\\\/b2fd892c800856270b9dcc6001265712\",\"name\":\"Musikzeitung-Redaktion\",\"image\":{\"@type\":\"ImageObject\",\"inLanguage\":\"it-IT\",\"@id\":\"https:\\\/\\\/www.musikzeitung.ch\\\/wp-content\\\/uploads\\\/2022\\\/05\\\/usericon_musikzeitung-96x96.jpg\",\"url\":\"https:\\\/\\\/www.musikzeitung.ch\\\/wp-content\\\/uploads\\\/2022\\\/05\\\/usericon_musikzeitung-96x96.jpg\",\"contentUrl\":\"https:\\\/\\\/www.musikzeitung.ch\\\/wp-content\\\/uploads\\\/2022\\\/05\\\/usericon_musikzeitung-96x96.jpg\",\"caption\":\"Musikzeitung-Redaktion\"},\"url\":\"https:\\\/\\\/www.musikzeitung.ch\\\/it\\\/author\\\/admin\"}]}<\/script>\n<!-- \/ Yoast SEO plugin. -->","yoast_head_json":{"title":"150 anni di costruzione di organi - Schweizer Musikzeitung","robots":{"index":"index","follow":"follow","max-snippet":"max-snippet:-1","max-image-preview":"max-image-preview:large","max-video-preview":"max-video-preview:-1"},"canonical":"https:\/\/www.musikzeitung.ch\/it\/rezensionen\/buecher-rezensionen\/2015\/09\/150-jahre-orgelbau\/","og_locale":"it_IT","og_type":"article","og_title":"150 Jahre Orgelbau - Schweizer Musikzeitung","og_description":"Zum Jubil\u00e4um hat die Kuhn AG eine umfangreiche Firmengeschichte ver\u00f6ffentlicht. Neben den famili\u00e4ren Gegebenheiten spiegelt diese auch Umbr\u00fcche und Tendenzen im Orgelbau.","og_url":"https:\/\/www.musikzeitung.ch\/it\/rezensionen\/buecher-rezensionen\/2015\/09\/150-jahre-orgelbau\/","og_site_name":"Schweizer Musikzeitung","article_publisher":"https:\/\/www.facebook.com\/SchweizerMusikzeitung\/","article_published_time":"2015-09-09T23:00:00+00:00","article_modified_time":"2024-08-07T13:33:42+00:00","og_image":[{"width":554,"height":406,"url":"https:\/\/www.musikzeitung.ch\/wp-content\/uploads\/2023\/01\/Montage.jpg","type":"image\/jpeg"}],"author":"Musikzeitung-Redaktion","twitter_card":"summary_large_image","twitter_creator":"@smusikzeitung","twitter_site":"@smusikzeitung","twitter_misc":{"Scritto da":"Musikzeitung-Redaktion","Tempo di lettura stimato":"8 minuti"},"schema":{"@context":"https:\/\/schema.org","@graph":[{"@type":"Article","@id":"https:\/\/www.musikzeitung.ch\/rezensionen\/buecher-rezensionen\/2015\/09\/150-jahre-orgelbau#article","isPartOf":{"@id":"https:\/\/www.musikzeitung.ch\/rezensionen\/buecher-rezensionen\/2015\/09\/150-jahre-orgelbau"},"author":{"name":"Musikzeitung-Redaktion","@id":"https:\/\/www.musikzeitung.ch\/#\/schema\/person\/b2fd892c800856270b9dcc6001265712"},"headline":"150 Jahre Orgelbau","datePublished":"2015-09-09T23:00:00+00:00","dateModified":"2024-08-07T13:33:42+00:00","mainEntityOfPage":{"@id":"https:\/\/www.musikzeitung.ch\/rezensionen\/buecher-rezensionen\/2015\/09\/150-jahre-orgelbau"},"wordCount":1353,"publisher":{"@id":"https:\/\/www.musikzeitung.ch\/#organization"},"image":{"@id":"https:\/\/www.musikzeitung.ch\/rezensionen\/buecher-rezensionen\/2015\/09\/150-jahre-orgelbau#primaryimage"},"thumbnailUrl":"https:\/\/www.musikzeitung.ch\/wp-content\/uploads\/2023\/01\/Montage.jpg","articleSection":["B\u00fccher","Rezensionen"],"inLanguage":"it-IT"},{"@type":"WebPage","@id":"https:\/\/www.musikzeitung.ch\/rezensionen\/buecher-rezensionen\/2015\/09\/150-jahre-orgelbau","url":"https:\/\/www.musikzeitung.ch\/rezensionen\/buecher-rezensionen\/2015\/09\/150-jahre-orgelbau","name":"150 anni di costruzione di organi - Schweizer Musikzeitung","isPartOf":{"@id":"https:\/\/www.musikzeitung.ch\/#website"},"primaryImageOfPage":{"@id":"https:\/\/www.musikzeitung.ch\/rezensionen\/buecher-rezensionen\/2015\/09\/150-jahre-orgelbau#primaryimage"},"image":{"@id":"https:\/\/www.musikzeitung.ch\/rezensionen\/buecher-rezensionen\/2015\/09\/150-jahre-orgelbau#primaryimage"},"thumbnailUrl":"https:\/\/www.musikzeitung.ch\/wp-content\/uploads\/2023\/01\/Montage.jpg","datePublished":"2015-09-09T23:00:00+00:00","dateModified":"2024-08-07T13:33:42+00:00","breadcrumb":{"@id":"https:\/\/www.musikzeitung.ch\/rezensionen\/buecher-rezensionen\/2015\/09\/150-jahre-orgelbau#breadcrumb"},"inLanguage":"it-IT","potentialAction":[{"@type":"ReadAction","target":["https:\/\/www.musikzeitung.ch\/rezensionen\/buecher-rezensionen\/2015\/09\/150-jahre-orgelbau"]}]},{"@type":"ImageObject","inLanguage":"it-IT","@id":"https:\/\/www.musikzeitung.ch\/rezensionen\/buecher-rezensionen\/2015\/09\/150-jahre-orgelbau#primaryimage","url":"https:\/\/www.musikzeitung.ch\/wp-content\/uploads\/2023\/01\/Montage.jpg","contentUrl":"https:\/\/www.musikzeitung.ch\/wp-content\/uploads\/2023\/01\/Montage.jpg","width":554,"height":406},{"@type":"BreadcrumbList","@id":"https:\/\/www.musikzeitung.ch\/rezensionen\/buecher-rezensionen\/2015\/09\/150-jahre-orgelbau#breadcrumb","itemListElement":[{"@type":"ListItem","position":1,"name":"Home","item":"https:\/\/www.musikzeitung.ch\/"},{"@type":"ListItem","position":2,"name":"150 Jahre Orgelbau"}]},{"@type":"WebSite","@id":"https:\/\/www.musikzeitung.ch\/#website","url":"https:\/\/www.musikzeitung.ch\/","name":"Giornale musicale svizzero","description":"Il principale mensile interdisciplinare della Svizzera per le questioni musicali.","publisher":{"@id":"https:\/\/www.musikzeitung.ch\/#organization"},"potentialAction":[{"@type":"SearchAction","target":{"@type":"EntryPoint","urlTemplate":"https:\/\/www.musikzeitung.ch\/?s={search_term_string}"},"query-input":{"@type":"PropertyValueSpecification","valueRequired":true,"valueName":"search_term_string"}}],"inLanguage":"it-IT"},{"@type":"Organization","@id":"https:\/\/www.musikzeitung.ch\/#organization","name":"Giornale musicale svizzero","url":"https:\/\/www.musikzeitung.ch\/","logo":{"@type":"ImageObject","inLanguage":"it-IT","@id":"https:\/\/www.musikzeitung.ch\/#\/schema\/logo\/image\/","url":"https:\/\/www.musikzeitung.ch\/wp-content\/uploads\/2023\/01\/SMZ_Schriftzug_Sprache.png","contentUrl":"https:\/\/www.musikzeitung.ch\/wp-content\/uploads\/2023\/01\/SMZ_Schriftzug_Sprache.png","width":1400,"height":279,"caption":"Schweizer Musikzeitung"},"image":{"@id":"https:\/\/www.musikzeitung.ch\/#\/schema\/logo\/image\/"},"sameAs":["https:\/\/www.facebook.com\/SchweizerMusikzeitung\/","https:\/\/x.com\/smusikzeitung","https:\/\/www.instagram.com\/musikzeitung.ch\/"]},{"@type":"Person","@id":"https:\/\/www.musikzeitung.ch\/#\/schema\/person\/b2fd892c800856270b9dcc6001265712","name":"Redazione Musikzeitung","image":{"@type":"ImageObject","inLanguage":"it-IT","@id":"https:\/\/www.musikzeitung.ch\/wp-content\/uploads\/2022\/05\/usericon_musikzeitung-96x96.jpg","url":"https:\/\/www.musikzeitung.ch\/wp-content\/uploads\/2022\/05\/usericon_musikzeitung-96x96.jpg","contentUrl":"https:\/\/www.musikzeitung.ch\/wp-content\/uploads\/2022\/05\/usericon_musikzeitung-96x96.jpg","caption":"Musikzeitung-Redaktion"},"url":"https:\/\/www.musikzeitung.ch\/it\/author\/admin"}]}},"publishpress_future_workflow_manual_trigger":{"enabledWorkflows":[]},"_links":{"self":[{"href":"https:\/\/www.musikzeitung.ch\/it\/wp-json\/wp\/v2\/posts\/6327","targetHints":{"allow":["GET"]}}],"collection":[{"href":"https:\/\/www.musikzeitung.ch\/it\/wp-json\/wp\/v2\/posts"}],"about":[{"href":"https:\/\/www.musikzeitung.ch\/it\/wp-json\/wp\/v2\/types\/post"}],"author":[{"embeddable":true,"href":"https:\/\/www.musikzeitung.ch\/it\/wp-json\/wp\/v2\/users\/1"}],"replies":[{"embeddable":true,"href":"https:\/\/www.musikzeitung.ch\/it\/wp-json\/wp\/v2\/comments?post=6327"}],"version-history":[{"count":2,"href":"https:\/\/www.musikzeitung.ch\/it\/wp-json\/wp\/v2\/posts\/6327\/revisions"}],"predecessor-version":[{"id":56524,"href":"https:\/\/www.musikzeitung.ch\/it\/wp-json\/wp\/v2\/posts\/6327\/revisions\/56524"}],"wp:featuredmedia":[{"embeddable":true,"href":"https:\/\/www.musikzeitung.ch\/it\/wp-json\/wp\/v2\/media\/6328"}],"wp:attachment":[{"href":"https:\/\/www.musikzeitung.ch\/it\/wp-json\/wp\/v2\/media?parent=6327"}],"wp:term":[{"taxonomy":"category","embeddable":true,"href":"https:\/\/www.musikzeitung.ch\/it\/wp-json\/wp\/v2\/categories?post=6327"},{"taxonomy":"post_tag","embeddable":true,"href":"https:\/\/www.musikzeitung.ch\/it\/wp-json\/wp\/v2\/tags?post=6327"}],"curies":[{"name":"wp","href":"https:\/\/api.w.org\/{rel}","templated":true}]}}