{"id":63546,"date":"2025-03-10T09:29:12","date_gmt":"2025-03-10T08:29:12","guid":{"rendered":"https:\/\/www.musikzeitung.ch\/?p=63546"},"modified":"2025-03-10T11:34:51","modified_gmt":"2025-03-10T10:34:51","slug":"laura-van-der-heijden-beste-britische-buehnenmusikerin","status":"publish","type":"post","link":"https:\/\/www.musikzeitung.ch\/it\/news\/2025\/03\/laura-van-der-heijden-beste-britische-buehnenmusikerin","title":{"rendered":"Laura van der Heijden migliore musicista di scena britannica"},"content":{"rendered":"<figure id=\"attachment_63548\" aria-describedby=\"caption-attachment-63548\" style=\"width: 768px\" class=\"wp-caption alignnone\"><img loading=\"lazy\" decoding=\"async\" class=\"size-large wp-image-63548\" src=\"https:\/\/www.musikzeitung.ch\/wp-content\/uploads\/2025\/03\/250310laura-1024x735.jpg\" alt=\"\" width=\"768\" height=\"551\" srcset=\"https:\/\/www.musikzeitung.ch\/wp-content\/uploads\/2025\/03\/250310laura-1024x735.jpg 1024w, https:\/\/www.musikzeitung.ch\/wp-content\/uploads\/2025\/03\/250310laura-300x215.jpg 300w, https:\/\/www.musikzeitung.ch\/wp-content\/uploads\/2025\/03\/250310laura-768x551.jpg 768w, https:\/\/www.musikzeitung.ch\/wp-content\/uploads\/2025\/03\/250310laura-18x12.jpg 18w, https:\/\/www.musikzeitung.ch\/wp-content\/uploads\/2025\/03\/250310laura-244x175.jpg 244w, https:\/\/www.musikzeitung.ch\/wp-content\/uploads\/2025\/03\/250310laura-487x350.jpg 487w, https:\/\/www.musikzeitung.ch\/wp-content\/uploads\/2025\/03\/250310laura-920x661.jpg 920w, https:\/\/www.musikzeitung.ch\/wp-content\/uploads\/2025\/03\/250310laura.jpg 1039w\" sizes=\"auto, (max-width: 768px) 100vw, 768px\" \/><figcaption id=\"caption-attachment-63548\" class=\"wp-caption-text\">Laura van der Heijden (Immagine: zVg)<\/figcaption><\/figure>\n<p>Il violoncellista ha vinto il premio Instrumentalist Award ai Royal Philharmonic Society (RPS) Awards 2025. I premi RPS vengono assegnati annualmente dal 1989 per la creazione di musica classica dal vivo nel Regno Unito. Nel 2014 il premio \u00e8 stato assegnato a Patricia Kopatchinskaja.<\/p>\n<p>Laura van der Heijden \u00e8 nata in Inghilterra da genitori svizzero-olandesi e ha fatto la sua prima apparizione pubblica come violoncellista all'et\u00e0 di nove anni. \u00c8 allieva del violoncellista britannico-russo Leonid Gorokhov e ha partecipato regolarmente a masterclass con David Geringas, Ralph Kirshbaum e Mikl\u00f3s Per\u00e9nyi. Nel 2016 \u00e8 stata premiata dalla Fondazione Orpheum in Svizzera. \u00c8 impegnata con la Prince's Foundation for Children &amp; the Arts e con la Brighton Youth Orchestra.<\/p>","protected":false},"excerpt":{"rendered":"<p>La violoncellista svizzero-olandese Laura van der Heijden \u00e8 stata premiata dalla Royal Philharmonic Society (RPS) come migliore musicista classica dal vivo della Gran Bretagna.<\/p>","protected":false},"author":30,"featured_media":63548,"comment_status":"closed","ping_status":"closed","sticky":false,"template":"","format":"standard","meta":{"_acf_changed":false,"_relevanssi_hide_post":"","_relevanssi_hide_content":"","_relevanssi_pin_for_all":"","_relevanssi_pin_keywords":"","_relevanssi_unpin_keywords":"","_relevanssi_related_keywords":"","_relevanssi_related_include_ids":"","_relevanssi_related_exclude_ids":"","_relevanssi_related_no_append":"","_relevanssi_related_not_related":"","_relevanssi_related_posts":"","_relevanssi_noindex_reason":"","pgc_sgb_lightbox_settings":"","footnotes":""},"categories":[27],"tags":[4765,4766],"class_list":["post-63546","post","type-post","status-publish","format-standard","has-post-thumbnail","hentry","category-news","tag-laura-van-der-heijden","tag-royal-philharmonic-society"],"acf":[],"yoast_head":"<!-- This site is optimized with the Yoast SEO plugin v27.4 - https:\/\/yoast.com\/product\/yoast-seo-wordpress\/ -->\n<title>Laura van der Heijden beste britische B\u00fchnenmusikerin - Schweizer Musikzeitung<\/title>\n<meta name=\"description\" content=\"Die niederl\u00e4ndisch-schweizerische Cellistin Laura van der Heijden wurde von der RPS als beste klassische Live-Musikerin Grossbritanniens ausgezeichnet.\" \/>\n<meta name=\"robots\" content=\"index, follow, max-snippet:-1, max-image-preview:large, max-video-preview:-1\" \/>\n<link rel=\"canonical\" href=\"https:\/\/www.musikzeitung.ch\/it\/news\/2025\/03\/laura-van-der-heijden-beste-britische-buehnenmusikerin\/\" \/>\n<meta property=\"og:locale\" content=\"it_IT\" \/>\n<meta property=\"og:type\" content=\"article\" \/>\n<meta property=\"og:title\" content=\"Laura van der Heijden beste britische B\u00fchnenmusikerin - Schweizer Musikzeitung\" \/>\n<meta property=\"og:description\" content=\"Die niederl\u00e4ndisch-schweizerische Cellistin Laura van der Heijden wurde von der RPS als beste klassische Live-Musikerin Grossbritanniens ausgezeichnet.\" \/>\n<meta property=\"og:url\" content=\"https:\/\/www.musikzeitung.ch\/it\/news\/2025\/03\/laura-van-der-heijden-beste-britische-buehnenmusikerin\/\" \/>\n<meta property=\"og:site_name\" content=\"Schweizer Musikzeitung\" \/>\n<meta property=\"article:publisher\" content=\"https:\/\/www.facebook.com\/SchweizerMusikzeitung\/\" \/>\n<meta property=\"article:author\" content=\"https:\/\/www.facebook.com\/wolfgang.bohler.75\" \/>\n<meta property=\"article:published_time\" content=\"2025-03-10T08:29:12+00:00\" \/>\n<meta property=\"article:modified_time\" content=\"2025-03-10T10:34:51+00:00\" \/>\n<meta property=\"og:image\" content=\"https:\/\/www.musikzeitung.ch\/wp-content\/uploads\/2025\/03\/250310laura.jpg\" \/>\n\t<meta property=\"og:image:width\" content=\"1039\" \/>\n\t<meta property=\"og:image:height\" content=\"746\" \/>\n\t<meta property=\"og:image:type\" content=\"image\/jpeg\" \/>\n<meta name=\"author\" content=\"Wolfgang B\u00f6hler\" \/>\n<meta name=\"twitter:card\" content=\"summary_large_image\" \/>\n<meta name=\"twitter:creator\" content=\"@smusikzeitung\" \/>\n<meta name=\"twitter:site\" content=\"@smusikzeitung\" \/>\n<meta name=\"twitter:label1\" content=\"Scritto da\" \/>\n\t<meta name=\"twitter:data1\" content=\"Wolfgang B\u00f6hler\" \/>\n\t<meta name=\"twitter:label2\" content=\"Tempo di lettura stimato\" \/>\n\t<meta name=\"twitter:data2\" content=\"2 minuti\" \/>\n<script type=\"application\/ld+json\" class=\"yoast-schema-graph\">{\"@context\":\"https:\\\/\\\/schema.org\",\"@graph\":[{\"@type\":\"Article\",\"@id\":\"https:\\\/\\\/www.musikzeitung.ch\\\/news\\\/2025\\\/03\\\/laura-van-der-heijden-beste-britische-buehnenmusikerin#article\",\"isPartOf\":{\"@id\":\"https:\\\/\\\/www.musikzeitung.ch\\\/news\\\/2025\\\/03\\\/laura-van-der-heijden-beste-britische-buehnenmusikerin\"},\"author\":{\"name\":\"Wolfgang B\u00f6hler\",\"@id\":\"https:\\\/\\\/www.musikzeitung.ch\\\/#\\\/schema\\\/person\\\/0da4fb82d243f1252850a35d0e87cf0c\"},\"headline\":\"Laura van der Heijden beste britische B\u00fchnenmusikerin\",\"datePublished\":\"2025-03-10T08:29:12+00:00\",\"dateModified\":\"2025-03-10T10:34:51+00:00\",\"mainEntityOfPage\":{\"@id\":\"https:\\\/\\\/www.musikzeitung.ch\\\/news\\\/2025\\\/03\\\/laura-van-der-heijden-beste-britische-buehnenmusikerin\"},\"wordCount\":137,\"publisher\":{\"@id\":\"https:\\\/\\\/www.musikzeitung.ch\\\/#organization\"},\"image\":{\"@id\":\"https:\\\/\\\/www.musikzeitung.ch\\\/news\\\/2025\\\/03\\\/laura-van-der-heijden-beste-britische-buehnenmusikerin#primaryimage\"},\"thumbnailUrl\":\"https:\\\/\\\/www.musikzeitung.ch\\\/wp-content\\\/uploads\\\/2025\\\/03\\\/250310laura.jpg\",\"keywords\":[\"Laura van der Heijden\",\"Royal Philharmonic Society\"],\"articleSection\":[\"News\"],\"inLanguage\":\"it-IT\"},{\"@type\":\"WebPage\",\"@id\":\"https:\\\/\\\/www.musikzeitung.ch\\\/news\\\/2025\\\/03\\\/laura-van-der-heijden-beste-britische-buehnenmusikerin\",\"url\":\"https:\\\/\\\/www.musikzeitung.ch\\\/news\\\/2025\\\/03\\\/laura-van-der-heijden-beste-britische-buehnenmusikerin\",\"name\":\"Laura van der Heijden beste britische B\u00fchnenmusikerin - Schweizer Musikzeitung\",\"isPartOf\":{\"@id\":\"https:\\\/\\\/www.musikzeitung.ch\\\/#website\"},\"primaryImageOfPage\":{\"@id\":\"https:\\\/\\\/www.musikzeitung.ch\\\/news\\\/2025\\\/03\\\/laura-van-der-heijden-beste-britische-buehnenmusikerin#primaryimage\"},\"image\":{\"@id\":\"https:\\\/\\\/www.musikzeitung.ch\\\/news\\\/2025\\\/03\\\/laura-van-der-heijden-beste-britische-buehnenmusikerin#primaryimage\"},\"thumbnailUrl\":\"https:\\\/\\\/www.musikzeitung.ch\\\/wp-content\\\/uploads\\\/2025\\\/03\\\/250310laura.jpg\",\"datePublished\":\"2025-03-10T08:29:12+00:00\",\"dateModified\":\"2025-03-10T10:34:51+00:00\",\"description\":\"Die niederl\u00e4ndisch-schweizerische Cellistin Laura van der Heijden wurde von der RPS als beste klassische Live-Musikerin Grossbritanniens ausgezeichnet.\",\"breadcrumb\":{\"@id\":\"https:\\\/\\\/www.musikzeitung.ch\\\/news\\\/2025\\\/03\\\/laura-van-der-heijden-beste-britische-buehnenmusikerin#breadcrumb\"},\"inLanguage\":\"it-IT\",\"potentialAction\":[{\"@type\":\"ReadAction\",\"target\":[\"https:\\\/\\\/www.musikzeitung.ch\\\/news\\\/2025\\\/03\\\/laura-van-der-heijden-beste-britische-buehnenmusikerin\"]}]},{\"@type\":\"ImageObject\",\"inLanguage\":\"it-IT\",\"@id\":\"https:\\\/\\\/www.musikzeitung.ch\\\/news\\\/2025\\\/03\\\/laura-van-der-heijden-beste-britische-buehnenmusikerin#primaryimage\",\"url\":\"https:\\\/\\\/www.musikzeitung.ch\\\/wp-content\\\/uploads\\\/2025\\\/03\\\/250310laura.jpg\",\"contentUrl\":\"https:\\\/\\\/www.musikzeitung.ch\\\/wp-content\\\/uploads\\\/2025\\\/03\\\/250310laura.jpg\",\"width\":1039,\"height\":746,\"caption\":\"Laura van der Heijden (Bild: ZVG)\"},{\"@type\":\"BreadcrumbList\",\"@id\":\"https:\\\/\\\/www.musikzeitung.ch\\\/news\\\/2025\\\/03\\\/laura-van-der-heijden-beste-britische-buehnenmusikerin#breadcrumb\",\"itemListElement\":[{\"@type\":\"ListItem\",\"position\":1,\"name\":\"Home\",\"item\":\"https:\\\/\\\/www.musikzeitung.ch\\\/\"},{\"@type\":\"ListItem\",\"position\":2,\"name\":\"Laura van der Heijden beste britische B\u00fchnenmusikerin\"}]},{\"@type\":\"WebSite\",\"@id\":\"https:\\\/\\\/www.musikzeitung.ch\\\/#website\",\"url\":\"https:\\\/\\\/www.musikzeitung.ch\\\/\",\"name\":\"Schweizer Musikzeitung\",\"description\":\"Die f\u00fchrende sparten\u00fcbergreifende Monatszeitung in der Schweiz f\u00fcr musikalische Fragen.\",\"publisher\":{\"@id\":\"https:\\\/\\\/www.musikzeitung.ch\\\/#organization\"},\"potentialAction\":[{\"@type\":\"SearchAction\",\"target\":{\"@type\":\"EntryPoint\",\"urlTemplate\":\"https:\\\/\\\/www.musikzeitung.ch\\\/?s={search_term_string}\"},\"query-input\":{\"@type\":\"PropertyValueSpecification\",\"valueRequired\":true,\"valueName\":\"search_term_string\"}}],\"inLanguage\":\"it-IT\"},{\"@type\":\"Organization\",\"@id\":\"https:\\\/\\\/www.musikzeitung.ch\\\/#organization\",\"name\":\"Schweizer Musikzeitung\",\"url\":\"https:\\\/\\\/www.musikzeitung.ch\\\/\",\"logo\":{\"@type\":\"ImageObject\",\"inLanguage\":\"it-IT\",\"@id\":\"https:\\\/\\\/www.musikzeitung.ch\\\/#\\\/schema\\\/logo\\\/image\\\/\",\"url\":\"https:\\\/\\\/www.musikzeitung.ch\\\/wp-content\\\/uploads\\\/2023\\\/01\\\/SMZ_Schriftzug_Sprache.png\",\"contentUrl\":\"https:\\\/\\\/www.musikzeitung.ch\\\/wp-content\\\/uploads\\\/2023\\\/01\\\/SMZ_Schriftzug_Sprache.png\",\"width\":1400,\"height\":279,\"caption\":\"Schweizer Musikzeitung\"},\"image\":{\"@id\":\"https:\\\/\\\/www.musikzeitung.ch\\\/#\\\/schema\\\/logo\\\/image\\\/\"},\"sameAs\":[\"https:\\\/\\\/www.facebook.com\\\/SchweizerMusikzeitung\\\/\",\"https:\\\/\\\/x.com\\\/smusikzeitung\",\"https:\\\/\\\/www.instagram.com\\\/musikzeitung.ch\\\/\"]},{\"@type\":\"Person\",\"@id\":\"https:\\\/\\\/www.musikzeitung.ch\\\/#\\\/schema\\\/person\\\/0da4fb82d243f1252850a35d0e87cf0c\",\"name\":\"Wolfgang B\u00f6hler\",\"image\":{\"@type\":\"ImageObject\",\"inLanguage\":\"it-IT\",\"@id\":\"https:\\\/\\\/www.musikzeitung.ch\\\/wp-content\\\/uploads\\\/2023\\\/01\\\/boehler_portraet_web-e1674139782246-96x96.jpg\",\"url\":\"https:\\\/\\\/www.musikzeitung.ch\\\/wp-content\\\/uploads\\\/2023\\\/01\\\/boehler_portraet_web-e1674139782246-96x96.jpg\",\"contentUrl\":\"https:\\\/\\\/www.musikzeitung.ch\\\/wp-content\\\/uploads\\\/2023\\\/01\\\/boehler_portraet_web-e1674139782246-96x96.jpg\",\"caption\":\"Wolfgang B\u00f6hler\"},\"sameAs\":[\"http:\\\/\\\/www.manacanto.ch\",\"https:\\\/\\\/www.facebook.com\\\/wolfgang.bohler.75\"],\"url\":\"https:\\\/\\\/www.musikzeitung.ch\\\/it\\\/author\\\/wolfgang-boehler\"}]}<\/script>\n<!-- \/ Yoast SEO plugin. -->","yoast_head_json":{"title":"Laura van der Heijden beste britische B\u00fchnenmusikerin - Schweizer Musikzeitung","description":"Die niederl\u00e4ndisch-schweizerische Cellistin Laura van der Heijden wurde von der RPS als beste klassische Live-Musikerin Grossbritanniens ausgezeichnet.","robots":{"index":"index","follow":"follow","max-snippet":"max-snippet:-1","max-image-preview":"max-image-preview:large","max-video-preview":"max-video-preview:-1"},"canonical":"https:\/\/www.musikzeitung.ch\/it\/news\/2025\/03\/laura-van-der-heijden-beste-britische-buehnenmusikerin\/","og_locale":"it_IT","og_type":"article","og_title":"Laura van der Heijden beste britische B\u00fchnenmusikerin - Schweizer Musikzeitung","og_description":"Die niederl\u00e4ndisch-schweizerische Cellistin Laura van der Heijden wurde von der RPS als beste klassische Live-Musikerin Grossbritanniens ausgezeichnet.","og_url":"https:\/\/www.musikzeitung.ch\/it\/news\/2025\/03\/laura-van-der-heijden-beste-britische-buehnenmusikerin\/","og_site_name":"Schweizer Musikzeitung","article_publisher":"https:\/\/www.facebook.com\/SchweizerMusikzeitung\/","article_author":"https:\/\/www.facebook.com\/wolfgang.bohler.75","article_published_time":"2025-03-10T08:29:12+00:00","article_modified_time":"2025-03-10T10:34:51+00:00","og_image":[{"width":1039,"height":746,"url":"https:\/\/www.musikzeitung.ch\/wp-content\/uploads\/2025\/03\/250310laura.jpg","type":"image\/jpeg"}],"author":"Wolfgang B\u00f6hler","twitter_card":"summary_large_image","twitter_creator":"@smusikzeitung","twitter_site":"@smusikzeitung","twitter_misc":{"Scritto da":"Wolfgang B\u00f6hler","Tempo di lettura stimato":"2 minuti"},"schema":{"@context":"https:\/\/schema.org","@graph":[{"@type":"Article","@id":"https:\/\/www.musikzeitung.ch\/news\/2025\/03\/laura-van-der-heijden-beste-britische-buehnenmusikerin#article","isPartOf":{"@id":"https:\/\/www.musikzeitung.ch\/news\/2025\/03\/laura-van-der-heijden-beste-britische-buehnenmusikerin"},"author":{"name":"Wolfgang B\u00f6hler","@id":"https:\/\/www.musikzeitung.ch\/#\/schema\/person\/0da4fb82d243f1252850a35d0e87cf0c"},"headline":"Laura van der Heijden beste britische B\u00fchnenmusikerin","datePublished":"2025-03-10T08:29:12+00:00","dateModified":"2025-03-10T10:34:51+00:00","mainEntityOfPage":{"@id":"https:\/\/www.musikzeitung.ch\/news\/2025\/03\/laura-van-der-heijden-beste-britische-buehnenmusikerin"},"wordCount":137,"publisher":{"@id":"https:\/\/www.musikzeitung.ch\/#organization"},"image":{"@id":"https:\/\/www.musikzeitung.ch\/news\/2025\/03\/laura-van-der-heijden-beste-britische-buehnenmusikerin#primaryimage"},"thumbnailUrl":"https:\/\/www.musikzeitung.ch\/wp-content\/uploads\/2025\/03\/250310laura.jpg","keywords":["Laura van der Heijden","Royal Philharmonic Society"],"articleSection":["News"],"inLanguage":"it-IT"},{"@type":"WebPage","@id":"https:\/\/www.musikzeitung.ch\/news\/2025\/03\/laura-van-der-heijden-beste-britische-buehnenmusikerin","url":"https:\/\/www.musikzeitung.ch\/news\/2025\/03\/laura-van-der-heijden-beste-britische-buehnenmusikerin","name":"Laura van der Heijden beste britische B\u00fchnenmusikerin - Schweizer Musikzeitung","isPartOf":{"@id":"https:\/\/www.musikzeitung.ch\/#website"},"primaryImageOfPage":{"@id":"https:\/\/www.musikzeitung.ch\/news\/2025\/03\/laura-van-der-heijden-beste-britische-buehnenmusikerin#primaryimage"},"image":{"@id":"https:\/\/www.musikzeitung.ch\/news\/2025\/03\/laura-van-der-heijden-beste-britische-buehnenmusikerin#primaryimage"},"thumbnailUrl":"https:\/\/www.musikzeitung.ch\/wp-content\/uploads\/2025\/03\/250310laura.jpg","datePublished":"2025-03-10T08:29:12+00:00","dateModified":"2025-03-10T10:34:51+00:00","description":"Die niederl\u00e4ndisch-schweizerische Cellistin Laura van der Heijden wurde von der RPS als beste klassische Live-Musikerin Grossbritanniens ausgezeichnet.","breadcrumb":{"@id":"https:\/\/www.musikzeitung.ch\/news\/2025\/03\/laura-van-der-heijden-beste-britische-buehnenmusikerin#breadcrumb"},"inLanguage":"it-IT","potentialAction":[{"@type":"ReadAction","target":["https:\/\/www.musikzeitung.ch\/news\/2025\/03\/laura-van-der-heijden-beste-britische-buehnenmusikerin"]}]},{"@type":"ImageObject","inLanguage":"it-IT","@id":"https:\/\/www.musikzeitung.ch\/news\/2025\/03\/laura-van-der-heijden-beste-britische-buehnenmusikerin#primaryimage","url":"https:\/\/www.musikzeitung.ch\/wp-content\/uploads\/2025\/03\/250310laura.jpg","contentUrl":"https:\/\/www.musikzeitung.ch\/wp-content\/uploads\/2025\/03\/250310laura.jpg","width":1039,"height":746,"caption":"Laura van der Heijden (Bild: ZVG)"},{"@type":"BreadcrumbList","@id":"https:\/\/www.musikzeitung.ch\/news\/2025\/03\/laura-van-der-heijden-beste-britische-buehnenmusikerin#breadcrumb","itemListElement":[{"@type":"ListItem","position":1,"name":"Home","item":"https:\/\/www.musikzeitung.ch\/"},{"@type":"ListItem","position":2,"name":"Laura van der Heijden beste britische B\u00fchnenmusikerin"}]},{"@type":"WebSite","@id":"https:\/\/www.musikzeitung.ch\/#website","url":"https:\/\/www.musikzeitung.ch\/","name":"Giornale musicale svizzero","description":"Il principale mensile interdisciplinare della Svizzera per le questioni musicali.","publisher":{"@id":"https:\/\/www.musikzeitung.ch\/#organization"},"potentialAction":[{"@type":"SearchAction","target":{"@type":"EntryPoint","urlTemplate":"https:\/\/www.musikzeitung.ch\/?s={search_term_string}"},"query-input":{"@type":"PropertyValueSpecification","valueRequired":true,"valueName":"search_term_string"}}],"inLanguage":"it-IT"},{"@type":"Organization","@id":"https:\/\/www.musikzeitung.ch\/#organization","name":"Giornale musicale svizzero","url":"https:\/\/www.musikzeitung.ch\/","logo":{"@type":"ImageObject","inLanguage":"it-IT","@id":"https:\/\/www.musikzeitung.ch\/#\/schema\/logo\/image\/","url":"https:\/\/www.musikzeitung.ch\/wp-content\/uploads\/2023\/01\/SMZ_Schriftzug_Sprache.png","contentUrl":"https:\/\/www.musikzeitung.ch\/wp-content\/uploads\/2023\/01\/SMZ_Schriftzug_Sprache.png","width":1400,"height":279,"caption":"Schweizer Musikzeitung"},"image":{"@id":"https:\/\/www.musikzeitung.ch\/#\/schema\/logo\/image\/"},"sameAs":["https:\/\/www.facebook.com\/SchweizerMusikzeitung\/","https:\/\/x.com\/smusikzeitung","https:\/\/www.instagram.com\/musikzeitung.ch\/"]},{"@type":"Person","@id":"https:\/\/www.musikzeitung.ch\/#\/schema\/person\/0da4fb82d243f1252850a35d0e87cf0c","name":"Wolfgang B\u00f6hler","image":{"@type":"ImageObject","inLanguage":"it-IT","@id":"https:\/\/www.musikzeitung.ch\/wp-content\/uploads\/2023\/01\/boehler_portraet_web-e1674139782246-96x96.jpg","url":"https:\/\/www.musikzeitung.ch\/wp-content\/uploads\/2023\/01\/boehler_portraet_web-e1674139782246-96x96.jpg","contentUrl":"https:\/\/www.musikzeitung.ch\/wp-content\/uploads\/2023\/01\/boehler_portraet_web-e1674139782246-96x96.jpg","caption":"Wolfgang B\u00f6hler"},"sameAs":["http:\/\/www.manacanto.ch","https:\/\/www.facebook.com\/wolfgang.bohler.75"],"url":"https:\/\/www.musikzeitung.ch\/it\/author\/wolfgang-boehler"}]}},"publishpress_future_workflow_manual_trigger":{"enabledWorkflows":[]},"_links":{"self":[{"href":"https:\/\/www.musikzeitung.ch\/it\/wp-json\/wp\/v2\/posts\/63546","targetHints":{"allow":["GET"]}}],"collection":[{"href":"https:\/\/www.musikzeitung.ch\/it\/wp-json\/wp\/v2\/posts"}],"about":[{"href":"https:\/\/www.musikzeitung.ch\/it\/wp-json\/wp\/v2\/types\/post"}],"author":[{"embeddable":true,"href":"https:\/\/www.musikzeitung.ch\/it\/wp-json\/wp\/v2\/users\/30"}],"replies":[{"embeddable":true,"href":"https:\/\/www.musikzeitung.ch\/it\/wp-json\/wp\/v2\/comments?post=63546"}],"version-history":[{"count":7,"href":"https:\/\/www.musikzeitung.ch\/it\/wp-json\/wp\/v2\/posts\/63546\/revisions"}],"predecessor-version":[{"id":63556,"href":"https:\/\/www.musikzeitung.ch\/it\/wp-json\/wp\/v2\/posts\/63546\/revisions\/63556"}],"wp:featuredmedia":[{"embeddable":true,"href":"https:\/\/www.musikzeitung.ch\/it\/wp-json\/wp\/v2\/media\/63548"}],"wp:attachment":[{"href":"https:\/\/www.musikzeitung.ch\/it\/wp-json\/wp\/v2\/media?parent=63546"}],"wp:term":[{"taxonomy":"category","embeddable":true,"href":"https:\/\/www.musikzeitung.ch\/it\/wp-json\/wp\/v2\/categories?post=63546"},{"taxonomy":"post_tag","embeddable":true,"href":"https:\/\/www.musikzeitung.ch\/it\/wp-json\/wp\/v2\/tags?post=63546"}],"curies":[{"name":"wp","href":"https:\/\/api.w.org\/{rel}","templated":true}]}}