{"id":63880,"date":"2025-03-22T09:00:02","date_gmt":"2025-03-22T08:00:02","guid":{"rendered":"https:\/\/www.musikzeitung.ch\/?p=63880"},"modified":"2025-03-20T08:19:44","modified_gmt":"2025-03-20T07:19:44","slug":"highmatt-geschichte","status":"publish","type":"post","link":"https:\/\/www.musikzeitung.ch\/it\/rezensionen\/buecher-rezensionen\/2025\/03\/highmatt-geschichte","title":{"rendered":"Storia di Highmatt"},"content":{"rendered":"<figure id=\"attachment_63882\" aria-describedby=\"caption-attachment-63882\" style=\"width: 847px\" class=\"wp-caption alignnone\"><img loading=\"lazy\" decoding=\"async\" class=\"wp-image-63882 size-full\" src=\"https:\/\/www.musikzeitung.ch\/wp-content\/uploads\/2025\/03\/Stefan_Signer_Highmatt_Dichter_im_Appenzellischen_Hinterland_2008.jpg\" alt=\"\" width=\"847\" height=\"621\" srcset=\"https:\/\/www.musikzeitung.ch\/wp-content\/uploads\/2025\/03\/Stefan_Signer_Highmatt_Dichter_im_Appenzellischen_Hinterland_2008.jpg 847w, https:\/\/www.musikzeitung.ch\/wp-content\/uploads\/2025\/03\/Stefan_Signer_Highmatt_Dichter_im_Appenzellischen_Hinterland_2008-300x220.jpg 300w, https:\/\/www.musikzeitung.ch\/wp-content\/uploads\/2025\/03\/Stefan_Signer_Highmatt_Dichter_im_Appenzellischen_Hinterland_2008-768x563.jpg 768w, https:\/\/www.musikzeitung.ch\/wp-content\/uploads\/2025\/03\/Stefan_Signer_Highmatt_Dichter_im_Appenzellischen_Hinterland_2008-16x12.jpg 16w, https:\/\/www.musikzeitung.ch\/wp-content\/uploads\/2025\/03\/Stefan_Signer_Highmatt_Dichter_im_Appenzellischen_Hinterland_2008-239x175.jpg 239w, https:\/\/www.musikzeitung.ch\/wp-content\/uploads\/2025\/03\/Stefan_Signer_Highmatt_Dichter_im_Appenzellischen_Hinterland_2008-477x350.jpg 477w\" sizes=\"auto, (max-width: 847px) 100vw, 847px\" \/><figcaption id=\"caption-attachment-63882\" class=\"wp-caption-text\">Il poeta Highmatt Steff Signer, 2008. foto: <a href=\"https:\/\/commons.wikimedia.org\/wiki\/File:Stefan_Signer_Highmatt_Dichter_im_Appenzellischen_Hinterland_2008.jpg\" target=\"_blank\" rel=\"noopener\">Toni Schwitter \/ Biblioteca cantonale di Appenzello Esterno, Trogen<\/a><\/figcaption><\/figure>\n<p>Steff Signer, alias Infrasteff, non \u00e8 mai entrato in una hit parade, n\u00e9 ha mai riempito gli stadi o mandato in visibilio i botteghini. Almeno la sua opera <em>Tardo pomeriggio in paradiso<\/em> al Rossini Opera Festival sull'isola di R\u00fcgen, dopo il quale il direttore d'orchestra Wolfgang Danzmayr ha elogiato l'opera definendola \"straordinariamente stravagante\". In un'occasione, il rocker sperimentale, compositore, poeta e pittore, nato a Hundwil nel cantone di Ausserrhoden e oggi 74enne, si \u00e8 trovato addirittura in una posizione chiave: dal 1989 al 1994 \u00e8 stato produttore capo della serie \"Musikszene Schweiz\" organizzata dal Percento culturale Migros.<\/p>\n<p>Sono proprio i salti (laterali) inaspettati che rendono il lavoro di Hanspeter Sp\u00f6rri, ex caporedattore della rivista <em>Alleanza<\/em>La cronaca, scritta da un amico di Signer fin dai tempi della scuola, \u00e8 un \"tuffo\" piacevole e nutriente nella storia musicale e sociale della Svizzera orientale. L'archivio di Signer \u00e8 ora conservato dalla Biblioteca cantonale di Appenzello Esterno. \"Come testimonianza contemporanea, i diversi materiali documentano un periodo della storia dell'Appenzello che in precedenza non era accessibile in musei, archivi o biblioteche\", scrive la direttrice della biblioteca Heidi Eisenhut. \"L'archivio privato Signer \u00e8 una testimonianza di una sottocultura di casa nostra; caratterizzata dal 1968 e da Frank Zappa, 'alternativa', 'strampalata', diversa dal solito e tuttavia profondamente legata all'Appenzello in molti punti di riferimento.\"<\/p>\n<p>Grazie a una generosa selezione di codici QR, il libro rende piena giustizia al lavoro multimediale di Signer. Gli esempi sonori iniziano con il \"piano jazz\" giovanile e spaziano dai primi combo \"beat\", agli esperimenti zappiani (Signer non si \u00e8 mai liberato del titolo \"Appenzell Frank Zappa\"), alle big band jazz-rock, alle occupazioni con la nuova musica e alla fase pop degli anni Ottanta, fino all'esplorazione satirica e affettuosa dell'ambiente appenzellese in tempi recenti. Un libro esemplare.<img loading=\"lazy\" decoding=\"async\" class=\"aligncenter wp-image-63881 size-medium\" src=\"https:\/\/www.musikzeitung.ch\/wp-content\/uploads\/2025\/03\/03_crit_buch_Kuenzler_Signer-213x300.jpeg\" alt=\"\" width=\"213\" height=\"300\" srcset=\"https:\/\/www.musikzeitung.ch\/wp-content\/uploads\/2025\/03\/03_crit_buch_Kuenzler_Signer-213x300.jpeg 213w, https:\/\/www.musikzeitung.ch\/wp-content\/uploads\/2025\/03\/03_crit_buch_Kuenzler_Signer-9x12.jpeg 9w, https:\/\/www.musikzeitung.ch\/wp-content\/uploads\/2025\/03\/03_crit_buch_Kuenzler_Signer-124x175.jpeg 124w, https:\/\/www.musikzeitung.ch\/wp-content\/uploads\/2025\/03\/03_crit_buch_Kuenzler_Signer-248x350.jpeg 248w, https:\/\/www.musikzeitung.ch\/wp-content\/uploads\/2025\/03\/03_crit_buch_Kuenzler_Signer-300x423.jpeg 300w, https:\/\/www.musikzeitung.ch\/wp-content\/uploads\/2025\/03\/03_crit_buch_Kuenzler_Signer.jpeg 415w\" sizes=\"auto, (max-width: 213px) 100vw, 213px\" \/><\/p>\n<p><em>Hanspeter Sp\u00f6rri: Steff Signer. La biografia musicale. Un pezzo di storia del rock, del pop e dell'highmatt svizzero, 400 p., Fr. 48.00, Appenzeller Verlag, Schwellbrunn 2024, ISBN 978-3-85882-888-0<\/em><\/p>","protected":false},"excerpt":{"rendered":"<p>Il giornalista e confidente di lunga data Hanspeter Sp\u00f6rri ha scritto una biografia completa del musicista di Appezell e artista multimediale Steff Signer.<\/p>","protected":false},"author":29,"featured_media":63882,"comment_status":"closed","ping_status":"closed","sticky":false,"template":"","format":"standard","meta":{"_acf_changed":false,"_relevanssi_hide_post":"","_relevanssi_hide_content":"","_relevanssi_pin_for_all":"","_relevanssi_pin_keywords":"","_relevanssi_unpin_keywords":"","_relevanssi_related_keywords":"","_relevanssi_related_include_ids":"","_relevanssi_related_exclude_ids":"","_relevanssi_related_no_append":"","_relevanssi_related_not_related":"","_relevanssi_related_posts":"","_relevanssi_noindex_reason":"","pgc_sgb_lightbox_settings":"","footnotes":""},"categories":[1214,29],"tags":[4812,4811],"class_list":["post-63880","post","type-post","status-publish","format-standard","has-post-thumbnail","hentry","category-buecher-rezensionen","category-rezensionen","tag-infrasteff","tag-steff-signer"],"acf":[],"yoast_head":"<!-- This site is optimized with the Yoast SEO plugin v27.4 - https:\/\/yoast.com\/product\/yoast-seo-wordpress\/ -->\n<title>Highmatt-Geschichte - Schweizer Musikzeitung<\/title>\n<meta name=\"description\" content=\"Hanspeter Sp\u00f6rri hat eine reichhaltige Biografie des Appezeller Musikers und Multimedia-K\u00fcnstlers Steff Signer geschrieben.\" \/>\n<meta name=\"robots\" content=\"index, follow, max-snippet:-1, max-image-preview:large, max-video-preview:-1\" \/>\n<link rel=\"canonical\" href=\"https:\/\/www.musikzeitung.ch\/it\/rezensionen\/buecher-rezensionen\/2025\/03\/highmatt-geschichte\/\" \/>\n<meta property=\"og:locale\" content=\"it_IT\" \/>\n<meta property=\"og:type\" content=\"article\" \/>\n<meta property=\"og:title\" content=\"Highmatt-Geschichte - Schweizer Musikzeitung\" \/>\n<meta property=\"og:description\" content=\"Hanspeter Sp\u00f6rri hat eine reichhaltige Biografie des Appezeller Musikers und Multimedia-K\u00fcnstlers Steff Signer geschrieben.\" \/>\n<meta property=\"og:url\" content=\"https:\/\/www.musikzeitung.ch\/it\/rezensionen\/buecher-rezensionen\/2025\/03\/highmatt-geschichte\/\" \/>\n<meta property=\"og:site_name\" content=\"Schweizer Musikzeitung\" \/>\n<meta property=\"article:publisher\" content=\"https:\/\/www.facebook.com\/SchweizerMusikzeitung\/\" \/>\n<meta property=\"article:published_time\" content=\"2025-03-22T08:00:02+00:00\" \/>\n<meta property=\"og:image\" content=\"https:\/\/www.musikzeitung.ch\/wp-content\/uploads\/2025\/03\/Stefan_Signer_Highmatt_Dichter_im_Appenzellischen_Hinterland_2008.jpg\" \/>\n\t<meta property=\"og:image:width\" content=\"847\" \/>\n\t<meta property=\"og:image:height\" content=\"621\" \/>\n\t<meta property=\"og:image:type\" content=\"image\/jpeg\" \/>\n<meta name=\"author\" content=\"pia.schwab\" \/>\n<meta name=\"twitter:card\" content=\"summary_large_image\" \/>\n<meta name=\"twitter:creator\" content=\"@smusikzeitung\" \/>\n<meta name=\"twitter:site\" content=\"@smusikzeitung\" \/>\n<meta name=\"twitter:label1\" content=\"Scritto da\" \/>\n\t<meta name=\"twitter:data1\" content=\"pia.schwab\" \/>\n\t<meta name=\"twitter:label2\" content=\"Tempo di lettura stimato\" \/>\n\t<meta name=\"twitter:data2\" content=\"3 minuti\" \/>\n<script type=\"application\/ld+json\" class=\"yoast-schema-graph\">{\"@context\":\"https:\\\/\\\/schema.org\",\"@graph\":[{\"@type\":\"Article\",\"@id\":\"https:\\\/\\\/www.musikzeitung.ch\\\/rezensionen\\\/buecher-rezensionen\\\/2025\\\/03\\\/highmatt-geschichte#article\",\"isPartOf\":{\"@id\":\"https:\\\/\\\/www.musikzeitung.ch\\\/rezensionen\\\/buecher-rezensionen\\\/2025\\\/03\\\/highmatt-geschichte\"},\"author\":{\"name\":\"pia.schwab\",\"@id\":\"https:\\\/\\\/www.musikzeitung.ch\\\/#\\\/schema\\\/person\\\/ea3d7b86bd7157c78c7ddd37f2f82b5b\"},\"headline\":\"Highmatt-Geschichte\",\"datePublished\":\"2025-03-22T08:00:02+00:00\",\"mainEntityOfPage\":{\"@id\":\"https:\\\/\\\/www.musikzeitung.ch\\\/rezensionen\\\/buecher-rezensionen\\\/2025\\\/03\\\/highmatt-geschichte\"},\"wordCount\":316,\"publisher\":{\"@id\":\"https:\\\/\\\/www.musikzeitung.ch\\\/#organization\"},\"image\":{\"@id\":\"https:\\\/\\\/www.musikzeitung.ch\\\/rezensionen\\\/buecher-rezensionen\\\/2025\\\/03\\\/highmatt-geschichte#primaryimage\"},\"thumbnailUrl\":\"https:\\\/\\\/www.musikzeitung.ch\\\/wp-content\\\/uploads\\\/2025\\\/03\\\/Stefan_Signer_Highmatt_Dichter_im_Appenzellischen_Hinterland_2008.jpg\",\"keywords\":[\"Infrasteff\",\"Steff Signer\"],\"articleSection\":[\"B\u00fccher\",\"Rezensionen\"],\"inLanguage\":\"it-IT\"},{\"@type\":\"WebPage\",\"@id\":\"https:\\\/\\\/www.musikzeitung.ch\\\/rezensionen\\\/buecher-rezensionen\\\/2025\\\/03\\\/highmatt-geschichte\",\"url\":\"https:\\\/\\\/www.musikzeitung.ch\\\/rezensionen\\\/buecher-rezensionen\\\/2025\\\/03\\\/highmatt-geschichte\",\"name\":\"Highmatt-Geschichte - Schweizer Musikzeitung\",\"isPartOf\":{\"@id\":\"https:\\\/\\\/www.musikzeitung.ch\\\/#website\"},\"primaryImageOfPage\":{\"@id\":\"https:\\\/\\\/www.musikzeitung.ch\\\/rezensionen\\\/buecher-rezensionen\\\/2025\\\/03\\\/highmatt-geschichte#primaryimage\"},\"image\":{\"@id\":\"https:\\\/\\\/www.musikzeitung.ch\\\/rezensionen\\\/buecher-rezensionen\\\/2025\\\/03\\\/highmatt-geschichte#primaryimage\"},\"thumbnailUrl\":\"https:\\\/\\\/www.musikzeitung.ch\\\/wp-content\\\/uploads\\\/2025\\\/03\\\/Stefan_Signer_Highmatt_Dichter_im_Appenzellischen_Hinterland_2008.jpg\",\"datePublished\":\"2025-03-22T08:00:02+00:00\",\"description\":\"Hanspeter Sp\u00f6rri hat eine reichhaltige Biografie des Appezeller Musikers und Multimedia-K\u00fcnstlers Steff Signer geschrieben.\",\"breadcrumb\":{\"@id\":\"https:\\\/\\\/www.musikzeitung.ch\\\/rezensionen\\\/buecher-rezensionen\\\/2025\\\/03\\\/highmatt-geschichte#breadcrumb\"},\"inLanguage\":\"it-IT\",\"potentialAction\":[{\"@type\":\"ReadAction\",\"target\":[\"https:\\\/\\\/www.musikzeitung.ch\\\/rezensionen\\\/buecher-rezensionen\\\/2025\\\/03\\\/highmatt-geschichte\"]}]},{\"@type\":\"ImageObject\",\"inLanguage\":\"it-IT\",\"@id\":\"https:\\\/\\\/www.musikzeitung.ch\\\/rezensionen\\\/buecher-rezensionen\\\/2025\\\/03\\\/highmatt-geschichte#primaryimage\",\"url\":\"https:\\\/\\\/www.musikzeitung.ch\\\/wp-content\\\/uploads\\\/2025\\\/03\\\/Stefan_Signer_Highmatt_Dichter_im_Appenzellischen_Hinterland_2008.jpg\",\"contentUrl\":\"https:\\\/\\\/www.musikzeitung.ch\\\/wp-content\\\/uploads\\\/2025\\\/03\\\/Stefan_Signer_Highmatt_Dichter_im_Appenzellischen_Hinterland_2008.jpg\",\"width\":847,\"height\":621,\"caption\":\"IslBG\"},{\"@type\":\"BreadcrumbList\",\"@id\":\"https:\\\/\\\/www.musikzeitung.ch\\\/rezensionen\\\/buecher-rezensionen\\\/2025\\\/03\\\/highmatt-geschichte#breadcrumb\",\"itemListElement\":[{\"@type\":\"ListItem\",\"position\":1,\"name\":\"Home\",\"item\":\"https:\\\/\\\/www.musikzeitung.ch\\\/\"},{\"@type\":\"ListItem\",\"position\":2,\"name\":\"Highmatt-Geschichte\"}]},{\"@type\":\"WebSite\",\"@id\":\"https:\\\/\\\/www.musikzeitung.ch\\\/#website\",\"url\":\"https:\\\/\\\/www.musikzeitung.ch\\\/\",\"name\":\"Schweizer Musikzeitung\",\"description\":\"Die f\u00fchrende sparten\u00fcbergreifende Monatszeitung in der Schweiz f\u00fcr musikalische Fragen.\",\"publisher\":{\"@id\":\"https:\\\/\\\/www.musikzeitung.ch\\\/#organization\"},\"potentialAction\":[{\"@type\":\"SearchAction\",\"target\":{\"@type\":\"EntryPoint\",\"urlTemplate\":\"https:\\\/\\\/www.musikzeitung.ch\\\/?s={search_term_string}\"},\"query-input\":{\"@type\":\"PropertyValueSpecification\",\"valueRequired\":true,\"valueName\":\"search_term_string\"}}],\"inLanguage\":\"it-IT\"},{\"@type\":\"Organization\",\"@id\":\"https:\\\/\\\/www.musikzeitung.ch\\\/#organization\",\"name\":\"Schweizer Musikzeitung\",\"url\":\"https:\\\/\\\/www.musikzeitung.ch\\\/\",\"logo\":{\"@type\":\"ImageObject\",\"inLanguage\":\"it-IT\",\"@id\":\"https:\\\/\\\/www.musikzeitung.ch\\\/#\\\/schema\\\/logo\\\/image\\\/\",\"url\":\"https:\\\/\\\/www.musikzeitung.ch\\\/wp-content\\\/uploads\\\/2023\\\/01\\\/SMZ_Schriftzug_Sprache.png\",\"contentUrl\":\"https:\\\/\\\/www.musikzeitung.ch\\\/wp-content\\\/uploads\\\/2023\\\/01\\\/SMZ_Schriftzug_Sprache.png\",\"width\":1400,\"height\":279,\"caption\":\"Schweizer Musikzeitung\"},\"image\":{\"@id\":\"https:\\\/\\\/www.musikzeitung.ch\\\/#\\\/schema\\\/logo\\\/image\\\/\"},\"sameAs\":[\"https:\\\/\\\/www.facebook.com\\\/SchweizerMusikzeitung\\\/\",\"https:\\\/\\\/x.com\\\/smusikzeitung\",\"https:\\\/\\\/www.instagram.com\\\/musikzeitung.ch\\\/\"]},{\"@type\":\"Person\",\"@id\":\"https:\\\/\\\/www.musikzeitung.ch\\\/#\\\/schema\\\/person\\\/ea3d7b86bd7157c78c7ddd37f2f82b5b\",\"name\":\"pia.schwab\",\"image\":{\"@type\":\"ImageObject\",\"inLanguage\":\"it-IT\",\"@id\":\"https:\\\/\\\/secure.gravatar.com\\\/avatar\\\/d39d170de4c2d07e897fbc26cf9d890fc046285c742207b86d8ebabe5fcde2c4?s=96&d=mm&r=g\",\"url\":\"https:\\\/\\\/secure.gravatar.com\\\/avatar\\\/d39d170de4c2d07e897fbc26cf9d890fc046285c742207b86d8ebabe5fcde2c4?s=96&d=mm&r=g\",\"contentUrl\":\"https:\\\/\\\/secure.gravatar.com\\\/avatar\\\/d39d170de4c2d07e897fbc26cf9d890fc046285c742207b86d8ebabe5fcde2c4?s=96&d=mm&r=g\",\"caption\":\"pia.schwab\"},\"url\":\"https:\\\/\\\/www.musikzeitung.ch\\\/it\\\/author\\\/pia-schwab\"}]}<\/script>\n<!-- \/ Yoast SEO plugin. -->","yoast_head_json":{"title":"La storia di Highmatt - Giornale musicale svizzero","description":"Hanspeter Sp\u00f6rri ha scritto una biografia completa del musicista di Appezell e artista multimediale Steff Signer.","robots":{"index":"index","follow":"follow","max-snippet":"max-snippet:-1","max-image-preview":"max-image-preview:large","max-video-preview":"max-video-preview:-1"},"canonical":"https:\/\/www.musikzeitung.ch\/it\/rezensionen\/buecher-rezensionen\/2025\/03\/highmatt-geschichte\/","og_locale":"it_IT","og_type":"article","og_title":"Highmatt-Geschichte - Schweizer Musikzeitung","og_description":"Hanspeter Sp\u00f6rri hat eine reichhaltige Biografie des Appezeller Musikers und Multimedia-K\u00fcnstlers Steff Signer geschrieben.","og_url":"https:\/\/www.musikzeitung.ch\/it\/rezensionen\/buecher-rezensionen\/2025\/03\/highmatt-geschichte\/","og_site_name":"Schweizer Musikzeitung","article_publisher":"https:\/\/www.facebook.com\/SchweizerMusikzeitung\/","article_published_time":"2025-03-22T08:00:02+00:00","og_image":[{"width":847,"height":621,"url":"https:\/\/www.musikzeitung.ch\/wp-content\/uploads\/2025\/03\/Stefan_Signer_Highmatt_Dichter_im_Appenzellischen_Hinterland_2008.jpg","type":"image\/jpeg"}],"author":"pia.schwab","twitter_card":"summary_large_image","twitter_creator":"@smusikzeitung","twitter_site":"@smusikzeitung","twitter_misc":{"Scritto da":"pia.schwab","Tempo di lettura stimato":"3 minuti"},"schema":{"@context":"https:\/\/schema.org","@graph":[{"@type":"Article","@id":"https:\/\/www.musikzeitung.ch\/rezensionen\/buecher-rezensionen\/2025\/03\/highmatt-geschichte#article","isPartOf":{"@id":"https:\/\/www.musikzeitung.ch\/rezensionen\/buecher-rezensionen\/2025\/03\/highmatt-geschichte"},"author":{"name":"pia.schwab","@id":"https:\/\/www.musikzeitung.ch\/#\/schema\/person\/ea3d7b86bd7157c78c7ddd37f2f82b5b"},"headline":"Highmatt-Geschichte","datePublished":"2025-03-22T08:00:02+00:00","mainEntityOfPage":{"@id":"https:\/\/www.musikzeitung.ch\/rezensionen\/buecher-rezensionen\/2025\/03\/highmatt-geschichte"},"wordCount":316,"publisher":{"@id":"https:\/\/www.musikzeitung.ch\/#organization"},"image":{"@id":"https:\/\/www.musikzeitung.ch\/rezensionen\/buecher-rezensionen\/2025\/03\/highmatt-geschichte#primaryimage"},"thumbnailUrl":"https:\/\/www.musikzeitung.ch\/wp-content\/uploads\/2025\/03\/Stefan_Signer_Highmatt_Dichter_im_Appenzellischen_Hinterland_2008.jpg","keywords":["Infrasteff","Steff Signer"],"articleSection":["B\u00fccher","Rezensionen"],"inLanguage":"it-IT"},{"@type":"WebPage","@id":"https:\/\/www.musikzeitung.ch\/rezensionen\/buecher-rezensionen\/2025\/03\/highmatt-geschichte","url":"https:\/\/www.musikzeitung.ch\/rezensionen\/buecher-rezensionen\/2025\/03\/highmatt-geschichte","name":"La storia di Highmatt - Giornale musicale svizzero","isPartOf":{"@id":"https:\/\/www.musikzeitung.ch\/#website"},"primaryImageOfPage":{"@id":"https:\/\/www.musikzeitung.ch\/rezensionen\/buecher-rezensionen\/2025\/03\/highmatt-geschichte#primaryimage"},"image":{"@id":"https:\/\/www.musikzeitung.ch\/rezensionen\/buecher-rezensionen\/2025\/03\/highmatt-geschichte#primaryimage"},"thumbnailUrl":"https:\/\/www.musikzeitung.ch\/wp-content\/uploads\/2025\/03\/Stefan_Signer_Highmatt_Dichter_im_Appenzellischen_Hinterland_2008.jpg","datePublished":"2025-03-22T08:00:02+00:00","description":"Hanspeter Sp\u00f6rri ha scritto una biografia completa del musicista di Appezell e artista multimediale Steff Signer.","breadcrumb":{"@id":"https:\/\/www.musikzeitung.ch\/rezensionen\/buecher-rezensionen\/2025\/03\/highmatt-geschichte#breadcrumb"},"inLanguage":"it-IT","potentialAction":[{"@type":"ReadAction","target":["https:\/\/www.musikzeitung.ch\/rezensionen\/buecher-rezensionen\/2025\/03\/highmatt-geschichte"]}]},{"@type":"ImageObject","inLanguage":"it-IT","@id":"https:\/\/www.musikzeitung.ch\/rezensionen\/buecher-rezensionen\/2025\/03\/highmatt-geschichte#primaryimage","url":"https:\/\/www.musikzeitung.ch\/wp-content\/uploads\/2025\/03\/Stefan_Signer_Highmatt_Dichter_im_Appenzellischen_Hinterland_2008.jpg","contentUrl":"https:\/\/www.musikzeitung.ch\/wp-content\/uploads\/2025\/03\/Stefan_Signer_Highmatt_Dichter_im_Appenzellischen_Hinterland_2008.jpg","width":847,"height":621,"caption":"IslBG"},{"@type":"BreadcrumbList","@id":"https:\/\/www.musikzeitung.ch\/rezensionen\/buecher-rezensionen\/2025\/03\/highmatt-geschichte#breadcrumb","itemListElement":[{"@type":"ListItem","position":1,"name":"Home","item":"https:\/\/www.musikzeitung.ch\/"},{"@type":"ListItem","position":2,"name":"Highmatt-Geschichte"}]},{"@type":"WebSite","@id":"https:\/\/www.musikzeitung.ch\/#website","url":"https:\/\/www.musikzeitung.ch\/","name":"Giornale musicale svizzero","description":"Il principale mensile interdisciplinare della Svizzera per le questioni musicali.","publisher":{"@id":"https:\/\/www.musikzeitung.ch\/#organization"},"potentialAction":[{"@type":"SearchAction","target":{"@type":"EntryPoint","urlTemplate":"https:\/\/www.musikzeitung.ch\/?s={search_term_string}"},"query-input":{"@type":"PropertyValueSpecification","valueRequired":true,"valueName":"search_term_string"}}],"inLanguage":"it-IT"},{"@type":"Organization","@id":"https:\/\/www.musikzeitung.ch\/#organization","name":"Giornale musicale svizzero","url":"https:\/\/www.musikzeitung.ch\/","logo":{"@type":"ImageObject","inLanguage":"it-IT","@id":"https:\/\/www.musikzeitung.ch\/#\/schema\/logo\/image\/","url":"https:\/\/www.musikzeitung.ch\/wp-content\/uploads\/2023\/01\/SMZ_Schriftzug_Sprache.png","contentUrl":"https:\/\/www.musikzeitung.ch\/wp-content\/uploads\/2023\/01\/SMZ_Schriftzug_Sprache.png","width":1400,"height":279,"caption":"Schweizer Musikzeitung"},"image":{"@id":"https:\/\/www.musikzeitung.ch\/#\/schema\/logo\/image\/"},"sameAs":["https:\/\/www.facebook.com\/SchweizerMusikzeitung\/","https:\/\/x.com\/smusikzeitung","https:\/\/www.instagram.com\/musikzeitung.ch\/"]},{"@type":"Person","@id":"https:\/\/www.musikzeitung.ch\/#\/schema\/person\/ea3d7b86bd7157c78c7ddd37f2f82b5b","name":"pia.schwab","image":{"@type":"ImageObject","inLanguage":"it-IT","@id":"https:\/\/secure.gravatar.com\/avatar\/d39d170de4c2d07e897fbc26cf9d890fc046285c742207b86d8ebabe5fcde2c4?s=96&d=mm&r=g","url":"https:\/\/secure.gravatar.com\/avatar\/d39d170de4c2d07e897fbc26cf9d890fc046285c742207b86d8ebabe5fcde2c4?s=96&d=mm&r=g","contentUrl":"https:\/\/secure.gravatar.com\/avatar\/d39d170de4c2d07e897fbc26cf9d890fc046285c742207b86d8ebabe5fcde2c4?s=96&d=mm&r=g","caption":"pia.schwab"},"url":"https:\/\/www.musikzeitung.ch\/it\/author\/pia-schwab"}]}},"publishpress_future_workflow_manual_trigger":{"enabledWorkflows":[]},"_links":{"self":[{"href":"https:\/\/www.musikzeitung.ch\/it\/wp-json\/wp\/v2\/posts\/63880","targetHints":{"allow":["GET"]}}],"collection":[{"href":"https:\/\/www.musikzeitung.ch\/it\/wp-json\/wp\/v2\/posts"}],"about":[{"href":"https:\/\/www.musikzeitung.ch\/it\/wp-json\/wp\/v2\/types\/post"}],"author":[{"embeddable":true,"href":"https:\/\/www.musikzeitung.ch\/it\/wp-json\/wp\/v2\/users\/29"}],"replies":[{"embeddable":true,"href":"https:\/\/www.musikzeitung.ch\/it\/wp-json\/wp\/v2\/comments?post=63880"}],"version-history":[{"count":5,"href":"https:\/\/www.musikzeitung.ch\/it\/wp-json\/wp\/v2\/posts\/63880\/revisions"}],"predecessor-version":[{"id":63889,"href":"https:\/\/www.musikzeitung.ch\/it\/wp-json\/wp\/v2\/posts\/63880\/revisions\/63889"}],"wp:featuredmedia":[{"embeddable":true,"href":"https:\/\/www.musikzeitung.ch\/it\/wp-json\/wp\/v2\/media\/63882"}],"wp:attachment":[{"href":"https:\/\/www.musikzeitung.ch\/it\/wp-json\/wp\/v2\/media?parent=63880"}],"wp:term":[{"taxonomy":"category","embeddable":true,"href":"https:\/\/www.musikzeitung.ch\/it\/wp-json\/wp\/v2\/categories?post=63880"},{"taxonomy":"post_tag","embeddable":true,"href":"https:\/\/www.musikzeitung.ch\/it\/wp-json\/wp\/v2\/tags?post=63880"}],"curies":[{"name":"wp","href":"https:\/\/api.w.org\/{rel}","templated":true}]}}