{"id":6392,"date":"2014-09-03T00:00:00","date_gmt":"2014-09-02T23:00:00","guid":{"rendered":"https:\/\/www.musikzeitung.ch\/allgemein\/mehr-als-zwoelf-toene\/"},"modified":"2024-08-13T15:12:12","modified_gmt":"2024-08-13T13:12:12","slug":"mehr-als-zwoelf-toene","status":"publish","type":"post","link":"https:\/\/www.musikzeitung.ch\/it\/rezensionen\/buecher-rezensionen\/2014\/09\/mehr-als-zwoelf-toene","title":{"rendered":"Pi\u00f9 di dodici toni"},"content":{"rendered":"<figure style=\"width: 554px\" class=\"wp-caption alignnone\"><img loading=\"lazy\" decoding=\"async\" src=\"https:\/\/www.musikzeitung.ch\/wp-content\/uploads\/2023\/01\/1024px-Palazzo_Barberini_fountain_and_loggia.jpg\" alt=\"\" width=\"554\" height=\"415\" \/><figcaption class=\"wp-caption-text\">Fontana di fronte a Palazzo Barberini a Roma. Foto: Anthony Majanlahti, flickr commons<\/figcaption><\/figure>\n<div class=\"text-section\">\n<p>Il duplice obiettivo di un'intonazione \"pura\" e di far rivivere la musica dell'antichit\u00e0 greca ha occupato compositori, teorici e costruttori di strumenti dal Rinascimento al XVIII secolo. Questo ha portato a numerose composizioni, alcune delle quali con notazioni innovative, e a strumenti a tastiera e a corda con tasti o tasti aggiuntivi. Martin Kirnbauer propone il termine \"polifonico\" per tutti questi esperimenti musicali con pi\u00f9 di dodici note. Egli sceglie un periodo particolarmente movimentato della secolare preoccupazione per la polifonia: la situazione a Roma sotto Papa Urbano VIII. Barberini (1623-1644). Kirnbauer esamina le circostanze pratiche dell'esecuzione della musica cromatica ed enarmonica e la portata del confronto con i generi antichi.<\/p>\n<p>In primo luogo, i resoconti di Andr\u00e9 Maugars sulla pratica della musica polifonica a Roma, pubblicati nel suo libro <em>Risposta a un curioso sul sentimento della musica d'Italia<\/em> sono inseriti nel loro contesto. Domenico Mazzocchi aveva appena pubblicato il suo <em>Dialoghi, e sonetti <\/em>e il suo <em>Madrigali a cinque voci <\/em>(entrambi pubblicati a Roma nel 1638). I loro luoghi di rappresentazione, i circoli intorno a Giulio Raimondo Mazzarini e al cardinale Francesco Barberini, sono descritti con i loro diversi punti di riferimento culturali. Giovanni Battista Doni forn\u00ec un quadro teorico per questi sforzi. Studi\u00f2 le scale antiche e realizz\u00f2 in parte i suoi progetti per nuovi strumenti a corda, a pizzico e a tastiera. In questo ambiente sono nate le musiche di Pietro Eredia, Luigi Rossi, Virgilio Mazzocchi e Pietro della Valle.<\/p>\n<p>Particolarmente degno di nota \u00e8 l'ensemble sperimentale di viole da gamba del cardinale Francesco Barberini. Nella sua \"accademia delle viole\", i \"madrigali al tavolino\" erano per lo pi\u00f9 eseguiti strumentalmente, non solo le opere di Carlo Gesualdo dell'inizio del secolo, ma anche nuove composizioni di Michelangelo Rossi, Domenico dal Pane e altri. Alessandro Scarlatti scriveva ancora opere in questo genere antiquato per la corte romana di Cristina di Svezia negli anni '80 del XVI secolo. Oltre ai suoi madrigali, ulteriori echi di musica polifonica si possono forse trovare nei movimenti lenti cromatici delle \"Sonate a quattro senza cembalo\" (<em>Sonata a quattro<\/em>a cura di Rosalind Halton, Edizione HH, Launton 2014). Diverse sezioni dell'enciclopedia di Athanasius Kircher <em>Musurgia Universalis<\/em> del 1650 con gli esempi musicali di Galeazzo Sabbatini e dell'imperatore Ferdinando III ivi stampati pu\u00f2 essere messo in relazione con la cerchia di Doni e Barberini.<\/p>\n<p>Il fatto che la tesi di abilitazione di Kirnbauer all'Universit\u00e0 di Basilea (2006) sia ora disponibile come terzo volume di una serie di pubblicazioni della Schola Cantorum Basiliensis indica gi\u00e0 il suo stretto legame con la pratica musicale. Il musicologo, che lavora come curatore di strumenti musicali presso il Museo della Musica di Basilea, ha anche sperimentato la musica polifonica nella pratica e ne ha supervisionato la registrazione in diversi CD (<em>Canzon del Principe<\/em> per Divox antiqua, <em>La Tavola Cromatica <\/em>per il suono surround, <em>Domenico Mazzocchi: Musiche sacre, e morali<\/em> per AS Musique). I dettagli tecnici delle accordature sono presentati con chiarezza; la descrizione del contesto storico-culturale e le numerose discussioni sulle opere caratterizzano il libro. L'ampia appendice contiene estratti pi\u00f9 lunghi, in alcuni casi intere opere di questo appassionante repertorio. Kirnbauer dimostra in modo convincente, come annunciato nella prefazione, che le testimonianze della musica polifonica sono \"pi\u00f9 che note a pi\u00e8 di pagina nella storiografia musicale\": Esse rappresentano un'espansione pratica dello spazio tonale con conseguenze di vasta portata per la composizione e la prassi esecutiva.<\/p>\n<\/div>\n<div class=\"text-section\">\n<dl class=\"picture media photo\">\n<dt><img decoding=\"async\" class=\"media photo aligncenter\" src=\"https:\/\/www.musikzeitung.ch\/wp-content\/uploads\/2023\/01\/KIr.jpg\" alt=\"Image \" \/><\/dt>\n<\/dl>\n<\/div>\n<div class=\"text-section\">\n<p><em>Martin Kirnbauer, Vielt\u00f6nige Musik: Spielarten chromatischer und enharmonischer Musik in Rom in der ersten H\u00e4fte des 17. Jahrhunderts, (=Schola Cantorum Basiliensis Scripta, Vol. 3), 405 p., Fr. 68.00, Schwabe, Basel 2013, ISBN 978-3-7965-2735-7<\/em><\/p>\n<\/div>","protected":false},"excerpt":{"rendered":"<p><strong>Le composizioni polifoniche sono pi\u00f9 che semplici note a pi\u00e8 di pagina nella storia della musica. Questo libro ne fornisce la prova e argomenta sulla base di esempi tratti dal Barocco romano.<\/strong><\/p>","protected":false},"author":1,"featured_media":6393,"comment_status":"closed","ping_status":"closed","sticky":false,"template":"","format":"standard","meta":{"_acf_changed":false,"_relevanssi_hide_post":"","_relevanssi_hide_content":"","_relevanssi_pin_for_all":"","_relevanssi_pin_keywords":"","_relevanssi_unpin_keywords":"","_relevanssi_related_keywords":"","_relevanssi_related_include_ids":"","_relevanssi_related_exclude_ids":"","_relevanssi_related_no_append":"","_relevanssi_related_not_related":"","_relevanssi_related_posts":"","_relevanssi_noindex_reason":"","pgc_sgb_lightbox_settings":"","footnotes":""},"categories":[1214,29],"tags":[],"class_list":["post-6392","post","type-post","status-publish","format-standard","has-post-thumbnail","hentry","category-buecher-rezensionen","category-rezensionen"],"acf":[],"yoast_head":"<!-- This site is optimized with the Yoast SEO plugin v27.4 - https:\/\/yoast.com\/product\/yoast-seo-wordpress\/ -->\n<title>Mehr als zw\u00f6lf T\u00f6ne - Schweizer Musikzeitung<\/title>\n<meta name=\"robots\" content=\"index, follow, max-snippet:-1, max-image-preview:large, max-video-preview:-1\" \/>\n<link rel=\"canonical\" href=\"https:\/\/www.musikzeitung.ch\/it\/rezensionen\/buecher-rezensionen\/2014\/09\/mehr-als-zwoelf-toene\/\" \/>\n<meta property=\"og:locale\" content=\"it_IT\" \/>\n<meta property=\"og:type\" content=\"article\" \/>\n<meta property=\"og:title\" content=\"Mehr als zw\u00f6lf T\u00f6ne - Schweizer Musikzeitung\" \/>\n<meta property=\"og:description\" content=\"Vielt\u00f6nige Kompositionen sind mehr als Fussnoten der Musikgeschichten. Dieses Buch erbringt den Beweis und argumentiert anhand von Beispielen aus dem r\u00f6mischen Barock.\" \/>\n<meta property=\"og:url\" content=\"https:\/\/www.musikzeitung.ch\/it\/rezensionen\/buecher-rezensionen\/2014\/09\/mehr-als-zwoelf-toene\/\" \/>\n<meta property=\"og:site_name\" content=\"Schweizer Musikzeitung\" \/>\n<meta property=\"article:publisher\" content=\"https:\/\/www.facebook.com\/SchweizerMusikzeitung\/\" \/>\n<meta property=\"article:published_time\" content=\"2014-09-02T23:00:00+00:00\" \/>\n<meta property=\"article:modified_time\" content=\"2024-08-13T13:12:12+00:00\" \/>\n<meta property=\"og:image\" content=\"https:\/\/www.musikzeitung.ch\/wp-content\/uploads\/2023\/01\/1024px-Palazzo_Barberini_fountain_and_loggia.jpg\" \/>\n\t<meta property=\"og:image:width\" content=\"554\" \/>\n\t<meta property=\"og:image:height\" content=\"415\" \/>\n\t<meta property=\"og:image:type\" content=\"image\/jpeg\" \/>\n<meta name=\"author\" content=\"Musikzeitung-Redaktion\" \/>\n<meta name=\"twitter:card\" content=\"summary_large_image\" \/>\n<meta name=\"twitter:creator\" content=\"@smusikzeitung\" \/>\n<meta name=\"twitter:site\" content=\"@smusikzeitung\" \/>\n<meta name=\"twitter:label1\" content=\"Scritto da\" \/>\n\t<meta name=\"twitter:data1\" content=\"Musikzeitung-Redaktion\" \/>\n\t<meta name=\"twitter:label2\" content=\"Tempo di lettura stimato\" \/>\n\t<meta name=\"twitter:data2\" content=\"4 minuti\" \/>\n<script type=\"application\/ld+json\" class=\"yoast-schema-graph\">{\"@context\":\"https:\\\/\\\/schema.org\",\"@graph\":[{\"@type\":\"Article\",\"@id\":\"https:\\\/\\\/www.musikzeitung.ch\\\/rezensionen\\\/buecher-rezensionen\\\/2014\\\/09\\\/mehr-als-zwoelf-toene#article\",\"isPartOf\":{\"@id\":\"https:\\\/\\\/www.musikzeitung.ch\\\/rezensionen\\\/buecher-rezensionen\\\/2014\\\/09\\\/mehr-als-zwoelf-toene\"},\"author\":{\"name\":\"Musikzeitung-Redaktion\",\"@id\":\"https:\\\/\\\/www.musikzeitung.ch\\\/#\\\/schema\\\/person\\\/b2fd892c800856270b9dcc6001265712\"},\"headline\":\"Mehr als zw\u00f6lf T\u00f6ne\",\"datePublished\":\"2014-09-02T23:00:00+00:00\",\"dateModified\":\"2024-08-13T13:12:12+00:00\",\"mainEntityOfPage\":{\"@id\":\"https:\\\/\\\/www.musikzeitung.ch\\\/rezensionen\\\/buecher-rezensionen\\\/2014\\\/09\\\/mehr-als-zwoelf-toene\"},\"wordCount\":596,\"publisher\":{\"@id\":\"https:\\\/\\\/www.musikzeitung.ch\\\/#organization\"},\"image\":{\"@id\":\"https:\\\/\\\/www.musikzeitung.ch\\\/rezensionen\\\/buecher-rezensionen\\\/2014\\\/09\\\/mehr-als-zwoelf-toene#primaryimage\"},\"thumbnailUrl\":\"https:\\\/\\\/www.musikzeitung.ch\\\/wp-content\\\/uploads\\\/2023\\\/01\\\/1024px-Palazzo_Barberini_fountain_and_loggia.jpg\",\"articleSection\":[\"B\u00fccher\",\"Rezensionen\"],\"inLanguage\":\"it-IT\"},{\"@type\":\"WebPage\",\"@id\":\"https:\\\/\\\/www.musikzeitung.ch\\\/rezensionen\\\/buecher-rezensionen\\\/2014\\\/09\\\/mehr-als-zwoelf-toene\",\"url\":\"https:\\\/\\\/www.musikzeitung.ch\\\/rezensionen\\\/buecher-rezensionen\\\/2014\\\/09\\\/mehr-als-zwoelf-toene\",\"name\":\"Mehr als zw\u00f6lf T\u00f6ne - Schweizer Musikzeitung\",\"isPartOf\":{\"@id\":\"https:\\\/\\\/www.musikzeitung.ch\\\/#website\"},\"primaryImageOfPage\":{\"@id\":\"https:\\\/\\\/www.musikzeitung.ch\\\/rezensionen\\\/buecher-rezensionen\\\/2014\\\/09\\\/mehr-als-zwoelf-toene#primaryimage\"},\"image\":{\"@id\":\"https:\\\/\\\/www.musikzeitung.ch\\\/rezensionen\\\/buecher-rezensionen\\\/2014\\\/09\\\/mehr-als-zwoelf-toene#primaryimage\"},\"thumbnailUrl\":\"https:\\\/\\\/www.musikzeitung.ch\\\/wp-content\\\/uploads\\\/2023\\\/01\\\/1024px-Palazzo_Barberini_fountain_and_loggia.jpg\",\"datePublished\":\"2014-09-02T23:00:00+00:00\",\"dateModified\":\"2024-08-13T13:12:12+00:00\",\"breadcrumb\":{\"@id\":\"https:\\\/\\\/www.musikzeitung.ch\\\/rezensionen\\\/buecher-rezensionen\\\/2014\\\/09\\\/mehr-als-zwoelf-toene#breadcrumb\"},\"inLanguage\":\"it-IT\",\"potentialAction\":[{\"@type\":\"ReadAction\",\"target\":[\"https:\\\/\\\/www.musikzeitung.ch\\\/rezensionen\\\/buecher-rezensionen\\\/2014\\\/09\\\/mehr-als-zwoelf-toene\"]}]},{\"@type\":\"ImageObject\",\"inLanguage\":\"it-IT\",\"@id\":\"https:\\\/\\\/www.musikzeitung.ch\\\/rezensionen\\\/buecher-rezensionen\\\/2014\\\/09\\\/mehr-als-zwoelf-toene#primaryimage\",\"url\":\"https:\\\/\\\/www.musikzeitung.ch\\\/wp-content\\\/uploads\\\/2023\\\/01\\\/1024px-Palazzo_Barberini_fountain_and_loggia.jpg\",\"contentUrl\":\"https:\\\/\\\/www.musikzeitung.ch\\\/wp-content\\\/uploads\\\/2023\\\/01\\\/1024px-Palazzo_Barberini_fountain_and_loggia.jpg\",\"width\":554,\"height\":415},{\"@type\":\"BreadcrumbList\",\"@id\":\"https:\\\/\\\/www.musikzeitung.ch\\\/rezensionen\\\/buecher-rezensionen\\\/2014\\\/09\\\/mehr-als-zwoelf-toene#breadcrumb\",\"itemListElement\":[{\"@type\":\"ListItem\",\"position\":1,\"name\":\"Home\",\"item\":\"https:\\\/\\\/www.musikzeitung.ch\\\/\"},{\"@type\":\"ListItem\",\"position\":2,\"name\":\"Mehr als zw\u00f6lf T\u00f6ne\"}]},{\"@type\":\"WebSite\",\"@id\":\"https:\\\/\\\/www.musikzeitung.ch\\\/#website\",\"url\":\"https:\\\/\\\/www.musikzeitung.ch\\\/\",\"name\":\"Schweizer Musikzeitung\",\"description\":\"Die f\u00fchrende sparten\u00fcbergreifende Monatszeitung in der Schweiz f\u00fcr musikalische Fragen.\",\"publisher\":{\"@id\":\"https:\\\/\\\/www.musikzeitung.ch\\\/#organization\"},\"potentialAction\":[{\"@type\":\"SearchAction\",\"target\":{\"@type\":\"EntryPoint\",\"urlTemplate\":\"https:\\\/\\\/www.musikzeitung.ch\\\/?s={search_term_string}\"},\"query-input\":{\"@type\":\"PropertyValueSpecification\",\"valueRequired\":true,\"valueName\":\"search_term_string\"}}],\"inLanguage\":\"it-IT\"},{\"@type\":\"Organization\",\"@id\":\"https:\\\/\\\/www.musikzeitung.ch\\\/#organization\",\"name\":\"Schweizer Musikzeitung\",\"url\":\"https:\\\/\\\/www.musikzeitung.ch\\\/\",\"logo\":{\"@type\":\"ImageObject\",\"inLanguage\":\"it-IT\",\"@id\":\"https:\\\/\\\/www.musikzeitung.ch\\\/#\\\/schema\\\/logo\\\/image\\\/\",\"url\":\"https:\\\/\\\/www.musikzeitung.ch\\\/wp-content\\\/uploads\\\/2023\\\/01\\\/SMZ_Schriftzug_Sprache.png\",\"contentUrl\":\"https:\\\/\\\/www.musikzeitung.ch\\\/wp-content\\\/uploads\\\/2023\\\/01\\\/SMZ_Schriftzug_Sprache.png\",\"width\":1400,\"height\":279,\"caption\":\"Schweizer Musikzeitung\"},\"image\":{\"@id\":\"https:\\\/\\\/www.musikzeitung.ch\\\/#\\\/schema\\\/logo\\\/image\\\/\"},\"sameAs\":[\"https:\\\/\\\/www.facebook.com\\\/SchweizerMusikzeitung\\\/\",\"https:\\\/\\\/x.com\\\/smusikzeitung\",\"https:\\\/\\\/www.instagram.com\\\/musikzeitung.ch\\\/\"]},{\"@type\":\"Person\",\"@id\":\"https:\\\/\\\/www.musikzeitung.ch\\\/#\\\/schema\\\/person\\\/b2fd892c800856270b9dcc6001265712\",\"name\":\"Musikzeitung-Redaktion\",\"image\":{\"@type\":\"ImageObject\",\"inLanguage\":\"it-IT\",\"@id\":\"https:\\\/\\\/www.musikzeitung.ch\\\/wp-content\\\/uploads\\\/2022\\\/05\\\/usericon_musikzeitung-96x96.jpg\",\"url\":\"https:\\\/\\\/www.musikzeitung.ch\\\/wp-content\\\/uploads\\\/2022\\\/05\\\/usericon_musikzeitung-96x96.jpg\",\"contentUrl\":\"https:\\\/\\\/www.musikzeitung.ch\\\/wp-content\\\/uploads\\\/2022\\\/05\\\/usericon_musikzeitung-96x96.jpg\",\"caption\":\"Musikzeitung-Redaktion\"},\"url\":\"https:\\\/\\\/www.musikzeitung.ch\\\/it\\\/author\\\/admin\"}]}<\/script>\n<!-- \/ Yoast SEO plugin. -->","yoast_head_json":{"title":"Pi\u00f9 di dodici note - Schweizer Musikzeitung","robots":{"index":"index","follow":"follow","max-snippet":"max-snippet:-1","max-image-preview":"max-image-preview:large","max-video-preview":"max-video-preview:-1"},"canonical":"https:\/\/www.musikzeitung.ch\/it\/rezensionen\/buecher-rezensionen\/2014\/09\/mehr-als-zwoelf-toene\/","og_locale":"it_IT","og_type":"article","og_title":"Mehr als zw\u00f6lf T\u00f6ne - Schweizer Musikzeitung","og_description":"Vielt\u00f6nige Kompositionen sind mehr als Fussnoten der Musikgeschichten. Dieses Buch erbringt den Beweis und argumentiert anhand von Beispielen aus dem r\u00f6mischen Barock.","og_url":"https:\/\/www.musikzeitung.ch\/it\/rezensionen\/buecher-rezensionen\/2014\/09\/mehr-als-zwoelf-toene\/","og_site_name":"Schweizer Musikzeitung","article_publisher":"https:\/\/www.facebook.com\/SchweizerMusikzeitung\/","article_published_time":"2014-09-02T23:00:00+00:00","article_modified_time":"2024-08-13T13:12:12+00:00","og_image":[{"width":554,"height":415,"url":"https:\/\/www.musikzeitung.ch\/wp-content\/uploads\/2023\/01\/1024px-Palazzo_Barberini_fountain_and_loggia.jpg","type":"image\/jpeg"}],"author":"Musikzeitung-Redaktion","twitter_card":"summary_large_image","twitter_creator":"@smusikzeitung","twitter_site":"@smusikzeitung","twitter_misc":{"Scritto da":"Musikzeitung-Redaktion","Tempo di lettura stimato":"4 minuti"},"schema":{"@context":"https:\/\/schema.org","@graph":[{"@type":"Article","@id":"https:\/\/www.musikzeitung.ch\/rezensionen\/buecher-rezensionen\/2014\/09\/mehr-als-zwoelf-toene#article","isPartOf":{"@id":"https:\/\/www.musikzeitung.ch\/rezensionen\/buecher-rezensionen\/2014\/09\/mehr-als-zwoelf-toene"},"author":{"name":"Musikzeitung-Redaktion","@id":"https:\/\/www.musikzeitung.ch\/#\/schema\/person\/b2fd892c800856270b9dcc6001265712"},"headline":"Mehr als zw\u00f6lf T\u00f6ne","datePublished":"2014-09-02T23:00:00+00:00","dateModified":"2024-08-13T13:12:12+00:00","mainEntityOfPage":{"@id":"https:\/\/www.musikzeitung.ch\/rezensionen\/buecher-rezensionen\/2014\/09\/mehr-als-zwoelf-toene"},"wordCount":596,"publisher":{"@id":"https:\/\/www.musikzeitung.ch\/#organization"},"image":{"@id":"https:\/\/www.musikzeitung.ch\/rezensionen\/buecher-rezensionen\/2014\/09\/mehr-als-zwoelf-toene#primaryimage"},"thumbnailUrl":"https:\/\/www.musikzeitung.ch\/wp-content\/uploads\/2023\/01\/1024px-Palazzo_Barberini_fountain_and_loggia.jpg","articleSection":["B\u00fccher","Rezensionen"],"inLanguage":"it-IT"},{"@type":"WebPage","@id":"https:\/\/www.musikzeitung.ch\/rezensionen\/buecher-rezensionen\/2014\/09\/mehr-als-zwoelf-toene","url":"https:\/\/www.musikzeitung.ch\/rezensionen\/buecher-rezensionen\/2014\/09\/mehr-als-zwoelf-toene","name":"Pi\u00f9 di dodici note - Schweizer Musikzeitung","isPartOf":{"@id":"https:\/\/www.musikzeitung.ch\/#website"},"primaryImageOfPage":{"@id":"https:\/\/www.musikzeitung.ch\/rezensionen\/buecher-rezensionen\/2014\/09\/mehr-als-zwoelf-toene#primaryimage"},"image":{"@id":"https:\/\/www.musikzeitung.ch\/rezensionen\/buecher-rezensionen\/2014\/09\/mehr-als-zwoelf-toene#primaryimage"},"thumbnailUrl":"https:\/\/www.musikzeitung.ch\/wp-content\/uploads\/2023\/01\/1024px-Palazzo_Barberini_fountain_and_loggia.jpg","datePublished":"2014-09-02T23:00:00+00:00","dateModified":"2024-08-13T13:12:12+00:00","breadcrumb":{"@id":"https:\/\/www.musikzeitung.ch\/rezensionen\/buecher-rezensionen\/2014\/09\/mehr-als-zwoelf-toene#breadcrumb"},"inLanguage":"it-IT","potentialAction":[{"@type":"ReadAction","target":["https:\/\/www.musikzeitung.ch\/rezensionen\/buecher-rezensionen\/2014\/09\/mehr-als-zwoelf-toene"]}]},{"@type":"ImageObject","inLanguage":"it-IT","@id":"https:\/\/www.musikzeitung.ch\/rezensionen\/buecher-rezensionen\/2014\/09\/mehr-als-zwoelf-toene#primaryimage","url":"https:\/\/www.musikzeitung.ch\/wp-content\/uploads\/2023\/01\/1024px-Palazzo_Barberini_fountain_and_loggia.jpg","contentUrl":"https:\/\/www.musikzeitung.ch\/wp-content\/uploads\/2023\/01\/1024px-Palazzo_Barberini_fountain_and_loggia.jpg","width":554,"height":415},{"@type":"BreadcrumbList","@id":"https:\/\/www.musikzeitung.ch\/rezensionen\/buecher-rezensionen\/2014\/09\/mehr-als-zwoelf-toene#breadcrumb","itemListElement":[{"@type":"ListItem","position":1,"name":"Home","item":"https:\/\/www.musikzeitung.ch\/"},{"@type":"ListItem","position":2,"name":"Mehr als zw\u00f6lf T\u00f6ne"}]},{"@type":"WebSite","@id":"https:\/\/www.musikzeitung.ch\/#website","url":"https:\/\/www.musikzeitung.ch\/","name":"Giornale musicale svizzero","description":"Il principale mensile interdisciplinare della Svizzera per le questioni musicali.","publisher":{"@id":"https:\/\/www.musikzeitung.ch\/#organization"},"potentialAction":[{"@type":"SearchAction","target":{"@type":"EntryPoint","urlTemplate":"https:\/\/www.musikzeitung.ch\/?s={search_term_string}"},"query-input":{"@type":"PropertyValueSpecification","valueRequired":true,"valueName":"search_term_string"}}],"inLanguage":"it-IT"},{"@type":"Organization","@id":"https:\/\/www.musikzeitung.ch\/#organization","name":"Giornale musicale svizzero","url":"https:\/\/www.musikzeitung.ch\/","logo":{"@type":"ImageObject","inLanguage":"it-IT","@id":"https:\/\/www.musikzeitung.ch\/#\/schema\/logo\/image\/","url":"https:\/\/www.musikzeitung.ch\/wp-content\/uploads\/2023\/01\/SMZ_Schriftzug_Sprache.png","contentUrl":"https:\/\/www.musikzeitung.ch\/wp-content\/uploads\/2023\/01\/SMZ_Schriftzug_Sprache.png","width":1400,"height":279,"caption":"Schweizer Musikzeitung"},"image":{"@id":"https:\/\/www.musikzeitung.ch\/#\/schema\/logo\/image\/"},"sameAs":["https:\/\/www.facebook.com\/SchweizerMusikzeitung\/","https:\/\/x.com\/smusikzeitung","https:\/\/www.instagram.com\/musikzeitung.ch\/"]},{"@type":"Person","@id":"https:\/\/www.musikzeitung.ch\/#\/schema\/person\/b2fd892c800856270b9dcc6001265712","name":"Redazione Musikzeitung","image":{"@type":"ImageObject","inLanguage":"it-IT","@id":"https:\/\/www.musikzeitung.ch\/wp-content\/uploads\/2022\/05\/usericon_musikzeitung-96x96.jpg","url":"https:\/\/www.musikzeitung.ch\/wp-content\/uploads\/2022\/05\/usericon_musikzeitung-96x96.jpg","contentUrl":"https:\/\/www.musikzeitung.ch\/wp-content\/uploads\/2022\/05\/usericon_musikzeitung-96x96.jpg","caption":"Musikzeitung-Redaktion"},"url":"https:\/\/www.musikzeitung.ch\/it\/author\/admin"}]}},"publishpress_future_workflow_manual_trigger":{"enabledWorkflows":[]},"_links":{"self":[{"href":"https:\/\/www.musikzeitung.ch\/it\/wp-json\/wp\/v2\/posts\/6392","targetHints":{"allow":["GET"]}}],"collection":[{"href":"https:\/\/www.musikzeitung.ch\/it\/wp-json\/wp\/v2\/posts"}],"about":[{"href":"https:\/\/www.musikzeitung.ch\/it\/wp-json\/wp\/v2\/types\/post"}],"author":[{"embeddable":true,"href":"https:\/\/www.musikzeitung.ch\/it\/wp-json\/wp\/v2\/users\/1"}],"replies":[{"embeddable":true,"href":"https:\/\/www.musikzeitung.ch\/it\/wp-json\/wp\/v2\/comments?post=6392"}],"version-history":[{"count":2,"href":"https:\/\/www.musikzeitung.ch\/it\/wp-json\/wp\/v2\/posts\/6392\/revisions"}],"predecessor-version":[{"id":56695,"href":"https:\/\/www.musikzeitung.ch\/it\/wp-json\/wp\/v2\/posts\/6392\/revisions\/56695"}],"wp:featuredmedia":[{"embeddable":true,"href":"https:\/\/www.musikzeitung.ch\/it\/wp-json\/wp\/v2\/media\/6393"}],"wp:attachment":[{"href":"https:\/\/www.musikzeitung.ch\/it\/wp-json\/wp\/v2\/media?parent=6392"}],"wp:term":[{"taxonomy":"category","embeddable":true,"href":"https:\/\/www.musikzeitung.ch\/it\/wp-json\/wp\/v2\/categories?post=6392"},{"taxonomy":"post_tag","embeddable":true,"href":"https:\/\/www.musikzeitung.ch\/it\/wp-json\/wp\/v2\/tags?post=6392"}],"curies":[{"name":"wp","href":"https:\/\/api.w.org\/{rel}","templated":true}]}}