{"id":63963,"date":"2025-03-21T06:15:57","date_gmt":"2025-03-21T05:15:57","guid":{"rendered":"https:\/\/www.musikzeitung.ch\/?p=63963"},"modified":"2025-03-25T07:54:18","modified_gmt":"2025-03-25T06:54:18","slug":"mirjam-skal-mit-deutschem-dokumentarfilm-musikpreis-2025-ausgezeichnet","status":"publish","type":"post","link":"https:\/\/www.musikzeitung.ch\/it\/news\/2025\/03\/mirjam-skal-mit-deutschem-dokumentarfilm-musikpreis-2025-ausgezeichnet","title":{"rendered":"Mirjam Skal premiata con il German Documentary Film Music Award 2025"},"content":{"rendered":"<figure id=\"attachment_63964\" aria-describedby=\"caption-attachment-63964\" style=\"width: 768px\" class=\"wp-caption alignnone\"><img loading=\"lazy\" decoding=\"async\" class=\"size-large wp-image-63964\" src=\"https:\/\/www.musikzeitung.ch\/wp-content\/uploads\/2025\/03\/250321skal-1024x567.jpg\" alt=\"\" width=\"768\" height=\"425\" srcset=\"https:\/\/www.musikzeitung.ch\/wp-content\/uploads\/2025\/03\/250321skal-1024x567.jpg 1024w, https:\/\/www.musikzeitung.ch\/wp-content\/uploads\/2025\/03\/250321skal-300x166.jpg 300w, https:\/\/www.musikzeitung.ch\/wp-content\/uploads\/2025\/03\/250321skal-768x425.jpg 768w, https:\/\/www.musikzeitung.ch\/wp-content\/uploads\/2025\/03\/250321skal-18x10.jpg 18w, https:\/\/www.musikzeitung.ch\/wp-content\/uploads\/2025\/03\/250321skal-316x175.jpg 316w, https:\/\/www.musikzeitung.ch\/wp-content\/uploads\/2025\/03\/250321skal-632x350.jpg 632w, https:\/\/www.musikzeitung.ch\/wp-content\/uploads\/2025\/03\/250321skal-920x510.jpg 920w, https:\/\/www.musikzeitung.ch\/wp-content\/uploads\/2025\/03\/250321skal.jpg 1280w\" sizes=\"auto, (max-width: 768px) 100vw, 768px\" \/><figcaption id=\"caption-attachment-63964\" class=\"wp-caption-text\">Mirjam Skal (Immagine: ZHdK)<\/figcaption><\/figure>\n<p>Nel film documentario \"Vracht\", il giovane marinaio Rudmer lavora su una nave portacontainer e sogna di diventare un giorno capitano. Secondo la giuria, l'interazione tra i livelli visivo e acustico del film \u00e8 perfetta. \u00c8 un film coinvolgente per gli occhi e per le orecchie, in cui le singole voci artistiche della regia, della macchina da presa, del montaggio e della musica sono diventate un'armonia.<\/p>\n<p>Mirjam Skal, nata nel 1996, \u00e8 una compositrice multimediale freelance di Zurigo. Ha studiato composizione per film, teatro e media all'Universit\u00e0 delle Arti di Zurigo e ha composto numerose colonne sonore per cortometraggi, giochi, spot pubblicitari e documentari, per la radio e la televisione. Nel 2021 ha fatto parte dei Talenti della Berlinale. \u00c8 stata premiata con lo Zollinger Art Prize, il Rolf-Hans M\u00fcller Prize per la migliore musica da film alla Televisionale Baden-Baden e altri riconoscimenti.<\/p>\n<p>Il Premio tedesco per la musica dei film documentari viene assegnato dal 2019 nell'ambito del DOK.fest di Monaco, il pi\u00f9 grande festival di film documentari in Germania. \u00c8 sponsorizzato da Versicherungskammer Kultur, ha una dotazione di 5000 euro ed \u00e8 sostenuto dall'Associazione tedesca dei compositori.<\/p>\n<p>&nbsp;<\/p>","protected":false},"excerpt":{"rendered":"<p>La compositrice svizzera Mirjam Skal riceve il German Documentary Film Music Award 2025 per le musiche del film \"Vracht\".<\/p>","protected":false},"author":30,"featured_media":63964,"comment_status":"closed","ping_status":"closed","sticky":false,"template":"","format":"standard","meta":{"_acf_changed":false,"_relevanssi_hide_post":"","_relevanssi_hide_content":"","_relevanssi_pin_for_all":"","_relevanssi_pin_keywords":"","_relevanssi_unpin_keywords":"","_relevanssi_related_keywords":"","_relevanssi_related_include_ids":"","_relevanssi_related_exclude_ids":"","_relevanssi_related_no_append":"","_relevanssi_related_not_related":"","_relevanssi_related_posts":"","_relevanssi_noindex_reason":"","pgc_sgb_lightbox_settings":"","footnotes":""},"categories":[27],"tags":[4816,4617],"class_list":["post-63963","post","type-post","status-publish","format-standard","has-post-thumbnail","hentry","category-news","tag-deutscher-dokumentarfilm-musikpreis","tag-mirjam-skal"],"acf":[],"yoast_head":"<!-- This site is optimized with the Yoast SEO plugin v27.4 - https:\/\/yoast.com\/product\/yoast-seo-wordpress\/ -->\n<title>Mirjam Skal mit Deutschem Dokumentarfilm-Musikpreis 2025 ausgezeichnet - Schweizer Musikzeitung<\/title>\n<meta name=\"description\" content=\"Die Schweizer Komponistin Mirjam Skal erh\u00e4lt den Deutschen Dokumentarfilm-Musikpreis 2025 f\u00fcr ihre Musik zu dem Film \u00abVracht\u00bb .\" \/>\n<meta name=\"robots\" content=\"index, follow, max-snippet:-1, max-image-preview:large, max-video-preview:-1\" \/>\n<link rel=\"canonical\" href=\"https:\/\/www.musikzeitung.ch\/it\/news\/2025\/03\/mirjam-skal-mit-deutschem-dokumentarfilm-musikpreis-2025-ausgezeichnet\/\" \/>\n<meta property=\"og:locale\" content=\"it_IT\" \/>\n<meta property=\"og:type\" content=\"article\" \/>\n<meta property=\"og:title\" content=\"Mirjam Skal mit Deutschem Dokumentarfilm-Musikpreis 2025 ausgezeichnet - Schweizer Musikzeitung\" \/>\n<meta property=\"og:description\" content=\"Die Schweizer Komponistin Mirjam Skal erh\u00e4lt den Deutschen Dokumentarfilm-Musikpreis 2025 f\u00fcr ihre Musik zu dem Film \u00abVracht\u00bb .\" \/>\n<meta property=\"og:url\" content=\"https:\/\/www.musikzeitung.ch\/it\/news\/2025\/03\/mirjam-skal-mit-deutschem-dokumentarfilm-musikpreis-2025-ausgezeichnet\/\" \/>\n<meta property=\"og:site_name\" content=\"Schweizer Musikzeitung\" \/>\n<meta property=\"article:publisher\" content=\"https:\/\/www.facebook.com\/SchweizerMusikzeitung\/\" \/>\n<meta property=\"article:author\" content=\"https:\/\/www.facebook.com\/wolfgang.bohler.75\" \/>\n<meta property=\"article:published_time\" content=\"2025-03-21T05:15:57+00:00\" \/>\n<meta property=\"article:modified_time\" content=\"2025-03-25T06:54:18+00:00\" \/>\n<meta property=\"og:image\" content=\"https:\/\/www.musikzeitung.ch\/wp-content\/uploads\/2025\/03\/250321skal.jpg\" \/>\n\t<meta property=\"og:image:width\" content=\"1280\" \/>\n\t<meta property=\"og:image:height\" content=\"709\" \/>\n\t<meta property=\"og:image:type\" content=\"image\/jpeg\" \/>\n<meta name=\"author\" content=\"Wolfgang B\u00f6hler\" \/>\n<meta name=\"twitter:card\" content=\"summary_large_image\" \/>\n<meta name=\"twitter:creator\" content=\"@smusikzeitung\" \/>\n<meta name=\"twitter:site\" content=\"@smusikzeitung\" \/>\n<meta name=\"twitter:label1\" content=\"Scritto da\" \/>\n\t<meta name=\"twitter:data1\" content=\"Wolfgang B\u00f6hler\" \/>\n\t<meta name=\"twitter:label2\" content=\"Tempo di lettura stimato\" \/>\n\t<meta name=\"twitter:data2\" content=\"2 minuti\" \/>\n<script type=\"application\/ld+json\" class=\"yoast-schema-graph\">{\"@context\":\"https:\\\/\\\/schema.org\",\"@graph\":[{\"@type\":\"Article\",\"@id\":\"https:\\\/\\\/www.musikzeitung.ch\\\/news\\\/2025\\\/03\\\/mirjam-skal-mit-deutschem-dokumentarfilm-musikpreis-2025-ausgezeichnet#article\",\"isPartOf\":{\"@id\":\"https:\\\/\\\/www.musikzeitung.ch\\\/news\\\/2025\\\/03\\\/mirjam-skal-mit-deutschem-dokumentarfilm-musikpreis-2025-ausgezeichnet\"},\"author\":{\"name\":\"Wolfgang B\u00f6hler\",\"@id\":\"https:\\\/\\\/www.musikzeitung.ch\\\/#\\\/schema\\\/person\\\/0da4fb82d243f1252850a35d0e87cf0c\"},\"headline\":\"Mirjam Skal mit Deutschem Dokumentarfilm-Musikpreis 2025 ausgezeichnet\",\"datePublished\":\"2025-03-21T05:15:57+00:00\",\"dateModified\":\"2025-03-25T06:54:18+00:00\",\"mainEntityOfPage\":{\"@id\":\"https:\\\/\\\/www.musikzeitung.ch\\\/news\\\/2025\\\/03\\\/mirjam-skal-mit-deutschem-dokumentarfilm-musikpreis-2025-ausgezeichnet\"},\"wordCount\":192,\"publisher\":{\"@id\":\"https:\\\/\\\/www.musikzeitung.ch\\\/#organization\"},\"image\":{\"@id\":\"https:\\\/\\\/www.musikzeitung.ch\\\/news\\\/2025\\\/03\\\/mirjam-skal-mit-deutschem-dokumentarfilm-musikpreis-2025-ausgezeichnet#primaryimage\"},\"thumbnailUrl\":\"https:\\\/\\\/www.musikzeitung.ch\\\/wp-content\\\/uploads\\\/2025\\\/03\\\/250321skal.jpg\",\"keywords\":[\"Deutscher Dokumentarfilm-Musikpreis\",\"Mirjam Skal\"],\"articleSection\":[\"News\"],\"inLanguage\":\"it-IT\"},{\"@type\":\"WebPage\",\"@id\":\"https:\\\/\\\/www.musikzeitung.ch\\\/news\\\/2025\\\/03\\\/mirjam-skal-mit-deutschem-dokumentarfilm-musikpreis-2025-ausgezeichnet\",\"url\":\"https:\\\/\\\/www.musikzeitung.ch\\\/news\\\/2025\\\/03\\\/mirjam-skal-mit-deutschem-dokumentarfilm-musikpreis-2025-ausgezeichnet\",\"name\":\"Mirjam Skal mit Deutschem Dokumentarfilm-Musikpreis 2025 ausgezeichnet - Schweizer Musikzeitung\",\"isPartOf\":{\"@id\":\"https:\\\/\\\/www.musikzeitung.ch\\\/#website\"},\"primaryImageOfPage\":{\"@id\":\"https:\\\/\\\/www.musikzeitung.ch\\\/news\\\/2025\\\/03\\\/mirjam-skal-mit-deutschem-dokumentarfilm-musikpreis-2025-ausgezeichnet#primaryimage\"},\"image\":{\"@id\":\"https:\\\/\\\/www.musikzeitung.ch\\\/news\\\/2025\\\/03\\\/mirjam-skal-mit-deutschem-dokumentarfilm-musikpreis-2025-ausgezeichnet#primaryimage\"},\"thumbnailUrl\":\"https:\\\/\\\/www.musikzeitung.ch\\\/wp-content\\\/uploads\\\/2025\\\/03\\\/250321skal.jpg\",\"datePublished\":\"2025-03-21T05:15:57+00:00\",\"dateModified\":\"2025-03-25T06:54:18+00:00\",\"description\":\"Die Schweizer Komponistin Mirjam Skal erh\u00e4lt den Deutschen Dokumentarfilm-Musikpreis 2025 f\u00fcr ihre Musik zu dem Film \u00abVracht\u00bb .\",\"breadcrumb\":{\"@id\":\"https:\\\/\\\/www.musikzeitung.ch\\\/news\\\/2025\\\/03\\\/mirjam-skal-mit-deutschem-dokumentarfilm-musikpreis-2025-ausgezeichnet#breadcrumb\"},\"inLanguage\":\"it-IT\",\"potentialAction\":[{\"@type\":\"ReadAction\",\"target\":[\"https:\\\/\\\/www.musikzeitung.ch\\\/news\\\/2025\\\/03\\\/mirjam-skal-mit-deutschem-dokumentarfilm-musikpreis-2025-ausgezeichnet\"]}]},{\"@type\":\"ImageObject\",\"inLanguage\":\"it-IT\",\"@id\":\"https:\\\/\\\/www.musikzeitung.ch\\\/news\\\/2025\\\/03\\\/mirjam-skal-mit-deutschem-dokumentarfilm-musikpreis-2025-ausgezeichnet#primaryimage\",\"url\":\"https:\\\/\\\/www.musikzeitung.ch\\\/wp-content\\\/uploads\\\/2025\\\/03\\\/250321skal.jpg\",\"contentUrl\":\"https:\\\/\\\/www.musikzeitung.ch\\\/wp-content\\\/uploads\\\/2025\\\/03\\\/250321skal.jpg\",\"width\":1280,\"height\":709,\"caption\":\"Mirjam Skal (Bild: ZHdK)\"},{\"@type\":\"BreadcrumbList\",\"@id\":\"https:\\\/\\\/www.musikzeitung.ch\\\/news\\\/2025\\\/03\\\/mirjam-skal-mit-deutschem-dokumentarfilm-musikpreis-2025-ausgezeichnet#breadcrumb\",\"itemListElement\":[{\"@type\":\"ListItem\",\"position\":1,\"name\":\"Home\",\"item\":\"https:\\\/\\\/www.musikzeitung.ch\\\/\"},{\"@type\":\"ListItem\",\"position\":2,\"name\":\"Mirjam Skal mit Deutschem Dokumentarfilm-Musikpreis 2025 ausgezeichnet\"}]},{\"@type\":\"WebSite\",\"@id\":\"https:\\\/\\\/www.musikzeitung.ch\\\/#website\",\"url\":\"https:\\\/\\\/www.musikzeitung.ch\\\/\",\"name\":\"Schweizer Musikzeitung\",\"description\":\"Die f\u00fchrende sparten\u00fcbergreifende Monatszeitung in der Schweiz f\u00fcr musikalische Fragen.\",\"publisher\":{\"@id\":\"https:\\\/\\\/www.musikzeitung.ch\\\/#organization\"},\"potentialAction\":[{\"@type\":\"SearchAction\",\"target\":{\"@type\":\"EntryPoint\",\"urlTemplate\":\"https:\\\/\\\/www.musikzeitung.ch\\\/?s={search_term_string}\"},\"query-input\":{\"@type\":\"PropertyValueSpecification\",\"valueRequired\":true,\"valueName\":\"search_term_string\"}}],\"inLanguage\":\"it-IT\"},{\"@type\":\"Organization\",\"@id\":\"https:\\\/\\\/www.musikzeitung.ch\\\/#organization\",\"name\":\"Schweizer Musikzeitung\",\"url\":\"https:\\\/\\\/www.musikzeitung.ch\\\/\",\"logo\":{\"@type\":\"ImageObject\",\"inLanguage\":\"it-IT\",\"@id\":\"https:\\\/\\\/www.musikzeitung.ch\\\/#\\\/schema\\\/logo\\\/image\\\/\",\"url\":\"https:\\\/\\\/www.musikzeitung.ch\\\/wp-content\\\/uploads\\\/2023\\\/01\\\/SMZ_Schriftzug_Sprache.png\",\"contentUrl\":\"https:\\\/\\\/www.musikzeitung.ch\\\/wp-content\\\/uploads\\\/2023\\\/01\\\/SMZ_Schriftzug_Sprache.png\",\"width\":1400,\"height\":279,\"caption\":\"Schweizer Musikzeitung\"},\"image\":{\"@id\":\"https:\\\/\\\/www.musikzeitung.ch\\\/#\\\/schema\\\/logo\\\/image\\\/\"},\"sameAs\":[\"https:\\\/\\\/www.facebook.com\\\/SchweizerMusikzeitung\\\/\",\"https:\\\/\\\/x.com\\\/smusikzeitung\",\"https:\\\/\\\/www.instagram.com\\\/musikzeitung.ch\\\/\"]},{\"@type\":\"Person\",\"@id\":\"https:\\\/\\\/www.musikzeitung.ch\\\/#\\\/schema\\\/person\\\/0da4fb82d243f1252850a35d0e87cf0c\",\"name\":\"Wolfgang B\u00f6hler\",\"image\":{\"@type\":\"ImageObject\",\"inLanguage\":\"it-IT\",\"@id\":\"https:\\\/\\\/www.musikzeitung.ch\\\/wp-content\\\/uploads\\\/2023\\\/01\\\/boehler_portraet_web-e1674139782246-96x96.jpg\",\"url\":\"https:\\\/\\\/www.musikzeitung.ch\\\/wp-content\\\/uploads\\\/2023\\\/01\\\/boehler_portraet_web-e1674139782246-96x96.jpg\",\"contentUrl\":\"https:\\\/\\\/www.musikzeitung.ch\\\/wp-content\\\/uploads\\\/2023\\\/01\\\/boehler_portraet_web-e1674139782246-96x96.jpg\",\"caption\":\"Wolfgang B\u00f6hler\"},\"sameAs\":[\"http:\\\/\\\/www.manacanto.ch\",\"https:\\\/\\\/www.facebook.com\\\/wolfgang.bohler.75\"],\"url\":\"https:\\\/\\\/www.musikzeitung.ch\\\/it\\\/author\\\/wolfgang-boehler\"}]}<\/script>\n<!-- \/ Yoast SEO plugin. -->","yoast_head_json":{"title":"Mirjam Skal \u00e8 stata premiata con il German Documentary Film Music Award 2025 - Schweizer Musikzeitung","description":"La compositrice svizzera Mirjam Skal riceve il German Documentary Film Music Award 2025 per le musiche del film \"Vracht\".","robots":{"index":"index","follow":"follow","max-snippet":"max-snippet:-1","max-image-preview":"max-image-preview:large","max-video-preview":"max-video-preview:-1"},"canonical":"https:\/\/www.musikzeitung.ch\/it\/news\/2025\/03\/mirjam-skal-mit-deutschem-dokumentarfilm-musikpreis-2025-ausgezeichnet\/","og_locale":"it_IT","og_type":"article","og_title":"Mirjam Skal mit Deutschem Dokumentarfilm-Musikpreis 2025 ausgezeichnet - Schweizer Musikzeitung","og_description":"Die Schweizer Komponistin Mirjam Skal erh\u00e4lt den Deutschen Dokumentarfilm-Musikpreis 2025 f\u00fcr ihre Musik zu dem Film \u00abVracht\u00bb .","og_url":"https:\/\/www.musikzeitung.ch\/it\/news\/2025\/03\/mirjam-skal-mit-deutschem-dokumentarfilm-musikpreis-2025-ausgezeichnet\/","og_site_name":"Schweizer Musikzeitung","article_publisher":"https:\/\/www.facebook.com\/SchweizerMusikzeitung\/","article_author":"https:\/\/www.facebook.com\/wolfgang.bohler.75","article_published_time":"2025-03-21T05:15:57+00:00","article_modified_time":"2025-03-25T06:54:18+00:00","og_image":[{"width":1280,"height":709,"url":"https:\/\/www.musikzeitung.ch\/wp-content\/uploads\/2025\/03\/250321skal.jpg","type":"image\/jpeg"}],"author":"Wolfgang B\u00f6hler","twitter_card":"summary_large_image","twitter_creator":"@smusikzeitung","twitter_site":"@smusikzeitung","twitter_misc":{"Scritto da":"Wolfgang B\u00f6hler","Tempo di lettura stimato":"2 minuti"},"schema":{"@context":"https:\/\/schema.org","@graph":[{"@type":"Article","@id":"https:\/\/www.musikzeitung.ch\/news\/2025\/03\/mirjam-skal-mit-deutschem-dokumentarfilm-musikpreis-2025-ausgezeichnet#article","isPartOf":{"@id":"https:\/\/www.musikzeitung.ch\/news\/2025\/03\/mirjam-skal-mit-deutschem-dokumentarfilm-musikpreis-2025-ausgezeichnet"},"author":{"name":"Wolfgang B\u00f6hler","@id":"https:\/\/www.musikzeitung.ch\/#\/schema\/person\/0da4fb82d243f1252850a35d0e87cf0c"},"headline":"Mirjam Skal mit Deutschem Dokumentarfilm-Musikpreis 2025 ausgezeichnet","datePublished":"2025-03-21T05:15:57+00:00","dateModified":"2025-03-25T06:54:18+00:00","mainEntityOfPage":{"@id":"https:\/\/www.musikzeitung.ch\/news\/2025\/03\/mirjam-skal-mit-deutschem-dokumentarfilm-musikpreis-2025-ausgezeichnet"},"wordCount":192,"publisher":{"@id":"https:\/\/www.musikzeitung.ch\/#organization"},"image":{"@id":"https:\/\/www.musikzeitung.ch\/news\/2025\/03\/mirjam-skal-mit-deutschem-dokumentarfilm-musikpreis-2025-ausgezeichnet#primaryimage"},"thumbnailUrl":"https:\/\/www.musikzeitung.ch\/wp-content\/uploads\/2025\/03\/250321skal.jpg","keywords":["Deutscher Dokumentarfilm-Musikpreis","Mirjam Skal"],"articleSection":["News"],"inLanguage":"it-IT"},{"@type":"WebPage","@id":"https:\/\/www.musikzeitung.ch\/news\/2025\/03\/mirjam-skal-mit-deutschem-dokumentarfilm-musikpreis-2025-ausgezeichnet","url":"https:\/\/www.musikzeitung.ch\/news\/2025\/03\/mirjam-skal-mit-deutschem-dokumentarfilm-musikpreis-2025-ausgezeichnet","name":"Mirjam Skal \u00e8 stata premiata con il German Documentary Film Music Award 2025 - Schweizer Musikzeitung","isPartOf":{"@id":"https:\/\/www.musikzeitung.ch\/#website"},"primaryImageOfPage":{"@id":"https:\/\/www.musikzeitung.ch\/news\/2025\/03\/mirjam-skal-mit-deutschem-dokumentarfilm-musikpreis-2025-ausgezeichnet#primaryimage"},"image":{"@id":"https:\/\/www.musikzeitung.ch\/news\/2025\/03\/mirjam-skal-mit-deutschem-dokumentarfilm-musikpreis-2025-ausgezeichnet#primaryimage"},"thumbnailUrl":"https:\/\/www.musikzeitung.ch\/wp-content\/uploads\/2025\/03\/250321skal.jpg","datePublished":"2025-03-21T05:15:57+00:00","dateModified":"2025-03-25T06:54:18+00:00","description":"La compositrice svizzera Mirjam Skal riceve il German Documentary Film Music Award 2025 per le musiche del film \"Vracht\".","breadcrumb":{"@id":"https:\/\/www.musikzeitung.ch\/news\/2025\/03\/mirjam-skal-mit-deutschem-dokumentarfilm-musikpreis-2025-ausgezeichnet#breadcrumb"},"inLanguage":"it-IT","potentialAction":[{"@type":"ReadAction","target":["https:\/\/www.musikzeitung.ch\/news\/2025\/03\/mirjam-skal-mit-deutschem-dokumentarfilm-musikpreis-2025-ausgezeichnet"]}]},{"@type":"ImageObject","inLanguage":"it-IT","@id":"https:\/\/www.musikzeitung.ch\/news\/2025\/03\/mirjam-skal-mit-deutschem-dokumentarfilm-musikpreis-2025-ausgezeichnet#primaryimage","url":"https:\/\/www.musikzeitung.ch\/wp-content\/uploads\/2025\/03\/250321skal.jpg","contentUrl":"https:\/\/www.musikzeitung.ch\/wp-content\/uploads\/2025\/03\/250321skal.jpg","width":1280,"height":709,"caption":"Mirjam Skal (Bild: ZHdK)"},{"@type":"BreadcrumbList","@id":"https:\/\/www.musikzeitung.ch\/news\/2025\/03\/mirjam-skal-mit-deutschem-dokumentarfilm-musikpreis-2025-ausgezeichnet#breadcrumb","itemListElement":[{"@type":"ListItem","position":1,"name":"Home","item":"https:\/\/www.musikzeitung.ch\/"},{"@type":"ListItem","position":2,"name":"Mirjam Skal mit Deutschem Dokumentarfilm-Musikpreis 2025 ausgezeichnet"}]},{"@type":"WebSite","@id":"https:\/\/www.musikzeitung.ch\/#website","url":"https:\/\/www.musikzeitung.ch\/","name":"Giornale musicale svizzero","description":"Il principale mensile interdisciplinare della Svizzera per le questioni musicali.","publisher":{"@id":"https:\/\/www.musikzeitung.ch\/#organization"},"potentialAction":[{"@type":"SearchAction","target":{"@type":"EntryPoint","urlTemplate":"https:\/\/www.musikzeitung.ch\/?s={search_term_string}"},"query-input":{"@type":"PropertyValueSpecification","valueRequired":true,"valueName":"search_term_string"}}],"inLanguage":"it-IT"},{"@type":"Organization","@id":"https:\/\/www.musikzeitung.ch\/#organization","name":"Giornale musicale svizzero","url":"https:\/\/www.musikzeitung.ch\/","logo":{"@type":"ImageObject","inLanguage":"it-IT","@id":"https:\/\/www.musikzeitung.ch\/#\/schema\/logo\/image\/","url":"https:\/\/www.musikzeitung.ch\/wp-content\/uploads\/2023\/01\/SMZ_Schriftzug_Sprache.png","contentUrl":"https:\/\/www.musikzeitung.ch\/wp-content\/uploads\/2023\/01\/SMZ_Schriftzug_Sprache.png","width":1400,"height":279,"caption":"Schweizer Musikzeitung"},"image":{"@id":"https:\/\/www.musikzeitung.ch\/#\/schema\/logo\/image\/"},"sameAs":["https:\/\/www.facebook.com\/SchweizerMusikzeitung\/","https:\/\/x.com\/smusikzeitung","https:\/\/www.instagram.com\/musikzeitung.ch\/"]},{"@type":"Person","@id":"https:\/\/www.musikzeitung.ch\/#\/schema\/person\/0da4fb82d243f1252850a35d0e87cf0c","name":"Wolfgang B\u00f6hler","image":{"@type":"ImageObject","inLanguage":"it-IT","@id":"https:\/\/www.musikzeitung.ch\/wp-content\/uploads\/2023\/01\/boehler_portraet_web-e1674139782246-96x96.jpg","url":"https:\/\/www.musikzeitung.ch\/wp-content\/uploads\/2023\/01\/boehler_portraet_web-e1674139782246-96x96.jpg","contentUrl":"https:\/\/www.musikzeitung.ch\/wp-content\/uploads\/2023\/01\/boehler_portraet_web-e1674139782246-96x96.jpg","caption":"Wolfgang B\u00f6hler"},"sameAs":["http:\/\/www.manacanto.ch","https:\/\/www.facebook.com\/wolfgang.bohler.75"],"url":"https:\/\/www.musikzeitung.ch\/it\/author\/wolfgang-boehler"}]}},"publishpress_future_workflow_manual_trigger":{"enabledWorkflows":[]},"_links":{"self":[{"href":"https:\/\/www.musikzeitung.ch\/it\/wp-json\/wp\/v2\/posts\/63963","targetHints":{"allow":["GET"]}}],"collection":[{"href":"https:\/\/www.musikzeitung.ch\/it\/wp-json\/wp\/v2\/posts"}],"about":[{"href":"https:\/\/www.musikzeitung.ch\/it\/wp-json\/wp\/v2\/types\/post"}],"author":[{"embeddable":true,"href":"https:\/\/www.musikzeitung.ch\/it\/wp-json\/wp\/v2\/users\/30"}],"replies":[{"embeddable":true,"href":"https:\/\/www.musikzeitung.ch\/it\/wp-json\/wp\/v2\/comments?post=63963"}],"version-history":[{"count":3,"href":"https:\/\/www.musikzeitung.ch\/it\/wp-json\/wp\/v2\/posts\/63963\/revisions"}],"predecessor-version":[{"id":63967,"href":"https:\/\/www.musikzeitung.ch\/it\/wp-json\/wp\/v2\/posts\/63963\/revisions\/63967"}],"wp:featuredmedia":[{"embeddable":true,"href":"https:\/\/www.musikzeitung.ch\/it\/wp-json\/wp\/v2\/media\/63964"}],"wp:attachment":[{"href":"https:\/\/www.musikzeitung.ch\/it\/wp-json\/wp\/v2\/media?parent=63963"}],"wp:term":[{"taxonomy":"category","embeddable":true,"href":"https:\/\/www.musikzeitung.ch\/it\/wp-json\/wp\/v2\/categories?post=63963"},{"taxonomy":"post_tag","embeddable":true,"href":"https:\/\/www.musikzeitung.ch\/it\/wp-json\/wp\/v2\/tags?post=63963"}],"curies":[{"name":"wp","href":"https:\/\/api.w.org\/{rel}","templated":true}]}}