{"id":64130,"date":"2025-03-31T12:14:17","date_gmt":"2025-03-31T10:14:17","guid":{"rendered":"https:\/\/www.musikzeitung.ch\/?p=64130"},"modified":"2025-03-31T15:36:43","modified_gmt":"2025-03-31T13:36:43","slug":"marguerite-wassermann-mit-baerenreiter-urtext-preis-ausgezeichnet","status":"publish","type":"post","link":"https:\/\/www.musikzeitung.ch\/it\/news\/2025\/03\/marguerite-wassermann-mit-baerenreiter-urtext-preis-ausgezeichnet","title":{"rendered":"Marguerite Wassermann premiata con il B\u00e4renreiter Urtext Prize"},"content":{"rendered":"<figure id=\"attachment_64131\" aria-describedby=\"caption-attachment-64131\" style=\"width: 1014px\" class=\"wp-caption alignnone\"><img loading=\"lazy\" decoding=\"async\" class=\"size-full wp-image-64131\" src=\"https:\/\/www.musikzeitung.ch\/wp-content\/uploads\/2025\/03\/250331wassermann.jpg\" alt=\"\" width=\"1014\" height=\"800\" srcset=\"https:\/\/www.musikzeitung.ch\/wp-content\/uploads\/2025\/03\/250331wassermann.jpg 1014w, https:\/\/www.musikzeitung.ch\/wp-content\/uploads\/2025\/03\/250331wassermann-300x237.jpg 300w, https:\/\/www.musikzeitung.ch\/wp-content\/uploads\/2025\/03\/250331wassermann-768x606.jpg 768w, https:\/\/www.musikzeitung.ch\/wp-content\/uploads\/2025\/03\/250331wassermann-15x12.jpg 15w, https:\/\/www.musikzeitung.ch\/wp-content\/uploads\/2025\/03\/250331wassermann-222x175.jpg 222w, https:\/\/www.musikzeitung.ch\/wp-content\/uploads\/2025\/03\/250331wassermann-444x350.jpg 444w, https:\/\/www.musikzeitung.ch\/wp-content\/uploads\/2025\/03\/250331wassermann-920x726.jpg 920w\" sizes=\"auto, (max-width: 1014px) 100vw, 1014px\" \/><figcaption id=\"caption-attachment-64131\" class=\"wp-caption-text\">Marguerite Wassermann (Immagine: Belsize Baroque)<\/figcaption><\/figure>\n<p>Marguerite Wassermann ha studiato violino barocco a Londra e Basilea. \u00c8 vincitrice dei concorsi italiani di musica antica Premio Bonporti (2023) e Marco Uccellini (2022). Oltre a collaborare con diversi ensemble di musica antica, si esibisce regolarmente con l'orchestra Le Concert des Nations e pu\u00f2 essere ascoltata come solista nelle loro registrazioni dei concerti di Vivaldi. In aprile, la Wassermann e il suo ensemble The Lev\u00e9e pubblicheranno un CD con sonate per violino recentemente scoperte del teorico e musicista francese Etienne Denis Delair (1662-1750).<\/p>\n<p>Per la prima volta nella sua storia, il Concorso Internazionale Telemann, lanciato nel 2001, \u00e8 stato organizzato in due categorie nel 2025. 31 musicisti hanno partecipato alla categoria degli strumenti ad arco storici. 11 ensemble internazionali, formati da 46 musicisti, hanno gareggiato a Magdeburgo nella categoria degli ensemble di musica da camera, con la prima prova che si \u00e8 svolta in modalit\u00e0 video prima dell'inizio del concorso.<\/p>","protected":false},"excerpt":{"rendered":"<p>La violinista barocca svizzera Marguerite Wassermann \u00e8 stata insignita del Premio B\u00e4renreiter Urtext al 13\u00b0 Concorso Internazionale Telemann di Magdeburgo.<\/p>","protected":false},"author":30,"featured_media":64131,"comment_status":"closed","ping_status":"closed","sticky":false,"template":"","format":"standard","meta":{"_acf_changed":false,"_relevanssi_hide_post":"","_relevanssi_hide_content":"","_relevanssi_pin_for_all":"","_relevanssi_pin_keywords":"","_relevanssi_unpin_keywords":"","_relevanssi_related_keywords":"","_relevanssi_related_include_ids":"","_relevanssi_related_exclude_ids":"","_relevanssi_related_no_append":"","_relevanssi_related_not_related":"","_relevanssi_related_posts":"","_relevanssi_noindex_reason":"","pgc_sgb_lightbox_settings":"","footnotes":""},"categories":[27],"tags":[4858,4857],"class_list":["post-64130","post","type-post","status-publish","format-standard","has-post-thumbnail","hentry","category-news","tag-internationaler-telemann-wettbewerb","tag-marguerite-wassermann"],"acf":[],"yoast_head":"<!-- This site is optimized with the Yoast SEO plugin v27.4 - https:\/\/yoast.com\/product\/yoast-seo-wordpress\/ -->\n<title>Marguerite Wassermann mit B\u00e4renreiter Urtext-Preis ausgezeichnet - Schweizer Musikzeitung<\/title>\n<meta name=\"description\" content=\"Die Schweizer Barockgeigerin Marguerite Wassermann ist in Magdeburg im Rahmen des 13. Internationalen Telemann-Wettbewerbs ausgezeichnet worden.\" \/>\n<meta name=\"robots\" content=\"index, follow, max-snippet:-1, max-image-preview:large, max-video-preview:-1\" \/>\n<link rel=\"canonical\" href=\"https:\/\/www.musikzeitung.ch\/it\/news\/2025\/03\/marguerite-wassermann-mit-baerenreiter-urtext-preis-ausgezeichnet\/\" \/>\n<meta property=\"og:locale\" content=\"it_IT\" \/>\n<meta property=\"og:type\" content=\"article\" \/>\n<meta property=\"og:title\" content=\"Marguerite Wassermann mit B\u00e4renreiter Urtext-Preis ausgezeichnet - Schweizer Musikzeitung\" \/>\n<meta property=\"og:description\" content=\"Die Schweizer Barockgeigerin Marguerite Wassermann ist in Magdeburg im Rahmen des 13. Internationalen Telemann-Wettbewerbs ausgezeichnet worden.\" \/>\n<meta property=\"og:url\" content=\"https:\/\/www.musikzeitung.ch\/it\/news\/2025\/03\/marguerite-wassermann-mit-baerenreiter-urtext-preis-ausgezeichnet\/\" \/>\n<meta property=\"og:site_name\" content=\"Schweizer Musikzeitung\" \/>\n<meta property=\"article:publisher\" content=\"https:\/\/www.facebook.com\/SchweizerMusikzeitung\/\" \/>\n<meta property=\"article:author\" content=\"https:\/\/www.facebook.com\/wolfgang.bohler.75\" \/>\n<meta property=\"article:published_time\" content=\"2025-03-31T10:14:17+00:00\" \/>\n<meta property=\"article:modified_time\" content=\"2025-03-31T13:36:43+00:00\" \/>\n<meta property=\"og:image\" content=\"https:\/\/www.musikzeitung.ch\/wp-content\/uploads\/2025\/03\/250331wassermann.jpg\" \/>\n\t<meta property=\"og:image:width\" content=\"1014\" \/>\n\t<meta property=\"og:image:height\" content=\"800\" \/>\n\t<meta property=\"og:image:type\" content=\"image\/jpeg\" \/>\n<meta name=\"author\" content=\"Wolfgang B\u00f6hler\" \/>\n<meta name=\"twitter:card\" content=\"summary_large_image\" \/>\n<meta name=\"twitter:creator\" content=\"@smusikzeitung\" \/>\n<meta name=\"twitter:site\" content=\"@smusikzeitung\" \/>\n<meta name=\"twitter:label1\" content=\"Scritto da\" \/>\n\t<meta name=\"twitter:data1\" content=\"Wolfgang B\u00f6hler\" \/>\n\t<meta name=\"twitter:label2\" content=\"Tempo di lettura stimato\" \/>\n\t<meta name=\"twitter:data2\" content=\"2 minuti\" \/>\n<script type=\"application\/ld+json\" class=\"yoast-schema-graph\">{\"@context\":\"https:\\\/\\\/schema.org\",\"@graph\":[{\"@type\":\"Article\",\"@id\":\"https:\\\/\\\/www.musikzeitung.ch\\\/news\\\/2025\\\/03\\\/marguerite-wassermann-mit-baerenreiter-urtext-preis-ausgezeichnet#article\",\"isPartOf\":{\"@id\":\"https:\\\/\\\/www.musikzeitung.ch\\\/news\\\/2025\\\/03\\\/marguerite-wassermann-mit-baerenreiter-urtext-preis-ausgezeichnet\"},\"author\":{\"name\":\"Wolfgang B\u00f6hler\",\"@id\":\"https:\\\/\\\/www.musikzeitung.ch\\\/#\\\/schema\\\/person\\\/0da4fb82d243f1252850a35d0e87cf0c\"},\"headline\":\"Marguerite Wassermann mit B\u00e4renreiter Urtext-Preis ausgezeichnet\",\"datePublished\":\"2025-03-31T10:14:17+00:00\",\"dateModified\":\"2025-03-31T13:36:43+00:00\",\"mainEntityOfPage\":{\"@id\":\"https:\\\/\\\/www.musikzeitung.ch\\\/news\\\/2025\\\/03\\\/marguerite-wassermann-mit-baerenreiter-urtext-preis-ausgezeichnet\"},\"wordCount\":164,\"publisher\":{\"@id\":\"https:\\\/\\\/www.musikzeitung.ch\\\/#organization\"},\"image\":{\"@id\":\"https:\\\/\\\/www.musikzeitung.ch\\\/news\\\/2025\\\/03\\\/marguerite-wassermann-mit-baerenreiter-urtext-preis-ausgezeichnet#primaryimage\"},\"thumbnailUrl\":\"https:\\\/\\\/www.musikzeitung.ch\\\/wp-content\\\/uploads\\\/2025\\\/03\\\/250331wassermann.jpg\",\"keywords\":[\"Internationaler Telemann-Wettbewerb\",\"Marguerite Wassermann\"],\"articleSection\":[\"News\"],\"inLanguage\":\"it-IT\"},{\"@type\":\"WebPage\",\"@id\":\"https:\\\/\\\/www.musikzeitung.ch\\\/news\\\/2025\\\/03\\\/marguerite-wassermann-mit-baerenreiter-urtext-preis-ausgezeichnet\",\"url\":\"https:\\\/\\\/www.musikzeitung.ch\\\/news\\\/2025\\\/03\\\/marguerite-wassermann-mit-baerenreiter-urtext-preis-ausgezeichnet\",\"name\":\"Marguerite Wassermann mit B\u00e4renreiter Urtext-Preis ausgezeichnet - Schweizer Musikzeitung\",\"isPartOf\":{\"@id\":\"https:\\\/\\\/www.musikzeitung.ch\\\/#website\"},\"primaryImageOfPage\":{\"@id\":\"https:\\\/\\\/www.musikzeitung.ch\\\/news\\\/2025\\\/03\\\/marguerite-wassermann-mit-baerenreiter-urtext-preis-ausgezeichnet#primaryimage\"},\"image\":{\"@id\":\"https:\\\/\\\/www.musikzeitung.ch\\\/news\\\/2025\\\/03\\\/marguerite-wassermann-mit-baerenreiter-urtext-preis-ausgezeichnet#primaryimage\"},\"thumbnailUrl\":\"https:\\\/\\\/www.musikzeitung.ch\\\/wp-content\\\/uploads\\\/2025\\\/03\\\/250331wassermann.jpg\",\"datePublished\":\"2025-03-31T10:14:17+00:00\",\"dateModified\":\"2025-03-31T13:36:43+00:00\",\"description\":\"Die Schweizer Barockgeigerin Marguerite Wassermann ist in Magdeburg im Rahmen des 13. Internationalen Telemann-Wettbewerbs ausgezeichnet worden.\",\"breadcrumb\":{\"@id\":\"https:\\\/\\\/www.musikzeitung.ch\\\/news\\\/2025\\\/03\\\/marguerite-wassermann-mit-baerenreiter-urtext-preis-ausgezeichnet#breadcrumb\"},\"inLanguage\":\"it-IT\",\"potentialAction\":[{\"@type\":\"ReadAction\",\"target\":[\"https:\\\/\\\/www.musikzeitung.ch\\\/news\\\/2025\\\/03\\\/marguerite-wassermann-mit-baerenreiter-urtext-preis-ausgezeichnet\"]}]},{\"@type\":\"ImageObject\",\"inLanguage\":\"it-IT\",\"@id\":\"https:\\\/\\\/www.musikzeitung.ch\\\/news\\\/2025\\\/03\\\/marguerite-wassermann-mit-baerenreiter-urtext-preis-ausgezeichnet#primaryimage\",\"url\":\"https:\\\/\\\/www.musikzeitung.ch\\\/wp-content\\\/uploads\\\/2025\\\/03\\\/250331wassermann.jpg\",\"contentUrl\":\"https:\\\/\\\/www.musikzeitung.ch\\\/wp-content\\\/uploads\\\/2025\\\/03\\\/250331wassermann.jpg\",\"width\":1014,\"height\":800,\"caption\":\"Marguerite Wassermann (Bild: Belsize Baroque)\"},{\"@type\":\"BreadcrumbList\",\"@id\":\"https:\\\/\\\/www.musikzeitung.ch\\\/news\\\/2025\\\/03\\\/marguerite-wassermann-mit-baerenreiter-urtext-preis-ausgezeichnet#breadcrumb\",\"itemListElement\":[{\"@type\":\"ListItem\",\"position\":1,\"name\":\"Home\",\"item\":\"https:\\\/\\\/www.musikzeitung.ch\\\/\"},{\"@type\":\"ListItem\",\"position\":2,\"name\":\"Marguerite Wassermann mit B\u00e4renreiter Urtext-Preis ausgezeichnet\"}]},{\"@type\":\"WebSite\",\"@id\":\"https:\\\/\\\/www.musikzeitung.ch\\\/#website\",\"url\":\"https:\\\/\\\/www.musikzeitung.ch\\\/\",\"name\":\"Schweizer Musikzeitung\",\"description\":\"Die f\u00fchrende sparten\u00fcbergreifende Monatszeitung in der Schweiz f\u00fcr musikalische Fragen.\",\"publisher\":{\"@id\":\"https:\\\/\\\/www.musikzeitung.ch\\\/#organization\"},\"potentialAction\":[{\"@type\":\"SearchAction\",\"target\":{\"@type\":\"EntryPoint\",\"urlTemplate\":\"https:\\\/\\\/www.musikzeitung.ch\\\/?s={search_term_string}\"},\"query-input\":{\"@type\":\"PropertyValueSpecification\",\"valueRequired\":true,\"valueName\":\"search_term_string\"}}],\"inLanguage\":\"it-IT\"},{\"@type\":\"Organization\",\"@id\":\"https:\\\/\\\/www.musikzeitung.ch\\\/#organization\",\"name\":\"Schweizer Musikzeitung\",\"url\":\"https:\\\/\\\/www.musikzeitung.ch\\\/\",\"logo\":{\"@type\":\"ImageObject\",\"inLanguage\":\"it-IT\",\"@id\":\"https:\\\/\\\/www.musikzeitung.ch\\\/#\\\/schema\\\/logo\\\/image\\\/\",\"url\":\"https:\\\/\\\/www.musikzeitung.ch\\\/wp-content\\\/uploads\\\/2023\\\/01\\\/SMZ_Schriftzug_Sprache.png\",\"contentUrl\":\"https:\\\/\\\/www.musikzeitung.ch\\\/wp-content\\\/uploads\\\/2023\\\/01\\\/SMZ_Schriftzug_Sprache.png\",\"width\":1400,\"height\":279,\"caption\":\"Schweizer Musikzeitung\"},\"image\":{\"@id\":\"https:\\\/\\\/www.musikzeitung.ch\\\/#\\\/schema\\\/logo\\\/image\\\/\"},\"sameAs\":[\"https:\\\/\\\/www.facebook.com\\\/SchweizerMusikzeitung\\\/\",\"https:\\\/\\\/x.com\\\/smusikzeitung\",\"https:\\\/\\\/www.instagram.com\\\/musikzeitung.ch\\\/\"]},{\"@type\":\"Person\",\"@id\":\"https:\\\/\\\/www.musikzeitung.ch\\\/#\\\/schema\\\/person\\\/0da4fb82d243f1252850a35d0e87cf0c\",\"name\":\"Wolfgang B\u00f6hler\",\"image\":{\"@type\":\"ImageObject\",\"inLanguage\":\"it-IT\",\"@id\":\"https:\\\/\\\/www.musikzeitung.ch\\\/wp-content\\\/uploads\\\/2023\\\/01\\\/boehler_portraet_web-e1674139782246-96x96.jpg\",\"url\":\"https:\\\/\\\/www.musikzeitung.ch\\\/wp-content\\\/uploads\\\/2023\\\/01\\\/boehler_portraet_web-e1674139782246-96x96.jpg\",\"contentUrl\":\"https:\\\/\\\/www.musikzeitung.ch\\\/wp-content\\\/uploads\\\/2023\\\/01\\\/boehler_portraet_web-e1674139782246-96x96.jpg\",\"caption\":\"Wolfgang B\u00f6hler\"},\"sameAs\":[\"http:\\\/\\\/www.manacanto.ch\",\"https:\\\/\\\/www.facebook.com\\\/wolfgang.bohler.75\"],\"url\":\"https:\\\/\\\/www.musikzeitung.ch\\\/it\\\/author\\\/wolfgang-boehler\"}]}<\/script>\n<!-- \/ Yoast SEO plugin. -->","yoast_head_json":{"title":"Marguerite Wassermann mit B\u00e4renreiter Urtext-Preis ausgezeichnet - Schweizer Musikzeitung","description":"Die Schweizer Barockgeigerin Marguerite Wassermann ist in Magdeburg im Rahmen des 13. Internationalen Telemann-Wettbewerbs ausgezeichnet worden.","robots":{"index":"index","follow":"follow","max-snippet":"max-snippet:-1","max-image-preview":"max-image-preview:large","max-video-preview":"max-video-preview:-1"},"canonical":"https:\/\/www.musikzeitung.ch\/it\/news\/2025\/03\/marguerite-wassermann-mit-baerenreiter-urtext-preis-ausgezeichnet\/","og_locale":"it_IT","og_type":"article","og_title":"Marguerite Wassermann mit B\u00e4renreiter Urtext-Preis ausgezeichnet - Schweizer Musikzeitung","og_description":"Die Schweizer Barockgeigerin Marguerite Wassermann ist in Magdeburg im Rahmen des 13. Internationalen Telemann-Wettbewerbs ausgezeichnet worden.","og_url":"https:\/\/www.musikzeitung.ch\/it\/news\/2025\/03\/marguerite-wassermann-mit-baerenreiter-urtext-preis-ausgezeichnet\/","og_site_name":"Schweizer Musikzeitung","article_publisher":"https:\/\/www.facebook.com\/SchweizerMusikzeitung\/","article_author":"https:\/\/www.facebook.com\/wolfgang.bohler.75","article_published_time":"2025-03-31T10:14:17+00:00","article_modified_time":"2025-03-31T13:36:43+00:00","og_image":[{"width":1014,"height":800,"url":"https:\/\/www.musikzeitung.ch\/wp-content\/uploads\/2025\/03\/250331wassermann.jpg","type":"image\/jpeg"}],"author":"Wolfgang B\u00f6hler","twitter_card":"summary_large_image","twitter_creator":"@smusikzeitung","twitter_site":"@smusikzeitung","twitter_misc":{"Scritto da":"Wolfgang B\u00f6hler","Tempo di lettura stimato":"2 minuti"},"schema":{"@context":"https:\/\/schema.org","@graph":[{"@type":"Article","@id":"https:\/\/www.musikzeitung.ch\/news\/2025\/03\/marguerite-wassermann-mit-baerenreiter-urtext-preis-ausgezeichnet#article","isPartOf":{"@id":"https:\/\/www.musikzeitung.ch\/news\/2025\/03\/marguerite-wassermann-mit-baerenreiter-urtext-preis-ausgezeichnet"},"author":{"name":"Wolfgang B\u00f6hler","@id":"https:\/\/www.musikzeitung.ch\/#\/schema\/person\/0da4fb82d243f1252850a35d0e87cf0c"},"headline":"Marguerite Wassermann mit B\u00e4renreiter Urtext-Preis ausgezeichnet","datePublished":"2025-03-31T10:14:17+00:00","dateModified":"2025-03-31T13:36:43+00:00","mainEntityOfPage":{"@id":"https:\/\/www.musikzeitung.ch\/news\/2025\/03\/marguerite-wassermann-mit-baerenreiter-urtext-preis-ausgezeichnet"},"wordCount":164,"publisher":{"@id":"https:\/\/www.musikzeitung.ch\/#organization"},"image":{"@id":"https:\/\/www.musikzeitung.ch\/news\/2025\/03\/marguerite-wassermann-mit-baerenreiter-urtext-preis-ausgezeichnet#primaryimage"},"thumbnailUrl":"https:\/\/www.musikzeitung.ch\/wp-content\/uploads\/2025\/03\/250331wassermann.jpg","keywords":["Internationaler Telemann-Wettbewerb","Marguerite Wassermann"],"articleSection":["News"],"inLanguage":"it-IT"},{"@type":"WebPage","@id":"https:\/\/www.musikzeitung.ch\/news\/2025\/03\/marguerite-wassermann-mit-baerenreiter-urtext-preis-ausgezeichnet","url":"https:\/\/www.musikzeitung.ch\/news\/2025\/03\/marguerite-wassermann-mit-baerenreiter-urtext-preis-ausgezeichnet","name":"Marguerite Wassermann mit B\u00e4renreiter Urtext-Preis ausgezeichnet - Schweizer Musikzeitung","isPartOf":{"@id":"https:\/\/www.musikzeitung.ch\/#website"},"primaryImageOfPage":{"@id":"https:\/\/www.musikzeitung.ch\/news\/2025\/03\/marguerite-wassermann-mit-baerenreiter-urtext-preis-ausgezeichnet#primaryimage"},"image":{"@id":"https:\/\/www.musikzeitung.ch\/news\/2025\/03\/marguerite-wassermann-mit-baerenreiter-urtext-preis-ausgezeichnet#primaryimage"},"thumbnailUrl":"https:\/\/www.musikzeitung.ch\/wp-content\/uploads\/2025\/03\/250331wassermann.jpg","datePublished":"2025-03-31T10:14:17+00:00","dateModified":"2025-03-31T13:36:43+00:00","description":"Die Schweizer Barockgeigerin Marguerite Wassermann ist in Magdeburg im Rahmen des 13. Internationalen Telemann-Wettbewerbs ausgezeichnet worden.","breadcrumb":{"@id":"https:\/\/www.musikzeitung.ch\/news\/2025\/03\/marguerite-wassermann-mit-baerenreiter-urtext-preis-ausgezeichnet#breadcrumb"},"inLanguage":"it-IT","potentialAction":[{"@type":"ReadAction","target":["https:\/\/www.musikzeitung.ch\/news\/2025\/03\/marguerite-wassermann-mit-baerenreiter-urtext-preis-ausgezeichnet"]}]},{"@type":"ImageObject","inLanguage":"it-IT","@id":"https:\/\/www.musikzeitung.ch\/news\/2025\/03\/marguerite-wassermann-mit-baerenreiter-urtext-preis-ausgezeichnet#primaryimage","url":"https:\/\/www.musikzeitung.ch\/wp-content\/uploads\/2025\/03\/250331wassermann.jpg","contentUrl":"https:\/\/www.musikzeitung.ch\/wp-content\/uploads\/2025\/03\/250331wassermann.jpg","width":1014,"height":800,"caption":"Marguerite Wassermann (Bild: Belsize Baroque)"},{"@type":"BreadcrumbList","@id":"https:\/\/www.musikzeitung.ch\/news\/2025\/03\/marguerite-wassermann-mit-baerenreiter-urtext-preis-ausgezeichnet#breadcrumb","itemListElement":[{"@type":"ListItem","position":1,"name":"Home","item":"https:\/\/www.musikzeitung.ch\/"},{"@type":"ListItem","position":2,"name":"Marguerite Wassermann mit B\u00e4renreiter Urtext-Preis ausgezeichnet"}]},{"@type":"WebSite","@id":"https:\/\/www.musikzeitung.ch\/#website","url":"https:\/\/www.musikzeitung.ch\/","name":"Giornale musicale svizzero","description":"Il principale mensile interdisciplinare della Svizzera per le questioni musicali.","publisher":{"@id":"https:\/\/www.musikzeitung.ch\/#organization"},"potentialAction":[{"@type":"SearchAction","target":{"@type":"EntryPoint","urlTemplate":"https:\/\/www.musikzeitung.ch\/?s={search_term_string}"},"query-input":{"@type":"PropertyValueSpecification","valueRequired":true,"valueName":"search_term_string"}}],"inLanguage":"it-IT"},{"@type":"Organization","@id":"https:\/\/www.musikzeitung.ch\/#organization","name":"Giornale musicale svizzero","url":"https:\/\/www.musikzeitung.ch\/","logo":{"@type":"ImageObject","inLanguage":"it-IT","@id":"https:\/\/www.musikzeitung.ch\/#\/schema\/logo\/image\/","url":"https:\/\/www.musikzeitung.ch\/wp-content\/uploads\/2023\/01\/SMZ_Schriftzug_Sprache.png","contentUrl":"https:\/\/www.musikzeitung.ch\/wp-content\/uploads\/2023\/01\/SMZ_Schriftzug_Sprache.png","width":1400,"height":279,"caption":"Schweizer Musikzeitung"},"image":{"@id":"https:\/\/www.musikzeitung.ch\/#\/schema\/logo\/image\/"},"sameAs":["https:\/\/www.facebook.com\/SchweizerMusikzeitung\/","https:\/\/x.com\/smusikzeitung","https:\/\/www.instagram.com\/musikzeitung.ch\/"]},{"@type":"Person","@id":"https:\/\/www.musikzeitung.ch\/#\/schema\/person\/0da4fb82d243f1252850a35d0e87cf0c","name":"Wolfgang B\u00f6hler","image":{"@type":"ImageObject","inLanguage":"it-IT","@id":"https:\/\/www.musikzeitung.ch\/wp-content\/uploads\/2023\/01\/boehler_portraet_web-e1674139782246-96x96.jpg","url":"https:\/\/www.musikzeitung.ch\/wp-content\/uploads\/2023\/01\/boehler_portraet_web-e1674139782246-96x96.jpg","contentUrl":"https:\/\/www.musikzeitung.ch\/wp-content\/uploads\/2023\/01\/boehler_portraet_web-e1674139782246-96x96.jpg","caption":"Wolfgang B\u00f6hler"},"sameAs":["http:\/\/www.manacanto.ch","https:\/\/www.facebook.com\/wolfgang.bohler.75"],"url":"https:\/\/www.musikzeitung.ch\/it\/author\/wolfgang-boehler"}]}},"publishpress_future_workflow_manual_trigger":{"enabledWorkflows":[]},"_links":{"self":[{"href":"https:\/\/www.musikzeitung.ch\/it\/wp-json\/wp\/v2\/posts\/64130","targetHints":{"allow":["GET"]}}],"collection":[{"href":"https:\/\/www.musikzeitung.ch\/it\/wp-json\/wp\/v2\/posts"}],"about":[{"href":"https:\/\/www.musikzeitung.ch\/it\/wp-json\/wp\/v2\/types\/post"}],"author":[{"embeddable":true,"href":"https:\/\/www.musikzeitung.ch\/it\/wp-json\/wp\/v2\/users\/30"}],"replies":[{"embeddable":true,"href":"https:\/\/www.musikzeitung.ch\/it\/wp-json\/wp\/v2\/comments?post=64130"}],"version-history":[{"count":1,"href":"https:\/\/www.musikzeitung.ch\/it\/wp-json\/wp\/v2\/posts\/64130\/revisions"}],"predecessor-version":[{"id":64132,"href":"https:\/\/www.musikzeitung.ch\/it\/wp-json\/wp\/v2\/posts\/64130\/revisions\/64132"}],"wp:featuredmedia":[{"embeddable":true,"href":"https:\/\/www.musikzeitung.ch\/it\/wp-json\/wp\/v2\/media\/64131"}],"wp:attachment":[{"href":"https:\/\/www.musikzeitung.ch\/it\/wp-json\/wp\/v2\/media?parent=64130"}],"wp:term":[{"taxonomy":"category","embeddable":true,"href":"https:\/\/www.musikzeitung.ch\/it\/wp-json\/wp\/v2\/categories?post=64130"},{"taxonomy":"post_tag","embeddable":true,"href":"https:\/\/www.musikzeitung.ch\/it\/wp-json\/wp\/v2\/tags?post=64130"}],"curies":[{"name":"wp","href":"https:\/\/api.w.org\/{rel}","templated":true}]}}