{"id":6417,"date":"2014-03-06T00:00:00","date_gmt":"2014-03-05T23:00:00","guid":{"rendered":"https:\/\/www.musikzeitung.ch\/allgemein\/die-beste-musikerin-der-stadt\/"},"modified":"2023-10-24T15:48:12","modified_gmt":"2023-10-24T13:48:12","slug":"die-beste-musikerin-der-stadt","status":"publish","type":"post","link":"https:\/\/www.musikzeitung.ch\/it\/rezensionen\/2014\/03\/die-beste-musikerin-der-stadt","title":{"rendered":"Il miglior musicista della citt\u00e0"},"content":{"rendered":"<figure style=\"width: 554px\" class=\"wp-caption alignnone\"><img loading=\"lazy\" decoding=\"async\" src=\"https:\/\/www.musikzeitung.ch\/wp-content\/uploads\/2023\/01\/Boissier.jpg\" alt=\"\" width=\"554\" height=\"426\" \/><figcaption class=\"wp-caption-text\">Caroline Butini all'et\u00e0 di 21 anni, dipinta da Firmin Massot. Dettaglio. Propriet\u00e0 privata. Foto: Monique Bernaz<\/figcaption><\/figure>\n<div class=\"text-section\">\n<p>La traduttrice, ricercatrice di genere e pubblicista musicale Ir\u00e8ne Minder-Jeanneret ha scritto la sua tesi di dottorato, un resoconto completo della vita musicale a Ginevra e, per estensione, in Europa all'inizio del XIX secolo, basandosi sulla vita della quasi dimenticata pianista e compositrice Caroline Boissier-Butini.<\/p>\n<p>L'opera, illustrata a colori e strutturata in modo chiaro, con molte tabelle e un'ampia appendice, riflette la posizione speciale di questa figlia cresciuta in una costellazione sociale complicata. Il nonno e il padre la incoraggiarono nella musica e la istruirono anche nelle scienze emergenti dell'epoca (avrebbe voluto studiare medicina).<\/p>\n<p>Ir\u00e8ne Minder aveva in realt\u00e0 progettato di utilizzare il materiale raccolto per scrivere un romanzo su Caroline Boissier-Butini. Questo \u00e8 stato scritto nella sua testa mentre leggeva la dissertazione, che \u00e8 costellata di annotazioni di diario, diari di viaggio, lettere e citazioni di testimoni contemporanei! Le fonti sono accuratamente annotate e collegate tra loro in modo da fornire un quadro vivido dell'epoca (tutti i testi francesi sono stati ottimamente tradotti in tedesco).<\/p>\n<p>Le condizioni della Repubblica di Ginevra, calvinisticamente ristretta ma ampliata grazie alle idee illuministe e alla Rivoluzione francese, poi nuovamente oppressa dall'occupazione napoleonica, determinarono per Boissier-Butini condizioni di vita molto complesse. Un risultato di ci\u00f2 si pu\u00f2 vedere nel suo catalogo di opere: Sebbene siano sopravvissuti manoscritti di opere per organo, pianoforte e musica da camera, \u00e8 rimasta la parte solista di uno solo dei suoi sette (!) concerti per pianoforte. Le era permesso di suonare per gli ospiti a casa e in altri salotti consoni al suo status, ma non era appropriato che si esibisse in concerti pubblici, e certamente non dietro compenso. Le figlie non potevano incontrare demoiselles della stessa et\u00e0 e dovevano rimanere il pi\u00f9 a lungo possibile in compagnia della madre. Secondo le dichiarazioni conservatrici di Rousseau nelle sue <em>Lettera a d'Allembert <\/em>e nel <em>L'\u00c9mile<\/em> la prospettiva del diritto naturale della donna deve passare in secondo piano a favore della necessit\u00e0 sociale: Le donne erano l\u00ec per il benessere dei loro mariti e per allevare i loro figli! Solo nel 1838 Albertine Necker-de Saussure si batt\u00e9 per un cambiamento di rotta.<\/p>\n<p>Fortunatamente, Caroline era sposata con l'agronomo Auguste Boissier, appassionato di musica, che suonava i suoi due pianoforti Stradivari e che era molto favorevole alle attivit\u00e0 della moglie, duettando con lei e suonando in gruppi di musica da camera. Grazie alla sua posizione privilegiata, la donna ebbe contatti con molti viaggiatori e personalit\u00e0 famose dell'esilio ginevrino (tra cui Isabelle de Charri\u00e8re e Germaine de Sta\u00ebl-Necker). Il suo talento le permise di sviluppare queste ispirazioni in una padronanza del pianoforte e della composizione con lezioni limitate e soprattutto da autodidatta. Elaborati viaggi a Parigi e Londra per l'acquisto di pianoforti a coda, tentativi infruttuosi di pubblicare le sue composizioni ed esplorazioni della cultura metropolitana le fecero conoscere pianisti famosi, con i quali suon\u00f2 anche lei stessa, ottenendo riconoscimenti. La sensibilit\u00e0 di Liszt, Kramer e Kalkbrenner le fece capire che avrebbe dovuto creare musica che \"toccasse invece di abbagliare\". Fece insegnare a sua figlia Val\u00e9rie da Liszt a Parigi per un inverno. La sua relazione <em>Liszt p\u00e9dagogue<\/em> apparve per la prima volta nel 1923 con il nome di \"Mme Auguste Boissier\", ridotto ingannevolmente a \"Auguste Boissier\" in tedesco nel 1930! Poich\u00e9 la famiglia viveva nella sua tenuta di campagna vicino a Yverdon durante l'estate, aveva la libert\u00e0 di socializzare con la gente comune, il che la incoraggi\u00f2 a interessarsi alla musica popolare. Una volta, durante la clandestinit\u00e0, compose gratuitamente alcune danze per un violinista di passaggio del villaggio. La sua unica opera eseguibile <em>Concerto n. 6 \"La Suisse<\/em> contiene tutti e tre gli elementi dell'elemento <em>Ranz des vaches<\/em>.<\/p>\n<p>Molti ostacoli impedirono lo sviluppo delle sue capacit\u00e0. La tradizione calvinista di Ginevra, che ammetteva quasi solo musica sotto forma di salmi, rendeva difficile l'esecuzione di musica profana in pubblico. Sebbene sapesse suonare l'organo e componesse pezzi per organo, difficilmente le era permesso di suonare nelle funzioni religiose. La Soci\u00e9t\u00e9 de musique de Gen\u00e8ve (1823), fondata dopo l'ingresso di Ginevra nella Confederazione, accettava le donne solo come membri attivi onorari senza diritto di voto, con limitate opportunit\u00e0 di esibirsi. Tuttavia, i festival musicali organizzati in tutta la Svizzera contribuirono a creare a Ginevra una vita musicale in rete con il resto della Confederazione. Nonostante ci\u00f2, Caroline Boissier-Butini svolse un ruolo eccezionale come virtuosa del pianoforte, compositrice e mecenate musicale in altre citt\u00e0 svizzere, anche se ovunque suonava solo privatamente.<\/p>\n<\/div>\n<div class=\"text-section\">\n<dl class=\"picture media photo\">\n<dt><img decoding=\"async\" class=\"media photo\" src=\"https:\/\/www.musikzeitung.ch\/wp-content\/uploads\/2023\/01\/mini013.jpg\" alt=\"Image \" \/><\/dt>\n<\/dl>\n<\/div>\n<div class=\"text-section\">\n<p><em>Ir\u00e8ne Minder-Jeanneret, \"Die beste Musikerin der Stadt\" Caroline Boissier-Butini (1786-1836) und das Genfer Musikleben zu Beginn des 19. Jahrhunderts, Dissertazione Universit\u00e0 di Oldenburg; edizione a stampa con materiale aggiuntivo su CD-Rom, 528 p., \u20ac 44,90; edizione su CD-Rom, \u20ac 24,90; <a href=\"http:\/\/www.epos.uni-osnabrueck.de\/music\/templates\/buch.php?id=98\">EpOs Editoria elettronica,<\/a> Osnabr\u00fcck 2013, ISBN 978-3-940255-36-5 <\/em><\/p>\n<\/div>","protected":false},"excerpt":{"rendered":"<p><strong>All'inizio del XIX secolo, Caroline Boissier-Butini non ebbe una vita facile nella Ginevra calvinista, nonostante il suo background alto-borghese.<\/strong><\/p>","protected":false},"author":1,"featured_media":6418,"comment_status":"closed","ping_status":"closed","sticky":false,"template":"","format":"standard","meta":{"_acf_changed":false,"_relevanssi_hide_post":"","_relevanssi_hide_content":"","_relevanssi_pin_for_all":"","_relevanssi_pin_keywords":"","_relevanssi_unpin_keywords":"","_relevanssi_related_keywords":"","_relevanssi_related_include_ids":"","_relevanssi_related_exclude_ids":"","_relevanssi_related_no_append":"","_relevanssi_related_not_related":"","_relevanssi_related_posts":"","_relevanssi_noindex_reason":"","pgc_sgb_lightbox_settings":"","footnotes":""},"categories":[1214,29],"tags":[],"class_list":["post-6417","post","type-post","status-publish","format-standard","has-post-thumbnail","hentry","category-buecher-rezensionen","category-rezensionen"],"acf":[],"yoast_head":"<!-- This site is optimized with the Yoast SEO plugin v27.4 - https:\/\/yoast.com\/product\/yoast-seo-wordpress\/ -->\n<title>Die beste Musikerin der Stadt - Schweizer Musikzeitung<\/title>\n<meta name=\"robots\" content=\"index, follow, max-snippet:-1, max-image-preview:large, max-video-preview:-1\" \/>\n<link rel=\"canonical\" href=\"https:\/\/www.musikzeitung.ch\/it\/rezensionen\/2014\/03\/die-beste-musikerin-der-stadt\/\" \/>\n<meta property=\"og:locale\" content=\"it_IT\" \/>\n<meta property=\"og:type\" content=\"article\" \/>\n<meta property=\"og:title\" content=\"Die beste Musikerin der Stadt - Schweizer Musikzeitung\" \/>\n<meta property=\"og:description\" content=\"Caroline Boissier-Butini hatte es zu Beginn des 19. Jahrhunderts im calvinistischen Genf trotz grossb\u00fcrgerlicher Herkunft nicht leicht.\" \/>\n<meta property=\"og:url\" content=\"https:\/\/www.musikzeitung.ch\/it\/rezensionen\/2014\/03\/die-beste-musikerin-der-stadt\/\" \/>\n<meta property=\"og:site_name\" content=\"Schweizer Musikzeitung\" \/>\n<meta property=\"article:publisher\" content=\"https:\/\/www.facebook.com\/SchweizerMusikzeitung\/\" \/>\n<meta property=\"article:published_time\" content=\"2014-03-05T23:00:00+00:00\" \/>\n<meta property=\"article:modified_time\" content=\"2023-10-24T13:48:12+00:00\" \/>\n<meta property=\"og:image\" content=\"https:\/\/www.musikzeitung.ch\/wp-content\/uploads\/2023\/01\/Boissier.jpg\" \/>\n\t<meta property=\"og:image:width\" content=\"554\" \/>\n\t<meta property=\"og:image:height\" content=\"426\" \/>\n\t<meta property=\"og:image:type\" content=\"image\/jpeg\" \/>\n<meta name=\"author\" content=\"Musikzeitung-Redaktion\" \/>\n<meta name=\"twitter:card\" content=\"summary_large_image\" \/>\n<meta name=\"twitter:creator\" content=\"@smusikzeitung\" \/>\n<meta name=\"twitter:site\" content=\"@smusikzeitung\" \/>\n<meta name=\"twitter:label1\" content=\"Scritto da\" \/>\n\t<meta name=\"twitter:data1\" content=\"Musikzeitung-Redaktion\" \/>\n\t<meta name=\"twitter:label2\" content=\"Tempo di lettura stimato\" \/>\n\t<meta name=\"twitter:data2\" content=\"5 minuti\" \/>\n<script type=\"application\/ld+json\" class=\"yoast-schema-graph\">{\"@context\":\"https:\\\/\\\/schema.org\",\"@graph\":[{\"@type\":\"Article\",\"@id\":\"https:\\\/\\\/www.musikzeitung.ch\\\/rezensionen\\\/2014\\\/03\\\/die-beste-musikerin-der-stadt#article\",\"isPartOf\":{\"@id\":\"https:\\\/\\\/www.musikzeitung.ch\\\/rezensionen\\\/2014\\\/03\\\/die-beste-musikerin-der-stadt\"},\"author\":{\"name\":\"Musikzeitung-Redaktion\",\"@id\":\"https:\\\/\\\/www.musikzeitung.ch\\\/#\\\/schema\\\/person\\\/b2fd892c800856270b9dcc6001265712\"},\"headline\":\"Die beste Musikerin der Stadt\",\"datePublished\":\"2014-03-05T23:00:00+00:00\",\"dateModified\":\"2023-10-24T13:48:12+00:00\",\"mainEntityOfPage\":{\"@id\":\"https:\\\/\\\/www.musikzeitung.ch\\\/rezensionen\\\/2014\\\/03\\\/die-beste-musikerin-der-stadt\"},\"wordCount\":761,\"publisher\":{\"@id\":\"https:\\\/\\\/www.musikzeitung.ch\\\/#organization\"},\"image\":{\"@id\":\"https:\\\/\\\/www.musikzeitung.ch\\\/rezensionen\\\/2014\\\/03\\\/die-beste-musikerin-der-stadt#primaryimage\"},\"thumbnailUrl\":\"https:\\\/\\\/www.musikzeitung.ch\\\/wp-content\\\/uploads\\\/2023\\\/01\\\/Boissier.jpg\",\"articleSection\":[\"B\u00fccher\",\"Rezensionen\"],\"inLanguage\":\"it-IT\"},{\"@type\":\"WebPage\",\"@id\":\"https:\\\/\\\/www.musikzeitung.ch\\\/rezensionen\\\/2014\\\/03\\\/die-beste-musikerin-der-stadt\",\"url\":\"https:\\\/\\\/www.musikzeitung.ch\\\/rezensionen\\\/2014\\\/03\\\/die-beste-musikerin-der-stadt\",\"name\":\"Die beste Musikerin der Stadt - Schweizer Musikzeitung\",\"isPartOf\":{\"@id\":\"https:\\\/\\\/www.musikzeitung.ch\\\/#website\"},\"primaryImageOfPage\":{\"@id\":\"https:\\\/\\\/www.musikzeitung.ch\\\/rezensionen\\\/2014\\\/03\\\/die-beste-musikerin-der-stadt#primaryimage\"},\"image\":{\"@id\":\"https:\\\/\\\/www.musikzeitung.ch\\\/rezensionen\\\/2014\\\/03\\\/die-beste-musikerin-der-stadt#primaryimage\"},\"thumbnailUrl\":\"https:\\\/\\\/www.musikzeitung.ch\\\/wp-content\\\/uploads\\\/2023\\\/01\\\/Boissier.jpg\",\"datePublished\":\"2014-03-05T23:00:00+00:00\",\"dateModified\":\"2023-10-24T13:48:12+00:00\",\"breadcrumb\":{\"@id\":\"https:\\\/\\\/www.musikzeitung.ch\\\/rezensionen\\\/2014\\\/03\\\/die-beste-musikerin-der-stadt#breadcrumb\"},\"inLanguage\":\"it-IT\",\"potentialAction\":[{\"@type\":\"ReadAction\",\"target\":[\"https:\\\/\\\/www.musikzeitung.ch\\\/rezensionen\\\/2014\\\/03\\\/die-beste-musikerin-der-stadt\"]}]},{\"@type\":\"ImageObject\",\"inLanguage\":\"it-IT\",\"@id\":\"https:\\\/\\\/www.musikzeitung.ch\\\/rezensionen\\\/2014\\\/03\\\/die-beste-musikerin-der-stadt#primaryimage\",\"url\":\"https:\\\/\\\/www.musikzeitung.ch\\\/wp-content\\\/uploads\\\/2023\\\/01\\\/Boissier.jpg\",\"contentUrl\":\"https:\\\/\\\/www.musikzeitung.ch\\\/wp-content\\\/uploads\\\/2023\\\/01\\\/Boissier.jpg\",\"width\":554,\"height\":426},{\"@type\":\"BreadcrumbList\",\"@id\":\"https:\\\/\\\/www.musikzeitung.ch\\\/rezensionen\\\/2014\\\/03\\\/die-beste-musikerin-der-stadt#breadcrumb\",\"itemListElement\":[{\"@type\":\"ListItem\",\"position\":1,\"name\":\"Home\",\"item\":\"https:\\\/\\\/www.musikzeitung.ch\\\/\"},{\"@type\":\"ListItem\",\"position\":2,\"name\":\"Die beste Musikerin der Stadt\"}]},{\"@type\":\"WebSite\",\"@id\":\"https:\\\/\\\/www.musikzeitung.ch\\\/#website\",\"url\":\"https:\\\/\\\/www.musikzeitung.ch\\\/\",\"name\":\"Schweizer Musikzeitung\",\"description\":\"Die f\u00fchrende sparten\u00fcbergreifende Monatszeitung in der Schweiz f\u00fcr musikalische Fragen.\",\"publisher\":{\"@id\":\"https:\\\/\\\/www.musikzeitung.ch\\\/#organization\"},\"potentialAction\":[{\"@type\":\"SearchAction\",\"target\":{\"@type\":\"EntryPoint\",\"urlTemplate\":\"https:\\\/\\\/www.musikzeitung.ch\\\/?s={search_term_string}\"},\"query-input\":{\"@type\":\"PropertyValueSpecification\",\"valueRequired\":true,\"valueName\":\"search_term_string\"}}],\"inLanguage\":\"it-IT\"},{\"@type\":\"Organization\",\"@id\":\"https:\\\/\\\/www.musikzeitung.ch\\\/#organization\",\"name\":\"Schweizer Musikzeitung\",\"url\":\"https:\\\/\\\/www.musikzeitung.ch\\\/\",\"logo\":{\"@type\":\"ImageObject\",\"inLanguage\":\"it-IT\",\"@id\":\"https:\\\/\\\/www.musikzeitung.ch\\\/#\\\/schema\\\/logo\\\/image\\\/\",\"url\":\"https:\\\/\\\/www.musikzeitung.ch\\\/wp-content\\\/uploads\\\/2023\\\/01\\\/SMZ_Schriftzug_Sprache.png\",\"contentUrl\":\"https:\\\/\\\/www.musikzeitung.ch\\\/wp-content\\\/uploads\\\/2023\\\/01\\\/SMZ_Schriftzug_Sprache.png\",\"width\":1400,\"height\":279,\"caption\":\"Schweizer Musikzeitung\"},\"image\":{\"@id\":\"https:\\\/\\\/www.musikzeitung.ch\\\/#\\\/schema\\\/logo\\\/image\\\/\"},\"sameAs\":[\"https:\\\/\\\/www.facebook.com\\\/SchweizerMusikzeitung\\\/\",\"https:\\\/\\\/x.com\\\/smusikzeitung\",\"https:\\\/\\\/www.instagram.com\\\/musikzeitung.ch\\\/\"]},{\"@type\":\"Person\",\"@id\":\"https:\\\/\\\/www.musikzeitung.ch\\\/#\\\/schema\\\/person\\\/b2fd892c800856270b9dcc6001265712\",\"name\":\"Musikzeitung-Redaktion\",\"image\":{\"@type\":\"ImageObject\",\"inLanguage\":\"it-IT\",\"@id\":\"https:\\\/\\\/www.musikzeitung.ch\\\/wp-content\\\/uploads\\\/2022\\\/05\\\/usericon_musikzeitung-96x96.jpg\",\"url\":\"https:\\\/\\\/www.musikzeitung.ch\\\/wp-content\\\/uploads\\\/2022\\\/05\\\/usericon_musikzeitung-96x96.jpg\",\"contentUrl\":\"https:\\\/\\\/www.musikzeitung.ch\\\/wp-content\\\/uploads\\\/2022\\\/05\\\/usericon_musikzeitung-96x96.jpg\",\"caption\":\"Musikzeitung-Redaktion\"},\"url\":\"https:\\\/\\\/www.musikzeitung.ch\\\/it\\\/author\\\/admin\"}]}<\/script>\n<!-- \/ Yoast SEO plugin. -->","yoast_head_json":{"title":"Il miglior musicista della citt\u00e0 - Schweizer Musikzeitung","robots":{"index":"index","follow":"follow","max-snippet":"max-snippet:-1","max-image-preview":"max-image-preview:large","max-video-preview":"max-video-preview:-1"},"canonical":"https:\/\/www.musikzeitung.ch\/it\/rezensionen\/2014\/03\/die-beste-musikerin-der-stadt\/","og_locale":"it_IT","og_type":"article","og_title":"Die beste Musikerin der Stadt - Schweizer Musikzeitung","og_description":"Caroline Boissier-Butini hatte es zu Beginn des 19. Jahrhunderts im calvinistischen Genf trotz grossb\u00fcrgerlicher Herkunft nicht leicht.","og_url":"https:\/\/www.musikzeitung.ch\/it\/rezensionen\/2014\/03\/die-beste-musikerin-der-stadt\/","og_site_name":"Schweizer Musikzeitung","article_publisher":"https:\/\/www.facebook.com\/SchweizerMusikzeitung\/","article_published_time":"2014-03-05T23:00:00+00:00","article_modified_time":"2023-10-24T13:48:12+00:00","og_image":[{"width":554,"height":426,"url":"https:\/\/www.musikzeitung.ch\/wp-content\/uploads\/2023\/01\/Boissier.jpg","type":"image\/jpeg"}],"author":"Musikzeitung-Redaktion","twitter_card":"summary_large_image","twitter_creator":"@smusikzeitung","twitter_site":"@smusikzeitung","twitter_misc":{"Scritto da":"Musikzeitung-Redaktion","Tempo di lettura stimato":"5 minuti"},"schema":{"@context":"https:\/\/schema.org","@graph":[{"@type":"Article","@id":"https:\/\/www.musikzeitung.ch\/rezensionen\/2014\/03\/die-beste-musikerin-der-stadt#article","isPartOf":{"@id":"https:\/\/www.musikzeitung.ch\/rezensionen\/2014\/03\/die-beste-musikerin-der-stadt"},"author":{"name":"Musikzeitung-Redaktion","@id":"https:\/\/www.musikzeitung.ch\/#\/schema\/person\/b2fd892c800856270b9dcc6001265712"},"headline":"Die beste Musikerin der Stadt","datePublished":"2014-03-05T23:00:00+00:00","dateModified":"2023-10-24T13:48:12+00:00","mainEntityOfPage":{"@id":"https:\/\/www.musikzeitung.ch\/rezensionen\/2014\/03\/die-beste-musikerin-der-stadt"},"wordCount":761,"publisher":{"@id":"https:\/\/www.musikzeitung.ch\/#organization"},"image":{"@id":"https:\/\/www.musikzeitung.ch\/rezensionen\/2014\/03\/die-beste-musikerin-der-stadt#primaryimage"},"thumbnailUrl":"https:\/\/www.musikzeitung.ch\/wp-content\/uploads\/2023\/01\/Boissier.jpg","articleSection":["B\u00fccher","Rezensionen"],"inLanguage":"it-IT"},{"@type":"WebPage","@id":"https:\/\/www.musikzeitung.ch\/rezensionen\/2014\/03\/die-beste-musikerin-der-stadt","url":"https:\/\/www.musikzeitung.ch\/rezensionen\/2014\/03\/die-beste-musikerin-der-stadt","name":"Il miglior musicista della citt\u00e0 - Schweizer Musikzeitung","isPartOf":{"@id":"https:\/\/www.musikzeitung.ch\/#website"},"primaryImageOfPage":{"@id":"https:\/\/www.musikzeitung.ch\/rezensionen\/2014\/03\/die-beste-musikerin-der-stadt#primaryimage"},"image":{"@id":"https:\/\/www.musikzeitung.ch\/rezensionen\/2014\/03\/die-beste-musikerin-der-stadt#primaryimage"},"thumbnailUrl":"https:\/\/www.musikzeitung.ch\/wp-content\/uploads\/2023\/01\/Boissier.jpg","datePublished":"2014-03-05T23:00:00+00:00","dateModified":"2023-10-24T13:48:12+00:00","breadcrumb":{"@id":"https:\/\/www.musikzeitung.ch\/rezensionen\/2014\/03\/die-beste-musikerin-der-stadt#breadcrumb"},"inLanguage":"it-IT","potentialAction":[{"@type":"ReadAction","target":["https:\/\/www.musikzeitung.ch\/rezensionen\/2014\/03\/die-beste-musikerin-der-stadt"]}]},{"@type":"ImageObject","inLanguage":"it-IT","@id":"https:\/\/www.musikzeitung.ch\/rezensionen\/2014\/03\/die-beste-musikerin-der-stadt#primaryimage","url":"https:\/\/www.musikzeitung.ch\/wp-content\/uploads\/2023\/01\/Boissier.jpg","contentUrl":"https:\/\/www.musikzeitung.ch\/wp-content\/uploads\/2023\/01\/Boissier.jpg","width":554,"height":426},{"@type":"BreadcrumbList","@id":"https:\/\/www.musikzeitung.ch\/rezensionen\/2014\/03\/die-beste-musikerin-der-stadt#breadcrumb","itemListElement":[{"@type":"ListItem","position":1,"name":"Home","item":"https:\/\/www.musikzeitung.ch\/"},{"@type":"ListItem","position":2,"name":"Die beste Musikerin der Stadt"}]},{"@type":"WebSite","@id":"https:\/\/www.musikzeitung.ch\/#website","url":"https:\/\/www.musikzeitung.ch\/","name":"Giornale musicale svizzero","description":"Il principale mensile interdisciplinare della Svizzera per le questioni musicali.","publisher":{"@id":"https:\/\/www.musikzeitung.ch\/#organization"},"potentialAction":[{"@type":"SearchAction","target":{"@type":"EntryPoint","urlTemplate":"https:\/\/www.musikzeitung.ch\/?s={search_term_string}"},"query-input":{"@type":"PropertyValueSpecification","valueRequired":true,"valueName":"search_term_string"}}],"inLanguage":"it-IT"},{"@type":"Organization","@id":"https:\/\/www.musikzeitung.ch\/#organization","name":"Giornale musicale svizzero","url":"https:\/\/www.musikzeitung.ch\/","logo":{"@type":"ImageObject","inLanguage":"it-IT","@id":"https:\/\/www.musikzeitung.ch\/#\/schema\/logo\/image\/","url":"https:\/\/www.musikzeitung.ch\/wp-content\/uploads\/2023\/01\/SMZ_Schriftzug_Sprache.png","contentUrl":"https:\/\/www.musikzeitung.ch\/wp-content\/uploads\/2023\/01\/SMZ_Schriftzug_Sprache.png","width":1400,"height":279,"caption":"Schweizer Musikzeitung"},"image":{"@id":"https:\/\/www.musikzeitung.ch\/#\/schema\/logo\/image\/"},"sameAs":["https:\/\/www.facebook.com\/SchweizerMusikzeitung\/","https:\/\/x.com\/smusikzeitung","https:\/\/www.instagram.com\/musikzeitung.ch\/"]},{"@type":"Person","@id":"https:\/\/www.musikzeitung.ch\/#\/schema\/person\/b2fd892c800856270b9dcc6001265712","name":"Redazione Musikzeitung","image":{"@type":"ImageObject","inLanguage":"it-IT","@id":"https:\/\/www.musikzeitung.ch\/wp-content\/uploads\/2022\/05\/usericon_musikzeitung-96x96.jpg","url":"https:\/\/www.musikzeitung.ch\/wp-content\/uploads\/2022\/05\/usericon_musikzeitung-96x96.jpg","contentUrl":"https:\/\/www.musikzeitung.ch\/wp-content\/uploads\/2022\/05\/usericon_musikzeitung-96x96.jpg","caption":"Musikzeitung-Redaktion"},"url":"https:\/\/www.musikzeitung.ch\/it\/author\/admin"}]}},"publishpress_future_workflow_manual_trigger":{"enabledWorkflows":[]},"_links":{"self":[{"href":"https:\/\/www.musikzeitung.ch\/it\/wp-json\/wp\/v2\/posts\/6417","targetHints":{"allow":["GET"]}}],"collection":[{"href":"https:\/\/www.musikzeitung.ch\/it\/wp-json\/wp\/v2\/posts"}],"about":[{"href":"https:\/\/www.musikzeitung.ch\/it\/wp-json\/wp\/v2\/types\/post"}],"author":[{"embeddable":true,"href":"https:\/\/www.musikzeitung.ch\/it\/wp-json\/wp\/v2\/users\/1"}],"replies":[{"embeddable":true,"href":"https:\/\/www.musikzeitung.ch\/it\/wp-json\/wp\/v2\/comments?post=6417"}],"version-history":[{"count":4,"href":"https:\/\/www.musikzeitung.ch\/it\/wp-json\/wp\/v2\/posts\/6417\/revisions"}],"predecessor-version":[{"id":48596,"href":"https:\/\/www.musikzeitung.ch\/it\/wp-json\/wp\/v2\/posts\/6417\/revisions\/48596"}],"wp:featuredmedia":[{"embeddable":true,"href":"https:\/\/www.musikzeitung.ch\/it\/wp-json\/wp\/v2\/media\/6418"}],"wp:attachment":[{"href":"https:\/\/www.musikzeitung.ch\/it\/wp-json\/wp\/v2\/media?parent=6417"}],"wp:term":[{"taxonomy":"category","embeddable":true,"href":"https:\/\/www.musikzeitung.ch\/it\/wp-json\/wp\/v2\/categories?post=6417"},{"taxonomy":"post_tag","embeddable":true,"href":"https:\/\/www.musikzeitung.ch\/it\/wp-json\/wp\/v2\/tags?post=6417"}],"curies":[{"name":"wp","href":"https:\/\/api.w.org\/{rel}","templated":true}]}}