{"id":6456,"date":"2013-09-01T00:00:00","date_gmt":"2013-08-31T23:00:00","guid":{"rendered":"https:\/\/www.musikzeitung.ch\/allgemein\/6456\/"},"modified":"2024-08-13T15:44:23","modified_gmt":"2024-08-13T13:44:23","slug":"6456","status":"publish","type":"post","link":"https:\/\/www.musikzeitung.ch\/it\/rezensionen\/buecher-rezensionen\/2013\/09\/6456","title":{"rendered":"Vettori sensoriali retrospettivi e previsionali"},"content":{"rendered":"<figure style=\"width: 554px\" class=\"wp-caption alignnone\"><img loading=\"lazy\" decoding=\"async\" src=\"https:\/\/www.musikzeitung.ch\/wp-content\/uploads\/2023\/01\/Leit-AUs.jpg\" alt=\"\" width=\"554\" height=\"348\" \/><figcaption class=\"wp-caption-text\">Estratto dalla copertina del libro<\/figcaption><\/figure>\n<div class=\"text-section\">\n<p>Il termine \"leitmotiv\" \u00e8 cos\u00ec strettamente associato ai drammi musicali di Wagner tra gli amanti della musica, e in una forma probabilmente troppo semplificata, che \u00e8 sempre necessario chiarire i malintesi accumulati. Non sono semplici simboli per cose come la spada o il castello, per personaggi come Tristano o Sieglinde o per concetti astratti come l'amore o l'inganno. Il titolo del libro di Melanie Wald e Wolfgang Fuhrmann <em>Intuizione e memoria<\/em> lo indica in modo inequivocabile: I leitmotiv si riferiscono a qualcosa di imminente (presagio) o di passato (ricordo), collegano la sequenza in avanti e all'indietro e sono molto pi\u00f9 che semplici segnali della trama - Wagner stesso parla di \"segnali emotivi\". Non \u00e8 nemmeno l'inventore del termine; Meyerbeer, Marschner e Berlioz lo hanno preceduto in questo senso, e solo i posteri di Wagner gli hanno riservato il termine \"leitmotiv\".<\/p>\n<p>Questo resoconto sottolinea instancabilmente quanto sia complesso l'uso dei motivi da parte di Wagner, che ne fa emergere le sfumature pi\u00f9 sottili variando pi\u00f9 volte una sequenza di note - attraverso la strumentazione, la modulazione o i cambiamenti ritmici - per cui molto pu\u00f2 essere scoperto solo ascoltando attentamente e ripetutamente. Quasi a ogni pagina si possono fare delle scoperte, supportate da numerosi esempi musicali riassunti alla fine del libro. Affascinante, ad esempio, \u00e8 la dimostrazione di come Wagner, nella <em>Il crepuscolo degli dei<\/em> crea un \"meccanismo di forza travolgente\" attraverso l'estrema compressione delle armonie, con un \"leitmotiv opaco\" e l'\"uso massiccio di gruppi strumentali per produrre il tipico suono misto\".<\/p>\n<p>Il testo \u00e8 molto facile da leggere e la struttura dei capitoli \u00e8 didatticamente esemplare. Tuttavia, le spiegazioni non possono essere semplificate a tal punto che \"questo libro sar\u00e0 comprensibile e accessibile anche ai lettori con poca o nessuna formazione musicale, anche se occasionalmente dovranno tollerare il gergo musicale-teorico\". Si tratta di un auspicio onorevole, ma in fondo pio, perch\u00e9 i soli esempi con riferimenti armonici non consentono di aumentare le conoscenze senza una formazione preliminare. Tuttavia, sarebbe auspicabile, anche da un punto di vista politico, che tali ambienti acquisissero maggiore consapevolezza, perch\u00e9 la falange dell'intollerante comunit\u00e0 wagneriana di persone ignoranti o semi-istruite \u00e8 ancora oggi la pi\u00f9 diffusa.<\/p>\n<\/div>\n<div class=\"text-section\">\n<dl class=\"picture media photo\">\n<dt><img decoding=\"async\" class=\"media photo aligncenter\" src=\"https:\/\/www.musikzeitung.ch\/wp-content\/uploads\/2023\/01\/LeitKlein.jpg\" alt=\"Image \" \/><\/dt>\n<\/dl>\n<\/div>\n<div class=\"text-section\">\n<p><em>Melanie Wald e Wolfgang Fuhrmann, <\/em><em>Intuizione e memoria - La drammaturgia dei leitmotiv in Richard Wagner, <\/em><em>269 S., \u20ac 24.95, <\/em><em>B\u00e4renreiter\/Henschel, Kassel 2013, <\/em><em>ISBN 978-3-7618-2260-9\u00a0<\/em><\/p>\n<\/div>","protected":false},"excerpt":{"rendered":"<p><strong>L'approccio di Wagner ai leitmotiv \u00e8 multistrato e permette alla trama di caricarsi di complessit\u00e0.<\/strong><\/p>","protected":false},"author":1,"featured_media":6457,"comment_status":"closed","ping_status":"closed","sticky":false,"template":"","format":"standard","meta":{"_acf_changed":false,"_relevanssi_hide_post":"","_relevanssi_hide_content":"","_relevanssi_pin_for_all":"","_relevanssi_pin_keywords":"","_relevanssi_unpin_keywords":"","_relevanssi_related_keywords":"","_relevanssi_related_include_ids":"","_relevanssi_related_exclude_ids":"","_relevanssi_related_no_append":"","_relevanssi_related_not_related":"","_relevanssi_related_posts":"","_relevanssi_noindex_reason":"","pgc_sgb_lightbox_settings":"","footnotes":""},"categories":[1214,29],"tags":[],"class_list":["post-6456","post","type-post","status-publish","format-standard","has-post-thumbnail","hentry","category-buecher-rezensionen","category-rezensionen"],"acf":[],"yoast_head":"<!-- This site is optimized with the Yoast SEO plugin v27.4 - https:\/\/yoast.com\/product\/yoast-seo-wordpress\/ -->\n<title>R\u00fcckblickende und vorausschauende Empfindungstr\u00e4ger - Schweizer Musikzeitung<\/title>\n<meta name=\"robots\" content=\"index, follow, max-snippet:-1, max-image-preview:large, max-video-preview:-1\" \/>\n<link rel=\"canonical\" href=\"https:\/\/www.musikzeitung.ch\/it\/rezensionen\/buecher-rezensionen\/2013\/09\/6456\/\" \/>\n<meta property=\"og:locale\" content=\"it_IT\" \/>\n<meta property=\"og:type\" content=\"article\" \/>\n<meta property=\"og:title\" content=\"R\u00fcckblickende und vorausschauende Empfindungstr\u00e4ger - Schweizer Musikzeitung\" \/>\n<meta property=\"og:description\" content=\"Wagners leitmotivisches Vorgehen ist vielschichtig und erm\u00f6glicht eine komplexe Aufladung der Handlung.\" \/>\n<meta property=\"og:url\" content=\"https:\/\/www.musikzeitung.ch\/it\/rezensionen\/buecher-rezensionen\/2013\/09\/6456\/\" \/>\n<meta property=\"og:site_name\" content=\"Schweizer Musikzeitung\" \/>\n<meta property=\"article:publisher\" content=\"https:\/\/www.facebook.com\/SchweizerMusikzeitung\/\" \/>\n<meta property=\"article:published_time\" content=\"2013-08-31T23:00:00+00:00\" \/>\n<meta property=\"article:modified_time\" content=\"2024-08-13T13:44:23+00:00\" \/>\n<meta property=\"og:image\" content=\"https:\/\/www.musikzeitung.ch\/wp-content\/uploads\/2023\/01\/Leit-AUs.jpg\" \/>\n\t<meta property=\"og:image:width\" content=\"554\" \/>\n\t<meta property=\"og:image:height\" content=\"348\" \/>\n\t<meta property=\"og:image:type\" content=\"image\/jpeg\" \/>\n<meta name=\"author\" content=\"Musikzeitung-Redaktion\" \/>\n<meta name=\"twitter:card\" content=\"summary_large_image\" \/>\n<meta name=\"twitter:creator\" content=\"@smusikzeitung\" \/>\n<meta name=\"twitter:site\" content=\"@smusikzeitung\" \/>\n<meta name=\"twitter:label1\" content=\"Scritto da\" \/>\n\t<meta name=\"twitter:data1\" content=\"Musikzeitung-Redaktion\" \/>\n\t<meta name=\"twitter:label2\" content=\"Tempo di lettura stimato\" \/>\n\t<meta name=\"twitter:data2\" content=\"3 minuti\" \/>\n<script type=\"application\/ld+json\" class=\"yoast-schema-graph\">{\"@context\":\"https:\\\/\\\/schema.org\",\"@graph\":[{\"@type\":\"Article\",\"@id\":\"https:\\\/\\\/www.musikzeitung.ch\\\/rezensionen\\\/buecher-rezensionen\\\/2013\\\/09\\\/6456#article\",\"isPartOf\":{\"@id\":\"https:\\\/\\\/www.musikzeitung.ch\\\/rezensionen\\\/buecher-rezensionen\\\/2013\\\/09\\\/6456\"},\"author\":{\"name\":\"Musikzeitung-Redaktion\",\"@id\":\"https:\\\/\\\/www.musikzeitung.ch\\\/#\\\/schema\\\/person\\\/b2fd892c800856270b9dcc6001265712\"},\"headline\":\"R\u00fcckblickende und vorausschauende Empfindungstr\u00e4ger\",\"datePublished\":\"2013-08-31T23:00:00+00:00\",\"dateModified\":\"2024-08-13T13:44:23+00:00\",\"mainEntityOfPage\":{\"@id\":\"https:\\\/\\\/www.musikzeitung.ch\\\/rezensionen\\\/buecher-rezensionen\\\/2013\\\/09\\\/6456\"},\"wordCount\":403,\"publisher\":{\"@id\":\"https:\\\/\\\/www.musikzeitung.ch\\\/#organization\"},\"image\":{\"@id\":\"https:\\\/\\\/www.musikzeitung.ch\\\/rezensionen\\\/buecher-rezensionen\\\/2013\\\/09\\\/6456#primaryimage\"},\"thumbnailUrl\":\"https:\\\/\\\/www.musikzeitung.ch\\\/wp-content\\\/uploads\\\/2023\\\/01\\\/Leit-AUs.jpg\",\"articleSection\":[\"B\u00fccher\",\"Rezensionen\"],\"inLanguage\":\"it-IT\"},{\"@type\":\"WebPage\",\"@id\":\"https:\\\/\\\/www.musikzeitung.ch\\\/rezensionen\\\/buecher-rezensionen\\\/2013\\\/09\\\/6456\",\"url\":\"https:\\\/\\\/www.musikzeitung.ch\\\/rezensionen\\\/buecher-rezensionen\\\/2013\\\/09\\\/6456\",\"name\":\"R\u00fcckblickende und vorausschauende Empfindungstr\u00e4ger - Schweizer Musikzeitung\",\"isPartOf\":{\"@id\":\"https:\\\/\\\/www.musikzeitung.ch\\\/#website\"},\"primaryImageOfPage\":{\"@id\":\"https:\\\/\\\/www.musikzeitung.ch\\\/rezensionen\\\/buecher-rezensionen\\\/2013\\\/09\\\/6456#primaryimage\"},\"image\":{\"@id\":\"https:\\\/\\\/www.musikzeitung.ch\\\/rezensionen\\\/buecher-rezensionen\\\/2013\\\/09\\\/6456#primaryimage\"},\"thumbnailUrl\":\"https:\\\/\\\/www.musikzeitung.ch\\\/wp-content\\\/uploads\\\/2023\\\/01\\\/Leit-AUs.jpg\",\"datePublished\":\"2013-08-31T23:00:00+00:00\",\"dateModified\":\"2024-08-13T13:44:23+00:00\",\"breadcrumb\":{\"@id\":\"https:\\\/\\\/www.musikzeitung.ch\\\/rezensionen\\\/buecher-rezensionen\\\/2013\\\/09\\\/6456#breadcrumb\"},\"inLanguage\":\"it-IT\",\"potentialAction\":[{\"@type\":\"ReadAction\",\"target\":[\"https:\\\/\\\/www.musikzeitung.ch\\\/rezensionen\\\/buecher-rezensionen\\\/2013\\\/09\\\/6456\"]}]},{\"@type\":\"ImageObject\",\"inLanguage\":\"it-IT\",\"@id\":\"https:\\\/\\\/www.musikzeitung.ch\\\/rezensionen\\\/buecher-rezensionen\\\/2013\\\/09\\\/6456#primaryimage\",\"url\":\"https:\\\/\\\/www.musikzeitung.ch\\\/wp-content\\\/uploads\\\/2023\\\/01\\\/Leit-AUs.jpg\",\"contentUrl\":\"https:\\\/\\\/www.musikzeitung.ch\\\/wp-content\\\/uploads\\\/2023\\\/01\\\/Leit-AUs.jpg\",\"width\":554,\"height\":348},{\"@type\":\"BreadcrumbList\",\"@id\":\"https:\\\/\\\/www.musikzeitung.ch\\\/rezensionen\\\/buecher-rezensionen\\\/2013\\\/09\\\/6456#breadcrumb\",\"itemListElement\":[{\"@type\":\"ListItem\",\"position\":1,\"name\":\"Home\",\"item\":\"https:\\\/\\\/www.musikzeitung.ch\\\/\"},{\"@type\":\"ListItem\",\"position\":2,\"name\":\"R\u00fcckblickende und vorausschauende Empfindungstr\u00e4ger\"}]},{\"@type\":\"WebSite\",\"@id\":\"https:\\\/\\\/www.musikzeitung.ch\\\/#website\",\"url\":\"https:\\\/\\\/www.musikzeitung.ch\\\/\",\"name\":\"Schweizer Musikzeitung\",\"description\":\"Die f\u00fchrende sparten\u00fcbergreifende Monatszeitung in der Schweiz f\u00fcr musikalische Fragen.\",\"publisher\":{\"@id\":\"https:\\\/\\\/www.musikzeitung.ch\\\/#organization\"},\"potentialAction\":[{\"@type\":\"SearchAction\",\"target\":{\"@type\":\"EntryPoint\",\"urlTemplate\":\"https:\\\/\\\/www.musikzeitung.ch\\\/?s={search_term_string}\"},\"query-input\":{\"@type\":\"PropertyValueSpecification\",\"valueRequired\":true,\"valueName\":\"search_term_string\"}}],\"inLanguage\":\"it-IT\"},{\"@type\":\"Organization\",\"@id\":\"https:\\\/\\\/www.musikzeitung.ch\\\/#organization\",\"name\":\"Schweizer Musikzeitung\",\"url\":\"https:\\\/\\\/www.musikzeitung.ch\\\/\",\"logo\":{\"@type\":\"ImageObject\",\"inLanguage\":\"it-IT\",\"@id\":\"https:\\\/\\\/www.musikzeitung.ch\\\/#\\\/schema\\\/logo\\\/image\\\/\",\"url\":\"https:\\\/\\\/www.musikzeitung.ch\\\/wp-content\\\/uploads\\\/2023\\\/01\\\/SMZ_Schriftzug_Sprache.png\",\"contentUrl\":\"https:\\\/\\\/www.musikzeitung.ch\\\/wp-content\\\/uploads\\\/2023\\\/01\\\/SMZ_Schriftzug_Sprache.png\",\"width\":1400,\"height\":279,\"caption\":\"Schweizer Musikzeitung\"},\"image\":{\"@id\":\"https:\\\/\\\/www.musikzeitung.ch\\\/#\\\/schema\\\/logo\\\/image\\\/\"},\"sameAs\":[\"https:\\\/\\\/www.facebook.com\\\/SchweizerMusikzeitung\\\/\",\"https:\\\/\\\/x.com\\\/smusikzeitung\",\"https:\\\/\\\/www.instagram.com\\\/musikzeitung.ch\\\/\"]},{\"@type\":\"Person\",\"@id\":\"https:\\\/\\\/www.musikzeitung.ch\\\/#\\\/schema\\\/person\\\/b2fd892c800856270b9dcc6001265712\",\"name\":\"Musikzeitung-Redaktion\",\"image\":{\"@type\":\"ImageObject\",\"inLanguage\":\"it-IT\",\"@id\":\"https:\\\/\\\/www.musikzeitung.ch\\\/wp-content\\\/uploads\\\/2022\\\/05\\\/usericon_musikzeitung-96x96.jpg\",\"url\":\"https:\\\/\\\/www.musikzeitung.ch\\\/wp-content\\\/uploads\\\/2022\\\/05\\\/usericon_musikzeitung-96x96.jpg\",\"contentUrl\":\"https:\\\/\\\/www.musikzeitung.ch\\\/wp-content\\\/uploads\\\/2022\\\/05\\\/usericon_musikzeitung-96x96.jpg\",\"caption\":\"Musikzeitung-Redaktion\"},\"url\":\"https:\\\/\\\/www.musikzeitung.ch\\\/it\\\/author\\\/admin\"}]}<\/script>\n<!-- \/ Yoast SEO plugin. -->","yoast_head_json":{"title":"Portatori di sentimenti retrospettivi e lungimiranti - Schweizer Musikzeitung","robots":{"index":"index","follow":"follow","max-snippet":"max-snippet:-1","max-image-preview":"max-image-preview:large","max-video-preview":"max-video-preview:-1"},"canonical":"https:\/\/www.musikzeitung.ch\/it\/rezensionen\/buecher-rezensionen\/2013\/09\/6456\/","og_locale":"it_IT","og_type":"article","og_title":"R\u00fcckblickende und vorausschauende Empfindungstr\u00e4ger - Schweizer Musikzeitung","og_description":"Wagners leitmotivisches Vorgehen ist vielschichtig und erm\u00f6glicht eine komplexe Aufladung der Handlung.","og_url":"https:\/\/www.musikzeitung.ch\/it\/rezensionen\/buecher-rezensionen\/2013\/09\/6456\/","og_site_name":"Schweizer Musikzeitung","article_publisher":"https:\/\/www.facebook.com\/SchweizerMusikzeitung\/","article_published_time":"2013-08-31T23:00:00+00:00","article_modified_time":"2024-08-13T13:44:23+00:00","og_image":[{"width":554,"height":348,"url":"https:\/\/www.musikzeitung.ch\/wp-content\/uploads\/2023\/01\/Leit-AUs.jpg","type":"image\/jpeg"}],"author":"Musikzeitung-Redaktion","twitter_card":"summary_large_image","twitter_creator":"@smusikzeitung","twitter_site":"@smusikzeitung","twitter_misc":{"Scritto da":"Musikzeitung-Redaktion","Tempo di lettura stimato":"3 minuti"},"schema":{"@context":"https:\/\/schema.org","@graph":[{"@type":"Article","@id":"https:\/\/www.musikzeitung.ch\/rezensionen\/buecher-rezensionen\/2013\/09\/6456#article","isPartOf":{"@id":"https:\/\/www.musikzeitung.ch\/rezensionen\/buecher-rezensionen\/2013\/09\/6456"},"author":{"name":"Musikzeitung-Redaktion","@id":"https:\/\/www.musikzeitung.ch\/#\/schema\/person\/b2fd892c800856270b9dcc6001265712"},"headline":"R\u00fcckblickende und vorausschauende Empfindungstr\u00e4ger","datePublished":"2013-08-31T23:00:00+00:00","dateModified":"2024-08-13T13:44:23+00:00","mainEntityOfPage":{"@id":"https:\/\/www.musikzeitung.ch\/rezensionen\/buecher-rezensionen\/2013\/09\/6456"},"wordCount":403,"publisher":{"@id":"https:\/\/www.musikzeitung.ch\/#organization"},"image":{"@id":"https:\/\/www.musikzeitung.ch\/rezensionen\/buecher-rezensionen\/2013\/09\/6456#primaryimage"},"thumbnailUrl":"https:\/\/www.musikzeitung.ch\/wp-content\/uploads\/2023\/01\/Leit-AUs.jpg","articleSection":["B\u00fccher","Rezensionen"],"inLanguage":"it-IT"},{"@type":"WebPage","@id":"https:\/\/www.musikzeitung.ch\/rezensionen\/buecher-rezensionen\/2013\/09\/6456","url":"https:\/\/www.musikzeitung.ch\/rezensionen\/buecher-rezensionen\/2013\/09\/6456","name":"Portatori di sentimenti retrospettivi e lungimiranti - Schweizer Musikzeitung","isPartOf":{"@id":"https:\/\/www.musikzeitung.ch\/#website"},"primaryImageOfPage":{"@id":"https:\/\/www.musikzeitung.ch\/rezensionen\/buecher-rezensionen\/2013\/09\/6456#primaryimage"},"image":{"@id":"https:\/\/www.musikzeitung.ch\/rezensionen\/buecher-rezensionen\/2013\/09\/6456#primaryimage"},"thumbnailUrl":"https:\/\/www.musikzeitung.ch\/wp-content\/uploads\/2023\/01\/Leit-AUs.jpg","datePublished":"2013-08-31T23:00:00+00:00","dateModified":"2024-08-13T13:44:23+00:00","breadcrumb":{"@id":"https:\/\/www.musikzeitung.ch\/rezensionen\/buecher-rezensionen\/2013\/09\/6456#breadcrumb"},"inLanguage":"it-IT","potentialAction":[{"@type":"ReadAction","target":["https:\/\/www.musikzeitung.ch\/rezensionen\/buecher-rezensionen\/2013\/09\/6456"]}]},{"@type":"ImageObject","inLanguage":"it-IT","@id":"https:\/\/www.musikzeitung.ch\/rezensionen\/buecher-rezensionen\/2013\/09\/6456#primaryimage","url":"https:\/\/www.musikzeitung.ch\/wp-content\/uploads\/2023\/01\/Leit-AUs.jpg","contentUrl":"https:\/\/www.musikzeitung.ch\/wp-content\/uploads\/2023\/01\/Leit-AUs.jpg","width":554,"height":348},{"@type":"BreadcrumbList","@id":"https:\/\/www.musikzeitung.ch\/rezensionen\/buecher-rezensionen\/2013\/09\/6456#breadcrumb","itemListElement":[{"@type":"ListItem","position":1,"name":"Home","item":"https:\/\/www.musikzeitung.ch\/"},{"@type":"ListItem","position":2,"name":"R\u00fcckblickende und vorausschauende Empfindungstr\u00e4ger"}]},{"@type":"WebSite","@id":"https:\/\/www.musikzeitung.ch\/#website","url":"https:\/\/www.musikzeitung.ch\/","name":"Giornale musicale svizzero","description":"Il principale mensile interdisciplinare della Svizzera per le questioni musicali.","publisher":{"@id":"https:\/\/www.musikzeitung.ch\/#organization"},"potentialAction":[{"@type":"SearchAction","target":{"@type":"EntryPoint","urlTemplate":"https:\/\/www.musikzeitung.ch\/?s={search_term_string}"},"query-input":{"@type":"PropertyValueSpecification","valueRequired":true,"valueName":"search_term_string"}}],"inLanguage":"it-IT"},{"@type":"Organization","@id":"https:\/\/www.musikzeitung.ch\/#organization","name":"Giornale musicale svizzero","url":"https:\/\/www.musikzeitung.ch\/","logo":{"@type":"ImageObject","inLanguage":"it-IT","@id":"https:\/\/www.musikzeitung.ch\/#\/schema\/logo\/image\/","url":"https:\/\/www.musikzeitung.ch\/wp-content\/uploads\/2023\/01\/SMZ_Schriftzug_Sprache.png","contentUrl":"https:\/\/www.musikzeitung.ch\/wp-content\/uploads\/2023\/01\/SMZ_Schriftzug_Sprache.png","width":1400,"height":279,"caption":"Schweizer Musikzeitung"},"image":{"@id":"https:\/\/www.musikzeitung.ch\/#\/schema\/logo\/image\/"},"sameAs":["https:\/\/www.facebook.com\/SchweizerMusikzeitung\/","https:\/\/x.com\/smusikzeitung","https:\/\/www.instagram.com\/musikzeitung.ch\/"]},{"@type":"Person","@id":"https:\/\/www.musikzeitung.ch\/#\/schema\/person\/b2fd892c800856270b9dcc6001265712","name":"Redazione Musikzeitung","image":{"@type":"ImageObject","inLanguage":"it-IT","@id":"https:\/\/www.musikzeitung.ch\/wp-content\/uploads\/2022\/05\/usericon_musikzeitung-96x96.jpg","url":"https:\/\/www.musikzeitung.ch\/wp-content\/uploads\/2022\/05\/usericon_musikzeitung-96x96.jpg","contentUrl":"https:\/\/www.musikzeitung.ch\/wp-content\/uploads\/2022\/05\/usericon_musikzeitung-96x96.jpg","caption":"Musikzeitung-Redaktion"},"url":"https:\/\/www.musikzeitung.ch\/it\/author\/admin"}]}},"publishpress_future_workflow_manual_trigger":{"enabledWorkflows":[]},"_links":{"self":[{"href":"https:\/\/www.musikzeitung.ch\/it\/wp-json\/wp\/v2\/posts\/6456","targetHints":{"allow":["GET"]}}],"collection":[{"href":"https:\/\/www.musikzeitung.ch\/it\/wp-json\/wp\/v2\/posts"}],"about":[{"href":"https:\/\/www.musikzeitung.ch\/it\/wp-json\/wp\/v2\/types\/post"}],"author":[{"embeddable":true,"href":"https:\/\/www.musikzeitung.ch\/it\/wp-json\/wp\/v2\/users\/1"}],"replies":[{"embeddable":true,"href":"https:\/\/www.musikzeitung.ch\/it\/wp-json\/wp\/v2\/comments?post=6456"}],"version-history":[{"count":3,"href":"https:\/\/www.musikzeitung.ch\/it\/wp-json\/wp\/v2\/posts\/6456\/revisions"}],"predecessor-version":[{"id":56735,"href":"https:\/\/www.musikzeitung.ch\/it\/wp-json\/wp\/v2\/posts\/6456\/revisions\/56735"}],"wp:featuredmedia":[{"embeddable":true,"href":"https:\/\/www.musikzeitung.ch\/it\/wp-json\/wp\/v2\/media\/6457"}],"wp:attachment":[{"href":"https:\/\/www.musikzeitung.ch\/it\/wp-json\/wp\/v2\/media?parent=6456"}],"wp:term":[{"taxonomy":"category","embeddable":true,"href":"https:\/\/www.musikzeitung.ch\/it\/wp-json\/wp\/v2\/categories?post=6456"},{"taxonomy":"post_tag","embeddable":true,"href":"https:\/\/www.musikzeitung.ch\/it\/wp-json\/wp\/v2\/tags?post=6456"}],"curies":[{"name":"wp","href":"https:\/\/api.w.org\/{rel}","templated":true}]}}