{"id":64627,"date":"2025-04-25T09:17:53","date_gmt":"2025-04-25T07:17:53","guid":{"rendered":"https:\/\/www.musikzeitung.ch\/?p=64627"},"modified":"2025-04-28T07:58:58","modified_gmt":"2025-04-28T05:58:58","slug":"lionel-bringuier-wird-musikdirektor-in-liege","status":"publish","type":"post","link":"https:\/\/www.musikzeitung.ch\/it\/news\/2025\/04\/lionel-bringuier-wird-musikdirektor-in-liege","title":{"rendered":"Lionel Bringuier diventa direttore musicale a Liegi"},"content":{"rendered":"<figure id=\"attachment_50256\" aria-describedby=\"caption-attachment-50256\" style=\"width: 768px\" class=\"wp-caption alignnone\"><img loading=\"lazy\" decoding=\"async\" class=\"size-large wp-image-50256\" src=\"https:\/\/www.musikzeitung.ch\/wp-content\/uploads\/2023\/12\/231215nizza-1024x690.jpg\" alt=\"\" width=\"768\" height=\"518\" srcset=\"https:\/\/www.musikzeitung.ch\/wp-content\/uploads\/2023\/12\/231215nizza-1024x690.jpg 1024w, https:\/\/www.musikzeitung.ch\/wp-content\/uploads\/2023\/12\/231215nizza-300x202.jpg 300w, https:\/\/www.musikzeitung.ch\/wp-content\/uploads\/2023\/12\/231215nizza-768x517.jpg 768w, https:\/\/www.musikzeitung.ch\/wp-content\/uploads\/2023\/12\/231215nizza-260x175.jpg 260w, https:\/\/www.musikzeitung.ch\/wp-content\/uploads\/2023\/12\/231215nizza-519x350.jpg 519w, https:\/\/www.musikzeitung.ch\/wp-content\/uploads\/2023\/12\/231215nizza-920x620.jpg 920w, https:\/\/www.musikzeitung.ch\/wp-content\/uploads\/2023\/12\/231215nizza.jpg 1177w\" sizes=\"auto, (max-width: 768px) 100vw, 768px\" \/><figcaption id=\"caption-attachment-50256\" class=\"wp-caption-text\">Lionel Bringuier (Immagine: Simon Pauly)<\/figcaption><\/figure>\n<p>Bringuier \u00e8 stato direttore musicale dell'Orchestra della Tonhalle di Zurigo dal 2014 al 2018. Ha inoltre ricoperto incarichi di direzione con l'Orquesta Sinf\u00f3nica de Castilla y Le\u00f3n a Valladolid, l'Orchestre de Bretagne e l'Ensemble Orchestral de Paris. Bringuier ha studiato violoncello a Parigi e direzione d'orchestra con Zsolt Nagy. Nel 2005 ha vinto il concorso per giovani direttori d'orchestra a Besan\u00e7on.<\/p>\n<p>Fondata nel 1960, l'Orchestre Philharmonique Royal de Li\u00e8ge (OPRL) \u00e8 l'unica orchestra sinfonica professionale della parte francofona del Belgio. Dalla sua fondazione, ha commissionato numerose opere a compositori belgi e internazionali e ha ricevuto l'incarico di eseguire in prima assoluta diverse opere. Pu\u00f2 vantare pi\u00f9 di 130 prime mondiali.<\/p>","protected":false},"excerpt":{"rendered":"<p>Lionel Bringuier, ex direttore principale dell'Orchestra della Tonhalle di Zurigo, \u00e8 stato nominato direttore musicale dell'Orchestre Philharmonique Royal de Li\u00e8ge. Succede a Gergely Madaras in questa posizione.<\/p>","protected":false},"author":30,"featured_media":50256,"comment_status":"closed","ping_status":"closed","sticky":false,"template":"","format":"standard","meta":{"_acf_changed":false,"_relevanssi_hide_post":"","_relevanssi_hide_content":"","_relevanssi_pin_for_all":"","_relevanssi_pin_keywords":"","_relevanssi_unpin_keywords":"","_relevanssi_related_keywords":"","_relevanssi_related_include_ids":"","_relevanssi_related_exclude_ids":"","_relevanssi_related_no_append":"","_relevanssi_related_not_related":"","_relevanssi_related_posts":"","_relevanssi_noindex_reason":"","pgc_sgb_lightbox_settings":"","footnotes":""},"categories":[27],"tags":[3515,3617],"class_list":["post-64627","post","type-post","status-publish","format-standard","has-post-thumbnail","hentry","category-news","tag-lionel-bringuier","tag-orchestre-philharmonique-royal-de-liege"],"acf":[],"yoast_head":"<!-- This site is optimized with the Yoast SEO plugin v27.4 - https:\/\/yoast.com\/product\/yoast-seo-wordpress\/ -->\n<title>Lionel Bringuier wird Musikdirektor in Li\u00e8ge - Schweizer Musikzeitung<\/title>\n<meta name=\"description\" content=\"Lionel Bringuier, der fr\u00fchere Chefdirigent des Z\u00fcrcher Tonhalle-Orchesters, wird Musikdirektor des Orchestre Philharmonique Royal de Li\u00e8ge.\" \/>\n<meta name=\"robots\" content=\"index, follow, max-snippet:-1, max-image-preview:large, max-video-preview:-1\" \/>\n<link rel=\"canonical\" href=\"https:\/\/www.musikzeitung.ch\/it\/news\/2025\/04\/lionel-bringuier-wird-musikdirektor-in-liege\/\" \/>\n<meta property=\"og:locale\" content=\"it_IT\" \/>\n<meta property=\"og:type\" content=\"article\" \/>\n<meta property=\"og:title\" content=\"Lionel Bringuier wird Musikdirektor in Li\u00e8ge - Schweizer Musikzeitung\" \/>\n<meta property=\"og:description\" content=\"Lionel Bringuier, der fr\u00fchere Chefdirigent des Z\u00fcrcher Tonhalle-Orchesters, wird Musikdirektor des Orchestre Philharmonique Royal de Li\u00e8ge.\" \/>\n<meta property=\"og:url\" content=\"https:\/\/www.musikzeitung.ch\/it\/news\/2025\/04\/lionel-bringuier-wird-musikdirektor-in-liege\/\" \/>\n<meta property=\"og:site_name\" content=\"Schweizer Musikzeitung\" \/>\n<meta property=\"article:publisher\" content=\"https:\/\/www.facebook.com\/SchweizerMusikzeitung\/\" \/>\n<meta property=\"article:author\" content=\"https:\/\/www.facebook.com\/wolfgang.bohler.75\" \/>\n<meta property=\"article:published_time\" content=\"2025-04-25T07:17:53+00:00\" \/>\n<meta property=\"article:modified_time\" content=\"2025-04-28T05:58:58+00:00\" \/>\n<meta property=\"og:image\" content=\"https:\/\/www.musikzeitung.ch\/wp-content\/uploads\/2023\/12\/231215nizza.jpg\" \/>\n\t<meta property=\"og:image:width\" content=\"1177\" \/>\n\t<meta property=\"og:image:height\" content=\"793\" \/>\n\t<meta property=\"og:image:type\" content=\"image\/jpeg\" \/>\n<meta name=\"author\" content=\"Wolfgang B\u00f6hler\" \/>\n<meta name=\"twitter:card\" content=\"summary_large_image\" \/>\n<meta name=\"twitter:creator\" content=\"@smusikzeitung\" \/>\n<meta name=\"twitter:site\" content=\"@smusikzeitung\" \/>\n<meta name=\"twitter:label1\" content=\"Scritto da\" \/>\n\t<meta name=\"twitter:data1\" content=\"Wolfgang B\u00f6hler\" \/>\n\t<meta name=\"twitter:label2\" content=\"Tempo di lettura stimato\" \/>\n\t<meta name=\"twitter:data2\" content=\"2 minuti\" \/>\n<script type=\"application\/ld+json\" class=\"yoast-schema-graph\">{\"@context\":\"https:\\\/\\\/schema.org\",\"@graph\":[{\"@type\":\"Article\",\"@id\":\"https:\\\/\\\/www.musikzeitung.ch\\\/news\\\/2025\\\/04\\\/lionel-bringuier-wird-musikdirektor-in-liege#article\",\"isPartOf\":{\"@id\":\"https:\\\/\\\/www.musikzeitung.ch\\\/news\\\/2025\\\/04\\\/lionel-bringuier-wird-musikdirektor-in-liege\"},\"author\":{\"name\":\"Wolfgang B\u00f6hler\",\"@id\":\"https:\\\/\\\/www.musikzeitung.ch\\\/#\\\/schema\\\/person\\\/0da4fb82d243f1252850a35d0e87cf0c\"},\"headline\":\"Lionel Bringuier wird Musikdirektor in Li\u00e8ge\",\"datePublished\":\"2025-04-25T07:17:53+00:00\",\"dateModified\":\"2025-04-28T05:58:58+00:00\",\"mainEntityOfPage\":{\"@id\":\"https:\\\/\\\/www.musikzeitung.ch\\\/news\\\/2025\\\/04\\\/lionel-bringuier-wird-musikdirektor-in-liege\"},\"wordCount\":128,\"publisher\":{\"@id\":\"https:\\\/\\\/www.musikzeitung.ch\\\/#organization\"},\"image\":{\"@id\":\"https:\\\/\\\/www.musikzeitung.ch\\\/news\\\/2025\\\/04\\\/lionel-bringuier-wird-musikdirektor-in-liege#primaryimage\"},\"thumbnailUrl\":\"https:\\\/\\\/www.musikzeitung.ch\\\/wp-content\\\/uploads\\\/2023\\\/12\\\/231215nizza.jpg\",\"keywords\":[\"Lionel Bringuier\",\"Orchestre Philharmonique Royal de Li\u00e8ge\"],\"articleSection\":[\"News\"],\"inLanguage\":\"it-IT\"},{\"@type\":\"WebPage\",\"@id\":\"https:\\\/\\\/www.musikzeitung.ch\\\/news\\\/2025\\\/04\\\/lionel-bringuier-wird-musikdirektor-in-liege\",\"url\":\"https:\\\/\\\/www.musikzeitung.ch\\\/news\\\/2025\\\/04\\\/lionel-bringuier-wird-musikdirektor-in-liege\",\"name\":\"Lionel Bringuier wird Musikdirektor in Li\u00e8ge - Schweizer Musikzeitung\",\"isPartOf\":{\"@id\":\"https:\\\/\\\/www.musikzeitung.ch\\\/#website\"},\"primaryImageOfPage\":{\"@id\":\"https:\\\/\\\/www.musikzeitung.ch\\\/news\\\/2025\\\/04\\\/lionel-bringuier-wird-musikdirektor-in-liege#primaryimage\"},\"image\":{\"@id\":\"https:\\\/\\\/www.musikzeitung.ch\\\/news\\\/2025\\\/04\\\/lionel-bringuier-wird-musikdirektor-in-liege#primaryimage\"},\"thumbnailUrl\":\"https:\\\/\\\/www.musikzeitung.ch\\\/wp-content\\\/uploads\\\/2023\\\/12\\\/231215nizza.jpg\",\"datePublished\":\"2025-04-25T07:17:53+00:00\",\"dateModified\":\"2025-04-28T05:58:58+00:00\",\"description\":\"Lionel Bringuier, der fr\u00fchere Chefdirigent des Z\u00fcrcher Tonhalle-Orchesters, wird Musikdirektor des Orchestre Philharmonique Royal de Li\u00e8ge.\",\"breadcrumb\":{\"@id\":\"https:\\\/\\\/www.musikzeitung.ch\\\/news\\\/2025\\\/04\\\/lionel-bringuier-wird-musikdirektor-in-liege#breadcrumb\"},\"inLanguage\":\"it-IT\",\"potentialAction\":[{\"@type\":\"ReadAction\",\"target\":[\"https:\\\/\\\/www.musikzeitung.ch\\\/news\\\/2025\\\/04\\\/lionel-bringuier-wird-musikdirektor-in-liege\"]}]},{\"@type\":\"ImageObject\",\"inLanguage\":\"it-IT\",\"@id\":\"https:\\\/\\\/www.musikzeitung.ch\\\/news\\\/2025\\\/04\\\/lionel-bringuier-wird-musikdirektor-in-liege#primaryimage\",\"url\":\"https:\\\/\\\/www.musikzeitung.ch\\\/wp-content\\\/uploads\\\/2023\\\/12\\\/231215nizza.jpg\",\"contentUrl\":\"https:\\\/\\\/www.musikzeitung.ch\\\/wp-content\\\/uploads\\\/2023\\\/12\\\/231215nizza.jpg\",\"width\":1177,\"height\":793,\"caption\":\"Lionel Bringuier (Bild: Simon Pauly)\"},{\"@type\":\"BreadcrumbList\",\"@id\":\"https:\\\/\\\/www.musikzeitung.ch\\\/news\\\/2025\\\/04\\\/lionel-bringuier-wird-musikdirektor-in-liege#breadcrumb\",\"itemListElement\":[{\"@type\":\"ListItem\",\"position\":1,\"name\":\"Home\",\"item\":\"https:\\\/\\\/www.musikzeitung.ch\\\/\"},{\"@type\":\"ListItem\",\"position\":2,\"name\":\"Lionel Bringuier wird Musikdirektor in Li\u00e8ge\"}]},{\"@type\":\"WebSite\",\"@id\":\"https:\\\/\\\/www.musikzeitung.ch\\\/#website\",\"url\":\"https:\\\/\\\/www.musikzeitung.ch\\\/\",\"name\":\"Schweizer Musikzeitung\",\"description\":\"Die f\u00fchrende sparten\u00fcbergreifende Monatszeitung in der Schweiz f\u00fcr musikalische Fragen.\",\"publisher\":{\"@id\":\"https:\\\/\\\/www.musikzeitung.ch\\\/#organization\"},\"potentialAction\":[{\"@type\":\"SearchAction\",\"target\":{\"@type\":\"EntryPoint\",\"urlTemplate\":\"https:\\\/\\\/www.musikzeitung.ch\\\/?s={search_term_string}\"},\"query-input\":{\"@type\":\"PropertyValueSpecification\",\"valueRequired\":true,\"valueName\":\"search_term_string\"}}],\"inLanguage\":\"it-IT\"},{\"@type\":\"Organization\",\"@id\":\"https:\\\/\\\/www.musikzeitung.ch\\\/#organization\",\"name\":\"Schweizer Musikzeitung\",\"url\":\"https:\\\/\\\/www.musikzeitung.ch\\\/\",\"logo\":{\"@type\":\"ImageObject\",\"inLanguage\":\"it-IT\",\"@id\":\"https:\\\/\\\/www.musikzeitung.ch\\\/#\\\/schema\\\/logo\\\/image\\\/\",\"url\":\"https:\\\/\\\/www.musikzeitung.ch\\\/wp-content\\\/uploads\\\/2023\\\/01\\\/SMZ_Schriftzug_Sprache.png\",\"contentUrl\":\"https:\\\/\\\/www.musikzeitung.ch\\\/wp-content\\\/uploads\\\/2023\\\/01\\\/SMZ_Schriftzug_Sprache.png\",\"width\":1400,\"height\":279,\"caption\":\"Schweizer Musikzeitung\"},\"image\":{\"@id\":\"https:\\\/\\\/www.musikzeitung.ch\\\/#\\\/schema\\\/logo\\\/image\\\/\"},\"sameAs\":[\"https:\\\/\\\/www.facebook.com\\\/SchweizerMusikzeitung\\\/\",\"https:\\\/\\\/x.com\\\/smusikzeitung\",\"https:\\\/\\\/www.instagram.com\\\/musikzeitung.ch\\\/\"]},{\"@type\":\"Person\",\"@id\":\"https:\\\/\\\/www.musikzeitung.ch\\\/#\\\/schema\\\/person\\\/0da4fb82d243f1252850a35d0e87cf0c\",\"name\":\"Wolfgang B\u00f6hler\",\"image\":{\"@type\":\"ImageObject\",\"inLanguage\":\"it-IT\",\"@id\":\"https:\\\/\\\/www.musikzeitung.ch\\\/wp-content\\\/uploads\\\/2023\\\/01\\\/boehler_portraet_web-e1674139782246-96x96.jpg\",\"url\":\"https:\\\/\\\/www.musikzeitung.ch\\\/wp-content\\\/uploads\\\/2023\\\/01\\\/boehler_portraet_web-e1674139782246-96x96.jpg\",\"contentUrl\":\"https:\\\/\\\/www.musikzeitung.ch\\\/wp-content\\\/uploads\\\/2023\\\/01\\\/boehler_portraet_web-e1674139782246-96x96.jpg\",\"caption\":\"Wolfgang B\u00f6hler\"},\"sameAs\":[\"http:\\\/\\\/www.manacanto.ch\",\"https:\\\/\\\/www.facebook.com\\\/wolfgang.bohler.75\"],\"url\":\"https:\\\/\\\/www.musikzeitung.ch\\\/it\\\/author\\\/wolfgang-boehler\"}]}<\/script>\n<!-- \/ Yoast SEO plugin. -->","yoast_head_json":{"title":"Lionel Bringuier diventa direttore musicale a Liegi - Schweizer Musikzeitung","description":"Lionel Bringuier, ex direttore principale dell'Orchestra della Tonhalle di Zurigo, diventa direttore musicale dell'Orchestre Philharmonique Royal de Li\u00e8ge.","robots":{"index":"index","follow":"follow","max-snippet":"max-snippet:-1","max-image-preview":"max-image-preview:large","max-video-preview":"max-video-preview:-1"},"canonical":"https:\/\/www.musikzeitung.ch\/it\/news\/2025\/04\/lionel-bringuier-wird-musikdirektor-in-liege\/","og_locale":"it_IT","og_type":"article","og_title":"Lionel Bringuier wird Musikdirektor in Li\u00e8ge - Schweizer Musikzeitung","og_description":"Lionel Bringuier, der fr\u00fchere Chefdirigent des Z\u00fcrcher Tonhalle-Orchesters, wird Musikdirektor des Orchestre Philharmonique Royal de Li\u00e8ge.","og_url":"https:\/\/www.musikzeitung.ch\/it\/news\/2025\/04\/lionel-bringuier-wird-musikdirektor-in-liege\/","og_site_name":"Schweizer Musikzeitung","article_publisher":"https:\/\/www.facebook.com\/SchweizerMusikzeitung\/","article_author":"https:\/\/www.facebook.com\/wolfgang.bohler.75","article_published_time":"2025-04-25T07:17:53+00:00","article_modified_time":"2025-04-28T05:58:58+00:00","og_image":[{"width":1177,"height":793,"url":"https:\/\/www.musikzeitung.ch\/wp-content\/uploads\/2023\/12\/231215nizza.jpg","type":"image\/jpeg"}],"author":"Wolfgang B\u00f6hler","twitter_card":"summary_large_image","twitter_creator":"@smusikzeitung","twitter_site":"@smusikzeitung","twitter_misc":{"Scritto da":"Wolfgang B\u00f6hler","Tempo di lettura stimato":"2 minuti"},"schema":{"@context":"https:\/\/schema.org","@graph":[{"@type":"Article","@id":"https:\/\/www.musikzeitung.ch\/news\/2025\/04\/lionel-bringuier-wird-musikdirektor-in-liege#article","isPartOf":{"@id":"https:\/\/www.musikzeitung.ch\/news\/2025\/04\/lionel-bringuier-wird-musikdirektor-in-liege"},"author":{"name":"Wolfgang B\u00f6hler","@id":"https:\/\/www.musikzeitung.ch\/#\/schema\/person\/0da4fb82d243f1252850a35d0e87cf0c"},"headline":"Lionel Bringuier wird Musikdirektor in Li\u00e8ge","datePublished":"2025-04-25T07:17:53+00:00","dateModified":"2025-04-28T05:58:58+00:00","mainEntityOfPage":{"@id":"https:\/\/www.musikzeitung.ch\/news\/2025\/04\/lionel-bringuier-wird-musikdirektor-in-liege"},"wordCount":128,"publisher":{"@id":"https:\/\/www.musikzeitung.ch\/#organization"},"image":{"@id":"https:\/\/www.musikzeitung.ch\/news\/2025\/04\/lionel-bringuier-wird-musikdirektor-in-liege#primaryimage"},"thumbnailUrl":"https:\/\/www.musikzeitung.ch\/wp-content\/uploads\/2023\/12\/231215nizza.jpg","keywords":["Lionel Bringuier","Orchestre Philharmonique Royal de Li\u00e8ge"],"articleSection":["News"],"inLanguage":"it-IT"},{"@type":"WebPage","@id":"https:\/\/www.musikzeitung.ch\/news\/2025\/04\/lionel-bringuier-wird-musikdirektor-in-liege","url":"https:\/\/www.musikzeitung.ch\/news\/2025\/04\/lionel-bringuier-wird-musikdirektor-in-liege","name":"Lionel Bringuier diventa direttore musicale a Liegi - Schweizer Musikzeitung","isPartOf":{"@id":"https:\/\/www.musikzeitung.ch\/#website"},"primaryImageOfPage":{"@id":"https:\/\/www.musikzeitung.ch\/news\/2025\/04\/lionel-bringuier-wird-musikdirektor-in-liege#primaryimage"},"image":{"@id":"https:\/\/www.musikzeitung.ch\/news\/2025\/04\/lionel-bringuier-wird-musikdirektor-in-liege#primaryimage"},"thumbnailUrl":"https:\/\/www.musikzeitung.ch\/wp-content\/uploads\/2023\/12\/231215nizza.jpg","datePublished":"2025-04-25T07:17:53+00:00","dateModified":"2025-04-28T05:58:58+00:00","description":"Lionel Bringuier, ex direttore principale dell'Orchestra della Tonhalle di Zurigo, diventa direttore musicale dell'Orchestre Philharmonique Royal de Li\u00e8ge.","breadcrumb":{"@id":"https:\/\/www.musikzeitung.ch\/news\/2025\/04\/lionel-bringuier-wird-musikdirektor-in-liege#breadcrumb"},"inLanguage":"it-IT","potentialAction":[{"@type":"ReadAction","target":["https:\/\/www.musikzeitung.ch\/news\/2025\/04\/lionel-bringuier-wird-musikdirektor-in-liege"]}]},{"@type":"ImageObject","inLanguage":"it-IT","@id":"https:\/\/www.musikzeitung.ch\/news\/2025\/04\/lionel-bringuier-wird-musikdirektor-in-liege#primaryimage","url":"https:\/\/www.musikzeitung.ch\/wp-content\/uploads\/2023\/12\/231215nizza.jpg","contentUrl":"https:\/\/www.musikzeitung.ch\/wp-content\/uploads\/2023\/12\/231215nizza.jpg","width":1177,"height":793,"caption":"Lionel Bringuier (Bild: Simon Pauly)"},{"@type":"BreadcrumbList","@id":"https:\/\/www.musikzeitung.ch\/news\/2025\/04\/lionel-bringuier-wird-musikdirektor-in-liege#breadcrumb","itemListElement":[{"@type":"ListItem","position":1,"name":"Home","item":"https:\/\/www.musikzeitung.ch\/"},{"@type":"ListItem","position":2,"name":"Lionel Bringuier wird Musikdirektor in Li\u00e8ge"}]},{"@type":"WebSite","@id":"https:\/\/www.musikzeitung.ch\/#website","url":"https:\/\/www.musikzeitung.ch\/","name":"Giornale musicale svizzero","description":"Il principale mensile interdisciplinare della Svizzera per le questioni musicali.","publisher":{"@id":"https:\/\/www.musikzeitung.ch\/#organization"},"potentialAction":[{"@type":"SearchAction","target":{"@type":"EntryPoint","urlTemplate":"https:\/\/www.musikzeitung.ch\/?s={search_term_string}"},"query-input":{"@type":"PropertyValueSpecification","valueRequired":true,"valueName":"search_term_string"}}],"inLanguage":"it-IT"},{"@type":"Organization","@id":"https:\/\/www.musikzeitung.ch\/#organization","name":"Giornale musicale svizzero","url":"https:\/\/www.musikzeitung.ch\/","logo":{"@type":"ImageObject","inLanguage":"it-IT","@id":"https:\/\/www.musikzeitung.ch\/#\/schema\/logo\/image\/","url":"https:\/\/www.musikzeitung.ch\/wp-content\/uploads\/2023\/01\/SMZ_Schriftzug_Sprache.png","contentUrl":"https:\/\/www.musikzeitung.ch\/wp-content\/uploads\/2023\/01\/SMZ_Schriftzug_Sprache.png","width":1400,"height":279,"caption":"Schweizer Musikzeitung"},"image":{"@id":"https:\/\/www.musikzeitung.ch\/#\/schema\/logo\/image\/"},"sameAs":["https:\/\/www.facebook.com\/SchweizerMusikzeitung\/","https:\/\/x.com\/smusikzeitung","https:\/\/www.instagram.com\/musikzeitung.ch\/"]},{"@type":"Person","@id":"https:\/\/www.musikzeitung.ch\/#\/schema\/person\/0da4fb82d243f1252850a35d0e87cf0c","name":"Wolfgang B\u00f6hler","image":{"@type":"ImageObject","inLanguage":"it-IT","@id":"https:\/\/www.musikzeitung.ch\/wp-content\/uploads\/2023\/01\/boehler_portraet_web-e1674139782246-96x96.jpg","url":"https:\/\/www.musikzeitung.ch\/wp-content\/uploads\/2023\/01\/boehler_portraet_web-e1674139782246-96x96.jpg","contentUrl":"https:\/\/www.musikzeitung.ch\/wp-content\/uploads\/2023\/01\/boehler_portraet_web-e1674139782246-96x96.jpg","caption":"Wolfgang B\u00f6hler"},"sameAs":["http:\/\/www.manacanto.ch","https:\/\/www.facebook.com\/wolfgang.bohler.75"],"url":"https:\/\/www.musikzeitung.ch\/it\/author\/wolfgang-boehler"}]}},"publishpress_future_workflow_manual_trigger":{"enabledWorkflows":[]},"_links":{"self":[{"href":"https:\/\/www.musikzeitung.ch\/it\/wp-json\/wp\/v2\/posts\/64627","targetHints":{"allow":["GET"]}}],"collection":[{"href":"https:\/\/www.musikzeitung.ch\/it\/wp-json\/wp\/v2\/posts"}],"about":[{"href":"https:\/\/www.musikzeitung.ch\/it\/wp-json\/wp\/v2\/types\/post"}],"author":[{"embeddable":true,"href":"https:\/\/www.musikzeitung.ch\/it\/wp-json\/wp\/v2\/users\/30"}],"replies":[{"embeddable":true,"href":"https:\/\/www.musikzeitung.ch\/it\/wp-json\/wp\/v2\/comments?post=64627"}],"version-history":[{"count":3,"href":"https:\/\/www.musikzeitung.ch\/it\/wp-json\/wp\/v2\/posts\/64627\/revisions"}],"predecessor-version":[{"id":64630,"href":"https:\/\/www.musikzeitung.ch\/it\/wp-json\/wp\/v2\/posts\/64627\/revisions\/64630"}],"wp:featuredmedia":[{"embeddable":true,"href":"https:\/\/www.musikzeitung.ch\/it\/wp-json\/wp\/v2\/media\/50256"}],"wp:attachment":[{"href":"https:\/\/www.musikzeitung.ch\/it\/wp-json\/wp\/v2\/media?parent=64627"}],"wp:term":[{"taxonomy":"category","embeddable":true,"href":"https:\/\/www.musikzeitung.ch\/it\/wp-json\/wp\/v2\/categories?post=64627"},{"taxonomy":"post_tag","embeddable":true,"href":"https:\/\/www.musikzeitung.ch\/it\/wp-json\/wp\/v2\/tags?post=64627"}],"curies":[{"name":"wp","href":"https:\/\/api.w.org\/{rel}","templated":true}]}}