{"id":64743,"date":"2025-05-05T19:55:02","date_gmt":"2025-05-05T17:55:02","guid":{"rendered":"https:\/\/www.musikzeitung.ch\/?p=64743"},"modified":"2025-05-06T16:14:32","modified_gmt":"2025-05-06T14:14:32","slug":"emotionsgeladenes-geigenkonzert","status":"publish","type":"post","link":"https:\/\/www.musikzeitung.ch\/it\/rezensionen\/tontraeger-rezensionen\/2025\/05\/emotionsgeladenes-geigenkonzert","title":{"rendered":"Concerto di violino carico di emozioni"},"content":{"rendered":"<figure id=\"attachment_64744\" aria-describedby=\"caption-attachment-64744\" style=\"width: 1150px\" class=\"wp-caption alignnone\"><img loading=\"lazy\" decoding=\"async\" class=\"wp-image-64744 size-full\" src=\"https:\/\/www.musikzeitung.ch\/wp-content\/uploads\/2025\/04\/4_AntjeWeithaas_CR_MarcoBorggreve.jpg\" alt=\"\" width=\"1150\" height=\"766\" srcset=\"https:\/\/www.musikzeitung.ch\/wp-content\/uploads\/2025\/04\/4_AntjeWeithaas_CR_MarcoBorggreve.jpg 1150w, https:\/\/www.musikzeitung.ch\/wp-content\/uploads\/2025\/04\/4_AntjeWeithaas_CR_MarcoBorggreve-300x200.jpg 300w, https:\/\/www.musikzeitung.ch\/wp-content\/uploads\/2025\/04\/4_AntjeWeithaas_CR_MarcoBorggreve-1024x682.jpg 1024w, https:\/\/www.musikzeitung.ch\/wp-content\/uploads\/2025\/04\/4_AntjeWeithaas_CR_MarcoBorggreve-600x400.jpg 600w, https:\/\/www.musikzeitung.ch\/wp-content\/uploads\/2025\/04\/4_AntjeWeithaas_CR_MarcoBorggreve-768x512.jpg 768w, https:\/\/www.musikzeitung.ch\/wp-content\/uploads\/2025\/04\/4_AntjeWeithaas_CR_MarcoBorggreve-18x12.jpg 18w, https:\/\/www.musikzeitung.ch\/wp-content\/uploads\/2025\/04\/4_AntjeWeithaas_CR_MarcoBorggreve-263x175.jpg 263w, https:\/\/www.musikzeitung.ch\/wp-content\/uploads\/2025\/04\/4_AntjeWeithaas_CR_MarcoBorggreve-525x350.jpg 525w, https:\/\/www.musikzeitung.ch\/wp-content\/uploads\/2025\/04\/4_AntjeWeithaas_CR_MarcoBorggreve-920x613.jpg 920w\" sizes=\"auto, (max-width: 1150px) 100vw, 1150px\" \/><figcaption id=\"caption-attachment-64744\" class=\"wp-caption-text\">Antje Weithaas. Foto: Marco Borggreve<\/figcaption><\/figure>\n<p>Nella sua musica, P\u0113teris Vasks cerca le cose ultime. Il compositore lettone vuole \"nutrire l'anima\" e sottolinea l'importanza delle emozioni per il suo linguaggio musicale tonale. Il suo secondo concerto per violino, composto nel 2020 <em>Gaismo di Vakara<\/em><em>\u0101<\/em> (Nella luce della sera) dispiega una grande quantit\u00e0 di emozioni e ha un grande respiro. Un sottofondo di malinconia ricopre l'opera in cinque movimenti, che \u00e8 scritta per lo pi\u00f9 in tonalit\u00e0 minore, ma contiene anche passaggi combattivi e si dissolve sfericamente nella luce brillante della fine. Un ultimo raggio di sole prima che scenda la notte, che il compositore spirituale associa alla morte.<\/p>\n<p>Antje Weithaas e la Camerata Bern si dedicano a quest'opera, profondamente radicata nel periodo romantico e in alcuni passaggi anche pomposa, con grande intensit\u00e0 e senza mai diminuire la potenza creativa. I grandi saliscendi che scandiscono l'Andante con passione iniziale hanno tensione e direzione. Il suono del violino di Weithaas emerge quasi impercettibilmente dal tutti. \u00c8 solo nella Cadenza I, caratterizzata da doppi stop, che il violino solista si mette in evidenza. Lo storico direttore artistico della Camerata Bern mantiene alta l'urgenza. E riesce ad aumentare l'intensit\u00e0 emotiva e ritmica nell'Andante cantabile, che ricorda la musica di Shostakovich con le sue ripetizioni maniacali e il suono forzato degli archi. I glissando nella Cadenza II sono inquietanti, i cluster nel tutti raccontano di eccitazione e resistenza. Gli archi della Camerata Bern possono afferrare, ma anche stendere un tappeto fluttuante. E riflettono sempre l'emotivit\u00e0 del violino solista.<\/p>\n<p>Nel finale, l'Andante con amore, le lotte emotive sono finite, a parte un'ultima ribellione. All'inizio del movimento, il violino solista fluttua sopra la punta dell'organo orchestrale come se si fosse riscattato. Anche nelle altezze gelide del finale, il tono del violino di Antje Weithaas non diventa mai freddo, ma sviluppa invece calore e vigore. <img loading=\"lazy\" decoding=\"async\" class=\"wp-image-64745 size-medium aligncenter\" src=\"https:\/\/www.musikzeitung.ch\/wp-content\/uploads\/2025\/04\/04_05_crit_cd_Rudiger-300x300.jpg\" alt=\"\" width=\"300\" height=\"300\" srcset=\"https:\/\/www.musikzeitung.ch\/wp-content\/uploads\/2025\/04\/04_05_crit_cd_Rudiger-300x300.jpg 300w, https:\/\/www.musikzeitung.ch\/wp-content\/uploads\/2025\/04\/04_05_crit_cd_Rudiger-1024x1024.jpg 1024w, https:\/\/www.musikzeitung.ch\/wp-content\/uploads\/2025\/04\/04_05_crit_cd_Rudiger-768x768.jpg 768w, https:\/\/www.musikzeitung.ch\/wp-content\/uploads\/2025\/04\/04_05_crit_cd_Rudiger-1536x1536.jpg 1536w, https:\/\/www.musikzeitung.ch\/wp-content\/uploads\/2025\/04\/04_05_crit_cd_Rudiger-12x12.jpg 12w, https:\/\/www.musikzeitung.ch\/wp-content\/uploads\/2025\/04\/04_05_crit_cd_Rudiger-175x175.jpg 175w, https:\/\/www.musikzeitung.ch\/wp-content\/uploads\/2025\/04\/04_05_crit_cd_Rudiger-350x350.jpg 350w, https:\/\/www.musikzeitung.ch\/wp-content\/uploads\/2025\/04\/04_05_crit_cd_Rudiger-800x800.jpg 800w, https:\/\/www.musikzeitung.ch\/wp-content\/uploads\/2025\/04\/04_05_crit_cd_Rudiger-920x920.jpg 920w, https:\/\/www.musikzeitung.ch\/wp-content\/uploads\/2025\/04\/04_05_crit_cd_Rudiger-1400x1400.jpg 1400w, https:\/\/www.musikzeitung.ch\/wp-content\/uploads\/2025\/04\/04_05_crit_cd_Rudiger-150x150.jpg 150w, https:\/\/www.musikzeitung.ch\/wp-content\/uploads\/2025\/04\/04_05_crit_cd_Rudiger-100x100.jpg 100w, https:\/\/www.musikzeitung.ch\/wp-content\/uploads\/2025\/04\/04_05_crit_cd_Rudiger-24x24.jpg 24w, https:\/\/www.musikzeitung.ch\/wp-content\/uploads\/2025\/04\/04_05_crit_cd_Rudiger-48x48.jpg 48w, https:\/\/www.musikzeitung.ch\/wp-content\/uploads\/2025\/04\/04_05_crit_cd_Rudiger-96x96.jpg 96w, https:\/\/www.musikzeitung.ch\/wp-content\/uploads\/2025\/04\/04_05_crit_cd_Rudiger-250x250.jpg 250w, https:\/\/www.musikzeitung.ch\/wp-content\/uploads\/2025\/04\/04_05_crit_cd_Rudiger.jpg 1000w\" sizes=\"auto, (max-width: 300px) 100vw, 300px\" \/><\/p>\n<p><em>P\u0113teris Vasks: Concerto per violino n. 2 (Vakara gaism\u0101\/Im Abendlicht). Camerata Bern; Antje Weithaas, violino e direttore. CAvi-music (disponibile solo in formato digitale)<\/em><\/p>","protected":false},"excerpt":{"rendered":"<p>Antja Weithaas e la Camerata Bern hanno registrato il secondo concerto per violino di P\u0113teris Vasks. <\/p>","protected":false},"author":29,"featured_media":64744,"comment_status":"closed","ping_status":"closed","sticky":false,"template":"","format":"standard","meta":{"_acf_changed":false,"_relevanssi_hide_post":"","_relevanssi_hide_content":"","_relevanssi_pin_for_all":"","_relevanssi_pin_keywords":"","_relevanssi_unpin_keywords":"","_relevanssi_related_keywords":"","_relevanssi_related_include_ids":"","_relevanssi_related_exclude_ids":"","_relevanssi_related_no_append":"","_relevanssi_related_not_related":"","_relevanssi_related_posts":"","_relevanssi_noindex_reason":"","pgc_sgb_lightbox_settings":"","footnotes":""},"categories":[29,1420],"tags":[4903,4904,2939],"class_list":["post-64743","post","type-post","status-publish","format-standard","has-post-thumbnail","hentry","category-rezensionen","category-tontraeger-rezensionen","tag-antje-weithaas","tag-camerata-bern","tag-peteris-vasks"],"acf":[],"yoast_head":"<!-- This site is optimized with the Yoast SEO plugin v27.4 - https:\/\/yoast.com\/product\/yoast-seo-wordpress\/ -->\n<title>Emotionsgeladenes Geigenkonzert - Schweizer Musikzeitung<\/title>\n<meta name=\"description\" content=\"Antja Weithaas und die Camerata Bern haben das zweite Violinkonzert von P\u0113teris Vasks eingespielt.\" \/>\n<meta name=\"robots\" content=\"index, follow, max-snippet:-1, max-image-preview:large, max-video-preview:-1\" \/>\n<link rel=\"canonical\" href=\"https:\/\/www.musikzeitung.ch\/it\/rezensionen\/tontraeger-rezensionen\/2025\/05\/emotionsgeladenes-geigenkonzert\/\" \/>\n<meta property=\"og:locale\" content=\"it_IT\" \/>\n<meta property=\"og:type\" content=\"article\" \/>\n<meta property=\"og:title\" content=\"Emotionsgeladenes Geigenkonzert - Schweizer Musikzeitung\" \/>\n<meta property=\"og:description\" content=\"Antja Weithaas und die Camerata Bern haben das zweite Violinkonzert von P\u0113teris Vasks eingespielt.\" \/>\n<meta property=\"og:url\" content=\"https:\/\/www.musikzeitung.ch\/it\/rezensionen\/tontraeger-rezensionen\/2025\/05\/emotionsgeladenes-geigenkonzert\/\" \/>\n<meta property=\"og:site_name\" content=\"Schweizer Musikzeitung\" \/>\n<meta property=\"article:publisher\" content=\"https:\/\/www.facebook.com\/SchweizerMusikzeitung\/\" \/>\n<meta property=\"article:published_time\" content=\"2025-05-05T17:55:02+00:00\" \/>\n<meta property=\"article:modified_time\" content=\"2025-05-06T14:14:32+00:00\" \/>\n<meta property=\"og:image\" content=\"https:\/\/www.musikzeitung.ch\/wp-content\/uploads\/2025\/04\/4_AntjeWeithaas_CR_MarcoBorggreve.jpg\" \/>\n\t<meta property=\"og:image:width\" content=\"1150\" \/>\n\t<meta property=\"og:image:height\" content=\"766\" \/>\n\t<meta property=\"og:image:type\" content=\"image\/jpeg\" \/>\n<meta name=\"author\" content=\"pia.schwab\" \/>\n<meta name=\"twitter:card\" content=\"summary_large_image\" \/>\n<meta name=\"twitter:creator\" content=\"@smusikzeitung\" \/>\n<meta name=\"twitter:site\" content=\"@smusikzeitung\" \/>\n<meta name=\"twitter:label1\" content=\"Scritto da\" \/>\n\t<meta name=\"twitter:data1\" content=\"pia.schwab\" \/>\n\t<meta name=\"twitter:label2\" content=\"Tempo di lettura stimato\" \/>\n\t<meta name=\"twitter:data2\" content=\"3 minuti\" \/>\n<script type=\"application\/ld+json\" class=\"yoast-schema-graph\">{\"@context\":\"https:\\\/\\\/schema.org\",\"@graph\":[{\"@type\":\"Article\",\"@id\":\"https:\\\/\\\/www.musikzeitung.ch\\\/rezensionen\\\/tontraeger-rezensionen\\\/2025\\\/05\\\/emotionsgeladenes-geigenkonzert#article\",\"isPartOf\":{\"@id\":\"https:\\\/\\\/www.musikzeitung.ch\\\/rezensionen\\\/tontraeger-rezensionen\\\/2025\\\/05\\\/emotionsgeladenes-geigenkonzert\"},\"author\":{\"name\":\"pia.schwab\",\"@id\":\"https:\\\/\\\/www.musikzeitung.ch\\\/#\\\/schema\\\/person\\\/ea3d7b86bd7157c78c7ddd37f2f82b5b\"},\"headline\":\"Emotionsgeladenes Geigenkonzert\",\"datePublished\":\"2025-05-05T17:55:02+00:00\",\"dateModified\":\"2025-05-06T14:14:32+00:00\",\"mainEntityOfPage\":{\"@id\":\"https:\\\/\\\/www.musikzeitung.ch\\\/rezensionen\\\/tontraeger-rezensionen\\\/2025\\\/05\\\/emotionsgeladenes-geigenkonzert\"},\"wordCount\":343,\"publisher\":{\"@id\":\"https:\\\/\\\/www.musikzeitung.ch\\\/#organization\"},\"image\":{\"@id\":\"https:\\\/\\\/www.musikzeitung.ch\\\/rezensionen\\\/tontraeger-rezensionen\\\/2025\\\/05\\\/emotionsgeladenes-geigenkonzert#primaryimage\"},\"thumbnailUrl\":\"https:\\\/\\\/www.musikzeitung.ch\\\/wp-content\\\/uploads\\\/2025\\\/04\\\/4_AntjeWeithaas_CR_MarcoBorggreve.jpg\",\"keywords\":[\"Antje Weithaas\",\"Camerata Bern\",\"P\u0113teris Vasks\"],\"articleSection\":[\"Rezensionen\",\"Tontr\u00e4ger\"],\"inLanguage\":\"it-IT\"},{\"@type\":\"WebPage\",\"@id\":\"https:\\\/\\\/www.musikzeitung.ch\\\/rezensionen\\\/tontraeger-rezensionen\\\/2025\\\/05\\\/emotionsgeladenes-geigenkonzert\",\"url\":\"https:\\\/\\\/www.musikzeitung.ch\\\/rezensionen\\\/tontraeger-rezensionen\\\/2025\\\/05\\\/emotionsgeladenes-geigenkonzert\",\"name\":\"Emotionsgeladenes Geigenkonzert - Schweizer Musikzeitung\",\"isPartOf\":{\"@id\":\"https:\\\/\\\/www.musikzeitung.ch\\\/#website\"},\"primaryImageOfPage\":{\"@id\":\"https:\\\/\\\/www.musikzeitung.ch\\\/rezensionen\\\/tontraeger-rezensionen\\\/2025\\\/05\\\/emotionsgeladenes-geigenkonzert#primaryimage\"},\"image\":{\"@id\":\"https:\\\/\\\/www.musikzeitung.ch\\\/rezensionen\\\/tontraeger-rezensionen\\\/2025\\\/05\\\/emotionsgeladenes-geigenkonzert#primaryimage\"},\"thumbnailUrl\":\"https:\\\/\\\/www.musikzeitung.ch\\\/wp-content\\\/uploads\\\/2025\\\/04\\\/4_AntjeWeithaas_CR_MarcoBorggreve.jpg\",\"datePublished\":\"2025-05-05T17:55:02+00:00\",\"dateModified\":\"2025-05-06T14:14:32+00:00\",\"description\":\"Antja Weithaas und die Camerata Bern haben das zweite Violinkonzert von P\u0113teris Vasks eingespielt.\",\"breadcrumb\":{\"@id\":\"https:\\\/\\\/www.musikzeitung.ch\\\/rezensionen\\\/tontraeger-rezensionen\\\/2025\\\/05\\\/emotionsgeladenes-geigenkonzert#breadcrumb\"},\"inLanguage\":\"it-IT\",\"potentialAction\":[{\"@type\":\"ReadAction\",\"target\":[\"https:\\\/\\\/www.musikzeitung.ch\\\/rezensionen\\\/tontraeger-rezensionen\\\/2025\\\/05\\\/emotionsgeladenes-geigenkonzert\"]}]},{\"@type\":\"ImageObject\",\"inLanguage\":\"it-IT\",\"@id\":\"https:\\\/\\\/www.musikzeitung.ch\\\/rezensionen\\\/tontraeger-rezensionen\\\/2025\\\/05\\\/emotionsgeladenes-geigenkonzert#primaryimage\",\"url\":\"https:\\\/\\\/www.musikzeitung.ch\\\/wp-content\\\/uploads\\\/2025\\\/04\\\/4_AntjeWeithaas_CR_MarcoBorggreve.jpg\",\"contentUrl\":\"https:\\\/\\\/www.musikzeitung.ch\\\/wp-content\\\/uploads\\\/2025\\\/04\\\/4_AntjeWeithaas_CR_MarcoBorggreve.jpg\",\"width\":1150,\"height\":766},{\"@type\":\"BreadcrumbList\",\"@id\":\"https:\\\/\\\/www.musikzeitung.ch\\\/rezensionen\\\/tontraeger-rezensionen\\\/2025\\\/05\\\/emotionsgeladenes-geigenkonzert#breadcrumb\",\"itemListElement\":[{\"@type\":\"ListItem\",\"position\":1,\"name\":\"Home\",\"item\":\"https:\\\/\\\/www.musikzeitung.ch\\\/\"},{\"@type\":\"ListItem\",\"position\":2,\"name\":\"Emotionsgeladenes Geigenkonzert\"}]},{\"@type\":\"WebSite\",\"@id\":\"https:\\\/\\\/www.musikzeitung.ch\\\/#website\",\"url\":\"https:\\\/\\\/www.musikzeitung.ch\\\/\",\"name\":\"Schweizer Musikzeitung\",\"description\":\"Die f\u00fchrende sparten\u00fcbergreifende Monatszeitung in der Schweiz f\u00fcr musikalische Fragen.\",\"publisher\":{\"@id\":\"https:\\\/\\\/www.musikzeitung.ch\\\/#organization\"},\"potentialAction\":[{\"@type\":\"SearchAction\",\"target\":{\"@type\":\"EntryPoint\",\"urlTemplate\":\"https:\\\/\\\/www.musikzeitung.ch\\\/?s={search_term_string}\"},\"query-input\":{\"@type\":\"PropertyValueSpecification\",\"valueRequired\":true,\"valueName\":\"search_term_string\"}}],\"inLanguage\":\"it-IT\"},{\"@type\":\"Organization\",\"@id\":\"https:\\\/\\\/www.musikzeitung.ch\\\/#organization\",\"name\":\"Schweizer Musikzeitung\",\"url\":\"https:\\\/\\\/www.musikzeitung.ch\\\/\",\"logo\":{\"@type\":\"ImageObject\",\"inLanguage\":\"it-IT\",\"@id\":\"https:\\\/\\\/www.musikzeitung.ch\\\/#\\\/schema\\\/logo\\\/image\\\/\",\"url\":\"https:\\\/\\\/www.musikzeitung.ch\\\/wp-content\\\/uploads\\\/2023\\\/01\\\/SMZ_Schriftzug_Sprache.png\",\"contentUrl\":\"https:\\\/\\\/www.musikzeitung.ch\\\/wp-content\\\/uploads\\\/2023\\\/01\\\/SMZ_Schriftzug_Sprache.png\",\"width\":1400,\"height\":279,\"caption\":\"Schweizer Musikzeitung\"},\"image\":{\"@id\":\"https:\\\/\\\/www.musikzeitung.ch\\\/#\\\/schema\\\/logo\\\/image\\\/\"},\"sameAs\":[\"https:\\\/\\\/www.facebook.com\\\/SchweizerMusikzeitung\\\/\",\"https:\\\/\\\/x.com\\\/smusikzeitung\",\"https:\\\/\\\/www.instagram.com\\\/musikzeitung.ch\\\/\"]},{\"@type\":\"Person\",\"@id\":\"https:\\\/\\\/www.musikzeitung.ch\\\/#\\\/schema\\\/person\\\/ea3d7b86bd7157c78c7ddd37f2f82b5b\",\"name\":\"pia.schwab\",\"image\":{\"@type\":\"ImageObject\",\"inLanguage\":\"it-IT\",\"@id\":\"https:\\\/\\\/secure.gravatar.com\\\/avatar\\\/d39d170de4c2d07e897fbc26cf9d890fc046285c742207b86d8ebabe5fcde2c4?s=96&d=mm&r=g\",\"url\":\"https:\\\/\\\/secure.gravatar.com\\\/avatar\\\/d39d170de4c2d07e897fbc26cf9d890fc046285c742207b86d8ebabe5fcde2c4?s=96&d=mm&r=g\",\"contentUrl\":\"https:\\\/\\\/secure.gravatar.com\\\/avatar\\\/d39d170de4c2d07e897fbc26cf9d890fc046285c742207b86d8ebabe5fcde2c4?s=96&d=mm&r=g\",\"caption\":\"pia.schwab\"},\"url\":\"https:\\\/\\\/www.musikzeitung.ch\\\/it\\\/author\\\/pia-schwab\"}]}<\/script>\n<!-- \/ Yoast SEO plugin. -->","yoast_head_json":{"title":"Concerto di violino carico di emozioni - Schweizer Musikzeitung","description":"Antja Weithaas e la Camerata Bern hanno registrato il secondo concerto per violino di P\u0113teris Vasks.","robots":{"index":"index","follow":"follow","max-snippet":"max-snippet:-1","max-image-preview":"max-image-preview:large","max-video-preview":"max-video-preview:-1"},"canonical":"https:\/\/www.musikzeitung.ch\/it\/rezensionen\/tontraeger-rezensionen\/2025\/05\/emotionsgeladenes-geigenkonzert\/","og_locale":"it_IT","og_type":"article","og_title":"Emotionsgeladenes Geigenkonzert - Schweizer Musikzeitung","og_description":"Antja Weithaas und die Camerata Bern haben das zweite Violinkonzert von P\u0113teris Vasks eingespielt.","og_url":"https:\/\/www.musikzeitung.ch\/it\/rezensionen\/tontraeger-rezensionen\/2025\/05\/emotionsgeladenes-geigenkonzert\/","og_site_name":"Schweizer Musikzeitung","article_publisher":"https:\/\/www.facebook.com\/SchweizerMusikzeitung\/","article_published_time":"2025-05-05T17:55:02+00:00","article_modified_time":"2025-05-06T14:14:32+00:00","og_image":[{"width":1150,"height":766,"url":"https:\/\/www.musikzeitung.ch\/wp-content\/uploads\/2025\/04\/4_AntjeWeithaas_CR_MarcoBorggreve.jpg","type":"image\/jpeg"}],"author":"pia.schwab","twitter_card":"summary_large_image","twitter_creator":"@smusikzeitung","twitter_site":"@smusikzeitung","twitter_misc":{"Scritto da":"pia.schwab","Tempo di lettura stimato":"3 minuti"},"schema":{"@context":"https:\/\/schema.org","@graph":[{"@type":"Article","@id":"https:\/\/www.musikzeitung.ch\/rezensionen\/tontraeger-rezensionen\/2025\/05\/emotionsgeladenes-geigenkonzert#article","isPartOf":{"@id":"https:\/\/www.musikzeitung.ch\/rezensionen\/tontraeger-rezensionen\/2025\/05\/emotionsgeladenes-geigenkonzert"},"author":{"name":"pia.schwab","@id":"https:\/\/www.musikzeitung.ch\/#\/schema\/person\/ea3d7b86bd7157c78c7ddd37f2f82b5b"},"headline":"Emotionsgeladenes Geigenkonzert","datePublished":"2025-05-05T17:55:02+00:00","dateModified":"2025-05-06T14:14:32+00:00","mainEntityOfPage":{"@id":"https:\/\/www.musikzeitung.ch\/rezensionen\/tontraeger-rezensionen\/2025\/05\/emotionsgeladenes-geigenkonzert"},"wordCount":343,"publisher":{"@id":"https:\/\/www.musikzeitung.ch\/#organization"},"image":{"@id":"https:\/\/www.musikzeitung.ch\/rezensionen\/tontraeger-rezensionen\/2025\/05\/emotionsgeladenes-geigenkonzert#primaryimage"},"thumbnailUrl":"https:\/\/www.musikzeitung.ch\/wp-content\/uploads\/2025\/04\/4_AntjeWeithaas_CR_MarcoBorggreve.jpg","keywords":["Antje Weithaas","Camerata Bern","P\u0113teris Vasks"],"articleSection":["Rezensionen","Tontr\u00e4ger"],"inLanguage":"it-IT"},{"@type":"WebPage","@id":"https:\/\/www.musikzeitung.ch\/rezensionen\/tontraeger-rezensionen\/2025\/05\/emotionsgeladenes-geigenkonzert","url":"https:\/\/www.musikzeitung.ch\/rezensionen\/tontraeger-rezensionen\/2025\/05\/emotionsgeladenes-geigenkonzert","name":"Concerto di violino carico di emozioni - Schweizer Musikzeitung","isPartOf":{"@id":"https:\/\/www.musikzeitung.ch\/#website"},"primaryImageOfPage":{"@id":"https:\/\/www.musikzeitung.ch\/rezensionen\/tontraeger-rezensionen\/2025\/05\/emotionsgeladenes-geigenkonzert#primaryimage"},"image":{"@id":"https:\/\/www.musikzeitung.ch\/rezensionen\/tontraeger-rezensionen\/2025\/05\/emotionsgeladenes-geigenkonzert#primaryimage"},"thumbnailUrl":"https:\/\/www.musikzeitung.ch\/wp-content\/uploads\/2025\/04\/4_AntjeWeithaas_CR_MarcoBorggreve.jpg","datePublished":"2025-05-05T17:55:02+00:00","dateModified":"2025-05-06T14:14:32+00:00","description":"Antja Weithaas e la Camerata Bern hanno registrato il secondo concerto per violino di P\u0113teris Vasks.","breadcrumb":{"@id":"https:\/\/www.musikzeitung.ch\/rezensionen\/tontraeger-rezensionen\/2025\/05\/emotionsgeladenes-geigenkonzert#breadcrumb"},"inLanguage":"it-IT","potentialAction":[{"@type":"ReadAction","target":["https:\/\/www.musikzeitung.ch\/rezensionen\/tontraeger-rezensionen\/2025\/05\/emotionsgeladenes-geigenkonzert"]}]},{"@type":"ImageObject","inLanguage":"it-IT","@id":"https:\/\/www.musikzeitung.ch\/rezensionen\/tontraeger-rezensionen\/2025\/05\/emotionsgeladenes-geigenkonzert#primaryimage","url":"https:\/\/www.musikzeitung.ch\/wp-content\/uploads\/2025\/04\/4_AntjeWeithaas_CR_MarcoBorggreve.jpg","contentUrl":"https:\/\/www.musikzeitung.ch\/wp-content\/uploads\/2025\/04\/4_AntjeWeithaas_CR_MarcoBorggreve.jpg","width":1150,"height":766},{"@type":"BreadcrumbList","@id":"https:\/\/www.musikzeitung.ch\/rezensionen\/tontraeger-rezensionen\/2025\/05\/emotionsgeladenes-geigenkonzert#breadcrumb","itemListElement":[{"@type":"ListItem","position":1,"name":"Home","item":"https:\/\/www.musikzeitung.ch\/"},{"@type":"ListItem","position":2,"name":"Emotionsgeladenes Geigenkonzert"}]},{"@type":"WebSite","@id":"https:\/\/www.musikzeitung.ch\/#website","url":"https:\/\/www.musikzeitung.ch\/","name":"Giornale musicale svizzero","description":"Il principale mensile interdisciplinare della Svizzera per le questioni musicali.","publisher":{"@id":"https:\/\/www.musikzeitung.ch\/#organization"},"potentialAction":[{"@type":"SearchAction","target":{"@type":"EntryPoint","urlTemplate":"https:\/\/www.musikzeitung.ch\/?s={search_term_string}"},"query-input":{"@type":"PropertyValueSpecification","valueRequired":true,"valueName":"search_term_string"}}],"inLanguage":"it-IT"},{"@type":"Organization","@id":"https:\/\/www.musikzeitung.ch\/#organization","name":"Giornale musicale svizzero","url":"https:\/\/www.musikzeitung.ch\/","logo":{"@type":"ImageObject","inLanguage":"it-IT","@id":"https:\/\/www.musikzeitung.ch\/#\/schema\/logo\/image\/","url":"https:\/\/www.musikzeitung.ch\/wp-content\/uploads\/2023\/01\/SMZ_Schriftzug_Sprache.png","contentUrl":"https:\/\/www.musikzeitung.ch\/wp-content\/uploads\/2023\/01\/SMZ_Schriftzug_Sprache.png","width":1400,"height":279,"caption":"Schweizer Musikzeitung"},"image":{"@id":"https:\/\/www.musikzeitung.ch\/#\/schema\/logo\/image\/"},"sameAs":["https:\/\/www.facebook.com\/SchweizerMusikzeitung\/","https:\/\/x.com\/smusikzeitung","https:\/\/www.instagram.com\/musikzeitung.ch\/"]},{"@type":"Person","@id":"https:\/\/www.musikzeitung.ch\/#\/schema\/person\/ea3d7b86bd7157c78c7ddd37f2f82b5b","name":"pia.schwab","image":{"@type":"ImageObject","inLanguage":"it-IT","@id":"https:\/\/secure.gravatar.com\/avatar\/d39d170de4c2d07e897fbc26cf9d890fc046285c742207b86d8ebabe5fcde2c4?s=96&d=mm&r=g","url":"https:\/\/secure.gravatar.com\/avatar\/d39d170de4c2d07e897fbc26cf9d890fc046285c742207b86d8ebabe5fcde2c4?s=96&d=mm&r=g","contentUrl":"https:\/\/secure.gravatar.com\/avatar\/d39d170de4c2d07e897fbc26cf9d890fc046285c742207b86d8ebabe5fcde2c4?s=96&d=mm&r=g","caption":"pia.schwab"},"url":"https:\/\/www.musikzeitung.ch\/it\/author\/pia-schwab"}]}},"publishpress_future_workflow_manual_trigger":{"enabledWorkflows":[]},"_links":{"self":[{"href":"https:\/\/www.musikzeitung.ch\/it\/wp-json\/wp\/v2\/posts\/64743","targetHints":{"allow":["GET"]}}],"collection":[{"href":"https:\/\/www.musikzeitung.ch\/it\/wp-json\/wp\/v2\/posts"}],"about":[{"href":"https:\/\/www.musikzeitung.ch\/it\/wp-json\/wp\/v2\/types\/post"}],"author":[{"embeddable":true,"href":"https:\/\/www.musikzeitung.ch\/it\/wp-json\/wp\/v2\/users\/29"}],"replies":[{"embeddable":true,"href":"https:\/\/www.musikzeitung.ch\/it\/wp-json\/wp\/v2\/comments?post=64743"}],"version-history":[{"count":1,"href":"https:\/\/www.musikzeitung.ch\/it\/wp-json\/wp\/v2\/posts\/64743\/revisions"}],"predecessor-version":[{"id":64746,"href":"https:\/\/www.musikzeitung.ch\/it\/wp-json\/wp\/v2\/posts\/64743\/revisions\/64746"}],"wp:featuredmedia":[{"embeddable":true,"href":"https:\/\/www.musikzeitung.ch\/it\/wp-json\/wp\/v2\/media\/64744"}],"wp:attachment":[{"href":"https:\/\/www.musikzeitung.ch\/it\/wp-json\/wp\/v2\/media?parent=64743"}],"wp:term":[{"taxonomy":"category","embeddable":true,"href":"https:\/\/www.musikzeitung.ch\/it\/wp-json\/wp\/v2\/categories?post=64743"},{"taxonomy":"post_tag","embeddable":true,"href":"https:\/\/www.musikzeitung.ch\/it\/wp-json\/wp\/v2\/tags?post=64743"}],"curies":[{"name":"wp","href":"https:\/\/api.w.org\/{rel}","templated":true}]}}