{"id":656,"date":"2019-10-04T00:00:00","date_gmt":"2019-10-03T23:00:00","guid":{"rendered":"https:\/\/www.musikzeitung.ch\/allgemein\/genfer-produktion-von-saint-saens-ascanio-geehrt\/"},"modified":"2019-10-04T00:00:00","modified_gmt":"2019-10-03T23:00:00","slug":"genfer-produktion-von-saint-saens-ascanio-geehrt","status":"publish","type":"post","link":"https:\/\/www.musikzeitung.ch\/it\/anlaesse\/2019\/10\/genfer-produktion-von-saint-saens-ascanio-geehrt","title":{"rendered":"Premiata la produzione ginevrina di \"Ascanio\" di Saint-Sa\u00ebns"},"content":{"rendered":"<figure style=\"width: 1200px\" class=\"wp-caption alignnone\"><img decoding=\"async\" class=\"size-full\" src=\"https:\/\/www.musikzeitung.ch\/wp-content\/uploads\/2023\/01\/pdk-1.jpg\" alt=\"\" \/><figcaption class=\"wp-caption-text\">Direttore d'orchestra Guillaume Tourniaire. Foto: Sarah Matray<\/figcaption><\/figure>\n<div class='text-section'>\n<p>Il 4 ottobre, il <a href='https:\/\/www.schallplattenkritik.de\/jahrespreise ' target='_blank'>I premi annuali del Premio della critica discografica tedesca 2019 <\/a>\u00e8 stato annunciato. Nel suo comunicato stampa scrive: \"La giuria generale ha proposto 134 titoli, 129 dei quali sono entrati nella longlist e 11 sono stati selezionati per un premio dal comitato annuale. Lo spettro di stili e generi spazia dalla musica sinfonica, al pop, al soul, al jazz, all'opera e alla musica elettronica contemporanea, fino alla musica corale e alla world music\".<\/p>\n<\/div>\n<div>\n<h3 class=''><span>La riscoperta di un capolavoro<\/span><\/h3>\n<\/div>\n<div class='text-section'>\n<p>Uno dei premi \u00e8 stato assegnato a Ginevra <em>Ascanio<\/em>-produzione. Michael Stegemann, membro della giuria, spiega la selezione come segue: \"Camille Saint-Sa\u00ebns ha composto tredici opere, ma per lungo tempo solo <em>Samson et Dalila<\/em>. Ora ne sono stati pubblicati altri sei su CD. Il direttore d'orchestra Guillaume Tourniaire si era gi\u00e0 presentato nel 2008 con l'atto unico <em>H\u00e9l\u00e8ne<\/em> si \u00e8 distinto come interprete impegnato e competente di Saint-Sa\u00ebns. Con questa registrazione dell'opera in cinque atti presentata per la prima volta a Parigi nel 1890 <em>Ascanio<\/em> \u00e8 riuscito a riscoprire un capolavoro in modo entusiasmante e accurato. I giovani solisti dell'ensemble sono eccellenti e il coro e l'orchestra dell'Accademia di Musica di Ginevra sono superbi. \u00c8 possibile sperimentare l'intera gamma della composizione operistica di Saint-Sa\u00ebns: i tableaux nello stile del Grand Op\u00e9ra sono accostati ad arie e scene, alcune liriche, altre drammatiche, che sono altrettanto diverse dal punto di vista vocale quanto la raffinata coloritura dell'orchestra. Nella musica del balletto, che dura quasi mezz'ora, Saint-Sa\u00ebns riecheggia ripetutamente musiche originali del XVI secolo: <em>Ascanio<\/em> - tratto da un romanzo di Alexandre Dumas - \u00e8 pi\u00f9 o meno il sequel di <em>Benvenuto Cellini<\/em> di Berlioz.<\/p>\n<\/div>\n<div>\n<h3 class=''><span>Ulteriori premi annuali 2019 <\/span><\/h3>\n<\/div>\n<div class='text-section'>\n<p>Sono stati premiati (le valutazioni qualitative sono state effettuate dalla giuria del premio annuale)<\/p>\n<ul>\n<li>la direttrice Mirga Gra\u017einyt\u0117-Tyla, la sua City of Birmingham Symphony Orchestra e la Kremerata Baltica per l'interpretazione altamente espressiva delle sinfonie op. 30 e 152 di Mieczys\u0142aw Weinberg (Deutsche Grammophon)<\/li>\n<li>il compositore e pianista Reinbert de Leeuw e il Collegium Vocale Gent per la seconda registrazione, ammaliantemente radicale, dell'opera <em>Via Crucis<\/em> di Franz Liszt (Alpha Classics)<\/li>\n<li>il Duo pianistico GrauSchumacher e l'Experimentalstudio della SWR per la realizzazione della composizione <em>Le temps, mode d'emploi<\/em> di Philippe Manoury, commissionato dai Wittener Tage f\u00fcr neue Kammermusik (Neos)<\/li>\n<li>Martin Elste e Carsten Schmidt per l'Edizione <em>2000 anni di musica su disco. La musica antica negli anni '30: una documentazione discologica della storia dell'interpretazione<\/em> (Societ\u00e0 viennese per le registrazioni sonore storiche)<\/li>\n<li>\u00c9mile Parisien e il suo Quartetto \u00c9mile Parisien per l'accattivante album <em>Doppio screening<\/em> (Atto)<\/li>\n<li>la percussionista Marilyn Mazur e la sua band Shamania per la produzione congiunta, straordinariamente cosmopolita e di frontiera, di <em>Shamania<\/em> (RareNoise)<\/li>\n<li>Adrian Quesada ed Eric Burton, alias il gruppo soul Black Pumas, per il loro coinvolgente album di debutto <em>Pumas neri<\/em> (Ato Records)<\/li>\n<li>il gruppo austriaco Bilderbuch per il miglior regalo dell'anno: <em>Vernissage Il mio cuore<\/em> (Maschin Records)<\/li>\n<li>Bruce Springsteen per le tredici canzoni di <em>Stelle occidentali<\/em> (Sony)<\/li>\n<li>BaoBao Chen e Tim Cole e la cinquantina di musicisti provenienti dalle isole del Pacifico minacciate dall'innalzamento del livello del mare, che insieme hanno creato un album unico nel suo genere. <em>Piccola isola Grande canzone<\/em> hanno prodotto (CDBaby)<\/li>\n<\/ul>\n<\/div>\n<div>\n<blockquote class='text-section'>\n<p>Le dichiarazioni della giuria sono disponibili all'indirizzo <br \/> <a href='https:\/\/www.schallplattenkritik.de\/jahrespreise' target='_blank'><strong>https:\/\/www.schallplattenkritik.de\/jahrespreise<\/strong><\/a><br \/> \u00a0<br \/> \u00a0<\/p>\n<p><strong>Camille Saint-Sa\u00ebns: Ascanio<\/strong> <br \/> Jean-Fran\u00e7ois Lapointe, Bernard Richter, \u00c8ve-Maud Hubeaux, Jean Teitgen, Karina Gauvin, Cl\u00e9mence Tilquin, Ch\u0153ur du Grand Th\u00e9\u00e2tre de Gen\u00e8ve, Ch\u0153ur et Orchestre de la Haute \u00e9cole de musique de Gen\u00e8ve, Guillaume Tourniaire<br \/> <a href='https:\/\/www.b-records.fr\/'>3 CD, B-Records LBM 013<\/a> (Grado 1)<\/p>\n<\/blockquote>\n<\/div>","protected":false},"excerpt":{"rendered":"<p><strong>La giuria del Premio della critica discografica tedesca ha premiato 11 registrazioni. Tra queste, la registrazione dell'opera \"Ascanio\" di Saint-Sa\u00ebns sotto la direzione di Guillaume Tourniaire. Al giovane ensemble di solisti si sono uniti il coro e l'orchestra dell'Universit\u00e0 di Musica di Ginevra e il coro dell'Opera di Ginevra.<\/strong><\/p>","protected":false},"author":1,"featured_media":657,"comment_status":"open","ping_status":"open","sticky":false,"template":"","format":"standard","meta":{"_acf_changed":false,"_relevanssi_hide_post":"","_relevanssi_hide_content":"","_relevanssi_pin_for_all":"","_relevanssi_pin_keywords":"","_relevanssi_unpin_keywords":"","_relevanssi_related_keywords":"","_relevanssi_related_include_ids":"","_relevanssi_related_exclude_ids":"","_relevanssi_related_no_append":"","_relevanssi_related_not_related":"","_relevanssi_related_posts":"","_relevanssi_noindex_reason":"","pgc_sgb_lightbox_settings":"","footnotes":""},"categories":[2,57],"tags":[],"class_list":["post-656","post","type-post","status-publish","format-standard","has-post-thumbnail","hentry","category-anlaesse","category-klassik"],"acf":[],"yoast_head":"<!-- This site is optimized with the Yoast SEO plugin v27.4 - https:\/\/yoast.com\/product\/yoast-seo-wordpress\/ -->\n<title>Genfer Produktion von Saint-Sa\u00ebns\u2019 \u00abAscanio\u00bb geehrt - Schweizer Musikzeitung<\/title>\n<meta name=\"robots\" content=\"index, follow, max-snippet:-1, max-image-preview:large, max-video-preview:-1\" \/>\n<link rel=\"canonical\" href=\"https:\/\/www.musikzeitung.ch\/it\/anlaesse\/2019\/10\/genfer-produktion-von-saint-saens-ascanio-geehrt\/\" \/>\n<meta property=\"og:locale\" content=\"it_IT\" \/>\n<meta property=\"og:type\" content=\"article\" \/>\n<meta property=\"og:title\" content=\"Genfer Produktion von Saint-Sa\u00ebns\u2019 \u00abAscanio\u00bb geehrt - Schweizer Musikzeitung\" \/>\n<meta property=\"og:description\" content=\"Die Jury der Jahrespreise der deutschen Schallplattenkritik zeichnete 11 Aufnahmen aus. Darunter befindet sich die Aufnahme von Saint-Sa\u00ebns\u2019 Oper \u00abAscanio\u00bb unter der Leitung von Guillaume Tourniaire. Mit von der Partie waren neben dem jungen Solistenensemble Chor und Orchester der Musikhochschule Genf sowie der Chor der Genfer Oper.\" \/>\n<meta property=\"og:url\" content=\"https:\/\/www.musikzeitung.ch\/it\/anlaesse\/2019\/10\/genfer-produktion-von-saint-saens-ascanio-geehrt\/\" \/>\n<meta property=\"og:site_name\" content=\"Schweizer Musikzeitung\" \/>\n<meta property=\"article:publisher\" content=\"https:\/\/www.facebook.com\/SchweizerMusikzeitung\/\" \/>\n<meta property=\"article:published_time\" content=\"2019-10-03T23:00:00+00:00\" \/>\n<meta property=\"og:image\" content=\"https:\/\/www.musikzeitung.ch\/wp-content\/uploads\/2023\/01\/pdk-1.jpg\" \/>\n\t<meta property=\"og:image:width\" content=\"554\" \/>\n\t<meta property=\"og:image:height\" content=\"368\" \/>\n\t<meta property=\"og:image:type\" content=\"image\/jpeg\" \/>\n<meta name=\"author\" content=\"Musikzeitung-Redaktion\" \/>\n<meta name=\"twitter:card\" content=\"summary_large_image\" \/>\n<meta name=\"twitter:creator\" content=\"@smusikzeitung\" \/>\n<meta name=\"twitter:site\" content=\"@smusikzeitung\" \/>\n<meta name=\"twitter:label1\" content=\"Scritto da\" \/>\n\t<meta name=\"twitter:data1\" content=\"Musikzeitung-Redaktion\" \/>\n\t<meta name=\"twitter:label2\" content=\"Tempo di lettura stimato\" \/>\n\t<meta name=\"twitter:data2\" content=\"3 minuti\" \/>\n<script type=\"application\/ld+json\" class=\"yoast-schema-graph\">{\"@context\":\"https:\\\/\\\/schema.org\",\"@graph\":[{\"@type\":\"Article\",\"@id\":\"https:\\\/\\\/www.musikzeitung.ch\\\/anlaesse\\\/2019\\\/10\\\/genfer-produktion-von-saint-saens-ascanio-geehrt#article\",\"isPartOf\":{\"@id\":\"https:\\\/\\\/www.musikzeitung.ch\\\/anlaesse\\\/2019\\\/10\\\/genfer-produktion-von-saint-saens-ascanio-geehrt\"},\"author\":{\"name\":\"Musikzeitung-Redaktion\",\"@id\":\"https:\\\/\\\/www.musikzeitung.ch\\\/#\\\/schema\\\/person\\\/b2fd892c800856270b9dcc6001265712\"},\"headline\":\"Genfer Produktion von Saint-Sa\u00ebns\u2019 \u00abAscanio\u00bb geehrt\",\"datePublished\":\"2019-10-03T23:00:00+00:00\",\"mainEntityOfPage\":{\"@id\":\"https:\\\/\\\/www.musikzeitung.ch\\\/anlaesse\\\/2019\\\/10\\\/genfer-produktion-von-saint-saens-ascanio-geehrt\"},\"wordCount\":556,\"commentCount\":0,\"publisher\":{\"@id\":\"https:\\\/\\\/www.musikzeitung.ch\\\/#organization\"},\"image\":{\"@id\":\"https:\\\/\\\/www.musikzeitung.ch\\\/anlaesse\\\/2019\\\/10\\\/genfer-produktion-von-saint-saens-ascanio-geehrt#primaryimage\"},\"thumbnailUrl\":\"https:\\\/\\\/www.musikzeitung.ch\\\/wp-content\\\/uploads\\\/2023\\\/01\\\/pdk-1.jpg\",\"articleSection\":[\"Anl\u00e4sse\",\"Klassik\"],\"inLanguage\":\"it-IT\"},{\"@type\":\"WebPage\",\"@id\":\"https:\\\/\\\/www.musikzeitung.ch\\\/anlaesse\\\/2019\\\/10\\\/genfer-produktion-von-saint-saens-ascanio-geehrt\",\"url\":\"https:\\\/\\\/www.musikzeitung.ch\\\/anlaesse\\\/2019\\\/10\\\/genfer-produktion-von-saint-saens-ascanio-geehrt\",\"name\":\"Genfer Produktion von Saint-Sa\u00ebns\u2019 \u00abAscanio\u00bb geehrt - Schweizer Musikzeitung\",\"isPartOf\":{\"@id\":\"https:\\\/\\\/www.musikzeitung.ch\\\/#website\"},\"primaryImageOfPage\":{\"@id\":\"https:\\\/\\\/www.musikzeitung.ch\\\/anlaesse\\\/2019\\\/10\\\/genfer-produktion-von-saint-saens-ascanio-geehrt#primaryimage\"},\"image\":{\"@id\":\"https:\\\/\\\/www.musikzeitung.ch\\\/anlaesse\\\/2019\\\/10\\\/genfer-produktion-von-saint-saens-ascanio-geehrt#primaryimage\"},\"thumbnailUrl\":\"https:\\\/\\\/www.musikzeitung.ch\\\/wp-content\\\/uploads\\\/2023\\\/01\\\/pdk-1.jpg\",\"datePublished\":\"2019-10-03T23:00:00+00:00\",\"breadcrumb\":{\"@id\":\"https:\\\/\\\/www.musikzeitung.ch\\\/anlaesse\\\/2019\\\/10\\\/genfer-produktion-von-saint-saens-ascanio-geehrt#breadcrumb\"},\"inLanguage\":\"it-IT\",\"potentialAction\":[{\"@type\":\"ReadAction\",\"target\":[\"https:\\\/\\\/www.musikzeitung.ch\\\/anlaesse\\\/2019\\\/10\\\/genfer-produktion-von-saint-saens-ascanio-geehrt\"]}]},{\"@type\":\"ImageObject\",\"inLanguage\":\"it-IT\",\"@id\":\"https:\\\/\\\/www.musikzeitung.ch\\\/anlaesse\\\/2019\\\/10\\\/genfer-produktion-von-saint-saens-ascanio-geehrt#primaryimage\",\"url\":\"https:\\\/\\\/www.musikzeitung.ch\\\/wp-content\\\/uploads\\\/2023\\\/01\\\/pdk-1.jpg\",\"contentUrl\":\"https:\\\/\\\/www.musikzeitung.ch\\\/wp-content\\\/uploads\\\/2023\\\/01\\\/pdk-1.jpg\",\"width\":554,\"height\":368},{\"@type\":\"BreadcrumbList\",\"@id\":\"https:\\\/\\\/www.musikzeitung.ch\\\/anlaesse\\\/2019\\\/10\\\/genfer-produktion-von-saint-saens-ascanio-geehrt#breadcrumb\",\"itemListElement\":[{\"@type\":\"ListItem\",\"position\":1,\"name\":\"Home\",\"item\":\"https:\\\/\\\/www.musikzeitung.ch\\\/\"},{\"@type\":\"ListItem\",\"position\":2,\"name\":\"Genfer Produktion von Saint-Sa\u00ebns\u2019 \u00abAscanio\u00bb geehrt\"}]},{\"@type\":\"WebSite\",\"@id\":\"https:\\\/\\\/www.musikzeitung.ch\\\/#website\",\"url\":\"https:\\\/\\\/www.musikzeitung.ch\\\/\",\"name\":\"Schweizer Musikzeitung\",\"description\":\"Die f\u00fchrende sparten\u00fcbergreifende Monatszeitung in der Schweiz f\u00fcr musikalische Fragen.\",\"publisher\":{\"@id\":\"https:\\\/\\\/www.musikzeitung.ch\\\/#organization\"},\"potentialAction\":[{\"@type\":\"SearchAction\",\"target\":{\"@type\":\"EntryPoint\",\"urlTemplate\":\"https:\\\/\\\/www.musikzeitung.ch\\\/?s={search_term_string}\"},\"query-input\":{\"@type\":\"PropertyValueSpecification\",\"valueRequired\":true,\"valueName\":\"search_term_string\"}}],\"inLanguage\":\"it-IT\"},{\"@type\":\"Organization\",\"@id\":\"https:\\\/\\\/www.musikzeitung.ch\\\/#organization\",\"name\":\"Schweizer Musikzeitung\",\"url\":\"https:\\\/\\\/www.musikzeitung.ch\\\/\",\"logo\":{\"@type\":\"ImageObject\",\"inLanguage\":\"it-IT\",\"@id\":\"https:\\\/\\\/www.musikzeitung.ch\\\/#\\\/schema\\\/logo\\\/image\\\/\",\"url\":\"https:\\\/\\\/www.musikzeitung.ch\\\/wp-content\\\/uploads\\\/2023\\\/01\\\/SMZ_Schriftzug_Sprache.png\",\"contentUrl\":\"https:\\\/\\\/www.musikzeitung.ch\\\/wp-content\\\/uploads\\\/2023\\\/01\\\/SMZ_Schriftzug_Sprache.png\",\"width\":1400,\"height\":279,\"caption\":\"Schweizer Musikzeitung\"},\"image\":{\"@id\":\"https:\\\/\\\/www.musikzeitung.ch\\\/#\\\/schema\\\/logo\\\/image\\\/\"},\"sameAs\":[\"https:\\\/\\\/www.facebook.com\\\/SchweizerMusikzeitung\\\/\",\"https:\\\/\\\/x.com\\\/smusikzeitung\",\"https:\\\/\\\/www.instagram.com\\\/musikzeitung.ch\\\/\"]},{\"@type\":\"Person\",\"@id\":\"https:\\\/\\\/www.musikzeitung.ch\\\/#\\\/schema\\\/person\\\/b2fd892c800856270b9dcc6001265712\",\"name\":\"Musikzeitung-Redaktion\",\"image\":{\"@type\":\"ImageObject\",\"inLanguage\":\"it-IT\",\"@id\":\"https:\\\/\\\/www.musikzeitung.ch\\\/wp-content\\\/uploads\\\/2022\\\/05\\\/usericon_musikzeitung-96x96.jpg\",\"url\":\"https:\\\/\\\/www.musikzeitung.ch\\\/wp-content\\\/uploads\\\/2022\\\/05\\\/usericon_musikzeitung-96x96.jpg\",\"contentUrl\":\"https:\\\/\\\/www.musikzeitung.ch\\\/wp-content\\\/uploads\\\/2022\\\/05\\\/usericon_musikzeitung-96x96.jpg\",\"caption\":\"Musikzeitung-Redaktion\"},\"url\":\"https:\\\/\\\/www.musikzeitung.ch\\\/it\\\/author\\\/admin\"}]}<\/script>\n<!-- \/ Yoast SEO plugin. -->","yoast_head_json":{"title":"Genfer Produktion von Saint-Sa\u00ebns\u2019 \u00abAscanio\u00bb geehrt - Schweizer Musikzeitung","robots":{"index":"index","follow":"follow","max-snippet":"max-snippet:-1","max-image-preview":"max-image-preview:large","max-video-preview":"max-video-preview:-1"},"canonical":"https:\/\/www.musikzeitung.ch\/it\/anlaesse\/2019\/10\/genfer-produktion-von-saint-saens-ascanio-geehrt\/","og_locale":"it_IT","og_type":"article","og_title":"Genfer Produktion von Saint-Sa\u00ebns\u2019 \u00abAscanio\u00bb geehrt - Schweizer Musikzeitung","og_description":"Die Jury der Jahrespreise der deutschen Schallplattenkritik zeichnete 11 Aufnahmen aus. Darunter befindet sich die Aufnahme von Saint-Sa\u00ebns\u2019 Oper \u00abAscanio\u00bb unter der Leitung von Guillaume Tourniaire. Mit von der Partie waren neben dem jungen Solistenensemble Chor und Orchester der Musikhochschule Genf sowie der Chor der Genfer Oper.","og_url":"https:\/\/www.musikzeitung.ch\/it\/anlaesse\/2019\/10\/genfer-produktion-von-saint-saens-ascanio-geehrt\/","og_site_name":"Schweizer Musikzeitung","article_publisher":"https:\/\/www.facebook.com\/SchweizerMusikzeitung\/","article_published_time":"2019-10-03T23:00:00+00:00","og_image":[{"width":554,"height":368,"url":"https:\/\/www.musikzeitung.ch\/wp-content\/uploads\/2023\/01\/pdk-1.jpg","type":"image\/jpeg"}],"author":"Musikzeitung-Redaktion","twitter_card":"summary_large_image","twitter_creator":"@smusikzeitung","twitter_site":"@smusikzeitung","twitter_misc":{"Scritto da":"Musikzeitung-Redaktion","Tempo di lettura stimato":"3 minuti"},"schema":{"@context":"https:\/\/schema.org","@graph":[{"@type":"Article","@id":"https:\/\/www.musikzeitung.ch\/anlaesse\/2019\/10\/genfer-produktion-von-saint-saens-ascanio-geehrt#article","isPartOf":{"@id":"https:\/\/www.musikzeitung.ch\/anlaesse\/2019\/10\/genfer-produktion-von-saint-saens-ascanio-geehrt"},"author":{"name":"Musikzeitung-Redaktion","@id":"https:\/\/www.musikzeitung.ch\/#\/schema\/person\/b2fd892c800856270b9dcc6001265712"},"headline":"Genfer Produktion von Saint-Sa\u00ebns\u2019 \u00abAscanio\u00bb geehrt","datePublished":"2019-10-03T23:00:00+00:00","mainEntityOfPage":{"@id":"https:\/\/www.musikzeitung.ch\/anlaesse\/2019\/10\/genfer-produktion-von-saint-saens-ascanio-geehrt"},"wordCount":556,"commentCount":0,"publisher":{"@id":"https:\/\/www.musikzeitung.ch\/#organization"},"image":{"@id":"https:\/\/www.musikzeitung.ch\/anlaesse\/2019\/10\/genfer-produktion-von-saint-saens-ascanio-geehrt#primaryimage"},"thumbnailUrl":"https:\/\/www.musikzeitung.ch\/wp-content\/uploads\/2023\/01\/pdk-1.jpg","articleSection":["Anl\u00e4sse","Klassik"],"inLanguage":"it-IT"},{"@type":"WebPage","@id":"https:\/\/www.musikzeitung.ch\/anlaesse\/2019\/10\/genfer-produktion-von-saint-saens-ascanio-geehrt","url":"https:\/\/www.musikzeitung.ch\/anlaesse\/2019\/10\/genfer-produktion-von-saint-saens-ascanio-geehrt","name":"Genfer Produktion von Saint-Sa\u00ebns\u2019 \u00abAscanio\u00bb geehrt - Schweizer Musikzeitung","isPartOf":{"@id":"https:\/\/www.musikzeitung.ch\/#website"},"primaryImageOfPage":{"@id":"https:\/\/www.musikzeitung.ch\/anlaesse\/2019\/10\/genfer-produktion-von-saint-saens-ascanio-geehrt#primaryimage"},"image":{"@id":"https:\/\/www.musikzeitung.ch\/anlaesse\/2019\/10\/genfer-produktion-von-saint-saens-ascanio-geehrt#primaryimage"},"thumbnailUrl":"https:\/\/www.musikzeitung.ch\/wp-content\/uploads\/2023\/01\/pdk-1.jpg","datePublished":"2019-10-03T23:00:00+00:00","breadcrumb":{"@id":"https:\/\/www.musikzeitung.ch\/anlaesse\/2019\/10\/genfer-produktion-von-saint-saens-ascanio-geehrt#breadcrumb"},"inLanguage":"it-IT","potentialAction":[{"@type":"ReadAction","target":["https:\/\/www.musikzeitung.ch\/anlaesse\/2019\/10\/genfer-produktion-von-saint-saens-ascanio-geehrt"]}]},{"@type":"ImageObject","inLanguage":"it-IT","@id":"https:\/\/www.musikzeitung.ch\/anlaesse\/2019\/10\/genfer-produktion-von-saint-saens-ascanio-geehrt#primaryimage","url":"https:\/\/www.musikzeitung.ch\/wp-content\/uploads\/2023\/01\/pdk-1.jpg","contentUrl":"https:\/\/www.musikzeitung.ch\/wp-content\/uploads\/2023\/01\/pdk-1.jpg","width":554,"height":368},{"@type":"BreadcrumbList","@id":"https:\/\/www.musikzeitung.ch\/anlaesse\/2019\/10\/genfer-produktion-von-saint-saens-ascanio-geehrt#breadcrumb","itemListElement":[{"@type":"ListItem","position":1,"name":"Home","item":"https:\/\/www.musikzeitung.ch\/"},{"@type":"ListItem","position":2,"name":"Genfer Produktion von Saint-Sa\u00ebns\u2019 \u00abAscanio\u00bb geehrt"}]},{"@type":"WebSite","@id":"https:\/\/www.musikzeitung.ch\/#website","url":"https:\/\/www.musikzeitung.ch\/","name":"Giornale musicale svizzero","description":"Il principale mensile interdisciplinare della Svizzera per le questioni musicali.","publisher":{"@id":"https:\/\/www.musikzeitung.ch\/#organization"},"potentialAction":[{"@type":"SearchAction","target":{"@type":"EntryPoint","urlTemplate":"https:\/\/www.musikzeitung.ch\/?s={search_term_string}"},"query-input":{"@type":"PropertyValueSpecification","valueRequired":true,"valueName":"search_term_string"}}],"inLanguage":"it-IT"},{"@type":"Organization","@id":"https:\/\/www.musikzeitung.ch\/#organization","name":"Giornale musicale svizzero","url":"https:\/\/www.musikzeitung.ch\/","logo":{"@type":"ImageObject","inLanguage":"it-IT","@id":"https:\/\/www.musikzeitung.ch\/#\/schema\/logo\/image\/","url":"https:\/\/www.musikzeitung.ch\/wp-content\/uploads\/2023\/01\/SMZ_Schriftzug_Sprache.png","contentUrl":"https:\/\/www.musikzeitung.ch\/wp-content\/uploads\/2023\/01\/SMZ_Schriftzug_Sprache.png","width":1400,"height":279,"caption":"Schweizer Musikzeitung"},"image":{"@id":"https:\/\/www.musikzeitung.ch\/#\/schema\/logo\/image\/"},"sameAs":["https:\/\/www.facebook.com\/SchweizerMusikzeitung\/","https:\/\/x.com\/smusikzeitung","https:\/\/www.instagram.com\/musikzeitung.ch\/"]},{"@type":"Person","@id":"https:\/\/www.musikzeitung.ch\/#\/schema\/person\/b2fd892c800856270b9dcc6001265712","name":"Redazione Musikzeitung","image":{"@type":"ImageObject","inLanguage":"it-IT","@id":"https:\/\/www.musikzeitung.ch\/wp-content\/uploads\/2022\/05\/usericon_musikzeitung-96x96.jpg","url":"https:\/\/www.musikzeitung.ch\/wp-content\/uploads\/2022\/05\/usericon_musikzeitung-96x96.jpg","contentUrl":"https:\/\/www.musikzeitung.ch\/wp-content\/uploads\/2022\/05\/usericon_musikzeitung-96x96.jpg","caption":"Musikzeitung-Redaktion"},"url":"https:\/\/www.musikzeitung.ch\/it\/author\/admin"}]}},"publishpress_future_workflow_manual_trigger":{"enabledWorkflows":[]},"_links":{"self":[{"href":"https:\/\/www.musikzeitung.ch\/it\/wp-json\/wp\/v2\/posts\/656","targetHints":{"allow":["GET"]}}],"collection":[{"href":"https:\/\/www.musikzeitung.ch\/it\/wp-json\/wp\/v2\/posts"}],"about":[{"href":"https:\/\/www.musikzeitung.ch\/it\/wp-json\/wp\/v2\/types\/post"}],"author":[{"embeddable":true,"href":"https:\/\/www.musikzeitung.ch\/it\/wp-json\/wp\/v2\/users\/1"}],"replies":[{"embeddable":true,"href":"https:\/\/www.musikzeitung.ch\/it\/wp-json\/wp\/v2\/comments?post=656"}],"version-history":[{"count":0,"href":"https:\/\/www.musikzeitung.ch\/it\/wp-json\/wp\/v2\/posts\/656\/revisions"}],"wp:featuredmedia":[{"embeddable":true,"href":"https:\/\/www.musikzeitung.ch\/it\/wp-json\/wp\/v2\/media\/657"}],"wp:attachment":[{"href":"https:\/\/www.musikzeitung.ch\/it\/wp-json\/wp\/v2\/media?parent=656"}],"wp:term":[{"taxonomy":"category","embeddable":true,"href":"https:\/\/www.musikzeitung.ch\/it\/wp-json\/wp\/v2\/categories?post=656"},{"taxonomy":"post_tag","embeddable":true,"href":"https:\/\/www.musikzeitung.ch\/it\/wp-json\/wp\/v2\/tags?post=656"}],"curies":[{"name":"wp","href":"https:\/\/api.w.org\/{rel}","templated":true}]}}