{"id":6576,"date":"2022-03-30T00:00:00","date_gmt":"2022-03-29T23:00:00","guid":{"rendered":"https:\/\/www.musikzeitung.ch\/allgemein\/als-komponist-noch-zu-entdecken\/"},"modified":"2024-08-22T14:19:16","modified_gmt":"2024-08-22T12:19:16","slug":"als-komponist-noch-zu-entdecken","status":"publish","type":"post","link":"https:\/\/www.musikzeitung.ch\/it\/rezensionen\/noten-rezensionen\/2022\/03\/als-komponist-noch-zu-entdecken","title":{"rendered":"Ancora da scoprire come compositore"},"content":{"rendered":"<figure style=\"width: 554px\" class=\"wp-caption alignnone\"><img loading=\"lazy\" decoding=\"async\" src=\"https:\/\/www.musikzeitung.ch\/wp-content\/uploads\/2023\/01\/dolo-iglesias-FjElUqGfbAw-unsplash.jpg\" alt=\"\" width=\"554\" height=\"369\" \/><figcaption class=\"wp-caption-text\">Foto: <a href=\"https:\/\/unsplash.com\/photos\/FjElUqGfbAw\" target=\"_blank\" rel=\"noopener\">Dolo Iglesias\/unsplash.com<\/a><\/figcaption><\/figure>\n<div class=\"text-section\">\n<p>Il direttore d'orchestra Erich Schmid non ha probabilmente bisogno di presentazioni per le vecchie generazioni. Come direttore dell'Orchestra della Tonhalle di Zurigo e dell'Orchestra della Radio di Berom\u00fcnster, ha occupato una posizione centrale nella vita musicale svizzera per molti anni dopo la Seconda Guerra Mondiale. Tra il 1968 e il 1978 \u00e8 stato sempre pi\u00f9 attivo anche come direttore ospite di varie orchestre inglesi.<\/p>\n<p>Il fatto che Schmid sia stato anche un prolifico compositore, almeno negli anni Trenta, \u00e8 probabilmente meno noto. Un cofanetto di CD pubblicato da ZHdK-Records nel 2013 offre una buona introduzione alla musica di questo impegnato compositore (ZHdK-Records 30\/2013). Il pianista Christoph Keller ha recentemente pubblicato la musica per pianoforte di Erich Schmid in due volumi con Boosey &amp; Hawkes\/Bote &amp; Bock.<\/p>\n<p>Anche i primi <em>Piccola musica per pianoforte<\/em> del 1926 rivela molto del potenziale compositivo di Schmid. Due dei tre pezzi brevi sono scritti con molto vigore e malizia giovanile, mentre il pezzo centrale (lento ed espressivo) rivela un sorprendente talento lirico. Con il <em>Tre pezzi per pianoforte<\/em> del 1929, Schmid si \u00e8 poi cimentato nella libera atonalit\u00e0.<\/p>\n<p>\"Cos\u00ec sto componendo... pezzi per pianoforte che non posso suonare\", scriveva all'amico Erich Itor Kahn. In effetti, i tre schizzi sonori, assolutamente affascinanti, non sono facili da realizzare pianisticamente; le mani pi\u00f9 piccole incontreranno grandi difficolt\u00e0.<\/p>\n<p>Il seguente <em>Sei pezzi per pianoforte <\/em>op. 6 sono chiaramente influenzati dal famoso insegnante di composizione di Schmid, Arnold Sch\u00f6nberg. Da un lato, \u00e8 ammirevole la sicurezza con cui l'allievo venticinquenne padroneggiava gi\u00e0 la tecnica dodecafonica, ma dall'altro la maestria \u00e8 molto in evidenza. Il compositore non sfugge ad alcuni stereotipi (come la sua preferenza per le frasi discendenti).<\/p>\n<p>Il 1941 <em>Splitter <\/em>mostrano uno Schmid completamente diverso: una marcia, un valzer e un foxtrot contrastano con arrangiamenti di canzoni e un'incantevole berceuse. \"Con la loro facilit\u00e0 di esecuzione, i brani sono adatti come introduzione a un'opera pianistica che in gran parte \u00e8 ancora da scoprire\", scrive il curatore Christoph Keller a proposito di queste opere. <em>Splitter.<\/em><\/p>\n<p>Chi vuole approfondire la conoscenza di Erich Schmid e del suo lavoro, trover\u00e0 in questi due opuscoli un'ottima soluzione. Oltre a un dettagliato resoconto critico, a recensioni delle sue opere e a facsimili, contengono anche una biografia che vale la pena di leggere.<\/p>\n<\/div>\n<div class=\"text-section\">\n<dl class=\"picture media photo\">\n<dt><img decoding=\"async\" class=\"media photo aligncenter\" src=\"https:\/\/www.musikzeitung.ch\/wp-content\/uploads\/2023\/01\/04_crit_note_Klavier_Schmid.jpg\" alt=\"Image \" \/><\/dt>\n<\/dl>\n<\/div>\n<div class=\"text-section\">\n<p><em>Erich Schmid: Piano Works 1 and 2, a cura di Christoph Keller, Works 1, BB 3545; Works 2, BB 3546; \u20ac 55,00 ciascuno; Boosey &amp; Hawkes \/ Bote &amp; Bock, Berlin (Schott, Mainz)\u00a0 <\/em><\/p>\n<\/div>","protected":false},"excerpt":{"rendered":"<p><strong>Christoph Keller ha pubblicato la musica per pianoforte di Erich Schmid in due volumi. <\/strong><\/p>","protected":false},"author":1,"featured_media":6577,"comment_status":"closed","ping_status":"closed","sticky":false,"template":"","format":"standard","meta":{"_acf_changed":false,"_relevanssi_hide_post":"","_relevanssi_hide_content":"","_relevanssi_pin_for_all":"","_relevanssi_pin_keywords":"","_relevanssi_unpin_keywords":"","_relevanssi_related_keywords":"","_relevanssi_related_include_ids":"","_relevanssi_related_exclude_ids":"","_relevanssi_related_no_append":"","_relevanssi_related_not_related":"","_relevanssi_related_posts":"","_relevanssi_noindex_reason":"","pgc_sgb_lightbox_settings":"","footnotes":""},"categories":[1316,29],"tags":[3094,3093],"class_list":["post-6576","post","type-post","status-publish","format-standard","has-post-thumbnail","hentry","category-noten-rezensionen","category-rezensionen","tag-christoph-keller","tag-erich-schmid"],"acf":[],"yoast_head":"<!-- This site is optimized with the Yoast SEO plugin v27.4 - https:\/\/yoast.com\/product\/yoast-seo-wordpress\/ -->\n<title>Als Komponist noch zu entdecken - Schweizer Musikzeitung<\/title>\n<meta name=\"description\" content=\"Christoph Keller hat die Klaviermusik von Erich Schmid in zwei B\u00e4nden herausgebracht.\" \/>\n<meta name=\"robots\" content=\"index, follow, max-snippet:-1, max-image-preview:large, max-video-preview:-1\" \/>\n<link rel=\"canonical\" href=\"https:\/\/www.musikzeitung.ch\/it\/rezensionen\/noten-rezensionen\/2022\/03\/als-komponist-noch-zu-entdecken\/\" \/>\n<meta property=\"og:locale\" content=\"it_IT\" \/>\n<meta property=\"og:type\" content=\"article\" \/>\n<meta property=\"og:title\" content=\"Als Komponist noch zu entdecken - Schweizer Musikzeitung\" \/>\n<meta property=\"og:description\" content=\"Christoph Keller hat die Klaviermusik von Erich Schmid in zwei B\u00e4nden herausgebracht.\" \/>\n<meta property=\"og:url\" content=\"https:\/\/www.musikzeitung.ch\/it\/rezensionen\/noten-rezensionen\/2022\/03\/als-komponist-noch-zu-entdecken\/\" \/>\n<meta property=\"og:site_name\" content=\"Schweizer Musikzeitung\" \/>\n<meta property=\"article:publisher\" content=\"https:\/\/www.facebook.com\/SchweizerMusikzeitung\/\" \/>\n<meta property=\"article:published_time\" content=\"2022-03-29T23:00:00+00:00\" \/>\n<meta property=\"article:modified_time\" content=\"2024-08-22T12:19:16+00:00\" \/>\n<meta property=\"og:image\" content=\"https:\/\/www.musikzeitung.ch\/wp-content\/uploads\/2023\/01\/dolo-iglesias-FjElUqGfbAw-unsplash.jpg\" \/>\n\t<meta property=\"og:image:width\" content=\"554\" \/>\n\t<meta property=\"og:image:height\" content=\"369\" \/>\n\t<meta property=\"og:image:type\" content=\"image\/jpeg\" \/>\n<meta name=\"author\" content=\"Musikzeitung-Redaktion\" \/>\n<meta name=\"twitter:card\" content=\"summary_large_image\" \/>\n<meta name=\"twitter:creator\" content=\"@smusikzeitung\" \/>\n<meta name=\"twitter:site\" content=\"@smusikzeitung\" \/>\n<meta name=\"twitter:label1\" content=\"Scritto da\" \/>\n\t<meta name=\"twitter:data1\" content=\"Musikzeitung-Redaktion\" \/>\n\t<meta name=\"twitter:label2\" content=\"Tempo di lettura stimato\" \/>\n\t<meta name=\"twitter:data2\" content=\"3 minuti\" \/>\n<script type=\"application\/ld+json\" class=\"yoast-schema-graph\">{\"@context\":\"https:\\\/\\\/schema.org\",\"@graph\":[{\"@type\":\"Article\",\"@id\":\"https:\\\/\\\/www.musikzeitung.ch\\\/rezensionen\\\/noten-rezensionen\\\/2022\\\/03\\\/als-komponist-noch-zu-entdecken#article\",\"isPartOf\":{\"@id\":\"https:\\\/\\\/www.musikzeitung.ch\\\/rezensionen\\\/noten-rezensionen\\\/2022\\\/03\\\/als-komponist-noch-zu-entdecken\"},\"author\":{\"name\":\"Musikzeitung-Redaktion\",\"@id\":\"https:\\\/\\\/www.musikzeitung.ch\\\/#\\\/schema\\\/person\\\/b2fd892c800856270b9dcc6001265712\"},\"headline\":\"Als Komponist noch zu entdecken\",\"datePublished\":\"2022-03-29T23:00:00+00:00\",\"dateModified\":\"2024-08-22T12:19:16+00:00\",\"mainEntityOfPage\":{\"@id\":\"https:\\\/\\\/www.musikzeitung.ch\\\/rezensionen\\\/noten-rezensionen\\\/2022\\\/03\\\/als-komponist-noch-zu-entdecken\"},\"wordCount\":408,\"publisher\":{\"@id\":\"https:\\\/\\\/www.musikzeitung.ch\\\/#organization\"},\"image\":{\"@id\":\"https:\\\/\\\/www.musikzeitung.ch\\\/rezensionen\\\/noten-rezensionen\\\/2022\\\/03\\\/als-komponist-noch-zu-entdecken#primaryimage\"},\"thumbnailUrl\":\"https:\\\/\\\/www.musikzeitung.ch\\\/wp-content\\\/uploads\\\/2023\\\/01\\\/dolo-iglesias-FjElUqGfbAw-unsplash.jpg\",\"keywords\":[\"Christoph Keller\",\"Erich Schmid\"],\"articleSection\":[\"Noten\",\"Rezensionen\"],\"inLanguage\":\"it-IT\"},{\"@type\":\"WebPage\",\"@id\":\"https:\\\/\\\/www.musikzeitung.ch\\\/rezensionen\\\/noten-rezensionen\\\/2022\\\/03\\\/als-komponist-noch-zu-entdecken\",\"url\":\"https:\\\/\\\/www.musikzeitung.ch\\\/rezensionen\\\/noten-rezensionen\\\/2022\\\/03\\\/als-komponist-noch-zu-entdecken\",\"name\":\"Als Komponist noch zu entdecken - Schweizer Musikzeitung\",\"isPartOf\":{\"@id\":\"https:\\\/\\\/www.musikzeitung.ch\\\/#website\"},\"primaryImageOfPage\":{\"@id\":\"https:\\\/\\\/www.musikzeitung.ch\\\/rezensionen\\\/noten-rezensionen\\\/2022\\\/03\\\/als-komponist-noch-zu-entdecken#primaryimage\"},\"image\":{\"@id\":\"https:\\\/\\\/www.musikzeitung.ch\\\/rezensionen\\\/noten-rezensionen\\\/2022\\\/03\\\/als-komponist-noch-zu-entdecken#primaryimage\"},\"thumbnailUrl\":\"https:\\\/\\\/www.musikzeitung.ch\\\/wp-content\\\/uploads\\\/2023\\\/01\\\/dolo-iglesias-FjElUqGfbAw-unsplash.jpg\",\"datePublished\":\"2022-03-29T23:00:00+00:00\",\"dateModified\":\"2024-08-22T12:19:16+00:00\",\"description\":\"Christoph Keller hat die Klaviermusik von Erich Schmid in zwei B\u00e4nden herausgebracht.\",\"breadcrumb\":{\"@id\":\"https:\\\/\\\/www.musikzeitung.ch\\\/rezensionen\\\/noten-rezensionen\\\/2022\\\/03\\\/als-komponist-noch-zu-entdecken#breadcrumb\"},\"inLanguage\":\"it-IT\",\"potentialAction\":[{\"@type\":\"ReadAction\",\"target\":[\"https:\\\/\\\/www.musikzeitung.ch\\\/rezensionen\\\/noten-rezensionen\\\/2022\\\/03\\\/als-komponist-noch-zu-entdecken\"]}]},{\"@type\":\"ImageObject\",\"inLanguage\":\"it-IT\",\"@id\":\"https:\\\/\\\/www.musikzeitung.ch\\\/rezensionen\\\/noten-rezensionen\\\/2022\\\/03\\\/als-komponist-noch-zu-entdecken#primaryimage\",\"url\":\"https:\\\/\\\/www.musikzeitung.ch\\\/wp-content\\\/uploads\\\/2023\\\/01\\\/dolo-iglesias-FjElUqGfbAw-unsplash.jpg\",\"contentUrl\":\"https:\\\/\\\/www.musikzeitung.ch\\\/wp-content\\\/uploads\\\/2023\\\/01\\\/dolo-iglesias-FjElUqGfbAw-unsplash.jpg\",\"width\":554,\"height\":369},{\"@type\":\"BreadcrumbList\",\"@id\":\"https:\\\/\\\/www.musikzeitung.ch\\\/rezensionen\\\/noten-rezensionen\\\/2022\\\/03\\\/als-komponist-noch-zu-entdecken#breadcrumb\",\"itemListElement\":[{\"@type\":\"ListItem\",\"position\":1,\"name\":\"Home\",\"item\":\"https:\\\/\\\/www.musikzeitung.ch\\\/\"},{\"@type\":\"ListItem\",\"position\":2,\"name\":\"Als Komponist noch zu entdecken\"}]},{\"@type\":\"WebSite\",\"@id\":\"https:\\\/\\\/www.musikzeitung.ch\\\/#website\",\"url\":\"https:\\\/\\\/www.musikzeitung.ch\\\/\",\"name\":\"Schweizer Musikzeitung\",\"description\":\"Die f\u00fchrende sparten\u00fcbergreifende Monatszeitung in der Schweiz f\u00fcr musikalische Fragen.\",\"publisher\":{\"@id\":\"https:\\\/\\\/www.musikzeitung.ch\\\/#organization\"},\"potentialAction\":[{\"@type\":\"SearchAction\",\"target\":{\"@type\":\"EntryPoint\",\"urlTemplate\":\"https:\\\/\\\/www.musikzeitung.ch\\\/?s={search_term_string}\"},\"query-input\":{\"@type\":\"PropertyValueSpecification\",\"valueRequired\":true,\"valueName\":\"search_term_string\"}}],\"inLanguage\":\"it-IT\"},{\"@type\":\"Organization\",\"@id\":\"https:\\\/\\\/www.musikzeitung.ch\\\/#organization\",\"name\":\"Schweizer Musikzeitung\",\"url\":\"https:\\\/\\\/www.musikzeitung.ch\\\/\",\"logo\":{\"@type\":\"ImageObject\",\"inLanguage\":\"it-IT\",\"@id\":\"https:\\\/\\\/www.musikzeitung.ch\\\/#\\\/schema\\\/logo\\\/image\\\/\",\"url\":\"https:\\\/\\\/www.musikzeitung.ch\\\/wp-content\\\/uploads\\\/2023\\\/01\\\/SMZ_Schriftzug_Sprache.png\",\"contentUrl\":\"https:\\\/\\\/www.musikzeitung.ch\\\/wp-content\\\/uploads\\\/2023\\\/01\\\/SMZ_Schriftzug_Sprache.png\",\"width\":1400,\"height\":279,\"caption\":\"Schweizer Musikzeitung\"},\"image\":{\"@id\":\"https:\\\/\\\/www.musikzeitung.ch\\\/#\\\/schema\\\/logo\\\/image\\\/\"},\"sameAs\":[\"https:\\\/\\\/www.facebook.com\\\/SchweizerMusikzeitung\\\/\",\"https:\\\/\\\/x.com\\\/smusikzeitung\",\"https:\\\/\\\/www.instagram.com\\\/musikzeitung.ch\\\/\"]},{\"@type\":\"Person\",\"@id\":\"https:\\\/\\\/www.musikzeitung.ch\\\/#\\\/schema\\\/person\\\/b2fd892c800856270b9dcc6001265712\",\"name\":\"Musikzeitung-Redaktion\",\"image\":{\"@type\":\"ImageObject\",\"inLanguage\":\"it-IT\",\"@id\":\"https:\\\/\\\/www.musikzeitung.ch\\\/wp-content\\\/uploads\\\/2022\\\/05\\\/usericon_musikzeitung-96x96.jpg\",\"url\":\"https:\\\/\\\/www.musikzeitung.ch\\\/wp-content\\\/uploads\\\/2022\\\/05\\\/usericon_musikzeitung-96x96.jpg\",\"contentUrl\":\"https:\\\/\\\/www.musikzeitung.ch\\\/wp-content\\\/uploads\\\/2022\\\/05\\\/usericon_musikzeitung-96x96.jpg\",\"caption\":\"Musikzeitung-Redaktion\"},\"url\":\"https:\\\/\\\/www.musikzeitung.ch\\\/it\\\/author\\\/admin\"}]}<\/script>\n<!-- \/ Yoast SEO plugin. -->","yoast_head_json":{"title":"Un compositore ancora da scoprire - Schweizer Musikzeitung","description":"Christoph Keller ha pubblicato la musica per pianoforte di Erich Schmid in due volumi.","robots":{"index":"index","follow":"follow","max-snippet":"max-snippet:-1","max-image-preview":"max-image-preview:large","max-video-preview":"max-video-preview:-1"},"canonical":"https:\/\/www.musikzeitung.ch\/it\/rezensionen\/noten-rezensionen\/2022\/03\/als-komponist-noch-zu-entdecken\/","og_locale":"it_IT","og_type":"article","og_title":"Als Komponist noch zu entdecken - Schweizer Musikzeitung","og_description":"Christoph Keller hat die Klaviermusik von Erich Schmid in zwei B\u00e4nden herausgebracht.","og_url":"https:\/\/www.musikzeitung.ch\/it\/rezensionen\/noten-rezensionen\/2022\/03\/als-komponist-noch-zu-entdecken\/","og_site_name":"Schweizer Musikzeitung","article_publisher":"https:\/\/www.facebook.com\/SchweizerMusikzeitung\/","article_published_time":"2022-03-29T23:00:00+00:00","article_modified_time":"2024-08-22T12:19:16+00:00","og_image":[{"width":554,"height":369,"url":"https:\/\/www.musikzeitung.ch\/wp-content\/uploads\/2023\/01\/dolo-iglesias-FjElUqGfbAw-unsplash.jpg","type":"image\/jpeg"}],"author":"Musikzeitung-Redaktion","twitter_card":"summary_large_image","twitter_creator":"@smusikzeitung","twitter_site":"@smusikzeitung","twitter_misc":{"Scritto da":"Musikzeitung-Redaktion","Tempo di lettura stimato":"3 minuti"},"schema":{"@context":"https:\/\/schema.org","@graph":[{"@type":"Article","@id":"https:\/\/www.musikzeitung.ch\/rezensionen\/noten-rezensionen\/2022\/03\/als-komponist-noch-zu-entdecken#article","isPartOf":{"@id":"https:\/\/www.musikzeitung.ch\/rezensionen\/noten-rezensionen\/2022\/03\/als-komponist-noch-zu-entdecken"},"author":{"name":"Musikzeitung-Redaktion","@id":"https:\/\/www.musikzeitung.ch\/#\/schema\/person\/b2fd892c800856270b9dcc6001265712"},"headline":"Als Komponist noch zu entdecken","datePublished":"2022-03-29T23:00:00+00:00","dateModified":"2024-08-22T12:19:16+00:00","mainEntityOfPage":{"@id":"https:\/\/www.musikzeitung.ch\/rezensionen\/noten-rezensionen\/2022\/03\/als-komponist-noch-zu-entdecken"},"wordCount":408,"publisher":{"@id":"https:\/\/www.musikzeitung.ch\/#organization"},"image":{"@id":"https:\/\/www.musikzeitung.ch\/rezensionen\/noten-rezensionen\/2022\/03\/als-komponist-noch-zu-entdecken#primaryimage"},"thumbnailUrl":"https:\/\/www.musikzeitung.ch\/wp-content\/uploads\/2023\/01\/dolo-iglesias-FjElUqGfbAw-unsplash.jpg","keywords":["Christoph Keller","Erich Schmid"],"articleSection":["Noten","Rezensionen"],"inLanguage":"it-IT"},{"@type":"WebPage","@id":"https:\/\/www.musikzeitung.ch\/rezensionen\/noten-rezensionen\/2022\/03\/als-komponist-noch-zu-entdecken","url":"https:\/\/www.musikzeitung.ch\/rezensionen\/noten-rezensionen\/2022\/03\/als-komponist-noch-zu-entdecken","name":"Un compositore ancora da scoprire - Schweizer Musikzeitung","isPartOf":{"@id":"https:\/\/www.musikzeitung.ch\/#website"},"primaryImageOfPage":{"@id":"https:\/\/www.musikzeitung.ch\/rezensionen\/noten-rezensionen\/2022\/03\/als-komponist-noch-zu-entdecken#primaryimage"},"image":{"@id":"https:\/\/www.musikzeitung.ch\/rezensionen\/noten-rezensionen\/2022\/03\/als-komponist-noch-zu-entdecken#primaryimage"},"thumbnailUrl":"https:\/\/www.musikzeitung.ch\/wp-content\/uploads\/2023\/01\/dolo-iglesias-FjElUqGfbAw-unsplash.jpg","datePublished":"2022-03-29T23:00:00+00:00","dateModified":"2024-08-22T12:19:16+00:00","description":"Christoph Keller ha pubblicato la musica per pianoforte di Erich Schmid in due volumi.","breadcrumb":{"@id":"https:\/\/www.musikzeitung.ch\/rezensionen\/noten-rezensionen\/2022\/03\/als-komponist-noch-zu-entdecken#breadcrumb"},"inLanguage":"it-IT","potentialAction":[{"@type":"ReadAction","target":["https:\/\/www.musikzeitung.ch\/rezensionen\/noten-rezensionen\/2022\/03\/als-komponist-noch-zu-entdecken"]}]},{"@type":"ImageObject","inLanguage":"it-IT","@id":"https:\/\/www.musikzeitung.ch\/rezensionen\/noten-rezensionen\/2022\/03\/als-komponist-noch-zu-entdecken#primaryimage","url":"https:\/\/www.musikzeitung.ch\/wp-content\/uploads\/2023\/01\/dolo-iglesias-FjElUqGfbAw-unsplash.jpg","contentUrl":"https:\/\/www.musikzeitung.ch\/wp-content\/uploads\/2023\/01\/dolo-iglesias-FjElUqGfbAw-unsplash.jpg","width":554,"height":369},{"@type":"BreadcrumbList","@id":"https:\/\/www.musikzeitung.ch\/rezensionen\/noten-rezensionen\/2022\/03\/als-komponist-noch-zu-entdecken#breadcrumb","itemListElement":[{"@type":"ListItem","position":1,"name":"Home","item":"https:\/\/www.musikzeitung.ch\/"},{"@type":"ListItem","position":2,"name":"Als Komponist noch zu entdecken"}]},{"@type":"WebSite","@id":"https:\/\/www.musikzeitung.ch\/#website","url":"https:\/\/www.musikzeitung.ch\/","name":"Giornale musicale svizzero","description":"Il principale mensile interdisciplinare della Svizzera per le questioni musicali.","publisher":{"@id":"https:\/\/www.musikzeitung.ch\/#organization"},"potentialAction":[{"@type":"SearchAction","target":{"@type":"EntryPoint","urlTemplate":"https:\/\/www.musikzeitung.ch\/?s={search_term_string}"},"query-input":{"@type":"PropertyValueSpecification","valueRequired":true,"valueName":"search_term_string"}}],"inLanguage":"it-IT"},{"@type":"Organization","@id":"https:\/\/www.musikzeitung.ch\/#organization","name":"Giornale musicale svizzero","url":"https:\/\/www.musikzeitung.ch\/","logo":{"@type":"ImageObject","inLanguage":"it-IT","@id":"https:\/\/www.musikzeitung.ch\/#\/schema\/logo\/image\/","url":"https:\/\/www.musikzeitung.ch\/wp-content\/uploads\/2023\/01\/SMZ_Schriftzug_Sprache.png","contentUrl":"https:\/\/www.musikzeitung.ch\/wp-content\/uploads\/2023\/01\/SMZ_Schriftzug_Sprache.png","width":1400,"height":279,"caption":"Schweizer Musikzeitung"},"image":{"@id":"https:\/\/www.musikzeitung.ch\/#\/schema\/logo\/image\/"},"sameAs":["https:\/\/www.facebook.com\/SchweizerMusikzeitung\/","https:\/\/x.com\/smusikzeitung","https:\/\/www.instagram.com\/musikzeitung.ch\/"]},{"@type":"Person","@id":"https:\/\/www.musikzeitung.ch\/#\/schema\/person\/b2fd892c800856270b9dcc6001265712","name":"Redazione Musikzeitung","image":{"@type":"ImageObject","inLanguage":"it-IT","@id":"https:\/\/www.musikzeitung.ch\/wp-content\/uploads\/2022\/05\/usericon_musikzeitung-96x96.jpg","url":"https:\/\/www.musikzeitung.ch\/wp-content\/uploads\/2022\/05\/usericon_musikzeitung-96x96.jpg","contentUrl":"https:\/\/www.musikzeitung.ch\/wp-content\/uploads\/2022\/05\/usericon_musikzeitung-96x96.jpg","caption":"Musikzeitung-Redaktion"},"url":"https:\/\/www.musikzeitung.ch\/it\/author\/admin"}]}},"publishpress_future_workflow_manual_trigger":{"enabledWorkflows":[]},"_links":{"self":[{"href":"https:\/\/www.musikzeitung.ch\/it\/wp-json\/wp\/v2\/posts\/6576","targetHints":{"allow":["GET"]}}],"collection":[{"href":"https:\/\/www.musikzeitung.ch\/it\/wp-json\/wp\/v2\/posts"}],"about":[{"href":"https:\/\/www.musikzeitung.ch\/it\/wp-json\/wp\/v2\/types\/post"}],"author":[{"embeddable":true,"href":"https:\/\/www.musikzeitung.ch\/it\/wp-json\/wp\/v2\/users\/1"}],"replies":[{"embeddable":true,"href":"https:\/\/www.musikzeitung.ch\/it\/wp-json\/wp\/v2\/comments?post=6576"}],"version-history":[{"count":3,"href":"https:\/\/www.musikzeitung.ch\/it\/wp-json\/wp\/v2\/posts\/6576\/revisions"}],"predecessor-version":[{"id":57036,"href":"https:\/\/www.musikzeitung.ch\/it\/wp-json\/wp\/v2\/posts\/6576\/revisions\/57036"}],"wp:featuredmedia":[{"embeddable":true,"href":"https:\/\/www.musikzeitung.ch\/it\/wp-json\/wp\/v2\/media\/6577"}],"wp:attachment":[{"href":"https:\/\/www.musikzeitung.ch\/it\/wp-json\/wp\/v2\/media?parent=6576"}],"wp:term":[{"taxonomy":"category","embeddable":true,"href":"https:\/\/www.musikzeitung.ch\/it\/wp-json\/wp\/v2\/categories?post=6576"},{"taxonomy":"post_tag","embeddable":true,"href":"https:\/\/www.musikzeitung.ch\/it\/wp-json\/wp\/v2\/tags?post=6576"}],"curies":[{"name":"wp","href":"https:\/\/api.w.org\/{rel}","templated":true}]}}