{"id":65766,"date":"2025-06-12T10:34:48","date_gmt":"2025-06-12T08:34:48","guid":{"rendered":"https:\/\/www.musikzeitung.ch\/?p=65766"},"modified":"2025-06-12T16:12:04","modified_gmt":"2025-06-12T14:12:04","slug":"swissperform-mit-leichtem-einnahmenrueckgang","status":"publish","type":"post","link":"https:\/\/www.musikzeitung.ch\/it\/news\/2025\/06\/swissperform-mit-leichtem-einnahmenrueckgang","title":{"rendered":"Swissperform con un leggero calo del fatturato"},"content":{"rendered":"<p><img loading=\"lazy\" decoding=\"async\" class=\"alignnone size-large wp-image-65767\" src=\"https:\/\/www.musikzeitung.ch\/wp-content\/uploads\/2025\/06\/250612sp-1024x710.jpg\" alt=\"\" width=\"768\" height=\"533\" srcset=\"https:\/\/www.musikzeitung.ch\/wp-content\/uploads\/2025\/06\/250612sp-1024x710.jpg 1024w, https:\/\/www.musikzeitung.ch\/wp-content\/uploads\/2025\/06\/250612sp-300x208.jpg 300w, https:\/\/www.musikzeitung.ch\/wp-content\/uploads\/2025\/06\/250612sp-768x532.jpg 768w, https:\/\/www.musikzeitung.ch\/wp-content\/uploads\/2025\/06\/250612sp-18x12.jpg 18w, https:\/\/www.musikzeitung.ch\/wp-content\/uploads\/2025\/06\/250612sp-252x175.jpg 252w, https:\/\/www.musikzeitung.ch\/wp-content\/uploads\/2025\/06\/250612sp-505x350.jpg 505w, https:\/\/www.musikzeitung.ch\/wp-content\/uploads\/2025\/06\/250612sp-920x638.jpg 920w, https:\/\/www.musikzeitung.ch\/wp-content\/uploads\/2025\/06\/250612sp.jpg 1115w\" sizes=\"auto, (max-width: 768px) 100vw, 768px\" \/><\/p>\n<p>Nel 2024 Swissperform ha generato entrate tariffarie per 62,8 milioni di franchi. Ci\u00f2 corrisponde a una diminuzione di 300.000 franchi, pari al 4 per mille, rispetto all'anno precedente. Secondo il comunicato stampa, gli abbonamenti radiofonici e televisivi sono diminuiti nel settore della ritrasmissione, c'\u00e8 stato un ritardo nell'invio delle fatture agli utenti per le prestazioni e le stazioni radiofoniche private hanno registrato un calo degli introiti pubblicitari in termini di trasmissione.<\/p>\n<p>In occasione dell'Assemblea dei delegati, la societ\u00e0 ha spiegato che i costi e quindi anche il tasso di costi amministrativi sono aumentati. In percentuale sul reddito, i costi sono stati pari all'11,22% netto (anno precedente: 9,86%) e al 14,91% lordo (compresi i costi di incasso delle societ\u00e0 consociate) (anno precedente: 13,70%). La ragione principale di questo andamento \u00e8 l'aumento dei costi di Swissperform in seguito alle ristrutturazioni in corso.<\/p>\n<p>Alla fine del 2024, 26.134 membri e clienti appartenevano all'associazione. L'aumento nel 2024 \u00e8 stato di 1.147 titolari di diritti (4,59 percento). L'aumento maggiore, sia in termini di numero che di percentuale, \u00e8 stato registrato dagli artisti interpreti fonografici (1.050 \/ 5,28%). Circa 6,3 milioni di franchi svizzeri sono stati investiti nella promozione di progetti culturali e sociali attraverso le fondazioni affiliate.<\/p>\n<p>&nbsp;<\/p>","protected":false},"excerpt":{"rendered":"<p>Swissperform, la societ\u00e0 svizzera di gestione dei diritti di protezione affini, ha registrato un leggero calo delle entrate nel 2024. I motivi sono il calo degli introiti pubblicitari delle stazioni radiofoniche private e la diminuzione degli abbonamenti radiofonici e televisivi.<\/p>","protected":false},"author":30,"featured_media":65767,"comment_status":"closed","ping_status":"closed","sticky":false,"template":"","format":"standard","meta":{"_acf_changed":false,"_relevanssi_hide_post":"","_relevanssi_hide_content":"","_relevanssi_pin_for_all":"","_relevanssi_pin_keywords":"","_relevanssi_unpin_keywords":"","_relevanssi_related_keywords":"","_relevanssi_related_include_ids":"","_relevanssi_related_exclude_ids":"","_relevanssi_related_no_append":"","_relevanssi_related_not_related":"","_relevanssi_related_posts":"","_relevanssi_noindex_reason":"","pgc_sgb_lightbox_settings":"","footnotes":""},"categories":[27],"tags":[4316],"class_list":["post-65766","post","type-post","status-publish","format-standard","has-post-thumbnail","hentry","category-news","tag-swissperform"],"acf":[],"yoast_head":"<!-- This site is optimized with the Yoast SEO plugin v27.4 - https:\/\/yoast.com\/product\/yoast-seo-wordpress\/ -->\n<title>Swissperform mit leichtem Einnahmenr\u00fcckgang - Schweizer Musikzeitung<\/title>\n<meta name=\"description\" content=\"Swissperform nennt als Gr\u00fcnde sind unter anderen sinkende Werbeeinnahmen der Privatradios und weniger Radio- und TV-Abonnemente.\" \/>\n<meta name=\"robots\" content=\"index, follow, max-snippet:-1, max-image-preview:large, max-video-preview:-1\" \/>\n<link rel=\"canonical\" href=\"https:\/\/www.musikzeitung.ch\/it\/news\/2025\/06\/swissperform-mit-leichtem-einnahmenrueckgang\/\" \/>\n<meta property=\"og:locale\" content=\"it_IT\" \/>\n<meta property=\"og:type\" content=\"article\" \/>\n<meta property=\"og:title\" content=\"Swissperform mit leichtem Einnahmenr\u00fcckgang - Schweizer Musikzeitung\" \/>\n<meta property=\"og:description\" content=\"Swissperform nennt als Gr\u00fcnde sind unter anderen sinkende Werbeeinnahmen der Privatradios und weniger Radio- und TV-Abonnemente.\" \/>\n<meta property=\"og:url\" content=\"https:\/\/www.musikzeitung.ch\/it\/news\/2025\/06\/swissperform-mit-leichtem-einnahmenrueckgang\/\" \/>\n<meta property=\"og:site_name\" content=\"Schweizer Musikzeitung\" \/>\n<meta property=\"article:publisher\" content=\"https:\/\/www.facebook.com\/SchweizerMusikzeitung\/\" \/>\n<meta property=\"article:author\" content=\"https:\/\/www.facebook.com\/wolfgang.bohler.75\" \/>\n<meta property=\"article:published_time\" content=\"2025-06-12T08:34:48+00:00\" \/>\n<meta property=\"article:modified_time\" content=\"2025-06-12T14:12:04+00:00\" \/>\n<meta property=\"og:image\" content=\"https:\/\/www.musikzeitung.ch\/wp-content\/uploads\/2025\/06\/250612sp.jpg\" \/>\n\t<meta property=\"og:image:width\" content=\"1115\" \/>\n\t<meta property=\"og:image:height\" content=\"773\" \/>\n\t<meta property=\"og:image:type\" content=\"image\/jpeg\" \/>\n<meta name=\"author\" content=\"Wolfgang B\u00f6hler\" \/>\n<meta name=\"twitter:card\" content=\"summary_large_image\" \/>\n<meta name=\"twitter:creator\" content=\"@smusikzeitung\" \/>\n<meta name=\"twitter:site\" content=\"@smusikzeitung\" \/>\n<meta name=\"twitter:label1\" content=\"Scritto da\" \/>\n\t<meta name=\"twitter:data1\" content=\"Wolfgang B\u00f6hler\" \/>\n\t<meta name=\"twitter:label2\" content=\"Tempo di lettura stimato\" \/>\n\t<meta name=\"twitter:data2\" content=\"2 minuti\" \/>\n<script type=\"application\/ld+json\" class=\"yoast-schema-graph\">{\"@context\":\"https:\\\/\\\/schema.org\",\"@graph\":[{\"@type\":\"Article\",\"@id\":\"https:\\\/\\\/www.musikzeitung.ch\\\/news\\\/2025\\\/06\\\/swissperform-mit-leichtem-einnahmenrueckgang#article\",\"isPartOf\":{\"@id\":\"https:\\\/\\\/www.musikzeitung.ch\\\/news\\\/2025\\\/06\\\/swissperform-mit-leichtem-einnahmenrueckgang\"},\"author\":{\"name\":\"Wolfgang B\u00f6hler\",\"@id\":\"https:\\\/\\\/www.musikzeitung.ch\\\/#\\\/schema\\\/person\\\/0da4fb82d243f1252850a35d0e87cf0c\"},\"headline\":\"Swissperform mit leichtem Einnahmenr\u00fcckgang\",\"datePublished\":\"2025-06-12T08:34:48+00:00\",\"dateModified\":\"2025-06-12T14:12:04+00:00\",\"mainEntityOfPage\":{\"@id\":\"https:\\\/\\\/www.musikzeitung.ch\\\/news\\\/2025\\\/06\\\/swissperform-mit-leichtem-einnahmenrueckgang\"},\"wordCount\":163,\"publisher\":{\"@id\":\"https:\\\/\\\/www.musikzeitung.ch\\\/#organization\"},\"image\":{\"@id\":\"https:\\\/\\\/www.musikzeitung.ch\\\/news\\\/2025\\\/06\\\/swissperform-mit-leichtem-einnahmenrueckgang#primaryimage\"},\"thumbnailUrl\":\"https:\\\/\\\/www.musikzeitung.ch\\\/wp-content\\\/uploads\\\/2025\\\/06\\\/250612sp.jpg\",\"keywords\":[\"Swissperform\"],\"articleSection\":[\"News\"],\"inLanguage\":\"it-IT\"},{\"@type\":\"WebPage\",\"@id\":\"https:\\\/\\\/www.musikzeitung.ch\\\/news\\\/2025\\\/06\\\/swissperform-mit-leichtem-einnahmenrueckgang\",\"url\":\"https:\\\/\\\/www.musikzeitung.ch\\\/news\\\/2025\\\/06\\\/swissperform-mit-leichtem-einnahmenrueckgang\",\"name\":\"Swissperform mit leichtem Einnahmenr\u00fcckgang - Schweizer Musikzeitung\",\"isPartOf\":{\"@id\":\"https:\\\/\\\/www.musikzeitung.ch\\\/#website\"},\"primaryImageOfPage\":{\"@id\":\"https:\\\/\\\/www.musikzeitung.ch\\\/news\\\/2025\\\/06\\\/swissperform-mit-leichtem-einnahmenrueckgang#primaryimage\"},\"image\":{\"@id\":\"https:\\\/\\\/www.musikzeitung.ch\\\/news\\\/2025\\\/06\\\/swissperform-mit-leichtem-einnahmenrueckgang#primaryimage\"},\"thumbnailUrl\":\"https:\\\/\\\/www.musikzeitung.ch\\\/wp-content\\\/uploads\\\/2025\\\/06\\\/250612sp.jpg\",\"datePublished\":\"2025-06-12T08:34:48+00:00\",\"dateModified\":\"2025-06-12T14:12:04+00:00\",\"description\":\"Swissperform nennt als Gr\u00fcnde sind unter anderen sinkende Werbeeinnahmen der Privatradios und weniger Radio- und TV-Abonnemente.\",\"breadcrumb\":{\"@id\":\"https:\\\/\\\/www.musikzeitung.ch\\\/news\\\/2025\\\/06\\\/swissperform-mit-leichtem-einnahmenrueckgang#breadcrumb\"},\"inLanguage\":\"it-IT\",\"potentialAction\":[{\"@type\":\"ReadAction\",\"target\":[\"https:\\\/\\\/www.musikzeitung.ch\\\/news\\\/2025\\\/06\\\/swissperform-mit-leichtem-einnahmenrueckgang\"]}]},{\"@type\":\"ImageObject\",\"inLanguage\":\"it-IT\",\"@id\":\"https:\\\/\\\/www.musikzeitung.ch\\\/news\\\/2025\\\/06\\\/swissperform-mit-leichtem-einnahmenrueckgang#primaryimage\",\"url\":\"https:\\\/\\\/www.musikzeitung.ch\\\/wp-content\\\/uploads\\\/2025\\\/06\\\/250612sp.jpg\",\"contentUrl\":\"https:\\\/\\\/www.musikzeitung.ch\\\/wp-content\\\/uploads\\\/2025\\\/06\\\/250612sp.jpg\",\"width\":1115,\"height\":773},{\"@type\":\"BreadcrumbList\",\"@id\":\"https:\\\/\\\/www.musikzeitung.ch\\\/news\\\/2025\\\/06\\\/swissperform-mit-leichtem-einnahmenrueckgang#breadcrumb\",\"itemListElement\":[{\"@type\":\"ListItem\",\"position\":1,\"name\":\"Home\",\"item\":\"https:\\\/\\\/www.musikzeitung.ch\\\/\"},{\"@type\":\"ListItem\",\"position\":2,\"name\":\"Swissperform mit leichtem Einnahmenr\u00fcckgang\"}]},{\"@type\":\"WebSite\",\"@id\":\"https:\\\/\\\/www.musikzeitung.ch\\\/#website\",\"url\":\"https:\\\/\\\/www.musikzeitung.ch\\\/\",\"name\":\"Schweizer Musikzeitung\",\"description\":\"Die f\u00fchrende sparten\u00fcbergreifende Monatszeitung in der Schweiz f\u00fcr musikalische Fragen.\",\"publisher\":{\"@id\":\"https:\\\/\\\/www.musikzeitung.ch\\\/#organization\"},\"potentialAction\":[{\"@type\":\"SearchAction\",\"target\":{\"@type\":\"EntryPoint\",\"urlTemplate\":\"https:\\\/\\\/www.musikzeitung.ch\\\/?s={search_term_string}\"},\"query-input\":{\"@type\":\"PropertyValueSpecification\",\"valueRequired\":true,\"valueName\":\"search_term_string\"}}],\"inLanguage\":\"it-IT\"},{\"@type\":\"Organization\",\"@id\":\"https:\\\/\\\/www.musikzeitung.ch\\\/#organization\",\"name\":\"Schweizer Musikzeitung\",\"url\":\"https:\\\/\\\/www.musikzeitung.ch\\\/\",\"logo\":{\"@type\":\"ImageObject\",\"inLanguage\":\"it-IT\",\"@id\":\"https:\\\/\\\/www.musikzeitung.ch\\\/#\\\/schema\\\/logo\\\/image\\\/\",\"url\":\"https:\\\/\\\/www.musikzeitung.ch\\\/wp-content\\\/uploads\\\/2023\\\/01\\\/SMZ_Schriftzug_Sprache.png\",\"contentUrl\":\"https:\\\/\\\/www.musikzeitung.ch\\\/wp-content\\\/uploads\\\/2023\\\/01\\\/SMZ_Schriftzug_Sprache.png\",\"width\":1400,\"height\":279,\"caption\":\"Schweizer Musikzeitung\"},\"image\":{\"@id\":\"https:\\\/\\\/www.musikzeitung.ch\\\/#\\\/schema\\\/logo\\\/image\\\/\"},\"sameAs\":[\"https:\\\/\\\/www.facebook.com\\\/SchweizerMusikzeitung\\\/\",\"https:\\\/\\\/x.com\\\/smusikzeitung\",\"https:\\\/\\\/www.instagram.com\\\/musikzeitung.ch\\\/\"]},{\"@type\":\"Person\",\"@id\":\"https:\\\/\\\/www.musikzeitung.ch\\\/#\\\/schema\\\/person\\\/0da4fb82d243f1252850a35d0e87cf0c\",\"name\":\"Wolfgang B\u00f6hler\",\"image\":{\"@type\":\"ImageObject\",\"inLanguage\":\"it-IT\",\"@id\":\"https:\\\/\\\/www.musikzeitung.ch\\\/wp-content\\\/uploads\\\/2023\\\/01\\\/boehler_portraet_web-e1674139782246-96x96.jpg\",\"url\":\"https:\\\/\\\/www.musikzeitung.ch\\\/wp-content\\\/uploads\\\/2023\\\/01\\\/boehler_portraet_web-e1674139782246-96x96.jpg\",\"contentUrl\":\"https:\\\/\\\/www.musikzeitung.ch\\\/wp-content\\\/uploads\\\/2023\\\/01\\\/boehler_portraet_web-e1674139782246-96x96.jpg\",\"caption\":\"Wolfgang B\u00f6hler\"},\"sameAs\":[\"http:\\\/\\\/www.manacanto.ch\",\"https:\\\/\\\/www.facebook.com\\\/wolfgang.bohler.75\"],\"url\":\"https:\\\/\\\/www.musikzeitung.ch\\\/it\\\/author\\\/wolfgang-boehler\"}]}<\/script>\n<!-- \/ Yoast SEO plugin. -->","yoast_head_json":{"title":"Swissperform con un leggero calo del fatturato - Schweizer Musikzeitung","description":"Tra le ragioni citate da Swissperform vi sono il calo degli introiti pubblicitari per le emittenti radiofoniche private e la diminuzione degli abbonamenti a radio e TV.","robots":{"index":"index","follow":"follow","max-snippet":"max-snippet:-1","max-image-preview":"max-image-preview:large","max-video-preview":"max-video-preview:-1"},"canonical":"https:\/\/www.musikzeitung.ch\/it\/news\/2025\/06\/swissperform-mit-leichtem-einnahmenrueckgang\/","og_locale":"it_IT","og_type":"article","og_title":"Swissperform mit leichtem Einnahmenr\u00fcckgang - Schweizer Musikzeitung","og_description":"Swissperform nennt als Gr\u00fcnde sind unter anderen sinkende Werbeeinnahmen der Privatradios und weniger Radio- und TV-Abonnemente.","og_url":"https:\/\/www.musikzeitung.ch\/it\/news\/2025\/06\/swissperform-mit-leichtem-einnahmenrueckgang\/","og_site_name":"Schweizer Musikzeitung","article_publisher":"https:\/\/www.facebook.com\/SchweizerMusikzeitung\/","article_author":"https:\/\/www.facebook.com\/wolfgang.bohler.75","article_published_time":"2025-06-12T08:34:48+00:00","article_modified_time":"2025-06-12T14:12:04+00:00","og_image":[{"width":1115,"height":773,"url":"https:\/\/www.musikzeitung.ch\/wp-content\/uploads\/2025\/06\/250612sp.jpg","type":"image\/jpeg"}],"author":"Wolfgang B\u00f6hler","twitter_card":"summary_large_image","twitter_creator":"@smusikzeitung","twitter_site":"@smusikzeitung","twitter_misc":{"Scritto da":"Wolfgang B\u00f6hler","Tempo di lettura stimato":"2 minuti"},"schema":{"@context":"https:\/\/schema.org","@graph":[{"@type":"Article","@id":"https:\/\/www.musikzeitung.ch\/news\/2025\/06\/swissperform-mit-leichtem-einnahmenrueckgang#article","isPartOf":{"@id":"https:\/\/www.musikzeitung.ch\/news\/2025\/06\/swissperform-mit-leichtem-einnahmenrueckgang"},"author":{"name":"Wolfgang B\u00f6hler","@id":"https:\/\/www.musikzeitung.ch\/#\/schema\/person\/0da4fb82d243f1252850a35d0e87cf0c"},"headline":"Swissperform mit leichtem Einnahmenr\u00fcckgang","datePublished":"2025-06-12T08:34:48+00:00","dateModified":"2025-06-12T14:12:04+00:00","mainEntityOfPage":{"@id":"https:\/\/www.musikzeitung.ch\/news\/2025\/06\/swissperform-mit-leichtem-einnahmenrueckgang"},"wordCount":163,"publisher":{"@id":"https:\/\/www.musikzeitung.ch\/#organization"},"image":{"@id":"https:\/\/www.musikzeitung.ch\/news\/2025\/06\/swissperform-mit-leichtem-einnahmenrueckgang#primaryimage"},"thumbnailUrl":"https:\/\/www.musikzeitung.ch\/wp-content\/uploads\/2025\/06\/250612sp.jpg","keywords":["Swissperform"],"articleSection":["News"],"inLanguage":"it-IT"},{"@type":"WebPage","@id":"https:\/\/www.musikzeitung.ch\/news\/2025\/06\/swissperform-mit-leichtem-einnahmenrueckgang","url":"https:\/\/www.musikzeitung.ch\/news\/2025\/06\/swissperform-mit-leichtem-einnahmenrueckgang","name":"Swissperform con un leggero calo del fatturato - Schweizer Musikzeitung","isPartOf":{"@id":"https:\/\/www.musikzeitung.ch\/#website"},"primaryImageOfPage":{"@id":"https:\/\/www.musikzeitung.ch\/news\/2025\/06\/swissperform-mit-leichtem-einnahmenrueckgang#primaryimage"},"image":{"@id":"https:\/\/www.musikzeitung.ch\/news\/2025\/06\/swissperform-mit-leichtem-einnahmenrueckgang#primaryimage"},"thumbnailUrl":"https:\/\/www.musikzeitung.ch\/wp-content\/uploads\/2025\/06\/250612sp.jpg","datePublished":"2025-06-12T08:34:48+00:00","dateModified":"2025-06-12T14:12:04+00:00","description":"Tra le ragioni citate da Swissperform vi sono il calo degli introiti pubblicitari per le emittenti radiofoniche private e la diminuzione degli abbonamenti a radio e TV.","breadcrumb":{"@id":"https:\/\/www.musikzeitung.ch\/news\/2025\/06\/swissperform-mit-leichtem-einnahmenrueckgang#breadcrumb"},"inLanguage":"it-IT","potentialAction":[{"@type":"ReadAction","target":["https:\/\/www.musikzeitung.ch\/news\/2025\/06\/swissperform-mit-leichtem-einnahmenrueckgang"]}]},{"@type":"ImageObject","inLanguage":"it-IT","@id":"https:\/\/www.musikzeitung.ch\/news\/2025\/06\/swissperform-mit-leichtem-einnahmenrueckgang#primaryimage","url":"https:\/\/www.musikzeitung.ch\/wp-content\/uploads\/2025\/06\/250612sp.jpg","contentUrl":"https:\/\/www.musikzeitung.ch\/wp-content\/uploads\/2025\/06\/250612sp.jpg","width":1115,"height":773},{"@type":"BreadcrumbList","@id":"https:\/\/www.musikzeitung.ch\/news\/2025\/06\/swissperform-mit-leichtem-einnahmenrueckgang#breadcrumb","itemListElement":[{"@type":"ListItem","position":1,"name":"Home","item":"https:\/\/www.musikzeitung.ch\/"},{"@type":"ListItem","position":2,"name":"Swissperform mit leichtem Einnahmenr\u00fcckgang"}]},{"@type":"WebSite","@id":"https:\/\/www.musikzeitung.ch\/#website","url":"https:\/\/www.musikzeitung.ch\/","name":"Giornale musicale svizzero","description":"Il principale mensile interdisciplinare della Svizzera per le questioni musicali.","publisher":{"@id":"https:\/\/www.musikzeitung.ch\/#organization"},"potentialAction":[{"@type":"SearchAction","target":{"@type":"EntryPoint","urlTemplate":"https:\/\/www.musikzeitung.ch\/?s={search_term_string}"},"query-input":{"@type":"PropertyValueSpecification","valueRequired":true,"valueName":"search_term_string"}}],"inLanguage":"it-IT"},{"@type":"Organization","@id":"https:\/\/www.musikzeitung.ch\/#organization","name":"Giornale musicale svizzero","url":"https:\/\/www.musikzeitung.ch\/","logo":{"@type":"ImageObject","inLanguage":"it-IT","@id":"https:\/\/www.musikzeitung.ch\/#\/schema\/logo\/image\/","url":"https:\/\/www.musikzeitung.ch\/wp-content\/uploads\/2023\/01\/SMZ_Schriftzug_Sprache.png","contentUrl":"https:\/\/www.musikzeitung.ch\/wp-content\/uploads\/2023\/01\/SMZ_Schriftzug_Sprache.png","width":1400,"height":279,"caption":"Schweizer Musikzeitung"},"image":{"@id":"https:\/\/www.musikzeitung.ch\/#\/schema\/logo\/image\/"},"sameAs":["https:\/\/www.facebook.com\/SchweizerMusikzeitung\/","https:\/\/x.com\/smusikzeitung","https:\/\/www.instagram.com\/musikzeitung.ch\/"]},{"@type":"Person","@id":"https:\/\/www.musikzeitung.ch\/#\/schema\/person\/0da4fb82d243f1252850a35d0e87cf0c","name":"Wolfgang B\u00f6hler","image":{"@type":"ImageObject","inLanguage":"it-IT","@id":"https:\/\/www.musikzeitung.ch\/wp-content\/uploads\/2023\/01\/boehler_portraet_web-e1674139782246-96x96.jpg","url":"https:\/\/www.musikzeitung.ch\/wp-content\/uploads\/2023\/01\/boehler_portraet_web-e1674139782246-96x96.jpg","contentUrl":"https:\/\/www.musikzeitung.ch\/wp-content\/uploads\/2023\/01\/boehler_portraet_web-e1674139782246-96x96.jpg","caption":"Wolfgang B\u00f6hler"},"sameAs":["http:\/\/www.manacanto.ch","https:\/\/www.facebook.com\/wolfgang.bohler.75"],"url":"https:\/\/www.musikzeitung.ch\/it\/author\/wolfgang-boehler"}]}},"publishpress_future_workflow_manual_trigger":{"enabledWorkflows":[]},"_links":{"self":[{"href":"https:\/\/www.musikzeitung.ch\/it\/wp-json\/wp\/v2\/posts\/65766","targetHints":{"allow":["GET"]}}],"collection":[{"href":"https:\/\/www.musikzeitung.ch\/it\/wp-json\/wp\/v2\/posts"}],"about":[{"href":"https:\/\/www.musikzeitung.ch\/it\/wp-json\/wp\/v2\/types\/post"}],"author":[{"embeddable":true,"href":"https:\/\/www.musikzeitung.ch\/it\/wp-json\/wp\/v2\/users\/30"}],"replies":[{"embeddable":true,"href":"https:\/\/www.musikzeitung.ch\/it\/wp-json\/wp\/v2\/comments?post=65766"}],"version-history":[{"count":6,"href":"https:\/\/www.musikzeitung.ch\/it\/wp-json\/wp\/v2\/posts\/65766\/revisions"}],"predecessor-version":[{"id":65775,"href":"https:\/\/www.musikzeitung.ch\/it\/wp-json\/wp\/v2\/posts\/65766\/revisions\/65775"}],"wp:featuredmedia":[{"embeddable":true,"href":"https:\/\/www.musikzeitung.ch\/it\/wp-json\/wp\/v2\/media\/65767"}],"wp:attachment":[{"href":"https:\/\/www.musikzeitung.ch\/it\/wp-json\/wp\/v2\/media?parent=65766"}],"wp:term":[{"taxonomy":"category","embeddable":true,"href":"https:\/\/www.musikzeitung.ch\/it\/wp-json\/wp\/v2\/categories?post=65766"},{"taxonomy":"post_tag","embeddable":true,"href":"https:\/\/www.musikzeitung.ch\/it\/wp-json\/wp\/v2\/tags?post=65766"}],"curies":[{"name":"wp","href":"https:\/\/api.w.org\/{rel}","templated":true}]}}