{"id":66089,"date":"2025-07-02T07:04:51","date_gmt":"2025-07-02T05:04:51","guid":{"rendered":"https:\/\/www.musikzeitung.ch\/?p=66089"},"modified":"2025-07-02T08:21:17","modified_gmt":"2025-07-02T06:21:17","slug":"blunier-generalmusikdirektor-der-duisburger-philharmoniker","status":"publish","type":"post","link":"https:\/\/www.musikzeitung.ch\/it\/news\/2025\/07\/blunier-generalmusikdirektor-der-duisburger-philharmoniker","title":{"rendered":"Blunier Direttore musicale generale dell'Orchestra Filarmonica di Duisburg"},"content":{"rendered":"<figure id=\"attachment_66090\" aria-describedby=\"caption-attachment-66090\" style=\"width: 768px\" class=\"wp-caption alignnone\"><img loading=\"lazy\" decoding=\"async\" class=\"size-large wp-image-66090\" src=\"https:\/\/www.musikzeitung.ch\/wp-content\/uploads\/2025\/07\/250702blunier-1024x673.jpg\" alt=\"\" width=\"768\" height=\"505\" srcset=\"https:\/\/www.musikzeitung.ch\/wp-content\/uploads\/2025\/07\/250702blunier-1024x673.jpg 1024w, https:\/\/www.musikzeitung.ch\/wp-content\/uploads\/2025\/07\/250702blunier-300x197.jpg 300w, https:\/\/www.musikzeitung.ch\/wp-content\/uploads\/2025\/07\/250702blunier-768x505.jpg 768w, https:\/\/www.musikzeitung.ch\/wp-content\/uploads\/2025\/07\/250702blunier-18x12.jpg 18w, https:\/\/www.musikzeitung.ch\/wp-content\/uploads\/2025\/07\/250702blunier-266x175.jpg 266w, https:\/\/www.musikzeitung.ch\/wp-content\/uploads\/2025\/07\/250702blunier-533x350.jpg 533w, https:\/\/www.musikzeitung.ch\/wp-content\/uploads\/2025\/07\/250702blunier-1218x800.jpg 1218w, https:\/\/www.musikzeitung.ch\/wp-content\/uploads\/2025\/07\/250702blunier-920x604.jpg 920w, https:\/\/www.musikzeitung.ch\/wp-content\/uploads\/2025\/07\/250702blunier.jpg 1312w\" sizes=\"auto, (max-width: 768px) 100vw, 768px\" \/><figcaption id=\"caption-attachment-66090\" class=\"wp-caption-text\">Stefan Blunier (Immagine: Paul Epp)<\/figcaption><\/figure>\n<p>Stefan Blunier ha studiato pianoforte, corno, composizione e direzione d'orchestra a Berna e alla Folkwang Hochschule di Essen. Ha lavorato come direttore d'orchestra a Magonza, Augusta e Mannheim prima di assumere incarichi di direttore principale e GMD a Darmstadt, Bonn, Bruxelles e, pi\u00f9 recentemente dal 2021, Porto. Dal 2017 \u00e8 titolare di una cattedra di musica sinfonica presso l'Universit\u00e0 della Musica di Mannheim.<\/p>\n<p>Fondata nel 1877, l'orchestra teneva regolarmente concerti come Orchestra Sinfonica di Duisburg nella Mercatorhalle di Duisburg fino alla sua demolizione nel 2003. In seguito si \u00e8 esibita nel Teatro am Marientor di Duisburg. Nell'aprile 2007 \u00e8 stata completata la nuova Mercatorhalle nello Stadtpalais, dove l'orchestra si \u00e8 trasferita con il nuovo nome.<\/p>\n<p>&nbsp;<\/p>","protected":false},"excerpt":{"rendered":"<p>Il direttore d'orchestra svizzero Stefan Blunier diventer\u00e0 direttore musicale generale dell'Orchestra Filarmonica di Duisburg per tre anni a partire dalla stagione 2026\/2027. Succede ad Axel Kober nella posizione.<\/p>","protected":false},"author":30,"featured_media":66090,"comment_status":"closed","ping_status":"closed","sticky":false,"template":"","format":"standard","meta":{"_acf_changed":false,"_relevanssi_hide_post":"","_relevanssi_hide_content":"","_relevanssi_pin_for_all":"","_relevanssi_pin_keywords":"","_relevanssi_unpin_keywords":"","_relevanssi_related_keywords":"","_relevanssi_related_include_ids":"","_relevanssi_related_exclude_ids":"","_relevanssi_related_no_append":"","_relevanssi_related_not_related":"","_relevanssi_related_posts":"","_relevanssi_noindex_reason":"","pgc_sgb_lightbox_settings":"","footnotes":""},"categories":[27],"tags":[5074,5073],"class_list":["post-66089","post","type-post","status-publish","format-standard","has-post-thumbnail","hentry","category-news","tag-duisburger-philharmoniker","tag-stefan-bluier"],"acf":[],"yoast_head":"<!-- This site is optimized with the Yoast SEO plugin v27.4 - https:\/\/yoast.com\/product\/yoast-seo-wordpress\/ -->\n<title>Blunier Generalmusikdirektor der Duisburger Philharmoniker - Schweizer Musikzeitung<\/title>\n<meta name=\"description\" content=\"Der Schweizer Dirigent Stefan Blunier wird ab der Spielzeit 2026\/2027 f\u00fcr drei Jahre Generalmusikdirektor der Duisburger Philharmoniker.\" \/>\n<meta name=\"robots\" content=\"index, follow, max-snippet:-1, max-image-preview:large, max-video-preview:-1\" \/>\n<link rel=\"canonical\" href=\"https:\/\/www.musikzeitung.ch\/it\/news\/2025\/07\/blunier-generalmusikdirektor-der-duisburger-philharmoniker\/\" \/>\n<meta property=\"og:locale\" content=\"it_IT\" \/>\n<meta property=\"og:type\" content=\"article\" \/>\n<meta property=\"og:title\" content=\"Blunier Generalmusikdirektor der Duisburger Philharmoniker - Schweizer Musikzeitung\" \/>\n<meta property=\"og:description\" content=\"Der Schweizer Dirigent Stefan Blunier wird ab der Spielzeit 2026\/2027 f\u00fcr drei Jahre Generalmusikdirektor der Duisburger Philharmoniker.\" \/>\n<meta property=\"og:url\" content=\"https:\/\/www.musikzeitung.ch\/it\/news\/2025\/07\/blunier-generalmusikdirektor-der-duisburger-philharmoniker\/\" \/>\n<meta property=\"og:site_name\" content=\"Schweizer Musikzeitung\" \/>\n<meta property=\"article:publisher\" content=\"https:\/\/www.facebook.com\/SchweizerMusikzeitung\/\" \/>\n<meta property=\"article:author\" content=\"https:\/\/www.facebook.com\/wolfgang.bohler.75\" \/>\n<meta property=\"article:published_time\" content=\"2025-07-02T05:04:51+00:00\" \/>\n<meta property=\"article:modified_time\" content=\"2025-07-02T06:21:17+00:00\" \/>\n<meta property=\"og:image\" content=\"https:\/\/www.musikzeitung.ch\/wp-content\/uploads\/2025\/07\/250702blunier.jpg\" \/>\n\t<meta property=\"og:image:width\" content=\"1312\" \/>\n\t<meta property=\"og:image:height\" content=\"862\" \/>\n\t<meta property=\"og:image:type\" content=\"image\/jpeg\" \/>\n<meta name=\"author\" content=\"Wolfgang B\u00f6hler\" \/>\n<meta name=\"twitter:card\" content=\"summary_large_image\" \/>\n<meta name=\"twitter:creator\" content=\"@smusikzeitung\" \/>\n<meta name=\"twitter:site\" content=\"@smusikzeitung\" \/>\n<meta name=\"twitter:label1\" content=\"Scritto da\" \/>\n\t<meta name=\"twitter:data1\" content=\"Wolfgang B\u00f6hler\" \/>\n\t<meta name=\"twitter:label2\" content=\"Tempo di lettura stimato\" \/>\n\t<meta name=\"twitter:data2\" content=\"2 minuti\" \/>\n<script type=\"application\/ld+json\" class=\"yoast-schema-graph\">{\"@context\":\"https:\\\/\\\/schema.org\",\"@graph\":[{\"@type\":\"Article\",\"@id\":\"https:\\\/\\\/www.musikzeitung.ch\\\/news\\\/2025\\\/07\\\/blunier-generalmusikdirektor-der-duisburger-philharmoniker#article\",\"isPartOf\":{\"@id\":\"https:\\\/\\\/www.musikzeitung.ch\\\/news\\\/2025\\\/07\\\/blunier-generalmusikdirektor-der-duisburger-philharmoniker\"},\"author\":{\"name\":\"Wolfgang B\u00f6hler\",\"@id\":\"https:\\\/\\\/www.musikzeitung.ch\\\/#\\\/schema\\\/person\\\/0da4fb82d243f1252850a35d0e87cf0c\"},\"headline\":\"Blunier Generalmusikdirektor der Duisburger Philharmoniker\",\"datePublished\":\"2025-07-02T05:04:51+00:00\",\"dateModified\":\"2025-07-02T06:21:17+00:00\",\"mainEntityOfPage\":{\"@id\":\"https:\\\/\\\/www.musikzeitung.ch\\\/news\\\/2025\\\/07\\\/blunier-generalmusikdirektor-der-duisburger-philharmoniker\"},\"wordCount\":121,\"publisher\":{\"@id\":\"https:\\\/\\\/www.musikzeitung.ch\\\/#organization\"},\"image\":{\"@id\":\"https:\\\/\\\/www.musikzeitung.ch\\\/news\\\/2025\\\/07\\\/blunier-generalmusikdirektor-der-duisburger-philharmoniker#primaryimage\"},\"thumbnailUrl\":\"https:\\\/\\\/www.musikzeitung.ch\\\/wp-content\\\/uploads\\\/2025\\\/07\\\/250702blunier.jpg\",\"keywords\":[\"Duisburger Philharmoniker\",\"Stefan Bluier\"],\"articleSection\":[\"News\"],\"inLanguage\":\"it-IT\"},{\"@type\":\"WebPage\",\"@id\":\"https:\\\/\\\/www.musikzeitung.ch\\\/news\\\/2025\\\/07\\\/blunier-generalmusikdirektor-der-duisburger-philharmoniker\",\"url\":\"https:\\\/\\\/www.musikzeitung.ch\\\/news\\\/2025\\\/07\\\/blunier-generalmusikdirektor-der-duisburger-philharmoniker\",\"name\":\"Blunier Generalmusikdirektor der Duisburger Philharmoniker - Schweizer Musikzeitung\",\"isPartOf\":{\"@id\":\"https:\\\/\\\/www.musikzeitung.ch\\\/#website\"},\"primaryImageOfPage\":{\"@id\":\"https:\\\/\\\/www.musikzeitung.ch\\\/news\\\/2025\\\/07\\\/blunier-generalmusikdirektor-der-duisburger-philharmoniker#primaryimage\"},\"image\":{\"@id\":\"https:\\\/\\\/www.musikzeitung.ch\\\/news\\\/2025\\\/07\\\/blunier-generalmusikdirektor-der-duisburger-philharmoniker#primaryimage\"},\"thumbnailUrl\":\"https:\\\/\\\/www.musikzeitung.ch\\\/wp-content\\\/uploads\\\/2025\\\/07\\\/250702blunier.jpg\",\"datePublished\":\"2025-07-02T05:04:51+00:00\",\"dateModified\":\"2025-07-02T06:21:17+00:00\",\"description\":\"Der Schweizer Dirigent Stefan Blunier wird ab der Spielzeit 2026\\\/2027 f\u00fcr drei Jahre Generalmusikdirektor der Duisburger Philharmoniker.\",\"breadcrumb\":{\"@id\":\"https:\\\/\\\/www.musikzeitung.ch\\\/news\\\/2025\\\/07\\\/blunier-generalmusikdirektor-der-duisburger-philharmoniker#breadcrumb\"},\"inLanguage\":\"it-IT\",\"potentialAction\":[{\"@type\":\"ReadAction\",\"target\":[\"https:\\\/\\\/www.musikzeitung.ch\\\/news\\\/2025\\\/07\\\/blunier-generalmusikdirektor-der-duisburger-philharmoniker\"]}]},{\"@type\":\"ImageObject\",\"inLanguage\":\"it-IT\",\"@id\":\"https:\\\/\\\/www.musikzeitung.ch\\\/news\\\/2025\\\/07\\\/blunier-generalmusikdirektor-der-duisburger-philharmoniker#primaryimage\",\"url\":\"https:\\\/\\\/www.musikzeitung.ch\\\/wp-content\\\/uploads\\\/2025\\\/07\\\/250702blunier.jpg\",\"contentUrl\":\"https:\\\/\\\/www.musikzeitung.ch\\\/wp-content\\\/uploads\\\/2025\\\/07\\\/250702blunier.jpg\",\"width\":1312,\"height\":862,\"caption\":\"Stefan Blunier (Bild: Paul Epp)\"},{\"@type\":\"BreadcrumbList\",\"@id\":\"https:\\\/\\\/www.musikzeitung.ch\\\/news\\\/2025\\\/07\\\/blunier-generalmusikdirektor-der-duisburger-philharmoniker#breadcrumb\",\"itemListElement\":[{\"@type\":\"ListItem\",\"position\":1,\"name\":\"Home\",\"item\":\"https:\\\/\\\/www.musikzeitung.ch\\\/\"},{\"@type\":\"ListItem\",\"position\":2,\"name\":\"Blunier Generalmusikdirektor der Duisburger Philharmoniker\"}]},{\"@type\":\"WebSite\",\"@id\":\"https:\\\/\\\/www.musikzeitung.ch\\\/#website\",\"url\":\"https:\\\/\\\/www.musikzeitung.ch\\\/\",\"name\":\"Schweizer Musikzeitung\",\"description\":\"Die f\u00fchrende sparten\u00fcbergreifende Monatszeitung in der Schweiz f\u00fcr musikalische Fragen.\",\"publisher\":{\"@id\":\"https:\\\/\\\/www.musikzeitung.ch\\\/#organization\"},\"potentialAction\":[{\"@type\":\"SearchAction\",\"target\":{\"@type\":\"EntryPoint\",\"urlTemplate\":\"https:\\\/\\\/www.musikzeitung.ch\\\/?s={search_term_string}\"},\"query-input\":{\"@type\":\"PropertyValueSpecification\",\"valueRequired\":true,\"valueName\":\"search_term_string\"}}],\"inLanguage\":\"it-IT\"},{\"@type\":\"Organization\",\"@id\":\"https:\\\/\\\/www.musikzeitung.ch\\\/#organization\",\"name\":\"Schweizer Musikzeitung\",\"url\":\"https:\\\/\\\/www.musikzeitung.ch\\\/\",\"logo\":{\"@type\":\"ImageObject\",\"inLanguage\":\"it-IT\",\"@id\":\"https:\\\/\\\/www.musikzeitung.ch\\\/#\\\/schema\\\/logo\\\/image\\\/\",\"url\":\"https:\\\/\\\/www.musikzeitung.ch\\\/wp-content\\\/uploads\\\/2023\\\/01\\\/SMZ_Schriftzug_Sprache.png\",\"contentUrl\":\"https:\\\/\\\/www.musikzeitung.ch\\\/wp-content\\\/uploads\\\/2023\\\/01\\\/SMZ_Schriftzug_Sprache.png\",\"width\":1400,\"height\":279,\"caption\":\"Schweizer Musikzeitung\"},\"image\":{\"@id\":\"https:\\\/\\\/www.musikzeitung.ch\\\/#\\\/schema\\\/logo\\\/image\\\/\"},\"sameAs\":[\"https:\\\/\\\/www.facebook.com\\\/SchweizerMusikzeitung\\\/\",\"https:\\\/\\\/x.com\\\/smusikzeitung\",\"https:\\\/\\\/www.instagram.com\\\/musikzeitung.ch\\\/\"]},{\"@type\":\"Person\",\"@id\":\"https:\\\/\\\/www.musikzeitung.ch\\\/#\\\/schema\\\/person\\\/0da4fb82d243f1252850a35d0e87cf0c\",\"name\":\"Wolfgang B\u00f6hler\",\"image\":{\"@type\":\"ImageObject\",\"inLanguage\":\"it-IT\",\"@id\":\"https:\\\/\\\/www.musikzeitung.ch\\\/wp-content\\\/uploads\\\/2023\\\/01\\\/boehler_portraet_web-e1674139782246-96x96.jpg\",\"url\":\"https:\\\/\\\/www.musikzeitung.ch\\\/wp-content\\\/uploads\\\/2023\\\/01\\\/boehler_portraet_web-e1674139782246-96x96.jpg\",\"contentUrl\":\"https:\\\/\\\/www.musikzeitung.ch\\\/wp-content\\\/uploads\\\/2023\\\/01\\\/boehler_portraet_web-e1674139782246-96x96.jpg\",\"caption\":\"Wolfgang B\u00f6hler\"},\"sameAs\":[\"http:\\\/\\\/www.manacanto.ch\",\"https:\\\/\\\/www.facebook.com\\\/wolfgang.bohler.75\"],\"url\":\"https:\\\/\\\/www.musikzeitung.ch\\\/it\\\/author\\\/wolfgang-boehler\"}]}<\/script>\n<!-- \/ Yoast SEO plugin. -->","yoast_head_json":{"title":"Blunier Direttore musicale generale dell'Orchestra Filarmonica di Duisburg - Schweizer Musikzeitung","description":"Il direttore d'orchestra svizzero Stefan Blunier sar\u00e0 direttore musicale generale dell'Orchestra Filarmonica di Duisburg per tre anni a partire dalla stagione 2026\/2027.","robots":{"index":"index","follow":"follow","max-snippet":"max-snippet:-1","max-image-preview":"max-image-preview:large","max-video-preview":"max-video-preview:-1"},"canonical":"https:\/\/www.musikzeitung.ch\/it\/news\/2025\/07\/blunier-generalmusikdirektor-der-duisburger-philharmoniker\/","og_locale":"it_IT","og_type":"article","og_title":"Blunier Generalmusikdirektor der Duisburger Philharmoniker - Schweizer Musikzeitung","og_description":"Der Schweizer Dirigent Stefan Blunier wird ab der Spielzeit 2026\/2027 f\u00fcr drei Jahre Generalmusikdirektor der Duisburger Philharmoniker.","og_url":"https:\/\/www.musikzeitung.ch\/it\/news\/2025\/07\/blunier-generalmusikdirektor-der-duisburger-philharmoniker\/","og_site_name":"Schweizer Musikzeitung","article_publisher":"https:\/\/www.facebook.com\/SchweizerMusikzeitung\/","article_author":"https:\/\/www.facebook.com\/wolfgang.bohler.75","article_published_time":"2025-07-02T05:04:51+00:00","article_modified_time":"2025-07-02T06:21:17+00:00","og_image":[{"width":1312,"height":862,"url":"https:\/\/www.musikzeitung.ch\/wp-content\/uploads\/2025\/07\/250702blunier.jpg","type":"image\/jpeg"}],"author":"Wolfgang B\u00f6hler","twitter_card":"summary_large_image","twitter_creator":"@smusikzeitung","twitter_site":"@smusikzeitung","twitter_misc":{"Scritto da":"Wolfgang B\u00f6hler","Tempo di lettura stimato":"2 minuti"},"schema":{"@context":"https:\/\/schema.org","@graph":[{"@type":"Article","@id":"https:\/\/www.musikzeitung.ch\/news\/2025\/07\/blunier-generalmusikdirektor-der-duisburger-philharmoniker#article","isPartOf":{"@id":"https:\/\/www.musikzeitung.ch\/news\/2025\/07\/blunier-generalmusikdirektor-der-duisburger-philharmoniker"},"author":{"name":"Wolfgang B\u00f6hler","@id":"https:\/\/www.musikzeitung.ch\/#\/schema\/person\/0da4fb82d243f1252850a35d0e87cf0c"},"headline":"Blunier Generalmusikdirektor der Duisburger Philharmoniker","datePublished":"2025-07-02T05:04:51+00:00","dateModified":"2025-07-02T06:21:17+00:00","mainEntityOfPage":{"@id":"https:\/\/www.musikzeitung.ch\/news\/2025\/07\/blunier-generalmusikdirektor-der-duisburger-philharmoniker"},"wordCount":121,"publisher":{"@id":"https:\/\/www.musikzeitung.ch\/#organization"},"image":{"@id":"https:\/\/www.musikzeitung.ch\/news\/2025\/07\/blunier-generalmusikdirektor-der-duisburger-philharmoniker#primaryimage"},"thumbnailUrl":"https:\/\/www.musikzeitung.ch\/wp-content\/uploads\/2025\/07\/250702blunier.jpg","keywords":["Duisburger Philharmoniker","Stefan Bluier"],"articleSection":["News"],"inLanguage":"it-IT"},{"@type":"WebPage","@id":"https:\/\/www.musikzeitung.ch\/news\/2025\/07\/blunier-generalmusikdirektor-der-duisburger-philharmoniker","url":"https:\/\/www.musikzeitung.ch\/news\/2025\/07\/blunier-generalmusikdirektor-der-duisburger-philharmoniker","name":"Blunier Direttore musicale generale dell'Orchestra Filarmonica di Duisburg - Schweizer Musikzeitung","isPartOf":{"@id":"https:\/\/www.musikzeitung.ch\/#website"},"primaryImageOfPage":{"@id":"https:\/\/www.musikzeitung.ch\/news\/2025\/07\/blunier-generalmusikdirektor-der-duisburger-philharmoniker#primaryimage"},"image":{"@id":"https:\/\/www.musikzeitung.ch\/news\/2025\/07\/blunier-generalmusikdirektor-der-duisburger-philharmoniker#primaryimage"},"thumbnailUrl":"https:\/\/www.musikzeitung.ch\/wp-content\/uploads\/2025\/07\/250702blunier.jpg","datePublished":"2025-07-02T05:04:51+00:00","dateModified":"2025-07-02T06:21:17+00:00","description":"Il direttore d'orchestra svizzero Stefan Blunier sar\u00e0 direttore musicale generale dell'Orchestra Filarmonica di Duisburg per tre anni a partire dalla stagione 2026\/2027.","breadcrumb":{"@id":"https:\/\/www.musikzeitung.ch\/news\/2025\/07\/blunier-generalmusikdirektor-der-duisburger-philharmoniker#breadcrumb"},"inLanguage":"it-IT","potentialAction":[{"@type":"ReadAction","target":["https:\/\/www.musikzeitung.ch\/news\/2025\/07\/blunier-generalmusikdirektor-der-duisburger-philharmoniker"]}]},{"@type":"ImageObject","inLanguage":"it-IT","@id":"https:\/\/www.musikzeitung.ch\/news\/2025\/07\/blunier-generalmusikdirektor-der-duisburger-philharmoniker#primaryimage","url":"https:\/\/www.musikzeitung.ch\/wp-content\/uploads\/2025\/07\/250702blunier.jpg","contentUrl":"https:\/\/www.musikzeitung.ch\/wp-content\/uploads\/2025\/07\/250702blunier.jpg","width":1312,"height":862,"caption":"Stefan Blunier (Bild: Paul Epp)"},{"@type":"BreadcrumbList","@id":"https:\/\/www.musikzeitung.ch\/news\/2025\/07\/blunier-generalmusikdirektor-der-duisburger-philharmoniker#breadcrumb","itemListElement":[{"@type":"ListItem","position":1,"name":"Home","item":"https:\/\/www.musikzeitung.ch\/"},{"@type":"ListItem","position":2,"name":"Blunier Generalmusikdirektor der Duisburger Philharmoniker"}]},{"@type":"WebSite","@id":"https:\/\/www.musikzeitung.ch\/#website","url":"https:\/\/www.musikzeitung.ch\/","name":"Giornale musicale svizzero","description":"Il principale mensile interdisciplinare della Svizzera per le questioni musicali.","publisher":{"@id":"https:\/\/www.musikzeitung.ch\/#organization"},"potentialAction":[{"@type":"SearchAction","target":{"@type":"EntryPoint","urlTemplate":"https:\/\/www.musikzeitung.ch\/?s={search_term_string}"},"query-input":{"@type":"PropertyValueSpecification","valueRequired":true,"valueName":"search_term_string"}}],"inLanguage":"it-IT"},{"@type":"Organization","@id":"https:\/\/www.musikzeitung.ch\/#organization","name":"Giornale musicale svizzero","url":"https:\/\/www.musikzeitung.ch\/","logo":{"@type":"ImageObject","inLanguage":"it-IT","@id":"https:\/\/www.musikzeitung.ch\/#\/schema\/logo\/image\/","url":"https:\/\/www.musikzeitung.ch\/wp-content\/uploads\/2023\/01\/SMZ_Schriftzug_Sprache.png","contentUrl":"https:\/\/www.musikzeitung.ch\/wp-content\/uploads\/2023\/01\/SMZ_Schriftzug_Sprache.png","width":1400,"height":279,"caption":"Schweizer Musikzeitung"},"image":{"@id":"https:\/\/www.musikzeitung.ch\/#\/schema\/logo\/image\/"},"sameAs":["https:\/\/www.facebook.com\/SchweizerMusikzeitung\/","https:\/\/x.com\/smusikzeitung","https:\/\/www.instagram.com\/musikzeitung.ch\/"]},{"@type":"Person","@id":"https:\/\/www.musikzeitung.ch\/#\/schema\/person\/0da4fb82d243f1252850a35d0e87cf0c","name":"Wolfgang B\u00f6hler","image":{"@type":"ImageObject","inLanguage":"it-IT","@id":"https:\/\/www.musikzeitung.ch\/wp-content\/uploads\/2023\/01\/boehler_portraet_web-e1674139782246-96x96.jpg","url":"https:\/\/www.musikzeitung.ch\/wp-content\/uploads\/2023\/01\/boehler_portraet_web-e1674139782246-96x96.jpg","contentUrl":"https:\/\/www.musikzeitung.ch\/wp-content\/uploads\/2023\/01\/boehler_portraet_web-e1674139782246-96x96.jpg","caption":"Wolfgang B\u00f6hler"},"sameAs":["http:\/\/www.manacanto.ch","https:\/\/www.facebook.com\/wolfgang.bohler.75"],"url":"https:\/\/www.musikzeitung.ch\/it\/author\/wolfgang-boehler"}]}},"publishpress_future_workflow_manual_trigger":{"enabledWorkflows":[]},"_links":{"self":[{"href":"https:\/\/www.musikzeitung.ch\/it\/wp-json\/wp\/v2\/posts\/66089","targetHints":{"allow":["GET"]}}],"collection":[{"href":"https:\/\/www.musikzeitung.ch\/it\/wp-json\/wp\/v2\/posts"}],"about":[{"href":"https:\/\/www.musikzeitung.ch\/it\/wp-json\/wp\/v2\/types\/post"}],"author":[{"embeddable":true,"href":"https:\/\/www.musikzeitung.ch\/it\/wp-json\/wp\/v2\/users\/30"}],"replies":[{"embeddable":true,"href":"https:\/\/www.musikzeitung.ch\/it\/wp-json\/wp\/v2\/comments?post=66089"}],"version-history":[{"count":1,"href":"https:\/\/www.musikzeitung.ch\/it\/wp-json\/wp\/v2\/posts\/66089\/revisions"}],"predecessor-version":[{"id":66091,"href":"https:\/\/www.musikzeitung.ch\/it\/wp-json\/wp\/v2\/posts\/66089\/revisions\/66091"}],"wp:featuredmedia":[{"embeddable":true,"href":"https:\/\/www.musikzeitung.ch\/it\/wp-json\/wp\/v2\/media\/66090"}],"wp:attachment":[{"href":"https:\/\/www.musikzeitung.ch\/it\/wp-json\/wp\/v2\/media?parent=66089"}],"wp:term":[{"taxonomy":"category","embeddable":true,"href":"https:\/\/www.musikzeitung.ch\/it\/wp-json\/wp\/v2\/categories?post=66089"},{"taxonomy":"post_tag","embeddable":true,"href":"https:\/\/www.musikzeitung.ch\/it\/wp-json\/wp\/v2\/tags?post=66089"}],"curies":[{"name":"wp","href":"https:\/\/api.w.org\/{rel}","templated":true}]}}