{"id":66641,"date":"2025-07-30T14:08:56","date_gmt":"2025-07-30T12:08:56","guid":{"rendered":"https:\/\/www.musikzeitung.ch\/?p=66641"},"modified":"2025-07-30T17:48:35","modified_gmt":"2025-07-30T15:48:35","slug":"yunchan-lim-mit-berggruen-prize-ausgezeichnet","status":"publish","type":"post","link":"https:\/\/www.musikzeitung.ch\/it\/news\/2025\/07\/yunchan-lim-mit-berggruen-prize-ausgezeichnet","title":{"rendered":"Yunchan Lim premiato con il Premio Berggruen"},"content":{"rendered":"<figure id=\"attachment_66643\" aria-describedby=\"caption-attachment-66643\" style=\"width: 768px\" class=\"wp-caption alignnone\"><img loading=\"lazy\" decoding=\"async\" class=\"size-large wp-image-66643\" src=\"https:\/\/www.musikzeitung.ch\/wp-content\/uploads\/2025\/07\/250730lim-1024x676.jpg\" alt=\"\" width=\"768\" height=\"507\" \/><figcaption id=\"caption-attachment-66643\" class=\"wp-caption-text\">Olivier Berggruen consegna il premio a Yunchan Lim (Foto: Raphel Faux)<\/figcaption><\/figure>\n<p>Insieme al suo insegnante Minsoo Sohn, Yunchan Lim ha impressionato il pubblico della chiesa di Rougemont con un programma che comprendeva arrangiamenti per due pianoforti delle opere di Richard Strauss <em>Rosa Cavalier<\/em>Sonata di Brahms e Danze sinfoniche di Rachmaninov.<\/p>\n<p>Yunchan Lim ha vinto il Concorso Pianistico Internazionale Van Cliburn nel 2022 all'et\u00e0 di 18 anni. Da allora ha debuttato con orchestre come la New York Philharmonic, la Los Angeles Philharmonic, la Munich Philharmonic e la Seoul Philharmonic Orchestra. Nell'aprile 2025 ha debuttato in un recital al Kennedy Center di Washington, D.C. Yunchan Lim ricever\u00e0 il Premio Olivier Berggruen dopo Alexandra Dovgan (vincitrice del premio 2023) e Kate Liu (vincitrice del premio 2024).<\/p>\n<p>Istituito dallo storico dell'arte, curatore e scrittore tedesco-americano Olivier Berggruen, il premio comprende un concerto all'interno del programma del festival e un trofeo, che quest'anno \u00e8 stato disegnato dall'artista ginevrina Olympia Scarry, che ora vive a New York. Berggruen proviene da una famiglia di mecenati ed \u00e8 consulente artistico del Festival Menuhin di Gstaad.<\/p>\n<p>&nbsp;<\/p>\n<p>&nbsp;<\/p>","protected":false},"excerpt":{"rendered":"<p>Il pianista Yunchan Lim \u00e8 stato insignito del Premio Olivier Berggruen di quest'anno nell'ambito del suo recital al Gstaad Menuhin Festival &amp; Academy. <\/p>","protected":false},"author":30,"featured_media":66643,"comment_status":"closed","ping_status":"closed","sticky":false,"template":"","format":"standard","meta":{"_acf_changed":false,"_relevanssi_hide_post":"","_relevanssi_hide_content":"","_relevanssi_pin_for_all":"","_relevanssi_pin_keywords":"","_relevanssi_unpin_keywords":"","_relevanssi_related_keywords":"","_relevanssi_related_include_ids":"","_relevanssi_related_exclude_ids":"","_relevanssi_related_no_append":"","_relevanssi_related_not_related":"","_relevanssi_related_posts":"","_relevanssi_noindex_reason":"","pgc_sgb_lightbox_settings":"","footnotes":""},"categories":[27],"tags":[4159,5199,5198],"class_list":["post-66641","post","type-post","status-publish","format-standard","has-post-thumbnail","hentry","category-news","tag-gstaad-menuhin-festival-academy","tag-olivier-berggruen-prize","tag-yunchan-lim"],"acf":[],"yoast_head":"<!-- This site is optimized with the Yoast SEO plugin v27.4 - https:\/\/yoast.com\/product\/yoast-seo-wordpress\/ -->\n<title>Yunchan Lim mit Berggruen-Preis ausgezeichnet - Schweizer Musikzeitung<\/title>\n<meta name=\"description\" content=\"Der Pianist Yunchan Lim wird an der Gstaad Menuhin Festival &amp; Academy mit dem Olivier Berggruen Prize 2025 ausgezeichnet.\" \/>\n<meta name=\"robots\" content=\"index, follow, max-snippet:-1, max-image-preview:large, max-video-preview:-1\" \/>\n<link rel=\"canonical\" href=\"https:\/\/www.musikzeitung.ch\/it\/news\/2025\/07\/yunchan-lim-mit-berggruen-prize-ausgezeichnet\/\" \/>\n<meta property=\"og:locale\" content=\"it_IT\" \/>\n<meta property=\"og:type\" content=\"article\" \/>\n<meta property=\"og:title\" content=\"Yunchan Lim mit Berggruen-Preis ausgezeichnet - Schweizer Musikzeitung\" \/>\n<meta property=\"og:description\" content=\"Der Pianist Yunchan Lim wird an der Gstaad Menuhin Festival &amp; Academy mit dem Olivier Berggruen Prize 2025 ausgezeichnet.\" \/>\n<meta property=\"og:url\" content=\"https:\/\/www.musikzeitung.ch\/it\/news\/2025\/07\/yunchan-lim-mit-berggruen-prize-ausgezeichnet\/\" \/>\n<meta property=\"og:site_name\" content=\"Schweizer Musikzeitung\" \/>\n<meta property=\"article:publisher\" content=\"https:\/\/www.facebook.com\/SchweizerMusikzeitung\/\" \/>\n<meta property=\"article:author\" content=\"https:\/\/www.facebook.com\/wolfgang.bohler.75\" \/>\n<meta property=\"article:published_time\" content=\"2025-07-30T12:08:56+00:00\" \/>\n<meta property=\"article:modified_time\" content=\"2025-07-30T15:48:35+00:00\" \/>\n<meta property=\"og:image\" content=\"https:\/\/www.musikzeitung.ch\/wp-content\/uploads\/2025\/07\/250730lim-e1753876531396.jpg\" \/>\n\t<meta property=\"og:image:width\" content=\"956\" \/>\n\t<meta property=\"og:image:height\" content=\"646\" \/>\n\t<meta property=\"og:image:type\" content=\"image\/jpeg\" \/>\n<meta name=\"author\" content=\"Wolfgang B\u00f6hler\" \/>\n<meta name=\"twitter:card\" content=\"summary_large_image\" \/>\n<meta name=\"twitter:creator\" content=\"@smusikzeitung\" \/>\n<meta name=\"twitter:site\" content=\"@smusikzeitung\" \/>\n<meta name=\"twitter:label1\" content=\"Scritto da\" \/>\n\t<meta name=\"twitter:data1\" content=\"Wolfgang B\u00f6hler\" \/>\n\t<meta name=\"twitter:label2\" content=\"Tempo di lettura stimato\" \/>\n\t<meta name=\"twitter:data2\" content=\"2 minuti\" \/>\n<script type=\"application\/ld+json\" class=\"yoast-schema-graph\">{\"@context\":\"https:\\\/\\\/schema.org\",\"@graph\":[{\"@type\":\"Article\",\"@id\":\"https:\\\/\\\/www.musikzeitung.ch\\\/news\\\/2025\\\/07\\\/yunchan-lim-mit-berggruen-prize-ausgezeichnet#article\",\"isPartOf\":{\"@id\":\"https:\\\/\\\/www.musikzeitung.ch\\\/news\\\/2025\\\/07\\\/yunchan-lim-mit-berggruen-prize-ausgezeichnet\"},\"author\":{\"name\":\"Wolfgang B\u00f6hler\",\"@id\":\"https:\\\/\\\/www.musikzeitung.ch\\\/#\\\/schema\\\/person\\\/0da4fb82d243f1252850a35d0e87cf0c\"},\"headline\":\"Yunchan Lim mit Berggruen-Preis ausgezeichnet\",\"datePublished\":\"2025-07-30T12:08:56+00:00\",\"dateModified\":\"2025-07-30T15:48:35+00:00\",\"mainEntityOfPage\":{\"@id\":\"https:\\\/\\\/www.musikzeitung.ch\\\/news\\\/2025\\\/07\\\/yunchan-lim-mit-berggruen-prize-ausgezeichnet\"},\"wordCount\":183,\"publisher\":{\"@id\":\"https:\\\/\\\/www.musikzeitung.ch\\\/#organization\"},\"image\":{\"@id\":\"https:\\\/\\\/www.musikzeitung.ch\\\/news\\\/2025\\\/07\\\/yunchan-lim-mit-berggruen-prize-ausgezeichnet#primaryimage\"},\"thumbnailUrl\":\"https:\\\/\\\/www.musikzeitung.ch\\\/wp-content\\\/uploads\\\/2025\\\/07\\\/250730lim-e1753876531396.jpg\",\"keywords\":[\"Gstaad Menuhin Festival &amp; Academy\",\"Olivier Berggruen Prize\",\"Yunchan Lim\"],\"articleSection\":[\"News\"],\"inLanguage\":\"it-IT\"},{\"@type\":\"WebPage\",\"@id\":\"https:\\\/\\\/www.musikzeitung.ch\\\/news\\\/2025\\\/07\\\/yunchan-lim-mit-berggruen-prize-ausgezeichnet\",\"url\":\"https:\\\/\\\/www.musikzeitung.ch\\\/news\\\/2025\\\/07\\\/yunchan-lim-mit-berggruen-prize-ausgezeichnet\",\"name\":\"Yunchan Lim mit Berggruen-Preis ausgezeichnet - Schweizer Musikzeitung\",\"isPartOf\":{\"@id\":\"https:\\\/\\\/www.musikzeitung.ch\\\/#website\"},\"primaryImageOfPage\":{\"@id\":\"https:\\\/\\\/www.musikzeitung.ch\\\/news\\\/2025\\\/07\\\/yunchan-lim-mit-berggruen-prize-ausgezeichnet#primaryimage\"},\"image\":{\"@id\":\"https:\\\/\\\/www.musikzeitung.ch\\\/news\\\/2025\\\/07\\\/yunchan-lim-mit-berggruen-prize-ausgezeichnet#primaryimage\"},\"thumbnailUrl\":\"https:\\\/\\\/www.musikzeitung.ch\\\/wp-content\\\/uploads\\\/2025\\\/07\\\/250730lim-e1753876531396.jpg\",\"datePublished\":\"2025-07-30T12:08:56+00:00\",\"dateModified\":\"2025-07-30T15:48:35+00:00\",\"description\":\"Der Pianist Yunchan Lim wird an der Gstaad Menuhin Festival & Academy mit dem Olivier Berggruen Prize 2025 ausgezeichnet.\",\"breadcrumb\":{\"@id\":\"https:\\\/\\\/www.musikzeitung.ch\\\/news\\\/2025\\\/07\\\/yunchan-lim-mit-berggruen-prize-ausgezeichnet#breadcrumb\"},\"inLanguage\":\"it-IT\",\"potentialAction\":[{\"@type\":\"ReadAction\",\"target\":[\"https:\\\/\\\/www.musikzeitung.ch\\\/news\\\/2025\\\/07\\\/yunchan-lim-mit-berggruen-prize-ausgezeichnet\"]}]},{\"@type\":\"ImageObject\",\"inLanguage\":\"it-IT\",\"@id\":\"https:\\\/\\\/www.musikzeitung.ch\\\/news\\\/2025\\\/07\\\/yunchan-lim-mit-berggruen-prize-ausgezeichnet#primaryimage\",\"url\":\"https:\\\/\\\/www.musikzeitung.ch\\\/wp-content\\\/uploads\\\/2025\\\/07\\\/250730lim-e1753876531396.jpg\",\"contentUrl\":\"https:\\\/\\\/www.musikzeitung.ch\\\/wp-content\\\/uploads\\\/2025\\\/07\\\/250730lim-e1753876531396.jpg\",\"width\":956,\"height\":646,\"caption\":\"Olivier Berggruen \u00fcberreicht Yunchan Lim den Preis (Bild: Raphel Faux)\"},{\"@type\":\"BreadcrumbList\",\"@id\":\"https:\\\/\\\/www.musikzeitung.ch\\\/news\\\/2025\\\/07\\\/yunchan-lim-mit-berggruen-prize-ausgezeichnet#breadcrumb\",\"itemListElement\":[{\"@type\":\"ListItem\",\"position\":1,\"name\":\"Home\",\"item\":\"https:\\\/\\\/www.musikzeitung.ch\\\/\"},{\"@type\":\"ListItem\",\"position\":2,\"name\":\"Yunchan Lim mit Berggruen-Preis ausgezeichnet\"}]},{\"@type\":\"WebSite\",\"@id\":\"https:\\\/\\\/www.musikzeitung.ch\\\/#website\",\"url\":\"https:\\\/\\\/www.musikzeitung.ch\\\/\",\"name\":\"Schweizer Musikzeitung\",\"description\":\"Die f\u00fchrende sparten\u00fcbergreifende Monatszeitung in der Schweiz f\u00fcr musikalische Fragen.\",\"publisher\":{\"@id\":\"https:\\\/\\\/www.musikzeitung.ch\\\/#organization\"},\"potentialAction\":[{\"@type\":\"SearchAction\",\"target\":{\"@type\":\"EntryPoint\",\"urlTemplate\":\"https:\\\/\\\/www.musikzeitung.ch\\\/?s={search_term_string}\"},\"query-input\":{\"@type\":\"PropertyValueSpecification\",\"valueRequired\":true,\"valueName\":\"search_term_string\"}}],\"inLanguage\":\"it-IT\"},{\"@type\":\"Organization\",\"@id\":\"https:\\\/\\\/www.musikzeitung.ch\\\/#organization\",\"name\":\"Schweizer Musikzeitung\",\"url\":\"https:\\\/\\\/www.musikzeitung.ch\\\/\",\"logo\":{\"@type\":\"ImageObject\",\"inLanguage\":\"it-IT\",\"@id\":\"https:\\\/\\\/www.musikzeitung.ch\\\/#\\\/schema\\\/logo\\\/image\\\/\",\"url\":\"https:\\\/\\\/www.musikzeitung.ch\\\/wp-content\\\/uploads\\\/2023\\\/01\\\/SMZ_Schriftzug_Sprache.png\",\"contentUrl\":\"https:\\\/\\\/www.musikzeitung.ch\\\/wp-content\\\/uploads\\\/2023\\\/01\\\/SMZ_Schriftzug_Sprache.png\",\"width\":1400,\"height\":279,\"caption\":\"Schweizer Musikzeitung\"},\"image\":{\"@id\":\"https:\\\/\\\/www.musikzeitung.ch\\\/#\\\/schema\\\/logo\\\/image\\\/\"},\"sameAs\":[\"https:\\\/\\\/www.facebook.com\\\/SchweizerMusikzeitung\\\/\",\"https:\\\/\\\/x.com\\\/smusikzeitung\",\"https:\\\/\\\/www.instagram.com\\\/musikzeitung.ch\\\/\"]},{\"@type\":\"Person\",\"@id\":\"https:\\\/\\\/www.musikzeitung.ch\\\/#\\\/schema\\\/person\\\/0da4fb82d243f1252850a35d0e87cf0c\",\"name\":\"Wolfgang B\u00f6hler\",\"image\":{\"@type\":\"ImageObject\",\"inLanguage\":\"it-IT\",\"@id\":\"https:\\\/\\\/www.musikzeitung.ch\\\/wp-content\\\/uploads\\\/2023\\\/01\\\/boehler_portraet_web-e1674139782246-96x96.jpg\",\"url\":\"https:\\\/\\\/www.musikzeitung.ch\\\/wp-content\\\/uploads\\\/2023\\\/01\\\/boehler_portraet_web-e1674139782246-96x96.jpg\",\"contentUrl\":\"https:\\\/\\\/www.musikzeitung.ch\\\/wp-content\\\/uploads\\\/2023\\\/01\\\/boehler_portraet_web-e1674139782246-96x96.jpg\",\"caption\":\"Wolfgang B\u00f6hler\"},\"sameAs\":[\"http:\\\/\\\/www.manacanto.ch\",\"https:\\\/\\\/www.facebook.com\\\/wolfgang.bohler.75\"],\"url\":\"https:\\\/\\\/www.musikzeitung.ch\\\/it\\\/author\\\/wolfgang-boehler\"}]}<\/script>\n<!-- \/ Yoast SEO plugin. -->","yoast_head_json":{"title":"Yunchan Lim premiato con il Premio Berggruen - Schweizer Musikzeitung","description":"Il pianista Yunchan Lim \u00e8 stato insignito del Premio Olivier Berggruen 2025 al Gstaad Menuhin Festival &amp; Academy.","robots":{"index":"index","follow":"follow","max-snippet":"max-snippet:-1","max-image-preview":"max-image-preview:large","max-video-preview":"max-video-preview:-1"},"canonical":"https:\/\/www.musikzeitung.ch\/it\/news\/2025\/07\/yunchan-lim-mit-berggruen-prize-ausgezeichnet\/","og_locale":"it_IT","og_type":"article","og_title":"Yunchan Lim mit Berggruen-Preis ausgezeichnet - Schweizer Musikzeitung","og_description":"Der Pianist Yunchan Lim wird an der Gstaad Menuhin Festival & Academy mit dem Olivier Berggruen Prize 2025 ausgezeichnet.","og_url":"https:\/\/www.musikzeitung.ch\/it\/news\/2025\/07\/yunchan-lim-mit-berggruen-prize-ausgezeichnet\/","og_site_name":"Schweizer Musikzeitung","article_publisher":"https:\/\/www.facebook.com\/SchweizerMusikzeitung\/","article_author":"https:\/\/www.facebook.com\/wolfgang.bohler.75","article_published_time":"2025-07-30T12:08:56+00:00","article_modified_time":"2025-07-30T15:48:35+00:00","og_image":[{"width":956,"height":646,"url":"https:\/\/www.musikzeitung.ch\/wp-content\/uploads\/2025\/07\/250730lim-e1753876531396.jpg","type":"image\/jpeg"}],"author":"Wolfgang B\u00f6hler","twitter_card":"summary_large_image","twitter_creator":"@smusikzeitung","twitter_site":"@smusikzeitung","twitter_misc":{"Scritto da":"Wolfgang B\u00f6hler","Tempo di lettura stimato":"2 minuti"},"schema":{"@context":"https:\/\/schema.org","@graph":[{"@type":"Article","@id":"https:\/\/www.musikzeitung.ch\/news\/2025\/07\/yunchan-lim-mit-berggruen-prize-ausgezeichnet#article","isPartOf":{"@id":"https:\/\/www.musikzeitung.ch\/news\/2025\/07\/yunchan-lim-mit-berggruen-prize-ausgezeichnet"},"author":{"name":"Wolfgang B\u00f6hler","@id":"https:\/\/www.musikzeitung.ch\/#\/schema\/person\/0da4fb82d243f1252850a35d0e87cf0c"},"headline":"Yunchan Lim mit Berggruen-Preis ausgezeichnet","datePublished":"2025-07-30T12:08:56+00:00","dateModified":"2025-07-30T15:48:35+00:00","mainEntityOfPage":{"@id":"https:\/\/www.musikzeitung.ch\/news\/2025\/07\/yunchan-lim-mit-berggruen-prize-ausgezeichnet"},"wordCount":183,"publisher":{"@id":"https:\/\/www.musikzeitung.ch\/#organization"},"image":{"@id":"https:\/\/www.musikzeitung.ch\/news\/2025\/07\/yunchan-lim-mit-berggruen-prize-ausgezeichnet#primaryimage"},"thumbnailUrl":"https:\/\/www.musikzeitung.ch\/wp-content\/uploads\/2025\/07\/250730lim-e1753876531396.jpg","keywords":["Gstaad Menuhin Festival &amp; Academy","Olivier Berggruen Prize","Yunchan Lim"],"articleSection":["News"],"inLanguage":"it-IT"},{"@type":"WebPage","@id":"https:\/\/www.musikzeitung.ch\/news\/2025\/07\/yunchan-lim-mit-berggruen-prize-ausgezeichnet","url":"https:\/\/www.musikzeitung.ch\/news\/2025\/07\/yunchan-lim-mit-berggruen-prize-ausgezeichnet","name":"Yunchan Lim premiato con il Premio Berggruen - Schweizer Musikzeitung","isPartOf":{"@id":"https:\/\/www.musikzeitung.ch\/#website"},"primaryImageOfPage":{"@id":"https:\/\/www.musikzeitung.ch\/news\/2025\/07\/yunchan-lim-mit-berggruen-prize-ausgezeichnet#primaryimage"},"image":{"@id":"https:\/\/www.musikzeitung.ch\/news\/2025\/07\/yunchan-lim-mit-berggruen-prize-ausgezeichnet#primaryimage"},"thumbnailUrl":"https:\/\/www.musikzeitung.ch\/wp-content\/uploads\/2025\/07\/250730lim-e1753876531396.jpg","datePublished":"2025-07-30T12:08:56+00:00","dateModified":"2025-07-30T15:48:35+00:00","description":"Il pianista Yunchan Lim \u00e8 stato insignito del Premio Olivier Berggruen 2025 al Gstaad Menuhin Festival &amp; Academy.","breadcrumb":{"@id":"https:\/\/www.musikzeitung.ch\/news\/2025\/07\/yunchan-lim-mit-berggruen-prize-ausgezeichnet#breadcrumb"},"inLanguage":"it-IT","potentialAction":[{"@type":"ReadAction","target":["https:\/\/www.musikzeitung.ch\/news\/2025\/07\/yunchan-lim-mit-berggruen-prize-ausgezeichnet"]}]},{"@type":"ImageObject","inLanguage":"it-IT","@id":"https:\/\/www.musikzeitung.ch\/news\/2025\/07\/yunchan-lim-mit-berggruen-prize-ausgezeichnet#primaryimage","url":"https:\/\/www.musikzeitung.ch\/wp-content\/uploads\/2025\/07\/250730lim-e1753876531396.jpg","contentUrl":"https:\/\/www.musikzeitung.ch\/wp-content\/uploads\/2025\/07\/250730lim-e1753876531396.jpg","width":956,"height":646,"caption":"Olivier Berggruen \u00fcberreicht Yunchan Lim den Preis (Bild: Raphel Faux)"},{"@type":"BreadcrumbList","@id":"https:\/\/www.musikzeitung.ch\/news\/2025\/07\/yunchan-lim-mit-berggruen-prize-ausgezeichnet#breadcrumb","itemListElement":[{"@type":"ListItem","position":1,"name":"Home","item":"https:\/\/www.musikzeitung.ch\/"},{"@type":"ListItem","position":2,"name":"Yunchan Lim mit Berggruen-Preis ausgezeichnet"}]},{"@type":"WebSite","@id":"https:\/\/www.musikzeitung.ch\/#website","url":"https:\/\/www.musikzeitung.ch\/","name":"Giornale musicale svizzero","description":"Il principale mensile interdisciplinare della Svizzera per le questioni musicali.","publisher":{"@id":"https:\/\/www.musikzeitung.ch\/#organization"},"potentialAction":[{"@type":"SearchAction","target":{"@type":"EntryPoint","urlTemplate":"https:\/\/www.musikzeitung.ch\/?s={search_term_string}"},"query-input":{"@type":"PropertyValueSpecification","valueRequired":true,"valueName":"search_term_string"}}],"inLanguage":"it-IT"},{"@type":"Organization","@id":"https:\/\/www.musikzeitung.ch\/#organization","name":"Giornale musicale svizzero","url":"https:\/\/www.musikzeitung.ch\/","logo":{"@type":"ImageObject","inLanguage":"it-IT","@id":"https:\/\/www.musikzeitung.ch\/#\/schema\/logo\/image\/","url":"https:\/\/www.musikzeitung.ch\/wp-content\/uploads\/2023\/01\/SMZ_Schriftzug_Sprache.png","contentUrl":"https:\/\/www.musikzeitung.ch\/wp-content\/uploads\/2023\/01\/SMZ_Schriftzug_Sprache.png","width":1400,"height":279,"caption":"Schweizer Musikzeitung"},"image":{"@id":"https:\/\/www.musikzeitung.ch\/#\/schema\/logo\/image\/"},"sameAs":["https:\/\/www.facebook.com\/SchweizerMusikzeitung\/","https:\/\/x.com\/smusikzeitung","https:\/\/www.instagram.com\/musikzeitung.ch\/"]},{"@type":"Person","@id":"https:\/\/www.musikzeitung.ch\/#\/schema\/person\/0da4fb82d243f1252850a35d0e87cf0c","name":"Wolfgang B\u00f6hler","image":{"@type":"ImageObject","inLanguage":"it-IT","@id":"https:\/\/www.musikzeitung.ch\/wp-content\/uploads\/2023\/01\/boehler_portraet_web-e1674139782246-96x96.jpg","url":"https:\/\/www.musikzeitung.ch\/wp-content\/uploads\/2023\/01\/boehler_portraet_web-e1674139782246-96x96.jpg","contentUrl":"https:\/\/www.musikzeitung.ch\/wp-content\/uploads\/2023\/01\/boehler_portraet_web-e1674139782246-96x96.jpg","caption":"Wolfgang B\u00f6hler"},"sameAs":["http:\/\/www.manacanto.ch","https:\/\/www.facebook.com\/wolfgang.bohler.75"],"url":"https:\/\/www.musikzeitung.ch\/it\/author\/wolfgang-boehler"}]}},"publishpress_future_workflow_manual_trigger":{"enabledWorkflows":[]},"_links":{"self":[{"href":"https:\/\/www.musikzeitung.ch\/it\/wp-json\/wp\/v2\/posts\/66641","targetHints":{"allow":["GET"]}}],"collection":[{"href":"https:\/\/www.musikzeitung.ch\/it\/wp-json\/wp\/v2\/posts"}],"about":[{"href":"https:\/\/www.musikzeitung.ch\/it\/wp-json\/wp\/v2\/types\/post"}],"author":[{"embeddable":true,"href":"https:\/\/www.musikzeitung.ch\/it\/wp-json\/wp\/v2\/users\/30"}],"replies":[{"embeddable":true,"href":"https:\/\/www.musikzeitung.ch\/it\/wp-json\/wp\/v2\/comments?post=66641"}],"version-history":[{"count":5,"href":"https:\/\/www.musikzeitung.ch\/it\/wp-json\/wp\/v2\/posts\/66641\/revisions"}],"predecessor-version":[{"id":66649,"href":"https:\/\/www.musikzeitung.ch\/it\/wp-json\/wp\/v2\/posts\/66641\/revisions\/66649"}],"wp:featuredmedia":[{"embeddable":true,"href":"https:\/\/www.musikzeitung.ch\/it\/wp-json\/wp\/v2\/media\/66643"}],"wp:attachment":[{"href":"https:\/\/www.musikzeitung.ch\/it\/wp-json\/wp\/v2\/media?parent=66641"}],"wp:term":[{"taxonomy":"category","embeddable":true,"href":"https:\/\/www.musikzeitung.ch\/it\/wp-json\/wp\/v2\/categories?post=66641"},{"taxonomy":"post_tag","embeddable":true,"href":"https:\/\/www.musikzeitung.ch\/it\/wp-json\/wp\/v2\/tags?post=66641"}],"curies":[{"name":"wp","href":"https:\/\/api.w.org\/{rel}","templated":true}]}}