{"id":67008,"date":"2025-08-20T10:24:10","date_gmt":"2025-08-20T08:24:10","guid":{"rendered":"https:\/\/www.musikzeitung.ch\/?p=67008"},"modified":"2025-08-21T10:24:48","modified_gmt":"2025-08-21T08:24:48","slug":"thun-foerdert-lisa-mark","status":"publish","type":"post","link":"https:\/\/www.musikzeitung.ch\/it\/news\/2025\/08\/thun-foerdert-lisa-mark","title":{"rendered":"Thun promuove Lisa Mark"},"content":{"rendered":"<figure id=\"attachment_67009\" aria-describedby=\"caption-attachment-67009\" style=\"width: 768px\" class=\"wp-caption alignnone\"><img loading=\"lazy\" decoding=\"async\" class=\"size-large wp-image-67009\" src=\"https:\/\/www.musikzeitung.ch\/wp-content\/uploads\/2025\/08\/250820mark-1024x786.jpg\" alt=\"\" width=\"768\" height=\"590\" srcset=\"https:\/\/www.musikzeitung.ch\/wp-content\/uploads\/2025\/08\/250820mark-1024x786.jpg 1024w, https:\/\/www.musikzeitung.ch\/wp-content\/uploads\/2025\/08\/250820mark-300x230.jpg 300w, https:\/\/www.musikzeitung.ch\/wp-content\/uploads\/2025\/08\/250820mark-768x589.jpg 768w, https:\/\/www.musikzeitung.ch\/wp-content\/uploads\/2025\/08\/250820mark-16x12.jpg 16w, https:\/\/www.musikzeitung.ch\/wp-content\/uploads\/2025\/08\/250820mark-228x175.jpg 228w, https:\/\/www.musikzeitung.ch\/wp-content\/uploads\/2025\/08\/250820mark-456x350.jpg 456w, https:\/\/www.musikzeitung.ch\/wp-content\/uploads\/2025\/08\/250820mark-920x706.jpg 920w, https:\/\/www.musikzeitung.ch\/wp-content\/uploads\/2025\/08\/250820mark.jpg 1036w\" sizes=\"auto, (max-width: 768px) 100vw, 768px\" \/><figcaption id=\"caption-attachment-67009\" class=\"wp-caption-text\">Lisa Mark (Immagine: Tim Rod)<\/figcaption><\/figure>\n<p>La citt\u00e0 onora la sound artist Lisa Mark (*1996) con un premio di promozione culturale di 5000 franchi. La Mark si \u00e8 laureata in Sound Arts and Contemporary Arts Practice presso la Bern University of the Arts. Ha colpito la giuria \"per la sua versatilit\u00e0\". Nella sua pratica artistica si muove tra arti sonore, arti visive e musica, scrive la citt\u00e0 di Thun. Nella sua pratica interdisciplinare, \"esplora il suono e l'ascolto consapevole con sensibilit\u00e0\", riassume la giuria.<\/p>\n<p>I premi culturali della Citt\u00e0 di Thun sono assegnati su raccomandazione della Commissione culturale, mentre i premi di promozione culturale sono assegnati dalla Giuria del Premio di promozione culturale. Entrambe le commissioni sono presiedute dalla consigliera Katharina Ali-Oesch. I premi in denaro provengono dal Fondo Heinrich e Martha Streuli, mentre i premi di sponsorizzazione culturale sono donati dall'associazione comunale Amtsanzeiger Verwaltungskreis Thun dal 2004.<\/p>","protected":false},"excerpt":{"rendered":"<p>La citt\u00e0 di Thun assegna il premio artistico all'artista visivo Michael Streun. Il premio per la promozione culturale \u00e8 condiviso dall'artista del suono Lisa Mark e dal regista Yannick Mosimann. <\/p>","protected":false},"author":30,"featured_media":67009,"comment_status":"closed","ping_status":"closed","sticky":false,"template":"","format":"standard","meta":{"_acf_changed":false,"_relevanssi_hide_post":"","_relevanssi_hide_content":"","_relevanssi_pin_for_all":"","_relevanssi_pin_keywords":"","_relevanssi_unpin_keywords":"","_relevanssi_related_keywords":"","_relevanssi_related_include_ids":"","_relevanssi_related_exclude_ids":"","_relevanssi_related_no_append":"","_relevanssi_related_not_related":"","_relevanssi_related_posts":"","_relevanssi_noindex_reason":"","pgc_sgb_lightbox_settings":"","footnotes":""},"categories":[27],"tags":[2859,5253,2858],"class_list":["post-67008","post","type-post","status-publish","format-standard","has-post-thumbnail","hentry","category-news","tag-kulturfoerderpreis","tag-lisa-mark","tag-stadt-thun"],"acf":[],"yoast_head":"<!-- This site is optimized with the Yoast SEO plugin v27.4 - https:\/\/yoast.com\/product\/yoast-seo-wordpress\/ -->\n<title>Thun f\u00f6rdert Lisa Mark - Schweizer Musikzeitung<\/title>\n<meta name=\"description\" content=\"Die Stadt Thun verleiht dem bildenden K\u00fcnstler Michael Streun den Kunstpreis. Den Kulturf\u00f6rderpreis teilen sich Lisa Mark und Yannick Mosimann.\" \/>\n<meta name=\"robots\" content=\"index, follow, max-snippet:-1, max-image-preview:large, max-video-preview:-1\" \/>\n<link rel=\"canonical\" href=\"https:\/\/www.musikzeitung.ch\/it\/news\/2025\/08\/thun-foerdert-lisa-mark\/\" \/>\n<meta property=\"og:locale\" content=\"it_IT\" \/>\n<meta property=\"og:type\" content=\"article\" \/>\n<meta property=\"og:title\" content=\"Thun f\u00f6rdert Lisa Mark - Schweizer Musikzeitung\" \/>\n<meta property=\"og:description\" content=\"Die Stadt Thun verleiht dem bildenden K\u00fcnstler Michael Streun den Kunstpreis. Den Kulturf\u00f6rderpreis teilen sich Lisa Mark und Yannick Mosimann.\" \/>\n<meta property=\"og:url\" content=\"https:\/\/www.musikzeitung.ch\/it\/news\/2025\/08\/thun-foerdert-lisa-mark\/\" \/>\n<meta property=\"og:site_name\" content=\"Schweizer Musikzeitung\" \/>\n<meta property=\"article:publisher\" content=\"https:\/\/www.facebook.com\/SchweizerMusikzeitung\/\" \/>\n<meta property=\"article:author\" content=\"https:\/\/www.facebook.com\/wolfgang.bohler.75\" \/>\n<meta property=\"article:published_time\" content=\"2025-08-20T08:24:10+00:00\" \/>\n<meta property=\"article:modified_time\" content=\"2025-08-21T08:24:48+00:00\" \/>\n<meta property=\"og:image\" content=\"https:\/\/www.musikzeitung.ch\/wp-content\/uploads\/2025\/08\/250820mark.jpg\" \/>\n\t<meta property=\"og:image:width\" content=\"1036\" \/>\n\t<meta property=\"og:image:height\" content=\"795\" \/>\n\t<meta property=\"og:image:type\" content=\"image\/jpeg\" \/>\n<meta name=\"author\" content=\"Wolfgang B\u00f6hler\" \/>\n<meta name=\"twitter:card\" content=\"summary_large_image\" \/>\n<meta name=\"twitter:creator\" content=\"@smusikzeitung\" \/>\n<meta name=\"twitter:site\" content=\"@smusikzeitung\" \/>\n<meta name=\"twitter:label1\" content=\"Scritto da\" \/>\n\t<meta name=\"twitter:data1\" content=\"Wolfgang B\u00f6hler\" \/>\n\t<meta name=\"twitter:label2\" content=\"Tempo di lettura stimato\" \/>\n\t<meta name=\"twitter:data2\" content=\"2 minuti\" \/>\n<script type=\"application\/ld+json\" class=\"yoast-schema-graph\">{\"@context\":\"https:\\\/\\\/schema.org\",\"@graph\":[{\"@type\":\"Article\",\"@id\":\"https:\\\/\\\/www.musikzeitung.ch\\\/news\\\/2025\\\/08\\\/thun-foerdert-lisa-mark#article\",\"isPartOf\":{\"@id\":\"https:\\\/\\\/www.musikzeitung.ch\\\/news\\\/2025\\\/08\\\/thun-foerdert-lisa-mark\"},\"author\":{\"name\":\"Wolfgang B\u00f6hler\",\"@id\":\"https:\\\/\\\/www.musikzeitung.ch\\\/#\\\/schema\\\/person\\\/0da4fb82d243f1252850a35d0e87cf0c\"},\"headline\":\"Thun f\u00f6rdert Lisa Mark\",\"datePublished\":\"2025-08-20T08:24:10+00:00\",\"dateModified\":\"2025-08-21T08:24:48+00:00\",\"mainEntityOfPage\":{\"@id\":\"https:\\\/\\\/www.musikzeitung.ch\\\/news\\\/2025\\\/08\\\/thun-foerdert-lisa-mark\"},\"wordCount\":143,\"publisher\":{\"@id\":\"https:\\\/\\\/www.musikzeitung.ch\\\/#organization\"},\"image\":{\"@id\":\"https:\\\/\\\/www.musikzeitung.ch\\\/news\\\/2025\\\/08\\\/thun-foerdert-lisa-mark#primaryimage\"},\"thumbnailUrl\":\"https:\\\/\\\/www.musikzeitung.ch\\\/wp-content\\\/uploads\\\/2025\\\/08\\\/250820mark.jpg\",\"keywords\":[\"Kulturf\u00f6rderpreis\",\"Lisa Mark\",\"Stadt Thun\"],\"articleSection\":[\"News\"],\"inLanguage\":\"it-IT\"},{\"@type\":\"WebPage\",\"@id\":\"https:\\\/\\\/www.musikzeitung.ch\\\/news\\\/2025\\\/08\\\/thun-foerdert-lisa-mark\",\"url\":\"https:\\\/\\\/www.musikzeitung.ch\\\/news\\\/2025\\\/08\\\/thun-foerdert-lisa-mark\",\"name\":\"Thun f\u00f6rdert Lisa Mark - Schweizer Musikzeitung\",\"isPartOf\":{\"@id\":\"https:\\\/\\\/www.musikzeitung.ch\\\/#website\"},\"primaryImageOfPage\":{\"@id\":\"https:\\\/\\\/www.musikzeitung.ch\\\/news\\\/2025\\\/08\\\/thun-foerdert-lisa-mark#primaryimage\"},\"image\":{\"@id\":\"https:\\\/\\\/www.musikzeitung.ch\\\/news\\\/2025\\\/08\\\/thun-foerdert-lisa-mark#primaryimage\"},\"thumbnailUrl\":\"https:\\\/\\\/www.musikzeitung.ch\\\/wp-content\\\/uploads\\\/2025\\\/08\\\/250820mark.jpg\",\"datePublished\":\"2025-08-20T08:24:10+00:00\",\"dateModified\":\"2025-08-21T08:24:48+00:00\",\"description\":\"Die Stadt Thun verleiht dem bildenden K\u00fcnstler Michael Streun den Kunstpreis. Den Kulturf\u00f6rderpreis teilen sich Lisa Mark und Yannick Mosimann.\",\"breadcrumb\":{\"@id\":\"https:\\\/\\\/www.musikzeitung.ch\\\/news\\\/2025\\\/08\\\/thun-foerdert-lisa-mark#breadcrumb\"},\"inLanguage\":\"it-IT\",\"potentialAction\":[{\"@type\":\"ReadAction\",\"target\":[\"https:\\\/\\\/www.musikzeitung.ch\\\/news\\\/2025\\\/08\\\/thun-foerdert-lisa-mark\"]}]},{\"@type\":\"ImageObject\",\"inLanguage\":\"it-IT\",\"@id\":\"https:\\\/\\\/www.musikzeitung.ch\\\/news\\\/2025\\\/08\\\/thun-foerdert-lisa-mark#primaryimage\",\"url\":\"https:\\\/\\\/www.musikzeitung.ch\\\/wp-content\\\/uploads\\\/2025\\\/08\\\/250820mark.jpg\",\"contentUrl\":\"https:\\\/\\\/www.musikzeitung.ch\\\/wp-content\\\/uploads\\\/2025\\\/08\\\/250820mark.jpg\",\"width\":1036,\"height\":795,\"caption\":\"Lisa Mark (Bild: Tim Rod)\"},{\"@type\":\"BreadcrumbList\",\"@id\":\"https:\\\/\\\/www.musikzeitung.ch\\\/news\\\/2025\\\/08\\\/thun-foerdert-lisa-mark#breadcrumb\",\"itemListElement\":[{\"@type\":\"ListItem\",\"position\":1,\"name\":\"Home\",\"item\":\"https:\\\/\\\/www.musikzeitung.ch\\\/\"},{\"@type\":\"ListItem\",\"position\":2,\"name\":\"Thun f\u00f6rdert Lisa Mark\"}]},{\"@type\":\"WebSite\",\"@id\":\"https:\\\/\\\/www.musikzeitung.ch\\\/#website\",\"url\":\"https:\\\/\\\/www.musikzeitung.ch\\\/\",\"name\":\"Schweizer Musikzeitung\",\"description\":\"Die f\u00fchrende sparten\u00fcbergreifende Monatszeitung in der Schweiz f\u00fcr musikalische Fragen.\",\"publisher\":{\"@id\":\"https:\\\/\\\/www.musikzeitung.ch\\\/#organization\"},\"potentialAction\":[{\"@type\":\"SearchAction\",\"target\":{\"@type\":\"EntryPoint\",\"urlTemplate\":\"https:\\\/\\\/www.musikzeitung.ch\\\/?s={search_term_string}\"},\"query-input\":{\"@type\":\"PropertyValueSpecification\",\"valueRequired\":true,\"valueName\":\"search_term_string\"}}],\"inLanguage\":\"it-IT\"},{\"@type\":\"Organization\",\"@id\":\"https:\\\/\\\/www.musikzeitung.ch\\\/#organization\",\"name\":\"Schweizer Musikzeitung\",\"url\":\"https:\\\/\\\/www.musikzeitung.ch\\\/\",\"logo\":{\"@type\":\"ImageObject\",\"inLanguage\":\"it-IT\",\"@id\":\"https:\\\/\\\/www.musikzeitung.ch\\\/#\\\/schema\\\/logo\\\/image\\\/\",\"url\":\"https:\\\/\\\/www.musikzeitung.ch\\\/wp-content\\\/uploads\\\/2023\\\/01\\\/SMZ_Schriftzug_Sprache.png\",\"contentUrl\":\"https:\\\/\\\/www.musikzeitung.ch\\\/wp-content\\\/uploads\\\/2023\\\/01\\\/SMZ_Schriftzug_Sprache.png\",\"width\":1400,\"height\":279,\"caption\":\"Schweizer Musikzeitung\"},\"image\":{\"@id\":\"https:\\\/\\\/www.musikzeitung.ch\\\/#\\\/schema\\\/logo\\\/image\\\/\"},\"sameAs\":[\"https:\\\/\\\/www.facebook.com\\\/SchweizerMusikzeitung\\\/\",\"https:\\\/\\\/x.com\\\/smusikzeitung\",\"https:\\\/\\\/www.instagram.com\\\/musikzeitung.ch\\\/\"]},{\"@type\":\"Person\",\"@id\":\"https:\\\/\\\/www.musikzeitung.ch\\\/#\\\/schema\\\/person\\\/0da4fb82d243f1252850a35d0e87cf0c\",\"name\":\"Wolfgang B\u00f6hler\",\"image\":{\"@type\":\"ImageObject\",\"inLanguage\":\"it-IT\",\"@id\":\"https:\\\/\\\/www.musikzeitung.ch\\\/wp-content\\\/uploads\\\/2023\\\/01\\\/boehler_portraet_web-e1674139782246-96x96.jpg\",\"url\":\"https:\\\/\\\/www.musikzeitung.ch\\\/wp-content\\\/uploads\\\/2023\\\/01\\\/boehler_portraet_web-e1674139782246-96x96.jpg\",\"contentUrl\":\"https:\\\/\\\/www.musikzeitung.ch\\\/wp-content\\\/uploads\\\/2023\\\/01\\\/boehler_portraet_web-e1674139782246-96x96.jpg\",\"caption\":\"Wolfgang B\u00f6hler\"},\"sameAs\":[\"http:\\\/\\\/www.manacanto.ch\",\"https:\\\/\\\/www.facebook.com\\\/wolfgang.bohler.75\"],\"url\":\"https:\\\/\\\/www.musikzeitung.ch\\\/it\\\/author\\\/wolfgang-boehler\"}]}<\/script>\n<!-- \/ Yoast SEO plugin. -->","yoast_head_json":{"title":"Thun promuove Lisa Mark - Schweizer Musikzeitung","description":"La citt\u00e0 di Thun assegna il premio artistico all'artista Michael Streun. Lisa Mark e Yannick Mosimann si dividono il premio per la promozione culturale.","robots":{"index":"index","follow":"follow","max-snippet":"max-snippet:-1","max-image-preview":"max-image-preview:large","max-video-preview":"max-video-preview:-1"},"canonical":"https:\/\/www.musikzeitung.ch\/it\/news\/2025\/08\/thun-foerdert-lisa-mark\/","og_locale":"it_IT","og_type":"article","og_title":"Thun f\u00f6rdert Lisa Mark - Schweizer Musikzeitung","og_description":"Die Stadt Thun verleiht dem bildenden K\u00fcnstler Michael Streun den Kunstpreis. Den Kulturf\u00f6rderpreis teilen sich Lisa Mark und Yannick Mosimann.","og_url":"https:\/\/www.musikzeitung.ch\/it\/news\/2025\/08\/thun-foerdert-lisa-mark\/","og_site_name":"Schweizer Musikzeitung","article_publisher":"https:\/\/www.facebook.com\/SchweizerMusikzeitung\/","article_author":"https:\/\/www.facebook.com\/wolfgang.bohler.75","article_published_time":"2025-08-20T08:24:10+00:00","article_modified_time":"2025-08-21T08:24:48+00:00","og_image":[{"width":1036,"height":795,"url":"https:\/\/www.musikzeitung.ch\/wp-content\/uploads\/2025\/08\/250820mark.jpg","type":"image\/jpeg"}],"author":"Wolfgang B\u00f6hler","twitter_card":"summary_large_image","twitter_creator":"@smusikzeitung","twitter_site":"@smusikzeitung","twitter_misc":{"Scritto da":"Wolfgang B\u00f6hler","Tempo di lettura stimato":"2 minuti"},"schema":{"@context":"https:\/\/schema.org","@graph":[{"@type":"Article","@id":"https:\/\/www.musikzeitung.ch\/news\/2025\/08\/thun-foerdert-lisa-mark#article","isPartOf":{"@id":"https:\/\/www.musikzeitung.ch\/news\/2025\/08\/thun-foerdert-lisa-mark"},"author":{"name":"Wolfgang B\u00f6hler","@id":"https:\/\/www.musikzeitung.ch\/#\/schema\/person\/0da4fb82d243f1252850a35d0e87cf0c"},"headline":"Thun f\u00f6rdert Lisa Mark","datePublished":"2025-08-20T08:24:10+00:00","dateModified":"2025-08-21T08:24:48+00:00","mainEntityOfPage":{"@id":"https:\/\/www.musikzeitung.ch\/news\/2025\/08\/thun-foerdert-lisa-mark"},"wordCount":143,"publisher":{"@id":"https:\/\/www.musikzeitung.ch\/#organization"},"image":{"@id":"https:\/\/www.musikzeitung.ch\/news\/2025\/08\/thun-foerdert-lisa-mark#primaryimage"},"thumbnailUrl":"https:\/\/www.musikzeitung.ch\/wp-content\/uploads\/2025\/08\/250820mark.jpg","keywords":["Kulturf\u00f6rderpreis","Lisa Mark","Stadt Thun"],"articleSection":["News"],"inLanguage":"it-IT"},{"@type":"WebPage","@id":"https:\/\/www.musikzeitung.ch\/news\/2025\/08\/thun-foerdert-lisa-mark","url":"https:\/\/www.musikzeitung.ch\/news\/2025\/08\/thun-foerdert-lisa-mark","name":"Thun promuove Lisa Mark - Schweizer Musikzeitung","isPartOf":{"@id":"https:\/\/www.musikzeitung.ch\/#website"},"primaryImageOfPage":{"@id":"https:\/\/www.musikzeitung.ch\/news\/2025\/08\/thun-foerdert-lisa-mark#primaryimage"},"image":{"@id":"https:\/\/www.musikzeitung.ch\/news\/2025\/08\/thun-foerdert-lisa-mark#primaryimage"},"thumbnailUrl":"https:\/\/www.musikzeitung.ch\/wp-content\/uploads\/2025\/08\/250820mark.jpg","datePublished":"2025-08-20T08:24:10+00:00","dateModified":"2025-08-21T08:24:48+00:00","description":"La citt\u00e0 di Thun assegna il premio artistico all'artista Michael Streun. Lisa Mark e Yannick Mosimann si dividono il premio per la promozione culturale.","breadcrumb":{"@id":"https:\/\/www.musikzeitung.ch\/news\/2025\/08\/thun-foerdert-lisa-mark#breadcrumb"},"inLanguage":"it-IT","potentialAction":[{"@type":"ReadAction","target":["https:\/\/www.musikzeitung.ch\/news\/2025\/08\/thun-foerdert-lisa-mark"]}]},{"@type":"ImageObject","inLanguage":"it-IT","@id":"https:\/\/www.musikzeitung.ch\/news\/2025\/08\/thun-foerdert-lisa-mark#primaryimage","url":"https:\/\/www.musikzeitung.ch\/wp-content\/uploads\/2025\/08\/250820mark.jpg","contentUrl":"https:\/\/www.musikzeitung.ch\/wp-content\/uploads\/2025\/08\/250820mark.jpg","width":1036,"height":795,"caption":"Lisa Mark (Bild: Tim Rod)"},{"@type":"BreadcrumbList","@id":"https:\/\/www.musikzeitung.ch\/news\/2025\/08\/thun-foerdert-lisa-mark#breadcrumb","itemListElement":[{"@type":"ListItem","position":1,"name":"Home","item":"https:\/\/www.musikzeitung.ch\/"},{"@type":"ListItem","position":2,"name":"Thun f\u00f6rdert Lisa Mark"}]},{"@type":"WebSite","@id":"https:\/\/www.musikzeitung.ch\/#website","url":"https:\/\/www.musikzeitung.ch\/","name":"Giornale musicale svizzero","description":"Il principale mensile interdisciplinare della Svizzera per le questioni musicali.","publisher":{"@id":"https:\/\/www.musikzeitung.ch\/#organization"},"potentialAction":[{"@type":"SearchAction","target":{"@type":"EntryPoint","urlTemplate":"https:\/\/www.musikzeitung.ch\/?s={search_term_string}"},"query-input":{"@type":"PropertyValueSpecification","valueRequired":true,"valueName":"search_term_string"}}],"inLanguage":"it-IT"},{"@type":"Organization","@id":"https:\/\/www.musikzeitung.ch\/#organization","name":"Giornale musicale svizzero","url":"https:\/\/www.musikzeitung.ch\/","logo":{"@type":"ImageObject","inLanguage":"it-IT","@id":"https:\/\/www.musikzeitung.ch\/#\/schema\/logo\/image\/","url":"https:\/\/www.musikzeitung.ch\/wp-content\/uploads\/2023\/01\/SMZ_Schriftzug_Sprache.png","contentUrl":"https:\/\/www.musikzeitung.ch\/wp-content\/uploads\/2023\/01\/SMZ_Schriftzug_Sprache.png","width":1400,"height":279,"caption":"Schweizer Musikzeitung"},"image":{"@id":"https:\/\/www.musikzeitung.ch\/#\/schema\/logo\/image\/"},"sameAs":["https:\/\/www.facebook.com\/SchweizerMusikzeitung\/","https:\/\/x.com\/smusikzeitung","https:\/\/www.instagram.com\/musikzeitung.ch\/"]},{"@type":"Person","@id":"https:\/\/www.musikzeitung.ch\/#\/schema\/person\/0da4fb82d243f1252850a35d0e87cf0c","name":"Wolfgang B\u00f6hler","image":{"@type":"ImageObject","inLanguage":"it-IT","@id":"https:\/\/www.musikzeitung.ch\/wp-content\/uploads\/2023\/01\/boehler_portraet_web-e1674139782246-96x96.jpg","url":"https:\/\/www.musikzeitung.ch\/wp-content\/uploads\/2023\/01\/boehler_portraet_web-e1674139782246-96x96.jpg","contentUrl":"https:\/\/www.musikzeitung.ch\/wp-content\/uploads\/2023\/01\/boehler_portraet_web-e1674139782246-96x96.jpg","caption":"Wolfgang B\u00f6hler"},"sameAs":["http:\/\/www.manacanto.ch","https:\/\/www.facebook.com\/wolfgang.bohler.75"],"url":"https:\/\/www.musikzeitung.ch\/it\/author\/wolfgang-boehler"}]}},"publishpress_future_workflow_manual_trigger":{"enabledWorkflows":[]},"_links":{"self":[{"href":"https:\/\/www.musikzeitung.ch\/it\/wp-json\/wp\/v2\/posts\/67008","targetHints":{"allow":["GET"]}}],"collection":[{"href":"https:\/\/www.musikzeitung.ch\/it\/wp-json\/wp\/v2\/posts"}],"about":[{"href":"https:\/\/www.musikzeitung.ch\/it\/wp-json\/wp\/v2\/types\/post"}],"author":[{"embeddable":true,"href":"https:\/\/www.musikzeitung.ch\/it\/wp-json\/wp\/v2\/users\/30"}],"replies":[{"embeddable":true,"href":"https:\/\/www.musikzeitung.ch\/it\/wp-json\/wp\/v2\/comments?post=67008"}],"version-history":[{"count":3,"href":"https:\/\/www.musikzeitung.ch\/it\/wp-json\/wp\/v2\/posts\/67008\/revisions"}],"predecessor-version":[{"id":67030,"href":"https:\/\/www.musikzeitung.ch\/it\/wp-json\/wp\/v2\/posts\/67008\/revisions\/67030"}],"wp:featuredmedia":[{"embeddable":true,"href":"https:\/\/www.musikzeitung.ch\/it\/wp-json\/wp\/v2\/media\/67009"}],"wp:attachment":[{"href":"https:\/\/www.musikzeitung.ch\/it\/wp-json\/wp\/v2\/media?parent=67008"}],"wp:term":[{"taxonomy":"category","embeddable":true,"href":"https:\/\/www.musikzeitung.ch\/it\/wp-json\/wp\/v2\/categories?post=67008"},{"taxonomy":"post_tag","embeddable":true,"href":"https:\/\/www.musikzeitung.ch\/it\/wp-json\/wp\/v2\/tags?post=67008"}],"curies":[{"name":"wp","href":"https:\/\/api.w.org\/{rel}","templated":true}]}}