{"id":67157,"date":"2025-08-28T08:20:43","date_gmt":"2025-08-28T06:20:43","guid":{"rendered":"https:\/\/www.musikzeitung.ch\/?p=67157"},"modified":"2025-08-28T14:04:32","modified_gmt":"2025-08-28T12:04:32","slug":"preise-an-hedi-young-antonio-gaggiano-und-hortense-airault-uebergeben","status":"publish","type":"post","link":"https:\/\/www.musikzeitung.ch\/it\/news\/2025\/08\/preise-an-hedi-young-antonio-gaggiano-und-hortense-airault-uebergeben","title":{"rendered":"Premi a Hedi Young, Antonio Gaggiano e Hortense Airault"},"content":{"rendered":"<figure id=\"attachment_67158\" aria-describedby=\"caption-attachment-67158\" style=\"width: 1400px\" class=\"wp-caption aligncenter\"><img loading=\"lazy\" decoding=\"async\" class=\"wp-image-67158 size-full\" src=\"https:\/\/www.musikzeitung.ch\/wp-content\/uploads\/2025\/08\/Fritz-Gerber-Award_Web.jpg\" alt=\"\" width=\"1400\" height=\"809\" srcset=\"https:\/\/www.musikzeitung.ch\/wp-content\/uploads\/2025\/08\/Fritz-Gerber-Award_Web.jpg 1400w, https:\/\/www.musikzeitung.ch\/wp-content\/uploads\/2025\/08\/Fritz-Gerber-Award_Web-300x173.jpg 300w, https:\/\/www.musikzeitung.ch\/wp-content\/uploads\/2025\/08\/Fritz-Gerber-Award_Web-1024x592.jpg 1024w, https:\/\/www.musikzeitung.ch\/wp-content\/uploads\/2025\/08\/Fritz-Gerber-Award_Web-768x444.jpg 768w, https:\/\/www.musikzeitung.ch\/wp-content\/uploads\/2025\/08\/Fritz-Gerber-Award_Web-1536x888.jpg 1536w, https:\/\/www.musikzeitung.ch\/wp-content\/uploads\/2025\/08\/Fritz-Gerber-Award_Web-2048x1184.jpg 2048w, https:\/\/www.musikzeitung.ch\/wp-content\/uploads\/2025\/08\/Fritz-Gerber-Award_Web-18x10.jpg 18w, https:\/\/www.musikzeitung.ch\/wp-content\/uploads\/2025\/08\/Fritz-Gerber-Award_Web-303x175.jpg 303w, https:\/\/www.musikzeitung.ch\/wp-content\/uploads\/2025\/08\/Fritz-Gerber-Award_Web-605x350.jpg 605w, https:\/\/www.musikzeitung.ch\/wp-content\/uploads\/2025\/08\/Fritz-Gerber-Award_Web-1384x800.jpg 1384w, https:\/\/www.musikzeitung.ch\/wp-content\/uploads\/2025\/08\/Fritz-Gerber-Award_Web-920x532.jpg 920w\" sizes=\"auto, (max-width: 1400px) 100vw, 1400px\" \/><figcaption id=\"caption-attachment-67158\" class=\"wp-caption-text\">Cerimonia di premiazione il 24 agosto a Lucerna. Foto: Max Nyffeler<\/figcaption><\/figure>\n<p>Il percussionista cinese Hedi Young, il percussionista italiano Antonio Gaggiano e la violoncellista e compositrice francese Hortense Airault sono stati insigniti del Fritz Gerber Award 2025 (il premio per la musica). <em>SMZ<\/em> ha <a href=\"https:\/\/www.musikzeitung.ch\/news\/2025\/05\/fritz-gerber-award-fuer-airault-gaggiano-und-yang\" target=\"_blank\" rel=\"noopener\">segnalato<\/a>). I premi sono dotati di 10.000 franchi svizzeri ciascuno e comprendono anche la partecipazione alla Lucerne Festival Academy. Gli attestati sono stati consegnati il 24 agosto al Festival di Lucerna da Regula Gerber, vicepresidente dell'Accademia di Lucerna. <a href=\"https:\/\/fritz-gerber-stiftung.ch\/de\/\" target=\"_blank\" rel=\"noopener\">Fondazione Fritz Gerber<\/a> ed ex direttore dei teatri di Bielefeld e Mannheim.<\/p>\n<p>Alla cerimonia di premiazione, i tre vincitori, che hanno anche studiato o studiano tuttora presso le accademie musicali svizzere, si sono presentati con opere esposte di modernariato: con <em>Giri e incantesimi<\/em> per violoncello solo di Kaija Saariaho, con uno studio in quattro parti per marimba sola di Pius Cheung e con <em>Musica Clash<\/em> per una coppia di piatti di Nicolaus A. Huber.<\/p>\n<p>Istituito nel 2015, il Premio Fritz Gerber premia ogni anno tre giovani musicisti di grande talento. \u00c8 strettamente legato al Festival di Lucerna e si concentra esclusivamente sull'interpretazione di opere contemporanee. I giurati di quest'anno erano Michael Haefliger e Heinz Holliger.<\/p>","protected":false},"excerpt":{"rendered":"<p>I due musicisti hanno ritirato il premio Fritz Gerber 2025 al Festival di Lucerna.<\/p>","protected":false},"author":23,"featured_media":67158,"comment_status":"closed","ping_status":"closed","sticky":false,"template":"","format":"standard","meta":{"_acf_changed":false,"_relevanssi_hide_post":"","_relevanssi_hide_content":"","_relevanssi_pin_for_all":"","_relevanssi_pin_keywords":"","_relevanssi_unpin_keywords":"","_relevanssi_related_keywords":"","_relevanssi_related_include_ids":"","_relevanssi_related_exclude_ids":"","_relevanssi_related_no_append":"","_relevanssi_related_not_related":"","_relevanssi_related_posts":"","_relevanssi_noindex_reason":"","pgc_sgb_lightbox_settings":"","footnotes":""},"categories":[27,1624],"tags":[4978,2317,4979,4977,5265],"class_list":["post-67157","post","type-post","status-publish","format-standard","has-post-thumbnail","hentry","category-news","category-personen","tag-antonio-gaggiano","tag-fritz-gerber-award","tag-hedi-yang","tag-hortense-airault","tag-regula-gerber"],"acf":[],"yoast_head":"<!-- This site is optimized with the Yoast SEO plugin v27.4 - https:\/\/yoast.com\/product\/yoast-seo-wordpress\/ -->\n<title>Preise an Hedi Young, Antonio Gaggiano und Hortense Airault \u00fcbergeben - Schweizer Musikzeitung<\/title>\n<meta name=\"description\" content=\"Die zwei Musikerinnen und der Musiker nahmen im Rahmen des Lucerne Festivals die Fritz-Gerber-Awards 2025 entgegen.\" \/>\n<meta name=\"robots\" content=\"index, follow, max-snippet:-1, max-image-preview:large, max-video-preview:-1\" \/>\n<link rel=\"canonical\" href=\"https:\/\/www.musikzeitung.ch\/it\/news\/2025\/08\/preise-an-hedi-young-antonio-gaggiano-und-hortense-airault-uebergeben\/\" \/>\n<meta property=\"og:locale\" content=\"it_IT\" \/>\n<meta property=\"og:type\" content=\"article\" \/>\n<meta property=\"og:title\" content=\"Preise an Hedi Young, Antonio Gaggiano und Hortense Airault \u00fcbergeben - Schweizer Musikzeitung\" \/>\n<meta property=\"og:description\" content=\"Die zwei Musikerinnen und der Musiker nahmen im Rahmen des Lucerne Festivals die Fritz-Gerber-Awards 2025 entgegen.\" \/>\n<meta property=\"og:url\" content=\"https:\/\/www.musikzeitung.ch\/it\/news\/2025\/08\/preise-an-hedi-young-antonio-gaggiano-und-hortense-airault-uebergeben\/\" \/>\n<meta property=\"og:site_name\" content=\"Schweizer Musikzeitung\" \/>\n<meta property=\"article:publisher\" content=\"https:\/\/www.facebook.com\/SchweizerMusikzeitung\/\" \/>\n<meta property=\"article:published_time\" content=\"2025-08-28T06:20:43+00:00\" \/>\n<meta property=\"article:modified_time\" content=\"2025-08-28T12:04:32+00:00\" \/>\n<meta property=\"og:image\" content=\"https:\/\/www.musikzeitung.ch\/wp-content\/uploads\/2025\/08\/Fritz-Gerber-Award_Web.jpg\" \/>\n\t<meta property=\"og:image:width\" content=\"1400\" \/>\n\t<meta property=\"og:image:height\" content=\"809\" \/>\n\t<meta property=\"og:image:type\" content=\"image\/jpeg\" \/>\n<meta name=\"author\" content=\"Katrin Spelinova\" \/>\n<meta name=\"twitter:card\" content=\"summary_large_image\" \/>\n<meta name=\"twitter:creator\" content=\"@testredaktor\" \/>\n<meta name=\"twitter:site\" content=\"@smusikzeitung\" \/>\n<meta name=\"twitter:label1\" content=\"Scritto da\" \/>\n\t<meta name=\"twitter:data1\" content=\"Katrin Spelinova\" \/>\n\t<meta name=\"twitter:label2\" content=\"Tempo di lettura stimato\" \/>\n\t<meta name=\"twitter:data2\" content=\"2 minuti\" \/>\n<script type=\"application\/ld+json\" class=\"yoast-schema-graph\">{\"@context\":\"https:\\\/\\\/schema.org\",\"@graph\":[{\"@type\":\"Article\",\"@id\":\"https:\\\/\\\/www.musikzeitung.ch\\\/news\\\/2025\\\/08\\\/preise-an-hedi-young-antonio-gaggiano-und-hortense-airault-uebergeben#article\",\"isPartOf\":{\"@id\":\"https:\\\/\\\/www.musikzeitung.ch\\\/news\\\/2025\\\/08\\\/preise-an-hedi-young-antonio-gaggiano-und-hortense-airault-uebergeben\"},\"author\":{\"name\":\"Katrin Spelinova\",\"@id\":\"https:\\\/\\\/www.musikzeitung.ch\\\/#\\\/schema\\\/person\\\/dce7e5b820812d9af4db2f787d1bec92\"},\"headline\":\"Preise an Hedi Young, Antonio Gaggiano und Hortense Airault \u00fcbergeben\",\"datePublished\":\"2025-08-28T06:20:43+00:00\",\"dateModified\":\"2025-08-28T12:04:32+00:00\",\"mainEntityOfPage\":{\"@id\":\"https:\\\/\\\/www.musikzeitung.ch\\\/news\\\/2025\\\/08\\\/preise-an-hedi-young-antonio-gaggiano-und-hortense-airault-uebergeben\"},\"wordCount\":202,\"publisher\":{\"@id\":\"https:\\\/\\\/www.musikzeitung.ch\\\/#organization\"},\"image\":{\"@id\":\"https:\\\/\\\/www.musikzeitung.ch\\\/news\\\/2025\\\/08\\\/preise-an-hedi-young-antonio-gaggiano-und-hortense-airault-uebergeben#primaryimage\"},\"thumbnailUrl\":\"https:\\\/\\\/www.musikzeitung.ch\\\/wp-content\\\/uploads\\\/2025\\\/08\\\/Fritz-Gerber-Award_Web.jpg\",\"keywords\":[\"Antonio Gaggiano\",\"Fritz-Gerber-Award\",\"Hedi Yang\",\"Hortense Airault\",\"Regula Gerber\"],\"articleSection\":[\"News\",\"Personen\"],\"inLanguage\":\"it-IT\"},{\"@type\":\"WebPage\",\"@id\":\"https:\\\/\\\/www.musikzeitung.ch\\\/news\\\/2025\\\/08\\\/preise-an-hedi-young-antonio-gaggiano-und-hortense-airault-uebergeben\",\"url\":\"https:\\\/\\\/www.musikzeitung.ch\\\/news\\\/2025\\\/08\\\/preise-an-hedi-young-antonio-gaggiano-und-hortense-airault-uebergeben\",\"name\":\"Preise an Hedi Young, Antonio Gaggiano und Hortense Airault \u00fcbergeben - Schweizer Musikzeitung\",\"isPartOf\":{\"@id\":\"https:\\\/\\\/www.musikzeitung.ch\\\/#website\"},\"primaryImageOfPage\":{\"@id\":\"https:\\\/\\\/www.musikzeitung.ch\\\/news\\\/2025\\\/08\\\/preise-an-hedi-young-antonio-gaggiano-und-hortense-airault-uebergeben#primaryimage\"},\"image\":{\"@id\":\"https:\\\/\\\/www.musikzeitung.ch\\\/news\\\/2025\\\/08\\\/preise-an-hedi-young-antonio-gaggiano-und-hortense-airault-uebergeben#primaryimage\"},\"thumbnailUrl\":\"https:\\\/\\\/www.musikzeitung.ch\\\/wp-content\\\/uploads\\\/2025\\\/08\\\/Fritz-Gerber-Award_Web.jpg\",\"datePublished\":\"2025-08-28T06:20:43+00:00\",\"dateModified\":\"2025-08-28T12:04:32+00:00\",\"description\":\"Die zwei Musikerinnen und der Musiker nahmen im Rahmen des Lucerne Festivals die Fritz-Gerber-Awards 2025 entgegen.\",\"breadcrumb\":{\"@id\":\"https:\\\/\\\/www.musikzeitung.ch\\\/news\\\/2025\\\/08\\\/preise-an-hedi-young-antonio-gaggiano-und-hortense-airault-uebergeben#breadcrumb\"},\"inLanguage\":\"it-IT\",\"potentialAction\":[{\"@type\":\"ReadAction\",\"target\":[\"https:\\\/\\\/www.musikzeitung.ch\\\/news\\\/2025\\\/08\\\/preise-an-hedi-young-antonio-gaggiano-und-hortense-airault-uebergeben\"]}]},{\"@type\":\"ImageObject\",\"inLanguage\":\"it-IT\",\"@id\":\"https:\\\/\\\/www.musikzeitung.ch\\\/news\\\/2025\\\/08\\\/preise-an-hedi-young-antonio-gaggiano-und-hortense-airault-uebergeben#primaryimage\",\"url\":\"https:\\\/\\\/www.musikzeitung.ch\\\/wp-content\\\/uploads\\\/2025\\\/08\\\/Fritz-Gerber-Award_Web.jpg\",\"contentUrl\":\"https:\\\/\\\/www.musikzeitung.ch\\\/wp-content\\\/uploads\\\/2025\\\/08\\\/Fritz-Gerber-Award_Web.jpg\",\"width\":1400,\"height\":809},{\"@type\":\"BreadcrumbList\",\"@id\":\"https:\\\/\\\/www.musikzeitung.ch\\\/news\\\/2025\\\/08\\\/preise-an-hedi-young-antonio-gaggiano-und-hortense-airault-uebergeben#breadcrumb\",\"itemListElement\":[{\"@type\":\"ListItem\",\"position\":1,\"name\":\"Home\",\"item\":\"https:\\\/\\\/www.musikzeitung.ch\\\/\"},{\"@type\":\"ListItem\",\"position\":2,\"name\":\"Preise an Hedi Young, Antonio Gaggiano und Hortense Airault \u00fcbergeben\"}]},{\"@type\":\"WebSite\",\"@id\":\"https:\\\/\\\/www.musikzeitung.ch\\\/#website\",\"url\":\"https:\\\/\\\/www.musikzeitung.ch\\\/\",\"name\":\"Schweizer Musikzeitung\",\"description\":\"Die f\u00fchrende sparten\u00fcbergreifende Monatszeitung in der Schweiz f\u00fcr musikalische Fragen.\",\"publisher\":{\"@id\":\"https:\\\/\\\/www.musikzeitung.ch\\\/#organization\"},\"potentialAction\":[{\"@type\":\"SearchAction\",\"target\":{\"@type\":\"EntryPoint\",\"urlTemplate\":\"https:\\\/\\\/www.musikzeitung.ch\\\/?s={search_term_string}\"},\"query-input\":{\"@type\":\"PropertyValueSpecification\",\"valueRequired\":true,\"valueName\":\"search_term_string\"}}],\"inLanguage\":\"it-IT\"},{\"@type\":\"Organization\",\"@id\":\"https:\\\/\\\/www.musikzeitung.ch\\\/#organization\",\"name\":\"Schweizer Musikzeitung\",\"url\":\"https:\\\/\\\/www.musikzeitung.ch\\\/\",\"logo\":{\"@type\":\"ImageObject\",\"inLanguage\":\"it-IT\",\"@id\":\"https:\\\/\\\/www.musikzeitung.ch\\\/#\\\/schema\\\/logo\\\/image\\\/\",\"url\":\"https:\\\/\\\/www.musikzeitung.ch\\\/wp-content\\\/uploads\\\/2023\\\/01\\\/SMZ_Schriftzug_Sprache.png\",\"contentUrl\":\"https:\\\/\\\/www.musikzeitung.ch\\\/wp-content\\\/uploads\\\/2023\\\/01\\\/SMZ_Schriftzug_Sprache.png\",\"width\":1400,\"height\":279,\"caption\":\"Schweizer Musikzeitung\"},\"image\":{\"@id\":\"https:\\\/\\\/www.musikzeitung.ch\\\/#\\\/schema\\\/logo\\\/image\\\/\"},\"sameAs\":[\"https:\\\/\\\/www.facebook.com\\\/SchweizerMusikzeitung\\\/\",\"https:\\\/\\\/x.com\\\/smusikzeitung\",\"https:\\\/\\\/www.instagram.com\\\/musikzeitung.ch\\\/\"]},{\"@type\":\"Person\",\"@id\":\"https:\\\/\\\/www.musikzeitung.ch\\\/#\\\/schema\\\/person\\\/dce7e5b820812d9af4db2f787d1bec92\",\"name\":\"Katrin Spelinova\",\"image\":{\"@type\":\"ImageObject\",\"inLanguage\":\"it-IT\",\"@id\":\"https:\\\/\\\/secure.gravatar.com\\\/avatar\\\/2a2c2956e074ebca9bf65620496cd2e317d90b8c76450e9dd04d7cebf95eeada?s=96&d=mm&r=g\",\"url\":\"https:\\\/\\\/secure.gravatar.com\\\/avatar\\\/2a2c2956e074ebca9bf65620496cd2e317d90b8c76450e9dd04d7cebf95eeada?s=96&d=mm&r=g\",\"contentUrl\":\"https:\\\/\\\/secure.gravatar.com\\\/avatar\\\/2a2c2956e074ebca9bf65620496cd2e317d90b8c76450e9dd04d7cebf95eeada?s=96&d=mm&r=g\",\"caption\":\"Katrin Spelinova\"},\"sameAs\":[\"https:\\\/\\\/x.com\\\/testredaktor\"],\"url\":\"https:\\\/\\\/www.musikzeitung.ch\\\/it\\\/author\\\/spelkat\"}]}<\/script>\n<!-- \/ Yoast SEO plugin. -->","yoast_head_json":{"title":"Premiati Hedi Young, Antonio Gaggiano e Hortense Airault - Schweizer Musikzeitung","description":"I due musicisti hanno ritirato il premio Fritz Gerber 2025 al Festival di Lucerna.","robots":{"index":"index","follow":"follow","max-snippet":"max-snippet:-1","max-image-preview":"max-image-preview:large","max-video-preview":"max-video-preview:-1"},"canonical":"https:\/\/www.musikzeitung.ch\/it\/news\/2025\/08\/preise-an-hedi-young-antonio-gaggiano-und-hortense-airault-uebergeben\/","og_locale":"it_IT","og_type":"article","og_title":"Preise an Hedi Young, Antonio Gaggiano und Hortense Airault \u00fcbergeben - Schweizer Musikzeitung","og_description":"Die zwei Musikerinnen und der Musiker nahmen im Rahmen des Lucerne Festivals die Fritz-Gerber-Awards 2025 entgegen.","og_url":"https:\/\/www.musikzeitung.ch\/it\/news\/2025\/08\/preise-an-hedi-young-antonio-gaggiano-und-hortense-airault-uebergeben\/","og_site_name":"Schweizer Musikzeitung","article_publisher":"https:\/\/www.facebook.com\/SchweizerMusikzeitung\/","article_published_time":"2025-08-28T06:20:43+00:00","article_modified_time":"2025-08-28T12:04:32+00:00","og_image":[{"width":1400,"height":809,"url":"https:\/\/www.musikzeitung.ch\/wp-content\/uploads\/2025\/08\/Fritz-Gerber-Award_Web.jpg","type":"image\/jpeg"}],"author":"Katrin Spelinova","twitter_card":"summary_large_image","twitter_creator":"@testredaktor","twitter_site":"@smusikzeitung","twitter_misc":{"Scritto da":"Katrin Spelinova","Tempo di lettura stimato":"2 minuti"},"schema":{"@context":"https:\/\/schema.org","@graph":[{"@type":"Article","@id":"https:\/\/www.musikzeitung.ch\/news\/2025\/08\/preise-an-hedi-young-antonio-gaggiano-und-hortense-airault-uebergeben#article","isPartOf":{"@id":"https:\/\/www.musikzeitung.ch\/news\/2025\/08\/preise-an-hedi-young-antonio-gaggiano-und-hortense-airault-uebergeben"},"author":{"name":"Katrin Spelinova","@id":"https:\/\/www.musikzeitung.ch\/#\/schema\/person\/dce7e5b820812d9af4db2f787d1bec92"},"headline":"Preise an Hedi Young, Antonio Gaggiano und Hortense Airault \u00fcbergeben","datePublished":"2025-08-28T06:20:43+00:00","dateModified":"2025-08-28T12:04:32+00:00","mainEntityOfPage":{"@id":"https:\/\/www.musikzeitung.ch\/news\/2025\/08\/preise-an-hedi-young-antonio-gaggiano-und-hortense-airault-uebergeben"},"wordCount":202,"publisher":{"@id":"https:\/\/www.musikzeitung.ch\/#organization"},"image":{"@id":"https:\/\/www.musikzeitung.ch\/news\/2025\/08\/preise-an-hedi-young-antonio-gaggiano-und-hortense-airault-uebergeben#primaryimage"},"thumbnailUrl":"https:\/\/www.musikzeitung.ch\/wp-content\/uploads\/2025\/08\/Fritz-Gerber-Award_Web.jpg","keywords":["Antonio Gaggiano","Fritz-Gerber-Award","Hedi Yang","Hortense Airault","Regula Gerber"],"articleSection":["News","Personen"],"inLanguage":"it-IT"},{"@type":"WebPage","@id":"https:\/\/www.musikzeitung.ch\/news\/2025\/08\/preise-an-hedi-young-antonio-gaggiano-und-hortense-airault-uebergeben","url":"https:\/\/www.musikzeitung.ch\/news\/2025\/08\/preise-an-hedi-young-antonio-gaggiano-und-hortense-airault-uebergeben","name":"Premiati Hedi Young, Antonio Gaggiano e Hortense Airault - Schweizer Musikzeitung","isPartOf":{"@id":"https:\/\/www.musikzeitung.ch\/#website"},"primaryImageOfPage":{"@id":"https:\/\/www.musikzeitung.ch\/news\/2025\/08\/preise-an-hedi-young-antonio-gaggiano-und-hortense-airault-uebergeben#primaryimage"},"image":{"@id":"https:\/\/www.musikzeitung.ch\/news\/2025\/08\/preise-an-hedi-young-antonio-gaggiano-und-hortense-airault-uebergeben#primaryimage"},"thumbnailUrl":"https:\/\/www.musikzeitung.ch\/wp-content\/uploads\/2025\/08\/Fritz-Gerber-Award_Web.jpg","datePublished":"2025-08-28T06:20:43+00:00","dateModified":"2025-08-28T12:04:32+00:00","description":"I due musicisti hanno ritirato il premio Fritz Gerber 2025 al Festival di Lucerna.","breadcrumb":{"@id":"https:\/\/www.musikzeitung.ch\/news\/2025\/08\/preise-an-hedi-young-antonio-gaggiano-und-hortense-airault-uebergeben#breadcrumb"},"inLanguage":"it-IT","potentialAction":[{"@type":"ReadAction","target":["https:\/\/www.musikzeitung.ch\/news\/2025\/08\/preise-an-hedi-young-antonio-gaggiano-und-hortense-airault-uebergeben"]}]},{"@type":"ImageObject","inLanguage":"it-IT","@id":"https:\/\/www.musikzeitung.ch\/news\/2025\/08\/preise-an-hedi-young-antonio-gaggiano-und-hortense-airault-uebergeben#primaryimage","url":"https:\/\/www.musikzeitung.ch\/wp-content\/uploads\/2025\/08\/Fritz-Gerber-Award_Web.jpg","contentUrl":"https:\/\/www.musikzeitung.ch\/wp-content\/uploads\/2025\/08\/Fritz-Gerber-Award_Web.jpg","width":1400,"height":809},{"@type":"BreadcrumbList","@id":"https:\/\/www.musikzeitung.ch\/news\/2025\/08\/preise-an-hedi-young-antonio-gaggiano-und-hortense-airault-uebergeben#breadcrumb","itemListElement":[{"@type":"ListItem","position":1,"name":"Home","item":"https:\/\/www.musikzeitung.ch\/"},{"@type":"ListItem","position":2,"name":"Preise an Hedi Young, Antonio Gaggiano und Hortense Airault \u00fcbergeben"}]},{"@type":"WebSite","@id":"https:\/\/www.musikzeitung.ch\/#website","url":"https:\/\/www.musikzeitung.ch\/","name":"Giornale musicale svizzero","description":"Il principale mensile interdisciplinare della Svizzera per le questioni musicali.","publisher":{"@id":"https:\/\/www.musikzeitung.ch\/#organization"},"potentialAction":[{"@type":"SearchAction","target":{"@type":"EntryPoint","urlTemplate":"https:\/\/www.musikzeitung.ch\/?s={search_term_string}"},"query-input":{"@type":"PropertyValueSpecification","valueRequired":true,"valueName":"search_term_string"}}],"inLanguage":"it-IT"},{"@type":"Organization","@id":"https:\/\/www.musikzeitung.ch\/#organization","name":"Giornale musicale svizzero","url":"https:\/\/www.musikzeitung.ch\/","logo":{"@type":"ImageObject","inLanguage":"it-IT","@id":"https:\/\/www.musikzeitung.ch\/#\/schema\/logo\/image\/","url":"https:\/\/www.musikzeitung.ch\/wp-content\/uploads\/2023\/01\/SMZ_Schriftzug_Sprache.png","contentUrl":"https:\/\/www.musikzeitung.ch\/wp-content\/uploads\/2023\/01\/SMZ_Schriftzug_Sprache.png","width":1400,"height":279,"caption":"Schweizer Musikzeitung"},"image":{"@id":"https:\/\/www.musikzeitung.ch\/#\/schema\/logo\/image\/"},"sameAs":["https:\/\/www.facebook.com\/SchweizerMusikzeitung\/","https:\/\/x.com\/smusikzeitung","https:\/\/www.instagram.com\/musikzeitung.ch\/"]},{"@type":"Person","@id":"https:\/\/www.musikzeitung.ch\/#\/schema\/person\/dce7e5b820812d9af4db2f787d1bec92","name":"Katrin Spelinova","image":{"@type":"ImageObject","inLanguage":"it-IT","@id":"https:\/\/secure.gravatar.com\/avatar\/2a2c2956e074ebca9bf65620496cd2e317d90b8c76450e9dd04d7cebf95eeada?s=96&d=mm&r=g","url":"https:\/\/secure.gravatar.com\/avatar\/2a2c2956e074ebca9bf65620496cd2e317d90b8c76450e9dd04d7cebf95eeada?s=96&d=mm&r=g","contentUrl":"https:\/\/secure.gravatar.com\/avatar\/2a2c2956e074ebca9bf65620496cd2e317d90b8c76450e9dd04d7cebf95eeada?s=96&d=mm&r=g","caption":"Katrin Spelinova"},"sameAs":["https:\/\/x.com\/testredaktor"],"url":"https:\/\/www.musikzeitung.ch\/it\/author\/spelkat"}]}},"publishpress_future_workflow_manual_trigger":{"enabledWorkflows":[]},"_links":{"self":[{"href":"https:\/\/www.musikzeitung.ch\/it\/wp-json\/wp\/v2\/posts\/67157","targetHints":{"allow":["GET"]}}],"collection":[{"href":"https:\/\/www.musikzeitung.ch\/it\/wp-json\/wp\/v2\/posts"}],"about":[{"href":"https:\/\/www.musikzeitung.ch\/it\/wp-json\/wp\/v2\/types\/post"}],"author":[{"embeddable":true,"href":"https:\/\/www.musikzeitung.ch\/it\/wp-json\/wp\/v2\/users\/23"}],"replies":[{"embeddable":true,"href":"https:\/\/www.musikzeitung.ch\/it\/wp-json\/wp\/v2\/comments?post=67157"}],"version-history":[{"count":5,"href":"https:\/\/www.musikzeitung.ch\/it\/wp-json\/wp\/v2\/posts\/67157\/revisions"}],"predecessor-version":[{"id":67172,"href":"https:\/\/www.musikzeitung.ch\/it\/wp-json\/wp\/v2\/posts\/67157\/revisions\/67172"}],"wp:featuredmedia":[{"embeddable":true,"href":"https:\/\/www.musikzeitung.ch\/it\/wp-json\/wp\/v2\/media\/67158"}],"wp:attachment":[{"href":"https:\/\/www.musikzeitung.ch\/it\/wp-json\/wp\/v2\/media?parent=67157"}],"wp:term":[{"taxonomy":"category","embeddable":true,"href":"https:\/\/www.musikzeitung.ch\/it\/wp-json\/wp\/v2\/categories?post=67157"},{"taxonomy":"post_tag","embeddable":true,"href":"https:\/\/www.musikzeitung.ch\/it\/wp-json\/wp\/v2\/tags?post=67157"}],"curies":[{"name":"wp","href":"https:\/\/api.w.org\/{rel}","templated":true}]}}