{"id":67316,"date":"2025-09-07T16:15:16","date_gmt":"2025-09-07T14:15:16","guid":{"rendered":"https:\/\/www.musikzeitung.ch\/?p=67316"},"modified":"2025-09-05T17:55:43","modified_gmt":"2025-09-05T15:55:43","slug":"liedentdeckungen-aus-bewegter-zeit","status":"publish","type":"post","link":"https:\/\/www.musikzeitung.ch\/it\/rezensionen\/tontraeger-rezensionen\/2025\/09\/liedentdeckungen-aus-bewegter-zeit","title":{"rendered":"Scoperte di canzoni di epoche movimentate"},"content":{"rendered":"<figure id=\"attachment_67349\" aria-describedby=\"caption-attachment-67349\" style=\"width: 591px\" class=\"wp-caption alignnone\"><img loading=\"lazy\" decoding=\"async\" class=\"wp-image-67349 size-full\" src=\"https:\/\/www.musikzeitung.ch\/wp-content\/uploads\/2025\/09\/Deutsch-Immler.jpg\" alt=\"\" width=\"591\" height=\"391\" srcset=\"https:\/\/www.musikzeitung.ch\/wp-content\/uploads\/2025\/09\/Deutsch-Immler.jpg 591w, https:\/\/www.musikzeitung.ch\/wp-content\/uploads\/2025\/09\/Deutsch-Immler-300x198.jpg 300w, https:\/\/www.musikzeitung.ch\/wp-content\/uploads\/2025\/09\/Deutsch-Immler-18x12.jpg 18w, https:\/\/www.musikzeitung.ch\/wp-content\/uploads\/2025\/09\/Deutsch-Immler-265x175.jpg 265w, https:\/\/www.musikzeitung.ch\/wp-content\/uploads\/2025\/09\/Deutsch-Immler-529x350.jpg 529w\" sizes=\"auto, (max-width: 591px) 100vw, 591px\" \/><figcaption id=\"caption-attachment-67349\" class=\"wp-caption-text\">Helmut Deutsch (a sinistra), foto: Shirley Suarez; Christian Immler, foto: Marco Borggreve<\/figcaption><\/figure>\n<p>Vienna, intorno al 1910: un'atmosfera affascinante caratterizzata dalla diversit\u00e0, dalla tensione e da una \"simultaneit\u00e0 estetica del non simultaneo\". Nato a Neuhausen, in Svizzera, nel 1865, Robert Gund fu attratto gi\u00e0 da giovane dalla grande metropoli musicale austriaca. L\u00ec si fece conoscere soprattutto come compositore di canzoni - canzoni che il basso-baritono Christian Immler e il pianista Helmut Deutsch presentano ora.<\/p>\n<p>Gund non si un\u00ec al \"nuovo tono\" di Vienna. Canzoni come <em>Tre zingari<\/em>, <em>Tanderadei<\/em> o <em>Un sogno<\/em> pu\u00f2 essere classificato come post-romantico sia nello stile che nel contenuto; ci sono echi dei lieder di Franz Schubert, ai quali le canzoni di Gund sono certamente all'altezza. Non c'\u00e8 un solo accenno di espediente da sentire. Ogni cosa \u00e8 accuratamente elaborata al suo posto. Gund crea miniature enormemente dense, che a volte durano un minuto, a volte quattro. E con l'aiuto dei due interpreti, riesce soprattutto in una cosa: crea atmosfere bellissime, ma a volte anche tristi e malinconiche.<\/p>\n<p>Immler e Deutsch abbinano Gund al meno noto compositore Wilhelm Grosz, di circa 30 anni pi\u00f9 giovane. Grosz \u00e8 una figura colorata. Ha avuto un ruolo inglorioso come disturbatore durante un'esecuzione dei quartetti per archi di Anton Webern. In seguito, il \"camaleonte stilistico\" - come viene descritto nel libretto - si dedic\u00f2 ampiamente al jazz. Le sue canzoni oscillano tra quadri d'atmosfera impressionistici e volutamente divertenti. \u00c8 facile immaginare che Frank Sinatra, Nat King Cole e persino i Beatles abbiano adattato alcune delle melodie di Grosz quando si ascolta il brano in lingua inglese <em>Candele nel cielo<\/em> ascolta.<\/p>\n<p>Immler avrebbe potuto arricchire il suo tono accademicamente \"pulito\" nei pezzi di Grosz in uno o due punti con qualcosa di pi\u00f9 vivace e jazzistico. Nel complesso, tuttavia, questa produzione \u00e8 molto pi\u00f9 di un recente scavo di cosiddetti \"maestri minori\". Si tratta di alta arte combinata con una visione speciale di un evento contemporaneo molto vitale.<img loading=\"lazy\" decoding=\"async\" class=\"aligncenter wp-image-67317 size-medium\" src=\"https:\/\/www.musikzeitung.ch\/wp-content\/uploads\/2025\/09\/08_09_crit_cd_Moeller-300x300.jpg\" alt=\"\" width=\"300\" height=\"300\" srcset=\"https:\/\/www.musikzeitung.ch\/wp-content\/uploads\/2025\/09\/08_09_crit_cd_Moeller-300x300.jpg 300w, https:\/\/www.musikzeitung.ch\/wp-content\/uploads\/2025\/09\/08_09_crit_cd_Moeller-1024x1024.jpg 1024w, https:\/\/www.musikzeitung.ch\/wp-content\/uploads\/2025\/09\/08_09_crit_cd_Moeller-768x768.jpg 768w, https:\/\/www.musikzeitung.ch\/wp-content\/uploads\/2025\/09\/08_09_crit_cd_Moeller-12x12.jpg 12w, https:\/\/www.musikzeitung.ch\/wp-content\/uploads\/2025\/09\/08_09_crit_cd_Moeller-175x175.jpg 175w, https:\/\/www.musikzeitung.ch\/wp-content\/uploads\/2025\/09\/08_09_crit_cd_Moeller-350x350.jpg 350w, https:\/\/www.musikzeitung.ch\/wp-content\/uploads\/2025\/09\/08_09_crit_cd_Moeller-800x800.jpg 800w, https:\/\/www.musikzeitung.ch\/wp-content\/uploads\/2025\/09\/08_09_crit_cd_Moeller-920x920.jpg 920w, https:\/\/www.musikzeitung.ch\/wp-content\/uploads\/2025\/09\/08_09_crit_cd_Moeller-150x150.jpg 150w, https:\/\/www.musikzeitung.ch\/wp-content\/uploads\/2025\/09\/08_09_crit_cd_Moeller-100x100.jpg 100w, https:\/\/www.musikzeitung.ch\/wp-content\/uploads\/2025\/09\/08_09_crit_cd_Moeller-24x24.jpg 24w, https:\/\/www.musikzeitung.ch\/wp-content\/uploads\/2025\/09\/08_09_crit_cd_Moeller-48x48.jpg 48w, https:\/\/www.musikzeitung.ch\/wp-content\/uploads\/2025\/09\/08_09_crit_cd_Moeller-96x96.jpg 96w, https:\/\/www.musikzeitung.ch\/wp-content\/uploads\/2025\/09\/08_09_crit_cd_Moeller-250x250.jpg 250w, https:\/\/www.musikzeitung.ch\/wp-content\/uploads\/2025\/09\/08_09_crit_cd_Moeller.jpg 1090w\" sizes=\"auto, (max-width: 300px) 100vw, 300px\" \/><\/p>\n<p><em>Be Still My Heart - Canzoni di Robert Gund e Wilhelm Grosz. Christian Immler, basso-baritono; Helmut Deutsch, pianoforte. Alpha Classics ALPHA1117<\/em><\/p>","protected":false},"excerpt":{"rendered":"<p>Il basso-baritono Christian Immler e il pianista Helmut Deutsch fanno rivivere due importanti compositori di canzoni raramente eseguiti, Robert Grund e Wilhelm Grosz. <\/p>","protected":false},"author":29,"featured_media":67349,"comment_status":"closed","ping_status":"closed","sticky":false,"template":"","format":"standard","meta":{"_acf_changed":false,"_relevanssi_hide_post":"","_relevanssi_hide_content":"","_relevanssi_pin_for_all":"","_relevanssi_pin_keywords":"","_relevanssi_unpin_keywords":"","_relevanssi_related_keywords":"","_relevanssi_related_include_ids":"","_relevanssi_related_exclude_ids":"","_relevanssi_related_no_append":"","_relevanssi_related_not_related":"","_relevanssi_related_posts":"","_relevanssi_noindex_reason":"","pgc_sgb_lightbox_settings":"","footnotes":""},"categories":[29,1420],"tags":[5286,5287,5285,5288],"class_list":["post-67316","post","type-post","status-publish","format-standard","has-post-thumbnail","hentry","category-rezensionen","category-tontraeger-rezensionen","tag-christian-immler","tag-helmut-deutsch","tag-robert-gund","tag-wilhelm-grosz"],"acf":[],"yoast_head":"<!-- This site is optimized with the Yoast SEO plugin v27.4 - https:\/\/yoast.com\/product\/yoast-seo-wordpress\/ -->\n<title>Liedentdeckungen aus bewegter Zeit - Schweizer Musikzeitung<\/title>\n<meta name=\"description\" content=\"Bass-Bariton Christian Immler und Klavierbegleiter Helmut Deutsch lassen mit Robert Grund und Wilhelm Grosz zwei bedeutende, kaum aufgef\u00fchrte Liedkomponisten aufleben.\" \/>\n<meta name=\"robots\" content=\"index, follow, max-snippet:-1, max-image-preview:large, max-video-preview:-1\" \/>\n<link rel=\"canonical\" href=\"https:\/\/www.musikzeitung.ch\/it\/rezensionen\/tontraeger-rezensionen\/2025\/09\/liedentdeckungen-aus-bewegter-zeit\/\" \/>\n<meta property=\"og:locale\" content=\"it_IT\" \/>\n<meta property=\"og:type\" content=\"article\" \/>\n<meta property=\"og:title\" content=\"Liedentdeckungen aus bewegter Zeit - Schweizer Musikzeitung\" \/>\n<meta property=\"og:description\" content=\"Bass-Bariton Christian Immler und Klavierbegleiter Helmut Deutsch lassen mit Robert Grund und Wilhelm Grosz zwei bedeutende, kaum aufgef\u00fchrte Liedkomponisten aufleben.\" \/>\n<meta property=\"og:url\" content=\"https:\/\/www.musikzeitung.ch\/it\/rezensionen\/tontraeger-rezensionen\/2025\/09\/liedentdeckungen-aus-bewegter-zeit\/\" \/>\n<meta property=\"og:site_name\" content=\"Schweizer Musikzeitung\" \/>\n<meta property=\"article:publisher\" content=\"https:\/\/www.facebook.com\/SchweizerMusikzeitung\/\" \/>\n<meta property=\"article:published_time\" content=\"2025-09-07T14:15:16+00:00\" \/>\n<meta property=\"og:image\" content=\"https:\/\/www.musikzeitung.ch\/wp-content\/uploads\/2025\/09\/Deutsch-Immler.jpg\" \/>\n\t<meta property=\"og:image:width\" content=\"591\" \/>\n\t<meta property=\"og:image:height\" content=\"391\" \/>\n\t<meta property=\"og:image:type\" content=\"image\/jpeg\" \/>\n<meta name=\"author\" content=\"pia.schwab\" \/>\n<meta name=\"twitter:card\" content=\"summary_large_image\" \/>\n<meta name=\"twitter:creator\" content=\"@smusikzeitung\" \/>\n<meta name=\"twitter:site\" content=\"@smusikzeitung\" \/>\n<meta name=\"twitter:label1\" content=\"Scritto da\" \/>\n\t<meta name=\"twitter:data1\" content=\"pia.schwab\" \/>\n\t<meta name=\"twitter:label2\" content=\"Tempo di lettura stimato\" \/>\n\t<meta name=\"twitter:data2\" content=\"3 minuti\" \/>\n<script type=\"application\/ld+json\" class=\"yoast-schema-graph\">{\"@context\":\"https:\\\/\\\/schema.org\",\"@graph\":[{\"@type\":\"Article\",\"@id\":\"https:\\\/\\\/www.musikzeitung.ch\\\/rezensionen\\\/tontraeger-rezensionen\\\/2025\\\/09\\\/liedentdeckungen-aus-bewegter-zeit#article\",\"isPartOf\":{\"@id\":\"https:\\\/\\\/www.musikzeitung.ch\\\/rezensionen\\\/tontraeger-rezensionen\\\/2025\\\/09\\\/liedentdeckungen-aus-bewegter-zeit\"},\"author\":{\"name\":\"pia.schwab\",\"@id\":\"https:\\\/\\\/www.musikzeitung.ch\\\/#\\\/schema\\\/person\\\/ea3d7b86bd7157c78c7ddd37f2f82b5b\"},\"headline\":\"Liedentdeckungen aus bewegter Zeit\",\"datePublished\":\"2025-09-07T14:15:16+00:00\",\"mainEntityOfPage\":{\"@id\":\"https:\\\/\\\/www.musikzeitung.ch\\\/rezensionen\\\/tontraeger-rezensionen\\\/2025\\\/09\\\/liedentdeckungen-aus-bewegter-zeit\"},\"wordCount\":346,\"publisher\":{\"@id\":\"https:\\\/\\\/www.musikzeitung.ch\\\/#organization\"},\"image\":{\"@id\":\"https:\\\/\\\/www.musikzeitung.ch\\\/rezensionen\\\/tontraeger-rezensionen\\\/2025\\\/09\\\/liedentdeckungen-aus-bewegter-zeit#primaryimage\"},\"thumbnailUrl\":\"https:\\\/\\\/www.musikzeitung.ch\\\/wp-content\\\/uploads\\\/2025\\\/09\\\/Deutsch-Immler.jpg\",\"keywords\":[\"Christian Immler\",\"Helmut Deutsch\",\"Robert Gund\",\"Wilhelm Grosz\"],\"articleSection\":[\"Rezensionen\",\"Tontr\u00e4ger\"],\"inLanguage\":\"it-IT\"},{\"@type\":\"WebPage\",\"@id\":\"https:\\\/\\\/www.musikzeitung.ch\\\/rezensionen\\\/tontraeger-rezensionen\\\/2025\\\/09\\\/liedentdeckungen-aus-bewegter-zeit\",\"url\":\"https:\\\/\\\/www.musikzeitung.ch\\\/rezensionen\\\/tontraeger-rezensionen\\\/2025\\\/09\\\/liedentdeckungen-aus-bewegter-zeit\",\"name\":\"Liedentdeckungen aus bewegter Zeit - Schweizer Musikzeitung\",\"isPartOf\":{\"@id\":\"https:\\\/\\\/www.musikzeitung.ch\\\/#website\"},\"primaryImageOfPage\":{\"@id\":\"https:\\\/\\\/www.musikzeitung.ch\\\/rezensionen\\\/tontraeger-rezensionen\\\/2025\\\/09\\\/liedentdeckungen-aus-bewegter-zeit#primaryimage\"},\"image\":{\"@id\":\"https:\\\/\\\/www.musikzeitung.ch\\\/rezensionen\\\/tontraeger-rezensionen\\\/2025\\\/09\\\/liedentdeckungen-aus-bewegter-zeit#primaryimage\"},\"thumbnailUrl\":\"https:\\\/\\\/www.musikzeitung.ch\\\/wp-content\\\/uploads\\\/2025\\\/09\\\/Deutsch-Immler.jpg\",\"datePublished\":\"2025-09-07T14:15:16+00:00\",\"description\":\"Bass-Bariton Christian Immler und Klavierbegleiter Helmut Deutsch lassen mit Robert Grund und Wilhelm Grosz zwei bedeutende, kaum aufgef\u00fchrte Liedkomponisten aufleben.\",\"breadcrumb\":{\"@id\":\"https:\\\/\\\/www.musikzeitung.ch\\\/rezensionen\\\/tontraeger-rezensionen\\\/2025\\\/09\\\/liedentdeckungen-aus-bewegter-zeit#breadcrumb\"},\"inLanguage\":\"it-IT\",\"potentialAction\":[{\"@type\":\"ReadAction\",\"target\":[\"https:\\\/\\\/www.musikzeitung.ch\\\/rezensionen\\\/tontraeger-rezensionen\\\/2025\\\/09\\\/liedentdeckungen-aus-bewegter-zeit\"]}]},{\"@type\":\"ImageObject\",\"inLanguage\":\"it-IT\",\"@id\":\"https:\\\/\\\/www.musikzeitung.ch\\\/rezensionen\\\/tontraeger-rezensionen\\\/2025\\\/09\\\/liedentdeckungen-aus-bewegter-zeit#primaryimage\",\"url\":\"https:\\\/\\\/www.musikzeitung.ch\\\/wp-content\\\/uploads\\\/2025\\\/09\\\/Deutsch-Immler.jpg\",\"contentUrl\":\"https:\\\/\\\/www.musikzeitung.ch\\\/wp-content\\\/uploads\\\/2025\\\/09\\\/Deutsch-Immler.jpg\",\"width\":591,\"height\":391},{\"@type\":\"BreadcrumbList\",\"@id\":\"https:\\\/\\\/www.musikzeitung.ch\\\/rezensionen\\\/tontraeger-rezensionen\\\/2025\\\/09\\\/liedentdeckungen-aus-bewegter-zeit#breadcrumb\",\"itemListElement\":[{\"@type\":\"ListItem\",\"position\":1,\"name\":\"Home\",\"item\":\"https:\\\/\\\/www.musikzeitung.ch\\\/\"},{\"@type\":\"ListItem\",\"position\":2,\"name\":\"Liedentdeckungen aus bewegter Zeit\"}]},{\"@type\":\"WebSite\",\"@id\":\"https:\\\/\\\/www.musikzeitung.ch\\\/#website\",\"url\":\"https:\\\/\\\/www.musikzeitung.ch\\\/\",\"name\":\"Schweizer Musikzeitung\",\"description\":\"Die f\u00fchrende sparten\u00fcbergreifende Monatszeitung in der Schweiz f\u00fcr musikalische Fragen.\",\"publisher\":{\"@id\":\"https:\\\/\\\/www.musikzeitung.ch\\\/#organization\"},\"potentialAction\":[{\"@type\":\"SearchAction\",\"target\":{\"@type\":\"EntryPoint\",\"urlTemplate\":\"https:\\\/\\\/www.musikzeitung.ch\\\/?s={search_term_string}\"},\"query-input\":{\"@type\":\"PropertyValueSpecification\",\"valueRequired\":true,\"valueName\":\"search_term_string\"}}],\"inLanguage\":\"it-IT\"},{\"@type\":\"Organization\",\"@id\":\"https:\\\/\\\/www.musikzeitung.ch\\\/#organization\",\"name\":\"Schweizer Musikzeitung\",\"url\":\"https:\\\/\\\/www.musikzeitung.ch\\\/\",\"logo\":{\"@type\":\"ImageObject\",\"inLanguage\":\"it-IT\",\"@id\":\"https:\\\/\\\/www.musikzeitung.ch\\\/#\\\/schema\\\/logo\\\/image\\\/\",\"url\":\"https:\\\/\\\/www.musikzeitung.ch\\\/wp-content\\\/uploads\\\/2023\\\/01\\\/SMZ_Schriftzug_Sprache.png\",\"contentUrl\":\"https:\\\/\\\/www.musikzeitung.ch\\\/wp-content\\\/uploads\\\/2023\\\/01\\\/SMZ_Schriftzug_Sprache.png\",\"width\":1400,\"height\":279,\"caption\":\"Schweizer Musikzeitung\"},\"image\":{\"@id\":\"https:\\\/\\\/www.musikzeitung.ch\\\/#\\\/schema\\\/logo\\\/image\\\/\"},\"sameAs\":[\"https:\\\/\\\/www.facebook.com\\\/SchweizerMusikzeitung\\\/\",\"https:\\\/\\\/x.com\\\/smusikzeitung\",\"https:\\\/\\\/www.instagram.com\\\/musikzeitung.ch\\\/\"]},{\"@type\":\"Person\",\"@id\":\"https:\\\/\\\/www.musikzeitung.ch\\\/#\\\/schema\\\/person\\\/ea3d7b86bd7157c78c7ddd37f2f82b5b\",\"name\":\"pia.schwab\",\"image\":{\"@type\":\"ImageObject\",\"inLanguage\":\"it-IT\",\"@id\":\"https:\\\/\\\/secure.gravatar.com\\\/avatar\\\/d39d170de4c2d07e897fbc26cf9d890fc046285c742207b86d8ebabe5fcde2c4?s=96&d=mm&r=g\",\"url\":\"https:\\\/\\\/secure.gravatar.com\\\/avatar\\\/d39d170de4c2d07e897fbc26cf9d890fc046285c742207b86d8ebabe5fcde2c4?s=96&d=mm&r=g\",\"contentUrl\":\"https:\\\/\\\/secure.gravatar.com\\\/avatar\\\/d39d170de4c2d07e897fbc26cf9d890fc046285c742207b86d8ebabe5fcde2c4?s=96&d=mm&r=g\",\"caption\":\"pia.schwab\"},\"url\":\"https:\\\/\\\/www.musikzeitung.ch\\\/it\\\/author\\\/pia-schwab\"}]}<\/script>\n<!-- \/ Yoast SEO plugin. -->","yoast_head_json":{"title":"Scoperte musicali da un periodo turbolento - Schweizer Musikzeitung","description":"Il basso-baritono Christian Immler e il pianista Helmut Deutsch fanno rivivere due importanti compositori di canzoni raramente eseguiti, Robert Grund e Wilhelm Grosz.","robots":{"index":"index","follow":"follow","max-snippet":"max-snippet:-1","max-image-preview":"max-image-preview:large","max-video-preview":"max-video-preview:-1"},"canonical":"https:\/\/www.musikzeitung.ch\/it\/rezensionen\/tontraeger-rezensionen\/2025\/09\/liedentdeckungen-aus-bewegter-zeit\/","og_locale":"it_IT","og_type":"article","og_title":"Liedentdeckungen aus bewegter Zeit - Schweizer Musikzeitung","og_description":"Bass-Bariton Christian Immler und Klavierbegleiter Helmut Deutsch lassen mit Robert Grund und Wilhelm Grosz zwei bedeutende, kaum aufgef\u00fchrte Liedkomponisten aufleben.","og_url":"https:\/\/www.musikzeitung.ch\/it\/rezensionen\/tontraeger-rezensionen\/2025\/09\/liedentdeckungen-aus-bewegter-zeit\/","og_site_name":"Schweizer Musikzeitung","article_publisher":"https:\/\/www.facebook.com\/SchweizerMusikzeitung\/","article_published_time":"2025-09-07T14:15:16+00:00","og_image":[{"width":591,"height":391,"url":"https:\/\/www.musikzeitung.ch\/wp-content\/uploads\/2025\/09\/Deutsch-Immler.jpg","type":"image\/jpeg"}],"author":"pia.schwab","twitter_card":"summary_large_image","twitter_creator":"@smusikzeitung","twitter_site":"@smusikzeitung","twitter_misc":{"Scritto da":"pia.schwab","Tempo di lettura stimato":"3 minuti"},"schema":{"@context":"https:\/\/schema.org","@graph":[{"@type":"Article","@id":"https:\/\/www.musikzeitung.ch\/rezensionen\/tontraeger-rezensionen\/2025\/09\/liedentdeckungen-aus-bewegter-zeit#article","isPartOf":{"@id":"https:\/\/www.musikzeitung.ch\/rezensionen\/tontraeger-rezensionen\/2025\/09\/liedentdeckungen-aus-bewegter-zeit"},"author":{"name":"pia.schwab","@id":"https:\/\/www.musikzeitung.ch\/#\/schema\/person\/ea3d7b86bd7157c78c7ddd37f2f82b5b"},"headline":"Liedentdeckungen aus bewegter Zeit","datePublished":"2025-09-07T14:15:16+00:00","mainEntityOfPage":{"@id":"https:\/\/www.musikzeitung.ch\/rezensionen\/tontraeger-rezensionen\/2025\/09\/liedentdeckungen-aus-bewegter-zeit"},"wordCount":346,"publisher":{"@id":"https:\/\/www.musikzeitung.ch\/#organization"},"image":{"@id":"https:\/\/www.musikzeitung.ch\/rezensionen\/tontraeger-rezensionen\/2025\/09\/liedentdeckungen-aus-bewegter-zeit#primaryimage"},"thumbnailUrl":"https:\/\/www.musikzeitung.ch\/wp-content\/uploads\/2025\/09\/Deutsch-Immler.jpg","keywords":["Christian Immler","Helmut Deutsch","Robert Gund","Wilhelm Grosz"],"articleSection":["Rezensionen","Tontr\u00e4ger"],"inLanguage":"it-IT"},{"@type":"WebPage","@id":"https:\/\/www.musikzeitung.ch\/rezensionen\/tontraeger-rezensionen\/2025\/09\/liedentdeckungen-aus-bewegter-zeit","url":"https:\/\/www.musikzeitung.ch\/rezensionen\/tontraeger-rezensionen\/2025\/09\/liedentdeckungen-aus-bewegter-zeit","name":"Scoperte musicali da un periodo turbolento - Schweizer Musikzeitung","isPartOf":{"@id":"https:\/\/www.musikzeitung.ch\/#website"},"primaryImageOfPage":{"@id":"https:\/\/www.musikzeitung.ch\/rezensionen\/tontraeger-rezensionen\/2025\/09\/liedentdeckungen-aus-bewegter-zeit#primaryimage"},"image":{"@id":"https:\/\/www.musikzeitung.ch\/rezensionen\/tontraeger-rezensionen\/2025\/09\/liedentdeckungen-aus-bewegter-zeit#primaryimage"},"thumbnailUrl":"https:\/\/www.musikzeitung.ch\/wp-content\/uploads\/2025\/09\/Deutsch-Immler.jpg","datePublished":"2025-09-07T14:15:16+00:00","description":"Il basso-baritono Christian Immler e il pianista Helmut Deutsch fanno rivivere due importanti compositori di canzoni raramente eseguiti, Robert Grund e Wilhelm Grosz.","breadcrumb":{"@id":"https:\/\/www.musikzeitung.ch\/rezensionen\/tontraeger-rezensionen\/2025\/09\/liedentdeckungen-aus-bewegter-zeit#breadcrumb"},"inLanguage":"it-IT","potentialAction":[{"@type":"ReadAction","target":["https:\/\/www.musikzeitung.ch\/rezensionen\/tontraeger-rezensionen\/2025\/09\/liedentdeckungen-aus-bewegter-zeit"]}]},{"@type":"ImageObject","inLanguage":"it-IT","@id":"https:\/\/www.musikzeitung.ch\/rezensionen\/tontraeger-rezensionen\/2025\/09\/liedentdeckungen-aus-bewegter-zeit#primaryimage","url":"https:\/\/www.musikzeitung.ch\/wp-content\/uploads\/2025\/09\/Deutsch-Immler.jpg","contentUrl":"https:\/\/www.musikzeitung.ch\/wp-content\/uploads\/2025\/09\/Deutsch-Immler.jpg","width":591,"height":391},{"@type":"BreadcrumbList","@id":"https:\/\/www.musikzeitung.ch\/rezensionen\/tontraeger-rezensionen\/2025\/09\/liedentdeckungen-aus-bewegter-zeit#breadcrumb","itemListElement":[{"@type":"ListItem","position":1,"name":"Home","item":"https:\/\/www.musikzeitung.ch\/"},{"@type":"ListItem","position":2,"name":"Liedentdeckungen aus bewegter Zeit"}]},{"@type":"WebSite","@id":"https:\/\/www.musikzeitung.ch\/#website","url":"https:\/\/www.musikzeitung.ch\/","name":"Giornale musicale svizzero","description":"Il principale mensile interdisciplinare della Svizzera per le questioni musicali.","publisher":{"@id":"https:\/\/www.musikzeitung.ch\/#organization"},"potentialAction":[{"@type":"SearchAction","target":{"@type":"EntryPoint","urlTemplate":"https:\/\/www.musikzeitung.ch\/?s={search_term_string}"},"query-input":{"@type":"PropertyValueSpecification","valueRequired":true,"valueName":"search_term_string"}}],"inLanguage":"it-IT"},{"@type":"Organization","@id":"https:\/\/www.musikzeitung.ch\/#organization","name":"Giornale musicale svizzero","url":"https:\/\/www.musikzeitung.ch\/","logo":{"@type":"ImageObject","inLanguage":"it-IT","@id":"https:\/\/www.musikzeitung.ch\/#\/schema\/logo\/image\/","url":"https:\/\/www.musikzeitung.ch\/wp-content\/uploads\/2023\/01\/SMZ_Schriftzug_Sprache.png","contentUrl":"https:\/\/www.musikzeitung.ch\/wp-content\/uploads\/2023\/01\/SMZ_Schriftzug_Sprache.png","width":1400,"height":279,"caption":"Schweizer Musikzeitung"},"image":{"@id":"https:\/\/www.musikzeitung.ch\/#\/schema\/logo\/image\/"},"sameAs":["https:\/\/www.facebook.com\/SchweizerMusikzeitung\/","https:\/\/x.com\/smusikzeitung","https:\/\/www.instagram.com\/musikzeitung.ch\/"]},{"@type":"Person","@id":"https:\/\/www.musikzeitung.ch\/#\/schema\/person\/ea3d7b86bd7157c78c7ddd37f2f82b5b","name":"pia.schwab","image":{"@type":"ImageObject","inLanguage":"it-IT","@id":"https:\/\/secure.gravatar.com\/avatar\/d39d170de4c2d07e897fbc26cf9d890fc046285c742207b86d8ebabe5fcde2c4?s=96&d=mm&r=g","url":"https:\/\/secure.gravatar.com\/avatar\/d39d170de4c2d07e897fbc26cf9d890fc046285c742207b86d8ebabe5fcde2c4?s=96&d=mm&r=g","contentUrl":"https:\/\/secure.gravatar.com\/avatar\/d39d170de4c2d07e897fbc26cf9d890fc046285c742207b86d8ebabe5fcde2c4?s=96&d=mm&r=g","caption":"pia.schwab"},"url":"https:\/\/www.musikzeitung.ch\/it\/author\/pia-schwab"}]}},"publishpress_future_workflow_manual_trigger":{"enabledWorkflows":[]},"_links":{"self":[{"href":"https:\/\/www.musikzeitung.ch\/it\/wp-json\/wp\/v2\/posts\/67316","targetHints":{"allow":["GET"]}}],"collection":[{"href":"https:\/\/www.musikzeitung.ch\/it\/wp-json\/wp\/v2\/posts"}],"about":[{"href":"https:\/\/www.musikzeitung.ch\/it\/wp-json\/wp\/v2\/types\/post"}],"author":[{"embeddable":true,"href":"https:\/\/www.musikzeitung.ch\/it\/wp-json\/wp\/v2\/users\/29"}],"replies":[{"embeddable":true,"href":"https:\/\/www.musikzeitung.ch\/it\/wp-json\/wp\/v2\/comments?post=67316"}],"version-history":[{"count":5,"href":"https:\/\/www.musikzeitung.ch\/it\/wp-json\/wp\/v2\/posts\/67316\/revisions"}],"predecessor-version":[{"id":67510,"href":"https:\/\/www.musikzeitung.ch\/it\/wp-json\/wp\/v2\/posts\/67316\/revisions\/67510"}],"wp:featuredmedia":[{"embeddable":true,"href":"https:\/\/www.musikzeitung.ch\/it\/wp-json\/wp\/v2\/media\/67349"}],"wp:attachment":[{"href":"https:\/\/www.musikzeitung.ch\/it\/wp-json\/wp\/v2\/media?parent=67316"}],"wp:term":[{"taxonomy":"category","embeddable":true,"href":"https:\/\/www.musikzeitung.ch\/it\/wp-json\/wp\/v2\/categories?post=67316"},{"taxonomy":"post_tag","embeddable":true,"href":"https:\/\/www.musikzeitung.ch\/it\/wp-json\/wp\/v2\/tags?post=67316"}],"curies":[{"name":"wp","href":"https:\/\/api.w.org\/{rel}","templated":true}]}}