{"id":67516,"date":"2025-09-09T19:08:43","date_gmt":"2025-09-09T17:08:43","guid":{"rendered":"https:\/\/www.musikzeitung.ch\/?p=67516"},"modified":"2025-09-08T17:24:43","modified_gmt":"2025-09-08T15:24:43","slug":"radiogeschichten","status":"publish","type":"post","link":"https:\/\/www.musikzeitung.ch\/it\/rezensionen\/buecher-rezensionen\/2025\/09\/radiogeschichten","title":{"rendered":"Storia\/e radiofonica\/e"},"content":{"rendered":"<figure id=\"attachment_67517\" aria-describedby=\"caption-attachment-67517\" style=\"width: 1353px\" class=\"wp-caption alignnone\"><img loading=\"lazy\" decoding=\"async\" class=\"wp-image-67517 size-full\" src=\"https:\/\/www.musikzeitung.ch\/wp-content\/uploads\/2025\/09\/miguel-alcantara-0w-7su4kinI-unsplash.jpg\" alt=\"\" width=\"1353\" height=\"902\" srcset=\"https:\/\/www.musikzeitung.ch\/wp-content\/uploads\/2025\/09\/miguel-alcantara-0w-7su4kinI-unsplash.jpg 1353w, https:\/\/www.musikzeitung.ch\/wp-content\/uploads\/2025\/09\/miguel-alcantara-0w-7su4kinI-unsplash-300x200.jpg 300w, https:\/\/www.musikzeitung.ch\/wp-content\/uploads\/2025\/09\/miguel-alcantara-0w-7su4kinI-unsplash-1024x683.jpg 1024w, https:\/\/www.musikzeitung.ch\/wp-content\/uploads\/2025\/09\/miguel-alcantara-0w-7su4kinI-unsplash-600x400.jpg 600w, https:\/\/www.musikzeitung.ch\/wp-content\/uploads\/2025\/09\/miguel-alcantara-0w-7su4kinI-unsplash-768x512.jpg 768w, https:\/\/www.musikzeitung.ch\/wp-content\/uploads\/2025\/09\/miguel-alcantara-0w-7su4kinI-unsplash-18x12.jpg 18w, https:\/\/www.musikzeitung.ch\/wp-content\/uploads\/2025\/09\/miguel-alcantara-0w-7su4kinI-unsplash-263x175.jpg 263w, https:\/\/www.musikzeitung.ch\/wp-content\/uploads\/2025\/09\/miguel-alcantara-0w-7su4kinI-unsplash-525x350.jpg 525w, https:\/\/www.musikzeitung.ch\/wp-content\/uploads\/2025\/09\/miguel-alcantara-0w-7su4kinI-unsplash-1200x800.jpg 1200w, https:\/\/www.musikzeitung.ch\/wp-content\/uploads\/2025\/09\/miguel-alcantara-0w-7su4kinI-unsplash-920x613.jpg 920w\" sizes=\"auto, (max-width: 1353px) 100vw, 1353px\" \/><figcaption id=\"caption-attachment-67517\" class=\"wp-caption-text\">Foto: Miguel Alc\u00e2ntara \/ unsplash.com<\/figcaption><\/figure>\n<p>\u00c8 forse nostalgia il fatto che oggi appaiano cos\u00ec tante pubblicazioni che si occupano del passato (eroico) della radio, degli studi elettronici, dei radiodrammi o, in questo caso, dei fondamenti del mezzo? Forse \u00e8 anche una forma di autostima in tempi di crisi e di ridimensionamento, perch\u00e9 la radio \u00e8 cambiata molto, in termini tecnici e artistici, ma anche nelle nostre abitudini di ascolto.<\/p>\n<p>Ci\u00f2 emerge chiaramente in questa raccolta di 42 testi di origine, che spazia dagli inizi fino ai giorni nostri. \u00c8 il secondo volume di <em>Radiofonico<\/em>curato dagli studiosi dei media di Basilea Ute Holl e Jan Philip M\u00fcller e Tobias Gerber; il primo volume ha presentato lo stato attuale del dibattito sul medium nel 2019. A questo segue ora il materiale storico: Il risultato \u00e8 un importante compendio.<\/p>\n<h3>Attraverso i secoli<\/h3>\n<p>All'inizio si addentra, per cos\u00ec dire, nell'archeologia dei media, fino agli esperimenti di Nikola Tesla, che nel 1893 descrisse la telegrafia senza fili. Segue subito la riflessione puntuale di Robert Walser, che gi\u00e0 nel 1926 affermava che sarebbe stato \"scortese non ammettere apertamente il trionfo dell'inventiva tecnica\", pur obiettando che \"l'arte di fare societ\u00e0\" veniva di conseguenza un po' trascurata. Nella sua diversit\u00e0 a volte contraddittoria, la radio \u00e8 anche un simbolo della modernit\u00e0.<\/p>\n<p>Seguono i manifesti artistici degli inizi (da Brecht e Marinetti ad Adorno): La radio \u00e8 intesa anche come forma d'arte, come arte dell'ascolto. Pierre Schaeffer, John Cage e Karlheinz Stockhausen, ad esempio, raccontano di esperimenti con nastro e microfono. E Hans Werner Henze fa riferimento a forme quasi dimenticate con le sue opere radiofoniche. I testi pi\u00f9 recenti ci dicono cosa ne \u00e8 rimasto e come \u00e8 stato usato in modo creativo negli ultimi decenni: Tuttavia, il discorso sembra meno utopico e pi\u00f9 a pezzi, guidato dalla sfida in tempi difficili. Ciononostante, il mezzo \u00e8 rimasto rilevante e racchiude ancora un potenziale. Come verr\u00e0 utilizzato nel XXI secolo?<img loading=\"lazy\" decoding=\"async\" class=\"aligncenter wp-image-67519 size-medium\" src=\"https:\/\/www.musikzeitung.ch\/wp-content\/uploads\/2025\/09\/08_09_crit_buch_Radiophonic-215x300.jpg\" alt=\"\" width=\"215\" height=\"300\" srcset=\"https:\/\/www.musikzeitung.ch\/wp-content\/uploads\/2025\/09\/08_09_crit_buch_Radiophonic-215x300.jpg 215w, https:\/\/www.musikzeitung.ch\/wp-content\/uploads\/2025\/09\/08_09_crit_buch_Radiophonic-9x12.jpg 9w, https:\/\/www.musikzeitung.ch\/wp-content\/uploads\/2025\/09\/08_09_crit_buch_Radiophonic-126x175.jpg 126w, https:\/\/www.musikzeitung.ch\/wp-content\/uploads\/2025\/09\/08_09_crit_buch_Radiophonic-251x350.jpg 251w, https:\/\/www.musikzeitung.ch\/wp-content\/uploads\/2025\/09\/08_09_crit_buch_Radiophonic-300x418.jpg 300w, https:\/\/www.musikzeitung.ch\/wp-content\/uploads\/2025\/09\/08_09_crit_buch_Radiophonic.jpg 488w\" sizes=\"auto, (max-width: 215px) 100vw, 215px\" \/><\/p>\n<p><em>Radiofonica, Materiali, vol. 2, a cura di Ute Holl, Jan Philip M\u00fcller e Tobias Gerber, 448 p., \u20ac 29,80, Kehrer-Verlag, Heidelberg 2024, ISBN 978-3-86828-863-6<\/em><\/p>","protected":false},"excerpt":{"rendered":"<p>Una raccolta di 42 testi di origine dagli albori alle forme di radio odierne.  <\/p>","protected":false},"author":29,"featured_media":67517,"comment_status":"closed","ping_status":"closed","sticky":false,"template":"","format":"standard","meta":{"_acf_changed":false,"_relevanssi_hide_post":"","_relevanssi_hide_content":"","_relevanssi_pin_for_all":"","_relevanssi_pin_keywords":"","_relevanssi_unpin_keywords":"","_relevanssi_related_keywords":"","_relevanssi_related_include_ids":"","_relevanssi_related_exclude_ids":"","_relevanssi_related_no_append":"","_relevanssi_related_not_related":"","_relevanssi_related_posts":"","_relevanssi_noindex_reason":"","pgc_sgb_lightbox_settings":"","footnotes":""},"categories":[1214,29],"tags":[5291,5289,5292,5290],"class_list":["post-67516","post","type-post","status-publish","format-standard","has-post-thumbnail","hentry","category-buecher-rezensionen","category-rezensionen","tag-jan-philip-mueller","tag-radio","tag-tobias-gerber","tag-ute-holl"],"acf":[],"yoast_head":"<!-- This site is optimized with the Yoast SEO plugin v27.4 - https:\/\/yoast.com\/product\/yoast-seo-wordpress\/ -->\n<title>Radiogeschichte(n) - Schweizer Musikzeitung<\/title>\n<meta name=\"description\" content=\"\u00abRadiophonic, Materials\u00bb ist eine Sammlung von 42 Quellentexten von der Fr\u00fchzeit bis zu heutigen Auspr\u00e4gungen des Radios.\" \/>\n<meta name=\"robots\" content=\"index, follow, max-snippet:-1, max-image-preview:large, max-video-preview:-1\" \/>\n<link rel=\"canonical\" href=\"https:\/\/www.musikzeitung.ch\/it\/rezensionen\/buecher-rezensionen\/2025\/09\/radiogeschichten\/\" \/>\n<meta property=\"og:locale\" content=\"it_IT\" \/>\n<meta property=\"og:type\" content=\"article\" \/>\n<meta property=\"og:title\" content=\"Radiogeschichte(n) - Schweizer Musikzeitung\" \/>\n<meta property=\"og:description\" content=\"\u00abRadiophonic, Materials\u00bb ist eine Sammlung von 42 Quellentexten von der Fr\u00fchzeit bis zu heutigen Auspr\u00e4gungen des Radios.\" \/>\n<meta property=\"og:url\" content=\"https:\/\/www.musikzeitung.ch\/it\/rezensionen\/buecher-rezensionen\/2025\/09\/radiogeschichten\/\" \/>\n<meta property=\"og:site_name\" content=\"Schweizer Musikzeitung\" \/>\n<meta property=\"article:publisher\" content=\"https:\/\/www.facebook.com\/SchweizerMusikzeitung\/\" \/>\n<meta property=\"article:published_time\" content=\"2025-09-09T17:08:43+00:00\" \/>\n<meta property=\"og:image\" content=\"https:\/\/www.musikzeitung.ch\/wp-content\/uploads\/2025\/09\/miguel-alcantara-0w-7su4kinI-unsplash.jpg\" \/>\n\t<meta property=\"og:image:width\" content=\"1353\" \/>\n\t<meta property=\"og:image:height\" content=\"902\" \/>\n\t<meta property=\"og:image:type\" content=\"image\/jpeg\" \/>\n<meta name=\"author\" content=\"pia.schwab\" \/>\n<meta name=\"twitter:card\" content=\"summary_large_image\" \/>\n<meta name=\"twitter:creator\" content=\"@smusikzeitung\" \/>\n<meta name=\"twitter:site\" content=\"@smusikzeitung\" \/>\n<meta name=\"twitter:label1\" content=\"Scritto da\" \/>\n\t<meta name=\"twitter:data1\" content=\"pia.schwab\" \/>\n\t<meta name=\"twitter:label2\" content=\"Tempo di lettura stimato\" \/>\n\t<meta name=\"twitter:data2\" content=\"3 minuti\" \/>\n<script type=\"application\/ld+json\" class=\"yoast-schema-graph\">{\"@context\":\"https:\\\/\\\/schema.org\",\"@graph\":[{\"@type\":\"Article\",\"@id\":\"https:\\\/\\\/www.musikzeitung.ch\\\/rezensionen\\\/buecher-rezensionen\\\/2025\\\/09\\\/radiogeschichten#article\",\"isPartOf\":{\"@id\":\"https:\\\/\\\/www.musikzeitung.ch\\\/rezensionen\\\/buecher-rezensionen\\\/2025\\\/09\\\/radiogeschichten\"},\"author\":{\"name\":\"pia.schwab\",\"@id\":\"https:\\\/\\\/www.musikzeitung.ch\\\/#\\\/schema\\\/person\\\/ea3d7b86bd7157c78c7ddd37f2f82b5b\"},\"headline\":\"Radiogeschichte(n)\",\"datePublished\":\"2025-09-09T17:08:43+00:00\",\"mainEntityOfPage\":{\"@id\":\"https:\\\/\\\/www.musikzeitung.ch\\\/rezensionen\\\/buecher-rezensionen\\\/2025\\\/09\\\/radiogeschichten\"},\"wordCount\":365,\"publisher\":{\"@id\":\"https:\\\/\\\/www.musikzeitung.ch\\\/#organization\"},\"image\":{\"@id\":\"https:\\\/\\\/www.musikzeitung.ch\\\/rezensionen\\\/buecher-rezensionen\\\/2025\\\/09\\\/radiogeschichten#primaryimage\"},\"thumbnailUrl\":\"https:\\\/\\\/www.musikzeitung.ch\\\/wp-content\\\/uploads\\\/2025\\\/09\\\/miguel-alcantara-0w-7su4kinI-unsplash.jpg\",\"keywords\":[\"Jan Philip M\u00fcller\",\"Radio\",\"Tobias Gerber\",\"Ute Holl\"],\"articleSection\":[\"B\u00fccher\",\"Rezensionen\"],\"inLanguage\":\"it-IT\"},{\"@type\":\"WebPage\",\"@id\":\"https:\\\/\\\/www.musikzeitung.ch\\\/rezensionen\\\/buecher-rezensionen\\\/2025\\\/09\\\/radiogeschichten\",\"url\":\"https:\\\/\\\/www.musikzeitung.ch\\\/rezensionen\\\/buecher-rezensionen\\\/2025\\\/09\\\/radiogeschichten\",\"name\":\"Radiogeschichte(n) - Schweizer Musikzeitung\",\"isPartOf\":{\"@id\":\"https:\\\/\\\/www.musikzeitung.ch\\\/#website\"},\"primaryImageOfPage\":{\"@id\":\"https:\\\/\\\/www.musikzeitung.ch\\\/rezensionen\\\/buecher-rezensionen\\\/2025\\\/09\\\/radiogeschichten#primaryimage\"},\"image\":{\"@id\":\"https:\\\/\\\/www.musikzeitung.ch\\\/rezensionen\\\/buecher-rezensionen\\\/2025\\\/09\\\/radiogeschichten#primaryimage\"},\"thumbnailUrl\":\"https:\\\/\\\/www.musikzeitung.ch\\\/wp-content\\\/uploads\\\/2025\\\/09\\\/miguel-alcantara-0w-7su4kinI-unsplash.jpg\",\"datePublished\":\"2025-09-09T17:08:43+00:00\",\"description\":\"\u00abRadiophonic, Materials\u00bb ist eine Sammlung von 42 Quellentexten von der Fr\u00fchzeit bis zu heutigen Auspr\u00e4gungen des Radios.\",\"breadcrumb\":{\"@id\":\"https:\\\/\\\/www.musikzeitung.ch\\\/rezensionen\\\/buecher-rezensionen\\\/2025\\\/09\\\/radiogeschichten#breadcrumb\"},\"inLanguage\":\"it-IT\",\"potentialAction\":[{\"@type\":\"ReadAction\",\"target\":[\"https:\\\/\\\/www.musikzeitung.ch\\\/rezensionen\\\/buecher-rezensionen\\\/2025\\\/09\\\/radiogeschichten\"]}]},{\"@type\":\"ImageObject\",\"inLanguage\":\"it-IT\",\"@id\":\"https:\\\/\\\/www.musikzeitung.ch\\\/rezensionen\\\/buecher-rezensionen\\\/2025\\\/09\\\/radiogeschichten#primaryimage\",\"url\":\"https:\\\/\\\/www.musikzeitung.ch\\\/wp-content\\\/uploads\\\/2025\\\/09\\\/miguel-alcantara-0w-7su4kinI-unsplash.jpg\",\"contentUrl\":\"https:\\\/\\\/www.musikzeitung.ch\\\/wp-content\\\/uploads\\\/2025\\\/09\\\/miguel-alcantara-0w-7su4kinI-unsplash.jpg\",\"width\":1353,\"height\":902},{\"@type\":\"BreadcrumbList\",\"@id\":\"https:\\\/\\\/www.musikzeitung.ch\\\/rezensionen\\\/buecher-rezensionen\\\/2025\\\/09\\\/radiogeschichten#breadcrumb\",\"itemListElement\":[{\"@type\":\"ListItem\",\"position\":1,\"name\":\"Home\",\"item\":\"https:\\\/\\\/www.musikzeitung.ch\\\/\"},{\"@type\":\"ListItem\",\"position\":2,\"name\":\"Radiogeschichte(n)\"}]},{\"@type\":\"WebSite\",\"@id\":\"https:\\\/\\\/www.musikzeitung.ch\\\/#website\",\"url\":\"https:\\\/\\\/www.musikzeitung.ch\\\/\",\"name\":\"Schweizer Musikzeitung\",\"description\":\"Die f\u00fchrende sparten\u00fcbergreifende Monatszeitung in der Schweiz f\u00fcr musikalische Fragen.\",\"publisher\":{\"@id\":\"https:\\\/\\\/www.musikzeitung.ch\\\/#organization\"},\"potentialAction\":[{\"@type\":\"SearchAction\",\"target\":{\"@type\":\"EntryPoint\",\"urlTemplate\":\"https:\\\/\\\/www.musikzeitung.ch\\\/?s={search_term_string}\"},\"query-input\":{\"@type\":\"PropertyValueSpecification\",\"valueRequired\":true,\"valueName\":\"search_term_string\"}}],\"inLanguage\":\"it-IT\"},{\"@type\":\"Organization\",\"@id\":\"https:\\\/\\\/www.musikzeitung.ch\\\/#organization\",\"name\":\"Schweizer Musikzeitung\",\"url\":\"https:\\\/\\\/www.musikzeitung.ch\\\/\",\"logo\":{\"@type\":\"ImageObject\",\"inLanguage\":\"it-IT\",\"@id\":\"https:\\\/\\\/www.musikzeitung.ch\\\/#\\\/schema\\\/logo\\\/image\\\/\",\"url\":\"https:\\\/\\\/www.musikzeitung.ch\\\/wp-content\\\/uploads\\\/2023\\\/01\\\/SMZ_Schriftzug_Sprache.png\",\"contentUrl\":\"https:\\\/\\\/www.musikzeitung.ch\\\/wp-content\\\/uploads\\\/2023\\\/01\\\/SMZ_Schriftzug_Sprache.png\",\"width\":1400,\"height\":279,\"caption\":\"Schweizer Musikzeitung\"},\"image\":{\"@id\":\"https:\\\/\\\/www.musikzeitung.ch\\\/#\\\/schema\\\/logo\\\/image\\\/\"},\"sameAs\":[\"https:\\\/\\\/www.facebook.com\\\/SchweizerMusikzeitung\\\/\",\"https:\\\/\\\/x.com\\\/smusikzeitung\",\"https:\\\/\\\/www.instagram.com\\\/musikzeitung.ch\\\/\"]},{\"@type\":\"Person\",\"@id\":\"https:\\\/\\\/www.musikzeitung.ch\\\/#\\\/schema\\\/person\\\/ea3d7b86bd7157c78c7ddd37f2f82b5b\",\"name\":\"pia.schwab\",\"image\":{\"@type\":\"ImageObject\",\"inLanguage\":\"it-IT\",\"@id\":\"https:\\\/\\\/secure.gravatar.com\\\/avatar\\\/d39d170de4c2d07e897fbc26cf9d890fc046285c742207b86d8ebabe5fcde2c4?s=96&d=mm&r=g\",\"url\":\"https:\\\/\\\/secure.gravatar.com\\\/avatar\\\/d39d170de4c2d07e897fbc26cf9d890fc046285c742207b86d8ebabe5fcde2c4?s=96&d=mm&r=g\",\"contentUrl\":\"https:\\\/\\\/secure.gravatar.com\\\/avatar\\\/d39d170de4c2d07e897fbc26cf9d890fc046285c742207b86d8ebabe5fcde2c4?s=96&d=mm&r=g\",\"caption\":\"pia.schwab\"},\"url\":\"https:\\\/\\\/www.musikzeitung.ch\\\/it\\\/author\\\/pia-schwab\"}]}<\/script>\n<!-- \/ Yoast SEO plugin. -->","yoast_head_json":{"title":"Storie di radio - Giornale musicale svizzero","description":"\u00abRadiophonic, Materials\u00bb \u00e8 una raccolta di 42 testi di partenza, dagli albori alle forme odierne di radio.","robots":{"index":"index","follow":"follow","max-snippet":"max-snippet:-1","max-image-preview":"max-image-preview:large","max-video-preview":"max-video-preview:-1"},"canonical":"https:\/\/www.musikzeitung.ch\/it\/rezensionen\/buecher-rezensionen\/2025\/09\/radiogeschichten\/","og_locale":"it_IT","og_type":"article","og_title":"Radiogeschichte(n) - Schweizer Musikzeitung","og_description":"\u00abRadiophonic, Materials\u00bb ist eine Sammlung von 42 Quellentexten von der Fr\u00fchzeit bis zu heutigen Auspr\u00e4gungen des Radios.","og_url":"https:\/\/www.musikzeitung.ch\/it\/rezensionen\/buecher-rezensionen\/2025\/09\/radiogeschichten\/","og_site_name":"Schweizer Musikzeitung","article_publisher":"https:\/\/www.facebook.com\/SchweizerMusikzeitung\/","article_published_time":"2025-09-09T17:08:43+00:00","og_image":[{"width":1353,"height":902,"url":"https:\/\/www.musikzeitung.ch\/wp-content\/uploads\/2025\/09\/miguel-alcantara-0w-7su4kinI-unsplash.jpg","type":"image\/jpeg"}],"author":"pia.schwab","twitter_card":"summary_large_image","twitter_creator":"@smusikzeitung","twitter_site":"@smusikzeitung","twitter_misc":{"Scritto da":"pia.schwab","Tempo di lettura stimato":"3 minuti"},"schema":{"@context":"https:\/\/schema.org","@graph":[{"@type":"Article","@id":"https:\/\/www.musikzeitung.ch\/rezensionen\/buecher-rezensionen\/2025\/09\/radiogeschichten#article","isPartOf":{"@id":"https:\/\/www.musikzeitung.ch\/rezensionen\/buecher-rezensionen\/2025\/09\/radiogeschichten"},"author":{"name":"pia.schwab","@id":"https:\/\/www.musikzeitung.ch\/#\/schema\/person\/ea3d7b86bd7157c78c7ddd37f2f82b5b"},"headline":"Radiogeschichte(n)","datePublished":"2025-09-09T17:08:43+00:00","mainEntityOfPage":{"@id":"https:\/\/www.musikzeitung.ch\/rezensionen\/buecher-rezensionen\/2025\/09\/radiogeschichten"},"wordCount":365,"publisher":{"@id":"https:\/\/www.musikzeitung.ch\/#organization"},"image":{"@id":"https:\/\/www.musikzeitung.ch\/rezensionen\/buecher-rezensionen\/2025\/09\/radiogeschichten#primaryimage"},"thumbnailUrl":"https:\/\/www.musikzeitung.ch\/wp-content\/uploads\/2025\/09\/miguel-alcantara-0w-7su4kinI-unsplash.jpg","keywords":["Jan Philip M\u00fcller","Radio","Tobias Gerber","Ute Holl"],"articleSection":["B\u00fccher","Rezensionen"],"inLanguage":"it-IT"},{"@type":"WebPage","@id":"https:\/\/www.musikzeitung.ch\/rezensionen\/buecher-rezensionen\/2025\/09\/radiogeschichten","url":"https:\/\/www.musikzeitung.ch\/rezensionen\/buecher-rezensionen\/2025\/09\/radiogeschichten","name":"Storie di radio - Giornale musicale svizzero","isPartOf":{"@id":"https:\/\/www.musikzeitung.ch\/#website"},"primaryImageOfPage":{"@id":"https:\/\/www.musikzeitung.ch\/rezensionen\/buecher-rezensionen\/2025\/09\/radiogeschichten#primaryimage"},"image":{"@id":"https:\/\/www.musikzeitung.ch\/rezensionen\/buecher-rezensionen\/2025\/09\/radiogeschichten#primaryimage"},"thumbnailUrl":"https:\/\/www.musikzeitung.ch\/wp-content\/uploads\/2025\/09\/miguel-alcantara-0w-7su4kinI-unsplash.jpg","datePublished":"2025-09-09T17:08:43+00:00","description":"\u00abRadiophonic, Materials\u00bb \u00e8 una raccolta di 42 testi di partenza, dagli albori alle forme odierne di radio.","breadcrumb":{"@id":"https:\/\/www.musikzeitung.ch\/rezensionen\/buecher-rezensionen\/2025\/09\/radiogeschichten#breadcrumb"},"inLanguage":"it-IT","potentialAction":[{"@type":"ReadAction","target":["https:\/\/www.musikzeitung.ch\/rezensionen\/buecher-rezensionen\/2025\/09\/radiogeschichten"]}]},{"@type":"ImageObject","inLanguage":"it-IT","@id":"https:\/\/www.musikzeitung.ch\/rezensionen\/buecher-rezensionen\/2025\/09\/radiogeschichten#primaryimage","url":"https:\/\/www.musikzeitung.ch\/wp-content\/uploads\/2025\/09\/miguel-alcantara-0w-7su4kinI-unsplash.jpg","contentUrl":"https:\/\/www.musikzeitung.ch\/wp-content\/uploads\/2025\/09\/miguel-alcantara-0w-7su4kinI-unsplash.jpg","width":1353,"height":902},{"@type":"BreadcrumbList","@id":"https:\/\/www.musikzeitung.ch\/rezensionen\/buecher-rezensionen\/2025\/09\/radiogeschichten#breadcrumb","itemListElement":[{"@type":"ListItem","position":1,"name":"Home","item":"https:\/\/www.musikzeitung.ch\/"},{"@type":"ListItem","position":2,"name":"Radiogeschichte(n)"}]},{"@type":"WebSite","@id":"https:\/\/www.musikzeitung.ch\/#website","url":"https:\/\/www.musikzeitung.ch\/","name":"Giornale musicale svizzero","description":"Il principale mensile interdisciplinare della Svizzera per le questioni musicali.","publisher":{"@id":"https:\/\/www.musikzeitung.ch\/#organization"},"potentialAction":[{"@type":"SearchAction","target":{"@type":"EntryPoint","urlTemplate":"https:\/\/www.musikzeitung.ch\/?s={search_term_string}"},"query-input":{"@type":"PropertyValueSpecification","valueRequired":true,"valueName":"search_term_string"}}],"inLanguage":"it-IT"},{"@type":"Organization","@id":"https:\/\/www.musikzeitung.ch\/#organization","name":"Giornale musicale svizzero","url":"https:\/\/www.musikzeitung.ch\/","logo":{"@type":"ImageObject","inLanguage":"it-IT","@id":"https:\/\/www.musikzeitung.ch\/#\/schema\/logo\/image\/","url":"https:\/\/www.musikzeitung.ch\/wp-content\/uploads\/2023\/01\/SMZ_Schriftzug_Sprache.png","contentUrl":"https:\/\/www.musikzeitung.ch\/wp-content\/uploads\/2023\/01\/SMZ_Schriftzug_Sprache.png","width":1400,"height":279,"caption":"Schweizer Musikzeitung"},"image":{"@id":"https:\/\/www.musikzeitung.ch\/#\/schema\/logo\/image\/"},"sameAs":["https:\/\/www.facebook.com\/SchweizerMusikzeitung\/","https:\/\/x.com\/smusikzeitung","https:\/\/www.instagram.com\/musikzeitung.ch\/"]},{"@type":"Person","@id":"https:\/\/www.musikzeitung.ch\/#\/schema\/person\/ea3d7b86bd7157c78c7ddd37f2f82b5b","name":"pia.schwab","image":{"@type":"ImageObject","inLanguage":"it-IT","@id":"https:\/\/secure.gravatar.com\/avatar\/d39d170de4c2d07e897fbc26cf9d890fc046285c742207b86d8ebabe5fcde2c4?s=96&d=mm&r=g","url":"https:\/\/secure.gravatar.com\/avatar\/d39d170de4c2d07e897fbc26cf9d890fc046285c742207b86d8ebabe5fcde2c4?s=96&d=mm&r=g","contentUrl":"https:\/\/secure.gravatar.com\/avatar\/d39d170de4c2d07e897fbc26cf9d890fc046285c742207b86d8ebabe5fcde2c4?s=96&d=mm&r=g","caption":"pia.schwab"},"url":"https:\/\/www.musikzeitung.ch\/it\/author\/pia-schwab"}]}},"publishpress_future_workflow_manual_trigger":{"enabledWorkflows":[]},"_links":{"self":[{"href":"https:\/\/www.musikzeitung.ch\/it\/wp-json\/wp\/v2\/posts\/67516","targetHints":{"allow":["GET"]}}],"collection":[{"href":"https:\/\/www.musikzeitung.ch\/it\/wp-json\/wp\/v2\/posts"}],"about":[{"href":"https:\/\/www.musikzeitung.ch\/it\/wp-json\/wp\/v2\/types\/post"}],"author":[{"embeddable":true,"href":"https:\/\/www.musikzeitung.ch\/it\/wp-json\/wp\/v2\/users\/29"}],"replies":[{"embeddable":true,"href":"https:\/\/www.musikzeitung.ch\/it\/wp-json\/wp\/v2\/comments?post=67516"}],"version-history":[{"count":1,"href":"https:\/\/www.musikzeitung.ch\/it\/wp-json\/wp\/v2\/posts\/67516\/revisions"}],"predecessor-version":[{"id":67520,"href":"https:\/\/www.musikzeitung.ch\/it\/wp-json\/wp\/v2\/posts\/67516\/revisions\/67520"}],"wp:featuredmedia":[{"embeddable":true,"href":"https:\/\/www.musikzeitung.ch\/it\/wp-json\/wp\/v2\/media\/67517"}],"wp:attachment":[{"href":"https:\/\/www.musikzeitung.ch\/it\/wp-json\/wp\/v2\/media?parent=67516"}],"wp:term":[{"taxonomy":"category","embeddable":true,"href":"https:\/\/www.musikzeitung.ch\/it\/wp-json\/wp\/v2\/categories?post=67516"},{"taxonomy":"post_tag","embeddable":true,"href":"https:\/\/www.musikzeitung.ch\/it\/wp-json\/wp\/v2\/tags?post=67516"}],"curies":[{"name":"wp","href":"https:\/\/api.w.org\/{rel}","templated":true}]}}