{"id":67581,"date":"2025-09-09T07:53:29","date_gmt":"2025-09-09T05:53:29","guid":{"rendered":"https:\/\/www.musikzeitung.ch\/?p=67581"},"modified":"2025-09-09T09:52:19","modified_gmt":"2025-09-09T07:52:19","slug":"202-bachelor-und-master-diplome-in-luzern-vergeben","status":"publish","type":"post","link":"https:\/\/www.musikzeitung.ch\/it\/news\/2025\/09\/202-bachelor-und-master-diplome-in-luzern-vergeben","title":{"rendered":"202 lauree di primo e secondo livello conseguite a Lucerna"},"content":{"rendered":"<figure id=\"attachment_15640\" aria-describedby=\"caption-attachment-15640\" style=\"width: 554px\" class=\"wp-caption alignnone\"><img loading=\"lazy\" decoding=\"async\" class=\"size-full wp-image-15640\" src=\"https:\/\/www.musikzeitung.ch\/wp-content\/uploads\/2023\/01\/151209hslum.jpg\" alt=\"\" width=\"554\" height=\"443\" srcset=\"https:\/\/www.musikzeitung.ch\/wp-content\/uploads\/2023\/01\/151209hslum.jpg 554w, https:\/\/www.musikzeitung.ch\/wp-content\/uploads\/2023\/01\/151209hslum-300x240.jpg 300w, https:\/\/www.musikzeitung.ch\/wp-content\/uploads\/2023\/01\/151209hslum-219x175.jpg 219w, https:\/\/www.musikzeitung.ch\/wp-content\/uploads\/2023\/01\/151209hslum-438x350.jpg 438w\" sizes=\"auto, (max-width: 554px) 100vw, 554px\" \/><figcaption id=\"caption-attachment-15640\" class=\"wp-caption-text\">Scuola di musica di Lucerna. Foto: HSLU<\/figcaption><\/figure>\n<p>La cerimonia di consegna dei diplomi ha segnato la fine del corso di laurea triennale per 83 persone e del corso di laurea magistrale per 119 presso il Dipartimento di Musica dell'Universit\u00e0 di Scienze Applicate e Arti di Lucerna. Nel programma di Bachelor of Arts in Music, 73 laureati hanno ricevuto il diploma, di cui 54 nel profilo di musica classica, 17 nel profilo jazz e 2 nel profilo di musica popolare. Ci sono stati sei laureati nel programma Bachelor of Arts\/Music and Movement e due laureati nel programma Bachelor of Arts in Music\/Church Music.<\/p>\n<p>Nel programma di Master of Arts in Music sono stati rilasciati 119 diplomi, la maggior parte dei quali nella specializzazione in Esecuzione classica (25). Nel Master of Arts in Music Education, 62 laureati hanno ottenuto l'abilitazione professionale per l'insegnamento nelle scuole di musica o nelle scuole secondarie.<\/p>\n<p>Ci sono stati anche 77 titoli di formazione musicale e artistica in Master of Advanced Studies (MAS), Diploma of Advanced Studies (DAS) o Certificate of Advanced Studies (CAS).<\/p>\n<p>In occasione della cerimonia di consegna dei diplomi, sono stati assegnati anche tre premi della Fondazione Strebi, ciascuno del valore di 2.000 franchi, a laureati di primo livello che si sono distinti. Sono andati a Natalie Andreae, Bachelor of Arts in Music, Jazz vocal, Improvisation; Michael Husu, Bachelor of Arts in Music, Classical instrumental, Piano e Muriel F\u00e4ssler, Bachelor of Arts \/ Music and Movement.<\/p>\n<p>La Fondazione per la promozione della musica della Scuola di musica di Lucerna ha assegnato i premi del Fondo Hella Siegrist per l'eccellenza nella pedagogia pianistica in occasione della cerimonia di consegna dei diplomi a Roman Halter (1\u00b0 premio), Athina Waser e Ana Dorado Suela (2\u00b0 premio ex aequo) e<br \/>\nJure Marki\u0107 (3\u00b0 premio). Seguir\u00e0 l'audizione per le borse di studio per l'eccellenza pianistica.<\/p>\n<p>&nbsp;<\/p>","protected":false},"excerpt":{"rendered":"<p>All'inizio del semestre la Scuola di Musica di Lucerna ha conferito 202 diplomi di Bachelor e Master; 77 diplomi sono stati conferiti a livello di formazione continua. <\/p>","protected":false},"author":30,"featured_media":15640,"comment_status":"closed","ping_status":"closed","sticky":false,"template":"","format":"standard","meta":{"_acf_changed":false,"_relevanssi_hide_post":"","_relevanssi_hide_content":"","_relevanssi_pin_for_all":"","_relevanssi_pin_keywords":"","_relevanssi_unpin_keywords":"","_relevanssi_related_keywords":"","_relevanssi_related_include_ids":"","_relevanssi_related_exclude_ids":"","_relevanssi_related_no_append":"","_relevanssi_related_not_related":"","_relevanssi_related_posts":"","_relevanssi_noindex_reason":"","pgc_sgb_lightbox_settings":"","footnotes":""},"categories":[27],"tags":[5298,5297],"class_list":["post-67581","post","type-post","status-publish","format-standard","has-post-thumbnail","hentry","category-news","tag-diplome","tag-hslu-m"],"acf":[],"yoast_head":"<!-- This site is optimized with the Yoast SEO plugin v27.4 - https:\/\/yoast.com\/product\/yoast-seo-wordpress\/ -->\n<title>202 Bachelor- und Master-Diplome in Luzern vergeben - Schweizer Musikzeitung<\/title>\n<meta name=\"description\" content=\"Die Hochschule Luzern - Musik hat zu Semesterbeginn 202 Bachelor- und Master-Diplome vergeben; auf Stufe Weiterbildung gab es 77 Abschl\u00fcsse.\" \/>\n<meta name=\"robots\" content=\"index, follow, max-snippet:-1, max-image-preview:large, max-video-preview:-1\" \/>\n<link rel=\"canonical\" href=\"https:\/\/www.musikzeitung.ch\/it\/news\/2025\/09\/202-bachelor-und-master-diplome-in-luzern-vergeben\/\" \/>\n<meta property=\"og:locale\" content=\"it_IT\" \/>\n<meta property=\"og:type\" content=\"article\" \/>\n<meta property=\"og:title\" content=\"202 Bachelor- und Master-Diplome in Luzern vergeben - Schweizer Musikzeitung\" \/>\n<meta property=\"og:description\" content=\"Die Hochschule Luzern - Musik hat zu Semesterbeginn 202 Bachelor- und Master-Diplome vergeben; auf Stufe Weiterbildung gab es 77 Abschl\u00fcsse.\" \/>\n<meta property=\"og:url\" content=\"https:\/\/www.musikzeitung.ch\/it\/news\/2025\/09\/202-bachelor-und-master-diplome-in-luzern-vergeben\/\" \/>\n<meta property=\"og:site_name\" content=\"Schweizer Musikzeitung\" \/>\n<meta property=\"article:publisher\" content=\"https:\/\/www.facebook.com\/SchweizerMusikzeitung\/\" \/>\n<meta property=\"article:author\" content=\"https:\/\/www.facebook.com\/wolfgang.bohler.75\" \/>\n<meta property=\"article:published_time\" content=\"2025-09-09T05:53:29+00:00\" \/>\n<meta property=\"article:modified_time\" content=\"2025-09-09T07:52:19+00:00\" \/>\n<meta property=\"og:image\" content=\"https:\/\/www.musikzeitung.ch\/wp-content\/uploads\/2023\/01\/151209hslum.jpg\" \/>\n\t<meta property=\"og:image:width\" content=\"554\" \/>\n\t<meta property=\"og:image:height\" content=\"443\" \/>\n\t<meta property=\"og:image:type\" content=\"image\/jpeg\" \/>\n<meta name=\"author\" content=\"Wolfgang B\u00f6hler\" \/>\n<meta name=\"twitter:card\" content=\"summary_large_image\" \/>\n<meta name=\"twitter:creator\" content=\"@smusikzeitung\" \/>\n<meta name=\"twitter:site\" content=\"@smusikzeitung\" \/>\n<meta name=\"twitter:label1\" content=\"Scritto da\" \/>\n\t<meta name=\"twitter:data1\" content=\"Wolfgang B\u00f6hler\" \/>\n\t<meta name=\"twitter:label2\" content=\"Tempo di lettura stimato\" \/>\n\t<meta name=\"twitter:data2\" content=\"2 minuti\" \/>\n<script type=\"application\/ld+json\" class=\"yoast-schema-graph\">{\"@context\":\"https:\\\/\\\/schema.org\",\"@graph\":[{\"@type\":\"Article\",\"@id\":\"https:\\\/\\\/www.musikzeitung.ch\\\/news\\\/2025\\\/09\\\/202-bachelor-und-master-diplome-in-luzern-vergeben#article\",\"isPartOf\":{\"@id\":\"https:\\\/\\\/www.musikzeitung.ch\\\/news\\\/2025\\\/09\\\/202-bachelor-und-master-diplome-in-luzern-vergeben\"},\"author\":{\"name\":\"Wolfgang B\u00f6hler\",\"@id\":\"https:\\\/\\\/www.musikzeitung.ch\\\/#\\\/schema\\\/person\\\/0da4fb82d243f1252850a35d0e87cf0c\"},\"headline\":\"202 Bachelor- und Master-Diplome in Luzern vergeben\",\"datePublished\":\"2025-09-09T05:53:29+00:00\",\"dateModified\":\"2025-09-09T07:52:19+00:00\",\"mainEntityOfPage\":{\"@id\":\"https:\\\/\\\/www.musikzeitung.ch\\\/news\\\/2025\\\/09\\\/202-bachelor-und-master-diplome-in-luzern-vergeben\"},\"wordCount\":260,\"publisher\":{\"@id\":\"https:\\\/\\\/www.musikzeitung.ch\\\/#organization\"},\"image\":{\"@id\":\"https:\\\/\\\/www.musikzeitung.ch\\\/news\\\/2025\\\/09\\\/202-bachelor-und-master-diplome-in-luzern-vergeben#primaryimage\"},\"thumbnailUrl\":\"https:\\\/\\\/www.musikzeitung.ch\\\/wp-content\\\/uploads\\\/2023\\\/01\\\/151209hslum.jpg\",\"keywords\":[\"Diplome\",\"HSLU-M\"],\"articleSection\":[\"News\"],\"inLanguage\":\"it-IT\"},{\"@type\":\"WebPage\",\"@id\":\"https:\\\/\\\/www.musikzeitung.ch\\\/news\\\/2025\\\/09\\\/202-bachelor-und-master-diplome-in-luzern-vergeben\",\"url\":\"https:\\\/\\\/www.musikzeitung.ch\\\/news\\\/2025\\\/09\\\/202-bachelor-und-master-diplome-in-luzern-vergeben\",\"name\":\"202 Bachelor- und Master-Diplome in Luzern vergeben - Schweizer Musikzeitung\",\"isPartOf\":{\"@id\":\"https:\\\/\\\/www.musikzeitung.ch\\\/#website\"},\"primaryImageOfPage\":{\"@id\":\"https:\\\/\\\/www.musikzeitung.ch\\\/news\\\/2025\\\/09\\\/202-bachelor-und-master-diplome-in-luzern-vergeben#primaryimage\"},\"image\":{\"@id\":\"https:\\\/\\\/www.musikzeitung.ch\\\/news\\\/2025\\\/09\\\/202-bachelor-und-master-diplome-in-luzern-vergeben#primaryimage\"},\"thumbnailUrl\":\"https:\\\/\\\/www.musikzeitung.ch\\\/wp-content\\\/uploads\\\/2023\\\/01\\\/151209hslum.jpg\",\"datePublished\":\"2025-09-09T05:53:29+00:00\",\"dateModified\":\"2025-09-09T07:52:19+00:00\",\"description\":\"Die Hochschule Luzern - Musik hat zu Semesterbeginn 202 Bachelor- und Master-Diplome vergeben; auf Stufe Weiterbildung gab es 77 Abschl\u00fcsse.\",\"breadcrumb\":{\"@id\":\"https:\\\/\\\/www.musikzeitung.ch\\\/news\\\/2025\\\/09\\\/202-bachelor-und-master-diplome-in-luzern-vergeben#breadcrumb\"},\"inLanguage\":\"it-IT\",\"potentialAction\":[{\"@type\":\"ReadAction\",\"target\":[\"https:\\\/\\\/www.musikzeitung.ch\\\/news\\\/2025\\\/09\\\/202-bachelor-und-master-diplome-in-luzern-vergeben\"]}]},{\"@type\":\"ImageObject\",\"inLanguage\":\"it-IT\",\"@id\":\"https:\\\/\\\/www.musikzeitung.ch\\\/news\\\/2025\\\/09\\\/202-bachelor-und-master-diplome-in-luzern-vergeben#primaryimage\",\"url\":\"https:\\\/\\\/www.musikzeitung.ch\\\/wp-content\\\/uploads\\\/2023\\\/01\\\/151209hslum.jpg\",\"contentUrl\":\"https:\\\/\\\/www.musikzeitung.ch\\\/wp-content\\\/uploads\\\/2023\\\/01\\\/151209hslum.jpg\",\"width\":554,\"height\":443},{\"@type\":\"BreadcrumbList\",\"@id\":\"https:\\\/\\\/www.musikzeitung.ch\\\/news\\\/2025\\\/09\\\/202-bachelor-und-master-diplome-in-luzern-vergeben#breadcrumb\",\"itemListElement\":[{\"@type\":\"ListItem\",\"position\":1,\"name\":\"Home\",\"item\":\"https:\\\/\\\/www.musikzeitung.ch\\\/\"},{\"@type\":\"ListItem\",\"position\":2,\"name\":\"202 Bachelor- und Master-Diplome in Luzern vergeben\"}]},{\"@type\":\"WebSite\",\"@id\":\"https:\\\/\\\/www.musikzeitung.ch\\\/#website\",\"url\":\"https:\\\/\\\/www.musikzeitung.ch\\\/\",\"name\":\"Schweizer Musikzeitung\",\"description\":\"Die f\u00fchrende sparten\u00fcbergreifende Monatszeitung in der Schweiz f\u00fcr musikalische Fragen.\",\"publisher\":{\"@id\":\"https:\\\/\\\/www.musikzeitung.ch\\\/#organization\"},\"potentialAction\":[{\"@type\":\"SearchAction\",\"target\":{\"@type\":\"EntryPoint\",\"urlTemplate\":\"https:\\\/\\\/www.musikzeitung.ch\\\/?s={search_term_string}\"},\"query-input\":{\"@type\":\"PropertyValueSpecification\",\"valueRequired\":true,\"valueName\":\"search_term_string\"}}],\"inLanguage\":\"it-IT\"},{\"@type\":\"Organization\",\"@id\":\"https:\\\/\\\/www.musikzeitung.ch\\\/#organization\",\"name\":\"Schweizer Musikzeitung\",\"url\":\"https:\\\/\\\/www.musikzeitung.ch\\\/\",\"logo\":{\"@type\":\"ImageObject\",\"inLanguage\":\"it-IT\",\"@id\":\"https:\\\/\\\/www.musikzeitung.ch\\\/#\\\/schema\\\/logo\\\/image\\\/\",\"url\":\"https:\\\/\\\/www.musikzeitung.ch\\\/wp-content\\\/uploads\\\/2023\\\/01\\\/SMZ_Schriftzug_Sprache.png\",\"contentUrl\":\"https:\\\/\\\/www.musikzeitung.ch\\\/wp-content\\\/uploads\\\/2023\\\/01\\\/SMZ_Schriftzug_Sprache.png\",\"width\":1400,\"height\":279,\"caption\":\"Schweizer Musikzeitung\"},\"image\":{\"@id\":\"https:\\\/\\\/www.musikzeitung.ch\\\/#\\\/schema\\\/logo\\\/image\\\/\"},\"sameAs\":[\"https:\\\/\\\/www.facebook.com\\\/SchweizerMusikzeitung\\\/\",\"https:\\\/\\\/x.com\\\/smusikzeitung\",\"https:\\\/\\\/www.instagram.com\\\/musikzeitung.ch\\\/\"]},{\"@type\":\"Person\",\"@id\":\"https:\\\/\\\/www.musikzeitung.ch\\\/#\\\/schema\\\/person\\\/0da4fb82d243f1252850a35d0e87cf0c\",\"name\":\"Wolfgang B\u00f6hler\",\"image\":{\"@type\":\"ImageObject\",\"inLanguage\":\"it-IT\",\"@id\":\"https:\\\/\\\/www.musikzeitung.ch\\\/wp-content\\\/uploads\\\/2023\\\/01\\\/boehler_portraet_web-e1674139782246-96x96.jpg\",\"url\":\"https:\\\/\\\/www.musikzeitung.ch\\\/wp-content\\\/uploads\\\/2023\\\/01\\\/boehler_portraet_web-e1674139782246-96x96.jpg\",\"contentUrl\":\"https:\\\/\\\/www.musikzeitung.ch\\\/wp-content\\\/uploads\\\/2023\\\/01\\\/boehler_portraet_web-e1674139782246-96x96.jpg\",\"caption\":\"Wolfgang B\u00f6hler\"},\"sameAs\":[\"http:\\\/\\\/www.manacanto.ch\",\"https:\\\/\\\/www.facebook.com\\\/wolfgang.bohler.75\"],\"url\":\"https:\\\/\\\/www.musikzeitung.ch\\\/it\\\/author\\\/wolfgang-boehler\"}]}<\/script>\n<!-- \/ Yoast SEO plugin. -->","yoast_head_json":{"title":"202 lauree di primo e secondo livello conseguite a Lucerna - Schweizer Musikzeitung","description":"All'inizio del semestre la Scuola di Musica di Lucerna ha conferito 202 diplomi di Bachelor e Master; 77 diplomi sono stati conferiti a livello di formazione continua.","robots":{"index":"index","follow":"follow","max-snippet":"max-snippet:-1","max-image-preview":"max-image-preview:large","max-video-preview":"max-video-preview:-1"},"canonical":"https:\/\/www.musikzeitung.ch\/it\/news\/2025\/09\/202-bachelor-und-master-diplome-in-luzern-vergeben\/","og_locale":"it_IT","og_type":"article","og_title":"202 Bachelor- und Master-Diplome in Luzern vergeben - Schweizer Musikzeitung","og_description":"Die Hochschule Luzern - Musik hat zu Semesterbeginn 202 Bachelor- und Master-Diplome vergeben; auf Stufe Weiterbildung gab es 77 Abschl\u00fcsse.","og_url":"https:\/\/www.musikzeitung.ch\/it\/news\/2025\/09\/202-bachelor-und-master-diplome-in-luzern-vergeben\/","og_site_name":"Schweizer Musikzeitung","article_publisher":"https:\/\/www.facebook.com\/SchweizerMusikzeitung\/","article_author":"https:\/\/www.facebook.com\/wolfgang.bohler.75","article_published_time":"2025-09-09T05:53:29+00:00","article_modified_time":"2025-09-09T07:52:19+00:00","og_image":[{"width":554,"height":443,"url":"https:\/\/www.musikzeitung.ch\/wp-content\/uploads\/2023\/01\/151209hslum.jpg","type":"image\/jpeg"}],"author":"Wolfgang B\u00f6hler","twitter_card":"summary_large_image","twitter_creator":"@smusikzeitung","twitter_site":"@smusikzeitung","twitter_misc":{"Scritto da":"Wolfgang B\u00f6hler","Tempo di lettura stimato":"2 minuti"},"schema":{"@context":"https:\/\/schema.org","@graph":[{"@type":"Article","@id":"https:\/\/www.musikzeitung.ch\/news\/2025\/09\/202-bachelor-und-master-diplome-in-luzern-vergeben#article","isPartOf":{"@id":"https:\/\/www.musikzeitung.ch\/news\/2025\/09\/202-bachelor-und-master-diplome-in-luzern-vergeben"},"author":{"name":"Wolfgang B\u00f6hler","@id":"https:\/\/www.musikzeitung.ch\/#\/schema\/person\/0da4fb82d243f1252850a35d0e87cf0c"},"headline":"202 Bachelor- und Master-Diplome in Luzern vergeben","datePublished":"2025-09-09T05:53:29+00:00","dateModified":"2025-09-09T07:52:19+00:00","mainEntityOfPage":{"@id":"https:\/\/www.musikzeitung.ch\/news\/2025\/09\/202-bachelor-und-master-diplome-in-luzern-vergeben"},"wordCount":260,"publisher":{"@id":"https:\/\/www.musikzeitung.ch\/#organization"},"image":{"@id":"https:\/\/www.musikzeitung.ch\/news\/2025\/09\/202-bachelor-und-master-diplome-in-luzern-vergeben#primaryimage"},"thumbnailUrl":"https:\/\/www.musikzeitung.ch\/wp-content\/uploads\/2023\/01\/151209hslum.jpg","keywords":["Diplome","HSLU-M"],"articleSection":["News"],"inLanguage":"it-IT"},{"@type":"WebPage","@id":"https:\/\/www.musikzeitung.ch\/news\/2025\/09\/202-bachelor-und-master-diplome-in-luzern-vergeben","url":"https:\/\/www.musikzeitung.ch\/news\/2025\/09\/202-bachelor-und-master-diplome-in-luzern-vergeben","name":"202 lauree di primo e secondo livello conseguite a Lucerna - Schweizer Musikzeitung","isPartOf":{"@id":"https:\/\/www.musikzeitung.ch\/#website"},"primaryImageOfPage":{"@id":"https:\/\/www.musikzeitung.ch\/news\/2025\/09\/202-bachelor-und-master-diplome-in-luzern-vergeben#primaryimage"},"image":{"@id":"https:\/\/www.musikzeitung.ch\/news\/2025\/09\/202-bachelor-und-master-diplome-in-luzern-vergeben#primaryimage"},"thumbnailUrl":"https:\/\/www.musikzeitung.ch\/wp-content\/uploads\/2023\/01\/151209hslum.jpg","datePublished":"2025-09-09T05:53:29+00:00","dateModified":"2025-09-09T07:52:19+00:00","description":"All'inizio del semestre la Scuola di Musica di Lucerna ha conferito 202 diplomi di Bachelor e Master; 77 diplomi sono stati conferiti a livello di formazione continua.","breadcrumb":{"@id":"https:\/\/www.musikzeitung.ch\/news\/2025\/09\/202-bachelor-und-master-diplome-in-luzern-vergeben#breadcrumb"},"inLanguage":"it-IT","potentialAction":[{"@type":"ReadAction","target":["https:\/\/www.musikzeitung.ch\/news\/2025\/09\/202-bachelor-und-master-diplome-in-luzern-vergeben"]}]},{"@type":"ImageObject","inLanguage":"it-IT","@id":"https:\/\/www.musikzeitung.ch\/news\/2025\/09\/202-bachelor-und-master-diplome-in-luzern-vergeben#primaryimage","url":"https:\/\/www.musikzeitung.ch\/wp-content\/uploads\/2023\/01\/151209hslum.jpg","contentUrl":"https:\/\/www.musikzeitung.ch\/wp-content\/uploads\/2023\/01\/151209hslum.jpg","width":554,"height":443},{"@type":"BreadcrumbList","@id":"https:\/\/www.musikzeitung.ch\/news\/2025\/09\/202-bachelor-und-master-diplome-in-luzern-vergeben#breadcrumb","itemListElement":[{"@type":"ListItem","position":1,"name":"Home","item":"https:\/\/www.musikzeitung.ch\/"},{"@type":"ListItem","position":2,"name":"202 Bachelor- und Master-Diplome in Luzern vergeben"}]},{"@type":"WebSite","@id":"https:\/\/www.musikzeitung.ch\/#website","url":"https:\/\/www.musikzeitung.ch\/","name":"Giornale musicale svizzero","description":"Il principale mensile interdisciplinare della Svizzera per le questioni musicali.","publisher":{"@id":"https:\/\/www.musikzeitung.ch\/#organization"},"potentialAction":[{"@type":"SearchAction","target":{"@type":"EntryPoint","urlTemplate":"https:\/\/www.musikzeitung.ch\/?s={search_term_string}"},"query-input":{"@type":"PropertyValueSpecification","valueRequired":true,"valueName":"search_term_string"}}],"inLanguage":"it-IT"},{"@type":"Organization","@id":"https:\/\/www.musikzeitung.ch\/#organization","name":"Giornale musicale svizzero","url":"https:\/\/www.musikzeitung.ch\/","logo":{"@type":"ImageObject","inLanguage":"it-IT","@id":"https:\/\/www.musikzeitung.ch\/#\/schema\/logo\/image\/","url":"https:\/\/www.musikzeitung.ch\/wp-content\/uploads\/2023\/01\/SMZ_Schriftzug_Sprache.png","contentUrl":"https:\/\/www.musikzeitung.ch\/wp-content\/uploads\/2023\/01\/SMZ_Schriftzug_Sprache.png","width":1400,"height":279,"caption":"Schweizer Musikzeitung"},"image":{"@id":"https:\/\/www.musikzeitung.ch\/#\/schema\/logo\/image\/"},"sameAs":["https:\/\/www.facebook.com\/SchweizerMusikzeitung\/","https:\/\/x.com\/smusikzeitung","https:\/\/www.instagram.com\/musikzeitung.ch\/"]},{"@type":"Person","@id":"https:\/\/www.musikzeitung.ch\/#\/schema\/person\/0da4fb82d243f1252850a35d0e87cf0c","name":"Wolfgang B\u00f6hler","image":{"@type":"ImageObject","inLanguage":"it-IT","@id":"https:\/\/www.musikzeitung.ch\/wp-content\/uploads\/2023\/01\/boehler_portraet_web-e1674139782246-96x96.jpg","url":"https:\/\/www.musikzeitung.ch\/wp-content\/uploads\/2023\/01\/boehler_portraet_web-e1674139782246-96x96.jpg","contentUrl":"https:\/\/www.musikzeitung.ch\/wp-content\/uploads\/2023\/01\/boehler_portraet_web-e1674139782246-96x96.jpg","caption":"Wolfgang B\u00f6hler"},"sameAs":["http:\/\/www.manacanto.ch","https:\/\/www.facebook.com\/wolfgang.bohler.75"],"url":"https:\/\/www.musikzeitung.ch\/it\/author\/wolfgang-boehler"}]}},"publishpress_future_workflow_manual_trigger":{"enabledWorkflows":[]},"_links":{"self":[{"href":"https:\/\/www.musikzeitung.ch\/it\/wp-json\/wp\/v2\/posts\/67581","targetHints":{"allow":["GET"]}}],"collection":[{"href":"https:\/\/www.musikzeitung.ch\/it\/wp-json\/wp\/v2\/posts"}],"about":[{"href":"https:\/\/www.musikzeitung.ch\/it\/wp-json\/wp\/v2\/types\/post"}],"author":[{"embeddable":true,"href":"https:\/\/www.musikzeitung.ch\/it\/wp-json\/wp\/v2\/users\/30"}],"replies":[{"embeddable":true,"href":"https:\/\/www.musikzeitung.ch\/it\/wp-json\/wp\/v2\/comments?post=67581"}],"version-history":[{"count":3,"href":"https:\/\/www.musikzeitung.ch\/it\/wp-json\/wp\/v2\/posts\/67581\/revisions"}],"predecessor-version":[{"id":67585,"href":"https:\/\/www.musikzeitung.ch\/it\/wp-json\/wp\/v2\/posts\/67581\/revisions\/67585"}],"wp:featuredmedia":[{"embeddable":true,"href":"https:\/\/www.musikzeitung.ch\/it\/wp-json\/wp\/v2\/media\/15640"}],"wp:attachment":[{"href":"https:\/\/www.musikzeitung.ch\/it\/wp-json\/wp\/v2\/media?parent=67581"}],"wp:term":[{"taxonomy":"category","embeddable":true,"href":"https:\/\/www.musikzeitung.ch\/it\/wp-json\/wp\/v2\/categories?post=67581"},{"taxonomy":"post_tag","embeddable":true,"href":"https:\/\/www.musikzeitung.ch\/it\/wp-json\/wp\/v2\/tags?post=67581"}],"curies":[{"name":"wp","href":"https:\/\/api.w.org\/{rel}","templated":true}]}}