{"id":67652,"date":"2025-09-15T08:56:37","date_gmt":"2025-09-15T06:56:37","guid":{"rendered":"https:\/\/www.musikzeitung.ch\/?p=67652"},"modified":"2025-09-15T09:24:35","modified_gmt":"2025-09-15T07:24:35","slug":"tod-des-schweizer-jazz-schlagzeugers-david-elias","status":"publish","type":"post","link":"https:\/\/www.musikzeitung.ch\/it\/news\/2025\/09\/tod-des-schweizer-jazz-schlagzeugers-david-elias","title":{"rendered":"Morte del batterista jazz svizzero David Elias"},"content":{"rendered":"<figure id=\"attachment_67653\" aria-describedby=\"caption-attachment-67653\" style=\"width: 768px\" class=\"wp-caption alignnone\"><img loading=\"lazy\" decoding=\"async\" class=\"size-large wp-image-67653\" src=\"https:\/\/www.musikzeitung.ch\/wp-content\/uploads\/2025\/09\/250915elias-1024x657.jpg\" alt=\"\" width=\"768\" height=\"493\" srcset=\"https:\/\/www.musikzeitung.ch\/wp-content\/uploads\/2025\/09\/250915elias-1024x657.jpg 1024w, https:\/\/www.musikzeitung.ch\/wp-content\/uploads\/2025\/09\/250915elias-300x192.jpg 300w, https:\/\/www.musikzeitung.ch\/wp-content\/uploads\/2025\/09\/250915elias-768x493.jpg 768w, https:\/\/www.musikzeitung.ch\/wp-content\/uploads\/2025\/09\/250915elias-18x12.jpg 18w, https:\/\/www.musikzeitung.ch\/wp-content\/uploads\/2025\/09\/250915elias-273x175.jpg 273w, https:\/\/www.musikzeitung.ch\/wp-content\/uploads\/2025\/09\/250915elias-546x350.jpg 546w, https:\/\/www.musikzeitung.ch\/wp-content\/uploads\/2025\/09\/250915elias-920x590.jpg 920w, https:\/\/www.musikzeitung.ch\/wp-content\/uploads\/2025\/09\/250915elias.jpg 1132w\" sizes=\"auto, (max-width: 768px) 100vw, 768px\" \/><figcaption id=\"caption-attachment-67653\" class=\"wp-caption-text\">Immagine: David Elias, 2022, dal video <a href=\"http:\/\/youtube.com\/watch?v=fmi5DTpthpw\" target=\"_blank\" rel=\"noopener\">youtube.com\/watch?v=fmi5DTpthpw<\/a><\/figcaption><\/figure>\n<p>Secondo il giornalista Daniel Leutenegger, Elias, che vive in Svizzera dal 1968, ha studiato alla Swiss Jazz School di Berna negli anni Ottanta. Ha iniziato la sua carriera con gruppi come lo Swiss Jazz Quintet e la big band di Mani Planzer, con Pony Poindexter e Vince Benedetti in Svizzera, prima di continuare la sua carriera in Germania con Bob Degen e Zipflo Reinhardt. Ha suonato sempre pi\u00f9 spesso in gruppi attorno a Joe Haider, dove ha anche lavorato come insegnante alla Munich Jazz School.<\/p>\n<p>Ha poi lavorato con numerosi musicisti come Archie Shepp, Woody Shaw, Franco Ambrosetti e i Great Guitars feat. Herb Ellis e Charlie Byrd. Inoltre, ha formato il gruppo Friends 4 Friends con Wege W\u00fcthrich, Franz Biffiger e Michel Poffet; ha anche lavorato regolarmente con Max Neissendorfer, Marianna Polistena, Sandy Patton, Theo Kapilidis e gruppi guidati dal chitarrista Stephan Urwyler come Caribey. Pi\u00f9 recentemente, ha lavorato anche con gli Swing Kids, Michel Poffet, Thomas Stampbach e Chantemoiselle e come insegnante di batteria.<\/p>","protected":false},"excerpt":{"rendered":"<p>Secondo una dichiarazione del chitarrista Thomas Stampbach, il batterista jazz svizzero David Elias \u00e8 morto. <\/p>","protected":false},"author":30,"featured_media":67653,"comment_status":"closed","ping_status":"closed","sticky":false,"template":"","format":"standard","meta":{"_acf_changed":false,"_relevanssi_hide_post":"","_relevanssi_hide_content":"","_relevanssi_pin_for_all":"","_relevanssi_pin_keywords":"","_relevanssi_unpin_keywords":"","_relevanssi_related_keywords":"","_relevanssi_related_include_ids":"","_relevanssi_related_exclude_ids":"","_relevanssi_related_no_append":"","_relevanssi_related_not_related":"","_relevanssi_related_posts":"","_relevanssi_noindex_reason":"","pgc_sgb_lightbox_settings":"","footnotes":""},"categories":[27],"tags":[5304],"class_list":["post-67652","post","type-post","status-publish","format-standard","has-post-thumbnail","hentry","category-news","tag-david-elias"],"acf":[],"yoast_head":"<!-- This site is optimized with the Yoast SEO plugin v27.4 - https:\/\/yoast.com\/product\/yoast-seo-wordpress\/ -->\n<title>Tod des Schweizer Jazz-Schlagzeugers David Elias - Schweizer Musikzeitung<\/title>\n<meta name=\"description\" content=\"Laut einer Mitteilung des Gitarristen Thomas Stampbach ist der Schweizer Jazz-Schlagzeuger David Elias gestorben.\" \/>\n<meta name=\"robots\" content=\"index, follow, max-snippet:-1, max-image-preview:large, max-video-preview:-1\" \/>\n<link rel=\"canonical\" href=\"https:\/\/www.musikzeitung.ch\/it\/news\/2025\/09\/tod-des-schweizer-jazz-schlagzeugers-david-elias\/\" \/>\n<meta property=\"og:locale\" content=\"it_IT\" \/>\n<meta property=\"og:type\" content=\"article\" \/>\n<meta property=\"og:title\" content=\"Tod des Schweizer Jazz-Schlagzeugers David Elias - Schweizer Musikzeitung\" \/>\n<meta property=\"og:description\" content=\"Laut einer Mitteilung des Gitarristen Thomas Stampbach ist der Schweizer Jazz-Schlagzeuger David Elias gestorben.\" \/>\n<meta property=\"og:url\" content=\"https:\/\/www.musikzeitung.ch\/it\/news\/2025\/09\/tod-des-schweizer-jazz-schlagzeugers-david-elias\/\" \/>\n<meta property=\"og:site_name\" content=\"Schweizer Musikzeitung\" \/>\n<meta property=\"article:publisher\" content=\"https:\/\/www.facebook.com\/SchweizerMusikzeitung\/\" \/>\n<meta property=\"article:author\" content=\"https:\/\/www.facebook.com\/wolfgang.bohler.75\" \/>\n<meta property=\"article:published_time\" content=\"2025-09-15T06:56:37+00:00\" \/>\n<meta property=\"article:modified_time\" content=\"2025-09-15T07:24:35+00:00\" \/>\n<meta property=\"og:image\" content=\"https:\/\/www.musikzeitung.ch\/wp-content\/uploads\/2025\/09\/250915elias.jpg\" \/>\n\t<meta property=\"og:image:width\" content=\"1132\" \/>\n\t<meta property=\"og:image:height\" content=\"726\" \/>\n\t<meta property=\"og:image:type\" content=\"image\/jpeg\" \/>\n<meta name=\"author\" content=\"Wolfgang B\u00f6hler\" \/>\n<meta name=\"twitter:card\" content=\"summary_large_image\" \/>\n<meta name=\"twitter:creator\" content=\"@smusikzeitung\" \/>\n<meta name=\"twitter:site\" content=\"@smusikzeitung\" \/>\n<meta name=\"twitter:label1\" content=\"Scritto da\" \/>\n\t<meta name=\"twitter:data1\" content=\"Wolfgang B\u00f6hler\" \/>\n\t<meta name=\"twitter:label2\" content=\"Tempo di lettura stimato\" \/>\n\t<meta name=\"twitter:data2\" content=\"2 minuti\" \/>\n<script type=\"application\/ld+json\" class=\"yoast-schema-graph\">{\"@context\":\"https:\\\/\\\/schema.org\",\"@graph\":[{\"@type\":\"Article\",\"@id\":\"https:\\\/\\\/www.musikzeitung.ch\\\/news\\\/2025\\\/09\\\/tod-des-schweizer-jazz-schlagzeugers-david-elias#article\",\"isPartOf\":{\"@id\":\"https:\\\/\\\/www.musikzeitung.ch\\\/news\\\/2025\\\/09\\\/tod-des-schweizer-jazz-schlagzeugers-david-elias\"},\"author\":{\"name\":\"Wolfgang B\u00f6hler\",\"@id\":\"https:\\\/\\\/www.musikzeitung.ch\\\/#\\\/schema\\\/person\\\/0da4fb82d243f1252850a35d0e87cf0c\"},\"headline\":\"Tod des Schweizer Jazz-Schlagzeugers David Elias\",\"datePublished\":\"2025-09-15T06:56:37+00:00\",\"dateModified\":\"2025-09-15T07:24:35+00:00\",\"mainEntityOfPage\":{\"@id\":\"https:\\\/\\\/www.musikzeitung.ch\\\/news\\\/2025\\\/09\\\/tod-des-schweizer-jazz-schlagzeugers-david-elias\"},\"wordCount\":191,\"publisher\":{\"@id\":\"https:\\\/\\\/www.musikzeitung.ch\\\/#organization\"},\"image\":{\"@id\":\"https:\\\/\\\/www.musikzeitung.ch\\\/news\\\/2025\\\/09\\\/tod-des-schweizer-jazz-schlagzeugers-david-elias#primaryimage\"},\"thumbnailUrl\":\"https:\\\/\\\/www.musikzeitung.ch\\\/wp-content\\\/uploads\\\/2025\\\/09\\\/250915elias.jpg\",\"keywords\":[\"David Elias\"],\"articleSection\":[\"News\"],\"inLanguage\":\"it-IT\"},{\"@type\":\"WebPage\",\"@id\":\"https:\\\/\\\/www.musikzeitung.ch\\\/news\\\/2025\\\/09\\\/tod-des-schweizer-jazz-schlagzeugers-david-elias\",\"url\":\"https:\\\/\\\/www.musikzeitung.ch\\\/news\\\/2025\\\/09\\\/tod-des-schweizer-jazz-schlagzeugers-david-elias\",\"name\":\"Tod des Schweizer Jazz-Schlagzeugers David Elias - Schweizer Musikzeitung\",\"isPartOf\":{\"@id\":\"https:\\\/\\\/www.musikzeitung.ch\\\/#website\"},\"primaryImageOfPage\":{\"@id\":\"https:\\\/\\\/www.musikzeitung.ch\\\/news\\\/2025\\\/09\\\/tod-des-schweizer-jazz-schlagzeugers-david-elias#primaryimage\"},\"image\":{\"@id\":\"https:\\\/\\\/www.musikzeitung.ch\\\/news\\\/2025\\\/09\\\/tod-des-schweizer-jazz-schlagzeugers-david-elias#primaryimage\"},\"thumbnailUrl\":\"https:\\\/\\\/www.musikzeitung.ch\\\/wp-content\\\/uploads\\\/2025\\\/09\\\/250915elias.jpg\",\"datePublished\":\"2025-09-15T06:56:37+00:00\",\"dateModified\":\"2025-09-15T07:24:35+00:00\",\"description\":\"Laut einer Mitteilung des Gitarristen Thomas Stampbach ist der Schweizer Jazz-Schlagzeuger David Elias gestorben.\",\"breadcrumb\":{\"@id\":\"https:\\\/\\\/www.musikzeitung.ch\\\/news\\\/2025\\\/09\\\/tod-des-schweizer-jazz-schlagzeugers-david-elias#breadcrumb\"},\"inLanguage\":\"it-IT\",\"potentialAction\":[{\"@type\":\"ReadAction\",\"target\":[\"https:\\\/\\\/www.musikzeitung.ch\\\/news\\\/2025\\\/09\\\/tod-des-schweizer-jazz-schlagzeugers-david-elias\"]}]},{\"@type\":\"ImageObject\",\"inLanguage\":\"it-IT\",\"@id\":\"https:\\\/\\\/www.musikzeitung.ch\\\/news\\\/2025\\\/09\\\/tod-des-schweizer-jazz-schlagzeugers-david-elias#primaryimage\",\"url\":\"https:\\\/\\\/www.musikzeitung.ch\\\/wp-content\\\/uploads\\\/2025\\\/09\\\/250915elias.jpg\",\"contentUrl\":\"https:\\\/\\\/www.musikzeitung.ch\\\/wp-content\\\/uploads\\\/2025\\\/09\\\/250915elias.jpg\",\"width\":1132,\"height\":726,\"caption\":\"Bild: David Elias, 2022, aus dem Video \u00a9 https:\\\/\\\/www.youtube.com\\\/watch?v=fmi5DTpthpw\"},{\"@type\":\"BreadcrumbList\",\"@id\":\"https:\\\/\\\/www.musikzeitung.ch\\\/news\\\/2025\\\/09\\\/tod-des-schweizer-jazz-schlagzeugers-david-elias#breadcrumb\",\"itemListElement\":[{\"@type\":\"ListItem\",\"position\":1,\"name\":\"Home\",\"item\":\"https:\\\/\\\/www.musikzeitung.ch\\\/\"},{\"@type\":\"ListItem\",\"position\":2,\"name\":\"Tod des Schweizer Jazz-Schlagzeugers David Elias\"}]},{\"@type\":\"WebSite\",\"@id\":\"https:\\\/\\\/www.musikzeitung.ch\\\/#website\",\"url\":\"https:\\\/\\\/www.musikzeitung.ch\\\/\",\"name\":\"Schweizer Musikzeitung\",\"description\":\"Die f\u00fchrende sparten\u00fcbergreifende Monatszeitung in der Schweiz f\u00fcr musikalische Fragen.\",\"publisher\":{\"@id\":\"https:\\\/\\\/www.musikzeitung.ch\\\/#organization\"},\"potentialAction\":[{\"@type\":\"SearchAction\",\"target\":{\"@type\":\"EntryPoint\",\"urlTemplate\":\"https:\\\/\\\/www.musikzeitung.ch\\\/?s={search_term_string}\"},\"query-input\":{\"@type\":\"PropertyValueSpecification\",\"valueRequired\":true,\"valueName\":\"search_term_string\"}}],\"inLanguage\":\"it-IT\"},{\"@type\":\"Organization\",\"@id\":\"https:\\\/\\\/www.musikzeitung.ch\\\/#organization\",\"name\":\"Schweizer Musikzeitung\",\"url\":\"https:\\\/\\\/www.musikzeitung.ch\\\/\",\"logo\":{\"@type\":\"ImageObject\",\"inLanguage\":\"it-IT\",\"@id\":\"https:\\\/\\\/www.musikzeitung.ch\\\/#\\\/schema\\\/logo\\\/image\\\/\",\"url\":\"https:\\\/\\\/www.musikzeitung.ch\\\/wp-content\\\/uploads\\\/2023\\\/01\\\/SMZ_Schriftzug_Sprache.png\",\"contentUrl\":\"https:\\\/\\\/www.musikzeitung.ch\\\/wp-content\\\/uploads\\\/2023\\\/01\\\/SMZ_Schriftzug_Sprache.png\",\"width\":1400,\"height\":279,\"caption\":\"Schweizer Musikzeitung\"},\"image\":{\"@id\":\"https:\\\/\\\/www.musikzeitung.ch\\\/#\\\/schema\\\/logo\\\/image\\\/\"},\"sameAs\":[\"https:\\\/\\\/www.facebook.com\\\/SchweizerMusikzeitung\\\/\",\"https:\\\/\\\/x.com\\\/smusikzeitung\",\"https:\\\/\\\/www.instagram.com\\\/musikzeitung.ch\\\/\"]},{\"@type\":\"Person\",\"@id\":\"https:\\\/\\\/www.musikzeitung.ch\\\/#\\\/schema\\\/person\\\/0da4fb82d243f1252850a35d0e87cf0c\",\"name\":\"Wolfgang B\u00f6hler\",\"image\":{\"@type\":\"ImageObject\",\"inLanguage\":\"it-IT\",\"@id\":\"https:\\\/\\\/www.musikzeitung.ch\\\/wp-content\\\/uploads\\\/2023\\\/01\\\/boehler_portraet_web-e1674139782246-96x96.jpg\",\"url\":\"https:\\\/\\\/www.musikzeitung.ch\\\/wp-content\\\/uploads\\\/2023\\\/01\\\/boehler_portraet_web-e1674139782246-96x96.jpg\",\"contentUrl\":\"https:\\\/\\\/www.musikzeitung.ch\\\/wp-content\\\/uploads\\\/2023\\\/01\\\/boehler_portraet_web-e1674139782246-96x96.jpg\",\"caption\":\"Wolfgang B\u00f6hler\"},\"sameAs\":[\"http:\\\/\\\/www.manacanto.ch\",\"https:\\\/\\\/www.facebook.com\\\/wolfgang.bohler.75\"],\"url\":\"https:\\\/\\\/www.musikzeitung.ch\\\/it\\\/author\\\/wolfgang-boehler\"}]}<\/script>\n<!-- \/ Yoast SEO plugin. -->","yoast_head_json":{"title":"Morte del batterista jazz svizzero David Elias - Schweizer Musikzeitung","description":"Secondo una dichiarazione del chitarrista Thomas Stampbach, il batterista jazz svizzero David Elias \u00e8 morto.","robots":{"index":"index","follow":"follow","max-snippet":"max-snippet:-1","max-image-preview":"max-image-preview:large","max-video-preview":"max-video-preview:-1"},"canonical":"https:\/\/www.musikzeitung.ch\/it\/news\/2025\/09\/tod-des-schweizer-jazz-schlagzeugers-david-elias\/","og_locale":"it_IT","og_type":"article","og_title":"Tod des Schweizer Jazz-Schlagzeugers David Elias - Schweizer Musikzeitung","og_description":"Laut einer Mitteilung des Gitarristen Thomas Stampbach ist der Schweizer Jazz-Schlagzeuger David Elias gestorben.","og_url":"https:\/\/www.musikzeitung.ch\/it\/news\/2025\/09\/tod-des-schweizer-jazz-schlagzeugers-david-elias\/","og_site_name":"Schweizer Musikzeitung","article_publisher":"https:\/\/www.facebook.com\/SchweizerMusikzeitung\/","article_author":"https:\/\/www.facebook.com\/wolfgang.bohler.75","article_published_time":"2025-09-15T06:56:37+00:00","article_modified_time":"2025-09-15T07:24:35+00:00","og_image":[{"width":1132,"height":726,"url":"https:\/\/www.musikzeitung.ch\/wp-content\/uploads\/2025\/09\/250915elias.jpg","type":"image\/jpeg"}],"author":"Wolfgang B\u00f6hler","twitter_card":"summary_large_image","twitter_creator":"@smusikzeitung","twitter_site":"@smusikzeitung","twitter_misc":{"Scritto da":"Wolfgang B\u00f6hler","Tempo di lettura stimato":"2 minuti"},"schema":{"@context":"https:\/\/schema.org","@graph":[{"@type":"Article","@id":"https:\/\/www.musikzeitung.ch\/news\/2025\/09\/tod-des-schweizer-jazz-schlagzeugers-david-elias#article","isPartOf":{"@id":"https:\/\/www.musikzeitung.ch\/news\/2025\/09\/tod-des-schweizer-jazz-schlagzeugers-david-elias"},"author":{"name":"Wolfgang B\u00f6hler","@id":"https:\/\/www.musikzeitung.ch\/#\/schema\/person\/0da4fb82d243f1252850a35d0e87cf0c"},"headline":"Tod des Schweizer Jazz-Schlagzeugers David Elias","datePublished":"2025-09-15T06:56:37+00:00","dateModified":"2025-09-15T07:24:35+00:00","mainEntityOfPage":{"@id":"https:\/\/www.musikzeitung.ch\/news\/2025\/09\/tod-des-schweizer-jazz-schlagzeugers-david-elias"},"wordCount":191,"publisher":{"@id":"https:\/\/www.musikzeitung.ch\/#organization"},"image":{"@id":"https:\/\/www.musikzeitung.ch\/news\/2025\/09\/tod-des-schweizer-jazz-schlagzeugers-david-elias#primaryimage"},"thumbnailUrl":"https:\/\/www.musikzeitung.ch\/wp-content\/uploads\/2025\/09\/250915elias.jpg","keywords":["David Elias"],"articleSection":["News"],"inLanguage":"it-IT"},{"@type":"WebPage","@id":"https:\/\/www.musikzeitung.ch\/news\/2025\/09\/tod-des-schweizer-jazz-schlagzeugers-david-elias","url":"https:\/\/www.musikzeitung.ch\/news\/2025\/09\/tod-des-schweizer-jazz-schlagzeugers-david-elias","name":"Morte del batterista jazz svizzero David Elias - Schweizer Musikzeitung","isPartOf":{"@id":"https:\/\/www.musikzeitung.ch\/#website"},"primaryImageOfPage":{"@id":"https:\/\/www.musikzeitung.ch\/news\/2025\/09\/tod-des-schweizer-jazz-schlagzeugers-david-elias#primaryimage"},"image":{"@id":"https:\/\/www.musikzeitung.ch\/news\/2025\/09\/tod-des-schweizer-jazz-schlagzeugers-david-elias#primaryimage"},"thumbnailUrl":"https:\/\/www.musikzeitung.ch\/wp-content\/uploads\/2025\/09\/250915elias.jpg","datePublished":"2025-09-15T06:56:37+00:00","dateModified":"2025-09-15T07:24:35+00:00","description":"Secondo una dichiarazione del chitarrista Thomas Stampbach, il batterista jazz svizzero David Elias \u00e8 morto.","breadcrumb":{"@id":"https:\/\/www.musikzeitung.ch\/news\/2025\/09\/tod-des-schweizer-jazz-schlagzeugers-david-elias#breadcrumb"},"inLanguage":"it-IT","potentialAction":[{"@type":"ReadAction","target":["https:\/\/www.musikzeitung.ch\/news\/2025\/09\/tod-des-schweizer-jazz-schlagzeugers-david-elias"]}]},{"@type":"ImageObject","inLanguage":"it-IT","@id":"https:\/\/www.musikzeitung.ch\/news\/2025\/09\/tod-des-schweizer-jazz-schlagzeugers-david-elias#primaryimage","url":"https:\/\/www.musikzeitung.ch\/wp-content\/uploads\/2025\/09\/250915elias.jpg","contentUrl":"https:\/\/www.musikzeitung.ch\/wp-content\/uploads\/2025\/09\/250915elias.jpg","width":1132,"height":726,"caption":"Bild: David Elias, 2022, aus dem Video \u00a9 https:\/\/www.youtube.com\/watch?v=fmi5DTpthpw"},{"@type":"BreadcrumbList","@id":"https:\/\/www.musikzeitung.ch\/news\/2025\/09\/tod-des-schweizer-jazz-schlagzeugers-david-elias#breadcrumb","itemListElement":[{"@type":"ListItem","position":1,"name":"Home","item":"https:\/\/www.musikzeitung.ch\/"},{"@type":"ListItem","position":2,"name":"Tod des Schweizer Jazz-Schlagzeugers David Elias"}]},{"@type":"WebSite","@id":"https:\/\/www.musikzeitung.ch\/#website","url":"https:\/\/www.musikzeitung.ch\/","name":"Giornale musicale svizzero","description":"Il principale mensile interdisciplinare della Svizzera per le questioni musicali.","publisher":{"@id":"https:\/\/www.musikzeitung.ch\/#organization"},"potentialAction":[{"@type":"SearchAction","target":{"@type":"EntryPoint","urlTemplate":"https:\/\/www.musikzeitung.ch\/?s={search_term_string}"},"query-input":{"@type":"PropertyValueSpecification","valueRequired":true,"valueName":"search_term_string"}}],"inLanguage":"it-IT"},{"@type":"Organization","@id":"https:\/\/www.musikzeitung.ch\/#organization","name":"Giornale musicale svizzero","url":"https:\/\/www.musikzeitung.ch\/","logo":{"@type":"ImageObject","inLanguage":"it-IT","@id":"https:\/\/www.musikzeitung.ch\/#\/schema\/logo\/image\/","url":"https:\/\/www.musikzeitung.ch\/wp-content\/uploads\/2023\/01\/SMZ_Schriftzug_Sprache.png","contentUrl":"https:\/\/www.musikzeitung.ch\/wp-content\/uploads\/2023\/01\/SMZ_Schriftzug_Sprache.png","width":1400,"height":279,"caption":"Schweizer Musikzeitung"},"image":{"@id":"https:\/\/www.musikzeitung.ch\/#\/schema\/logo\/image\/"},"sameAs":["https:\/\/www.facebook.com\/SchweizerMusikzeitung\/","https:\/\/x.com\/smusikzeitung","https:\/\/www.instagram.com\/musikzeitung.ch\/"]},{"@type":"Person","@id":"https:\/\/www.musikzeitung.ch\/#\/schema\/person\/0da4fb82d243f1252850a35d0e87cf0c","name":"Wolfgang B\u00f6hler","image":{"@type":"ImageObject","inLanguage":"it-IT","@id":"https:\/\/www.musikzeitung.ch\/wp-content\/uploads\/2023\/01\/boehler_portraet_web-e1674139782246-96x96.jpg","url":"https:\/\/www.musikzeitung.ch\/wp-content\/uploads\/2023\/01\/boehler_portraet_web-e1674139782246-96x96.jpg","contentUrl":"https:\/\/www.musikzeitung.ch\/wp-content\/uploads\/2023\/01\/boehler_portraet_web-e1674139782246-96x96.jpg","caption":"Wolfgang B\u00f6hler"},"sameAs":["http:\/\/www.manacanto.ch","https:\/\/www.facebook.com\/wolfgang.bohler.75"],"url":"https:\/\/www.musikzeitung.ch\/it\/author\/wolfgang-boehler"}]}},"publishpress_future_workflow_manual_trigger":{"enabledWorkflows":[]},"_links":{"self":[{"href":"https:\/\/www.musikzeitung.ch\/it\/wp-json\/wp\/v2\/posts\/67652","targetHints":{"allow":["GET"]}}],"collection":[{"href":"https:\/\/www.musikzeitung.ch\/it\/wp-json\/wp\/v2\/posts"}],"about":[{"href":"https:\/\/www.musikzeitung.ch\/it\/wp-json\/wp\/v2\/types\/post"}],"author":[{"embeddable":true,"href":"https:\/\/www.musikzeitung.ch\/it\/wp-json\/wp\/v2\/users\/30"}],"replies":[{"embeddable":true,"href":"https:\/\/www.musikzeitung.ch\/it\/wp-json\/wp\/v2\/comments?post=67652"}],"version-history":[{"count":4,"href":"https:\/\/www.musikzeitung.ch\/it\/wp-json\/wp\/v2\/posts\/67652\/revisions"}],"predecessor-version":[{"id":67657,"href":"https:\/\/www.musikzeitung.ch\/it\/wp-json\/wp\/v2\/posts\/67652\/revisions\/67657"}],"wp:featuredmedia":[{"embeddable":true,"href":"https:\/\/www.musikzeitung.ch\/it\/wp-json\/wp\/v2\/media\/67653"}],"wp:attachment":[{"href":"https:\/\/www.musikzeitung.ch\/it\/wp-json\/wp\/v2\/media?parent=67652"}],"wp:term":[{"taxonomy":"category","embeddable":true,"href":"https:\/\/www.musikzeitung.ch\/it\/wp-json\/wp\/v2\/categories?post=67652"},{"taxonomy":"post_tag","embeddable":true,"href":"https:\/\/www.musikzeitung.ch\/it\/wp-json\/wp\/v2\/tags?post=67652"}],"curies":[{"name":"wp","href":"https:\/\/api.w.org\/{rel}","templated":true}]}}