{"id":67729,"date":"2025-09-18T06:38:00","date_gmt":"2025-09-18T04:38:00","guid":{"rendered":"https:\/\/www.musikzeitung.ch\/?p=67729"},"modified":"2025-09-18T08:09:01","modified_gmt":"2025-09-18T06:09:01","slug":"david-reiland-verlaesst-metz-2027","status":"publish","type":"post","link":"https:\/\/www.musikzeitung.ch\/it\/news\/2025\/09\/david-reiland-verlaesst-metz-2027","title":{"rendered":"David Reiland lascer\u00e0 il Metz nel 2027"},"content":{"rendered":"<figure id=\"attachment_67730\" aria-describedby=\"caption-attachment-67730\" style=\"width: 768px\" class=\"wp-caption alignnone\"><img loading=\"lazy\" decoding=\"async\" class=\"size-large wp-image-67730\" src=\"https:\/\/www.musikzeitung.ch\/wp-content\/uploads\/2025\/09\/250918reiland-1024x551.jpg\" alt=\"\" width=\"768\" height=\"413\" srcset=\"https:\/\/www.musikzeitung.ch\/wp-content\/uploads\/2025\/09\/250918reiland-1024x551.jpg 1024w, https:\/\/www.musikzeitung.ch\/wp-content\/uploads\/2025\/09\/250918reiland-300x161.jpg 300w, https:\/\/www.musikzeitung.ch\/wp-content\/uploads\/2025\/09\/250918reiland-768x413.jpg 768w, https:\/\/www.musikzeitung.ch\/wp-content\/uploads\/2025\/09\/250918reiland-18x10.jpg 18w, https:\/\/www.musikzeitung.ch\/wp-content\/uploads\/2025\/09\/250918reiland-325x175.jpg 325w, https:\/\/www.musikzeitung.ch\/wp-content\/uploads\/2025\/09\/250918reiland-651x350.jpg 651w, https:\/\/www.musikzeitung.ch\/wp-content\/uploads\/2025\/09\/250918reiland-920x495.jpg 920w, https:\/\/www.musikzeitung.ch\/wp-content\/uploads\/2025\/09\/250918reiland.jpg 1205w\" sizes=\"auto, (max-width: 768px) 100vw, 768px\" \/><figcaption id=\"caption-attachment-67730\" class=\"wp-caption-text\">David Reiland (Immagine: Orchestre national de Metz Grand Est)<\/figcaption><\/figure>\n<p>Il belga Reiland ha plasmato l'orchestra per nove stagioni, scrive la rivista online Pizzicato.lu nel suo comunicato stampa. Fondata nel 1976, l'Orchestre national de Metz Grand Est (precedentemente Orchestre philharmonique de Lorraine, Philharmonie de Lorraine e, fino al 2018, Orchestre national de Lorraine) conta 72 membri ed esegue circa 90 concerti all'anno. Nel 2002 ha ottenuto il marchio \"Orchestre national en r\u00e9gion\" dal Ministero della Cultura francese.<\/p>\n<p>David Reiland \u00e8 stato direttore artistico e musicale dell'Orchester de Chambre du Luxembourg dal 2012 al 2018 e dal 2021 \u00e8 direttore musicale della Korean National Symphony Orchestra. Come primo ospite della Sinfonietta Lausanne e ospite Schumann dell'Orchestra Sinfonica di D\u00fcsseldorf, collabora strettamente con queste orchestre.<\/p>","protected":false},"excerpt":{"rendered":"<p>David Reiland, che \u00e8 direttore ospite principale della Sinfonietta di Losanna, lascer\u00e0 la carica di direttore musicale dell'Orchestre national de Metz Grand Est nel 2027.<\/p>","protected":false},"author":30,"featured_media":67730,"comment_status":"closed","ping_status":"closed","sticky":false,"template":"","format":"standard","meta":{"_acf_changed":false,"_relevanssi_hide_post":"","_relevanssi_hide_content":"","_relevanssi_pin_for_all":"","_relevanssi_pin_keywords":"","_relevanssi_unpin_keywords":"","_relevanssi_related_keywords":"","_relevanssi_related_include_ids":"","_relevanssi_related_exclude_ids":"","_relevanssi_related_no_append":"","_relevanssi_related_not_related":"","_relevanssi_related_posts":"","_relevanssi_noindex_reason":"","pgc_sgb_lightbox_settings":"","footnotes":""},"categories":[27],"tags":[5305,5307,5306],"class_list":["post-67729","post","type-post","status-publish","format-standard","has-post-thumbnail","hentry","category-news","tag-david-reiland","tag-orchestre-national-de-metz-grand-est","tag-sinfonietta-lausanne"],"acf":[],"yoast_head":"<!-- This site is optimized with the Yoast SEO plugin v27.4 - https:\/\/yoast.com\/product\/yoast-seo-wordpress\/ -->\n<title>David Reiland verl\u00e4sst Metz 2027 - Schweizer Musikzeitung<\/title>\n<meta name=\"description\" content=\"David Reiland, erster Gastdirigent bei der Sinfonietta Lausanne, legt 2027 sein Amt als Musikdirektor des Orchestre national de Metz Grand Est nieder.\" \/>\n<meta name=\"robots\" content=\"index, follow, max-snippet:-1, max-image-preview:large, max-video-preview:-1\" \/>\n<link rel=\"canonical\" href=\"https:\/\/www.musikzeitung.ch\/it\/news\/2025\/09\/david-reiland-verlaesst-metz-2027\/\" \/>\n<meta property=\"og:locale\" content=\"it_IT\" \/>\n<meta property=\"og:type\" content=\"article\" \/>\n<meta property=\"og:title\" content=\"David Reiland verl\u00e4sst Metz 2027 - Schweizer Musikzeitung\" \/>\n<meta property=\"og:description\" content=\"David Reiland, erster Gastdirigent bei der Sinfonietta Lausanne, legt 2027 sein Amt als Musikdirektor des Orchestre national de Metz Grand Est nieder.\" \/>\n<meta property=\"og:url\" content=\"https:\/\/www.musikzeitung.ch\/it\/news\/2025\/09\/david-reiland-verlaesst-metz-2027\/\" \/>\n<meta property=\"og:site_name\" content=\"Schweizer Musikzeitung\" \/>\n<meta property=\"article:publisher\" content=\"https:\/\/www.facebook.com\/SchweizerMusikzeitung\/\" \/>\n<meta property=\"article:author\" content=\"https:\/\/www.facebook.com\/wolfgang.bohler.75\" \/>\n<meta property=\"article:published_time\" content=\"2025-09-18T04:38:00+00:00\" \/>\n<meta property=\"article:modified_time\" content=\"2025-09-18T06:09:01+00:00\" \/>\n<meta property=\"og:image\" content=\"https:\/\/www.musikzeitung.ch\/wp-content\/uploads\/2025\/09\/250918reiland.jpg\" \/>\n\t<meta property=\"og:image:width\" content=\"1205\" \/>\n\t<meta property=\"og:image:height\" content=\"648\" \/>\n\t<meta property=\"og:image:type\" content=\"image\/jpeg\" \/>\n<meta name=\"author\" content=\"Wolfgang B\u00f6hler\" \/>\n<meta name=\"twitter:card\" content=\"summary_large_image\" \/>\n<meta name=\"twitter:creator\" content=\"@smusikzeitung\" \/>\n<meta name=\"twitter:site\" content=\"@smusikzeitung\" \/>\n<meta name=\"twitter:label1\" content=\"Scritto da\" \/>\n\t<meta name=\"twitter:data1\" content=\"Wolfgang B\u00f6hler\" \/>\n\t<meta name=\"twitter:label2\" content=\"Tempo di lettura stimato\" \/>\n\t<meta name=\"twitter:data2\" content=\"2 minuti\" \/>\n<script type=\"application\/ld+json\" class=\"yoast-schema-graph\">{\"@context\":\"https:\\\/\\\/schema.org\",\"@graph\":[{\"@type\":\"Article\",\"@id\":\"https:\\\/\\\/www.musikzeitung.ch\\\/news\\\/2025\\\/09\\\/david-reiland-verlaesst-metz-2027#article\",\"isPartOf\":{\"@id\":\"https:\\\/\\\/www.musikzeitung.ch\\\/news\\\/2025\\\/09\\\/david-reiland-verlaesst-metz-2027\"},\"author\":{\"name\":\"Wolfgang B\u00f6hler\",\"@id\":\"https:\\\/\\\/www.musikzeitung.ch\\\/#\\\/schema\\\/person\\\/0da4fb82d243f1252850a35d0e87cf0c\"},\"headline\":\"David Reiland verl\u00e4sst Metz 2027\",\"datePublished\":\"2025-09-18T04:38:00+00:00\",\"dateModified\":\"2025-09-18T06:09:01+00:00\",\"mainEntityOfPage\":{\"@id\":\"https:\\\/\\\/www.musikzeitung.ch\\\/news\\\/2025\\\/09\\\/david-reiland-verlaesst-metz-2027\"},\"wordCount\":132,\"publisher\":{\"@id\":\"https:\\\/\\\/www.musikzeitung.ch\\\/#organization\"},\"image\":{\"@id\":\"https:\\\/\\\/www.musikzeitung.ch\\\/news\\\/2025\\\/09\\\/david-reiland-verlaesst-metz-2027#primaryimage\"},\"thumbnailUrl\":\"https:\\\/\\\/www.musikzeitung.ch\\\/wp-content\\\/uploads\\\/2025\\\/09\\\/250918reiland.jpg\",\"keywords\":[\"David Reiland\",\"Orchestre national de Metz Grand Est\",\"Sinfonietta Lausanne\"],\"articleSection\":[\"News\"],\"inLanguage\":\"it-IT\"},{\"@type\":\"WebPage\",\"@id\":\"https:\\\/\\\/www.musikzeitung.ch\\\/news\\\/2025\\\/09\\\/david-reiland-verlaesst-metz-2027\",\"url\":\"https:\\\/\\\/www.musikzeitung.ch\\\/news\\\/2025\\\/09\\\/david-reiland-verlaesst-metz-2027\",\"name\":\"David Reiland verl\u00e4sst Metz 2027 - Schweizer Musikzeitung\",\"isPartOf\":{\"@id\":\"https:\\\/\\\/www.musikzeitung.ch\\\/#website\"},\"primaryImageOfPage\":{\"@id\":\"https:\\\/\\\/www.musikzeitung.ch\\\/news\\\/2025\\\/09\\\/david-reiland-verlaesst-metz-2027#primaryimage\"},\"image\":{\"@id\":\"https:\\\/\\\/www.musikzeitung.ch\\\/news\\\/2025\\\/09\\\/david-reiland-verlaesst-metz-2027#primaryimage\"},\"thumbnailUrl\":\"https:\\\/\\\/www.musikzeitung.ch\\\/wp-content\\\/uploads\\\/2025\\\/09\\\/250918reiland.jpg\",\"datePublished\":\"2025-09-18T04:38:00+00:00\",\"dateModified\":\"2025-09-18T06:09:01+00:00\",\"description\":\"David Reiland, erster Gastdirigent bei der Sinfonietta Lausanne, legt 2027 sein Amt als Musikdirektor des Orchestre national de Metz Grand Est nieder.\",\"breadcrumb\":{\"@id\":\"https:\\\/\\\/www.musikzeitung.ch\\\/news\\\/2025\\\/09\\\/david-reiland-verlaesst-metz-2027#breadcrumb\"},\"inLanguage\":\"it-IT\",\"potentialAction\":[{\"@type\":\"ReadAction\",\"target\":[\"https:\\\/\\\/www.musikzeitung.ch\\\/news\\\/2025\\\/09\\\/david-reiland-verlaesst-metz-2027\"]}]},{\"@type\":\"ImageObject\",\"inLanguage\":\"it-IT\",\"@id\":\"https:\\\/\\\/www.musikzeitung.ch\\\/news\\\/2025\\\/09\\\/david-reiland-verlaesst-metz-2027#primaryimage\",\"url\":\"https:\\\/\\\/www.musikzeitung.ch\\\/wp-content\\\/uploads\\\/2025\\\/09\\\/250918reiland.jpg\",\"contentUrl\":\"https:\\\/\\\/www.musikzeitung.ch\\\/wp-content\\\/uploads\\\/2025\\\/09\\\/250918reiland.jpg\",\"width\":1205,\"height\":648,\"caption\":\"David Reiland (Bild: Orchestre national de Metz Grand Est)\"},{\"@type\":\"BreadcrumbList\",\"@id\":\"https:\\\/\\\/www.musikzeitung.ch\\\/news\\\/2025\\\/09\\\/david-reiland-verlaesst-metz-2027#breadcrumb\",\"itemListElement\":[{\"@type\":\"ListItem\",\"position\":1,\"name\":\"Home\",\"item\":\"https:\\\/\\\/www.musikzeitung.ch\\\/\"},{\"@type\":\"ListItem\",\"position\":2,\"name\":\"David Reiland verl\u00e4sst Metz 2027\"}]},{\"@type\":\"WebSite\",\"@id\":\"https:\\\/\\\/www.musikzeitung.ch\\\/#website\",\"url\":\"https:\\\/\\\/www.musikzeitung.ch\\\/\",\"name\":\"Schweizer Musikzeitung\",\"description\":\"Die f\u00fchrende sparten\u00fcbergreifende Monatszeitung in der Schweiz f\u00fcr musikalische Fragen.\",\"publisher\":{\"@id\":\"https:\\\/\\\/www.musikzeitung.ch\\\/#organization\"},\"potentialAction\":[{\"@type\":\"SearchAction\",\"target\":{\"@type\":\"EntryPoint\",\"urlTemplate\":\"https:\\\/\\\/www.musikzeitung.ch\\\/?s={search_term_string}\"},\"query-input\":{\"@type\":\"PropertyValueSpecification\",\"valueRequired\":true,\"valueName\":\"search_term_string\"}}],\"inLanguage\":\"it-IT\"},{\"@type\":\"Organization\",\"@id\":\"https:\\\/\\\/www.musikzeitung.ch\\\/#organization\",\"name\":\"Schweizer Musikzeitung\",\"url\":\"https:\\\/\\\/www.musikzeitung.ch\\\/\",\"logo\":{\"@type\":\"ImageObject\",\"inLanguage\":\"it-IT\",\"@id\":\"https:\\\/\\\/www.musikzeitung.ch\\\/#\\\/schema\\\/logo\\\/image\\\/\",\"url\":\"https:\\\/\\\/www.musikzeitung.ch\\\/wp-content\\\/uploads\\\/2023\\\/01\\\/SMZ_Schriftzug_Sprache.png\",\"contentUrl\":\"https:\\\/\\\/www.musikzeitung.ch\\\/wp-content\\\/uploads\\\/2023\\\/01\\\/SMZ_Schriftzug_Sprache.png\",\"width\":1400,\"height\":279,\"caption\":\"Schweizer Musikzeitung\"},\"image\":{\"@id\":\"https:\\\/\\\/www.musikzeitung.ch\\\/#\\\/schema\\\/logo\\\/image\\\/\"},\"sameAs\":[\"https:\\\/\\\/www.facebook.com\\\/SchweizerMusikzeitung\\\/\",\"https:\\\/\\\/x.com\\\/smusikzeitung\",\"https:\\\/\\\/www.instagram.com\\\/musikzeitung.ch\\\/\"]},{\"@type\":\"Person\",\"@id\":\"https:\\\/\\\/www.musikzeitung.ch\\\/#\\\/schema\\\/person\\\/0da4fb82d243f1252850a35d0e87cf0c\",\"name\":\"Wolfgang B\u00f6hler\",\"image\":{\"@type\":\"ImageObject\",\"inLanguage\":\"it-IT\",\"@id\":\"https:\\\/\\\/www.musikzeitung.ch\\\/wp-content\\\/uploads\\\/2023\\\/01\\\/boehler_portraet_web-e1674139782246-96x96.jpg\",\"url\":\"https:\\\/\\\/www.musikzeitung.ch\\\/wp-content\\\/uploads\\\/2023\\\/01\\\/boehler_portraet_web-e1674139782246-96x96.jpg\",\"contentUrl\":\"https:\\\/\\\/www.musikzeitung.ch\\\/wp-content\\\/uploads\\\/2023\\\/01\\\/boehler_portraet_web-e1674139782246-96x96.jpg\",\"caption\":\"Wolfgang B\u00f6hler\"},\"sameAs\":[\"http:\\\/\\\/www.manacanto.ch\",\"https:\\\/\\\/www.facebook.com\\\/wolfgang.bohler.75\"],\"url\":\"https:\\\/\\\/www.musikzeitung.ch\\\/it\\\/author\\\/wolfgang-boehler\"}]}<\/script>\n<!-- \/ Yoast SEO plugin. -->","yoast_head_json":{"title":"David Reiland lascer\u00e0 Metz nel 2027 - Schweizer Musikzeitung","description":"David Reiland, Direttore Principale Ospite della Sinfonietta di Losanna, lascer\u00e0 la carica di Direttore Musicale dell'Orchestre national de Metz Grand Est nel 2027.","robots":{"index":"index","follow":"follow","max-snippet":"max-snippet:-1","max-image-preview":"max-image-preview:large","max-video-preview":"max-video-preview:-1"},"canonical":"https:\/\/www.musikzeitung.ch\/it\/news\/2025\/09\/david-reiland-verlaesst-metz-2027\/","og_locale":"it_IT","og_type":"article","og_title":"David Reiland verl\u00e4sst Metz 2027 - Schweizer Musikzeitung","og_description":"David Reiland, erster Gastdirigent bei der Sinfonietta Lausanne, legt 2027 sein Amt als Musikdirektor des Orchestre national de Metz Grand Est nieder.","og_url":"https:\/\/www.musikzeitung.ch\/it\/news\/2025\/09\/david-reiland-verlaesst-metz-2027\/","og_site_name":"Schweizer Musikzeitung","article_publisher":"https:\/\/www.facebook.com\/SchweizerMusikzeitung\/","article_author":"https:\/\/www.facebook.com\/wolfgang.bohler.75","article_published_time":"2025-09-18T04:38:00+00:00","article_modified_time":"2025-09-18T06:09:01+00:00","og_image":[{"width":1205,"height":648,"url":"https:\/\/www.musikzeitung.ch\/wp-content\/uploads\/2025\/09\/250918reiland.jpg","type":"image\/jpeg"}],"author":"Wolfgang B\u00f6hler","twitter_card":"summary_large_image","twitter_creator":"@smusikzeitung","twitter_site":"@smusikzeitung","twitter_misc":{"Scritto da":"Wolfgang B\u00f6hler","Tempo di lettura stimato":"2 minuti"},"schema":{"@context":"https:\/\/schema.org","@graph":[{"@type":"Article","@id":"https:\/\/www.musikzeitung.ch\/news\/2025\/09\/david-reiland-verlaesst-metz-2027#article","isPartOf":{"@id":"https:\/\/www.musikzeitung.ch\/news\/2025\/09\/david-reiland-verlaesst-metz-2027"},"author":{"name":"Wolfgang B\u00f6hler","@id":"https:\/\/www.musikzeitung.ch\/#\/schema\/person\/0da4fb82d243f1252850a35d0e87cf0c"},"headline":"David Reiland verl\u00e4sst Metz 2027","datePublished":"2025-09-18T04:38:00+00:00","dateModified":"2025-09-18T06:09:01+00:00","mainEntityOfPage":{"@id":"https:\/\/www.musikzeitung.ch\/news\/2025\/09\/david-reiland-verlaesst-metz-2027"},"wordCount":132,"publisher":{"@id":"https:\/\/www.musikzeitung.ch\/#organization"},"image":{"@id":"https:\/\/www.musikzeitung.ch\/news\/2025\/09\/david-reiland-verlaesst-metz-2027#primaryimage"},"thumbnailUrl":"https:\/\/www.musikzeitung.ch\/wp-content\/uploads\/2025\/09\/250918reiland.jpg","keywords":["David Reiland","Orchestre national de Metz Grand Est","Sinfonietta Lausanne"],"articleSection":["News"],"inLanguage":"it-IT"},{"@type":"WebPage","@id":"https:\/\/www.musikzeitung.ch\/news\/2025\/09\/david-reiland-verlaesst-metz-2027","url":"https:\/\/www.musikzeitung.ch\/news\/2025\/09\/david-reiland-verlaesst-metz-2027","name":"David Reiland lascer\u00e0 Metz nel 2027 - Schweizer Musikzeitung","isPartOf":{"@id":"https:\/\/www.musikzeitung.ch\/#website"},"primaryImageOfPage":{"@id":"https:\/\/www.musikzeitung.ch\/news\/2025\/09\/david-reiland-verlaesst-metz-2027#primaryimage"},"image":{"@id":"https:\/\/www.musikzeitung.ch\/news\/2025\/09\/david-reiland-verlaesst-metz-2027#primaryimage"},"thumbnailUrl":"https:\/\/www.musikzeitung.ch\/wp-content\/uploads\/2025\/09\/250918reiland.jpg","datePublished":"2025-09-18T04:38:00+00:00","dateModified":"2025-09-18T06:09:01+00:00","description":"David Reiland, Direttore Principale Ospite della Sinfonietta di Losanna, lascer\u00e0 la carica di Direttore Musicale dell'Orchestre national de Metz Grand Est nel 2027.","breadcrumb":{"@id":"https:\/\/www.musikzeitung.ch\/news\/2025\/09\/david-reiland-verlaesst-metz-2027#breadcrumb"},"inLanguage":"it-IT","potentialAction":[{"@type":"ReadAction","target":["https:\/\/www.musikzeitung.ch\/news\/2025\/09\/david-reiland-verlaesst-metz-2027"]}]},{"@type":"ImageObject","inLanguage":"it-IT","@id":"https:\/\/www.musikzeitung.ch\/news\/2025\/09\/david-reiland-verlaesst-metz-2027#primaryimage","url":"https:\/\/www.musikzeitung.ch\/wp-content\/uploads\/2025\/09\/250918reiland.jpg","contentUrl":"https:\/\/www.musikzeitung.ch\/wp-content\/uploads\/2025\/09\/250918reiland.jpg","width":1205,"height":648,"caption":"David Reiland (Bild: Orchestre national de Metz Grand Est)"},{"@type":"BreadcrumbList","@id":"https:\/\/www.musikzeitung.ch\/news\/2025\/09\/david-reiland-verlaesst-metz-2027#breadcrumb","itemListElement":[{"@type":"ListItem","position":1,"name":"Home","item":"https:\/\/www.musikzeitung.ch\/"},{"@type":"ListItem","position":2,"name":"David Reiland verl\u00e4sst Metz 2027"}]},{"@type":"WebSite","@id":"https:\/\/www.musikzeitung.ch\/#website","url":"https:\/\/www.musikzeitung.ch\/","name":"Giornale musicale svizzero","description":"Il principale mensile interdisciplinare della Svizzera per le questioni musicali.","publisher":{"@id":"https:\/\/www.musikzeitung.ch\/#organization"},"potentialAction":[{"@type":"SearchAction","target":{"@type":"EntryPoint","urlTemplate":"https:\/\/www.musikzeitung.ch\/?s={search_term_string}"},"query-input":{"@type":"PropertyValueSpecification","valueRequired":true,"valueName":"search_term_string"}}],"inLanguage":"it-IT"},{"@type":"Organization","@id":"https:\/\/www.musikzeitung.ch\/#organization","name":"Giornale musicale svizzero","url":"https:\/\/www.musikzeitung.ch\/","logo":{"@type":"ImageObject","inLanguage":"it-IT","@id":"https:\/\/www.musikzeitung.ch\/#\/schema\/logo\/image\/","url":"https:\/\/www.musikzeitung.ch\/wp-content\/uploads\/2023\/01\/SMZ_Schriftzug_Sprache.png","contentUrl":"https:\/\/www.musikzeitung.ch\/wp-content\/uploads\/2023\/01\/SMZ_Schriftzug_Sprache.png","width":1400,"height":279,"caption":"Schweizer Musikzeitung"},"image":{"@id":"https:\/\/www.musikzeitung.ch\/#\/schema\/logo\/image\/"},"sameAs":["https:\/\/www.facebook.com\/SchweizerMusikzeitung\/","https:\/\/x.com\/smusikzeitung","https:\/\/www.instagram.com\/musikzeitung.ch\/"]},{"@type":"Person","@id":"https:\/\/www.musikzeitung.ch\/#\/schema\/person\/0da4fb82d243f1252850a35d0e87cf0c","name":"Wolfgang B\u00f6hler","image":{"@type":"ImageObject","inLanguage":"it-IT","@id":"https:\/\/www.musikzeitung.ch\/wp-content\/uploads\/2023\/01\/boehler_portraet_web-e1674139782246-96x96.jpg","url":"https:\/\/www.musikzeitung.ch\/wp-content\/uploads\/2023\/01\/boehler_portraet_web-e1674139782246-96x96.jpg","contentUrl":"https:\/\/www.musikzeitung.ch\/wp-content\/uploads\/2023\/01\/boehler_portraet_web-e1674139782246-96x96.jpg","caption":"Wolfgang B\u00f6hler"},"sameAs":["http:\/\/www.manacanto.ch","https:\/\/www.facebook.com\/wolfgang.bohler.75"],"url":"https:\/\/www.musikzeitung.ch\/it\/author\/wolfgang-boehler"}]}},"publishpress_future_workflow_manual_trigger":{"enabledWorkflows":[]},"_links":{"self":[{"href":"https:\/\/www.musikzeitung.ch\/it\/wp-json\/wp\/v2\/posts\/67729","targetHints":{"allow":["GET"]}}],"collection":[{"href":"https:\/\/www.musikzeitung.ch\/it\/wp-json\/wp\/v2\/posts"}],"about":[{"href":"https:\/\/www.musikzeitung.ch\/it\/wp-json\/wp\/v2\/types\/post"}],"author":[{"embeddable":true,"href":"https:\/\/www.musikzeitung.ch\/it\/wp-json\/wp\/v2\/users\/30"}],"replies":[{"embeddable":true,"href":"https:\/\/www.musikzeitung.ch\/it\/wp-json\/wp\/v2\/comments?post=67729"}],"version-history":[{"count":4,"href":"https:\/\/www.musikzeitung.ch\/it\/wp-json\/wp\/v2\/posts\/67729\/revisions"}],"predecessor-version":[{"id":67734,"href":"https:\/\/www.musikzeitung.ch\/it\/wp-json\/wp\/v2\/posts\/67729\/revisions\/67734"}],"wp:featuredmedia":[{"embeddable":true,"href":"https:\/\/www.musikzeitung.ch\/it\/wp-json\/wp\/v2\/media\/67730"}],"wp:attachment":[{"href":"https:\/\/www.musikzeitung.ch\/it\/wp-json\/wp\/v2\/media?parent=67729"}],"wp:term":[{"taxonomy":"category","embeddable":true,"href":"https:\/\/www.musikzeitung.ch\/it\/wp-json\/wp\/v2\/categories?post=67729"},{"taxonomy":"post_tag","embeddable":true,"href":"https:\/\/www.musikzeitung.ch\/it\/wp-json\/wp\/v2\/tags?post=67729"}],"curies":[{"name":"wp","href":"https:\/\/api.w.org\/{rel}","templated":true}]}}