{"id":67912,"date":"2025-09-29T10:00:40","date_gmt":"2025-09-29T08:00:40","guid":{"rendered":"https:\/\/www.musikzeitung.ch\/?p=67912"},"modified":"2025-09-30T10:00:51","modified_gmt":"2025-09-30T08:00:51","slug":"elias-grandy-uebernimmt-prager-radio-symphonieorchester","status":"publish","type":"post","link":"https:\/\/www.musikzeitung.ch\/it\/news\/2025\/09\/elias-grandy-uebernimmt-prager-radio-symphonieorchester","title":{"rendered":"Elias Grandy assume la direzione dell'Orchestra Sinfonica della Radio di Praga"},"content":{"rendered":"<figure id=\"attachment_67915\" aria-describedby=\"caption-attachment-67915\" style=\"width: 889px\" class=\"wp-caption alignnone\"><img loading=\"lazy\" decoding=\"async\" class=\"size-full wp-image-67915\" src=\"https:\/\/www.musikzeitung.ch\/wp-content\/uploads\/2025\/09\/250929grandy.jpg\" alt=\"\" width=\"889\" height=\"639\" srcset=\"https:\/\/www.musikzeitung.ch\/wp-content\/uploads\/2025\/09\/250929grandy.jpg 889w, https:\/\/www.musikzeitung.ch\/wp-content\/uploads\/2025\/09\/250929grandy-300x216.jpg 300w, https:\/\/www.musikzeitung.ch\/wp-content\/uploads\/2025\/09\/250929grandy-768x552.jpg 768w, https:\/\/www.musikzeitung.ch\/wp-content\/uploads\/2025\/09\/250929grandy-18x12.jpg 18w, https:\/\/www.musikzeitung.ch\/wp-content\/uploads\/2025\/09\/250929grandy-243x175.jpg 243w, https:\/\/www.musikzeitung.ch\/wp-content\/uploads\/2025\/09\/250929grandy-487x350.jpg 487w\" sizes=\"auto, (max-width: 889px) 100vw, 889px\" \/><figcaption id=\"caption-attachment-67915\" class=\"wp-caption-text\">Elias Grandy (Immagine: Felix Broede)<\/figcaption><\/figure>\n<p>Nato a Monaco di Baviera da genitori tedesco-giapponesi, ha studiato violoncello, teoria musicale e musica da camera a Basilea e Monaco di Baviera e successivamente direzione d'orchestra all'Accademia di Musica Hanns Eisler di Berlino. Ha iniziato la sua carriera come Kapellmeister allo Staatstheater Darmstadt; nel 2015 \u00e8 stato premiato al Sir Georg Solti International Conducting Competition. Dal 2025 \u00e8 direttore principale dell'Orchestra Sinfonica di Sapporo, dopo aver ricoperto per otto anni il ruolo di direttore musicale generale del Teatro e dell'Orchestra di Heidelberg.<\/p>\n<p>Fondata nel 1952, l'Orchestra Sinfonica della Radio di Praga \u00e8 una delle pi\u00f9 importanti orchestre della Repubblica Ceca. Con sede nella capitale, offre concerti in abbonamento in sedi quali la Sala Dvo\u0159\u00e1k del Rudolfinum, la Sala Smetana della Casa Municipale di Praga e la Cappella di Betlemme. Le registrazioni dell'orchestra sono state premiate con il Gramophone Award e l'And\u011bl Award.<\/p>","protected":false},"excerpt":{"rendered":"<p>Elias Grandy diventer\u00e0 il nuovo direttore principale e direttore artistico dell'Orchestra Sinfonica della Radio di Praga (PRSO). Succede a Petr Popelka, che ha guidato l'orchestra dal 2022.<\/p>","protected":false},"author":30,"featured_media":67915,"comment_status":"closed","ping_status":"closed","sticky":false,"template":"","format":"standard","meta":{"_acf_changed":false,"_relevanssi_hide_post":"","_relevanssi_hide_content":"","_relevanssi_pin_for_all":"","_relevanssi_pin_keywords":"","_relevanssi_unpin_keywords":"","_relevanssi_related_keywords":"","_relevanssi_related_include_ids":"","_relevanssi_related_exclude_ids":"","_relevanssi_related_no_append":"","_relevanssi_related_not_related":"","_relevanssi_related_posts":"","_relevanssi_noindex_reason":"","pgc_sgb_lightbox_settings":"","footnotes":""},"categories":[27],"tags":[3133,5324],"class_list":["post-67912","post","type-post","status-publish","format-standard","has-post-thumbnail","hentry","category-news","tag-elias-grandy","tag-prager-radio-symphonieorchester"],"acf":[],"yoast_head":"<!-- This site is optimized with the Yoast SEO plugin v27.4 - https:\/\/yoast.com\/product\/yoast-seo-wordpress\/ -->\n<title>Elias Grandy \u00fcbernimmt Prager Radio-Symphonieorchester - Schweizer Musikzeitung<\/title>\n<meta name=\"description\" content=\"Elias Grandy wird neuer Chefdirigent und K\u00fcnstlerischer Leiter des Prager Radio-Symphonieorchesters (PRSO). Er folgt in dem Amt auf Petr Popelka.\" \/>\n<meta name=\"robots\" content=\"index, follow, max-snippet:-1, max-image-preview:large, max-video-preview:-1\" \/>\n<link rel=\"canonical\" href=\"https:\/\/www.musikzeitung.ch\/it\/news\/2025\/09\/elias-grandy-uebernimmt-prager-radio-symphonieorchester\/\" \/>\n<meta property=\"og:locale\" content=\"it_IT\" \/>\n<meta property=\"og:type\" content=\"article\" \/>\n<meta property=\"og:title\" content=\"Elias Grandy \u00fcbernimmt Prager Radio-Symphonieorchester - Schweizer Musikzeitung\" \/>\n<meta property=\"og:description\" content=\"Elias Grandy wird neuer Chefdirigent und K\u00fcnstlerischer Leiter des Prager Radio-Symphonieorchesters (PRSO). Er folgt in dem Amt auf Petr Popelka.\" \/>\n<meta property=\"og:url\" content=\"https:\/\/www.musikzeitung.ch\/it\/news\/2025\/09\/elias-grandy-uebernimmt-prager-radio-symphonieorchester\/\" \/>\n<meta property=\"og:site_name\" content=\"Schweizer Musikzeitung\" \/>\n<meta property=\"article:publisher\" content=\"https:\/\/www.facebook.com\/SchweizerMusikzeitung\/\" \/>\n<meta property=\"article:author\" content=\"https:\/\/www.facebook.com\/wolfgang.bohler.75\" \/>\n<meta property=\"article:published_time\" content=\"2025-09-29T08:00:40+00:00\" \/>\n<meta property=\"article:modified_time\" content=\"2025-09-30T08:00:51+00:00\" \/>\n<meta property=\"og:image\" content=\"https:\/\/www.musikzeitung.ch\/wp-content\/uploads\/2025\/09\/250929grandy.jpg\" \/>\n\t<meta property=\"og:image:width\" content=\"889\" \/>\n\t<meta property=\"og:image:height\" content=\"639\" \/>\n\t<meta property=\"og:image:type\" content=\"image\/jpeg\" \/>\n<meta name=\"author\" content=\"Wolfgang B\u00f6hler\" \/>\n<meta name=\"twitter:card\" content=\"summary_large_image\" \/>\n<meta name=\"twitter:creator\" content=\"@smusikzeitung\" \/>\n<meta name=\"twitter:site\" content=\"@smusikzeitung\" \/>\n<meta name=\"twitter:label1\" content=\"Scritto da\" \/>\n\t<meta name=\"twitter:data1\" content=\"Wolfgang B\u00f6hler\" \/>\n\t<meta name=\"twitter:label2\" content=\"Tempo di lettura stimato\" \/>\n\t<meta name=\"twitter:data2\" content=\"2 minuti\" \/>\n<script type=\"application\/ld+json\" class=\"yoast-schema-graph\">{\"@context\":\"https:\\\/\\\/schema.org\",\"@graph\":[{\"@type\":\"Article\",\"@id\":\"https:\\\/\\\/www.musikzeitung.ch\\\/news\\\/2025\\\/09\\\/elias-grandy-uebernimmt-prager-radio-symphonieorchester#article\",\"isPartOf\":{\"@id\":\"https:\\\/\\\/www.musikzeitung.ch\\\/news\\\/2025\\\/09\\\/elias-grandy-uebernimmt-prager-radio-symphonieorchester\"},\"author\":{\"name\":\"Wolfgang B\u00f6hler\",\"@id\":\"https:\\\/\\\/www.musikzeitung.ch\\\/#\\\/schema\\\/person\\\/0da4fb82d243f1252850a35d0e87cf0c\"},\"headline\":\"Elias Grandy \u00fcbernimmt Prager Radio-Symphonieorchester\",\"datePublished\":\"2025-09-29T08:00:40+00:00\",\"dateModified\":\"2025-09-30T08:00:51+00:00\",\"mainEntityOfPage\":{\"@id\":\"https:\\\/\\\/www.musikzeitung.ch\\\/news\\\/2025\\\/09\\\/elias-grandy-uebernimmt-prager-radio-symphonieorchester\"},\"wordCount\":141,\"publisher\":{\"@id\":\"https:\\\/\\\/www.musikzeitung.ch\\\/#organization\"},\"image\":{\"@id\":\"https:\\\/\\\/www.musikzeitung.ch\\\/news\\\/2025\\\/09\\\/elias-grandy-uebernimmt-prager-radio-symphonieorchester#primaryimage\"},\"thumbnailUrl\":\"https:\\\/\\\/www.musikzeitung.ch\\\/wp-content\\\/uploads\\\/2025\\\/09\\\/250929grandy.jpg\",\"keywords\":[\"Elias Grandy\",\"Prager Radio-Symphonieorchester\"],\"articleSection\":[\"News\"],\"inLanguage\":\"it-IT\"},{\"@type\":\"WebPage\",\"@id\":\"https:\\\/\\\/www.musikzeitung.ch\\\/news\\\/2025\\\/09\\\/elias-grandy-uebernimmt-prager-radio-symphonieorchester\",\"url\":\"https:\\\/\\\/www.musikzeitung.ch\\\/news\\\/2025\\\/09\\\/elias-grandy-uebernimmt-prager-radio-symphonieorchester\",\"name\":\"Elias Grandy \u00fcbernimmt Prager Radio-Symphonieorchester - Schweizer Musikzeitung\",\"isPartOf\":{\"@id\":\"https:\\\/\\\/www.musikzeitung.ch\\\/#website\"},\"primaryImageOfPage\":{\"@id\":\"https:\\\/\\\/www.musikzeitung.ch\\\/news\\\/2025\\\/09\\\/elias-grandy-uebernimmt-prager-radio-symphonieorchester#primaryimage\"},\"image\":{\"@id\":\"https:\\\/\\\/www.musikzeitung.ch\\\/news\\\/2025\\\/09\\\/elias-grandy-uebernimmt-prager-radio-symphonieorchester#primaryimage\"},\"thumbnailUrl\":\"https:\\\/\\\/www.musikzeitung.ch\\\/wp-content\\\/uploads\\\/2025\\\/09\\\/250929grandy.jpg\",\"datePublished\":\"2025-09-29T08:00:40+00:00\",\"dateModified\":\"2025-09-30T08:00:51+00:00\",\"description\":\"Elias Grandy wird neuer Chefdirigent und K\u00fcnstlerischer Leiter des Prager Radio-Symphonieorchesters (PRSO). Er folgt in dem Amt auf Petr Popelka.\",\"breadcrumb\":{\"@id\":\"https:\\\/\\\/www.musikzeitung.ch\\\/news\\\/2025\\\/09\\\/elias-grandy-uebernimmt-prager-radio-symphonieorchester#breadcrumb\"},\"inLanguage\":\"it-IT\",\"potentialAction\":[{\"@type\":\"ReadAction\",\"target\":[\"https:\\\/\\\/www.musikzeitung.ch\\\/news\\\/2025\\\/09\\\/elias-grandy-uebernimmt-prager-radio-symphonieorchester\"]}]},{\"@type\":\"ImageObject\",\"inLanguage\":\"it-IT\",\"@id\":\"https:\\\/\\\/www.musikzeitung.ch\\\/news\\\/2025\\\/09\\\/elias-grandy-uebernimmt-prager-radio-symphonieorchester#primaryimage\",\"url\":\"https:\\\/\\\/www.musikzeitung.ch\\\/wp-content\\\/uploads\\\/2025\\\/09\\\/250929grandy.jpg\",\"contentUrl\":\"https:\\\/\\\/www.musikzeitung.ch\\\/wp-content\\\/uploads\\\/2025\\\/09\\\/250929grandy.jpg\",\"width\":889,\"height\":639,\"caption\":\"Elias Grandy (Bild: Felix Broede)\"},{\"@type\":\"BreadcrumbList\",\"@id\":\"https:\\\/\\\/www.musikzeitung.ch\\\/news\\\/2025\\\/09\\\/elias-grandy-uebernimmt-prager-radio-symphonieorchester#breadcrumb\",\"itemListElement\":[{\"@type\":\"ListItem\",\"position\":1,\"name\":\"Home\",\"item\":\"https:\\\/\\\/www.musikzeitung.ch\\\/\"},{\"@type\":\"ListItem\",\"position\":2,\"name\":\"Elias Grandy \u00fcbernimmt Prager Radio-Symphonieorchester\"}]},{\"@type\":\"WebSite\",\"@id\":\"https:\\\/\\\/www.musikzeitung.ch\\\/#website\",\"url\":\"https:\\\/\\\/www.musikzeitung.ch\\\/\",\"name\":\"Schweizer Musikzeitung\",\"description\":\"Die f\u00fchrende sparten\u00fcbergreifende Monatszeitung in der Schweiz f\u00fcr musikalische Fragen.\",\"publisher\":{\"@id\":\"https:\\\/\\\/www.musikzeitung.ch\\\/#organization\"},\"potentialAction\":[{\"@type\":\"SearchAction\",\"target\":{\"@type\":\"EntryPoint\",\"urlTemplate\":\"https:\\\/\\\/www.musikzeitung.ch\\\/?s={search_term_string}\"},\"query-input\":{\"@type\":\"PropertyValueSpecification\",\"valueRequired\":true,\"valueName\":\"search_term_string\"}}],\"inLanguage\":\"it-IT\"},{\"@type\":\"Organization\",\"@id\":\"https:\\\/\\\/www.musikzeitung.ch\\\/#organization\",\"name\":\"Schweizer Musikzeitung\",\"url\":\"https:\\\/\\\/www.musikzeitung.ch\\\/\",\"logo\":{\"@type\":\"ImageObject\",\"inLanguage\":\"it-IT\",\"@id\":\"https:\\\/\\\/www.musikzeitung.ch\\\/#\\\/schema\\\/logo\\\/image\\\/\",\"url\":\"https:\\\/\\\/www.musikzeitung.ch\\\/wp-content\\\/uploads\\\/2023\\\/01\\\/SMZ_Schriftzug_Sprache.png\",\"contentUrl\":\"https:\\\/\\\/www.musikzeitung.ch\\\/wp-content\\\/uploads\\\/2023\\\/01\\\/SMZ_Schriftzug_Sprache.png\",\"width\":1400,\"height\":279,\"caption\":\"Schweizer Musikzeitung\"},\"image\":{\"@id\":\"https:\\\/\\\/www.musikzeitung.ch\\\/#\\\/schema\\\/logo\\\/image\\\/\"},\"sameAs\":[\"https:\\\/\\\/www.facebook.com\\\/SchweizerMusikzeitung\\\/\",\"https:\\\/\\\/x.com\\\/smusikzeitung\",\"https:\\\/\\\/www.instagram.com\\\/musikzeitung.ch\\\/\"]},{\"@type\":\"Person\",\"@id\":\"https:\\\/\\\/www.musikzeitung.ch\\\/#\\\/schema\\\/person\\\/0da4fb82d243f1252850a35d0e87cf0c\",\"name\":\"Wolfgang B\u00f6hler\",\"image\":{\"@type\":\"ImageObject\",\"inLanguage\":\"it-IT\",\"@id\":\"https:\\\/\\\/www.musikzeitung.ch\\\/wp-content\\\/uploads\\\/2023\\\/01\\\/boehler_portraet_web-e1674139782246-96x96.jpg\",\"url\":\"https:\\\/\\\/www.musikzeitung.ch\\\/wp-content\\\/uploads\\\/2023\\\/01\\\/boehler_portraet_web-e1674139782246-96x96.jpg\",\"contentUrl\":\"https:\\\/\\\/www.musikzeitung.ch\\\/wp-content\\\/uploads\\\/2023\\\/01\\\/boehler_portraet_web-e1674139782246-96x96.jpg\",\"caption\":\"Wolfgang B\u00f6hler\"},\"sameAs\":[\"http:\\\/\\\/www.manacanto.ch\",\"https:\\\/\\\/www.facebook.com\\\/wolfgang.bohler.75\"],\"url\":\"https:\\\/\\\/www.musikzeitung.ch\\\/it\\\/author\\\/wolfgang-boehler\"}]}<\/script>\n<!-- \/ Yoast SEO plugin. -->","yoast_head_json":{"title":"Elias Grandy assume la direzione dell'Orchestra Sinfonica della Radio di Praga - Schweizer Musikzeitung","description":"Elias Grandy diventer\u00e0 il nuovo direttore principale e direttore artistico dell'Orchestra Sinfonica della Radio di Praga (PRSO). Succede a Petr Popelka in questa posizione.","robots":{"index":"index","follow":"follow","max-snippet":"max-snippet:-1","max-image-preview":"max-image-preview:large","max-video-preview":"max-video-preview:-1"},"canonical":"https:\/\/www.musikzeitung.ch\/it\/news\/2025\/09\/elias-grandy-uebernimmt-prager-radio-symphonieorchester\/","og_locale":"it_IT","og_type":"article","og_title":"Elias Grandy \u00fcbernimmt Prager Radio-Symphonieorchester - Schweizer Musikzeitung","og_description":"Elias Grandy wird neuer Chefdirigent und K\u00fcnstlerischer Leiter des Prager Radio-Symphonieorchesters (PRSO). Er folgt in dem Amt auf Petr Popelka.","og_url":"https:\/\/www.musikzeitung.ch\/it\/news\/2025\/09\/elias-grandy-uebernimmt-prager-radio-symphonieorchester\/","og_site_name":"Schweizer Musikzeitung","article_publisher":"https:\/\/www.facebook.com\/SchweizerMusikzeitung\/","article_author":"https:\/\/www.facebook.com\/wolfgang.bohler.75","article_published_time":"2025-09-29T08:00:40+00:00","article_modified_time":"2025-09-30T08:00:51+00:00","og_image":[{"width":889,"height":639,"url":"https:\/\/www.musikzeitung.ch\/wp-content\/uploads\/2025\/09\/250929grandy.jpg","type":"image\/jpeg"}],"author":"Wolfgang B\u00f6hler","twitter_card":"summary_large_image","twitter_creator":"@smusikzeitung","twitter_site":"@smusikzeitung","twitter_misc":{"Scritto da":"Wolfgang B\u00f6hler","Tempo di lettura stimato":"2 minuti"},"schema":{"@context":"https:\/\/schema.org","@graph":[{"@type":"Article","@id":"https:\/\/www.musikzeitung.ch\/news\/2025\/09\/elias-grandy-uebernimmt-prager-radio-symphonieorchester#article","isPartOf":{"@id":"https:\/\/www.musikzeitung.ch\/news\/2025\/09\/elias-grandy-uebernimmt-prager-radio-symphonieorchester"},"author":{"name":"Wolfgang B\u00f6hler","@id":"https:\/\/www.musikzeitung.ch\/#\/schema\/person\/0da4fb82d243f1252850a35d0e87cf0c"},"headline":"Elias Grandy \u00fcbernimmt Prager Radio-Symphonieorchester","datePublished":"2025-09-29T08:00:40+00:00","dateModified":"2025-09-30T08:00:51+00:00","mainEntityOfPage":{"@id":"https:\/\/www.musikzeitung.ch\/news\/2025\/09\/elias-grandy-uebernimmt-prager-radio-symphonieorchester"},"wordCount":141,"publisher":{"@id":"https:\/\/www.musikzeitung.ch\/#organization"},"image":{"@id":"https:\/\/www.musikzeitung.ch\/news\/2025\/09\/elias-grandy-uebernimmt-prager-radio-symphonieorchester#primaryimage"},"thumbnailUrl":"https:\/\/www.musikzeitung.ch\/wp-content\/uploads\/2025\/09\/250929grandy.jpg","keywords":["Elias Grandy","Prager Radio-Symphonieorchester"],"articleSection":["News"],"inLanguage":"it-IT"},{"@type":"WebPage","@id":"https:\/\/www.musikzeitung.ch\/news\/2025\/09\/elias-grandy-uebernimmt-prager-radio-symphonieorchester","url":"https:\/\/www.musikzeitung.ch\/news\/2025\/09\/elias-grandy-uebernimmt-prager-radio-symphonieorchester","name":"Elias Grandy assume la direzione dell'Orchestra Sinfonica della Radio di Praga - Schweizer Musikzeitung","isPartOf":{"@id":"https:\/\/www.musikzeitung.ch\/#website"},"primaryImageOfPage":{"@id":"https:\/\/www.musikzeitung.ch\/news\/2025\/09\/elias-grandy-uebernimmt-prager-radio-symphonieorchester#primaryimage"},"image":{"@id":"https:\/\/www.musikzeitung.ch\/news\/2025\/09\/elias-grandy-uebernimmt-prager-radio-symphonieorchester#primaryimage"},"thumbnailUrl":"https:\/\/www.musikzeitung.ch\/wp-content\/uploads\/2025\/09\/250929grandy.jpg","datePublished":"2025-09-29T08:00:40+00:00","dateModified":"2025-09-30T08:00:51+00:00","description":"Elias Grandy diventer\u00e0 il nuovo direttore principale e direttore artistico dell'Orchestra Sinfonica della Radio di Praga (PRSO). Succede a Petr Popelka in questa posizione.","breadcrumb":{"@id":"https:\/\/www.musikzeitung.ch\/news\/2025\/09\/elias-grandy-uebernimmt-prager-radio-symphonieorchester#breadcrumb"},"inLanguage":"it-IT","potentialAction":[{"@type":"ReadAction","target":["https:\/\/www.musikzeitung.ch\/news\/2025\/09\/elias-grandy-uebernimmt-prager-radio-symphonieorchester"]}]},{"@type":"ImageObject","inLanguage":"it-IT","@id":"https:\/\/www.musikzeitung.ch\/news\/2025\/09\/elias-grandy-uebernimmt-prager-radio-symphonieorchester#primaryimage","url":"https:\/\/www.musikzeitung.ch\/wp-content\/uploads\/2025\/09\/250929grandy.jpg","contentUrl":"https:\/\/www.musikzeitung.ch\/wp-content\/uploads\/2025\/09\/250929grandy.jpg","width":889,"height":639,"caption":"Elias Grandy (Bild: Felix Broede)"},{"@type":"BreadcrumbList","@id":"https:\/\/www.musikzeitung.ch\/news\/2025\/09\/elias-grandy-uebernimmt-prager-radio-symphonieorchester#breadcrumb","itemListElement":[{"@type":"ListItem","position":1,"name":"Home","item":"https:\/\/www.musikzeitung.ch\/"},{"@type":"ListItem","position":2,"name":"Elias Grandy \u00fcbernimmt Prager Radio-Symphonieorchester"}]},{"@type":"WebSite","@id":"https:\/\/www.musikzeitung.ch\/#website","url":"https:\/\/www.musikzeitung.ch\/","name":"Giornale musicale svizzero","description":"Il principale mensile interdisciplinare della Svizzera per le questioni musicali.","publisher":{"@id":"https:\/\/www.musikzeitung.ch\/#organization"},"potentialAction":[{"@type":"SearchAction","target":{"@type":"EntryPoint","urlTemplate":"https:\/\/www.musikzeitung.ch\/?s={search_term_string}"},"query-input":{"@type":"PropertyValueSpecification","valueRequired":true,"valueName":"search_term_string"}}],"inLanguage":"it-IT"},{"@type":"Organization","@id":"https:\/\/www.musikzeitung.ch\/#organization","name":"Giornale musicale svizzero","url":"https:\/\/www.musikzeitung.ch\/","logo":{"@type":"ImageObject","inLanguage":"it-IT","@id":"https:\/\/www.musikzeitung.ch\/#\/schema\/logo\/image\/","url":"https:\/\/www.musikzeitung.ch\/wp-content\/uploads\/2023\/01\/SMZ_Schriftzug_Sprache.png","contentUrl":"https:\/\/www.musikzeitung.ch\/wp-content\/uploads\/2023\/01\/SMZ_Schriftzug_Sprache.png","width":1400,"height":279,"caption":"Schweizer Musikzeitung"},"image":{"@id":"https:\/\/www.musikzeitung.ch\/#\/schema\/logo\/image\/"},"sameAs":["https:\/\/www.facebook.com\/SchweizerMusikzeitung\/","https:\/\/x.com\/smusikzeitung","https:\/\/www.instagram.com\/musikzeitung.ch\/"]},{"@type":"Person","@id":"https:\/\/www.musikzeitung.ch\/#\/schema\/person\/0da4fb82d243f1252850a35d0e87cf0c","name":"Wolfgang B\u00f6hler","image":{"@type":"ImageObject","inLanguage":"it-IT","@id":"https:\/\/www.musikzeitung.ch\/wp-content\/uploads\/2023\/01\/boehler_portraet_web-e1674139782246-96x96.jpg","url":"https:\/\/www.musikzeitung.ch\/wp-content\/uploads\/2023\/01\/boehler_portraet_web-e1674139782246-96x96.jpg","contentUrl":"https:\/\/www.musikzeitung.ch\/wp-content\/uploads\/2023\/01\/boehler_portraet_web-e1674139782246-96x96.jpg","caption":"Wolfgang B\u00f6hler"},"sameAs":["http:\/\/www.manacanto.ch","https:\/\/www.facebook.com\/wolfgang.bohler.75"],"url":"https:\/\/www.musikzeitung.ch\/it\/author\/wolfgang-boehler"}]}},"publishpress_future_workflow_manual_trigger":{"enabledWorkflows":[]},"_links":{"self":[{"href":"https:\/\/www.musikzeitung.ch\/it\/wp-json\/wp\/v2\/posts\/67912","targetHints":{"allow":["GET"]}}],"collection":[{"href":"https:\/\/www.musikzeitung.ch\/it\/wp-json\/wp\/v2\/posts"}],"about":[{"href":"https:\/\/www.musikzeitung.ch\/it\/wp-json\/wp\/v2\/types\/post"}],"author":[{"embeddable":true,"href":"https:\/\/www.musikzeitung.ch\/it\/wp-json\/wp\/v2\/users\/30"}],"replies":[{"embeddable":true,"href":"https:\/\/www.musikzeitung.ch\/it\/wp-json\/wp\/v2\/comments?post=67912"}],"version-history":[{"count":4,"href":"https:\/\/www.musikzeitung.ch\/it\/wp-json\/wp\/v2\/posts\/67912\/revisions"}],"predecessor-version":[{"id":67941,"href":"https:\/\/www.musikzeitung.ch\/it\/wp-json\/wp\/v2\/posts\/67912\/revisions\/67941"}],"wp:featuredmedia":[{"embeddable":true,"href":"https:\/\/www.musikzeitung.ch\/it\/wp-json\/wp\/v2\/media\/67915"}],"wp:attachment":[{"href":"https:\/\/www.musikzeitung.ch\/it\/wp-json\/wp\/v2\/media?parent=67912"}],"wp:term":[{"taxonomy":"category","embeddable":true,"href":"https:\/\/www.musikzeitung.ch\/it\/wp-json\/wp\/v2\/categories?post=67912"},{"taxonomy":"post_tag","embeddable":true,"href":"https:\/\/www.musikzeitung.ch\/it\/wp-json\/wp\/v2\/tags?post=67912"}],"curies":[{"name":"wp","href":"https:\/\/api.w.org\/{rel}","templated":true}]}}