{"id":67979,"date":"2025-10-01T06:08:05","date_gmt":"2025-10-01T04:08:05","guid":{"rendered":"https:\/\/www.musikzeitung.ch\/?p=67979"},"modified":"2025-10-01T08:24:08","modified_gmt":"2025-10-01T06:24:08","slug":"alessandra-muenger-gewinnt-reinl-harfenwettbewerb","status":"publish","type":"post","link":"https:\/\/www.musikzeitung.ch\/it\/news\/2025\/10\/alessandra-muenger-gewinnt-reinl-harfenwettbewerb","title":{"rendered":"Alessandra M\u00fcnger vince il concorso per arpa Reinl"},"content":{"rendered":"<figure id=\"attachment_67980\" aria-describedby=\"caption-attachment-67980\" style=\"width: 768px\" class=\"wp-caption alignnone\"><img loading=\"lazy\" decoding=\"async\" class=\"size-large wp-image-67980\" src=\"https:\/\/www.musikzeitung.ch\/wp-content\/uploads\/2025\/10\/251010harfe-1024x684.jpg\" alt=\"\" width=\"768\" height=\"513\" srcset=\"https:\/\/www.musikzeitung.ch\/wp-content\/uploads\/2025\/10\/251010harfe-1024x684.jpg 1024w, https:\/\/www.musikzeitung.ch\/wp-content\/uploads\/2025\/10\/251010harfe-300x200.jpg 300w, https:\/\/www.musikzeitung.ch\/wp-content\/uploads\/2025\/10\/251010harfe-600x400.jpg 600w, https:\/\/www.musikzeitung.ch\/wp-content\/uploads\/2025\/10\/251010harfe-768x513.jpg 768w, https:\/\/www.musikzeitung.ch\/wp-content\/uploads\/2025\/10\/251010harfe-18x12.jpg 18w, https:\/\/www.musikzeitung.ch\/wp-content\/uploads\/2025\/10\/251010harfe-262x175.jpg 262w, https:\/\/www.musikzeitung.ch\/wp-content\/uploads\/2025\/10\/251010harfe-524x350.jpg 524w, https:\/\/www.musikzeitung.ch\/wp-content\/uploads\/2025\/10\/251010harfe-920x614.jpg 920w, https:\/\/www.musikzeitung.ch\/wp-content\/uploads\/2025\/10\/251010harfe.jpg 1060w\" sizes=\"auto, (max-width: 768px) 100vw, 768px\" \/><figcaption id=\"caption-attachment-67980\" class=\"wp-caption-text\">Alessandra M\u00fcnger (Immagine: Nils Mehr)<\/figcaption><\/figure>\n<p>Alessandra M\u00fcnger suona l'arpa dall'et\u00e0 di sei anni e ha preso lezioni di arpa al Conservatorio di Zurigo dal 2010 al 2022. Nel settembre 2022 ha iniziato il corso di laurea in arpa presso l'Universit\u00e0 delle Arti di Zurigo con Sarah O'Brien, che ha completato con lode nel luglio 2025. Dal settembre 2025 studia per un Master in Performance presso la ZHdK.<\/p>\n<p>Il Concorso Reinl si \u00e8 svolto quest'anno per la ventesima volta. \u00c8 organizzato dalla Fondazione Franz Josef Reinl in collaborazione con l'Universit\u00e0 di Musica e Arti dello Spettacolo di Vienna. Gli altri vincitori sono Lauren Ashley Swain (USA) al secondo posto e Gabriela Dudziak (Polonia) al terzo. Il primo premio \u00e8 dotato di 3000 euro. \u00c8 stato assegnato anche il Premio Reinl per la composizione: Il vincitore \u00e8 Kefal Chen, la cui opera \"Up Skyward\" \u00e8 stata presentata in anteprima al concorso.<\/p>\n<p>&nbsp;<\/p>","protected":false},"excerpt":{"rendered":"<p>Alessandra M\u00fcnger, allieva di Sarah O'Brien all'Universit\u00e0 delle Arti di Zurigo, vince il primo premio al Concorso internazionale di arpa Reinl.<\/p>","protected":false},"author":30,"featured_media":67980,"comment_status":"closed","ping_status":"closed","sticky":false,"template":"","format":"standard","meta":{"_acf_changed":false,"_relevanssi_hide_post":"","_relevanssi_hide_content":"","_relevanssi_pin_for_all":"","_relevanssi_pin_keywords":"","_relevanssi_unpin_keywords":"","_relevanssi_related_keywords":"","_relevanssi_related_include_ids":"","_relevanssi_related_exclude_ids":"","_relevanssi_related_no_append":"","_relevanssi_related_not_related":"","_relevanssi_related_posts":"","_relevanssi_noindex_reason":"","pgc_sgb_lightbox_settings":"","footnotes":""},"categories":[27],"tags":[5328,5329],"class_list":["post-67979","post","type-post","status-publish","format-standard","has-post-thumbnail","hentry","category-news","tag-alexandra-muenger","tag-reinl-wettbewerb"],"acf":[],"yoast_head":"<!-- This site is optimized with the Yoast SEO plugin v27.4 - https:\/\/yoast.com\/product\/yoast-seo-wordpress\/ -->\n<title>Alessandra M\u00fcnger gewinnt Reinl-Harfenwettbewerb - Schweizer Musikzeitung<\/title>\n<meta name=\"description\" content=\"Alessandra M\u00fcnger, Studentin von Sarah O&#039;Brien an der Z\u00fcrcher Hochschule der K\u00fcnste, gewinnt am internationalen Reinl-Harfenwettbewerb den ersten Preis.\" \/>\n<meta name=\"robots\" content=\"index, follow, max-snippet:-1, max-image-preview:large, max-video-preview:-1\" \/>\n<link rel=\"canonical\" href=\"https:\/\/www.musikzeitung.ch\/it\/news\/2025\/10\/alessandra-muenger-gewinnt-reinl-harfenwettbewerb\/\" \/>\n<meta property=\"og:locale\" content=\"it_IT\" \/>\n<meta property=\"og:type\" content=\"article\" \/>\n<meta property=\"og:title\" content=\"Alessandra M\u00fcnger gewinnt Reinl-Harfenwettbewerb - Schweizer Musikzeitung\" \/>\n<meta property=\"og:description\" content=\"Alessandra M\u00fcnger, Studentin von Sarah O&#039;Brien an der Z\u00fcrcher Hochschule der K\u00fcnste, gewinnt am internationalen Reinl-Harfenwettbewerb den ersten Preis.\" \/>\n<meta property=\"og:url\" content=\"https:\/\/www.musikzeitung.ch\/it\/news\/2025\/10\/alessandra-muenger-gewinnt-reinl-harfenwettbewerb\/\" \/>\n<meta property=\"og:site_name\" content=\"Schweizer Musikzeitung\" \/>\n<meta property=\"article:publisher\" content=\"https:\/\/www.facebook.com\/SchweizerMusikzeitung\/\" \/>\n<meta property=\"article:author\" content=\"https:\/\/www.facebook.com\/wolfgang.bohler.75\" \/>\n<meta property=\"article:published_time\" content=\"2025-10-01T04:08:05+00:00\" \/>\n<meta property=\"article:modified_time\" content=\"2025-10-01T06:24:08+00:00\" \/>\n<meta property=\"og:image\" content=\"https:\/\/www.musikzeitung.ch\/wp-content\/uploads\/2025\/10\/251010harfe.jpg\" \/>\n\t<meta property=\"og:image:width\" content=\"1060\" \/>\n\t<meta property=\"og:image:height\" content=\"708\" \/>\n\t<meta property=\"og:image:type\" content=\"image\/jpeg\" \/>\n<meta name=\"author\" content=\"Wolfgang B\u00f6hler\" \/>\n<meta name=\"twitter:card\" content=\"summary_large_image\" \/>\n<meta name=\"twitter:creator\" content=\"@smusikzeitung\" \/>\n<meta name=\"twitter:site\" content=\"@smusikzeitung\" \/>\n<meta name=\"twitter:label1\" content=\"Scritto da\" \/>\n\t<meta name=\"twitter:data1\" content=\"Wolfgang B\u00f6hler\" \/>\n\t<meta name=\"twitter:label2\" content=\"Tempo di lettura stimato\" \/>\n\t<meta name=\"twitter:data2\" content=\"2 minuti\" \/>\n<script type=\"application\/ld+json\" class=\"yoast-schema-graph\">{\"@context\":\"https:\\\/\\\/schema.org\",\"@graph\":[{\"@type\":\"Article\",\"@id\":\"https:\\\/\\\/www.musikzeitung.ch\\\/news\\\/2025\\\/10\\\/alessandra-muenger-gewinnt-reinl-harfenwettbewerb#article\",\"isPartOf\":{\"@id\":\"https:\\\/\\\/www.musikzeitung.ch\\\/news\\\/2025\\\/10\\\/alessandra-muenger-gewinnt-reinl-harfenwettbewerb\"},\"author\":{\"name\":\"Wolfgang B\u00f6hler\",\"@id\":\"https:\\\/\\\/www.musikzeitung.ch\\\/#\\\/schema\\\/person\\\/0da4fb82d243f1252850a35d0e87cf0c\"},\"headline\":\"Alessandra M\u00fcnger gewinnt Reinl-Harfenwettbewerb\",\"datePublished\":\"2025-10-01T04:08:05+00:00\",\"dateModified\":\"2025-10-01T06:24:08+00:00\",\"mainEntityOfPage\":{\"@id\":\"https:\\\/\\\/www.musikzeitung.ch\\\/news\\\/2025\\\/10\\\/alessandra-muenger-gewinnt-reinl-harfenwettbewerb\"},\"wordCount\":150,\"publisher\":{\"@id\":\"https:\\\/\\\/www.musikzeitung.ch\\\/#organization\"},\"image\":{\"@id\":\"https:\\\/\\\/www.musikzeitung.ch\\\/news\\\/2025\\\/10\\\/alessandra-muenger-gewinnt-reinl-harfenwettbewerb#primaryimage\"},\"thumbnailUrl\":\"https:\\\/\\\/www.musikzeitung.ch\\\/wp-content\\\/uploads\\\/2025\\\/10\\\/251010harfe.jpg\",\"keywords\":[\"Alexandra M\u00fcnger\",\"Reinl-Wettbewerb\"],\"articleSection\":[\"News\"],\"inLanguage\":\"it-IT\"},{\"@type\":\"WebPage\",\"@id\":\"https:\\\/\\\/www.musikzeitung.ch\\\/news\\\/2025\\\/10\\\/alessandra-muenger-gewinnt-reinl-harfenwettbewerb\",\"url\":\"https:\\\/\\\/www.musikzeitung.ch\\\/news\\\/2025\\\/10\\\/alessandra-muenger-gewinnt-reinl-harfenwettbewerb\",\"name\":\"Alessandra M\u00fcnger gewinnt Reinl-Harfenwettbewerb - Schweizer Musikzeitung\",\"isPartOf\":{\"@id\":\"https:\\\/\\\/www.musikzeitung.ch\\\/#website\"},\"primaryImageOfPage\":{\"@id\":\"https:\\\/\\\/www.musikzeitung.ch\\\/news\\\/2025\\\/10\\\/alessandra-muenger-gewinnt-reinl-harfenwettbewerb#primaryimage\"},\"image\":{\"@id\":\"https:\\\/\\\/www.musikzeitung.ch\\\/news\\\/2025\\\/10\\\/alessandra-muenger-gewinnt-reinl-harfenwettbewerb#primaryimage\"},\"thumbnailUrl\":\"https:\\\/\\\/www.musikzeitung.ch\\\/wp-content\\\/uploads\\\/2025\\\/10\\\/251010harfe.jpg\",\"datePublished\":\"2025-10-01T04:08:05+00:00\",\"dateModified\":\"2025-10-01T06:24:08+00:00\",\"description\":\"Alessandra M\u00fcnger, Studentin von Sarah O'Brien an der Z\u00fcrcher Hochschule der K\u00fcnste, gewinnt am internationalen Reinl-Harfenwettbewerb den ersten Preis.\",\"breadcrumb\":{\"@id\":\"https:\\\/\\\/www.musikzeitung.ch\\\/news\\\/2025\\\/10\\\/alessandra-muenger-gewinnt-reinl-harfenwettbewerb#breadcrumb\"},\"inLanguage\":\"it-IT\",\"potentialAction\":[{\"@type\":\"ReadAction\",\"target\":[\"https:\\\/\\\/www.musikzeitung.ch\\\/news\\\/2025\\\/10\\\/alessandra-muenger-gewinnt-reinl-harfenwettbewerb\"]}]},{\"@type\":\"ImageObject\",\"inLanguage\":\"it-IT\",\"@id\":\"https:\\\/\\\/www.musikzeitung.ch\\\/news\\\/2025\\\/10\\\/alessandra-muenger-gewinnt-reinl-harfenwettbewerb#primaryimage\",\"url\":\"https:\\\/\\\/www.musikzeitung.ch\\\/wp-content\\\/uploads\\\/2025\\\/10\\\/251010harfe.jpg\",\"contentUrl\":\"https:\\\/\\\/www.musikzeitung.ch\\\/wp-content\\\/uploads\\\/2025\\\/10\\\/251010harfe.jpg\",\"width\":1060,\"height\":708,\"caption\":\"Alessandra M\u00fcnger (Bild: Nils Mehr)\"},{\"@type\":\"BreadcrumbList\",\"@id\":\"https:\\\/\\\/www.musikzeitung.ch\\\/news\\\/2025\\\/10\\\/alessandra-muenger-gewinnt-reinl-harfenwettbewerb#breadcrumb\",\"itemListElement\":[{\"@type\":\"ListItem\",\"position\":1,\"name\":\"Home\",\"item\":\"https:\\\/\\\/www.musikzeitung.ch\\\/\"},{\"@type\":\"ListItem\",\"position\":2,\"name\":\"Alessandra M\u00fcnger gewinnt Reinl-Harfenwettbewerb\"}]},{\"@type\":\"WebSite\",\"@id\":\"https:\\\/\\\/www.musikzeitung.ch\\\/#website\",\"url\":\"https:\\\/\\\/www.musikzeitung.ch\\\/\",\"name\":\"Schweizer Musikzeitung\",\"description\":\"Die f\u00fchrende sparten\u00fcbergreifende Monatszeitung in der Schweiz f\u00fcr musikalische Fragen.\",\"publisher\":{\"@id\":\"https:\\\/\\\/www.musikzeitung.ch\\\/#organization\"},\"potentialAction\":[{\"@type\":\"SearchAction\",\"target\":{\"@type\":\"EntryPoint\",\"urlTemplate\":\"https:\\\/\\\/www.musikzeitung.ch\\\/?s={search_term_string}\"},\"query-input\":{\"@type\":\"PropertyValueSpecification\",\"valueRequired\":true,\"valueName\":\"search_term_string\"}}],\"inLanguage\":\"it-IT\"},{\"@type\":\"Organization\",\"@id\":\"https:\\\/\\\/www.musikzeitung.ch\\\/#organization\",\"name\":\"Schweizer Musikzeitung\",\"url\":\"https:\\\/\\\/www.musikzeitung.ch\\\/\",\"logo\":{\"@type\":\"ImageObject\",\"inLanguage\":\"it-IT\",\"@id\":\"https:\\\/\\\/www.musikzeitung.ch\\\/#\\\/schema\\\/logo\\\/image\\\/\",\"url\":\"https:\\\/\\\/www.musikzeitung.ch\\\/wp-content\\\/uploads\\\/2023\\\/01\\\/SMZ_Schriftzug_Sprache.png\",\"contentUrl\":\"https:\\\/\\\/www.musikzeitung.ch\\\/wp-content\\\/uploads\\\/2023\\\/01\\\/SMZ_Schriftzug_Sprache.png\",\"width\":1400,\"height\":279,\"caption\":\"Schweizer Musikzeitung\"},\"image\":{\"@id\":\"https:\\\/\\\/www.musikzeitung.ch\\\/#\\\/schema\\\/logo\\\/image\\\/\"},\"sameAs\":[\"https:\\\/\\\/www.facebook.com\\\/SchweizerMusikzeitung\\\/\",\"https:\\\/\\\/x.com\\\/smusikzeitung\",\"https:\\\/\\\/www.instagram.com\\\/musikzeitung.ch\\\/\"]},{\"@type\":\"Person\",\"@id\":\"https:\\\/\\\/www.musikzeitung.ch\\\/#\\\/schema\\\/person\\\/0da4fb82d243f1252850a35d0e87cf0c\",\"name\":\"Wolfgang B\u00f6hler\",\"image\":{\"@type\":\"ImageObject\",\"inLanguage\":\"it-IT\",\"@id\":\"https:\\\/\\\/www.musikzeitung.ch\\\/wp-content\\\/uploads\\\/2023\\\/01\\\/boehler_portraet_web-e1674139782246-96x96.jpg\",\"url\":\"https:\\\/\\\/www.musikzeitung.ch\\\/wp-content\\\/uploads\\\/2023\\\/01\\\/boehler_portraet_web-e1674139782246-96x96.jpg\",\"contentUrl\":\"https:\\\/\\\/www.musikzeitung.ch\\\/wp-content\\\/uploads\\\/2023\\\/01\\\/boehler_portraet_web-e1674139782246-96x96.jpg\",\"caption\":\"Wolfgang B\u00f6hler\"},\"sameAs\":[\"http:\\\/\\\/www.manacanto.ch\",\"https:\\\/\\\/www.facebook.com\\\/wolfgang.bohler.75\"],\"url\":\"https:\\\/\\\/www.musikzeitung.ch\\\/it\\\/author\\\/wolfgang-boehler\"}]}<\/script>\n<!-- \/ Yoast SEO plugin. -->","yoast_head_json":{"title":"Alessandra M\u00fcnger vince il concorso per arpa Reinl - Schweizer Musikzeitung","description":"Alessandra M\u00fcnger, allieva di Sarah O'Brien all'Universit\u00e0 delle Arti di Zurigo, vince il primo premio al Concorso internazionale di arpa Reinl.","robots":{"index":"index","follow":"follow","max-snippet":"max-snippet:-1","max-image-preview":"max-image-preview:large","max-video-preview":"max-video-preview:-1"},"canonical":"https:\/\/www.musikzeitung.ch\/it\/news\/2025\/10\/alessandra-muenger-gewinnt-reinl-harfenwettbewerb\/","og_locale":"it_IT","og_type":"article","og_title":"Alessandra M\u00fcnger gewinnt Reinl-Harfenwettbewerb - Schweizer Musikzeitung","og_description":"Alessandra M\u00fcnger, Studentin von Sarah O'Brien an der Z\u00fcrcher Hochschule der K\u00fcnste, gewinnt am internationalen Reinl-Harfenwettbewerb den ersten Preis.","og_url":"https:\/\/www.musikzeitung.ch\/it\/news\/2025\/10\/alessandra-muenger-gewinnt-reinl-harfenwettbewerb\/","og_site_name":"Schweizer Musikzeitung","article_publisher":"https:\/\/www.facebook.com\/SchweizerMusikzeitung\/","article_author":"https:\/\/www.facebook.com\/wolfgang.bohler.75","article_published_time":"2025-10-01T04:08:05+00:00","article_modified_time":"2025-10-01T06:24:08+00:00","og_image":[{"width":1060,"height":708,"url":"https:\/\/www.musikzeitung.ch\/wp-content\/uploads\/2025\/10\/251010harfe.jpg","type":"image\/jpeg"}],"author":"Wolfgang B\u00f6hler","twitter_card":"summary_large_image","twitter_creator":"@smusikzeitung","twitter_site":"@smusikzeitung","twitter_misc":{"Scritto da":"Wolfgang B\u00f6hler","Tempo di lettura stimato":"2 minuti"},"schema":{"@context":"https:\/\/schema.org","@graph":[{"@type":"Article","@id":"https:\/\/www.musikzeitung.ch\/news\/2025\/10\/alessandra-muenger-gewinnt-reinl-harfenwettbewerb#article","isPartOf":{"@id":"https:\/\/www.musikzeitung.ch\/news\/2025\/10\/alessandra-muenger-gewinnt-reinl-harfenwettbewerb"},"author":{"name":"Wolfgang B\u00f6hler","@id":"https:\/\/www.musikzeitung.ch\/#\/schema\/person\/0da4fb82d243f1252850a35d0e87cf0c"},"headline":"Alessandra M\u00fcnger gewinnt Reinl-Harfenwettbewerb","datePublished":"2025-10-01T04:08:05+00:00","dateModified":"2025-10-01T06:24:08+00:00","mainEntityOfPage":{"@id":"https:\/\/www.musikzeitung.ch\/news\/2025\/10\/alessandra-muenger-gewinnt-reinl-harfenwettbewerb"},"wordCount":150,"publisher":{"@id":"https:\/\/www.musikzeitung.ch\/#organization"},"image":{"@id":"https:\/\/www.musikzeitung.ch\/news\/2025\/10\/alessandra-muenger-gewinnt-reinl-harfenwettbewerb#primaryimage"},"thumbnailUrl":"https:\/\/www.musikzeitung.ch\/wp-content\/uploads\/2025\/10\/251010harfe.jpg","keywords":["Alexandra M\u00fcnger","Reinl-Wettbewerb"],"articleSection":["News"],"inLanguage":"it-IT"},{"@type":"WebPage","@id":"https:\/\/www.musikzeitung.ch\/news\/2025\/10\/alessandra-muenger-gewinnt-reinl-harfenwettbewerb","url":"https:\/\/www.musikzeitung.ch\/news\/2025\/10\/alessandra-muenger-gewinnt-reinl-harfenwettbewerb","name":"Alessandra M\u00fcnger vince il concorso per arpa Reinl - Schweizer Musikzeitung","isPartOf":{"@id":"https:\/\/www.musikzeitung.ch\/#website"},"primaryImageOfPage":{"@id":"https:\/\/www.musikzeitung.ch\/news\/2025\/10\/alessandra-muenger-gewinnt-reinl-harfenwettbewerb#primaryimage"},"image":{"@id":"https:\/\/www.musikzeitung.ch\/news\/2025\/10\/alessandra-muenger-gewinnt-reinl-harfenwettbewerb#primaryimage"},"thumbnailUrl":"https:\/\/www.musikzeitung.ch\/wp-content\/uploads\/2025\/10\/251010harfe.jpg","datePublished":"2025-10-01T04:08:05+00:00","dateModified":"2025-10-01T06:24:08+00:00","description":"Alessandra M\u00fcnger, allieva di Sarah O'Brien all'Universit\u00e0 delle Arti di Zurigo, vince il primo premio al Concorso internazionale di arpa Reinl.","breadcrumb":{"@id":"https:\/\/www.musikzeitung.ch\/news\/2025\/10\/alessandra-muenger-gewinnt-reinl-harfenwettbewerb#breadcrumb"},"inLanguage":"it-IT","potentialAction":[{"@type":"ReadAction","target":["https:\/\/www.musikzeitung.ch\/news\/2025\/10\/alessandra-muenger-gewinnt-reinl-harfenwettbewerb"]}]},{"@type":"ImageObject","inLanguage":"it-IT","@id":"https:\/\/www.musikzeitung.ch\/news\/2025\/10\/alessandra-muenger-gewinnt-reinl-harfenwettbewerb#primaryimage","url":"https:\/\/www.musikzeitung.ch\/wp-content\/uploads\/2025\/10\/251010harfe.jpg","contentUrl":"https:\/\/www.musikzeitung.ch\/wp-content\/uploads\/2025\/10\/251010harfe.jpg","width":1060,"height":708,"caption":"Alessandra M\u00fcnger (Bild: Nils Mehr)"},{"@type":"BreadcrumbList","@id":"https:\/\/www.musikzeitung.ch\/news\/2025\/10\/alessandra-muenger-gewinnt-reinl-harfenwettbewerb#breadcrumb","itemListElement":[{"@type":"ListItem","position":1,"name":"Home","item":"https:\/\/www.musikzeitung.ch\/"},{"@type":"ListItem","position":2,"name":"Alessandra M\u00fcnger gewinnt Reinl-Harfenwettbewerb"}]},{"@type":"WebSite","@id":"https:\/\/www.musikzeitung.ch\/#website","url":"https:\/\/www.musikzeitung.ch\/","name":"Giornale musicale svizzero","description":"Il principale mensile interdisciplinare della Svizzera per le questioni musicali.","publisher":{"@id":"https:\/\/www.musikzeitung.ch\/#organization"},"potentialAction":[{"@type":"SearchAction","target":{"@type":"EntryPoint","urlTemplate":"https:\/\/www.musikzeitung.ch\/?s={search_term_string}"},"query-input":{"@type":"PropertyValueSpecification","valueRequired":true,"valueName":"search_term_string"}}],"inLanguage":"it-IT"},{"@type":"Organization","@id":"https:\/\/www.musikzeitung.ch\/#organization","name":"Giornale musicale svizzero","url":"https:\/\/www.musikzeitung.ch\/","logo":{"@type":"ImageObject","inLanguage":"it-IT","@id":"https:\/\/www.musikzeitung.ch\/#\/schema\/logo\/image\/","url":"https:\/\/www.musikzeitung.ch\/wp-content\/uploads\/2023\/01\/SMZ_Schriftzug_Sprache.png","contentUrl":"https:\/\/www.musikzeitung.ch\/wp-content\/uploads\/2023\/01\/SMZ_Schriftzug_Sprache.png","width":1400,"height":279,"caption":"Schweizer Musikzeitung"},"image":{"@id":"https:\/\/www.musikzeitung.ch\/#\/schema\/logo\/image\/"},"sameAs":["https:\/\/www.facebook.com\/SchweizerMusikzeitung\/","https:\/\/x.com\/smusikzeitung","https:\/\/www.instagram.com\/musikzeitung.ch\/"]},{"@type":"Person","@id":"https:\/\/www.musikzeitung.ch\/#\/schema\/person\/0da4fb82d243f1252850a35d0e87cf0c","name":"Wolfgang B\u00f6hler","image":{"@type":"ImageObject","inLanguage":"it-IT","@id":"https:\/\/www.musikzeitung.ch\/wp-content\/uploads\/2023\/01\/boehler_portraet_web-e1674139782246-96x96.jpg","url":"https:\/\/www.musikzeitung.ch\/wp-content\/uploads\/2023\/01\/boehler_portraet_web-e1674139782246-96x96.jpg","contentUrl":"https:\/\/www.musikzeitung.ch\/wp-content\/uploads\/2023\/01\/boehler_portraet_web-e1674139782246-96x96.jpg","caption":"Wolfgang B\u00f6hler"},"sameAs":["http:\/\/www.manacanto.ch","https:\/\/www.facebook.com\/wolfgang.bohler.75"],"url":"https:\/\/www.musikzeitung.ch\/it\/author\/wolfgang-boehler"}]}},"publishpress_future_workflow_manual_trigger":{"enabledWorkflows":[]},"_links":{"self":[{"href":"https:\/\/www.musikzeitung.ch\/it\/wp-json\/wp\/v2\/posts\/67979","targetHints":{"allow":["GET"]}}],"collection":[{"href":"https:\/\/www.musikzeitung.ch\/it\/wp-json\/wp\/v2\/posts"}],"about":[{"href":"https:\/\/www.musikzeitung.ch\/it\/wp-json\/wp\/v2\/types\/post"}],"author":[{"embeddable":true,"href":"https:\/\/www.musikzeitung.ch\/it\/wp-json\/wp\/v2\/users\/30"}],"replies":[{"embeddable":true,"href":"https:\/\/www.musikzeitung.ch\/it\/wp-json\/wp\/v2\/comments?post=67979"}],"version-history":[{"count":2,"href":"https:\/\/www.musikzeitung.ch\/it\/wp-json\/wp\/v2\/posts\/67979\/revisions"}],"predecessor-version":[{"id":67982,"href":"https:\/\/www.musikzeitung.ch\/it\/wp-json\/wp\/v2\/posts\/67979\/revisions\/67982"}],"wp:featuredmedia":[{"embeddable":true,"href":"https:\/\/www.musikzeitung.ch\/it\/wp-json\/wp\/v2\/media\/67980"}],"wp:attachment":[{"href":"https:\/\/www.musikzeitung.ch\/it\/wp-json\/wp\/v2\/media?parent=67979"}],"wp:term":[{"taxonomy":"category","embeddable":true,"href":"https:\/\/www.musikzeitung.ch\/it\/wp-json\/wp\/v2\/categories?post=67979"},{"taxonomy":"post_tag","embeddable":true,"href":"https:\/\/www.musikzeitung.ch\/it\/wp-json\/wp\/v2\/tags?post=67979"}],"curies":[{"name":"wp","href":"https:\/\/api.w.org\/{rel}","templated":true}]}}