{"id":68250,"date":"2025-10-19T11:27:51","date_gmt":"2025-10-19T09:27:51","guid":{"rendered":"https:\/\/www.musikzeitung.ch\/?p=68250"},"modified":"2025-10-15T11:36:10","modified_gmt":"2025-10-15T09:36:10","slug":"verdichteter-wohlfuehlfaktor","status":"publish","type":"post","link":"https:\/\/www.musikzeitung.ch\/it\/rezensionen\/tontraeger-rezensionen\/2025\/10\/verdichteter-wohlfuehlfaktor","title":{"rendered":"Fattore di benessere condensato"},"content":{"rendered":"<figure id=\"attachment_68251\" aria-describedby=\"caption-attachment-68251\" style=\"width: 1353px\" class=\"wp-caption alignnone\"><img loading=\"lazy\" decoding=\"async\" class=\"wp-image-68251 size-full\" src=\"https:\/\/www.musikzeitung.ch\/wp-content\/uploads\/2025\/10\/DEEPSUN_BAND_1-HP-1.jpg\" alt=\"\" width=\"1353\" height=\"761\" srcset=\"https:\/\/www.musikzeitung.ch\/wp-content\/uploads\/2025\/10\/DEEPSUN_BAND_1-HP-1.jpg 1353w, https:\/\/www.musikzeitung.ch\/wp-content\/uploads\/2025\/10\/DEEPSUN_BAND_1-HP-1-300x169.jpg 300w, https:\/\/www.musikzeitung.ch\/wp-content\/uploads\/2025\/10\/DEEPSUN_BAND_1-HP-1-1024x576.jpg 1024w, https:\/\/www.musikzeitung.ch\/wp-content\/uploads\/2025\/10\/DEEPSUN_BAND_1-HP-1-768x432.jpg 768w, https:\/\/www.musikzeitung.ch\/wp-content\/uploads\/2025\/10\/DEEPSUN_BAND_1-HP-1-18x10.jpg 18w, https:\/\/www.musikzeitung.ch\/wp-content\/uploads\/2025\/10\/DEEPSUN_BAND_1-HP-1-311x175.jpg 311w, https:\/\/www.musikzeitung.ch\/wp-content\/uploads\/2025\/10\/DEEPSUN_BAND_1-HP-1-622x350.jpg 622w, https:\/\/www.musikzeitung.ch\/wp-content\/uploads\/2025\/10\/DEEPSUN_BAND_1-HP-1-920x517.jpg 920w\" sizes=\"auto, (max-width: 1353px) 100vw, 1353px\" \/><figcaption id=\"caption-attachment-68251\" class=\"wp-caption-text\">Sole profondo. Foto: zVg<\/figcaption><\/figure>\n<p>Alcuni sostengono che l'heavy metal sia vicino alla musica classica. Probabilmente questo varia da caso a caso. In ogni caso, il virtuosismo sullo strumento o nella voce si ritrova in molti gruppi metal. Inoltre, molti dei musicisti di questa scena a volte divertente hanno seguito una formazione professionale.<\/p>\n<p>Il tastierista Thomas Hiebaum si considera il compositore della band symphonic metal argoviese Deep Sun, che esiste ormai da quasi 20 anni. Nel loro nuovo album, il quintetto mescola <em>Cantastorie<\/em> tutti i tipi di cose insieme. Qui la chitarra tipicamente metal distorta con i suoi riff ritmici duri e la batteria con i suoi veloci attacchi di basso. Poi ci sono i suoni densi delle tastiere, che spesso ricordano un'orchestra d'archi, e la voce alta da soprano di Debora Lavagnolo, che si muove sempre in melodie sostenute.<\/p>\n<p>Lavagnolo scrive i testi da solo. Si tratta di misticismo, del \"trionfo della rinascita\", di \"storie di foreste o di laghi\" o della \"forza inconfutabile delle donne\". Si sospetta che un certo pathos, che probabilmente \u00e8 inscritto nel metal sinfonico, non sia lontano e si realizza anche sotto forma di densi ammassi sonori, che sono anche pesantemente costruiti con molto riverbero e compressione. Quindi: ci sono molti intermezzi virtuosi da parte del chitarrista e del batterista; anche molti episodi per cantare insieme e inviti a ondeggiare con un \"fattore di benessere\". Ma a un certo punto si pensa: un po' meno di tutto avrebbe probabilmente fatto bene alla fine.<img loading=\"lazy\" decoding=\"async\" class=\"aligncenter wp-image-68252 size-medium\" src=\"https:\/\/www.musikzeitung.ch\/wp-content\/uploads\/2025\/10\/10_crit_cd_Moeller_Deepsun-300x300.jpg\" alt=\"\" width=\"300\" height=\"300\" srcset=\"https:\/\/www.musikzeitung.ch\/wp-content\/uploads\/2025\/10\/10_crit_cd_Moeller_Deepsun-300x300.jpg 300w, https:\/\/www.musikzeitung.ch\/wp-content\/uploads\/2025\/10\/10_crit_cd_Moeller_Deepsun-1024x1024.jpg 1024w, https:\/\/www.musikzeitung.ch\/wp-content\/uploads\/2025\/10\/10_crit_cd_Moeller_Deepsun-768x768.jpg 768w, https:\/\/www.musikzeitung.ch\/wp-content\/uploads\/2025\/10\/10_crit_cd_Moeller_Deepsun-12x12.jpg 12w, https:\/\/www.musikzeitung.ch\/wp-content\/uploads\/2025\/10\/10_crit_cd_Moeller_Deepsun-175x175.jpg 175w, https:\/\/www.musikzeitung.ch\/wp-content\/uploads\/2025\/10\/10_crit_cd_Moeller_Deepsun-350x350.jpg 350w, https:\/\/www.musikzeitung.ch\/wp-content\/uploads\/2025\/10\/10_crit_cd_Moeller_Deepsun-800x800.jpg 800w, https:\/\/www.musikzeitung.ch\/wp-content\/uploads\/2025\/10\/10_crit_cd_Moeller_Deepsun-920x920.jpg 920w, https:\/\/www.musikzeitung.ch\/wp-content\/uploads\/2025\/10\/10_crit_cd_Moeller_Deepsun-150x150.jpg 150w, https:\/\/www.musikzeitung.ch\/wp-content\/uploads\/2025\/10\/10_crit_cd_Moeller_Deepsun-100x100.jpg 100w, https:\/\/www.musikzeitung.ch\/wp-content\/uploads\/2025\/10\/10_crit_cd_Moeller_Deepsun-24x24.jpg 24w, https:\/\/www.musikzeitung.ch\/wp-content\/uploads\/2025\/10\/10_crit_cd_Moeller_Deepsun-48x48.jpg 48w, https:\/\/www.musikzeitung.ch\/wp-content\/uploads\/2025\/10\/10_crit_cd_Moeller_Deepsun-96x96.jpg 96w, https:\/\/www.musikzeitung.ch\/wp-content\/uploads\/2025\/10\/10_crit_cd_Moeller_Deepsun-250x250.jpg 250w, https:\/\/www.musikzeitung.ch\/wp-content\/uploads\/2025\/10\/10_crit_cd_Moeller_Deepsun.jpg 1000w\" sizes=\"auto, (max-width: 300px) 100vw, 300px\" \/><\/p>\n<p><em>Deep Sun: Storyteller. Disco Power Blast<\/em>s<\/p>","protected":false},"excerpt":{"rendered":"<p>La band metal argoviese Deep Sun ha pubblicato il suo quinto album \"Storyteller\". <\/p>","protected":false},"author":29,"featured_media":0,"comment_status":"closed","ping_status":"closed","sticky":false,"template":"","format":"standard","meta":{"_acf_changed":false,"_relevanssi_hide_post":"","_relevanssi_hide_content":"","_relevanssi_pin_for_all":"","_relevanssi_pin_keywords":"","_relevanssi_unpin_keywords":"","_relevanssi_related_keywords":"","_relevanssi_related_include_ids":"","_relevanssi_related_exclude_ids":"","_relevanssi_related_no_append":"","_relevanssi_related_not_related":"","_relevanssi_related_posts":"","_relevanssi_noindex_reason":"","pgc_sgb_lightbox_settings":"","footnotes":""},"categories":[29,1420],"tags":[5368,4074],"class_list":["post-68250","post","type-post","status-publish","format-standard","hentry","category-rezensionen","category-tontraeger-rezensionen","tag-deep-sun","tag-metal"],"acf":[],"yoast_head":"<!-- This site is optimized with the Yoast SEO plugin v27.4 - https:\/\/yoast.com\/product\/yoast-seo-wordpress\/ -->\n<title>Verdichteter Wohlf\u00fchlfaktor - Schweizer Musikzeitung<\/title>\n<meta name=\"description\" content=\"Die Aargauer Metal-Band Deep Sun hat ihr f\u00fcnftes Album \u00abStoryteller\u00bb herausgebracht.\" \/>\n<meta name=\"robots\" content=\"index, follow, max-snippet:-1, max-image-preview:large, max-video-preview:-1\" \/>\n<link rel=\"canonical\" href=\"https:\/\/www.musikzeitung.ch\/it\/rezensionen\/tontraeger-rezensionen\/2025\/10\/verdichteter-wohlfuehlfaktor\/\" \/>\n<meta property=\"og:locale\" content=\"it_IT\" \/>\n<meta property=\"og:type\" content=\"article\" \/>\n<meta property=\"og:title\" content=\"Verdichteter Wohlf\u00fchlfaktor - Schweizer Musikzeitung\" \/>\n<meta property=\"og:description\" content=\"Die Aargauer Metal-Band Deep Sun hat ihr f\u00fcnftes Album \u00abStoryteller\u00bb herausgebracht.\" \/>\n<meta property=\"og:url\" content=\"https:\/\/www.musikzeitung.ch\/it\/rezensionen\/tontraeger-rezensionen\/2025\/10\/verdichteter-wohlfuehlfaktor\/\" \/>\n<meta property=\"og:site_name\" content=\"Schweizer Musikzeitung\" \/>\n<meta property=\"article:publisher\" content=\"https:\/\/www.facebook.com\/SchweizerMusikzeitung\/\" \/>\n<meta property=\"article:published_time\" content=\"2025-10-19T09:27:51+00:00\" \/>\n<meta property=\"og:image\" content=\"https:\/\/www.musikzeitung.ch\/wp-content\/uploads\/2025\/10\/DEEPSUN_BAND_1-HP-1.jpg\" \/>\n\t<meta property=\"og:image:width\" content=\"1353\" \/>\n\t<meta property=\"og:image:height\" content=\"761\" \/>\n\t<meta property=\"og:image:type\" content=\"image\/jpeg\" \/>\n<meta name=\"author\" content=\"pia.schwab\" \/>\n<meta name=\"twitter:card\" content=\"summary_large_image\" \/>\n<meta name=\"twitter:creator\" content=\"@smusikzeitung\" \/>\n<meta name=\"twitter:site\" content=\"@smusikzeitung\" \/>\n<meta name=\"twitter:label1\" content=\"Scritto da\" \/>\n\t<meta name=\"twitter:data1\" content=\"pia.schwab\" \/>\n\t<meta name=\"twitter:label2\" content=\"Tempo di lettura stimato\" \/>\n\t<meta name=\"twitter:data2\" content=\"2 minuti\" \/>\n<script type=\"application\/ld+json\" class=\"yoast-schema-graph\">{\"@context\":\"https:\\\/\\\/schema.org\",\"@graph\":[{\"@type\":\"Article\",\"@id\":\"https:\\\/\\\/www.musikzeitung.ch\\\/rezensionen\\\/tontraeger-rezensionen\\\/2025\\\/10\\\/verdichteter-wohlfuehlfaktor#article\",\"isPartOf\":{\"@id\":\"https:\\\/\\\/www.musikzeitung.ch\\\/rezensionen\\\/tontraeger-rezensionen\\\/2025\\\/10\\\/verdichteter-wohlfuehlfaktor\"},\"author\":{\"name\":\"pia.schwab\",\"@id\":\"https:\\\/\\\/www.musikzeitung.ch\\\/#\\\/schema\\\/person\\\/ea3d7b86bd7157c78c7ddd37f2f82b5b\"},\"headline\":\"Verdichteter Wohlf\u00fchlfaktor\",\"datePublished\":\"2025-10-19T09:27:51+00:00\",\"mainEntityOfPage\":{\"@id\":\"https:\\\/\\\/www.musikzeitung.ch\\\/rezensionen\\\/tontraeger-rezensionen\\\/2025\\\/10\\\/verdichteter-wohlfuehlfaktor\"},\"wordCount\":259,\"publisher\":{\"@id\":\"https:\\\/\\\/www.musikzeitung.ch\\\/#organization\"},\"image\":{\"@id\":\"https:\\\/\\\/www.musikzeitung.ch\\\/rezensionen\\\/tontraeger-rezensionen\\\/2025\\\/10\\\/verdichteter-wohlfuehlfaktor#primaryimage\"},\"thumbnailUrl\":\"https:\\\/\\\/www.musikzeitung.ch\\\/wp-content\\\/uploads\\\/2025\\\/10\\\/DEEPSUN_BAND_1-HP-1.jpg\",\"keywords\":[\"Deep Sun\",\"Metal\"],\"articleSection\":[\"Rezensionen\",\"Tontr\u00e4ger\"],\"inLanguage\":\"it-IT\"},{\"@type\":\"WebPage\",\"@id\":\"https:\\\/\\\/www.musikzeitung.ch\\\/rezensionen\\\/tontraeger-rezensionen\\\/2025\\\/10\\\/verdichteter-wohlfuehlfaktor\",\"url\":\"https:\\\/\\\/www.musikzeitung.ch\\\/rezensionen\\\/tontraeger-rezensionen\\\/2025\\\/10\\\/verdichteter-wohlfuehlfaktor\",\"name\":\"Verdichteter Wohlf\u00fchlfaktor - Schweizer Musikzeitung\",\"isPartOf\":{\"@id\":\"https:\\\/\\\/www.musikzeitung.ch\\\/#website\"},\"primaryImageOfPage\":{\"@id\":\"https:\\\/\\\/www.musikzeitung.ch\\\/rezensionen\\\/tontraeger-rezensionen\\\/2025\\\/10\\\/verdichteter-wohlfuehlfaktor#primaryimage\"},\"image\":{\"@id\":\"https:\\\/\\\/www.musikzeitung.ch\\\/rezensionen\\\/tontraeger-rezensionen\\\/2025\\\/10\\\/verdichteter-wohlfuehlfaktor#primaryimage\"},\"thumbnailUrl\":\"https:\\\/\\\/www.musikzeitung.ch\\\/wp-content\\\/uploads\\\/2025\\\/10\\\/DEEPSUN_BAND_1-HP-1.jpg\",\"datePublished\":\"2025-10-19T09:27:51+00:00\",\"description\":\"Die Aargauer Metal-Band Deep Sun hat ihr f\u00fcnftes Album \u00abStoryteller\u00bb herausgebracht.\",\"breadcrumb\":{\"@id\":\"https:\\\/\\\/www.musikzeitung.ch\\\/rezensionen\\\/tontraeger-rezensionen\\\/2025\\\/10\\\/verdichteter-wohlfuehlfaktor#breadcrumb\"},\"inLanguage\":\"it-IT\",\"potentialAction\":[{\"@type\":\"ReadAction\",\"target\":[\"https:\\\/\\\/www.musikzeitung.ch\\\/rezensionen\\\/tontraeger-rezensionen\\\/2025\\\/10\\\/verdichteter-wohlfuehlfaktor\"]}]},{\"@type\":\"ImageObject\",\"inLanguage\":\"it-IT\",\"@id\":\"https:\\\/\\\/www.musikzeitung.ch\\\/rezensionen\\\/tontraeger-rezensionen\\\/2025\\\/10\\\/verdichteter-wohlfuehlfaktor#primaryimage\",\"url\":\"https:\\\/\\\/www.musikzeitung.ch\\\/wp-content\\\/uploads\\\/2025\\\/10\\\/DEEPSUN_BAND_1-HP-1.jpg\",\"contentUrl\":\"https:\\\/\\\/www.musikzeitung.ch\\\/wp-content\\\/uploads\\\/2025\\\/10\\\/DEEPSUN_BAND_1-HP-1.jpg\"},{\"@type\":\"BreadcrumbList\",\"@id\":\"https:\\\/\\\/www.musikzeitung.ch\\\/rezensionen\\\/tontraeger-rezensionen\\\/2025\\\/10\\\/verdichteter-wohlfuehlfaktor#breadcrumb\",\"itemListElement\":[{\"@type\":\"ListItem\",\"position\":1,\"name\":\"Home\",\"item\":\"https:\\\/\\\/www.musikzeitung.ch\\\/\"},{\"@type\":\"ListItem\",\"position\":2,\"name\":\"Verdichteter Wohlf\u00fchlfaktor\"}]},{\"@type\":\"WebSite\",\"@id\":\"https:\\\/\\\/www.musikzeitung.ch\\\/#website\",\"url\":\"https:\\\/\\\/www.musikzeitung.ch\\\/\",\"name\":\"Schweizer Musikzeitung\",\"description\":\"Die f\u00fchrende sparten\u00fcbergreifende Monatszeitung in der Schweiz f\u00fcr musikalische Fragen.\",\"publisher\":{\"@id\":\"https:\\\/\\\/www.musikzeitung.ch\\\/#organization\"},\"potentialAction\":[{\"@type\":\"SearchAction\",\"target\":{\"@type\":\"EntryPoint\",\"urlTemplate\":\"https:\\\/\\\/www.musikzeitung.ch\\\/?s={search_term_string}\"},\"query-input\":{\"@type\":\"PropertyValueSpecification\",\"valueRequired\":true,\"valueName\":\"search_term_string\"}}],\"inLanguage\":\"it-IT\"},{\"@type\":\"Organization\",\"@id\":\"https:\\\/\\\/www.musikzeitung.ch\\\/#organization\",\"name\":\"Schweizer Musikzeitung\",\"url\":\"https:\\\/\\\/www.musikzeitung.ch\\\/\",\"logo\":{\"@type\":\"ImageObject\",\"inLanguage\":\"it-IT\",\"@id\":\"https:\\\/\\\/www.musikzeitung.ch\\\/#\\\/schema\\\/logo\\\/image\\\/\",\"url\":\"https:\\\/\\\/www.musikzeitung.ch\\\/wp-content\\\/uploads\\\/2023\\\/01\\\/SMZ_Schriftzug_Sprache.png\",\"contentUrl\":\"https:\\\/\\\/www.musikzeitung.ch\\\/wp-content\\\/uploads\\\/2023\\\/01\\\/SMZ_Schriftzug_Sprache.png\",\"width\":1400,\"height\":279,\"caption\":\"Schweizer Musikzeitung\"},\"image\":{\"@id\":\"https:\\\/\\\/www.musikzeitung.ch\\\/#\\\/schema\\\/logo\\\/image\\\/\"},\"sameAs\":[\"https:\\\/\\\/www.facebook.com\\\/SchweizerMusikzeitung\\\/\",\"https:\\\/\\\/x.com\\\/smusikzeitung\",\"https:\\\/\\\/www.instagram.com\\\/musikzeitung.ch\\\/\"]},{\"@type\":\"Person\",\"@id\":\"https:\\\/\\\/www.musikzeitung.ch\\\/#\\\/schema\\\/person\\\/ea3d7b86bd7157c78c7ddd37f2f82b5b\",\"name\":\"pia.schwab\",\"image\":{\"@type\":\"ImageObject\",\"inLanguage\":\"it-IT\",\"@id\":\"https:\\\/\\\/secure.gravatar.com\\\/avatar\\\/d39d170de4c2d07e897fbc26cf9d890fc046285c742207b86d8ebabe5fcde2c4?s=96&d=mm&r=g\",\"url\":\"https:\\\/\\\/secure.gravatar.com\\\/avatar\\\/d39d170de4c2d07e897fbc26cf9d890fc046285c742207b86d8ebabe5fcde2c4?s=96&d=mm&r=g\",\"contentUrl\":\"https:\\\/\\\/secure.gravatar.com\\\/avatar\\\/d39d170de4c2d07e897fbc26cf9d890fc046285c742207b86d8ebabe5fcde2c4?s=96&d=mm&r=g\",\"caption\":\"pia.schwab\"},\"url\":\"https:\\\/\\\/www.musikzeitung.ch\\\/it\\\/author\\\/pia-schwab\"}]}<\/script>\n<!-- \/ Yoast SEO plugin. -->","yoast_head_json":{"title":"Fattore benessere condensato - Rivista musicale svizzera","description":"La band metal argoviese Deep Sun ha pubblicato il suo quinto album \"Storyteller\".","robots":{"index":"index","follow":"follow","max-snippet":"max-snippet:-1","max-image-preview":"max-image-preview:large","max-video-preview":"max-video-preview:-1"},"canonical":"https:\/\/www.musikzeitung.ch\/it\/rezensionen\/tontraeger-rezensionen\/2025\/10\/verdichteter-wohlfuehlfaktor\/","og_locale":"it_IT","og_type":"article","og_title":"Verdichteter Wohlf\u00fchlfaktor - Schweizer Musikzeitung","og_description":"Die Aargauer Metal-Band Deep Sun hat ihr f\u00fcnftes Album \u00abStoryteller\u00bb herausgebracht.","og_url":"https:\/\/www.musikzeitung.ch\/it\/rezensionen\/tontraeger-rezensionen\/2025\/10\/verdichteter-wohlfuehlfaktor\/","og_site_name":"Schweizer Musikzeitung","article_publisher":"https:\/\/www.facebook.com\/SchweizerMusikzeitung\/","article_published_time":"2025-10-19T09:27:51+00:00","og_image":[{"width":1353,"height":761,"url":"https:\/\/www.musikzeitung.ch\/wp-content\/uploads\/2025\/10\/DEEPSUN_BAND_1-HP-1.jpg","type":"image\/jpeg"}],"author":"pia.schwab","twitter_card":"summary_large_image","twitter_creator":"@smusikzeitung","twitter_site":"@smusikzeitung","twitter_misc":{"Scritto da":"pia.schwab","Tempo di lettura stimato":"2 minuti"},"schema":{"@context":"https:\/\/schema.org","@graph":[{"@type":"Article","@id":"https:\/\/www.musikzeitung.ch\/rezensionen\/tontraeger-rezensionen\/2025\/10\/verdichteter-wohlfuehlfaktor#article","isPartOf":{"@id":"https:\/\/www.musikzeitung.ch\/rezensionen\/tontraeger-rezensionen\/2025\/10\/verdichteter-wohlfuehlfaktor"},"author":{"name":"pia.schwab","@id":"https:\/\/www.musikzeitung.ch\/#\/schema\/person\/ea3d7b86bd7157c78c7ddd37f2f82b5b"},"headline":"Verdichteter Wohlf\u00fchlfaktor","datePublished":"2025-10-19T09:27:51+00:00","mainEntityOfPage":{"@id":"https:\/\/www.musikzeitung.ch\/rezensionen\/tontraeger-rezensionen\/2025\/10\/verdichteter-wohlfuehlfaktor"},"wordCount":259,"publisher":{"@id":"https:\/\/www.musikzeitung.ch\/#organization"},"image":{"@id":"https:\/\/www.musikzeitung.ch\/rezensionen\/tontraeger-rezensionen\/2025\/10\/verdichteter-wohlfuehlfaktor#primaryimage"},"thumbnailUrl":"https:\/\/www.musikzeitung.ch\/wp-content\/uploads\/2025\/10\/DEEPSUN_BAND_1-HP-1.jpg","keywords":["Deep Sun","Metal"],"articleSection":["Rezensionen","Tontr\u00e4ger"],"inLanguage":"it-IT"},{"@type":"WebPage","@id":"https:\/\/www.musikzeitung.ch\/rezensionen\/tontraeger-rezensionen\/2025\/10\/verdichteter-wohlfuehlfaktor","url":"https:\/\/www.musikzeitung.ch\/rezensionen\/tontraeger-rezensionen\/2025\/10\/verdichteter-wohlfuehlfaktor","name":"Fattore benessere condensato - Rivista musicale svizzera","isPartOf":{"@id":"https:\/\/www.musikzeitung.ch\/#website"},"primaryImageOfPage":{"@id":"https:\/\/www.musikzeitung.ch\/rezensionen\/tontraeger-rezensionen\/2025\/10\/verdichteter-wohlfuehlfaktor#primaryimage"},"image":{"@id":"https:\/\/www.musikzeitung.ch\/rezensionen\/tontraeger-rezensionen\/2025\/10\/verdichteter-wohlfuehlfaktor#primaryimage"},"thumbnailUrl":"https:\/\/www.musikzeitung.ch\/wp-content\/uploads\/2025\/10\/DEEPSUN_BAND_1-HP-1.jpg","datePublished":"2025-10-19T09:27:51+00:00","description":"La band metal argoviese Deep Sun ha pubblicato il suo quinto album \"Storyteller\".","breadcrumb":{"@id":"https:\/\/www.musikzeitung.ch\/rezensionen\/tontraeger-rezensionen\/2025\/10\/verdichteter-wohlfuehlfaktor#breadcrumb"},"inLanguage":"it-IT","potentialAction":[{"@type":"ReadAction","target":["https:\/\/www.musikzeitung.ch\/rezensionen\/tontraeger-rezensionen\/2025\/10\/verdichteter-wohlfuehlfaktor"]}]},{"@type":"ImageObject","inLanguage":"it-IT","@id":"https:\/\/www.musikzeitung.ch\/rezensionen\/tontraeger-rezensionen\/2025\/10\/verdichteter-wohlfuehlfaktor#primaryimage","url":"https:\/\/www.musikzeitung.ch\/wp-content\/uploads\/2025\/10\/DEEPSUN_BAND_1-HP-1.jpg","contentUrl":"https:\/\/www.musikzeitung.ch\/wp-content\/uploads\/2025\/10\/DEEPSUN_BAND_1-HP-1.jpg"},{"@type":"BreadcrumbList","@id":"https:\/\/www.musikzeitung.ch\/rezensionen\/tontraeger-rezensionen\/2025\/10\/verdichteter-wohlfuehlfaktor#breadcrumb","itemListElement":[{"@type":"ListItem","position":1,"name":"Home","item":"https:\/\/www.musikzeitung.ch\/"},{"@type":"ListItem","position":2,"name":"Verdichteter Wohlf\u00fchlfaktor"}]},{"@type":"WebSite","@id":"https:\/\/www.musikzeitung.ch\/#website","url":"https:\/\/www.musikzeitung.ch\/","name":"Giornale musicale svizzero","description":"Il principale mensile interdisciplinare della Svizzera per le questioni musicali.","publisher":{"@id":"https:\/\/www.musikzeitung.ch\/#organization"},"potentialAction":[{"@type":"SearchAction","target":{"@type":"EntryPoint","urlTemplate":"https:\/\/www.musikzeitung.ch\/?s={search_term_string}"},"query-input":{"@type":"PropertyValueSpecification","valueRequired":true,"valueName":"search_term_string"}}],"inLanguage":"it-IT"},{"@type":"Organization","@id":"https:\/\/www.musikzeitung.ch\/#organization","name":"Giornale musicale svizzero","url":"https:\/\/www.musikzeitung.ch\/","logo":{"@type":"ImageObject","inLanguage":"it-IT","@id":"https:\/\/www.musikzeitung.ch\/#\/schema\/logo\/image\/","url":"https:\/\/www.musikzeitung.ch\/wp-content\/uploads\/2023\/01\/SMZ_Schriftzug_Sprache.png","contentUrl":"https:\/\/www.musikzeitung.ch\/wp-content\/uploads\/2023\/01\/SMZ_Schriftzug_Sprache.png","width":1400,"height":279,"caption":"Schweizer Musikzeitung"},"image":{"@id":"https:\/\/www.musikzeitung.ch\/#\/schema\/logo\/image\/"},"sameAs":["https:\/\/www.facebook.com\/SchweizerMusikzeitung\/","https:\/\/x.com\/smusikzeitung","https:\/\/www.instagram.com\/musikzeitung.ch\/"]},{"@type":"Person","@id":"https:\/\/www.musikzeitung.ch\/#\/schema\/person\/ea3d7b86bd7157c78c7ddd37f2f82b5b","name":"pia.schwab","image":{"@type":"ImageObject","inLanguage":"it-IT","@id":"https:\/\/secure.gravatar.com\/avatar\/d39d170de4c2d07e897fbc26cf9d890fc046285c742207b86d8ebabe5fcde2c4?s=96&d=mm&r=g","url":"https:\/\/secure.gravatar.com\/avatar\/d39d170de4c2d07e897fbc26cf9d890fc046285c742207b86d8ebabe5fcde2c4?s=96&d=mm&r=g","contentUrl":"https:\/\/secure.gravatar.com\/avatar\/d39d170de4c2d07e897fbc26cf9d890fc046285c742207b86d8ebabe5fcde2c4?s=96&d=mm&r=g","caption":"pia.schwab"},"url":"https:\/\/www.musikzeitung.ch\/it\/author\/pia-schwab"}]}},"publishpress_future_workflow_manual_trigger":{"enabledWorkflows":[]},"_links":{"self":[{"href":"https:\/\/www.musikzeitung.ch\/it\/wp-json\/wp\/v2\/posts\/68250","targetHints":{"allow":["GET"]}}],"collection":[{"href":"https:\/\/www.musikzeitung.ch\/it\/wp-json\/wp\/v2\/posts"}],"about":[{"href":"https:\/\/www.musikzeitung.ch\/it\/wp-json\/wp\/v2\/types\/post"}],"author":[{"embeddable":true,"href":"https:\/\/www.musikzeitung.ch\/it\/wp-json\/wp\/v2\/users\/29"}],"replies":[{"embeddable":true,"href":"https:\/\/www.musikzeitung.ch\/it\/wp-json\/wp\/v2\/comments?post=68250"}],"version-history":[{"count":4,"href":"https:\/\/www.musikzeitung.ch\/it\/wp-json\/wp\/v2\/posts\/68250\/revisions"}],"predecessor-version":[{"id":68256,"href":"https:\/\/www.musikzeitung.ch\/it\/wp-json\/wp\/v2\/posts\/68250\/revisions\/68256"}],"wp:attachment":[{"href":"https:\/\/www.musikzeitung.ch\/it\/wp-json\/wp\/v2\/media?parent=68250"}],"wp:term":[{"taxonomy":"category","embeddable":true,"href":"https:\/\/www.musikzeitung.ch\/it\/wp-json\/wp\/v2\/categories?post=68250"},{"taxonomy":"post_tag","embeddable":true,"href":"https:\/\/www.musikzeitung.ch\/it\/wp-json\/wp\/v2\/tags?post=68250"}],"curies":[{"name":"wp","href":"https:\/\/api.w.org\/{rel}","templated":true}]}}